{"id":43552,"date":"2022-10-22T11:20:42","date_gmt":"2022-10-22T14:20:42","guid":{"rendered":"https:\/\/noticiasemdestaque.com\/cd\/?p=43552"},"modified":"2022-10-22T11:20:42","modified_gmt":"2022-10-22T14:20:42","slug":"dois-jovens-morrem-em-acidente-de-transito-na-avenida-ruy-carneiro","status":"publish","type":"post","link":"https:\/\/noticiasemdestaque.com\/cd\/?p=43552","title":{"rendered":"Dois jovens morrem em acidente de tr\u00e2nsito na avenida Ruy Carneiro"},"content":{"rendered":"<p><a href=\"https:\/\/noticiasemdestaque.com\/cd\/wp-content\/uploads\/2022\/10\/acidenteruycarneiro.jpeg\"><img fetchpriority=\"high\" decoding=\"async\" class=\"alignnone  wp-image-43553\" src=\"https:\/\/noticiasemdestaque.com\/cd\/wp-content\/uploads\/2022\/10\/acidenteruycarneiro-300x200.jpeg\" alt=\"\" width=\"876\" height=\"584\" srcset=\"https:\/\/noticiasemdestaque.com\/cd\/wp-content\/uploads\/2022\/10\/acidenteruycarneiro-300x200.jpeg 300w, https:\/\/noticiasemdestaque.com\/cd\/wp-content\/uploads\/2022\/10\/acidenteruycarneiro-768x513.jpeg 768w, https:\/\/noticiasemdestaque.com\/cd\/wp-content\/uploads\/2022\/10\/acidenteruycarneiro-18x12.jpeg 18w, https:\/\/noticiasemdestaque.com\/cd\/wp-content\/uploads\/2022\/10\/acidenteruycarneiro.jpeg 876w\" sizes=\"(max-width: 876px) 100vw, 876px\" \/><\/a><\/p>\n<p>Um acidente de tr\u00e2nsito registrado na manh\u00e3 deste s\u00e1bado (22) ocasionou a morte de dois jovens na avenida Ruy Carneiro, uma das principais da cidade de Jo\u00e3o Pessoa. Conforme apurou o ClickPB, as v\u00edtimas estavam em um ve\u00edculo que capotou no trecho do cruzamento com a rua Paulino Pinto, ambas no bairro de Mana\u00edra.<\/p>\n<p>A trag\u00e9dia teria ocorrido por volta das 5h30. Moradores da regi\u00e3o acordaram assustados com o impacto e pedidos de ajuda. Segundo populares, al\u00e9m das duas v\u00edtimas outras tr\u00eas pessoas estariam no carro de passeio, por\u00e9m sofreram apenas ferimentos leves. Os jovens que vieram \u00e0 \u00f3bito seriam moradores do bairro S\u00e3o Jos\u00e9, pr\u00f3ximo do local do acidente.<\/p>\n<p>Equipes do Corpo de Bombeiros, BPTran e Semob estavam no local at\u00e9 as 8h.<\/p>\n<p><strong>Noticias em Destaque<\/strong><\/p>\n<p style=\"text-align: right;\"><em>Fonte: Click PB<\/em><\/p>\n","protected":false},"excerpt":{"rendered":"<p>Um acidente de tr\u00e2nsito registrado na manh\u00e3 deste s\u00e1bado (22) ocasionou a morte de dois jovens na avenida Ruy Carneiro, uma das principais da cidade de Jo\u00e3o Pessoa. Conforme apurou o ClickPB, as v\u00edtimas estavam em um ve\u00edculo que capotou no trecho do cruzamento com a rua Paulino Pinto, ambas no bairro de Mana\u00edra. A trag\u00e9dia teria ocorrido por volta das 5h30. Moradores da regi\u00e3o acordaram assustados com o impacto e pedidos de ajuda. Segundo populares, al\u00e9m das duas v\u00edtimas outras tr\u00eas pessoas estariam no carro de passeio, por\u00e9m sofreram apenas ferimentos leves. Os jovens que vieram \u00e0 \u00f3bito seriam moradores do bairro S\u00e3o Jos\u00e9, pr\u00f3ximo do local do acidente. Equipes do Corpo de Bombeiros, BPTran e Semob estavam no local at\u00e9 as 8h. Noticias em Destaque Fonte: Click PB<\/p>\n","protected":false},"author":2,"featured_media":43553,"comment_status":"closed","ping_status":"open","sticky":false,"template":"","format":"standard","meta":{"_eb_attr":"","_jetpack_memberships_contains_paid_content":false,"footnotes":""},"categories":[20],"tags":[],"class_list":["post-43552","post","type-post","status-publish","format-standard","has-post-thumbnail","hentry","category-policia"],"yoast_head":"<!-- This site is optimized with the Yoast SEO plugin v26.5 - https:\/\/yoast.com\/wordpress\/plugins\/seo\/ -->\n<title>Dois jovens morrem em acidente de tr\u00e2nsito na avenida Ruy Carneiro - Not&iacute;cias em Destaque<\/title>\n<meta name=\"robots\" content=\"index, follow, max-snippet:-1, max-image-preview:large, max-video-preview:-1\" \/>\n<link rel=\"canonical\" href=\"https:\/\/noticiasemdestaque.com\/cd\/?p=43552\" \/>\n<meta property=\"og:locale\" content=\"pt_BR\" \/>\n<meta property=\"og:type\" content=\"article\" \/>\n<meta property=\"og:title\" content=\"Dois jovens morrem em acidente de tr\u00e2nsito na avenida Ruy Carneiro - Not&iacute;cias em Destaque\" \/>\n<meta property=\"og:description\" content=\"Um acidente de tr\u00e2nsito registrado na manh\u00e3 deste s\u00e1bado (22) ocasionou a morte de dois jovens na avenida Ruy Carneiro, uma das principais da cidade de Jo\u00e3o Pessoa. Conforme apurou o ClickPB, as v\u00edtimas estavam em um ve\u00edculo que capotou no trecho do cruzamento com a rua Paulino Pinto, ambas no bairro de Mana\u00edra. A trag\u00e9dia teria ocorrido por volta das 5h30. Moradores da regi\u00e3o acordaram assustados com o impacto e pedidos de ajuda. Segundo populares, al\u00e9m das duas v\u00edtimas outras tr\u00eas pessoas estariam no carro de passeio, por\u00e9m sofreram apenas ferimentos leves. Os jovens que vieram \u00e0 \u00f3bito seriam moradores do bairro S\u00e3o Jos\u00e9, pr\u00f3ximo do local do acidente. Equipes do Corpo de Bombeiros, BPTran e Semob estavam no local at\u00e9 as 8h. Noticias em Destaque Fonte: Click PB\" \/>\n<meta property=\"og:url\" content=\"https:\/\/noticiasemdestaque.com\/cd\/?p=43552\" \/>\n<meta property=\"og:site_name\" content=\"Not&iacute;cias em Destaque\" \/>\n<meta property=\"article:published_time\" content=\"2022-10-22T14:20:42+00:00\" \/>\n<meta property=\"og:image\" content=\"https:\/\/noticiasemdestaque.com\/cd\/wp-content\/uploads\/2022\/10\/acidenteruycarneiro.jpeg\" \/>\n\t<meta property=\"og:image:width\" content=\"876\" \/>\n\t<meta property=\"og:image:height\" content=\"585\" \/>\n\t<meta property=\"og:image:type\" content=\"image\/jpeg\" \/>\n<meta name=\"author\" content=\"Not\u00edcias em Destaque\" \/>\n<meta name=\"twitter:card\" content=\"summary_large_image\" \/>\n<meta name=\"twitter:label1\" content=\"Escrito por\" \/>\n\t<meta name=\"twitter:data1\" content=\"Not\u00edcias em Destaque\" \/>\n\t<meta name=\"twitter:label2\" content=\"Est. tempo de leitura\" \/>\n\t<meta name=\"twitter:data2\" content=\"1 minuto\" \/>\n<script type=\"application\/ld+json\" class=\"yoast-schema-graph\">{\"@context\":\"https:\/\/schema.org\",\"@graph\":[{\"@type\":\"Article\",\"@id\":\"https:\/\/noticiasemdestaque.com\/cd\/?p=43552#article\",\"isPartOf\":{\"@id\":\"https:\/\/noticiasemdestaque.com\/cd\/?p=43552\"},\"author\":{\"name\":\"Not\u00edcias em Destaque\",\"@id\":\"https:\/\/noticiasemdestaque.com\/cd\/#\/schema\/person\/47f7d4f55eec17c6b2ca036c5500f6ce\"},\"headline\":\"Dois jovens morrem em acidente de tr\u00e2nsito na avenida Ruy Carneiro\",\"datePublished\":\"2022-10-22T14:20:42+00:00\",\"mainEntityOfPage\":{\"@id\":\"https:\/\/noticiasemdestaque.com\/cd\/?p=43552\"},\"wordCount\":154,\"publisher\":{\"@id\":\"https:\/\/noticiasemdestaque.com\/cd\/#organization\"},\"image\":{\"@id\":\"https:\/\/noticiasemdestaque.com\/cd\/?p=43552#primaryimage\"},\"thumbnailUrl\":\"https:\/\/noticiasemdestaque.com\/cd\/wp-content\/uploads\/2022\/10\/acidenteruycarneiro.jpeg\",\"articleSection\":[\"Pol\u00edcia\"],\"inLanguage\":\"pt-BR\"},{\"@type\":\"WebPage\",\"@id\":\"https:\/\/noticiasemdestaque.com\/cd\/?p=43552\",\"url\":\"https:\/\/noticiasemdestaque.com\/cd\/?p=43552\",\"name\":\"Dois jovens morrem em acidente de tr\u00e2nsito na avenida Ruy Carneiro - Not&iacute;cias em Destaque\",\"isPartOf\":{\"@id\":\"https:\/\/noticiasemdestaque.com\/cd\/#website\"},\"primaryImageOfPage\":{\"@id\":\"https:\/\/noticiasemdestaque.com\/cd\/?p=43552#primaryimage\"},\"image\":{\"@id\":\"https:\/\/noticiasemdestaque.com\/cd\/?p=43552#primaryimage\"},\"thumbnailUrl\":\"https:\/\/noticiasemdestaque.com\/cd\/wp-content\/uploads\/2022\/10\/acidenteruycarneiro.jpeg\",\"datePublished\":\"2022-10-22T14:20:42+00:00\",\"breadcrumb\":{\"@id\":\"https:\/\/noticiasemdestaque.com\/cd\/?p=43552#breadcrumb\"},\"inLanguage\":\"pt-BR\",\"potentialAction\":[{\"@type\":\"ReadAction\",\"target\":[\"https:\/\/noticiasemdestaque.com\/cd\/?p=43552\"]}]},{\"@type\":\"ImageObject\",\"inLanguage\":\"pt-BR\",\"@id\":\"https:\/\/noticiasemdestaque.com\/cd\/?p=43552#primaryimage\",\"url\":\"https:\/\/noticiasemdestaque.com\/cd\/wp-content\/uploads\/2022\/10\/acidenteruycarneiro.jpeg\",\"contentUrl\":\"https:\/\/noticiasemdestaque.com\/cd\/wp-content\/uploads\/2022\/10\/acidenteruycarneiro.jpeg\",\"width\":876,\"height\":585},{\"@type\":\"BreadcrumbList\",\"@id\":\"https:\/\/noticiasemdestaque.com\/cd\/?p=43552#breadcrumb\",\"itemListElement\":[{\"@type\":\"ListItem\",\"position\":1,\"name\":\"In\u00edcio\",\"item\":\"https:\/\/noticiasemdestaque.com\/cd\/\"},{\"@type\":\"ListItem\",\"position\":2,\"name\":\"Dois jovens morrem em acidente de tr\u00e2nsito na avenida Ruy Carneiro\"}]},{\"@type\":\"WebSite\",\"@id\":\"https:\/\/noticiasemdestaque.com\/cd\/#website\",\"url\":\"https:\/\/noticiasemdestaque.com\/cd\/\",\"name\":\"Not&iacute;cias em Destaque\",\"description\":\"\",\"publisher\":{\"@id\":\"https:\/\/noticiasemdestaque.com\/cd\/#organization\"},\"potentialAction\":[{\"@type\":\"SearchAction\",\"target\":{\"@type\":\"EntryPoint\",\"urlTemplate\":\"https:\/\/noticiasemdestaque.com\/cd\/?s={search_term_string}\"},\"query-input\":{\"@type\":\"PropertyValueSpecification\",\"valueRequired\":true,\"valueName\":\"search_term_string\"}}],\"inLanguage\":\"pt-BR\"},{\"@type\":\"Organization\",\"@id\":\"https:\/\/noticiasemdestaque.com\/cd\/#organization\",\"name\":\"Not\u00edcias em Destaque\",\"url\":\"https:\/\/noticiasemdestaque.com\/cd\/\",\"logo\":{\"@type\":\"ImageObject\",\"inLanguage\":\"pt-BR\",\"@id\":\"https:\/\/noticiasemdestaque.com\/cd\/#\/schema\/logo\/image\/\",\"url\":\"https:\/\/noticiasemdestaque.com\/cd\/wp-content\/uploads\/2022\/05\/imagem-base-noticiasemdestaque.png\",\"contentUrl\":\"https:\/\/noticiasemdestaque.com\/cd\/wp-content\/uploads\/2022\/05\/imagem-base-noticiasemdestaque.png\",\"width\":1200,\"height\":630,\"caption\":\"Not\u00edcias em Destaque\"},\"image\":{\"@id\":\"https:\/\/noticiasemdestaque.com\/cd\/#\/schema\/logo\/image\/\"}},{\"@type\":\"Person\",\"@id\":\"https:\/\/noticiasemdestaque.com\/cd\/#\/schema\/person\/47f7d4f55eec17c6b2ca036c5500f6ce\",\"name\":\"Not\u00edcias em Destaque\",\"url\":\"https:\/\/noticiasemdestaque.com\/cd\/?author=2\"}]}<\/script>\n<!-- \/ Yoast SEO plugin. -->","yoast_head_json":{"title":"Dois jovens morrem em acidente de tr\u00e2nsito na avenida Ruy Carneiro - Not&iacute;cias em Destaque","robots":{"index":"index","follow":"follow","max-snippet":"max-snippet:-1","max-image-preview":"max-image-preview:large","max-video-preview":"max-video-preview:-1"},"canonical":"https:\/\/noticiasemdestaque.com\/cd\/?p=43552","og_locale":"pt_BR","og_type":"article","og_title":"Dois jovens morrem em acidente de tr\u00e2nsito na avenida Ruy Carneiro - Not&iacute;cias em Destaque","og_description":"Um acidente de tr\u00e2nsito registrado na manh\u00e3 deste s\u00e1bado (22) ocasionou a morte de dois jovens na avenida Ruy Carneiro, uma das principais da cidade de Jo\u00e3o Pessoa. Conforme apurou o ClickPB, as v\u00edtimas estavam em um ve\u00edculo que capotou no trecho do cruzamento com a rua Paulino Pinto, ambas no bairro de Mana\u00edra. A trag\u00e9dia teria ocorrido por volta das 5h30. Moradores da regi\u00e3o acordaram assustados com o impacto e pedidos de ajuda. Segundo populares, al\u00e9m das duas v\u00edtimas outras tr\u00eas pessoas estariam no carro de passeio, por\u00e9m sofreram apenas ferimentos leves. Os jovens que vieram \u00e0 \u00f3bito seriam moradores do bairro S\u00e3o Jos\u00e9, pr\u00f3ximo do local do acidente. Equipes do Corpo de Bombeiros, BPTran e Semob estavam no local at\u00e9 as 8h. Noticias em Destaque Fonte: Click PB","og_url":"https:\/\/noticiasemdestaque.com\/cd\/?p=43552","og_site_name":"Not&iacute;cias em Destaque","article_published_time":"2022-10-22T14:20:42+00:00","og_image":[{"width":876,"height":585,"url":"https:\/\/noticiasemdestaque.com\/cd\/wp-content\/uploads\/2022\/10\/acidenteruycarneiro.jpeg","type":"image\/jpeg"}],"author":"Not\u00edcias em Destaque","twitter_card":"summary_large_image","twitter_misc":{"Escrito por":"Not\u00edcias em Destaque","Est. tempo de leitura":"1 minuto"},"schema":{"@context":"https:\/\/schema.org","@graph":[{"@type":"Article","@id":"https:\/\/noticiasemdestaque.com\/cd\/?p=43552#article","isPartOf":{"@id":"https:\/\/noticiasemdestaque.com\/cd\/?p=43552"},"author":{"name":"Not\u00edcias em Destaque","@id":"https:\/\/noticiasemdestaque.com\/cd\/#\/schema\/person\/47f7d4f55eec17c6b2ca036c5500f6ce"},"headline":"Dois jovens morrem em acidente de tr\u00e2nsito na avenida Ruy Carneiro","datePublished":"2022-10-22T14:20:42+00:00","mainEntityOfPage":{"@id":"https:\/\/noticiasemdestaque.com\/cd\/?p=43552"},"wordCount":154,"publisher":{"@id":"https:\/\/noticiasemdestaque.com\/cd\/#organization"},"image":{"@id":"https:\/\/noticiasemdestaque.com\/cd\/?p=43552#primaryimage"},"thumbnailUrl":"https:\/\/noticiasemdestaque.com\/cd\/wp-content\/uploads\/2022\/10\/acidenteruycarneiro.jpeg","articleSection":["Pol\u00edcia"],"inLanguage":"pt-BR"},{"@type":"WebPage","@id":"https:\/\/noticiasemdestaque.com\/cd\/?p=43552","url":"https:\/\/noticiasemdestaque.com\/cd\/?p=43552","name":"Dois jovens morrem em acidente de tr\u00e2nsito na avenida Ruy Carneiro - Not&iacute;cias em Destaque","isPartOf":{"@id":"https:\/\/noticiasemdestaque.com\/cd\/#website"},"primaryImageOfPage":{"@id":"https:\/\/noticiasemdestaque.com\/cd\/?p=43552#primaryimage"},"image":{"@id":"https:\/\/noticiasemdestaque.com\/cd\/?p=43552#primaryimage"},"thumbnailUrl":"https:\/\/noticiasemdestaque.com\/cd\/wp-content\/uploads\/2022\/10\/acidenteruycarneiro.jpeg","datePublished":"2022-10-22T14:20:42+00:00","breadcrumb":{"@id":"https:\/\/noticiasemdestaque.com\/cd\/?p=43552#breadcrumb"},"inLanguage":"pt-BR","potentialAction":[{"@type":"ReadAction","target":["https:\/\/noticiasemdestaque.com\/cd\/?p=43552"]}]},{"@type":"ImageObject","inLanguage":"pt-BR","@id":"https:\/\/noticiasemdestaque.com\/cd\/?p=43552#primaryimage","url":"https:\/\/noticiasemdestaque.com\/cd\/wp-content\/uploads\/2022\/10\/acidenteruycarneiro.jpeg","contentUrl":"https:\/\/noticiasemdestaque.com\/cd\/wp-content\/uploads\/2022\/10\/acidenteruycarneiro.jpeg","width":876,"height":585},{"@type":"BreadcrumbList","@id":"https:\/\/noticiasemdestaque.com\/cd\/?p=43552#breadcrumb","itemListElement":[{"@type":"ListItem","position":1,"name":"In\u00edcio","item":"https:\/\/noticiasemdestaque.com\/cd\/"},{"@type":"ListItem","position":2,"name":"Dois jovens morrem em acidente de tr\u00e2nsito na avenida Ruy Carneiro"}]},{"@type":"WebSite","@id":"https:\/\/noticiasemdestaque.com\/cd\/#website","url":"https:\/\/noticiasemdestaque.com\/cd\/","name":"Not&iacute;cias em Destaque","description":"","publisher":{"@id":"https:\/\/noticiasemdestaque.com\/cd\/#organization"},"potentialAction":[{"@type":"SearchAction","target":{"@type":"EntryPoint","urlTemplate":"https:\/\/noticiasemdestaque.com\/cd\/?s={search_term_string}"},"query-input":{"@type":"PropertyValueSpecification","valueRequired":true,"valueName":"search_term_string"}}],"inLanguage":"pt-BR"},{"@type":"Organization","@id":"https:\/\/noticiasemdestaque.com\/cd\/#organization","name":"Not\u00edcias em Destaque","url":"https:\/\/noticiasemdestaque.com\/cd\/","logo":{"@type":"ImageObject","inLanguage":"pt-BR","@id":"https:\/\/noticiasemdestaque.com\/cd\/#\/schema\/logo\/image\/","url":"https:\/\/noticiasemdestaque.com\/cd\/wp-content\/uploads\/2022\/05\/imagem-base-noticiasemdestaque.png","contentUrl":"https:\/\/noticiasemdestaque.com\/cd\/wp-content\/uploads\/2022\/05\/imagem-base-noticiasemdestaque.png","width":1200,"height":630,"caption":"Not\u00edcias em Destaque"},"image":{"@id":"https:\/\/noticiasemdestaque.com\/cd\/#\/schema\/logo\/image\/"}},{"@type":"Person","@id":"https:\/\/noticiasemdestaque.com\/cd\/#\/schema\/person\/47f7d4f55eec17c6b2ca036c5500f6ce","name":"Not\u00edcias em Destaque","url":"https:\/\/noticiasemdestaque.com\/cd\/?author=2"}]}},"jetpack_featured_media_url":"https:\/\/noticiasemdestaque.com\/cd\/wp-content\/uploads\/2022\/10\/acidenteruycarneiro.jpeg","jetpack_sharing_enabled":true,"_links":{"self":[{"href":"https:\/\/noticiasemdestaque.com\/cd\/index.php?rest_route=\/wp\/v2\/posts\/43552","targetHints":{"allow":["GET"]}}],"collection":[{"href":"https:\/\/noticiasemdestaque.com\/cd\/index.php?rest_route=\/wp\/v2\/posts"}],"about":[{"href":"https:\/\/noticiasemdestaque.com\/cd\/index.php?rest_route=\/wp\/v2\/types\/post"}],"author":[{"embeddable":true,"href":"https:\/\/noticiasemdestaque.com\/cd\/index.php?rest_route=\/wp\/v2\/users\/2"}],"replies":[{"embeddable":true,"href":"https:\/\/noticiasemdestaque.com\/cd\/index.php?rest_route=%2Fwp%2Fv2%2Fcomments&post=43552"}],"version-history":[{"count":1,"href":"https:\/\/noticiasemdestaque.com\/cd\/index.php?rest_route=\/wp\/v2\/posts\/43552\/revisions"}],"predecessor-version":[{"id":43554,"href":"https:\/\/noticiasemdestaque.com\/cd\/index.php?rest_route=\/wp\/v2\/posts\/43552\/revisions\/43554"}],"wp:featuredmedia":[{"embeddable":true,"href":"https:\/\/noticiasemdestaque.com\/cd\/index.php?rest_route=\/wp\/v2\/media\/43553"}],"wp:attachment":[{"href":"https:\/\/noticiasemdestaque.com\/cd\/index.php?rest_route=%2Fwp%2Fv2%2Fmedia&parent=43552"}],"wp:term":[{"taxonomy":"category","embeddable":true,"href":"https:\/\/noticiasemdestaque.com\/cd\/index.php?rest_route=%2Fwp%2Fv2%2Fcategories&post=43552"},{"taxonomy":"post_tag","embeddable":true,"href":"https:\/\/noticiasemdestaque.com\/cd\/index.php?rest_route=%2Fwp%2Fv2%2Ftags&post=43552"}],"curies":[{"name":"wp","href":"https:\/\/api.w.org\/{rel}","templated":true}]}}