{"id":43541,"date":"2022-10-21T10:50:09","date_gmt":"2022-10-21T13:50:09","guid":{"rendered":"https:\/\/noticiasemdestaque.com\/cd\/?p=43541"},"modified":"2022-10-21T10:50:09","modified_gmt":"2022-10-21T13:50:09","slug":"prata-e-classificada-no-projeto-reconecte","status":"publish","type":"post","link":"https:\/\/noticiasemdestaque.com\/cd\/?p=43541","title":{"rendered":"Prata \u00e9 classificada no Projeto Reconecte"},"content":{"rendered":"<p><a href=\"https:\/\/noticiasemdestaque.com\/cd\/wp-content\/uploads\/2022\/10\/IMG-20221021-WA0006.jpg\"><img fetchpriority=\"high\" decoding=\"async\" class=\"size-medium wp-image-43542 aligncenter\" src=\"https:\/\/noticiasemdestaque.com\/cd\/wp-content\/uploads\/2022\/10\/IMG-20221021-WA0006-300x300.jpg\" alt=\"\" width=\"300\" height=\"300\" srcset=\"https:\/\/noticiasemdestaque.com\/cd\/wp-content\/uploads\/2022\/10\/IMG-20221021-WA0006-300x300.jpg 300w, https:\/\/noticiasemdestaque.com\/cd\/wp-content\/uploads\/2022\/10\/IMG-20221021-WA0006-1024x1024.jpg 1024w, https:\/\/noticiasemdestaque.com\/cd\/wp-content\/uploads\/2022\/10\/IMG-20221021-WA0006-150x150.jpg 150w, https:\/\/noticiasemdestaque.com\/cd\/wp-content\/uploads\/2022\/10\/IMG-20221021-WA0006-768x768.jpg 768w, https:\/\/noticiasemdestaque.com\/cd\/wp-content\/uploads\/2022\/10\/IMG-20221021-WA0006-12x12.jpg 12w, https:\/\/noticiasemdestaque.com\/cd\/wp-content\/uploads\/2022\/10\/IMG-20221021-WA0006.jpg 1080w\" sizes=\"(max-width: 300px) 100vw, 300px\" \/><\/a><\/p>\n<p>A Prefeitura de Prata, atrav\u00e9s da Secretaria Municipal de Desenvolvimento Social foi selecionada junto ao Minist\u00e9rio da Fam\u00edlia, da Mulher e dos Direitos Humanos, para executar o Projeto RECONECTE, atrav\u00e9s do EDITAL N\u00ba 02\/2022 \u2013 CHAMAMENTO P\u00daBLICO.<\/p>\n<p>A Sele\u00e7\u00e3o de pessoa(s) jur\u00eddica(s) de direito p\u00fablico, da esfera municipal, tem como objetivo propor e realizar a\u00e7\u00f5es da Secretaria Nacional da Fam\u00edlia, de interesse p\u00fablico e rec\u00edproco, envolvendo transfer\u00eancia de recursos financeiros, conforme condi\u00e7\u00f5es estabelecidas no Edital de chamamento p\u00fablico.<\/p>\n<p>O Projeto Reconecte, criado pela portaria, n\u00b03.174 de 10 de dezembro de 2020, objetiva fortalecer os v\u00ednculos familiares por meio do uso saud\u00e1vel das novas tecnologias, fornecendo acesso mais amplo ao conhecimento cient\u00edfico, \u00e0s fam\u00edlias e \u00e0 popula\u00e7\u00e3o em geral, abordando aspectos sociais, educacionais, de sa\u00fade f\u00edsica, ps\u00edquica e de seguran\u00e7a cibern\u00e9tica, visando assim a aquisi\u00e7\u00e3o de uma maior consci\u00eancia sobre as consequ\u00eancias do uso tecnol\u00f3gico.<\/p>\n<p>Ser\u00e3o realizadas Oficinas aplicadas em encontros semanais, oferecidas pelo munic\u00edpio, abordando diferentes temas em conex\u00e3o com a fam\u00edlia, sa\u00fade, educa\u00e7\u00e3o e seguran\u00e7a digital.<\/p>\n<p>&nbsp;<\/p>\n<p><strong>Not\u00edcias em Destaque<\/strong><\/p>\n<p>Com Ascom<\/p>\n","protected":false},"excerpt":{"rendered":"<p>A Prefeitura de Prata, atrav\u00e9s da Secretaria Municipal de Desenvolvimento Social foi selecionada junto ao Minist\u00e9rio da Fam\u00edlia, da Mulher e dos Direitos Humanos, para executar o Projeto RECONECTE, atrav\u00e9s do EDITAL N\u00ba 02\/2022 \u2013 CHAMAMENTO P\u00daBLICO. A Sele\u00e7\u00e3o de pessoa(s) jur\u00eddica(s) de direito p\u00fablico, da esfera municipal, tem como objetivo propor e realizar a\u00e7\u00f5es da Secretaria Nacional da Fam\u00edlia, de interesse p\u00fablico e rec\u00edproco, envolvendo transfer\u00eancia de recursos financeiros, conforme condi\u00e7\u00f5es estabelecidas no Edital de chamamento p\u00fablico. O Projeto Reconecte, criado pela portaria, n\u00b03.174 de 10 de dezembro de 2020, objetiva fortalecer os v\u00ednculos familiares por meio do uso saud\u00e1vel das novas tecnologias, fornecendo acesso mais amplo ao conhecimento cient\u00edfico, \u00e0s fam\u00edlias e \u00e0 popula\u00e7\u00e3o em geral, abordando aspectos sociais, educacionais, de sa\u00fade f\u00edsica, ps\u00edquica e de seguran\u00e7a cibern\u00e9tica, visando assim a aquisi\u00e7\u00e3o de uma maior consci\u00eancia sobre as consequ\u00eancias do uso tecnol\u00f3gico. Ser\u00e3o realizadas Oficinas aplicadas em encontros semanais, oferecidas pelo munic\u00edpio, abordando diferentes temas em conex\u00e3o com a fam\u00edlia, sa\u00fade, educa\u00e7\u00e3o e seguran\u00e7a digital. &nbsp; Not\u00edcias em Destaque Com Ascom<\/p>\n","protected":false},"author":2,"featured_media":43542,"comment_status":"closed","ping_status":"open","sticky":false,"template":"","format":"standard","meta":{"_eb_attr":"","_jetpack_memberships_contains_paid_content":false,"footnotes":""},"categories":[3],"tags":[],"class_list":["post-43541","post","type-post","status-publish","format-standard","has-post-thumbnail","hentry","category-cidades"],"yoast_head":"<!-- This site is optimized with the Yoast SEO plugin v26.5 - https:\/\/yoast.com\/wordpress\/plugins\/seo\/ -->\n<title>Prata \u00e9 classificada no Projeto Reconecte - Not&iacute;cias em Destaque<\/title>\n<meta name=\"robots\" content=\"index, follow, max-snippet:-1, max-image-preview:large, max-video-preview:-1\" \/>\n<link rel=\"canonical\" href=\"https:\/\/noticiasemdestaque.com\/cd\/?p=43541\" \/>\n<meta property=\"og:locale\" content=\"pt_BR\" \/>\n<meta property=\"og:type\" content=\"article\" \/>\n<meta property=\"og:title\" content=\"Prata \u00e9 classificada no Projeto Reconecte - Not&iacute;cias em Destaque\" \/>\n<meta property=\"og:description\" content=\"A Prefeitura de Prata, atrav\u00e9s da Secretaria Municipal de Desenvolvimento Social foi selecionada junto ao Minist\u00e9rio da Fam\u00edlia, da Mulher e dos Direitos Humanos, para executar o Projeto RECONECTE, atrav\u00e9s do EDITAL N\u00ba 02\/2022 \u2013 CHAMAMENTO P\u00daBLICO. A Sele\u00e7\u00e3o de pessoa(s) jur\u00eddica(s) de direito p\u00fablico, da esfera municipal, tem como objetivo propor e realizar a\u00e7\u00f5es da Secretaria Nacional da Fam\u00edlia, de interesse p\u00fablico e rec\u00edproco, envolvendo transfer\u00eancia de recursos financeiros, conforme condi\u00e7\u00f5es estabelecidas no Edital de chamamento p\u00fablico. O Projeto Reconecte, criado pela portaria, n\u00b03.174 de 10 de dezembro de 2020, objetiva fortalecer os v\u00ednculos familiares por meio do uso saud\u00e1vel das novas tecnologias, fornecendo acesso mais amplo ao conhecimento cient\u00edfico, \u00e0s fam\u00edlias e \u00e0 popula\u00e7\u00e3o em geral, abordando aspectos sociais, educacionais, de sa\u00fade f\u00edsica, ps\u00edquica e de seguran\u00e7a cibern\u00e9tica, visando assim a aquisi\u00e7\u00e3o de uma maior consci\u00eancia sobre as consequ\u00eancias do uso tecnol\u00f3gico. Ser\u00e3o realizadas Oficinas aplicadas em encontros semanais, oferecidas pelo munic\u00edpio, abordando diferentes temas em conex\u00e3o com a fam\u00edlia, sa\u00fade, educa\u00e7\u00e3o e seguran\u00e7a digital. &nbsp; Not\u00edcias em Destaque Com Ascom\" \/>\n<meta property=\"og:url\" content=\"https:\/\/noticiasemdestaque.com\/cd\/?p=43541\" \/>\n<meta property=\"og:site_name\" content=\"Not&iacute;cias em Destaque\" \/>\n<meta property=\"article:published_time\" content=\"2022-10-21T13:50:09+00:00\" \/>\n<meta property=\"og:image\" content=\"https:\/\/noticiasemdestaque.com\/cd\/wp-content\/uploads\/2022\/10\/IMG-20221021-WA0006.jpg\" \/>\n\t<meta property=\"og:image:width\" content=\"1080\" \/>\n\t<meta property=\"og:image:height\" content=\"1080\" \/>\n\t<meta property=\"og:image:type\" content=\"image\/jpeg\" \/>\n<meta name=\"author\" content=\"Not\u00edcias em Destaque\" \/>\n<meta name=\"twitter:card\" content=\"summary_large_image\" \/>\n<meta name=\"twitter:label1\" content=\"Escrito por\" \/>\n\t<meta name=\"twitter:data1\" content=\"Not\u00edcias em Destaque\" \/>\n\t<meta name=\"twitter:label2\" content=\"Est. tempo de leitura\" \/>\n\t<meta name=\"twitter:data2\" content=\"2 minutos\" \/>\n<script type=\"application\/ld+json\" class=\"yoast-schema-graph\">{\"@context\":\"https:\/\/schema.org\",\"@graph\":[{\"@type\":\"Article\",\"@id\":\"https:\/\/noticiasemdestaque.com\/cd\/?p=43541#article\",\"isPartOf\":{\"@id\":\"https:\/\/noticiasemdestaque.com\/cd\/?p=43541\"},\"author\":{\"name\":\"Not\u00edcias em Destaque\",\"@id\":\"https:\/\/noticiasemdestaque.com\/cd\/#\/schema\/person\/4a81fb71f77579d059c3045891fa1786\"},\"headline\":\"Prata \u00e9 classificada no Projeto Reconecte\",\"datePublished\":\"2022-10-21T13:50:09+00:00\",\"mainEntityOfPage\":{\"@id\":\"https:\/\/noticiasemdestaque.com\/cd\/?p=43541\"},\"wordCount\":212,\"publisher\":{\"@id\":\"https:\/\/noticiasemdestaque.com\/cd\/#organization\"},\"image\":{\"@id\":\"https:\/\/noticiasemdestaque.com\/cd\/?p=43541#primaryimage\"},\"thumbnailUrl\":\"https:\/\/noticiasemdestaque.com\/cd\/wp-content\/uploads\/2022\/10\/IMG-20221021-WA0006.jpg\",\"articleSection\":[\"Cidades\"],\"inLanguage\":\"pt-BR\"},{\"@type\":\"WebPage\",\"@id\":\"https:\/\/noticiasemdestaque.com\/cd\/?p=43541\",\"url\":\"https:\/\/noticiasemdestaque.com\/cd\/?p=43541\",\"name\":\"Prata \u00e9 classificada no Projeto Reconecte - Not&iacute;cias em Destaque\",\"isPartOf\":{\"@id\":\"https:\/\/noticiasemdestaque.com\/cd\/#website\"},\"primaryImageOfPage\":{\"@id\":\"https:\/\/noticiasemdestaque.com\/cd\/?p=43541#primaryimage\"},\"image\":{\"@id\":\"https:\/\/noticiasemdestaque.com\/cd\/?p=43541#primaryimage\"},\"thumbnailUrl\":\"https:\/\/noticiasemdestaque.com\/cd\/wp-content\/uploads\/2022\/10\/IMG-20221021-WA0006.jpg\",\"datePublished\":\"2022-10-21T13:50:09+00:00\",\"breadcrumb\":{\"@id\":\"https:\/\/noticiasemdestaque.com\/cd\/?p=43541#breadcrumb\"},\"inLanguage\":\"pt-BR\",\"potentialAction\":[{\"@type\":\"ReadAction\",\"target\":[\"https:\/\/noticiasemdestaque.com\/cd\/?p=43541\"]}]},{\"@type\":\"ImageObject\",\"inLanguage\":\"pt-BR\",\"@id\":\"https:\/\/noticiasemdestaque.com\/cd\/?p=43541#primaryimage\",\"url\":\"https:\/\/noticiasemdestaque.com\/cd\/wp-content\/uploads\/2022\/10\/IMG-20221021-WA0006.jpg\",\"contentUrl\":\"https:\/\/noticiasemdestaque.com\/cd\/wp-content\/uploads\/2022\/10\/IMG-20221021-WA0006.jpg\",\"width\":1080,\"height\":1080},{\"@type\":\"BreadcrumbList\",\"@id\":\"https:\/\/noticiasemdestaque.com\/cd\/?p=43541#breadcrumb\",\"itemListElement\":[{\"@type\":\"ListItem\",\"position\":1,\"name\":\"In\u00edcio\",\"item\":\"https:\/\/noticiasemdestaque.com\/cd\/\"},{\"@type\":\"ListItem\",\"position\":2,\"name\":\"Prata \u00e9 classificada no Projeto Reconecte\"}]},{\"@type\":\"WebSite\",\"@id\":\"https:\/\/noticiasemdestaque.com\/cd\/#website\",\"url\":\"https:\/\/noticiasemdestaque.com\/cd\/\",\"name\":\"Not&iacute;cias em Destaque\",\"description\":\"\",\"publisher\":{\"@id\":\"https:\/\/noticiasemdestaque.com\/cd\/#organization\"},\"potentialAction\":[{\"@type\":\"SearchAction\",\"target\":{\"@type\":\"EntryPoint\",\"urlTemplate\":\"https:\/\/noticiasemdestaque.com\/cd\/?s={search_term_string}\"},\"query-input\":{\"@type\":\"PropertyValueSpecification\",\"valueRequired\":true,\"valueName\":\"search_term_string\"}}],\"inLanguage\":\"pt-BR\"},{\"@type\":\"Organization\",\"@id\":\"https:\/\/noticiasemdestaque.com\/cd\/#organization\",\"name\":\"Not\u00edcias em Destaque\",\"url\":\"https:\/\/noticiasemdestaque.com\/cd\/\",\"logo\":{\"@type\":\"ImageObject\",\"inLanguage\":\"pt-BR\",\"@id\":\"https:\/\/noticiasemdestaque.com\/cd\/#\/schema\/logo\/image\/\",\"url\":\"https:\/\/noticiasemdestaque.com\/cd\/wp-content\/uploads\/2022\/05\/imagem-base-noticiasemdestaque.png\",\"contentUrl\":\"https:\/\/noticiasemdestaque.com\/cd\/wp-content\/uploads\/2022\/05\/imagem-base-noticiasemdestaque.png\",\"width\":1200,\"height\":630,\"caption\":\"Not\u00edcias em Destaque\"},\"image\":{\"@id\":\"https:\/\/noticiasemdestaque.com\/cd\/#\/schema\/logo\/image\/\"}},{\"@type\":\"Person\",\"@id\":\"https:\/\/noticiasemdestaque.com\/cd\/#\/schema\/person\/4a81fb71f77579d059c3045891fa1786\",\"name\":\"Not\u00edcias em Destaque\",\"url\":\"https:\/\/noticiasemdestaque.com\/cd\/?author=2\"}]}<\/script>\n<!-- \/ Yoast SEO plugin. -->","yoast_head_json":{"title":"Prata \u00e9 classificada no Projeto Reconecte - Not&iacute;cias em Destaque","robots":{"index":"index","follow":"follow","max-snippet":"max-snippet:-1","max-image-preview":"max-image-preview:large","max-video-preview":"max-video-preview:-1"},"canonical":"https:\/\/noticiasemdestaque.com\/cd\/?p=43541","og_locale":"pt_BR","og_type":"article","og_title":"Prata \u00e9 classificada no Projeto Reconecte - Not&iacute;cias em Destaque","og_description":"A Prefeitura de Prata, atrav\u00e9s da Secretaria Municipal de Desenvolvimento Social foi selecionada junto ao Minist\u00e9rio da Fam\u00edlia, da Mulher e dos Direitos Humanos, para executar o Projeto RECONECTE, atrav\u00e9s do EDITAL N\u00ba 02\/2022 \u2013 CHAMAMENTO P\u00daBLICO. A Sele\u00e7\u00e3o de pessoa(s) jur\u00eddica(s) de direito p\u00fablico, da esfera municipal, tem como objetivo propor e realizar a\u00e7\u00f5es da Secretaria Nacional da Fam\u00edlia, de interesse p\u00fablico e rec\u00edproco, envolvendo transfer\u00eancia de recursos financeiros, conforme condi\u00e7\u00f5es estabelecidas no Edital de chamamento p\u00fablico. O Projeto Reconecte, criado pela portaria, n\u00b03.174 de 10 de dezembro de 2020, objetiva fortalecer os v\u00ednculos familiares por meio do uso saud\u00e1vel das novas tecnologias, fornecendo acesso mais amplo ao conhecimento cient\u00edfico, \u00e0s fam\u00edlias e \u00e0 popula\u00e7\u00e3o em geral, abordando aspectos sociais, educacionais, de sa\u00fade f\u00edsica, ps\u00edquica e de seguran\u00e7a cibern\u00e9tica, visando assim a aquisi\u00e7\u00e3o de uma maior consci\u00eancia sobre as consequ\u00eancias do uso tecnol\u00f3gico. Ser\u00e3o realizadas Oficinas aplicadas em encontros semanais, oferecidas pelo munic\u00edpio, abordando diferentes temas em conex\u00e3o com a fam\u00edlia, sa\u00fade, educa\u00e7\u00e3o e seguran\u00e7a digital. &nbsp; Not\u00edcias em Destaque Com Ascom","og_url":"https:\/\/noticiasemdestaque.com\/cd\/?p=43541","og_site_name":"Not&iacute;cias em Destaque","article_published_time":"2022-10-21T13:50:09+00:00","og_image":[{"width":1080,"height":1080,"url":"https:\/\/noticiasemdestaque.com\/cd\/wp-content\/uploads\/2022\/10\/IMG-20221021-WA0006.jpg","type":"image\/jpeg"}],"author":"Not\u00edcias em Destaque","twitter_card":"summary_large_image","twitter_misc":{"Escrito por":"Not\u00edcias em Destaque","Est. tempo de leitura":"2 minutos"},"schema":{"@context":"https:\/\/schema.org","@graph":[{"@type":"Article","@id":"https:\/\/noticiasemdestaque.com\/cd\/?p=43541#article","isPartOf":{"@id":"https:\/\/noticiasemdestaque.com\/cd\/?p=43541"},"author":{"name":"Not\u00edcias em Destaque","@id":"https:\/\/noticiasemdestaque.com\/cd\/#\/schema\/person\/4a81fb71f77579d059c3045891fa1786"},"headline":"Prata \u00e9 classificada no Projeto Reconecte","datePublished":"2022-10-21T13:50:09+00:00","mainEntityOfPage":{"@id":"https:\/\/noticiasemdestaque.com\/cd\/?p=43541"},"wordCount":212,"publisher":{"@id":"https:\/\/noticiasemdestaque.com\/cd\/#organization"},"image":{"@id":"https:\/\/noticiasemdestaque.com\/cd\/?p=43541#primaryimage"},"thumbnailUrl":"https:\/\/noticiasemdestaque.com\/cd\/wp-content\/uploads\/2022\/10\/IMG-20221021-WA0006.jpg","articleSection":["Cidades"],"inLanguage":"pt-BR"},{"@type":"WebPage","@id":"https:\/\/noticiasemdestaque.com\/cd\/?p=43541","url":"https:\/\/noticiasemdestaque.com\/cd\/?p=43541","name":"Prata \u00e9 classificada no Projeto Reconecte - Not&iacute;cias em Destaque","isPartOf":{"@id":"https:\/\/noticiasemdestaque.com\/cd\/#website"},"primaryImageOfPage":{"@id":"https:\/\/noticiasemdestaque.com\/cd\/?p=43541#primaryimage"},"image":{"@id":"https:\/\/noticiasemdestaque.com\/cd\/?p=43541#primaryimage"},"thumbnailUrl":"https:\/\/noticiasemdestaque.com\/cd\/wp-content\/uploads\/2022\/10\/IMG-20221021-WA0006.jpg","datePublished":"2022-10-21T13:50:09+00:00","breadcrumb":{"@id":"https:\/\/noticiasemdestaque.com\/cd\/?p=43541#breadcrumb"},"inLanguage":"pt-BR","potentialAction":[{"@type":"ReadAction","target":["https:\/\/noticiasemdestaque.com\/cd\/?p=43541"]}]},{"@type":"ImageObject","inLanguage":"pt-BR","@id":"https:\/\/noticiasemdestaque.com\/cd\/?p=43541#primaryimage","url":"https:\/\/noticiasemdestaque.com\/cd\/wp-content\/uploads\/2022\/10\/IMG-20221021-WA0006.jpg","contentUrl":"https:\/\/noticiasemdestaque.com\/cd\/wp-content\/uploads\/2022\/10\/IMG-20221021-WA0006.jpg","width":1080,"height":1080},{"@type":"BreadcrumbList","@id":"https:\/\/noticiasemdestaque.com\/cd\/?p=43541#breadcrumb","itemListElement":[{"@type":"ListItem","position":1,"name":"In\u00edcio","item":"https:\/\/noticiasemdestaque.com\/cd\/"},{"@type":"ListItem","position":2,"name":"Prata \u00e9 classificada no Projeto Reconecte"}]},{"@type":"WebSite","@id":"https:\/\/noticiasemdestaque.com\/cd\/#website","url":"https:\/\/noticiasemdestaque.com\/cd\/","name":"Not&iacute;cias em Destaque","description":"","publisher":{"@id":"https:\/\/noticiasemdestaque.com\/cd\/#organization"},"potentialAction":[{"@type":"SearchAction","target":{"@type":"EntryPoint","urlTemplate":"https:\/\/noticiasemdestaque.com\/cd\/?s={search_term_string}"},"query-input":{"@type":"PropertyValueSpecification","valueRequired":true,"valueName":"search_term_string"}}],"inLanguage":"pt-BR"},{"@type":"Organization","@id":"https:\/\/noticiasemdestaque.com\/cd\/#organization","name":"Not\u00edcias em Destaque","url":"https:\/\/noticiasemdestaque.com\/cd\/","logo":{"@type":"ImageObject","inLanguage":"pt-BR","@id":"https:\/\/noticiasemdestaque.com\/cd\/#\/schema\/logo\/image\/","url":"https:\/\/noticiasemdestaque.com\/cd\/wp-content\/uploads\/2022\/05\/imagem-base-noticiasemdestaque.png","contentUrl":"https:\/\/noticiasemdestaque.com\/cd\/wp-content\/uploads\/2022\/05\/imagem-base-noticiasemdestaque.png","width":1200,"height":630,"caption":"Not\u00edcias em Destaque"},"image":{"@id":"https:\/\/noticiasemdestaque.com\/cd\/#\/schema\/logo\/image\/"}},{"@type":"Person","@id":"https:\/\/noticiasemdestaque.com\/cd\/#\/schema\/person\/4a81fb71f77579d059c3045891fa1786","name":"Not\u00edcias em Destaque","url":"https:\/\/noticiasemdestaque.com\/cd\/?author=2"}]}},"jetpack_featured_media_url":"https:\/\/noticiasemdestaque.com\/cd\/wp-content\/uploads\/2022\/10\/IMG-20221021-WA0006.jpg","jetpack_sharing_enabled":true,"_links":{"self":[{"href":"https:\/\/noticiasemdestaque.com\/cd\/index.php?rest_route=\/wp\/v2\/posts\/43541","targetHints":{"allow":["GET"]}}],"collection":[{"href":"https:\/\/noticiasemdestaque.com\/cd\/index.php?rest_route=\/wp\/v2\/posts"}],"about":[{"href":"https:\/\/noticiasemdestaque.com\/cd\/index.php?rest_route=\/wp\/v2\/types\/post"}],"author":[{"embeddable":true,"href":"https:\/\/noticiasemdestaque.com\/cd\/index.php?rest_route=\/wp\/v2\/users\/2"}],"replies":[{"embeddable":true,"href":"https:\/\/noticiasemdestaque.com\/cd\/index.php?rest_route=%2Fwp%2Fv2%2Fcomments&post=43541"}],"version-history":[{"count":1,"href":"https:\/\/noticiasemdestaque.com\/cd\/index.php?rest_route=\/wp\/v2\/posts\/43541\/revisions"}],"predecessor-version":[{"id":43543,"href":"https:\/\/noticiasemdestaque.com\/cd\/index.php?rest_route=\/wp\/v2\/posts\/43541\/revisions\/43543"}],"wp:featuredmedia":[{"embeddable":true,"href":"https:\/\/noticiasemdestaque.com\/cd\/index.php?rest_route=\/wp\/v2\/media\/43542"}],"wp:attachment":[{"href":"https:\/\/noticiasemdestaque.com\/cd\/index.php?rest_route=%2Fwp%2Fv2%2Fmedia&parent=43541"}],"wp:term":[{"taxonomy":"category","embeddable":true,"href":"https:\/\/noticiasemdestaque.com\/cd\/index.php?rest_route=%2Fwp%2Fv2%2Fcategories&post=43541"},{"taxonomy":"post_tag","embeddable":true,"href":"https:\/\/noticiasemdestaque.com\/cd\/index.php?rest_route=%2Fwp%2Fv2%2Ftags&post=43541"}],"curies":[{"name":"wp","href":"https:\/\/api.w.org\/{rel}","templated":true}]}}