{"id":43533,"date":"2022-10-21T09:20:22","date_gmt":"2022-10-21T12:20:22","guid":{"rendered":"https:\/\/noticiasemdestaque.com\/cd\/?p=43533"},"modified":"2022-10-21T09:20:22","modified_gmt":"2022-10-21T12:20:22","slug":"ipec-na-pb-joao-tem-47-e-pedro-42","status":"publish","type":"post","link":"https:\/\/noticiasemdestaque.com\/cd\/?p=43533","title":{"rendered":"Ipec na PB: Jo\u00e3o tem 47%, e Pedro, 42%"},"content":{"rendered":"<div class=\"mc-column content-text active-extra-styles \" data-block-type=\"unstyled\" data-block-weight=\"68\" data-block-id=\"3\">\n<p class=\"content-text__container \" style=\"text-align: left;\" data-track-category=\"Link no Texto\" data-track-links=\"\"><a href=\"https:\/\/noticiasemdestaque.com\/cd\/wp-content\/uploads\/2022\/10\/joao-azevedo-e-pedro-cunha-lima.webp\"><img fetchpriority=\"high\" decoding=\"async\" class=\"wp-image-43534 aligncenter\" src=\"https:\/\/noticiasemdestaque.com\/cd\/wp-content\/uploads\/2022\/10\/joao-azevedo-e-pedro-cunha-lima-300x300.webp\" alt=\"\" width=\"460\" height=\"460\" srcset=\"https:\/\/noticiasemdestaque.com\/cd\/wp-content\/uploads\/2022\/10\/joao-azevedo-e-pedro-cunha-lima-300x300.webp 300w, https:\/\/noticiasemdestaque.com\/cd\/wp-content\/uploads\/2022\/10\/joao-azevedo-e-pedro-cunha-lima-150x150.webp 150w, https:\/\/noticiasemdestaque.com\/cd\/wp-content\/uploads\/2022\/10\/joao-azevedo-e-pedro-cunha-lima-768x768.webp 768w, https:\/\/noticiasemdestaque.com\/cd\/wp-content\/uploads\/2022\/10\/joao-azevedo-e-pedro-cunha-lima-12x12.webp 12w, https:\/\/noticiasemdestaque.com\/cd\/wp-content\/uploads\/2022\/10\/joao-azevedo-e-pedro-cunha-lima.webp 984w\" sizes=\"(max-width: 460px) 100vw, 460px\" \/><\/a><\/p>\n<p class=\"content-text__container \" style=\"text-align: left;\" data-track-category=\"Link no Texto\" data-track-links=\"\">Pesquisa Ipec encomendada pela TV Cabo Branco, divulgada nesta quinta-feira (20), revela os \u00edndices de voto para governador da Para\u00edba. O candidato \u00e0 reelei\u00e7\u00e3o, Jo\u00e3o Azev\u00eado (PSB), lidera com 47%, e Pedro Cunha Lima (PSDB) tem 42% das inten\u00e7\u00f5es, considerando os votos totais. Este \u00e9 o primeiro levantamento feito pelo instituto ap\u00f3s o primeiro turno das elei\u00e7\u00f5es. Os eleitores voltam \u00e0s urnas no dia 30 de outubro.<\/p>\n<\/div>\n<div class=\"wall protected-content\">\n<div class=\"mc-column content-text active-extra-styles \" data-block-type=\"unstyled\" data-block-weight=\"28\" data-block-id=\"4\">\n<p class=\"content-text__container \" data-track-category=\"Link no Texto\" data-track-links=\"\">Entre os eleitores paraibanos,\u00a0<span class=\"highlight highlighted\">83% afirmam que a decis\u00e3o do seu voto \u00e9 definitiva, e 16% declaram que ainda podem mudar de candidato at\u00e9 o dia da elei\u00e7\u00e3o<\/span>.<\/p>\n<\/div>\n<div class=\"row medium-uncollapsed content-media content-photo\" data-block-type=\"backstage-photo\" data-block-id=\"5\">\n<div class=\"mc-column content-media__container\">\n<div class=\"content-media-container glb-skeleton-box\">\n<figure class=\"content-media-figure\"><img decoding=\"async\" class=\"i-amphtml-fill-content i-amphtml-replaced-content\" src=\"https:\/\/s2.glbimg.com\/rMn1FzGYmlnasV6HZbHb7bP6mOA=\/0x0:1365x750\/984x0\/smart\/filters:strip_icc()\/i.s3.glbimg.com\/v1\/AUTH_59edd422c0c84a879bd37670ae4f538a\/internal_photos\/bs\/2022\/z\/n\/Nydnv1RkKfz3HVeA6qHw\/pesquisa-para-governador-da-paraiba.jpg\" sizes=\"(max-width: 1366px) 648px, 100vw\" srcset=\"https:\/\/s2.glbimg.com\/SOUdwceNfp18YA8DJ_67TYVeAy0=\/0x0:1365x750\/1000x0\/smart\/filters:strip_icc()\/i.s3.glbimg.com\/v1\/AUTH_59edd422c0c84a879bd37670ae4f538a\/internal_photos\/bs\/2022\/z\/n\/Nydnv1RkKfz3HVeA6qHw\/pesquisa-para-governador-da-paraiba.jpg 1000w, https:\/\/s2.glbimg.com\/rMn1FzGYmlnasV6HZbHb7bP6mOA=\/0x0:1365x750\/984x0\/smart\/filters:strip_icc()\/i.s3.glbimg.com\/v1\/AUTH_59edd422c0c84a879bd37670ae4f538a\/internal_photos\/bs\/2022\/z\/n\/Nydnv1RkKfz3HVeA6qHw\/pesquisa-para-governador-da-paraiba.jpg 984w, https:\/\/s2.glbimg.com\/sEnfgAgCI9NQmY9TYuEPiwXOUOQ=\/0x0:1365x750\/640x0\/smart\/filters:strip_icc()\/i.s3.glbimg.com\/v1\/AUTH_59edd422c0c84a879bd37670ae4f538a\/internal_photos\/bs\/2022\/z\/n\/Nydnv1RkKfz3HVeA6qHw\/pesquisa-para-governador-da-paraiba.jpg 640w, https:\/\/s2.glbimg.com\/XX8mhg8yzfjykpu4-OoHqUoDTUI=\/0x0:1365x750\/600x0\/smart\/filters:strip_icc()\/i.s3.glbimg.com\/v1\/AUTH_59edd422c0c84a879bd37670ae4f538a\/internal_photos\/bs\/2022\/z\/n\/Nydnv1RkKfz3HVeA6qHw\/pesquisa-para-governador-da-paraiba.jpg 600w\" alt=\"Pesquisa Ipec revela os \u00edndices de voto para governador da Para\u00edba \u2014 Foto: Reprodu\u00e7\u00e3o\/TV Cabo Branco\" \/><\/figure>\n<\/div>\n<p class=\"content-media__description \">Pesquisa Ipec revela os \u00edndices de voto para governador da Para\u00edba \u2014 Foto: Reprodu\u00e7\u00e3o\/TV Cabo Branco<\/p>\n<\/div>\n<\/div>\n<div class=\"mc-column content-text active-extra-styles \" data-block-type=\"unstyled\" data-block-weight=\"31\" data-block-id=\"7\">\n<p class=\"content-text__container \" data-track-category=\"Link no Texto\" data-track-links=\"\">Na\u00a0<strong>pergunta espont\u00e2nea<\/strong>\u00a0de inten\u00e7\u00e3o de voto, na qual os nomes dos candidatos n\u00e3o s\u00e3o apresentados para os entrevistados,\u00a0<span class=\"highlight highlighted\">11% est\u00e3o indecisos<\/span>, ou seja, n\u00e3o sabem apontar espontaneamente em quem votariam.<\/p>\n<\/div>\n<div class=\"mc-column content-text active-extra-styles \" data-block-type=\"unstyled\" data-block-weight=\"32\" data-block-id=\"8\">\n<p class=\"content-text__container \" data-track-category=\"Link no Texto\" data-track-links=\"\">J\u00e1 os que dizem de forma espont\u00e2nea que\u00a0<span class=\"highlight highlighted\">pretendem votar em branco ou nulo totalizam 10%<\/span>\u00a0(veja mais abaixo). Essa propor\u00e7\u00e3o de eleitores pode trazer movimenta\u00e7\u00f5es de \u00faltima hora, segundo o Ipec.<\/p>\n<\/div>\n<div class=\"row medium-uncollapsed content-media content-photo\" data-block-type=\"backstage-photo\" data-block-id=\"9\">\n<div class=\"mc-column content-media__container\">\n<div class=\"content-media-container glb-skeleton-box\">\n<figure class=\"content-media-figure\"><img decoding=\"async\" class=\"i-amphtml-fill-content i-amphtml-replaced-content\" src=\"https:\/\/s2.glbimg.com\/WIy18DMz1bTtSOWNdcsSa1ftiB4=\/0x0:1363x751\/984x0\/smart\/filters:strip_icc()\/i.s3.glbimg.com\/v1\/AUTH_59edd422c0c84a879bd37670ae4f538a\/internal_photos\/bs\/2022\/t\/I\/fTyrFOSXATN4yanp8BsQ\/governador-segundo-turno-pesquisa-ipec-pb.jpg\" sizes=\"(max-width: 1366px) 648px, 100vw\" srcset=\"https:\/\/s2.glbimg.com\/StyjuLq6VhCJlfI9Rixg-76V1kY=\/0x0:1363x751\/1000x0\/smart\/filters:strip_icc()\/i.s3.glbimg.com\/v1\/AUTH_59edd422c0c84a879bd37670ae4f538a\/internal_photos\/bs\/2022\/t\/I\/fTyrFOSXATN4yanp8BsQ\/governador-segundo-turno-pesquisa-ipec-pb.jpg 1000w, https:\/\/s2.glbimg.com\/WIy18DMz1bTtSOWNdcsSa1ftiB4=\/0x0:1363x751\/984x0\/smart\/filters:strip_icc()\/i.s3.glbimg.com\/v1\/AUTH_59edd422c0c84a879bd37670ae4f538a\/internal_photos\/bs\/2022\/t\/I\/fTyrFOSXATN4yanp8BsQ\/governador-segundo-turno-pesquisa-ipec-pb.jpg 984w, https:\/\/s2.glbimg.com\/nVT52OAra9sgnQAun4XxNM82HI0=\/0x0:1363x751\/640x0\/smart\/filters:strip_icc()\/i.s3.glbimg.com\/v1\/AUTH_59edd422c0c84a879bd37670ae4f538a\/internal_photos\/bs\/2022\/t\/I\/fTyrFOSXATN4yanp8BsQ\/governador-segundo-turno-pesquisa-ipec-pb.jpg 640w, https:\/\/s2.glbimg.com\/aPuNb1X6t37V3WNPJsGMh0ZD3wg=\/0x0:1363x751\/600x0\/smart\/filters:strip_icc()\/i.s3.glbimg.com\/v1\/AUTH_59edd422c0c84a879bd37670ae4f538a\/internal_photos\/bs\/2022\/t\/I\/fTyrFOSXATN4yanp8BsQ\/governador-segundo-turno-pesquisa-ipec-pb.jpg 600w\" alt=\"Pesquisa Ipec revela os \u00edndices de voto para governador da Para\u00edba \u2014 Foto: Reprodu\u00e7\u00e3o\/TV Cabo Branco\" \/><\/figure>\n<\/div>\n<p class=\"content-media__description \">Pesquisa Ipec revela os \u00edndices de voto para governador da Para\u00edba \u2014 Foto: Reprodu\u00e7\u00e3o\/TV Cabo Branco<\/p>\n<\/div>\n<\/div>\n<div class=\"mc-column content-text active-extra-styles \" data-block-type=\"unstyled\" data-block-weight=\"62\" data-block-id=\"10\">\n<p class=\"content-text__container \" data-track-category=\"Link no Texto\" data-track-links=\"\">A pesquisa ouviu 800 pessoas entre os dias 18 e 20 de outubro em 36 munic\u00edpios paraibanos. A margem de erro \u00e9 de tr\u00eas pontos percentuais para mais ou para menos, considerando um n\u00edvel de confian\u00e7a de 95%. A pesquisa foi registrada no Tribunal Regional Eleitoral da Para\u00edba sob o protocolo PB-02083\/2022 e no Tribunal Superior Eleitoral sob o protocolo BR-06722\/2022.<\/p>\n<\/div>\n<div class=\"mc-column content-text active-extra-styles\" data-block-type=\"raw\" data-block-weight=\"2\" data-block-id=\"12\">\n<div class=\"content-intertitle\">\n<h2><strong>Votos totais<\/strong><\/h2>\n<\/div>\n<p>&nbsp;<\/p>\n<\/div>\n<div class=\"mc-column content-text active-extra-styles \" data-block-type=\"unstyled\" data-block-weight=\"6\" data-block-id=\"13\">\n<p class=\"content-text__container \" data-track-category=\"Link no Texto\" data-track-links=\"\"><strong>Resposta estimulada e \u00fanica, em %:<\/strong><\/p>\n<\/div>\n<div class=\"mc-column content-text active-extra-styles\" data-block-type=\"raw\" data-block-weight=\"19\" data-block-id=\"14\">\n<ul class=\"content-unordered-list\">\n<li>Jo\u00e3o Azev\u00eado (PSB): 47%<\/li>\n<li>Pedro Cunha Lima (PSDB): 42%<\/li>\n<li>Brancos e nulos: 7%<\/li>\n<li>N\u00e3o sabem ou n\u00e3o responderam: 4%<\/li>\n<\/ul>\n<p>&nbsp;<\/p>\n<\/div>\n<div class=\"mc-column content-text active-extra-styles \" data-block-type=\"unstyled\" data-block-weight=\"13\" data-block-id=\"15\">\n<p class=\"content-text__container \" data-track-category=\"Link no Texto\" data-track-links=\"\">Em rela\u00e7\u00e3o a Jo\u00e3o Azev\u00eado, suas inten\u00e7\u00f5es de voto t\u00eam destaque entre eleitores:<\/p>\n<\/div>\n<div class=\"mc-column content-text active-extra-styles\" data-block-type=\"raw\" data-block-weight=\"46\" data-block-id=\"16\">\n<ul class=\"content-unordered-list\">\n<li>Que avaliam seu governo como \u00f3timo\/bom (80%)<\/li>\n<li>Com 60 anos ou mais (57%) em rela\u00e7\u00e3o aos mais jovens (39%)<\/li>\n<li>Que t\u00eam o ensino fundamental (55%), na compara\u00e7\u00e3o com os que possuem o ensino m\u00e9dio completo (41%) ou o ensino superior (40%);<\/li>\n<li>Cat\u00f3licos (53%) ante evang\u00e9licos (32%)<\/li>\n<\/ul>\n<p>&nbsp;<\/p>\n<\/div>\n<div class=\"mc-column content-text active-extra-styles \" data-block-type=\"unstyled\" data-block-weight=\"12\" data-block-id=\"17\">\n<p class=\"content-text__container \" data-track-category=\"Link no Texto\" data-track-links=\"\">Quanto a Pedro Cunha Lima, suas men\u00e7\u00f5es s\u00e3o mais expressivas entre eleitores:<\/p>\n<\/div>\n<div class=\"mc-column content-text active-extra-styles\" data-block-type=\"raw\" data-block-weight=\"33\" data-block-id=\"18\">\n<ul class=\"content-unordered-list\">\n<li>Que avaliam negativamente a gest\u00e3o estadual (85%)<\/li>\n<li>Que t\u00eam de 16 a 24 anos (57%)<\/li>\n<li>Evang\u00e9licos (57%) ante cat\u00f3licos (37%)<\/li>\n<li>Com ensino superior (51%) e m\u00e9dio (49%), em rela\u00e7\u00e3o aos menos instru\u00eddos (33%).<\/li>\n<\/ul>\n<p>&nbsp;<\/p>\n<\/div>\n<div class=\"mc-column content-text active-extra-styles\" data-block-type=\"raw\" data-block-weight=\"2\" data-block-id=\"19\">\n<div class=\"content-intertitle\">\n<h2><strong>Votos v\u00e1lidos<\/strong><\/h2>\n<\/div>\n<p>&nbsp;<\/p>\n<\/div>\n<div class=\"mc-column content-text active-extra-styles \" data-block-type=\"unstyled\" data-block-weight=\"34\" data-block-id=\"20\">\n<p class=\"content-text__container \" data-track-category=\"Link no Texto\" data-track-links=\"\">Considerando os\u00a0<span class=\"highlight highlighted\">votos v\u00e1lidos, quando s\u00e3o exclu\u00eddos os votos nulos e brancos, Jo\u00e3o tem 53%, e Pedro, 47%<\/span>. O procedimento \u00e9 o mesmo utilizado pela Justi\u00e7a Eleitoral para divulgar o resultado oficial da elei\u00e7\u00e3o.<\/p>\n<\/div>\n<div class=\"mc-column content-text active-extra-styles \" data-block-type=\"unstyled\" data-block-weight=\"9\" data-block-id=\"21\">\n<p class=\"content-text__container \" data-track-category=\"Link no Texto\" data-track-links=\"\"><strong>Resposta estimulada e \u00fanica, em % de votos v\u00e1lidos:<\/strong><\/p>\n<\/div>\n<div class=\"mc-column content-text active-extra-styles\" data-block-type=\"raw\" data-block-weight=\"9\" data-block-id=\"22\">\n<ul class=\"content-unordered-list\">\n<li>Jo\u00e3o Azev\u00eado (PSB): 53%<\/li>\n<li>Pedro Cunha Lima (PSDB): 47%<\/li>\n<\/ul>\n<p>&nbsp;<\/p>\n<\/div>\n<div class=\"mc-column content-text active-extra-styles\" data-block-type=\"raw\" data-block-weight=\"1\" data-block-id=\"23\">\n<div class=\"content-intertitle\">\n<h2>Espont\u00e2nea<\/h2>\n<\/div>\n<p>&nbsp;<\/p>\n<\/div>\n<div class=\"mc-column content-text active-extra-styles \" data-block-type=\"unstyled\" data-block-weight=\"24\" data-block-id=\"24\">\n<p class=\"content-text__container \" data-track-category=\"Link no Texto\" data-track-links=\"\">Na sondagem espont\u00e2nea, quando os entrevistadores n\u00e3o apresentam previamente o nome de nenhum dos dois candidatos,\u00a0<span class=\"highlight highlighted\">Jo\u00e3o aparece com 40%, e Pedro, com 35%<\/span>.<\/p>\n<\/div>\n<div class=\"mc-column content-text active-extra-styles \" data-block-type=\"unstyled\" data-block-weight=\"9\" data-block-id=\"26\">\n<p class=\"content-text__container \" data-track-category=\"Link no Texto\" data-track-links=\"\"><strong>Resposta espont\u00e2nea e \u00fanica, em % de votos totais:<\/strong><\/p>\n<\/div>\n<div class=\"mc-column content-text active-extra-styles\" data-block-type=\"raw\" data-block-weight=\"21\" data-block-id=\"27\">\n<ul class=\"content-unordered-list\">\n<li>Jo\u00e3o Azev\u00eado (PSB): 40%<\/li>\n<li>Pedro Cunha Lima (PSDB): 35%<\/li>\n<li>Outros: 4%<\/li>\n<li>Brancos e nulos: 10%<\/li>\n<li>N\u00e3o sabem ou n\u00e3o responderam: 11%<\/li>\n<\/ul>\n<p>&nbsp;<\/p>\n<\/div>\n<div class=\"mc-column content-text active-extra-styles\" data-block-type=\"raw\" data-block-weight=\"3\" data-block-id=\"28\">\n<div class=\"content-intertitle\">\n<h2><strong>Expectativa de vit\u00f3ria<\/strong><\/h2>\n<\/div>\n<p>&nbsp;<\/p>\n<\/div>\n<div class=\"mc-column content-text active-extra-styles \" data-block-type=\"unstyled\" data-block-weight=\"8\" data-block-id=\"29\">\n<p class=\"content-text__container \" data-track-category=\"Link no Texto\" data-track-links=\"\">Expectativa de vit\u00f3ria independentemente da inten\u00e7\u00e3o de voto:<\/p>\n<\/div>\n<div class=\"mc-column content-text active-extra-styles\" data-block-type=\"raw\" data-block-weight=\"16\" data-block-id=\"30\">\n<ul class=\"content-unordered-list\">\n<li>Jo\u00e3o Azev\u00eado (PSB): 57%<\/li>\n<li>Pedro Cunha Lima (PSDB): 29%<\/li>\n<li>N\u00e3o sabem ou preferem n\u00e3o opinar: 14%<\/li>\n<\/ul>\n<p>&nbsp;<\/p>\n<\/div>\n<div class=\"mc-column content-text active-extra-styles\" data-block-type=\"raw\" data-block-weight=\"5\" data-block-id=\"31\">\n<div class=\"content-intertitle\">\n<h2>Simula\u00e7\u00e3o anterior de 2\u00ba turno<\/h2>\n<\/div>\n<p>&nbsp;<\/p>\n<\/div>\n<div class=\"mc-column content-text active-extra-styles \" data-block-type=\"unstyled\" data-block-weight=\"28\" data-block-id=\"32\">\n<p class=\"content-text__container \" data-track-category=\"Link no Texto\" data-track-links=\"\">Na\u00a0<a href=\"https:\/\/g1.globo.com\/pb\/paraiba\/eleicoes\/2022\/noticia\/2022\/10\/01\/pesquisa-ipec-paraiba-votos-validos-governador.ghtml\">simula\u00e7\u00e3o de segundo turno divulgada pelo Ipec em 1\u00ba de outubro, na v\u00e9spera da vota\u00e7\u00e3o do primeiro turno<\/a>, Jo\u00e3o Azev\u00eado tinha 43%, e Pedro Cunha Lima, 39%.<\/p>\n<\/div>\n<div class=\"mc-column content-text active-extra-styles\" data-block-type=\"raw\" data-block-weight=\"31\" data-block-id=\"33\">\n<ul class=\"content-unordered-list\">\n<li>Jo\u00e3o Azev\u00eado (PSB): 43% (tinha 44% em 22 de setembro)<\/li>\n<li>Pedro Cunha Lima (PSDB): 39% (tinha 36%)<\/li>\n<li>Brancos e nulos: 16% (16% na anterior)<\/li>\n<li>N\u00e3o sabem\/n\u00e3o responderam: 3% (5% na anterior)<\/li>\n<\/ul>\n<\/div>\n<div class=\"mc-column content-text active-extra-styles \" data-block-type=\"unstyled\" data-block-weight=\"24\" data-block-id=\"34\">\n<p class=\"content-text__container \" data-track-category=\"Link no Texto\" data-track-links=\"\">No primeiro turno,\u00a0<a href=\"https:\/\/g1.globo.com\/pb\/paraiba\/eleicoes\/2022\/apuracao\/governador.ghtml\">Jo\u00e3o Azev\u00eado recebeu 863.174 votos (39,65%) e Pedro Cunha Lima, 520.155 (23,90%)<\/a>. O segundo turno est\u00e1 marcado para 30 de outubro.<\/p>\n<p data-track-category=\"Link no Texto\" data-track-links=\"\"><strong>Noticias em Destaque<\/strong><\/p>\n<p style=\"text-align: right;\" data-track-category=\"Link no Texto\" data-track-links=\"\"><em>Fonte: G1 PB<\/em><\/p>\n<\/div>\n<\/div>\n","protected":false},"excerpt":{"rendered":"<p>Pesquisa Ipec encomendada pela TV Cabo Branco, divulgada nesta quinta-feira (20), revela os \u00edndices de voto para governador da Para\u00edba. O candidato \u00e0 reelei\u00e7\u00e3o, Jo\u00e3o Azev\u00eado (PSB), lidera com 47%, e Pedro Cunha Lima (PSDB) tem 42% das inten\u00e7\u00f5es, considerando os votos totais. Este \u00e9 o primeiro levantamento feito pelo instituto ap\u00f3s o primeiro turno das elei\u00e7\u00f5es. Os eleitores voltam \u00e0s urnas no dia 30 de outubro. Entre os eleitores paraibanos,\u00a083% afirmam que a decis\u00e3o do seu voto \u00e9 definitiva, e 16% declaram que ainda podem mudar de candidato at\u00e9 o dia da elei\u00e7\u00e3o. Pesquisa Ipec revela os \u00edndices de voto para governador da Para\u00edba \u2014 Foto: Reprodu\u00e7\u00e3o\/TV Cabo Branco Na\u00a0pergunta espont\u00e2nea\u00a0de inten\u00e7\u00e3o de voto, na qual os nomes dos candidatos n\u00e3o s\u00e3o apresentados para os entrevistados,\u00a011% est\u00e3o indecisos, ou seja, n\u00e3o sabem apontar espontaneamente em quem votariam. J\u00e1 os que dizem de forma espont\u00e2nea que\u00a0pretendem votar em branco ou nulo totalizam 10%\u00a0(veja mais abaixo). Essa propor\u00e7\u00e3o de eleitores pode trazer movimenta\u00e7\u00f5es de \u00faltima hora, segundo o Ipec. Pesquisa Ipec revela os \u00edndices de voto para governador da Para\u00edba \u2014 Foto: Reprodu\u00e7\u00e3o\/TV Cabo Branco A pesquisa ouviu 800 pessoas entre os dias 18 e 20 de outubro em 36 munic\u00edpios paraibanos. A margem de erro \u00e9 de tr\u00eas pontos percentuais para mais ou para menos, considerando um n\u00edvel de confian\u00e7a de 95%. A pesquisa foi registrada no Tribunal Regional Eleitoral da Para\u00edba sob o protocolo PB-02083\/2022 e no Tribunal Superior Eleitoral sob o protocolo BR-06722\/2022. Votos totais &nbsp; Resposta estimulada e \u00fanica, em %: Jo\u00e3o Azev\u00eado (PSB): 47% Pedro Cunha Lima (PSDB): 42% Brancos e nulos: 7% N\u00e3o sabem ou n\u00e3o responderam: 4% &nbsp; Em rela\u00e7\u00e3o a Jo\u00e3o Azev\u00eado, suas inten\u00e7\u00f5es de voto t\u00eam destaque entre eleitores: Que avaliam seu governo como \u00f3timo\/bom (80%) Com 60 anos ou mais (57%) em rela\u00e7\u00e3o aos mais jovens (39%) Que t\u00eam o ensino fundamental (55%), na compara\u00e7\u00e3o com os que possuem o ensino m\u00e9dio completo (41%) ou o ensino superior (40%); Cat\u00f3licos (53%) ante evang\u00e9licos (32%) &nbsp; Quanto a Pedro Cunha Lima, suas men\u00e7\u00f5es s\u00e3o mais expressivas entre eleitores: Que avaliam negativamente a gest\u00e3o estadual (85%) Que t\u00eam de 16 a 24 anos (57%) Evang\u00e9licos (57%) ante cat\u00f3licos (37%) Com ensino superior (51%) e m\u00e9dio (49%), em rela\u00e7\u00e3o aos menos instru\u00eddos (33%). &nbsp; Votos v\u00e1lidos &nbsp; Considerando os\u00a0votos v\u00e1lidos, quando s\u00e3o exclu\u00eddos os votos nulos e brancos, Jo\u00e3o tem 53%, e Pedro, 47%. O procedimento \u00e9 o mesmo utilizado pela Justi\u00e7a Eleitoral para divulgar o resultado oficial da elei\u00e7\u00e3o. Resposta estimulada e \u00fanica, em % de votos v\u00e1lidos: Jo\u00e3o Azev\u00eado (PSB): 53% Pedro Cunha Lima (PSDB): 47% &nbsp; Espont\u00e2nea &nbsp; Na sondagem espont\u00e2nea, quando os entrevistadores n\u00e3o apresentam previamente o nome de nenhum dos dois candidatos,\u00a0Jo\u00e3o aparece com 40%, e Pedro, com 35%. Resposta espont\u00e2nea e \u00fanica, em % de votos totais: Jo\u00e3o Azev\u00eado (PSB): 40% Pedro Cunha Lima (PSDB): 35% Outros: 4% Brancos e nulos: 10% N\u00e3o sabem ou n\u00e3o responderam: 11% &nbsp; Expectativa de vit\u00f3ria &nbsp; Expectativa de vit\u00f3ria independentemente da inten\u00e7\u00e3o de voto: Jo\u00e3o Azev\u00eado (PSB): 57% Pedro Cunha Lima (PSDB): 29% N\u00e3o sabem ou preferem n\u00e3o opinar: 14% &nbsp; Simula\u00e7\u00e3o anterior de 2\u00ba turno &nbsp; Na\u00a0simula\u00e7\u00e3o de segundo turno divulgada pelo Ipec em 1\u00ba de outubro, na v\u00e9spera da vota\u00e7\u00e3o do primeiro turno, Jo\u00e3o Azev\u00eado tinha 43%, e Pedro Cunha Lima, 39%. Jo\u00e3o Azev\u00eado (PSB): 43% (tinha 44% em 22 de setembro) Pedro Cunha Lima (PSDB): 39% (tinha 36%) Brancos e nulos: 16% (16% na anterior) N\u00e3o sabem\/n\u00e3o responderam: 3% (5% na anterior) No primeiro turno,\u00a0Jo\u00e3o Azev\u00eado recebeu 863.174 votos (39,65%) e Pedro Cunha Lima, 520.155 (23,90%). O segundo turno est\u00e1 marcado para 30 de outubro. Noticias em Destaque Fonte: G1 PB<\/p>\n","protected":false},"author":2,"featured_media":43534,"comment_status":"closed","ping_status":"open","sticky":false,"template":"","format":"standard","meta":{"_eb_attr":"","_jetpack_memberships_contains_paid_content":false,"footnotes":""},"categories":[4],"tags":[],"class_list":["post-43533","post","type-post","status-publish","format-standard","has-post-thumbnail","hentry","category-politica"],"yoast_head":"<!-- This site is optimized with the Yoast SEO plugin v26.5 - https:\/\/yoast.com\/wordpress\/plugins\/seo\/ -->\n<title>Ipec na PB: Jo\u00e3o tem 47%, e Pedro, 42% - Not&iacute;cias em Destaque<\/title>\n<meta name=\"robots\" content=\"index, follow, max-snippet:-1, max-image-preview:large, max-video-preview:-1\" \/>\n<link rel=\"canonical\" href=\"https:\/\/noticiasemdestaque.com\/cd\/?p=43533\" \/>\n<meta property=\"og:locale\" content=\"pt_BR\" \/>\n<meta property=\"og:type\" content=\"article\" \/>\n<meta property=\"og:title\" content=\"Ipec na PB: Jo\u00e3o tem 47%, e Pedro, 42% - Not&iacute;cias em Destaque\" \/>\n<meta property=\"og:description\" content=\"Pesquisa Ipec encomendada pela TV Cabo Branco, divulgada nesta quinta-feira (20), revela os \u00edndices de voto para governador da Para\u00edba. O candidato \u00e0 reelei\u00e7\u00e3o, Jo\u00e3o Azev\u00eado (PSB), lidera com 47%, e Pedro Cunha Lima (PSDB) tem 42% das inten\u00e7\u00f5es, considerando os votos totais. Este \u00e9 o primeiro levantamento feito pelo instituto ap\u00f3s o primeiro turno das elei\u00e7\u00f5es. Os eleitores voltam \u00e0s urnas no dia 30 de outubro. Entre os eleitores paraibanos,\u00a083% afirmam que a decis\u00e3o do seu voto \u00e9 definitiva, e 16% declaram que ainda podem mudar de candidato at\u00e9 o dia da elei\u00e7\u00e3o. Pesquisa Ipec revela os \u00edndices de voto para governador da Para\u00edba \u2014 Foto: Reprodu\u00e7\u00e3o\/TV Cabo Branco Na\u00a0pergunta espont\u00e2nea\u00a0de inten\u00e7\u00e3o de voto, na qual os nomes dos candidatos n\u00e3o s\u00e3o apresentados para os entrevistados,\u00a011% est\u00e3o indecisos, ou seja, n\u00e3o sabem apontar espontaneamente em quem votariam. J\u00e1 os que dizem de forma espont\u00e2nea que\u00a0pretendem votar em branco ou nulo totalizam 10%\u00a0(veja mais abaixo). Essa propor\u00e7\u00e3o de eleitores pode trazer movimenta\u00e7\u00f5es de \u00faltima hora, segundo o Ipec. Pesquisa Ipec revela os \u00edndices de voto para governador da Para\u00edba \u2014 Foto: Reprodu\u00e7\u00e3o\/TV Cabo Branco A pesquisa ouviu 800 pessoas entre os dias 18 e 20 de outubro em 36 munic\u00edpios paraibanos. A margem de erro \u00e9 de tr\u00eas pontos percentuais para mais ou para menos, considerando um n\u00edvel de confian\u00e7a de 95%. A pesquisa foi registrada no Tribunal Regional Eleitoral da Para\u00edba sob o protocolo PB-02083\/2022 e no Tribunal Superior Eleitoral sob o protocolo BR-06722\/2022. Votos totais &nbsp; Resposta estimulada e \u00fanica, em %: Jo\u00e3o Azev\u00eado (PSB): 47% Pedro Cunha Lima (PSDB): 42% Brancos e nulos: 7% N\u00e3o sabem ou n\u00e3o responderam: 4% &nbsp; Em rela\u00e7\u00e3o a Jo\u00e3o Azev\u00eado, suas inten\u00e7\u00f5es de voto t\u00eam destaque entre eleitores: Que avaliam seu governo como \u00f3timo\/bom (80%) Com 60 anos ou mais (57%) em rela\u00e7\u00e3o aos mais jovens (39%) Que t\u00eam o ensino fundamental (55%), na compara\u00e7\u00e3o com os que possuem o ensino m\u00e9dio completo (41%) ou o ensino superior (40%); Cat\u00f3licos (53%) ante evang\u00e9licos (32%) &nbsp; Quanto a Pedro Cunha Lima, suas men\u00e7\u00f5es s\u00e3o mais expressivas entre eleitores: Que avaliam negativamente a gest\u00e3o estadual (85%) Que t\u00eam de 16 a 24 anos (57%) Evang\u00e9licos (57%) ante cat\u00f3licos (37%) Com ensino superior (51%) e m\u00e9dio (49%), em rela\u00e7\u00e3o aos menos instru\u00eddos (33%). &nbsp; Votos v\u00e1lidos &nbsp; Considerando os\u00a0votos v\u00e1lidos, quando s\u00e3o exclu\u00eddos os votos nulos e brancos, Jo\u00e3o tem 53%, e Pedro, 47%. O procedimento \u00e9 o mesmo utilizado pela Justi\u00e7a Eleitoral para divulgar o resultado oficial da elei\u00e7\u00e3o. Resposta estimulada e \u00fanica, em % de votos v\u00e1lidos: Jo\u00e3o Azev\u00eado (PSB): 53% Pedro Cunha Lima (PSDB): 47% &nbsp; Espont\u00e2nea &nbsp; Na sondagem espont\u00e2nea, quando os entrevistadores n\u00e3o apresentam previamente o nome de nenhum dos dois candidatos,\u00a0Jo\u00e3o aparece com 40%, e Pedro, com 35%. Resposta espont\u00e2nea e \u00fanica, em % de votos totais: Jo\u00e3o Azev\u00eado (PSB): 40% Pedro Cunha Lima (PSDB): 35% Outros: 4% Brancos e nulos: 10% N\u00e3o sabem ou n\u00e3o responderam: 11% &nbsp; Expectativa de vit\u00f3ria &nbsp; Expectativa de vit\u00f3ria independentemente da inten\u00e7\u00e3o de voto: Jo\u00e3o Azev\u00eado (PSB): 57% Pedro Cunha Lima (PSDB): 29% N\u00e3o sabem ou preferem n\u00e3o opinar: 14% &nbsp; Simula\u00e7\u00e3o anterior de 2\u00ba turno &nbsp; Na\u00a0simula\u00e7\u00e3o de segundo turno divulgada pelo Ipec em 1\u00ba de outubro, na v\u00e9spera da vota\u00e7\u00e3o do primeiro turno, Jo\u00e3o Azev\u00eado tinha 43%, e Pedro Cunha Lima, 39%. Jo\u00e3o Azev\u00eado (PSB): 43% (tinha 44% em 22 de setembro) Pedro Cunha Lima (PSDB): 39% (tinha 36%) Brancos e nulos: 16% (16% na anterior) N\u00e3o sabem\/n\u00e3o responderam: 3% (5% na anterior) No primeiro turno,\u00a0Jo\u00e3o Azev\u00eado recebeu 863.174 votos (39,65%) e Pedro Cunha Lima, 520.155 (23,90%). O segundo turno est\u00e1 marcado para 30 de outubro. Noticias em Destaque Fonte: G1 PB\" \/>\n<meta property=\"og:url\" content=\"https:\/\/noticiasemdestaque.com\/cd\/?p=43533\" \/>\n<meta property=\"og:site_name\" content=\"Not&iacute;cias em Destaque\" \/>\n<meta property=\"article:published_time\" content=\"2022-10-21T12:20:22+00:00\" \/>\n<meta property=\"og:image\" content=\"https:\/\/noticiasemdestaque.com\/cd\/wp-content\/uploads\/2022\/10\/joao-azevedo-e-pedro-cunha-lima.webp\" \/>\n\t<meta property=\"og:image:width\" content=\"984\" \/>\n\t<meta property=\"og:image:height\" content=\"984\" \/>\n\t<meta property=\"og:image:type\" content=\"image\/webp\" \/>\n<meta name=\"author\" content=\"Not\u00edcias em Destaque\" \/>\n<meta name=\"twitter:card\" content=\"summary_large_image\" \/>\n<meta name=\"twitter:label1\" content=\"Escrito por\" \/>\n\t<meta name=\"twitter:data1\" content=\"Not\u00edcias em Destaque\" \/>\n\t<meta name=\"twitter:label2\" content=\"Est. tempo de leitura\" \/>\n\t<meta name=\"twitter:data2\" content=\"4 minutos\" \/>\n<script type=\"application\/ld+json\" class=\"yoast-schema-graph\">{\"@context\":\"https:\/\/schema.org\",\"@graph\":[{\"@type\":\"Article\",\"@id\":\"https:\/\/noticiasemdestaque.com\/cd\/?p=43533#article\",\"isPartOf\":{\"@id\":\"https:\/\/noticiasemdestaque.com\/cd\/?p=43533\"},\"author\":{\"name\":\"Not\u00edcias em Destaque\",\"@id\":\"https:\/\/noticiasemdestaque.com\/cd\/#\/schema\/person\/4a81fb71f77579d059c3045891fa1786\"},\"headline\":\"Ipec na PB: Jo\u00e3o tem 47%, e Pedro, 42%\",\"datePublished\":\"2022-10-21T12:20:22+00:00\",\"mainEntityOfPage\":{\"@id\":\"https:\/\/noticiasemdestaque.com\/cd\/?p=43533\"},\"wordCount\":647,\"publisher\":{\"@id\":\"https:\/\/noticiasemdestaque.com\/cd\/#organization\"},\"image\":{\"@id\":\"https:\/\/noticiasemdestaque.com\/cd\/?p=43533#primaryimage\"},\"thumbnailUrl\":\"https:\/\/noticiasemdestaque.com\/cd\/wp-content\/uploads\/2022\/10\/joao-azevedo-e-pedro-cunha-lima.webp\",\"articleSection\":[\"Pol\u00edtica\"],\"inLanguage\":\"pt-BR\"},{\"@type\":\"WebPage\",\"@id\":\"https:\/\/noticiasemdestaque.com\/cd\/?p=43533\",\"url\":\"https:\/\/noticiasemdestaque.com\/cd\/?p=43533\",\"name\":\"Ipec na PB: Jo\u00e3o tem 47%, e Pedro, 42% - Not&iacute;cias em Destaque\",\"isPartOf\":{\"@id\":\"https:\/\/noticiasemdestaque.com\/cd\/#website\"},\"primaryImageOfPage\":{\"@id\":\"https:\/\/noticiasemdestaque.com\/cd\/?p=43533#primaryimage\"},\"image\":{\"@id\":\"https:\/\/noticiasemdestaque.com\/cd\/?p=43533#primaryimage\"},\"thumbnailUrl\":\"https:\/\/noticiasemdestaque.com\/cd\/wp-content\/uploads\/2022\/10\/joao-azevedo-e-pedro-cunha-lima.webp\",\"datePublished\":\"2022-10-21T12:20:22+00:00\",\"breadcrumb\":{\"@id\":\"https:\/\/noticiasemdestaque.com\/cd\/?p=43533#breadcrumb\"},\"inLanguage\":\"pt-BR\",\"potentialAction\":[{\"@type\":\"ReadAction\",\"target\":[\"https:\/\/noticiasemdestaque.com\/cd\/?p=43533\"]}]},{\"@type\":\"ImageObject\",\"inLanguage\":\"pt-BR\",\"@id\":\"https:\/\/noticiasemdestaque.com\/cd\/?p=43533#primaryimage\",\"url\":\"https:\/\/noticiasemdestaque.com\/cd\/wp-content\/uploads\/2022\/10\/joao-azevedo-e-pedro-cunha-lima.webp\",\"contentUrl\":\"https:\/\/noticiasemdestaque.com\/cd\/wp-content\/uploads\/2022\/10\/joao-azevedo-e-pedro-cunha-lima.webp\",\"width\":984,\"height\":984},{\"@type\":\"BreadcrumbList\",\"@id\":\"https:\/\/noticiasemdestaque.com\/cd\/?p=43533#breadcrumb\",\"itemListElement\":[{\"@type\":\"ListItem\",\"position\":1,\"name\":\"In\u00edcio\",\"item\":\"https:\/\/noticiasemdestaque.com\/cd\/\"},{\"@type\":\"ListItem\",\"position\":2,\"name\":\"Ipec na PB: Jo\u00e3o tem 47%, e Pedro, 42%\"}]},{\"@type\":\"WebSite\",\"@id\":\"https:\/\/noticiasemdestaque.com\/cd\/#website\",\"url\":\"https:\/\/noticiasemdestaque.com\/cd\/\",\"name\":\"Not&iacute;cias em Destaque\",\"description\":\"\",\"publisher\":{\"@id\":\"https:\/\/noticiasemdestaque.com\/cd\/#organization\"},\"potentialAction\":[{\"@type\":\"SearchAction\",\"target\":{\"@type\":\"EntryPoint\",\"urlTemplate\":\"https:\/\/noticiasemdestaque.com\/cd\/?s={search_term_string}\"},\"query-input\":{\"@type\":\"PropertyValueSpecification\",\"valueRequired\":true,\"valueName\":\"search_term_string\"}}],\"inLanguage\":\"pt-BR\"},{\"@type\":\"Organization\",\"@id\":\"https:\/\/noticiasemdestaque.com\/cd\/#organization\",\"name\":\"Not\u00edcias em Destaque\",\"url\":\"https:\/\/noticiasemdestaque.com\/cd\/\",\"logo\":{\"@type\":\"ImageObject\",\"inLanguage\":\"pt-BR\",\"@id\":\"https:\/\/noticiasemdestaque.com\/cd\/#\/schema\/logo\/image\/\",\"url\":\"https:\/\/noticiasemdestaque.com\/cd\/wp-content\/uploads\/2022\/05\/imagem-base-noticiasemdestaque.png\",\"contentUrl\":\"https:\/\/noticiasemdestaque.com\/cd\/wp-content\/uploads\/2022\/05\/imagem-base-noticiasemdestaque.png\",\"width\":1200,\"height\":630,\"caption\":\"Not\u00edcias em Destaque\"},\"image\":{\"@id\":\"https:\/\/noticiasemdestaque.com\/cd\/#\/schema\/logo\/image\/\"}},{\"@type\":\"Person\",\"@id\":\"https:\/\/noticiasemdestaque.com\/cd\/#\/schema\/person\/4a81fb71f77579d059c3045891fa1786\",\"name\":\"Not\u00edcias em Destaque\",\"url\":\"https:\/\/noticiasemdestaque.com\/cd\/?author=2\"}]}<\/script>\n<!-- \/ Yoast SEO plugin. -->","yoast_head_json":{"title":"Ipec na PB: Jo\u00e3o tem 47%, e Pedro, 42% - Not&iacute;cias em Destaque","robots":{"index":"index","follow":"follow","max-snippet":"max-snippet:-1","max-image-preview":"max-image-preview:large","max-video-preview":"max-video-preview:-1"},"canonical":"https:\/\/noticiasemdestaque.com\/cd\/?p=43533","og_locale":"pt_BR","og_type":"article","og_title":"Ipec na PB: Jo\u00e3o tem 47%, e Pedro, 42% - Not&iacute;cias em Destaque","og_description":"Pesquisa Ipec encomendada pela TV Cabo Branco, divulgada nesta quinta-feira (20), revela os \u00edndices de voto para governador da Para\u00edba. O candidato \u00e0 reelei\u00e7\u00e3o, Jo\u00e3o Azev\u00eado (PSB), lidera com 47%, e Pedro Cunha Lima (PSDB) tem 42% das inten\u00e7\u00f5es, considerando os votos totais. Este \u00e9 o primeiro levantamento feito pelo instituto ap\u00f3s o primeiro turno das elei\u00e7\u00f5es. Os eleitores voltam \u00e0s urnas no dia 30 de outubro. Entre os eleitores paraibanos,\u00a083% afirmam que a decis\u00e3o do seu voto \u00e9 definitiva, e 16% declaram que ainda podem mudar de candidato at\u00e9 o dia da elei\u00e7\u00e3o. Pesquisa Ipec revela os \u00edndices de voto para governador da Para\u00edba \u2014 Foto: Reprodu\u00e7\u00e3o\/TV Cabo Branco Na\u00a0pergunta espont\u00e2nea\u00a0de inten\u00e7\u00e3o de voto, na qual os nomes dos candidatos n\u00e3o s\u00e3o apresentados para os entrevistados,\u00a011% est\u00e3o indecisos, ou seja, n\u00e3o sabem apontar espontaneamente em quem votariam. J\u00e1 os que dizem de forma espont\u00e2nea que\u00a0pretendem votar em branco ou nulo totalizam 10%\u00a0(veja mais abaixo). Essa propor\u00e7\u00e3o de eleitores pode trazer movimenta\u00e7\u00f5es de \u00faltima hora, segundo o Ipec. Pesquisa Ipec revela os \u00edndices de voto para governador da Para\u00edba \u2014 Foto: Reprodu\u00e7\u00e3o\/TV Cabo Branco A pesquisa ouviu 800 pessoas entre os dias 18 e 20 de outubro em 36 munic\u00edpios paraibanos. A margem de erro \u00e9 de tr\u00eas pontos percentuais para mais ou para menos, considerando um n\u00edvel de confian\u00e7a de 95%. A pesquisa foi registrada no Tribunal Regional Eleitoral da Para\u00edba sob o protocolo PB-02083\/2022 e no Tribunal Superior Eleitoral sob o protocolo BR-06722\/2022. Votos totais &nbsp; Resposta estimulada e \u00fanica, em %: Jo\u00e3o Azev\u00eado (PSB): 47% Pedro Cunha Lima (PSDB): 42% Brancos e nulos: 7% N\u00e3o sabem ou n\u00e3o responderam: 4% &nbsp; Em rela\u00e7\u00e3o a Jo\u00e3o Azev\u00eado, suas inten\u00e7\u00f5es de voto t\u00eam destaque entre eleitores: Que avaliam seu governo como \u00f3timo\/bom (80%) Com 60 anos ou mais (57%) em rela\u00e7\u00e3o aos mais jovens (39%) Que t\u00eam o ensino fundamental (55%), na compara\u00e7\u00e3o com os que possuem o ensino m\u00e9dio completo (41%) ou o ensino superior (40%); Cat\u00f3licos (53%) ante evang\u00e9licos (32%) &nbsp; Quanto a Pedro Cunha Lima, suas men\u00e7\u00f5es s\u00e3o mais expressivas entre eleitores: Que avaliam negativamente a gest\u00e3o estadual (85%) Que t\u00eam de 16 a 24 anos (57%) Evang\u00e9licos (57%) ante cat\u00f3licos (37%) Com ensino superior (51%) e m\u00e9dio (49%), em rela\u00e7\u00e3o aos menos instru\u00eddos (33%). &nbsp; Votos v\u00e1lidos &nbsp; Considerando os\u00a0votos v\u00e1lidos, quando s\u00e3o exclu\u00eddos os votos nulos e brancos, Jo\u00e3o tem 53%, e Pedro, 47%. O procedimento \u00e9 o mesmo utilizado pela Justi\u00e7a Eleitoral para divulgar o resultado oficial da elei\u00e7\u00e3o. Resposta estimulada e \u00fanica, em % de votos v\u00e1lidos: Jo\u00e3o Azev\u00eado (PSB): 53% Pedro Cunha Lima (PSDB): 47% &nbsp; Espont\u00e2nea &nbsp; Na sondagem espont\u00e2nea, quando os entrevistadores n\u00e3o apresentam previamente o nome de nenhum dos dois candidatos,\u00a0Jo\u00e3o aparece com 40%, e Pedro, com 35%. Resposta espont\u00e2nea e \u00fanica, em % de votos totais: Jo\u00e3o Azev\u00eado (PSB): 40% Pedro Cunha Lima (PSDB): 35% Outros: 4% Brancos e nulos: 10% N\u00e3o sabem ou n\u00e3o responderam: 11% &nbsp; Expectativa de vit\u00f3ria &nbsp; Expectativa de vit\u00f3ria independentemente da inten\u00e7\u00e3o de voto: Jo\u00e3o Azev\u00eado (PSB): 57% Pedro Cunha Lima (PSDB): 29% N\u00e3o sabem ou preferem n\u00e3o opinar: 14% &nbsp; Simula\u00e7\u00e3o anterior de 2\u00ba turno &nbsp; Na\u00a0simula\u00e7\u00e3o de segundo turno divulgada pelo Ipec em 1\u00ba de outubro, na v\u00e9spera da vota\u00e7\u00e3o do primeiro turno, Jo\u00e3o Azev\u00eado tinha 43%, e Pedro Cunha Lima, 39%. Jo\u00e3o Azev\u00eado (PSB): 43% (tinha 44% em 22 de setembro) Pedro Cunha Lima (PSDB): 39% (tinha 36%) Brancos e nulos: 16% (16% na anterior) N\u00e3o sabem\/n\u00e3o responderam: 3% (5% na anterior) No primeiro turno,\u00a0Jo\u00e3o Azev\u00eado recebeu 863.174 votos (39,65%) e Pedro Cunha Lima, 520.155 (23,90%). O segundo turno est\u00e1 marcado para 30 de outubro. Noticias em Destaque Fonte: G1 PB","og_url":"https:\/\/noticiasemdestaque.com\/cd\/?p=43533","og_site_name":"Not&iacute;cias em Destaque","article_published_time":"2022-10-21T12:20:22+00:00","og_image":[{"width":984,"height":984,"url":"https:\/\/noticiasemdestaque.com\/cd\/wp-content\/uploads\/2022\/10\/joao-azevedo-e-pedro-cunha-lima.webp","type":"image\/webp"}],"author":"Not\u00edcias em Destaque","twitter_card":"summary_large_image","twitter_misc":{"Escrito por":"Not\u00edcias em Destaque","Est. tempo de leitura":"4 minutos"},"schema":{"@context":"https:\/\/schema.org","@graph":[{"@type":"Article","@id":"https:\/\/noticiasemdestaque.com\/cd\/?p=43533#article","isPartOf":{"@id":"https:\/\/noticiasemdestaque.com\/cd\/?p=43533"},"author":{"name":"Not\u00edcias em Destaque","@id":"https:\/\/noticiasemdestaque.com\/cd\/#\/schema\/person\/4a81fb71f77579d059c3045891fa1786"},"headline":"Ipec na PB: Jo\u00e3o tem 47%, e Pedro, 42%","datePublished":"2022-10-21T12:20:22+00:00","mainEntityOfPage":{"@id":"https:\/\/noticiasemdestaque.com\/cd\/?p=43533"},"wordCount":647,"publisher":{"@id":"https:\/\/noticiasemdestaque.com\/cd\/#organization"},"image":{"@id":"https:\/\/noticiasemdestaque.com\/cd\/?p=43533#primaryimage"},"thumbnailUrl":"https:\/\/noticiasemdestaque.com\/cd\/wp-content\/uploads\/2022\/10\/joao-azevedo-e-pedro-cunha-lima.webp","articleSection":["Pol\u00edtica"],"inLanguage":"pt-BR"},{"@type":"WebPage","@id":"https:\/\/noticiasemdestaque.com\/cd\/?p=43533","url":"https:\/\/noticiasemdestaque.com\/cd\/?p=43533","name":"Ipec na PB: Jo\u00e3o tem 47%, e Pedro, 42% - Not&iacute;cias em Destaque","isPartOf":{"@id":"https:\/\/noticiasemdestaque.com\/cd\/#website"},"primaryImageOfPage":{"@id":"https:\/\/noticiasemdestaque.com\/cd\/?p=43533#primaryimage"},"image":{"@id":"https:\/\/noticiasemdestaque.com\/cd\/?p=43533#primaryimage"},"thumbnailUrl":"https:\/\/noticiasemdestaque.com\/cd\/wp-content\/uploads\/2022\/10\/joao-azevedo-e-pedro-cunha-lima.webp","datePublished":"2022-10-21T12:20:22+00:00","breadcrumb":{"@id":"https:\/\/noticiasemdestaque.com\/cd\/?p=43533#breadcrumb"},"inLanguage":"pt-BR","potentialAction":[{"@type":"ReadAction","target":["https:\/\/noticiasemdestaque.com\/cd\/?p=43533"]}]},{"@type":"ImageObject","inLanguage":"pt-BR","@id":"https:\/\/noticiasemdestaque.com\/cd\/?p=43533#primaryimage","url":"https:\/\/noticiasemdestaque.com\/cd\/wp-content\/uploads\/2022\/10\/joao-azevedo-e-pedro-cunha-lima.webp","contentUrl":"https:\/\/noticiasemdestaque.com\/cd\/wp-content\/uploads\/2022\/10\/joao-azevedo-e-pedro-cunha-lima.webp","width":984,"height":984},{"@type":"BreadcrumbList","@id":"https:\/\/noticiasemdestaque.com\/cd\/?p=43533#breadcrumb","itemListElement":[{"@type":"ListItem","position":1,"name":"In\u00edcio","item":"https:\/\/noticiasemdestaque.com\/cd\/"},{"@type":"ListItem","position":2,"name":"Ipec na PB: Jo\u00e3o tem 47%, e Pedro, 42%"}]},{"@type":"WebSite","@id":"https:\/\/noticiasemdestaque.com\/cd\/#website","url":"https:\/\/noticiasemdestaque.com\/cd\/","name":"Not&iacute;cias em Destaque","description":"","publisher":{"@id":"https:\/\/noticiasemdestaque.com\/cd\/#organization"},"potentialAction":[{"@type":"SearchAction","target":{"@type":"EntryPoint","urlTemplate":"https:\/\/noticiasemdestaque.com\/cd\/?s={search_term_string}"},"query-input":{"@type":"PropertyValueSpecification","valueRequired":true,"valueName":"search_term_string"}}],"inLanguage":"pt-BR"},{"@type":"Organization","@id":"https:\/\/noticiasemdestaque.com\/cd\/#organization","name":"Not\u00edcias em Destaque","url":"https:\/\/noticiasemdestaque.com\/cd\/","logo":{"@type":"ImageObject","inLanguage":"pt-BR","@id":"https:\/\/noticiasemdestaque.com\/cd\/#\/schema\/logo\/image\/","url":"https:\/\/noticiasemdestaque.com\/cd\/wp-content\/uploads\/2022\/05\/imagem-base-noticiasemdestaque.png","contentUrl":"https:\/\/noticiasemdestaque.com\/cd\/wp-content\/uploads\/2022\/05\/imagem-base-noticiasemdestaque.png","width":1200,"height":630,"caption":"Not\u00edcias em Destaque"},"image":{"@id":"https:\/\/noticiasemdestaque.com\/cd\/#\/schema\/logo\/image\/"}},{"@type":"Person","@id":"https:\/\/noticiasemdestaque.com\/cd\/#\/schema\/person\/4a81fb71f77579d059c3045891fa1786","name":"Not\u00edcias em Destaque","url":"https:\/\/noticiasemdestaque.com\/cd\/?author=2"}]}},"jetpack_featured_media_url":"https:\/\/noticiasemdestaque.com\/cd\/wp-content\/uploads\/2022\/10\/joao-azevedo-e-pedro-cunha-lima.webp","jetpack_sharing_enabled":true,"_links":{"self":[{"href":"https:\/\/noticiasemdestaque.com\/cd\/index.php?rest_route=\/wp\/v2\/posts\/43533","targetHints":{"allow":["GET"]}}],"collection":[{"href":"https:\/\/noticiasemdestaque.com\/cd\/index.php?rest_route=\/wp\/v2\/posts"}],"about":[{"href":"https:\/\/noticiasemdestaque.com\/cd\/index.php?rest_route=\/wp\/v2\/types\/post"}],"author":[{"embeddable":true,"href":"https:\/\/noticiasemdestaque.com\/cd\/index.php?rest_route=\/wp\/v2\/users\/2"}],"replies":[{"embeddable":true,"href":"https:\/\/noticiasemdestaque.com\/cd\/index.php?rest_route=%2Fwp%2Fv2%2Fcomments&post=43533"}],"version-history":[{"count":1,"href":"https:\/\/noticiasemdestaque.com\/cd\/index.php?rest_route=\/wp\/v2\/posts\/43533\/revisions"}],"predecessor-version":[{"id":43535,"href":"https:\/\/noticiasemdestaque.com\/cd\/index.php?rest_route=\/wp\/v2\/posts\/43533\/revisions\/43535"}],"wp:featuredmedia":[{"embeddable":true,"href":"https:\/\/noticiasemdestaque.com\/cd\/index.php?rest_route=\/wp\/v2\/media\/43534"}],"wp:attachment":[{"href":"https:\/\/noticiasemdestaque.com\/cd\/index.php?rest_route=%2Fwp%2Fv2%2Fmedia&parent=43533"}],"wp:term":[{"taxonomy":"category","embeddable":true,"href":"https:\/\/noticiasemdestaque.com\/cd\/index.php?rest_route=%2Fwp%2Fv2%2Fcategories&post=43533"},{"taxonomy":"post_tag","embeddable":true,"href":"https:\/\/noticiasemdestaque.com\/cd\/index.php?rest_route=%2Fwp%2Fv2%2Ftags&post=43533"}],"curies":[{"name":"wp","href":"https:\/\/api.w.org\/{rel}","templated":true}]}}