{"id":43529,"date":"2022-10-21T09:06:31","date_gmt":"2022-10-21T12:06:31","guid":{"rendered":"https:\/\/noticiasemdestaque.com\/cd\/?p=43529"},"modified":"2022-10-21T09:06:31","modified_gmt":"2022-10-21T12:06:31","slug":"renda-basica-sume-ja-beneficia-200-familias","status":"publish","type":"post","link":"https:\/\/noticiasemdestaque.com\/cd\/?p=43529","title":{"rendered":"Renda B\u00e1sica Sum\u00e9 j\u00e1 beneficia 200 fam\u00edlias"},"content":{"rendered":"<p>O Programa Renda B\u00e1sica Sum\u00e9 j\u00e1 est\u00e1 contemplando 200 fam\u00edlias sumeenses, por meio de um cart\u00e3o magn\u00e9tico no valor de R$ 100,00 para a compra de alimentos, produtos de limpeza e higiene \u00edntima no comercio local.<\/p>\n<p>Ap\u00f3s receber e cadastrar o cart\u00e3o, os benefici\u00e1rios podem fazer as compras nos seguintes estabelecimentos credenciados:<\/p>\n<ol>\n<li>Mercadinho de Amaury \u2013 Alto Alegre<\/li>\n<li>Conveni\u00eancia 24h \u2013 Av 1\u00ba de Abril<\/li>\n<li>Farm\u00e1cia N Sra da Concei\u00e7\u00e3o \u2013 Pr\u00f3ximo a ponte para V\u00e1rzea Redonda<\/li>\n<li>Casa das Carnes \u2013 Pr\u00f3ximo a Casa dos Plantadores<\/li>\n<li>Hortifrute da Janaina \u2013 Av 1\u00ba de Abril<\/li>\n<li>Mercado de Seu Moura \u2013 Alto Alegre<\/li>\n<li>P\u00e3es e Variedades \u2013 Travessa Joana Preta, V\u00e1rzea Redonda<\/li>\n<li>P\u00e3es e Cia \u2013 Av 1\u00ba de Abril<\/li>\n<li>Restaurante do Papudo \u2013 Bairro Frei Dami\u00e3o<\/li>\n<li>Panificadora P\u00e3o Nosso \u2013 Pr\u00f3ximo ao F\u00f3rum<\/li>\n<li>Restaurante Esta\u00e7\u00e3o 412 \u2013 Vizinho aos Correios<\/li>\n<li>Sum\u00e9 Naturais \u2013 Av 1\u00ba de Abril<\/li>\n<li>Terto\u00b4s Mercado \u2013 Mandacaru<\/li>\n<li>Restaurante D\u00b4Gust \u2013 Av 1\u00ba de Abril<\/li>\n<\/ol>\n<p>O Prefeito \u00c9den destaca que o Programa Renda B\u00e1sica vem cumprir um importante papel de transforma\u00e7\u00e3o social visando tamb\u00e9m aquecer a economia local.<\/p>\n<p>Os comerciantes interessados em se cadastrar no programa, devem procurar a Secretaria de Assist\u00eancia Social no bairro da V\u00e1rzea Redonda de segunda a sexta-feira, das 8h as 13h30.<\/p>\n<p><strong>Noticias em Destaque<\/strong><\/p>\n<p style=\"text-align: right;\"><em>Fonte: Ascom\/PMS<\/em><\/p>\n","protected":false},"excerpt":{"rendered":"<p>O Programa Renda B\u00e1sica Sum\u00e9 j\u00e1 est\u00e1 contemplando 200 fam\u00edlias sumeenses, por meio de um cart\u00e3o magn\u00e9tico no valor de R$ 100,00 para a compra de alimentos, produtos de limpeza e higiene \u00edntima no comercio local. Ap\u00f3s receber e cadastrar o cart\u00e3o, os benefici\u00e1rios podem fazer as compras nos seguintes estabelecimentos credenciados: Mercadinho de Amaury \u2013 Alto Alegre Conveni\u00eancia 24h \u2013 Av 1\u00ba de Abril Farm\u00e1cia N Sra da Concei\u00e7\u00e3o \u2013 Pr\u00f3ximo a ponte para V\u00e1rzea Redonda Casa das Carnes \u2013 Pr\u00f3ximo a Casa dos Plantadores Hortifrute da Janaina \u2013 Av 1\u00ba de Abril Mercado de Seu Moura \u2013 Alto Alegre P\u00e3es e Variedades \u2013 Travessa Joana Preta, V\u00e1rzea Redonda P\u00e3es e Cia \u2013 Av 1\u00ba de Abril Restaurante do Papudo \u2013 Bairro Frei Dami\u00e3o Panificadora P\u00e3o Nosso \u2013 Pr\u00f3ximo ao F\u00f3rum Restaurante Esta\u00e7\u00e3o 412 \u2013 Vizinho aos Correios Sum\u00e9 Naturais \u2013 Av 1\u00ba de Abril Terto\u00b4s Mercado \u2013 Mandacaru Restaurante D\u00b4Gust \u2013 Av 1\u00ba de Abril O Prefeito \u00c9den destaca que o Programa Renda B\u00e1sica vem cumprir um importante papel de transforma\u00e7\u00e3o social visando tamb\u00e9m aquecer a economia local. Os comerciantes interessados em se cadastrar no programa, devem procurar a Secretaria de Assist\u00eancia Social no bairro da V\u00e1rzea Redonda de segunda a sexta-feira, das 8h as 13h30. Noticias em Destaque Fonte: Ascom\/PMS<\/p>\n","protected":false},"author":2,"featured_media":43530,"comment_status":"closed","ping_status":"open","sticky":false,"template":"","format":"standard","meta":{"_eb_attr":"","_jetpack_memberships_contains_paid_content":false,"footnotes":""},"categories":[11],"tags":[],"class_list":["post-43529","post","type-post","status-publish","format-standard","has-post-thumbnail","hentry","category-economia"],"yoast_head":"<!-- This site is optimized with the Yoast SEO plugin v26.5 - https:\/\/yoast.com\/wordpress\/plugins\/seo\/ -->\n<title>Renda B\u00e1sica Sum\u00e9 j\u00e1 beneficia 200 fam\u00edlias - Not&iacute;cias em Destaque<\/title>\n<meta name=\"robots\" content=\"index, follow, max-snippet:-1, max-image-preview:large, max-video-preview:-1\" \/>\n<link rel=\"canonical\" href=\"https:\/\/noticiasemdestaque.com\/cd\/?p=43529\" \/>\n<meta property=\"og:locale\" content=\"pt_BR\" \/>\n<meta property=\"og:type\" content=\"article\" \/>\n<meta property=\"og:title\" content=\"Renda B\u00e1sica Sum\u00e9 j\u00e1 beneficia 200 fam\u00edlias - Not&iacute;cias em Destaque\" \/>\n<meta property=\"og:description\" content=\"O Programa Renda B\u00e1sica Sum\u00e9 j\u00e1 est\u00e1 contemplando 200 fam\u00edlias sumeenses, por meio de um cart\u00e3o magn\u00e9tico no valor de R$ 100,00 para a compra de alimentos, produtos de limpeza e higiene \u00edntima no comercio local. Ap\u00f3s receber e cadastrar o cart\u00e3o, os benefici\u00e1rios podem fazer as compras nos seguintes estabelecimentos credenciados: Mercadinho de Amaury \u2013 Alto Alegre Conveni\u00eancia 24h \u2013 Av 1\u00ba de Abril Farm\u00e1cia N Sra da Concei\u00e7\u00e3o \u2013 Pr\u00f3ximo a ponte para V\u00e1rzea Redonda Casa das Carnes \u2013 Pr\u00f3ximo a Casa dos Plantadores Hortifrute da Janaina \u2013 Av 1\u00ba de Abril Mercado de Seu Moura \u2013 Alto Alegre P\u00e3es e Variedades \u2013 Travessa Joana Preta, V\u00e1rzea Redonda P\u00e3es e Cia \u2013 Av 1\u00ba de Abril Restaurante do Papudo \u2013 Bairro Frei Dami\u00e3o Panificadora P\u00e3o Nosso \u2013 Pr\u00f3ximo ao F\u00f3rum Restaurante Esta\u00e7\u00e3o 412 \u2013 Vizinho aos Correios Sum\u00e9 Naturais \u2013 Av 1\u00ba de Abril Terto\u00b4s Mercado \u2013 Mandacaru Restaurante D\u00b4Gust \u2013 Av 1\u00ba de Abril O Prefeito \u00c9den destaca que o Programa Renda B\u00e1sica vem cumprir um importante papel de transforma\u00e7\u00e3o social visando tamb\u00e9m aquecer a economia local. Os comerciantes interessados em se cadastrar no programa, devem procurar a Secretaria de Assist\u00eancia Social no bairro da V\u00e1rzea Redonda de segunda a sexta-feira, das 8h as 13h30. Noticias em Destaque Fonte: Ascom\/PMS\" \/>\n<meta property=\"og:url\" content=\"https:\/\/noticiasemdestaque.com\/cd\/?p=43529\" \/>\n<meta property=\"og:site_name\" content=\"Not&iacute;cias em Destaque\" \/>\n<meta property=\"article:published_time\" content=\"2022-10-21T12:06:31+00:00\" \/>\n<meta property=\"og:image\" content=\"https:\/\/noticiasemdestaque.com\/cd\/wp-content\/uploads\/2022\/10\/CAPA-RENDA-BASICA-400x255-1.jpeg\" \/>\n\t<meta property=\"og:image:width\" content=\"400\" \/>\n\t<meta property=\"og:image:height\" content=\"255\" \/>\n\t<meta property=\"og:image:type\" content=\"image\/jpeg\" \/>\n<meta name=\"author\" content=\"Not\u00edcias em Destaque\" \/>\n<meta name=\"twitter:card\" content=\"summary_large_image\" \/>\n<meta name=\"twitter:label1\" content=\"Escrito por\" \/>\n\t<meta name=\"twitter:data1\" content=\"Not\u00edcias em Destaque\" \/>\n\t<meta name=\"twitter:label2\" content=\"Est. tempo de leitura\" \/>\n\t<meta name=\"twitter:data2\" content=\"2 minutos\" \/>\n<script type=\"application\/ld+json\" class=\"yoast-schema-graph\">{\"@context\":\"https:\/\/schema.org\",\"@graph\":[{\"@type\":\"Article\",\"@id\":\"https:\/\/noticiasemdestaque.com\/cd\/?p=43529#article\",\"isPartOf\":{\"@id\":\"https:\/\/noticiasemdestaque.com\/cd\/?p=43529\"},\"author\":{\"name\":\"Not\u00edcias em Destaque\",\"@id\":\"https:\/\/noticiasemdestaque.com\/cd\/#\/schema\/person\/4a81fb71f77579d059c3045891fa1786\"},\"headline\":\"Renda B\u00e1sica Sum\u00e9 j\u00e1 beneficia 200 fam\u00edlias\",\"datePublished\":\"2022-10-21T12:06:31+00:00\",\"mainEntityOfPage\":{\"@id\":\"https:\/\/noticiasemdestaque.com\/cd\/?p=43529\"},\"wordCount\":228,\"publisher\":{\"@id\":\"https:\/\/noticiasemdestaque.com\/cd\/#organization\"},\"image\":{\"@id\":\"https:\/\/noticiasemdestaque.com\/cd\/?p=43529#primaryimage\"},\"thumbnailUrl\":\"https:\/\/noticiasemdestaque.com\/cd\/wp-content\/uploads\/2022\/10\/CAPA-RENDA-BASICA-400x255-1.jpeg\",\"articleSection\":[\"Economia\"],\"inLanguage\":\"pt-BR\"},{\"@type\":\"WebPage\",\"@id\":\"https:\/\/noticiasemdestaque.com\/cd\/?p=43529\",\"url\":\"https:\/\/noticiasemdestaque.com\/cd\/?p=43529\",\"name\":\"Renda B\u00e1sica Sum\u00e9 j\u00e1 beneficia 200 fam\u00edlias - Not&iacute;cias em Destaque\",\"isPartOf\":{\"@id\":\"https:\/\/noticiasemdestaque.com\/cd\/#website\"},\"primaryImageOfPage\":{\"@id\":\"https:\/\/noticiasemdestaque.com\/cd\/?p=43529#primaryimage\"},\"image\":{\"@id\":\"https:\/\/noticiasemdestaque.com\/cd\/?p=43529#primaryimage\"},\"thumbnailUrl\":\"https:\/\/noticiasemdestaque.com\/cd\/wp-content\/uploads\/2022\/10\/CAPA-RENDA-BASICA-400x255-1.jpeg\",\"datePublished\":\"2022-10-21T12:06:31+00:00\",\"breadcrumb\":{\"@id\":\"https:\/\/noticiasemdestaque.com\/cd\/?p=43529#breadcrumb\"},\"inLanguage\":\"pt-BR\",\"potentialAction\":[{\"@type\":\"ReadAction\",\"target\":[\"https:\/\/noticiasemdestaque.com\/cd\/?p=43529\"]}]},{\"@type\":\"ImageObject\",\"inLanguage\":\"pt-BR\",\"@id\":\"https:\/\/noticiasemdestaque.com\/cd\/?p=43529#primaryimage\",\"url\":\"https:\/\/noticiasemdestaque.com\/cd\/wp-content\/uploads\/2022\/10\/CAPA-RENDA-BASICA-400x255-1.jpeg\",\"contentUrl\":\"https:\/\/noticiasemdestaque.com\/cd\/wp-content\/uploads\/2022\/10\/CAPA-RENDA-BASICA-400x255-1.jpeg\",\"width\":400,\"height\":255},{\"@type\":\"BreadcrumbList\",\"@id\":\"https:\/\/noticiasemdestaque.com\/cd\/?p=43529#breadcrumb\",\"itemListElement\":[{\"@type\":\"ListItem\",\"position\":1,\"name\":\"In\u00edcio\",\"item\":\"https:\/\/noticiasemdestaque.com\/cd\/\"},{\"@type\":\"ListItem\",\"position\":2,\"name\":\"Renda B\u00e1sica Sum\u00e9 j\u00e1 beneficia 200 fam\u00edlias\"}]},{\"@type\":\"WebSite\",\"@id\":\"https:\/\/noticiasemdestaque.com\/cd\/#website\",\"url\":\"https:\/\/noticiasemdestaque.com\/cd\/\",\"name\":\"Not&iacute;cias em Destaque\",\"description\":\"\",\"publisher\":{\"@id\":\"https:\/\/noticiasemdestaque.com\/cd\/#organization\"},\"potentialAction\":[{\"@type\":\"SearchAction\",\"target\":{\"@type\":\"EntryPoint\",\"urlTemplate\":\"https:\/\/noticiasemdestaque.com\/cd\/?s={search_term_string}\"},\"query-input\":{\"@type\":\"PropertyValueSpecification\",\"valueRequired\":true,\"valueName\":\"search_term_string\"}}],\"inLanguage\":\"pt-BR\"},{\"@type\":\"Organization\",\"@id\":\"https:\/\/noticiasemdestaque.com\/cd\/#organization\",\"name\":\"Not\u00edcias em Destaque\",\"url\":\"https:\/\/noticiasemdestaque.com\/cd\/\",\"logo\":{\"@type\":\"ImageObject\",\"inLanguage\":\"pt-BR\",\"@id\":\"https:\/\/noticiasemdestaque.com\/cd\/#\/schema\/logo\/image\/\",\"url\":\"https:\/\/noticiasemdestaque.com\/cd\/wp-content\/uploads\/2022\/05\/imagem-base-noticiasemdestaque.png\",\"contentUrl\":\"https:\/\/noticiasemdestaque.com\/cd\/wp-content\/uploads\/2022\/05\/imagem-base-noticiasemdestaque.png\",\"width\":1200,\"height\":630,\"caption\":\"Not\u00edcias em Destaque\"},\"image\":{\"@id\":\"https:\/\/noticiasemdestaque.com\/cd\/#\/schema\/logo\/image\/\"}},{\"@type\":\"Person\",\"@id\":\"https:\/\/noticiasemdestaque.com\/cd\/#\/schema\/person\/4a81fb71f77579d059c3045891fa1786\",\"name\":\"Not\u00edcias em Destaque\",\"url\":\"https:\/\/noticiasemdestaque.com\/cd\/?author=2\"}]}<\/script>\n<!-- \/ Yoast SEO plugin. -->","yoast_head_json":{"title":"Renda B\u00e1sica Sum\u00e9 j\u00e1 beneficia 200 fam\u00edlias - Not&iacute;cias em Destaque","robots":{"index":"index","follow":"follow","max-snippet":"max-snippet:-1","max-image-preview":"max-image-preview:large","max-video-preview":"max-video-preview:-1"},"canonical":"https:\/\/noticiasemdestaque.com\/cd\/?p=43529","og_locale":"pt_BR","og_type":"article","og_title":"Renda B\u00e1sica Sum\u00e9 j\u00e1 beneficia 200 fam\u00edlias - Not&iacute;cias em Destaque","og_description":"O Programa Renda B\u00e1sica Sum\u00e9 j\u00e1 est\u00e1 contemplando 200 fam\u00edlias sumeenses, por meio de um cart\u00e3o magn\u00e9tico no valor de R$ 100,00 para a compra de alimentos, produtos de limpeza e higiene \u00edntima no comercio local. Ap\u00f3s receber e cadastrar o cart\u00e3o, os benefici\u00e1rios podem fazer as compras nos seguintes estabelecimentos credenciados: Mercadinho de Amaury \u2013 Alto Alegre Conveni\u00eancia 24h \u2013 Av 1\u00ba de Abril Farm\u00e1cia N Sra da Concei\u00e7\u00e3o \u2013 Pr\u00f3ximo a ponte para V\u00e1rzea Redonda Casa das Carnes \u2013 Pr\u00f3ximo a Casa dos Plantadores Hortifrute da Janaina \u2013 Av 1\u00ba de Abril Mercado de Seu Moura \u2013 Alto Alegre P\u00e3es e Variedades \u2013 Travessa Joana Preta, V\u00e1rzea Redonda P\u00e3es e Cia \u2013 Av 1\u00ba de Abril Restaurante do Papudo \u2013 Bairro Frei Dami\u00e3o Panificadora P\u00e3o Nosso \u2013 Pr\u00f3ximo ao F\u00f3rum Restaurante Esta\u00e7\u00e3o 412 \u2013 Vizinho aos Correios Sum\u00e9 Naturais \u2013 Av 1\u00ba de Abril Terto\u00b4s Mercado \u2013 Mandacaru Restaurante D\u00b4Gust \u2013 Av 1\u00ba de Abril O Prefeito \u00c9den destaca que o Programa Renda B\u00e1sica vem cumprir um importante papel de transforma\u00e7\u00e3o social visando tamb\u00e9m aquecer a economia local. Os comerciantes interessados em se cadastrar no programa, devem procurar a Secretaria de Assist\u00eancia Social no bairro da V\u00e1rzea Redonda de segunda a sexta-feira, das 8h as 13h30. Noticias em Destaque Fonte: Ascom\/PMS","og_url":"https:\/\/noticiasemdestaque.com\/cd\/?p=43529","og_site_name":"Not&iacute;cias em Destaque","article_published_time":"2022-10-21T12:06:31+00:00","og_image":[{"width":400,"height":255,"url":"https:\/\/noticiasemdestaque.com\/cd\/wp-content\/uploads\/2022\/10\/CAPA-RENDA-BASICA-400x255-1.jpeg","type":"image\/jpeg"}],"author":"Not\u00edcias em Destaque","twitter_card":"summary_large_image","twitter_misc":{"Escrito por":"Not\u00edcias em Destaque","Est. tempo de leitura":"2 minutos"},"schema":{"@context":"https:\/\/schema.org","@graph":[{"@type":"Article","@id":"https:\/\/noticiasemdestaque.com\/cd\/?p=43529#article","isPartOf":{"@id":"https:\/\/noticiasemdestaque.com\/cd\/?p=43529"},"author":{"name":"Not\u00edcias em Destaque","@id":"https:\/\/noticiasemdestaque.com\/cd\/#\/schema\/person\/4a81fb71f77579d059c3045891fa1786"},"headline":"Renda B\u00e1sica Sum\u00e9 j\u00e1 beneficia 200 fam\u00edlias","datePublished":"2022-10-21T12:06:31+00:00","mainEntityOfPage":{"@id":"https:\/\/noticiasemdestaque.com\/cd\/?p=43529"},"wordCount":228,"publisher":{"@id":"https:\/\/noticiasemdestaque.com\/cd\/#organization"},"image":{"@id":"https:\/\/noticiasemdestaque.com\/cd\/?p=43529#primaryimage"},"thumbnailUrl":"https:\/\/noticiasemdestaque.com\/cd\/wp-content\/uploads\/2022\/10\/CAPA-RENDA-BASICA-400x255-1.jpeg","articleSection":["Economia"],"inLanguage":"pt-BR"},{"@type":"WebPage","@id":"https:\/\/noticiasemdestaque.com\/cd\/?p=43529","url":"https:\/\/noticiasemdestaque.com\/cd\/?p=43529","name":"Renda B\u00e1sica Sum\u00e9 j\u00e1 beneficia 200 fam\u00edlias - Not&iacute;cias em Destaque","isPartOf":{"@id":"https:\/\/noticiasemdestaque.com\/cd\/#website"},"primaryImageOfPage":{"@id":"https:\/\/noticiasemdestaque.com\/cd\/?p=43529#primaryimage"},"image":{"@id":"https:\/\/noticiasemdestaque.com\/cd\/?p=43529#primaryimage"},"thumbnailUrl":"https:\/\/noticiasemdestaque.com\/cd\/wp-content\/uploads\/2022\/10\/CAPA-RENDA-BASICA-400x255-1.jpeg","datePublished":"2022-10-21T12:06:31+00:00","breadcrumb":{"@id":"https:\/\/noticiasemdestaque.com\/cd\/?p=43529#breadcrumb"},"inLanguage":"pt-BR","potentialAction":[{"@type":"ReadAction","target":["https:\/\/noticiasemdestaque.com\/cd\/?p=43529"]}]},{"@type":"ImageObject","inLanguage":"pt-BR","@id":"https:\/\/noticiasemdestaque.com\/cd\/?p=43529#primaryimage","url":"https:\/\/noticiasemdestaque.com\/cd\/wp-content\/uploads\/2022\/10\/CAPA-RENDA-BASICA-400x255-1.jpeg","contentUrl":"https:\/\/noticiasemdestaque.com\/cd\/wp-content\/uploads\/2022\/10\/CAPA-RENDA-BASICA-400x255-1.jpeg","width":400,"height":255},{"@type":"BreadcrumbList","@id":"https:\/\/noticiasemdestaque.com\/cd\/?p=43529#breadcrumb","itemListElement":[{"@type":"ListItem","position":1,"name":"In\u00edcio","item":"https:\/\/noticiasemdestaque.com\/cd\/"},{"@type":"ListItem","position":2,"name":"Renda B\u00e1sica Sum\u00e9 j\u00e1 beneficia 200 fam\u00edlias"}]},{"@type":"WebSite","@id":"https:\/\/noticiasemdestaque.com\/cd\/#website","url":"https:\/\/noticiasemdestaque.com\/cd\/","name":"Not&iacute;cias em Destaque","description":"","publisher":{"@id":"https:\/\/noticiasemdestaque.com\/cd\/#organization"},"potentialAction":[{"@type":"SearchAction","target":{"@type":"EntryPoint","urlTemplate":"https:\/\/noticiasemdestaque.com\/cd\/?s={search_term_string}"},"query-input":{"@type":"PropertyValueSpecification","valueRequired":true,"valueName":"search_term_string"}}],"inLanguage":"pt-BR"},{"@type":"Organization","@id":"https:\/\/noticiasemdestaque.com\/cd\/#organization","name":"Not\u00edcias em Destaque","url":"https:\/\/noticiasemdestaque.com\/cd\/","logo":{"@type":"ImageObject","inLanguage":"pt-BR","@id":"https:\/\/noticiasemdestaque.com\/cd\/#\/schema\/logo\/image\/","url":"https:\/\/noticiasemdestaque.com\/cd\/wp-content\/uploads\/2022\/05\/imagem-base-noticiasemdestaque.png","contentUrl":"https:\/\/noticiasemdestaque.com\/cd\/wp-content\/uploads\/2022\/05\/imagem-base-noticiasemdestaque.png","width":1200,"height":630,"caption":"Not\u00edcias em Destaque"},"image":{"@id":"https:\/\/noticiasemdestaque.com\/cd\/#\/schema\/logo\/image\/"}},{"@type":"Person","@id":"https:\/\/noticiasemdestaque.com\/cd\/#\/schema\/person\/4a81fb71f77579d059c3045891fa1786","name":"Not\u00edcias em Destaque","url":"https:\/\/noticiasemdestaque.com\/cd\/?author=2"}]}},"jetpack_featured_media_url":"https:\/\/noticiasemdestaque.com\/cd\/wp-content\/uploads\/2022\/10\/CAPA-RENDA-BASICA-400x255-1.jpeg","jetpack_sharing_enabled":true,"_links":{"self":[{"href":"https:\/\/noticiasemdestaque.com\/cd\/index.php?rest_route=\/wp\/v2\/posts\/43529","targetHints":{"allow":["GET"]}}],"collection":[{"href":"https:\/\/noticiasemdestaque.com\/cd\/index.php?rest_route=\/wp\/v2\/posts"}],"about":[{"href":"https:\/\/noticiasemdestaque.com\/cd\/index.php?rest_route=\/wp\/v2\/types\/post"}],"author":[{"embeddable":true,"href":"https:\/\/noticiasemdestaque.com\/cd\/index.php?rest_route=\/wp\/v2\/users\/2"}],"replies":[{"embeddable":true,"href":"https:\/\/noticiasemdestaque.com\/cd\/index.php?rest_route=%2Fwp%2Fv2%2Fcomments&post=43529"}],"version-history":[{"count":1,"href":"https:\/\/noticiasemdestaque.com\/cd\/index.php?rest_route=\/wp\/v2\/posts\/43529\/revisions"}],"predecessor-version":[{"id":43531,"href":"https:\/\/noticiasemdestaque.com\/cd\/index.php?rest_route=\/wp\/v2\/posts\/43529\/revisions\/43531"}],"wp:featuredmedia":[{"embeddable":true,"href":"https:\/\/noticiasemdestaque.com\/cd\/index.php?rest_route=\/wp\/v2\/media\/43530"}],"wp:attachment":[{"href":"https:\/\/noticiasemdestaque.com\/cd\/index.php?rest_route=%2Fwp%2Fv2%2Fmedia&parent=43529"}],"wp:term":[{"taxonomy":"category","embeddable":true,"href":"https:\/\/noticiasemdestaque.com\/cd\/index.php?rest_route=%2Fwp%2Fv2%2Fcategories&post=43529"},{"taxonomy":"post_tag","embeddable":true,"href":"https:\/\/noticiasemdestaque.com\/cd\/index.php?rest_route=%2Fwp%2Fv2%2Ftags&post=43529"}],"curies":[{"name":"wp","href":"https:\/\/api.w.org\/{rel}","templated":true}]}}