{"id":4352,"date":"2017-09-16T14:40:33","date_gmt":"2017-09-16T17:40:33","guid":{"rendered":"http:\/\/caririemdestaque.com\/cd\/?p=4352"},"modified":"2017-09-16T14:40:33","modified_gmt":"2017-09-16T17:40:33","slug":"joao-henrique-nega-desistencia-de-reeleicao-e-estuda-disputar-vaga-na-camara-em-2018","status":"publish","type":"post","link":"https:\/\/noticiasemdestaque.com\/cd\/?p=4352","title":{"rendered":"Jo\u00e3o Henrique nega desist\u00eancia de reelei\u00e7\u00e3o e estuda disputar vaga na C\u00e2mara em 2018"},"content":{"rendered":"<p><a href=\"http:\/\/caririemdestaque.com\/cd\/wp-content\/uploads\/2017\/09\/15092017142423.jpg\"><img decoding=\"async\" class=\"size-thumbnail wp-image-4353 alignleft\" src=\"http:\/\/caririemdestaque.com\/cd\/wp-content\/uploads\/2017\/09\/15092017142423-150x150.jpg\" alt=\"\" width=\"150\" height=\"150\" srcset=\"https:\/\/noticiasemdestaque.com\/cd\/wp-content\/uploads\/2017\/09\/15092017142423-150x150.jpg 150w, https:\/\/noticiasemdestaque.com\/cd\/wp-content\/uploads\/2017\/09\/15092017142423-266x266.jpg 266w\" sizes=\"(max-width: 150px) 100vw, 150px\" \/><\/a>O deputado estadual Jo\u00e3o Henrique (DEM) divulgou nota lamentando informa\u00e7\u00f5es inver\u00eddicas divulgadas, nesta sexta-feira (15), em portais de not\u00edcias de Jo\u00e3o Pessoa sobre uma poss\u00edvel desist\u00eancia dele ao projeto de reelei\u00e7\u00e3o na Assembleia Legislativa. Ele tamb\u00e9m informou que em nenhum momento foi consultado sobre o assunto pelos sites que publicaram a not\u00edcia.<\/p>\n<p>Em nota, o democrata disse que segue firme em seu projeto de reelei\u00e7\u00e3o em 2018. Jo\u00e3o Henrique ressaltou que est\u00e1 estudando a possibilidade de concorrer a uma das vagas a deputado federal, mas tudo dever\u00e1 ser decidido no ano eleitoral e em conversas com suas bases.<\/p>\n<p>A equipe do deputado est\u00e1 fazendo levantamento e cruzamento dos dados para chegar ao consenso sobre uma disputa ao cargo de deputado federal. Caso o cen\u00e1rio esteja favor\u00e1vel para concorrer, segundo Jo\u00e3o Henrique, sua esposa, a ex-prefeita de Monteiro, Edna Henrique, dever\u00e1 disputar a vaga de deputada estadual.<\/p>\n<p>Jo\u00e3o Henrique destacou que n\u00e3o tem nada contra o deputado Trocolli J\u00fanior e desejou boa sorte ao pol\u00edtico. \u201cApesar de saber que a reelei\u00e7\u00e3o de Tr\u00f3colli \u00e9 muito dif\u00edcil, eu n\u00e3o tenho nada pessoal contra o deputado e desejo boa sorte a ele no pleito que se aproxima\u201d, falou o deputado Jo\u00e3o Henrique.<\/p>\n<p><strong>Cariri em Destaque<\/strong><\/p>\n<p>&nbsp;<\/p>\n","protected":false},"excerpt":{"rendered":"<p>O deputado estadual Jo\u00e3o Henrique (DEM) divulgou nota lamentando informa\u00e7\u00f5es inver\u00eddicas divulgadas, nesta sexta-feira (15), em portais de not\u00edcias de Jo\u00e3o Pessoa sobre uma poss\u00edvel desist\u00eancia dele ao projeto de reelei\u00e7\u00e3o na Assembleia Legislativa. Ele tamb\u00e9m informou que em nenhum momento foi consultado sobre o assunto pelos sites que publicaram a not\u00edcia. Em nota, o democrata disse que segue firme em seu projeto de reelei\u00e7\u00e3o em 2018. Jo\u00e3o Henrique ressaltou que est\u00e1 estudando a possibilidade de concorrer a uma das vagas a deputado federal, mas tudo dever\u00e1 ser decidido no ano eleitoral e em conversas com suas bases. A equipe do deputado est\u00e1 fazendo levantamento e cruzamento dos dados para chegar ao consenso sobre uma disputa ao cargo de deputado federal. Caso o cen\u00e1rio esteja favor\u00e1vel para concorrer, segundo Jo\u00e3o Henrique, sua esposa, a ex-prefeita de Monteiro, Edna Henrique, dever\u00e1 disputar a vaga de deputada estadual. Jo\u00e3o Henrique destacou que n\u00e3o tem nada contra o deputado Trocolli J\u00fanior e desejou boa sorte ao pol\u00edtico. \u201cApesar de saber que a reelei\u00e7\u00e3o de Tr\u00f3colli \u00e9 muito dif\u00edcil, eu n\u00e3o tenho nada pessoal contra o deputado e desejo boa sorte a ele no pleito que se aproxima\u201d, falou o deputado Jo\u00e3o Henrique. Cariri em Destaque &nbsp;<\/p>\n","protected":false},"author":2,"featured_media":4353,"comment_status":"closed","ping_status":"open","sticky":false,"template":"","format":"standard","meta":{"_eb_attr":"","_jetpack_memberships_contains_paid_content":false,"footnotes":""},"categories":[4],"tags":[],"class_list":["post-4352","post","type-post","status-publish","format-standard","has-post-thumbnail","hentry","category-politica"],"yoast_head":"<!-- This site is optimized with the Yoast SEO plugin v26.5 - https:\/\/yoast.com\/wordpress\/plugins\/seo\/ -->\n<title>Jo\u00e3o Henrique nega desist\u00eancia de reelei\u00e7\u00e3o e estuda disputar vaga na C\u00e2mara em 2018 - Not&iacute;cias em Destaque<\/title>\n<meta name=\"robots\" content=\"index, follow, max-snippet:-1, max-image-preview:large, max-video-preview:-1\" \/>\n<link rel=\"canonical\" href=\"https:\/\/noticiasemdestaque.com\/cd\/?p=4352\" \/>\n<meta property=\"og:locale\" content=\"pt_BR\" \/>\n<meta property=\"og:type\" content=\"article\" \/>\n<meta property=\"og:title\" content=\"Jo\u00e3o Henrique nega desist\u00eancia de reelei\u00e7\u00e3o e estuda disputar vaga na C\u00e2mara em 2018 - Not&iacute;cias em Destaque\" \/>\n<meta property=\"og:description\" content=\"O deputado estadual Jo\u00e3o Henrique (DEM) divulgou nota lamentando informa\u00e7\u00f5es inver\u00eddicas divulgadas, nesta sexta-feira (15), em portais de not\u00edcias de Jo\u00e3o Pessoa sobre uma poss\u00edvel desist\u00eancia dele ao projeto de reelei\u00e7\u00e3o na Assembleia Legislativa. Ele tamb\u00e9m informou que em nenhum momento foi consultado sobre o assunto pelos sites que publicaram a not\u00edcia. Em nota, o democrata disse que segue firme em seu projeto de reelei\u00e7\u00e3o em 2018. Jo\u00e3o Henrique ressaltou que est\u00e1 estudando a possibilidade de concorrer a uma das vagas a deputado federal, mas tudo dever\u00e1 ser decidido no ano eleitoral e em conversas com suas bases. A equipe do deputado est\u00e1 fazendo levantamento e cruzamento dos dados para chegar ao consenso sobre uma disputa ao cargo de deputado federal. Caso o cen\u00e1rio esteja favor\u00e1vel para concorrer, segundo Jo\u00e3o Henrique, sua esposa, a ex-prefeita de Monteiro, Edna Henrique, dever\u00e1 disputar a vaga de deputada estadual. Jo\u00e3o Henrique destacou que n\u00e3o tem nada contra o deputado Trocolli J\u00fanior e desejou boa sorte ao pol\u00edtico. \u201cApesar de saber que a reelei\u00e7\u00e3o de Tr\u00f3colli \u00e9 muito dif\u00edcil, eu n\u00e3o tenho nada pessoal contra o deputado e desejo boa sorte a ele no pleito que se aproxima\u201d, falou o deputado Jo\u00e3o Henrique. Cariri em Destaque &nbsp;\" \/>\n<meta property=\"og:url\" content=\"https:\/\/noticiasemdestaque.com\/cd\/?p=4352\" \/>\n<meta property=\"og:site_name\" content=\"Not&iacute;cias em Destaque\" \/>\n<meta property=\"article:published_time\" content=\"2017-09-16T17:40:33+00:00\" \/>\n<meta property=\"og:image\" content=\"https:\/\/noticiasemdestaque.com\/cd\/wp-content\/uploads\/2017\/09\/15092017142423.jpg\" \/>\n\t<meta property=\"og:image:width\" content=\"418\" \/>\n\t<meta property=\"og:image:height\" content=\"352\" \/>\n\t<meta property=\"og:image:type\" content=\"image\/jpeg\" \/>\n<meta name=\"author\" content=\"Not\u00edcias em Destaque\" \/>\n<meta name=\"twitter:card\" content=\"summary_large_image\" \/>\n<meta name=\"twitter:label1\" content=\"Escrito por\" \/>\n\t<meta name=\"twitter:data1\" content=\"Not\u00edcias em Destaque\" \/>\n\t<meta name=\"twitter:label2\" content=\"Est. tempo de leitura\" \/>\n\t<meta name=\"twitter:data2\" content=\"1 minuto\" \/>\n<script type=\"application\/ld+json\" class=\"yoast-schema-graph\">{\"@context\":\"https:\/\/schema.org\",\"@graph\":[{\"@type\":\"Article\",\"@id\":\"https:\/\/noticiasemdestaque.com\/cd\/?p=4352#article\",\"isPartOf\":{\"@id\":\"https:\/\/noticiasemdestaque.com\/cd\/?p=4352\"},\"author\":{\"name\":\"Not\u00edcias em Destaque\",\"@id\":\"https:\/\/noticiasemdestaque.com\/cd\/#\/schema\/person\/21320b03a7e8bb90128938dafc9b908a\"},\"headline\":\"Jo\u00e3o Henrique nega desist\u00eancia de reelei\u00e7\u00e3o e estuda disputar vaga na C\u00e2mara em 2018\",\"datePublished\":\"2017-09-16T17:40:33+00:00\",\"mainEntityOfPage\":{\"@id\":\"https:\/\/noticiasemdestaque.com\/cd\/?p=4352\"},\"wordCount\":241,\"publisher\":{\"@id\":\"https:\/\/noticiasemdestaque.com\/cd\/#organization\"},\"image\":{\"@id\":\"https:\/\/noticiasemdestaque.com\/cd\/?p=4352#primaryimage\"},\"thumbnailUrl\":\"https:\/\/noticiasemdestaque.com\/cd\/wp-content\/uploads\/2017\/09\/15092017142423.jpg\",\"articleSection\":[\"Pol\u00edtica\"],\"inLanguage\":\"pt-BR\"},{\"@type\":\"WebPage\",\"@id\":\"https:\/\/noticiasemdestaque.com\/cd\/?p=4352\",\"url\":\"https:\/\/noticiasemdestaque.com\/cd\/?p=4352\",\"name\":\"Jo\u00e3o Henrique nega desist\u00eancia de reelei\u00e7\u00e3o e estuda disputar vaga na C\u00e2mara em 2018 - Not&iacute;cias em Destaque\",\"isPartOf\":{\"@id\":\"https:\/\/noticiasemdestaque.com\/cd\/#website\"},\"primaryImageOfPage\":{\"@id\":\"https:\/\/noticiasemdestaque.com\/cd\/?p=4352#primaryimage\"},\"image\":{\"@id\":\"https:\/\/noticiasemdestaque.com\/cd\/?p=4352#primaryimage\"},\"thumbnailUrl\":\"https:\/\/noticiasemdestaque.com\/cd\/wp-content\/uploads\/2017\/09\/15092017142423.jpg\",\"datePublished\":\"2017-09-16T17:40:33+00:00\",\"breadcrumb\":{\"@id\":\"https:\/\/noticiasemdestaque.com\/cd\/?p=4352#breadcrumb\"},\"inLanguage\":\"pt-BR\",\"potentialAction\":[{\"@type\":\"ReadAction\",\"target\":[\"https:\/\/noticiasemdestaque.com\/cd\/?p=4352\"]}]},{\"@type\":\"ImageObject\",\"inLanguage\":\"pt-BR\",\"@id\":\"https:\/\/noticiasemdestaque.com\/cd\/?p=4352#primaryimage\",\"url\":\"https:\/\/noticiasemdestaque.com\/cd\/wp-content\/uploads\/2017\/09\/15092017142423.jpg\",\"contentUrl\":\"https:\/\/noticiasemdestaque.com\/cd\/wp-content\/uploads\/2017\/09\/15092017142423.jpg\",\"width\":418,\"height\":352},{\"@type\":\"BreadcrumbList\",\"@id\":\"https:\/\/noticiasemdestaque.com\/cd\/?p=4352#breadcrumb\",\"itemListElement\":[{\"@type\":\"ListItem\",\"position\":1,\"name\":\"In\u00edcio\",\"item\":\"https:\/\/noticiasemdestaque.com\/cd\/\"},{\"@type\":\"ListItem\",\"position\":2,\"name\":\"Jo\u00e3o Henrique nega desist\u00eancia de reelei\u00e7\u00e3o e estuda disputar vaga na C\u00e2mara em 2018\"}]},{\"@type\":\"WebSite\",\"@id\":\"https:\/\/noticiasemdestaque.com\/cd\/#website\",\"url\":\"https:\/\/noticiasemdestaque.com\/cd\/\",\"name\":\"Not&iacute;cias em Destaque\",\"description\":\"\",\"publisher\":{\"@id\":\"https:\/\/noticiasemdestaque.com\/cd\/#organization\"},\"potentialAction\":[{\"@type\":\"SearchAction\",\"target\":{\"@type\":\"EntryPoint\",\"urlTemplate\":\"https:\/\/noticiasemdestaque.com\/cd\/?s={search_term_string}\"},\"query-input\":{\"@type\":\"PropertyValueSpecification\",\"valueRequired\":true,\"valueName\":\"search_term_string\"}}],\"inLanguage\":\"pt-BR\"},{\"@type\":\"Organization\",\"@id\":\"https:\/\/noticiasemdestaque.com\/cd\/#organization\",\"name\":\"Not\u00edcias em Destaque\",\"url\":\"https:\/\/noticiasemdestaque.com\/cd\/\",\"logo\":{\"@type\":\"ImageObject\",\"inLanguage\":\"pt-BR\",\"@id\":\"https:\/\/noticiasemdestaque.com\/cd\/#\/schema\/logo\/image\/\",\"url\":\"https:\/\/noticiasemdestaque.com\/cd\/wp-content\/uploads\/2022\/05\/imagem-base-noticiasemdestaque.png\",\"contentUrl\":\"https:\/\/noticiasemdestaque.com\/cd\/wp-content\/uploads\/2022\/05\/imagem-base-noticiasemdestaque.png\",\"width\":1200,\"height\":630,\"caption\":\"Not\u00edcias em Destaque\"},\"image\":{\"@id\":\"https:\/\/noticiasemdestaque.com\/cd\/#\/schema\/logo\/image\/\"}},{\"@type\":\"Person\",\"@id\":\"https:\/\/noticiasemdestaque.com\/cd\/#\/schema\/person\/21320b03a7e8bb90128938dafc9b908a\",\"name\":\"Not\u00edcias em Destaque\",\"url\":\"https:\/\/noticiasemdestaque.com\/cd\/?author=2\"}]}<\/script>\n<!-- \/ Yoast SEO plugin. -->","yoast_head_json":{"title":"Jo\u00e3o Henrique nega desist\u00eancia de reelei\u00e7\u00e3o e estuda disputar vaga na C\u00e2mara em 2018 - Not&iacute;cias em Destaque","robots":{"index":"index","follow":"follow","max-snippet":"max-snippet:-1","max-image-preview":"max-image-preview:large","max-video-preview":"max-video-preview:-1"},"canonical":"https:\/\/noticiasemdestaque.com\/cd\/?p=4352","og_locale":"pt_BR","og_type":"article","og_title":"Jo\u00e3o Henrique nega desist\u00eancia de reelei\u00e7\u00e3o e estuda disputar vaga na C\u00e2mara em 2018 - Not&iacute;cias em Destaque","og_description":"O deputado estadual Jo\u00e3o Henrique (DEM) divulgou nota lamentando informa\u00e7\u00f5es inver\u00eddicas divulgadas, nesta sexta-feira (15), em portais de not\u00edcias de Jo\u00e3o Pessoa sobre uma poss\u00edvel desist\u00eancia dele ao projeto de reelei\u00e7\u00e3o na Assembleia Legislativa. Ele tamb\u00e9m informou que em nenhum momento foi consultado sobre o assunto pelos sites que publicaram a not\u00edcia. Em nota, o democrata disse que segue firme em seu projeto de reelei\u00e7\u00e3o em 2018. Jo\u00e3o Henrique ressaltou que est\u00e1 estudando a possibilidade de concorrer a uma das vagas a deputado federal, mas tudo dever\u00e1 ser decidido no ano eleitoral e em conversas com suas bases. A equipe do deputado est\u00e1 fazendo levantamento e cruzamento dos dados para chegar ao consenso sobre uma disputa ao cargo de deputado federal. Caso o cen\u00e1rio esteja favor\u00e1vel para concorrer, segundo Jo\u00e3o Henrique, sua esposa, a ex-prefeita de Monteiro, Edna Henrique, dever\u00e1 disputar a vaga de deputada estadual. Jo\u00e3o Henrique destacou que n\u00e3o tem nada contra o deputado Trocolli J\u00fanior e desejou boa sorte ao pol\u00edtico. \u201cApesar de saber que a reelei\u00e7\u00e3o de Tr\u00f3colli \u00e9 muito dif\u00edcil, eu n\u00e3o tenho nada pessoal contra o deputado e desejo boa sorte a ele no pleito que se aproxima\u201d, falou o deputado Jo\u00e3o Henrique. Cariri em Destaque &nbsp;","og_url":"https:\/\/noticiasemdestaque.com\/cd\/?p=4352","og_site_name":"Not&iacute;cias em Destaque","article_published_time":"2017-09-16T17:40:33+00:00","og_image":[{"width":418,"height":352,"url":"https:\/\/noticiasemdestaque.com\/cd\/wp-content\/uploads\/2017\/09\/15092017142423.jpg","type":"image\/jpeg"}],"author":"Not\u00edcias em Destaque","twitter_card":"summary_large_image","twitter_misc":{"Escrito por":"Not\u00edcias em Destaque","Est. tempo de leitura":"1 minuto"},"schema":{"@context":"https:\/\/schema.org","@graph":[{"@type":"Article","@id":"https:\/\/noticiasemdestaque.com\/cd\/?p=4352#article","isPartOf":{"@id":"https:\/\/noticiasemdestaque.com\/cd\/?p=4352"},"author":{"name":"Not\u00edcias em Destaque","@id":"https:\/\/noticiasemdestaque.com\/cd\/#\/schema\/person\/21320b03a7e8bb90128938dafc9b908a"},"headline":"Jo\u00e3o Henrique nega desist\u00eancia de reelei\u00e7\u00e3o e estuda disputar vaga na C\u00e2mara em 2018","datePublished":"2017-09-16T17:40:33+00:00","mainEntityOfPage":{"@id":"https:\/\/noticiasemdestaque.com\/cd\/?p=4352"},"wordCount":241,"publisher":{"@id":"https:\/\/noticiasemdestaque.com\/cd\/#organization"},"image":{"@id":"https:\/\/noticiasemdestaque.com\/cd\/?p=4352#primaryimage"},"thumbnailUrl":"https:\/\/noticiasemdestaque.com\/cd\/wp-content\/uploads\/2017\/09\/15092017142423.jpg","articleSection":["Pol\u00edtica"],"inLanguage":"pt-BR"},{"@type":"WebPage","@id":"https:\/\/noticiasemdestaque.com\/cd\/?p=4352","url":"https:\/\/noticiasemdestaque.com\/cd\/?p=4352","name":"Jo\u00e3o Henrique nega desist\u00eancia de reelei\u00e7\u00e3o e estuda disputar vaga na C\u00e2mara em 2018 - Not&iacute;cias em Destaque","isPartOf":{"@id":"https:\/\/noticiasemdestaque.com\/cd\/#website"},"primaryImageOfPage":{"@id":"https:\/\/noticiasemdestaque.com\/cd\/?p=4352#primaryimage"},"image":{"@id":"https:\/\/noticiasemdestaque.com\/cd\/?p=4352#primaryimage"},"thumbnailUrl":"https:\/\/noticiasemdestaque.com\/cd\/wp-content\/uploads\/2017\/09\/15092017142423.jpg","datePublished":"2017-09-16T17:40:33+00:00","breadcrumb":{"@id":"https:\/\/noticiasemdestaque.com\/cd\/?p=4352#breadcrumb"},"inLanguage":"pt-BR","potentialAction":[{"@type":"ReadAction","target":["https:\/\/noticiasemdestaque.com\/cd\/?p=4352"]}]},{"@type":"ImageObject","inLanguage":"pt-BR","@id":"https:\/\/noticiasemdestaque.com\/cd\/?p=4352#primaryimage","url":"https:\/\/noticiasemdestaque.com\/cd\/wp-content\/uploads\/2017\/09\/15092017142423.jpg","contentUrl":"https:\/\/noticiasemdestaque.com\/cd\/wp-content\/uploads\/2017\/09\/15092017142423.jpg","width":418,"height":352},{"@type":"BreadcrumbList","@id":"https:\/\/noticiasemdestaque.com\/cd\/?p=4352#breadcrumb","itemListElement":[{"@type":"ListItem","position":1,"name":"In\u00edcio","item":"https:\/\/noticiasemdestaque.com\/cd\/"},{"@type":"ListItem","position":2,"name":"Jo\u00e3o Henrique nega desist\u00eancia de reelei\u00e7\u00e3o e estuda disputar vaga na C\u00e2mara em 2018"}]},{"@type":"WebSite","@id":"https:\/\/noticiasemdestaque.com\/cd\/#website","url":"https:\/\/noticiasemdestaque.com\/cd\/","name":"Not&iacute;cias em Destaque","description":"","publisher":{"@id":"https:\/\/noticiasemdestaque.com\/cd\/#organization"},"potentialAction":[{"@type":"SearchAction","target":{"@type":"EntryPoint","urlTemplate":"https:\/\/noticiasemdestaque.com\/cd\/?s={search_term_string}"},"query-input":{"@type":"PropertyValueSpecification","valueRequired":true,"valueName":"search_term_string"}}],"inLanguage":"pt-BR"},{"@type":"Organization","@id":"https:\/\/noticiasemdestaque.com\/cd\/#organization","name":"Not\u00edcias em Destaque","url":"https:\/\/noticiasemdestaque.com\/cd\/","logo":{"@type":"ImageObject","inLanguage":"pt-BR","@id":"https:\/\/noticiasemdestaque.com\/cd\/#\/schema\/logo\/image\/","url":"https:\/\/noticiasemdestaque.com\/cd\/wp-content\/uploads\/2022\/05\/imagem-base-noticiasemdestaque.png","contentUrl":"https:\/\/noticiasemdestaque.com\/cd\/wp-content\/uploads\/2022\/05\/imagem-base-noticiasemdestaque.png","width":1200,"height":630,"caption":"Not\u00edcias em Destaque"},"image":{"@id":"https:\/\/noticiasemdestaque.com\/cd\/#\/schema\/logo\/image\/"}},{"@type":"Person","@id":"https:\/\/noticiasemdestaque.com\/cd\/#\/schema\/person\/21320b03a7e8bb90128938dafc9b908a","name":"Not\u00edcias em Destaque","url":"https:\/\/noticiasemdestaque.com\/cd\/?author=2"}]}},"jetpack_featured_media_url":"https:\/\/noticiasemdestaque.com\/cd\/wp-content\/uploads\/2017\/09\/15092017142423.jpg","jetpack_sharing_enabled":true,"_links":{"self":[{"href":"https:\/\/noticiasemdestaque.com\/cd\/index.php?rest_route=\/wp\/v2\/posts\/4352","targetHints":{"allow":["GET"]}}],"collection":[{"href":"https:\/\/noticiasemdestaque.com\/cd\/index.php?rest_route=\/wp\/v2\/posts"}],"about":[{"href":"https:\/\/noticiasemdestaque.com\/cd\/index.php?rest_route=\/wp\/v2\/types\/post"}],"author":[{"embeddable":true,"href":"https:\/\/noticiasemdestaque.com\/cd\/index.php?rest_route=\/wp\/v2\/users\/2"}],"replies":[{"embeddable":true,"href":"https:\/\/noticiasemdestaque.com\/cd\/index.php?rest_route=%2Fwp%2Fv2%2Fcomments&post=4352"}],"version-history":[{"count":1,"href":"https:\/\/noticiasemdestaque.com\/cd\/index.php?rest_route=\/wp\/v2\/posts\/4352\/revisions"}],"predecessor-version":[{"id":4354,"href":"https:\/\/noticiasemdestaque.com\/cd\/index.php?rest_route=\/wp\/v2\/posts\/4352\/revisions\/4354"}],"wp:featuredmedia":[{"embeddable":true,"href":"https:\/\/noticiasemdestaque.com\/cd\/index.php?rest_route=\/wp\/v2\/media\/4353"}],"wp:attachment":[{"href":"https:\/\/noticiasemdestaque.com\/cd\/index.php?rest_route=%2Fwp%2Fv2%2Fmedia&parent=4352"}],"wp:term":[{"taxonomy":"category","embeddable":true,"href":"https:\/\/noticiasemdestaque.com\/cd\/index.php?rest_route=%2Fwp%2Fv2%2Fcategories&post=4352"},{"taxonomy":"post_tag","embeddable":true,"href":"https:\/\/noticiasemdestaque.com\/cd\/index.php?rest_route=%2Fwp%2Fv2%2Ftags&post=4352"}],"curies":[{"name":"wp","href":"https:\/\/api.w.org\/{rel}","templated":true}]}}