{"id":43512,"date":"2022-10-20T07:56:47","date_gmt":"2022-10-20T10:56:47","guid":{"rendered":"https:\/\/noticiasemdestaque.com\/cd\/?p=43512"},"modified":"2022-10-20T07:56:47","modified_gmt":"2022-10-20T10:56:47","slug":"ministro-do-stf-autoriza-transporte-publico-gratuito-no-segundo-turno","status":"publish","type":"post","link":"https:\/\/noticiasemdestaque.com\/cd\/?p=43512","title":{"rendered":"Ministro do STF autoriza transporte p\u00fablico gratuito no segundo turno"},"content":{"rendered":"<p><a href=\"https:\/\/noticiasemdestaque.com\/cd\/wp-content\/uploads\/2022\/10\/Ministro-do-STF-autoriza-transporte-publico-gratuito-no-segundo-turno.jpg\"><img fetchpriority=\"high\" decoding=\"async\" class=\" wp-image-43513 alignleft\" src=\"https:\/\/noticiasemdestaque.com\/cd\/wp-content\/uploads\/2022\/10\/Ministro-do-STF-autoriza-transporte-publico-gratuito-no-segundo-turno-300x166.jpg\" alt=\"\" width=\"396\" height=\"219\" srcset=\"https:\/\/noticiasemdestaque.com\/cd\/wp-content\/uploads\/2022\/10\/Ministro-do-STF-autoriza-transporte-publico-gratuito-no-segundo-turno-300x166.jpg 300w, https:\/\/noticiasemdestaque.com\/cd\/wp-content\/uploads\/2022\/10\/Ministro-do-STF-autoriza-transporte-publico-gratuito-no-segundo-turno-768x424.jpg 768w, https:\/\/noticiasemdestaque.com\/cd\/wp-content\/uploads\/2022\/10\/Ministro-do-STF-autoriza-transporte-publico-gratuito-no-segundo-turno-18x10.jpg 18w, https:\/\/noticiasemdestaque.com\/cd\/wp-content\/uploads\/2022\/10\/Ministro-do-STF-autoriza-transporte-publico-gratuito-no-segundo-turno.jpg 828w\" sizes=\"(max-width: 396px) 100vw, 396px\" \/><\/a>O ministro do Supremo Tribunal Federal (STF) Lu\u00eds Roberto Barroso decidiu hoje (18) que prefeituras e empresas de \u00f4nibus poder\u00e3o oferecer transporte p\u00fablico gratuito no segundo turno das elei\u00e7\u00f5es, que ser\u00e1 realizado no pr\u00f3ximo dia 30.<\/p>\n<p>Pela decis\u00e3o do ministro, os prefeitos que adotarem a medida n\u00e3o poder\u00e3o ser responsabilizados por improbidade administrativa ou crime eleitoral.<\/p>\n<p>A decis\u00e3o foi tomada a partir de uma a\u00e7\u00e3o protocolada pela Rede Sustentabilidade. A pedido do partido, no primeiro turno, o ministro tamb\u00e9m determinou que o transporte p\u00fablico fosse mantido em n\u00edveis normais e que os munic\u00edpios que j\u00e1 ofereceram a gratuidade em pleitos anteriores mantivessem a medida.<\/p>\n<p>Para pedir a gratuidade universal, a Rede argumentou que o voto \u00e9 obrigat\u00f3rio no Brasil, mas que muitos eleitores n\u00e3o t\u00eam condi\u00e7\u00f5es de pagar a passagem at\u00e9 o local de vota\u00e7\u00e3o, que, em muitos casos, \u00e9 mais cara do que a multa pelo n\u00e3o comparecimento, cujo valor m\u00e1ximo \u00e9 de R$ 3,51.<\/p>\n<p>A medida tamb\u00e9m pretende evitar alta absten\u00e7\u00e3o de eleitores no dia da vota\u00e7\u00e3o.<\/p>\n<p><strong>Noticias em Destaque<\/strong><\/p>\n<p style=\"text-align: right;\"><em>Fonte: Politica JP<\/em><\/p>\n","protected":false},"excerpt":{"rendered":"<p>O ministro do Supremo Tribunal Federal (STF) Lu\u00eds Roberto Barroso decidiu hoje (18) que prefeituras e empresas de \u00f4nibus poder\u00e3o oferecer transporte p\u00fablico gratuito no segundo turno das elei\u00e7\u00f5es, que ser\u00e1 realizado no pr\u00f3ximo dia 30. Pela decis\u00e3o do ministro, os prefeitos que adotarem a medida n\u00e3o poder\u00e3o ser responsabilizados por improbidade administrativa ou crime eleitoral. A decis\u00e3o foi tomada a partir de uma a\u00e7\u00e3o protocolada pela Rede Sustentabilidade. A pedido do partido, no primeiro turno, o ministro tamb\u00e9m determinou que o transporte p\u00fablico fosse mantido em n\u00edveis normais e que os munic\u00edpios que j\u00e1 ofereceram a gratuidade em pleitos anteriores mantivessem a medida. Para pedir a gratuidade universal, a Rede argumentou que o voto \u00e9 obrigat\u00f3rio no Brasil, mas que muitos eleitores n\u00e3o t\u00eam condi\u00e7\u00f5es de pagar a passagem at\u00e9 o local de vota\u00e7\u00e3o, que, em muitos casos, \u00e9 mais cara do que a multa pelo n\u00e3o comparecimento, cujo valor m\u00e1ximo \u00e9 de R$ 3,51. A medida tamb\u00e9m pretende evitar alta absten\u00e7\u00e3o de eleitores no dia da vota\u00e7\u00e3o. Noticias em Destaque Fonte: Politica JP<\/p>\n","protected":false},"author":2,"featured_media":43513,"comment_status":"closed","ping_status":"open","sticky":false,"template":"","format":"standard","meta":{"_eb_attr":"","_jetpack_memberships_contains_paid_content":false,"footnotes":""},"categories":[12],"tags":[],"class_list":["post-43512","post","type-post","status-publish","format-standard","has-post-thumbnail","hentry","category-geral"],"yoast_head":"<!-- This site is optimized with the Yoast SEO plugin v26.5 - https:\/\/yoast.com\/wordpress\/plugins\/seo\/ -->\n<title>Ministro do STF autoriza transporte p\u00fablico gratuito no segundo turno - Not&iacute;cias em Destaque<\/title>\n<meta name=\"robots\" content=\"index, follow, max-snippet:-1, max-image-preview:large, max-video-preview:-1\" \/>\n<link rel=\"canonical\" href=\"https:\/\/noticiasemdestaque.com\/cd\/?p=43512\" \/>\n<meta property=\"og:locale\" content=\"pt_BR\" \/>\n<meta property=\"og:type\" content=\"article\" \/>\n<meta property=\"og:title\" content=\"Ministro do STF autoriza transporte p\u00fablico gratuito no segundo turno - Not&iacute;cias em Destaque\" \/>\n<meta property=\"og:description\" content=\"O ministro do Supremo Tribunal Federal (STF) Lu\u00eds Roberto Barroso decidiu hoje (18) que prefeituras e empresas de \u00f4nibus poder\u00e3o oferecer transporte p\u00fablico gratuito no segundo turno das elei\u00e7\u00f5es, que ser\u00e1 realizado no pr\u00f3ximo dia 30. Pela decis\u00e3o do ministro, os prefeitos que adotarem a medida n\u00e3o poder\u00e3o ser responsabilizados por improbidade administrativa ou crime eleitoral. A decis\u00e3o foi tomada a partir de uma a\u00e7\u00e3o protocolada pela Rede Sustentabilidade. A pedido do partido, no primeiro turno, o ministro tamb\u00e9m determinou que o transporte p\u00fablico fosse mantido em n\u00edveis normais e que os munic\u00edpios que j\u00e1 ofereceram a gratuidade em pleitos anteriores mantivessem a medida. Para pedir a gratuidade universal, a Rede argumentou que o voto \u00e9 obrigat\u00f3rio no Brasil, mas que muitos eleitores n\u00e3o t\u00eam condi\u00e7\u00f5es de pagar a passagem at\u00e9 o local de vota\u00e7\u00e3o, que, em muitos casos, \u00e9 mais cara do que a multa pelo n\u00e3o comparecimento, cujo valor m\u00e1ximo \u00e9 de R$ 3,51. A medida tamb\u00e9m pretende evitar alta absten\u00e7\u00e3o de eleitores no dia da vota\u00e7\u00e3o. Noticias em Destaque Fonte: Politica JP\" \/>\n<meta property=\"og:url\" content=\"https:\/\/noticiasemdestaque.com\/cd\/?p=43512\" \/>\n<meta property=\"og:site_name\" content=\"Not&iacute;cias em Destaque\" \/>\n<meta property=\"article:published_time\" content=\"2022-10-20T10:56:47+00:00\" \/>\n<meta property=\"og:image\" content=\"https:\/\/noticiasemdestaque.com\/cd\/wp-content\/uploads\/2022\/10\/Ministro-do-STF-autoriza-transporte-publico-gratuito-no-segundo-turno.jpg\" \/>\n\t<meta property=\"og:image:width\" content=\"828\" \/>\n\t<meta property=\"og:image:height\" content=\"457\" \/>\n\t<meta property=\"og:image:type\" content=\"image\/jpeg\" \/>\n<meta name=\"author\" content=\"Not\u00edcias em Destaque\" \/>\n<meta name=\"twitter:card\" content=\"summary_large_image\" \/>\n<meta name=\"twitter:label1\" content=\"Escrito por\" \/>\n\t<meta name=\"twitter:data1\" content=\"Not\u00edcias em Destaque\" \/>\n\t<meta name=\"twitter:label2\" content=\"Est. tempo de leitura\" \/>\n\t<meta name=\"twitter:data2\" content=\"2 minutos\" \/>\n<script type=\"application\/ld+json\" class=\"yoast-schema-graph\">{\"@context\":\"https:\/\/schema.org\",\"@graph\":[{\"@type\":\"Article\",\"@id\":\"https:\/\/noticiasemdestaque.com\/cd\/?p=43512#article\",\"isPartOf\":{\"@id\":\"https:\/\/noticiasemdestaque.com\/cd\/?p=43512\"},\"author\":{\"name\":\"Not\u00edcias em Destaque\",\"@id\":\"https:\/\/noticiasemdestaque.com\/cd\/#\/schema\/person\/47f7d4f55eec17c6b2ca036c5500f6ce\"},\"headline\":\"Ministro do STF autoriza transporte p\u00fablico gratuito no segundo turno\",\"datePublished\":\"2022-10-20T10:56:47+00:00\",\"mainEntityOfPage\":{\"@id\":\"https:\/\/noticiasemdestaque.com\/cd\/?p=43512\"},\"wordCount\":204,\"publisher\":{\"@id\":\"https:\/\/noticiasemdestaque.com\/cd\/#organization\"},\"image\":{\"@id\":\"https:\/\/noticiasemdestaque.com\/cd\/?p=43512#primaryimage\"},\"thumbnailUrl\":\"https:\/\/noticiasemdestaque.com\/cd\/wp-content\/uploads\/2022\/10\/Ministro-do-STF-autoriza-transporte-publico-gratuito-no-segundo-turno.jpg\",\"articleSection\":[\"Geral\"],\"inLanguage\":\"pt-BR\"},{\"@type\":\"WebPage\",\"@id\":\"https:\/\/noticiasemdestaque.com\/cd\/?p=43512\",\"url\":\"https:\/\/noticiasemdestaque.com\/cd\/?p=43512\",\"name\":\"Ministro do STF autoriza transporte p\u00fablico gratuito no segundo turno - Not&iacute;cias em Destaque\",\"isPartOf\":{\"@id\":\"https:\/\/noticiasemdestaque.com\/cd\/#website\"},\"primaryImageOfPage\":{\"@id\":\"https:\/\/noticiasemdestaque.com\/cd\/?p=43512#primaryimage\"},\"image\":{\"@id\":\"https:\/\/noticiasemdestaque.com\/cd\/?p=43512#primaryimage\"},\"thumbnailUrl\":\"https:\/\/noticiasemdestaque.com\/cd\/wp-content\/uploads\/2022\/10\/Ministro-do-STF-autoriza-transporte-publico-gratuito-no-segundo-turno.jpg\",\"datePublished\":\"2022-10-20T10:56:47+00:00\",\"breadcrumb\":{\"@id\":\"https:\/\/noticiasemdestaque.com\/cd\/?p=43512#breadcrumb\"},\"inLanguage\":\"pt-BR\",\"potentialAction\":[{\"@type\":\"ReadAction\",\"target\":[\"https:\/\/noticiasemdestaque.com\/cd\/?p=43512\"]}]},{\"@type\":\"ImageObject\",\"inLanguage\":\"pt-BR\",\"@id\":\"https:\/\/noticiasemdestaque.com\/cd\/?p=43512#primaryimage\",\"url\":\"https:\/\/noticiasemdestaque.com\/cd\/wp-content\/uploads\/2022\/10\/Ministro-do-STF-autoriza-transporte-publico-gratuito-no-segundo-turno.jpg\",\"contentUrl\":\"https:\/\/noticiasemdestaque.com\/cd\/wp-content\/uploads\/2022\/10\/Ministro-do-STF-autoriza-transporte-publico-gratuito-no-segundo-turno.jpg\",\"width\":828,\"height\":457},{\"@type\":\"BreadcrumbList\",\"@id\":\"https:\/\/noticiasemdestaque.com\/cd\/?p=43512#breadcrumb\",\"itemListElement\":[{\"@type\":\"ListItem\",\"position\":1,\"name\":\"In\u00edcio\",\"item\":\"https:\/\/noticiasemdestaque.com\/cd\/\"},{\"@type\":\"ListItem\",\"position\":2,\"name\":\"Ministro do STF autoriza transporte p\u00fablico gratuito no segundo turno\"}]},{\"@type\":\"WebSite\",\"@id\":\"https:\/\/noticiasemdestaque.com\/cd\/#website\",\"url\":\"https:\/\/noticiasemdestaque.com\/cd\/\",\"name\":\"Not&iacute;cias em Destaque\",\"description\":\"\",\"publisher\":{\"@id\":\"https:\/\/noticiasemdestaque.com\/cd\/#organization\"},\"potentialAction\":[{\"@type\":\"SearchAction\",\"target\":{\"@type\":\"EntryPoint\",\"urlTemplate\":\"https:\/\/noticiasemdestaque.com\/cd\/?s={search_term_string}\"},\"query-input\":{\"@type\":\"PropertyValueSpecification\",\"valueRequired\":true,\"valueName\":\"search_term_string\"}}],\"inLanguage\":\"pt-BR\"},{\"@type\":\"Organization\",\"@id\":\"https:\/\/noticiasemdestaque.com\/cd\/#organization\",\"name\":\"Not\u00edcias em Destaque\",\"url\":\"https:\/\/noticiasemdestaque.com\/cd\/\",\"logo\":{\"@type\":\"ImageObject\",\"inLanguage\":\"pt-BR\",\"@id\":\"https:\/\/noticiasemdestaque.com\/cd\/#\/schema\/logo\/image\/\",\"url\":\"https:\/\/noticiasemdestaque.com\/cd\/wp-content\/uploads\/2022\/05\/imagem-base-noticiasemdestaque.png\",\"contentUrl\":\"https:\/\/noticiasemdestaque.com\/cd\/wp-content\/uploads\/2022\/05\/imagem-base-noticiasemdestaque.png\",\"width\":1200,\"height\":630,\"caption\":\"Not\u00edcias em Destaque\"},\"image\":{\"@id\":\"https:\/\/noticiasemdestaque.com\/cd\/#\/schema\/logo\/image\/\"}},{\"@type\":\"Person\",\"@id\":\"https:\/\/noticiasemdestaque.com\/cd\/#\/schema\/person\/47f7d4f55eec17c6b2ca036c5500f6ce\",\"name\":\"Not\u00edcias em Destaque\",\"url\":\"https:\/\/noticiasemdestaque.com\/cd\/?author=2\"}]}<\/script>\n<!-- \/ Yoast SEO plugin. -->","yoast_head_json":{"title":"Ministro do STF autoriza transporte p\u00fablico gratuito no segundo turno - Not&iacute;cias em Destaque","robots":{"index":"index","follow":"follow","max-snippet":"max-snippet:-1","max-image-preview":"max-image-preview:large","max-video-preview":"max-video-preview:-1"},"canonical":"https:\/\/noticiasemdestaque.com\/cd\/?p=43512","og_locale":"pt_BR","og_type":"article","og_title":"Ministro do STF autoriza transporte p\u00fablico gratuito no segundo turno - Not&iacute;cias em Destaque","og_description":"O ministro do Supremo Tribunal Federal (STF) Lu\u00eds Roberto Barroso decidiu hoje (18) que prefeituras e empresas de \u00f4nibus poder\u00e3o oferecer transporte p\u00fablico gratuito no segundo turno das elei\u00e7\u00f5es, que ser\u00e1 realizado no pr\u00f3ximo dia 30. Pela decis\u00e3o do ministro, os prefeitos que adotarem a medida n\u00e3o poder\u00e3o ser responsabilizados por improbidade administrativa ou crime eleitoral. A decis\u00e3o foi tomada a partir de uma a\u00e7\u00e3o protocolada pela Rede Sustentabilidade. A pedido do partido, no primeiro turno, o ministro tamb\u00e9m determinou que o transporte p\u00fablico fosse mantido em n\u00edveis normais e que os munic\u00edpios que j\u00e1 ofereceram a gratuidade em pleitos anteriores mantivessem a medida. Para pedir a gratuidade universal, a Rede argumentou que o voto \u00e9 obrigat\u00f3rio no Brasil, mas que muitos eleitores n\u00e3o t\u00eam condi\u00e7\u00f5es de pagar a passagem at\u00e9 o local de vota\u00e7\u00e3o, que, em muitos casos, \u00e9 mais cara do que a multa pelo n\u00e3o comparecimento, cujo valor m\u00e1ximo \u00e9 de R$ 3,51. A medida tamb\u00e9m pretende evitar alta absten\u00e7\u00e3o de eleitores no dia da vota\u00e7\u00e3o. Noticias em Destaque Fonte: Politica JP","og_url":"https:\/\/noticiasemdestaque.com\/cd\/?p=43512","og_site_name":"Not&iacute;cias em Destaque","article_published_time":"2022-10-20T10:56:47+00:00","og_image":[{"width":828,"height":457,"url":"https:\/\/noticiasemdestaque.com\/cd\/wp-content\/uploads\/2022\/10\/Ministro-do-STF-autoriza-transporte-publico-gratuito-no-segundo-turno.jpg","type":"image\/jpeg"}],"author":"Not\u00edcias em Destaque","twitter_card":"summary_large_image","twitter_misc":{"Escrito por":"Not\u00edcias em Destaque","Est. tempo de leitura":"2 minutos"},"schema":{"@context":"https:\/\/schema.org","@graph":[{"@type":"Article","@id":"https:\/\/noticiasemdestaque.com\/cd\/?p=43512#article","isPartOf":{"@id":"https:\/\/noticiasemdestaque.com\/cd\/?p=43512"},"author":{"name":"Not\u00edcias em Destaque","@id":"https:\/\/noticiasemdestaque.com\/cd\/#\/schema\/person\/47f7d4f55eec17c6b2ca036c5500f6ce"},"headline":"Ministro do STF autoriza transporte p\u00fablico gratuito no segundo turno","datePublished":"2022-10-20T10:56:47+00:00","mainEntityOfPage":{"@id":"https:\/\/noticiasemdestaque.com\/cd\/?p=43512"},"wordCount":204,"publisher":{"@id":"https:\/\/noticiasemdestaque.com\/cd\/#organization"},"image":{"@id":"https:\/\/noticiasemdestaque.com\/cd\/?p=43512#primaryimage"},"thumbnailUrl":"https:\/\/noticiasemdestaque.com\/cd\/wp-content\/uploads\/2022\/10\/Ministro-do-STF-autoriza-transporte-publico-gratuito-no-segundo-turno.jpg","articleSection":["Geral"],"inLanguage":"pt-BR"},{"@type":"WebPage","@id":"https:\/\/noticiasemdestaque.com\/cd\/?p=43512","url":"https:\/\/noticiasemdestaque.com\/cd\/?p=43512","name":"Ministro do STF autoriza transporte p\u00fablico gratuito no segundo turno - Not&iacute;cias em Destaque","isPartOf":{"@id":"https:\/\/noticiasemdestaque.com\/cd\/#website"},"primaryImageOfPage":{"@id":"https:\/\/noticiasemdestaque.com\/cd\/?p=43512#primaryimage"},"image":{"@id":"https:\/\/noticiasemdestaque.com\/cd\/?p=43512#primaryimage"},"thumbnailUrl":"https:\/\/noticiasemdestaque.com\/cd\/wp-content\/uploads\/2022\/10\/Ministro-do-STF-autoriza-transporte-publico-gratuito-no-segundo-turno.jpg","datePublished":"2022-10-20T10:56:47+00:00","breadcrumb":{"@id":"https:\/\/noticiasemdestaque.com\/cd\/?p=43512#breadcrumb"},"inLanguage":"pt-BR","potentialAction":[{"@type":"ReadAction","target":["https:\/\/noticiasemdestaque.com\/cd\/?p=43512"]}]},{"@type":"ImageObject","inLanguage":"pt-BR","@id":"https:\/\/noticiasemdestaque.com\/cd\/?p=43512#primaryimage","url":"https:\/\/noticiasemdestaque.com\/cd\/wp-content\/uploads\/2022\/10\/Ministro-do-STF-autoriza-transporte-publico-gratuito-no-segundo-turno.jpg","contentUrl":"https:\/\/noticiasemdestaque.com\/cd\/wp-content\/uploads\/2022\/10\/Ministro-do-STF-autoriza-transporte-publico-gratuito-no-segundo-turno.jpg","width":828,"height":457},{"@type":"BreadcrumbList","@id":"https:\/\/noticiasemdestaque.com\/cd\/?p=43512#breadcrumb","itemListElement":[{"@type":"ListItem","position":1,"name":"In\u00edcio","item":"https:\/\/noticiasemdestaque.com\/cd\/"},{"@type":"ListItem","position":2,"name":"Ministro do STF autoriza transporte p\u00fablico gratuito no segundo turno"}]},{"@type":"WebSite","@id":"https:\/\/noticiasemdestaque.com\/cd\/#website","url":"https:\/\/noticiasemdestaque.com\/cd\/","name":"Not&iacute;cias em Destaque","description":"","publisher":{"@id":"https:\/\/noticiasemdestaque.com\/cd\/#organization"},"potentialAction":[{"@type":"SearchAction","target":{"@type":"EntryPoint","urlTemplate":"https:\/\/noticiasemdestaque.com\/cd\/?s={search_term_string}"},"query-input":{"@type":"PropertyValueSpecification","valueRequired":true,"valueName":"search_term_string"}}],"inLanguage":"pt-BR"},{"@type":"Organization","@id":"https:\/\/noticiasemdestaque.com\/cd\/#organization","name":"Not\u00edcias em Destaque","url":"https:\/\/noticiasemdestaque.com\/cd\/","logo":{"@type":"ImageObject","inLanguage":"pt-BR","@id":"https:\/\/noticiasemdestaque.com\/cd\/#\/schema\/logo\/image\/","url":"https:\/\/noticiasemdestaque.com\/cd\/wp-content\/uploads\/2022\/05\/imagem-base-noticiasemdestaque.png","contentUrl":"https:\/\/noticiasemdestaque.com\/cd\/wp-content\/uploads\/2022\/05\/imagem-base-noticiasemdestaque.png","width":1200,"height":630,"caption":"Not\u00edcias em Destaque"},"image":{"@id":"https:\/\/noticiasemdestaque.com\/cd\/#\/schema\/logo\/image\/"}},{"@type":"Person","@id":"https:\/\/noticiasemdestaque.com\/cd\/#\/schema\/person\/47f7d4f55eec17c6b2ca036c5500f6ce","name":"Not\u00edcias em Destaque","url":"https:\/\/noticiasemdestaque.com\/cd\/?author=2"}]}},"jetpack_featured_media_url":"https:\/\/noticiasemdestaque.com\/cd\/wp-content\/uploads\/2022\/10\/Ministro-do-STF-autoriza-transporte-publico-gratuito-no-segundo-turno.jpg","jetpack_sharing_enabled":true,"_links":{"self":[{"href":"https:\/\/noticiasemdestaque.com\/cd\/index.php?rest_route=\/wp\/v2\/posts\/43512","targetHints":{"allow":["GET"]}}],"collection":[{"href":"https:\/\/noticiasemdestaque.com\/cd\/index.php?rest_route=\/wp\/v2\/posts"}],"about":[{"href":"https:\/\/noticiasemdestaque.com\/cd\/index.php?rest_route=\/wp\/v2\/types\/post"}],"author":[{"embeddable":true,"href":"https:\/\/noticiasemdestaque.com\/cd\/index.php?rest_route=\/wp\/v2\/users\/2"}],"replies":[{"embeddable":true,"href":"https:\/\/noticiasemdestaque.com\/cd\/index.php?rest_route=%2Fwp%2Fv2%2Fcomments&post=43512"}],"version-history":[{"count":1,"href":"https:\/\/noticiasemdestaque.com\/cd\/index.php?rest_route=\/wp\/v2\/posts\/43512\/revisions"}],"predecessor-version":[{"id":43514,"href":"https:\/\/noticiasemdestaque.com\/cd\/index.php?rest_route=\/wp\/v2\/posts\/43512\/revisions\/43514"}],"wp:featuredmedia":[{"embeddable":true,"href":"https:\/\/noticiasemdestaque.com\/cd\/index.php?rest_route=\/wp\/v2\/media\/43513"}],"wp:attachment":[{"href":"https:\/\/noticiasemdestaque.com\/cd\/index.php?rest_route=%2Fwp%2Fv2%2Fmedia&parent=43512"}],"wp:term":[{"taxonomy":"category","embeddable":true,"href":"https:\/\/noticiasemdestaque.com\/cd\/index.php?rest_route=%2Fwp%2Fv2%2Fcategories&post=43512"},{"taxonomy":"post_tag","embeddable":true,"href":"https:\/\/noticiasemdestaque.com\/cd\/index.php?rest_route=%2Fwp%2Fv2%2Ftags&post=43512"}],"curies":[{"name":"wp","href":"https:\/\/api.w.org\/{rel}","templated":true}]}}