{"id":43492,"date":"2022-10-19T21:12:42","date_gmt":"2022-10-20T00:12:42","guid":{"rendered":"https:\/\/noticiasemdestaque.com\/cd\/?p=43492"},"modified":"2022-10-19T21:12:42","modified_gmt":"2022-10-20T00:12:42","slug":"confira-os-assuntos-debatidos-na-sessao-da-camara-de-sume","status":"publish","type":"post","link":"https:\/\/noticiasemdestaque.com\/cd\/?p=43492","title":{"rendered":"Confira os assuntos debatidos na sess\u00e3o da C\u00e2mara de Sum\u00e9"},"content":{"rendered":"<p><a href=\"https:\/\/noticiasemdestaque.com\/cd\/wp-content\/uploads\/2022\/10\/DSC_0646-scaled.jpg\"><img fetchpriority=\"high\" decoding=\"async\" class=\"size-medium wp-image-43497 aligncenter\" src=\"https:\/\/noticiasemdestaque.com\/cd\/wp-content\/uploads\/2022\/10\/DSC_0646-300x199.jpg\" alt=\"\" width=\"300\" height=\"199\" srcset=\"https:\/\/noticiasemdestaque.com\/cd\/wp-content\/uploads\/2022\/10\/DSC_0646-300x199.jpg 300w, https:\/\/noticiasemdestaque.com\/cd\/wp-content\/uploads\/2022\/10\/DSC_0646-1024x681.jpg 1024w, https:\/\/noticiasemdestaque.com\/cd\/wp-content\/uploads\/2022\/10\/DSC_0646-768x511.jpg 768w, https:\/\/noticiasemdestaque.com\/cd\/wp-content\/uploads\/2022\/10\/DSC_0646-1536x1021.jpg 1536w, https:\/\/noticiasemdestaque.com\/cd\/wp-content\/uploads\/2022\/10\/DSC_0646-2048x1362.jpg 2048w, https:\/\/noticiasemdestaque.com\/cd\/wp-content\/uploads\/2022\/10\/DSC_0646-18x12.jpg 18w\" sizes=\"(max-width: 300px) 100vw, 300px\" \/><\/a><\/p>\n<p>A C\u00e2mara de Vereadores de Sum\u00e9 esteve reunida na noite desta ter\u00e7a-feira, para aprova\u00e7\u00e3o de projetos e requerimentos.<\/p>\n<p><a href=\"https:\/\/noticiasemdestaque.com\/cd\/wp-content\/uploads\/2022\/10\/DSC_0631-scaled.jpg\"><img decoding=\"async\" class=\"size-medium wp-image-43493 aligncenter\" src=\"https:\/\/noticiasemdestaque.com\/cd\/wp-content\/uploads\/2022\/10\/DSC_0631-300x243.jpg\" alt=\"\" width=\"300\" height=\"243\" srcset=\"https:\/\/noticiasemdestaque.com\/cd\/wp-content\/uploads\/2022\/10\/DSC_0631-300x243.jpg 300w, https:\/\/noticiasemdestaque.com\/cd\/wp-content\/uploads\/2022\/10\/DSC_0631-1024x829.jpg 1024w, https:\/\/noticiasemdestaque.com\/cd\/wp-content\/uploads\/2022\/10\/DSC_0631-768x622.jpg 768w, https:\/\/noticiasemdestaque.com\/cd\/wp-content\/uploads\/2022\/10\/DSC_0631-1536x1244.jpg 1536w, https:\/\/noticiasemdestaque.com\/cd\/wp-content\/uploads\/2022\/10\/DSC_0631-2048x1658.jpg 2048w, https:\/\/noticiasemdestaque.com\/cd\/wp-content\/uploads\/2022\/10\/DSC_0631-15x12.jpg 15w\" sizes=\"(max-width: 300px) 100vw, 300px\" \/><\/a><\/p>\n<p>Foi aprovado o projeto de lei 731\/2022 de autoria do vereador Jos\u00e9 Ant\u00f4nio, que denomina de Terezinha Braz Barros, a Rua Projetada 05 localizada no Loteamento Manoel Louren\u00e7o, paralela com a antiga Rua Projetada 06 e perpendicularmente a Rua Projetada 01 (futura Rua Raimundo Mendon\u00e7a de Lima \u2013 Raimundo Mi\u00e7angueiro), Rua Projetada 03 (futura Rua Jos\u00e9 Anchieta Barros), Rua Projetada 06, Rua Projetada 10 e a Avenida principal.<\/p>\n<p>Os vereadores aprovaram o projeto de lei 732\/2022 de autoria do vereador Jos\u00e9 Ant\u00f4nio, que Jos\u00e9 Anchieta Barros, a Rua Projetada 03 localizada no Loteamento Manoel Louren\u00e7o, paralela \u00e0 antiga Rua Projetada 01 (futura Rua Raimundo Mendon\u00e7a de Lima \u2013 Raimundo Mi\u00e7angueiro) e a Rua Projetada 06, perpendicularmente a Rua Projetada 02, Rua Projetada 04, Rua Projetada 09 e a Rua Projetada 05 (futura Rua Terezinha Braz Barros).<\/p>\n<p>Foi aprovado o projeto de lei complementar 43\/2022 de autoria do Poder Executivo, que eleva a n\u00edvel superior de escolaridade, o cargo de Agente Fiscal de Tributos \u2013 SAD \u2013 202.1 &#8211; do Munic\u00edpio de Sum\u00e9, com consequente eleva\u00e7\u00e3o da remunera\u00e7\u00e3o bruta, que ficar\u00e1 fixada em R$ 2.620,58 (dois mil seiscentos e vinte reais e cinquenta e oito centavos), a partir da vig\u00eancia da presente Lei;<\/p>\n<p>O ingresso no cargo dever\u00e1 ocorrer mediante aprova\u00e7\u00e3o em concurso p\u00fablico.<\/p>\n<p>Os vereadores aprovaram o projeto de lei 735\/2022 de autoria do Poder Executivo que autoriza a abertura de cr\u00e9dito especial no valor de R$ 10.000,00 (Dez mil reais), destinado a preservar a manuten\u00e7\u00e3o do equil\u00edbrio das contas do er\u00e1rio, bem como objetivando o saneamento do planejamento or\u00e7ament\u00e1rio e a melhor execu\u00e7\u00e3o do cumprimento das metas previstas na Lei Or\u00e7ament\u00e1ria Anual do Munic\u00edpio de Sum\u00e9.<\/p>\n<p>A C\u00e2mara Municipal de Sum\u00e9 aprovou o parecer t\u00e9cnico do Tribunal de Contas do Estado, que julgou regular a Presta\u00e7\u00e3o de Contas Anual, Exerc\u00edcio de 2020, do Prefeito \u00c9den Duarte, com a aprova\u00e7\u00e3o todas as contas da primeira gest\u00e3o do atual prefeito (2017\/2022), foram aprovadas pela TCU e pelo Legislativo.<\/p>\n<p><a href=\"https:\/\/noticiasemdestaque.com\/cd\/wp-content\/uploads\/2022\/10\/DSC_0638-scaled.jpg\"><img decoding=\"async\" class=\"size-medium wp-image-43495 aligncenter\" src=\"https:\/\/noticiasemdestaque.com\/cd\/wp-content\/uploads\/2022\/10\/DSC_0638-274x300.jpg\" alt=\"\" width=\"274\" height=\"300\" srcset=\"https:\/\/noticiasemdestaque.com\/cd\/wp-content\/uploads\/2022\/10\/DSC_0638-274x300.jpg 274w, https:\/\/noticiasemdestaque.com\/cd\/wp-content\/uploads\/2022\/10\/DSC_0638-936x1024.jpg 936w, https:\/\/noticiasemdestaque.com\/cd\/wp-content\/uploads\/2022\/10\/DSC_0638-768x840.jpg 768w, https:\/\/noticiasemdestaque.com\/cd\/wp-content\/uploads\/2022\/10\/DSC_0638-1405x1536.jpg 1405w, https:\/\/noticiasemdestaque.com\/cd\/wp-content\/uploads\/2022\/10\/DSC_0638-1873x2048.jpg 1873w, https:\/\/noticiasemdestaque.com\/cd\/wp-content\/uploads\/2022\/10\/DSC_0638-11x12.jpg 11w\" sizes=\"(max-width: 274px) 100vw, 274px\" \/><\/a><\/p>\n<p>O vereador Cordeirinho Moto Pe\u00e7as apresentou requerimento, solicitando a limpeza do Campo de Futebol Poeir\u00e3o e entorno do mesmo, localizado no Bairro Mandacaru.<\/p>\n<p><a href=\"https:\/\/noticiasemdestaque.com\/cd\/wp-content\/uploads\/2022\/10\/DSC_0635-scaled.jpg\"><img loading=\"lazy\" decoding=\"async\" class=\"size-medium wp-image-43494 aligncenter\" src=\"https:\/\/noticiasemdestaque.com\/cd\/wp-content\/uploads\/2022\/10\/DSC_0635-257x300.jpg\" alt=\"\" width=\"257\" height=\"300\" srcset=\"https:\/\/noticiasemdestaque.com\/cd\/wp-content\/uploads\/2022\/10\/DSC_0635-257x300.jpg 257w, https:\/\/noticiasemdestaque.com\/cd\/wp-content\/uploads\/2022\/10\/DSC_0635-877x1024.jpg 877w, https:\/\/noticiasemdestaque.com\/cd\/wp-content\/uploads\/2022\/10\/DSC_0635-768x897.jpg 768w, https:\/\/noticiasemdestaque.com\/cd\/wp-content\/uploads\/2022\/10\/DSC_0635-1316x1536.jpg 1316w, https:\/\/noticiasemdestaque.com\/cd\/wp-content\/uploads\/2022\/10\/DSC_0635-1754x2048.jpg 1754w, https:\/\/noticiasemdestaque.com\/cd\/wp-content\/uploads\/2022\/10\/DSC_0635-10x12.jpg 10w\" sizes=\"(max-width: 257px) 100vw, 257px\" \/><\/a><\/p>\n<p>O vereador Francisco Fontinele apresentou a seguinte nota de rep\u00fadio:<\/p>\n<p>Venho atrav\u00e9s desta nota repudiar a atitude desrespeitosa do Senhor Ricardo Mayer o qual ofendeu verbalmente atrav\u00e9s de um \u00e1udio o Partido dos Trabalhadores (PT) e seus membros eleitores militantes e filiados, como tamb\u00e9m faltou com respeito aos companheiros e trabalhadores ao Movimento sem Terra (MST), o que exigem uma posi\u00e7\u00e3o da Dire\u00e7\u00e3o Estadual do PT como tamb\u00e9m da Dire\u00e7\u00e3o Estadual do MST. Fica aqui meu repudio a atitude desrespeitosa para com nossos companheiros.<\/p>\n<p><a href=\"https:\/\/noticiasemdestaque.com\/cd\/wp-content\/uploads\/2022\/10\/DSC_0660-scaled.jpg\"><img loading=\"lazy\" decoding=\"async\" class=\"alignnone  wp-image-43499\" src=\"https:\/\/noticiasemdestaque.com\/cd\/wp-content\/uploads\/2022\/10\/DSC_0660-300x199.jpg\" alt=\"\" width=\"297\" height=\"197\" srcset=\"https:\/\/noticiasemdestaque.com\/cd\/wp-content\/uploads\/2022\/10\/DSC_0660-300x199.jpg 300w, https:\/\/noticiasemdestaque.com\/cd\/wp-content\/uploads\/2022\/10\/DSC_0660-1024x681.jpg 1024w, https:\/\/noticiasemdestaque.com\/cd\/wp-content\/uploads\/2022\/10\/DSC_0660-768x511.jpg 768w, https:\/\/noticiasemdestaque.com\/cd\/wp-content\/uploads\/2022\/10\/DSC_0660-1536x1021.jpg 1536w, https:\/\/noticiasemdestaque.com\/cd\/wp-content\/uploads\/2022\/10\/DSC_0660-2048x1362.jpg 2048w, https:\/\/noticiasemdestaque.com\/cd\/wp-content\/uploads\/2022\/10\/DSC_0660-18x12.jpg 18w\" sizes=\"(max-width: 297px) 100vw, 297px\" \/><\/a><a href=\"https:\/\/noticiasemdestaque.com\/cd\/wp-content\/uploads\/2022\/10\/DSC_0665-scaled.jpg\"><img loading=\"lazy\" decoding=\"async\" class=\"alignnone  wp-image-43500\" src=\"https:\/\/noticiasemdestaque.com\/cd\/wp-content\/uploads\/2022\/10\/DSC_0665-300x244.jpg\" alt=\"\" width=\"243\" height=\"198\" srcset=\"https:\/\/noticiasemdestaque.com\/cd\/wp-content\/uploads\/2022\/10\/DSC_0665-300x244.jpg 300w, https:\/\/noticiasemdestaque.com\/cd\/wp-content\/uploads\/2022\/10\/DSC_0665-1024x832.jpg 1024w, https:\/\/noticiasemdestaque.com\/cd\/wp-content\/uploads\/2022\/10\/DSC_0665-768x624.jpg 768w, https:\/\/noticiasemdestaque.com\/cd\/wp-content\/uploads\/2022\/10\/DSC_0665-1536x1248.jpg 1536w, https:\/\/noticiasemdestaque.com\/cd\/wp-content\/uploads\/2022\/10\/DSC_0665-2048x1664.jpg 2048w, https:\/\/noticiasemdestaque.com\/cd\/wp-content\/uploads\/2022\/10\/DSC_0665-15x12.jpg 15w\" sizes=\"(max-width: 243px) 100vw, 243px\" \/><\/a><\/p>\n<p>Na oportunidade, participaram da sess\u00e3o representantes do MST, militantes e membros do Partido dos Trabalhadores (PT).<\/p>\n<p>Francisco Fontinele apresentou requerimento ao prefeito \u00c9den Duarte para que seja feito desobstru\u00e7\u00e3o e limpeza na rede de esgoto localizado na Rua Rita Cipriano Bezerra e solicitou reparo na Adutora da Concei\u00e7\u00e3o para que chegue \u00e1gua at\u00e9 a Comunidade de Cachoeirinha de Baixo, pois encontram-se mais de dez moradores sem receber essas \u00e1guas.<\/p>\n<p><a href=\"https:\/\/noticiasemdestaque.com\/cd\/wp-content\/uploads\/2022\/10\/DSC_0648-scaled.jpg\"><img loading=\"lazy\" decoding=\"async\" class=\"size-medium wp-image-43498 aligncenter\" src=\"https:\/\/noticiasemdestaque.com\/cd\/wp-content\/uploads\/2022\/10\/DSC_0648-300x300.jpg\" alt=\"\" width=\"300\" height=\"300\" srcset=\"https:\/\/noticiasemdestaque.com\/cd\/wp-content\/uploads\/2022\/10\/DSC_0648-300x300.jpg 300w, https:\/\/noticiasemdestaque.com\/cd\/wp-content\/uploads\/2022\/10\/DSC_0648-1020x1024.jpg 1020w, https:\/\/noticiasemdestaque.com\/cd\/wp-content\/uploads\/2022\/10\/DSC_0648-150x150.jpg 150w, https:\/\/noticiasemdestaque.com\/cd\/wp-content\/uploads\/2022\/10\/DSC_0648-768x771.jpg 768w, https:\/\/noticiasemdestaque.com\/cd\/wp-content\/uploads\/2022\/10\/DSC_0648-1530x1536.jpg 1530w, https:\/\/noticiasemdestaque.com\/cd\/wp-content\/uploads\/2022\/10\/DSC_0648-2040x2048.jpg 2040w, https:\/\/noticiasemdestaque.com\/cd\/wp-content\/uploads\/2022\/10\/DSC_0648-12x12.jpg 12w\" sizes=\"(max-width: 300px) 100vw, 300px\" \/><\/a><\/p>\n<p>O vereador Dami\u00e3o Rildo apresentou Voto de Pesar \u00e0 Fam\u00edlia do Senhor H\u00e9lio Ferreira Lima e Voto de Pesar a Fam\u00edlia da Senhora Maria do Socorro Palmeira da Silva.<\/p>\n<p>Ascom\/C\u00e2mara<\/p>\n","protected":false},"excerpt":{"rendered":"<p>A C\u00e2mara de Vereadores de Sum\u00e9 esteve reunida na noite desta ter\u00e7a-feira, para aprova\u00e7\u00e3o de projetos e requerimentos. Foi aprovado o projeto de lei 731\/2022 de autoria do vereador Jos\u00e9 Ant\u00f4nio, que denomina de Terezinha Braz Barros, a Rua Projetada 05 localizada no Loteamento Manoel Louren\u00e7o, paralela com a antiga Rua Projetada 06 e perpendicularmente a Rua Projetada 01 (futura Rua Raimundo Mendon\u00e7a de Lima \u2013 Raimundo Mi\u00e7angueiro), Rua Projetada 03 (futura Rua Jos\u00e9 Anchieta Barros), Rua Projetada 06, Rua Projetada 10 e a Avenida principal. Os vereadores aprovaram o projeto de lei 732\/2022 de autoria do vereador Jos\u00e9 Ant\u00f4nio, que Jos\u00e9 Anchieta Barros, a Rua Projetada 03 localizada no Loteamento Manoel Louren\u00e7o, paralela \u00e0 antiga Rua Projetada 01 (futura Rua Raimundo Mendon\u00e7a de Lima \u2013 Raimundo Mi\u00e7angueiro) e a Rua Projetada 06, perpendicularmente a Rua Projetada 02, Rua Projetada 04, Rua Projetada 09 e a Rua Projetada 05 (futura Rua Terezinha Braz Barros). Foi aprovado o projeto de lei complementar 43\/2022 de autoria do Poder Executivo, que eleva a n\u00edvel superior de escolaridade, o cargo de Agente Fiscal de Tributos \u2013 SAD \u2013 202.1 &#8211; do Munic\u00edpio de Sum\u00e9, com consequente eleva\u00e7\u00e3o da remunera\u00e7\u00e3o bruta, que ficar\u00e1 fixada em R$ 2.620,58 (dois mil seiscentos e vinte reais e cinquenta e oito centavos), a partir da vig\u00eancia da presente Lei; O ingresso no cargo dever\u00e1 ocorrer mediante aprova\u00e7\u00e3o em concurso p\u00fablico. Os vereadores aprovaram o projeto de lei 735\/2022 de autoria do Poder Executivo que autoriza a abertura de cr\u00e9dito especial no valor de R$ 10.000,00 (Dez mil reais), destinado a preservar a manuten\u00e7\u00e3o do equil\u00edbrio das contas do er\u00e1rio, bem como objetivando o saneamento do planejamento or\u00e7ament\u00e1rio e a melhor execu\u00e7\u00e3o do cumprimento das metas previstas na Lei Or\u00e7ament\u00e1ria Anual do Munic\u00edpio de Sum\u00e9. A C\u00e2mara Municipal de Sum\u00e9 aprovou o parecer t\u00e9cnico do Tribunal de Contas do Estado, que julgou regular a Presta\u00e7\u00e3o de Contas Anual, Exerc\u00edcio de 2020, do Prefeito \u00c9den Duarte, com a aprova\u00e7\u00e3o todas as contas da primeira gest\u00e3o do atual prefeito (2017\/2022), foram aprovadas pela TCU e pelo Legislativo. O vereador Cordeirinho Moto Pe\u00e7as apresentou requerimento, solicitando a limpeza do Campo de Futebol Poeir\u00e3o e entorno do mesmo, localizado no Bairro Mandacaru. O vereador Francisco Fontinele apresentou a seguinte nota de rep\u00fadio: Venho atrav\u00e9s desta nota repudiar a atitude desrespeitosa do Senhor Ricardo Mayer o qual ofendeu verbalmente atrav\u00e9s de um \u00e1udio o Partido dos Trabalhadores (PT) e seus membros eleitores militantes e filiados, como tamb\u00e9m faltou com respeito aos companheiros e trabalhadores ao Movimento sem Terra (MST), o que exigem uma posi\u00e7\u00e3o da Dire\u00e7\u00e3o Estadual do PT como tamb\u00e9m da Dire\u00e7\u00e3o Estadual do MST. Fica aqui meu repudio a atitude desrespeitosa para com nossos companheiros. Na oportunidade, participaram da sess\u00e3o representantes do MST, militantes e membros do Partido dos Trabalhadores (PT). Francisco Fontinele apresentou requerimento ao prefeito \u00c9den Duarte para que seja feito desobstru\u00e7\u00e3o e limpeza na rede de esgoto localizado na Rua Rita Cipriano Bezerra e solicitou reparo na Adutora da Concei\u00e7\u00e3o para que chegue \u00e1gua at\u00e9 a Comunidade de Cachoeirinha de Baixo, pois encontram-se mais de dez moradores sem receber essas \u00e1guas. O vereador Dami\u00e3o Rildo apresentou Voto de Pesar \u00e0 Fam\u00edlia do Senhor H\u00e9lio Ferreira Lima e Voto de Pesar a Fam\u00edlia da Senhora Maria do Socorro Palmeira da Silva. Ascom\/C\u00e2mara<\/p>\n","protected":false},"author":2,"featured_media":43497,"comment_status":"closed","ping_status":"open","sticky":false,"template":"","format":"standard","meta":{"_eb_attr":"","_jetpack_memberships_contains_paid_content":false,"footnotes":""},"categories":[4],"tags":[],"class_list":["post-43492","post","type-post","status-publish","format-standard","has-post-thumbnail","hentry","category-politica"],"yoast_head":"<!-- This site is optimized with the Yoast SEO plugin v26.5 - https:\/\/yoast.com\/wordpress\/plugins\/seo\/ -->\n<title>Confira os assuntos debatidos na sess\u00e3o da C\u00e2mara de Sum\u00e9 - Not&iacute;cias em Destaque<\/title>\n<meta name=\"robots\" content=\"index, follow, max-snippet:-1, max-image-preview:large, max-video-preview:-1\" \/>\n<link rel=\"canonical\" href=\"https:\/\/noticiasemdestaque.com\/cd\/?p=43492\" \/>\n<meta property=\"og:locale\" content=\"pt_BR\" \/>\n<meta property=\"og:type\" content=\"article\" \/>\n<meta property=\"og:title\" content=\"Confira os assuntos debatidos na sess\u00e3o da C\u00e2mara de Sum\u00e9 - Not&iacute;cias em Destaque\" \/>\n<meta property=\"og:description\" content=\"A C\u00e2mara de Vereadores de Sum\u00e9 esteve reunida na noite desta ter\u00e7a-feira, para aprova\u00e7\u00e3o de projetos e requerimentos. Foi aprovado o projeto de lei 731\/2022 de autoria do vereador Jos\u00e9 Ant\u00f4nio, que denomina de Terezinha Braz Barros, a Rua Projetada 05 localizada no Loteamento Manoel Louren\u00e7o, paralela com a antiga Rua Projetada 06 e perpendicularmente a Rua Projetada 01 (futura Rua Raimundo Mendon\u00e7a de Lima \u2013 Raimundo Mi\u00e7angueiro), Rua Projetada 03 (futura Rua Jos\u00e9 Anchieta Barros), Rua Projetada 06, Rua Projetada 10 e a Avenida principal. Os vereadores aprovaram o projeto de lei 732\/2022 de autoria do vereador Jos\u00e9 Ant\u00f4nio, que Jos\u00e9 Anchieta Barros, a Rua Projetada 03 localizada no Loteamento Manoel Louren\u00e7o, paralela \u00e0 antiga Rua Projetada 01 (futura Rua Raimundo Mendon\u00e7a de Lima \u2013 Raimundo Mi\u00e7angueiro) e a Rua Projetada 06, perpendicularmente a Rua Projetada 02, Rua Projetada 04, Rua Projetada 09 e a Rua Projetada 05 (futura Rua Terezinha Braz Barros). Foi aprovado o projeto de lei complementar 43\/2022 de autoria do Poder Executivo, que eleva a n\u00edvel superior de escolaridade, o cargo de Agente Fiscal de Tributos \u2013 SAD \u2013 202.1 &#8211; do Munic\u00edpio de Sum\u00e9, com consequente eleva\u00e7\u00e3o da remunera\u00e7\u00e3o bruta, que ficar\u00e1 fixada em R$ 2.620,58 (dois mil seiscentos e vinte reais e cinquenta e oito centavos), a partir da vig\u00eancia da presente Lei; O ingresso no cargo dever\u00e1 ocorrer mediante aprova\u00e7\u00e3o em concurso p\u00fablico. Os vereadores aprovaram o projeto de lei 735\/2022 de autoria do Poder Executivo que autoriza a abertura de cr\u00e9dito especial no valor de R$ 10.000,00 (Dez mil reais), destinado a preservar a manuten\u00e7\u00e3o do equil\u00edbrio das contas do er\u00e1rio, bem como objetivando o saneamento do planejamento or\u00e7ament\u00e1rio e a melhor execu\u00e7\u00e3o do cumprimento das metas previstas na Lei Or\u00e7ament\u00e1ria Anual do Munic\u00edpio de Sum\u00e9. A C\u00e2mara Municipal de Sum\u00e9 aprovou o parecer t\u00e9cnico do Tribunal de Contas do Estado, que julgou regular a Presta\u00e7\u00e3o de Contas Anual, Exerc\u00edcio de 2020, do Prefeito \u00c9den Duarte, com a aprova\u00e7\u00e3o todas as contas da primeira gest\u00e3o do atual prefeito (2017\/2022), foram aprovadas pela TCU e pelo Legislativo. O vereador Cordeirinho Moto Pe\u00e7as apresentou requerimento, solicitando a limpeza do Campo de Futebol Poeir\u00e3o e entorno do mesmo, localizado no Bairro Mandacaru. O vereador Francisco Fontinele apresentou a seguinte nota de rep\u00fadio: Venho atrav\u00e9s desta nota repudiar a atitude desrespeitosa do Senhor Ricardo Mayer o qual ofendeu verbalmente atrav\u00e9s de um \u00e1udio o Partido dos Trabalhadores (PT) e seus membros eleitores militantes e filiados, como tamb\u00e9m faltou com respeito aos companheiros e trabalhadores ao Movimento sem Terra (MST), o que exigem uma posi\u00e7\u00e3o da Dire\u00e7\u00e3o Estadual do PT como tamb\u00e9m da Dire\u00e7\u00e3o Estadual do MST. Fica aqui meu repudio a atitude desrespeitosa para com nossos companheiros. Na oportunidade, participaram da sess\u00e3o representantes do MST, militantes e membros do Partido dos Trabalhadores (PT). Francisco Fontinele apresentou requerimento ao prefeito \u00c9den Duarte para que seja feito desobstru\u00e7\u00e3o e limpeza na rede de esgoto localizado na Rua Rita Cipriano Bezerra e solicitou reparo na Adutora da Concei\u00e7\u00e3o para que chegue \u00e1gua at\u00e9 a Comunidade de Cachoeirinha de Baixo, pois encontram-se mais de dez moradores sem receber essas \u00e1guas. O vereador Dami\u00e3o Rildo apresentou Voto de Pesar \u00e0 Fam\u00edlia do Senhor H\u00e9lio Ferreira Lima e Voto de Pesar a Fam\u00edlia da Senhora Maria do Socorro Palmeira da Silva. Ascom\/C\u00e2mara\" \/>\n<meta property=\"og:url\" content=\"https:\/\/noticiasemdestaque.com\/cd\/?p=43492\" \/>\n<meta property=\"og:site_name\" content=\"Not&iacute;cias em Destaque\" \/>\n<meta property=\"article:published_time\" content=\"2022-10-20T00:12:42+00:00\" \/>\n<meta property=\"og:image\" content=\"https:\/\/noticiasemdestaque.com\/cd\/wp-content\/uploads\/2022\/10\/DSC_0646-scaled.jpg\" \/>\n\t<meta property=\"og:image:width\" content=\"2560\" \/>\n\t<meta property=\"og:image:height\" content=\"1702\" \/>\n\t<meta property=\"og:image:type\" content=\"image\/jpeg\" \/>\n<meta name=\"author\" content=\"Not\u00edcias em Destaque\" \/>\n<meta name=\"twitter:card\" content=\"summary_large_image\" \/>\n<meta name=\"twitter:label1\" content=\"Escrito por\" \/>\n\t<meta name=\"twitter:data1\" content=\"Not\u00edcias em Destaque\" \/>\n\t<meta name=\"twitter:label2\" content=\"Est. tempo de leitura\" \/>\n\t<meta name=\"twitter:data2\" content=\"5 minutos\" \/>\n<script type=\"application\/ld+json\" class=\"yoast-schema-graph\">{\"@context\":\"https:\/\/schema.org\",\"@graph\":[{\"@type\":\"Article\",\"@id\":\"https:\/\/noticiasemdestaque.com\/cd\/?p=43492#article\",\"isPartOf\":{\"@id\":\"https:\/\/noticiasemdestaque.com\/cd\/?p=43492\"},\"author\":{\"name\":\"Not\u00edcias em Destaque\",\"@id\":\"https:\/\/noticiasemdestaque.com\/cd\/#\/schema\/person\/47f7d4f55eec17c6b2ca036c5500f6ce\"},\"headline\":\"Confira os assuntos debatidos na sess\u00e3o da C\u00e2mara de Sum\u00e9\",\"datePublished\":\"2022-10-20T00:12:42+00:00\",\"mainEntityOfPage\":{\"@id\":\"https:\/\/noticiasemdestaque.com\/cd\/?p=43492\"},\"wordCount\":588,\"publisher\":{\"@id\":\"https:\/\/noticiasemdestaque.com\/cd\/#organization\"},\"image\":{\"@id\":\"https:\/\/noticiasemdestaque.com\/cd\/?p=43492#primaryimage\"},\"thumbnailUrl\":\"https:\/\/noticiasemdestaque.com\/cd\/wp-content\/uploads\/2022\/10\/DSC_0646-scaled.jpg\",\"articleSection\":[\"Pol\u00edtica\"],\"inLanguage\":\"pt-BR\"},{\"@type\":\"WebPage\",\"@id\":\"https:\/\/noticiasemdestaque.com\/cd\/?p=43492\",\"url\":\"https:\/\/noticiasemdestaque.com\/cd\/?p=43492\",\"name\":\"Confira os assuntos debatidos na sess\u00e3o da C\u00e2mara de Sum\u00e9 - Not&iacute;cias em Destaque\",\"isPartOf\":{\"@id\":\"https:\/\/noticiasemdestaque.com\/cd\/#website\"},\"primaryImageOfPage\":{\"@id\":\"https:\/\/noticiasemdestaque.com\/cd\/?p=43492#primaryimage\"},\"image\":{\"@id\":\"https:\/\/noticiasemdestaque.com\/cd\/?p=43492#primaryimage\"},\"thumbnailUrl\":\"https:\/\/noticiasemdestaque.com\/cd\/wp-content\/uploads\/2022\/10\/DSC_0646-scaled.jpg\",\"datePublished\":\"2022-10-20T00:12:42+00:00\",\"breadcrumb\":{\"@id\":\"https:\/\/noticiasemdestaque.com\/cd\/?p=43492#breadcrumb\"},\"inLanguage\":\"pt-BR\",\"potentialAction\":[{\"@type\":\"ReadAction\",\"target\":[\"https:\/\/noticiasemdestaque.com\/cd\/?p=43492\"]}]},{\"@type\":\"ImageObject\",\"inLanguage\":\"pt-BR\",\"@id\":\"https:\/\/noticiasemdestaque.com\/cd\/?p=43492#primaryimage\",\"url\":\"https:\/\/noticiasemdestaque.com\/cd\/wp-content\/uploads\/2022\/10\/DSC_0646-scaled.jpg\",\"contentUrl\":\"https:\/\/noticiasemdestaque.com\/cd\/wp-content\/uploads\/2022\/10\/DSC_0646-scaled.jpg\",\"width\":2560,\"height\":1702},{\"@type\":\"BreadcrumbList\",\"@id\":\"https:\/\/noticiasemdestaque.com\/cd\/?p=43492#breadcrumb\",\"itemListElement\":[{\"@type\":\"ListItem\",\"position\":1,\"name\":\"In\u00edcio\",\"item\":\"https:\/\/noticiasemdestaque.com\/cd\/\"},{\"@type\":\"ListItem\",\"position\":2,\"name\":\"Confira os assuntos debatidos na sess\u00e3o da C\u00e2mara de Sum\u00e9\"}]},{\"@type\":\"WebSite\",\"@id\":\"https:\/\/noticiasemdestaque.com\/cd\/#website\",\"url\":\"https:\/\/noticiasemdestaque.com\/cd\/\",\"name\":\"Not&iacute;cias em Destaque\",\"description\":\"\",\"publisher\":{\"@id\":\"https:\/\/noticiasemdestaque.com\/cd\/#organization\"},\"potentialAction\":[{\"@type\":\"SearchAction\",\"target\":{\"@type\":\"EntryPoint\",\"urlTemplate\":\"https:\/\/noticiasemdestaque.com\/cd\/?s={search_term_string}\"},\"query-input\":{\"@type\":\"PropertyValueSpecification\",\"valueRequired\":true,\"valueName\":\"search_term_string\"}}],\"inLanguage\":\"pt-BR\"},{\"@type\":\"Organization\",\"@id\":\"https:\/\/noticiasemdestaque.com\/cd\/#organization\",\"name\":\"Not\u00edcias em Destaque\",\"url\":\"https:\/\/noticiasemdestaque.com\/cd\/\",\"logo\":{\"@type\":\"ImageObject\",\"inLanguage\":\"pt-BR\",\"@id\":\"https:\/\/noticiasemdestaque.com\/cd\/#\/schema\/logo\/image\/\",\"url\":\"https:\/\/noticiasemdestaque.com\/cd\/wp-content\/uploads\/2022\/05\/imagem-base-noticiasemdestaque.png\",\"contentUrl\":\"https:\/\/noticiasemdestaque.com\/cd\/wp-content\/uploads\/2022\/05\/imagem-base-noticiasemdestaque.png\",\"width\":1200,\"height\":630,\"caption\":\"Not\u00edcias em Destaque\"},\"image\":{\"@id\":\"https:\/\/noticiasemdestaque.com\/cd\/#\/schema\/logo\/image\/\"}},{\"@type\":\"Person\",\"@id\":\"https:\/\/noticiasemdestaque.com\/cd\/#\/schema\/person\/47f7d4f55eec17c6b2ca036c5500f6ce\",\"name\":\"Not\u00edcias em Destaque\",\"url\":\"https:\/\/noticiasemdestaque.com\/cd\/?author=2\"}]}<\/script>\n<!-- \/ Yoast SEO plugin. -->","yoast_head_json":{"title":"Confira os assuntos debatidos na sess\u00e3o da C\u00e2mara de Sum\u00e9 - Not&iacute;cias em Destaque","robots":{"index":"index","follow":"follow","max-snippet":"max-snippet:-1","max-image-preview":"max-image-preview:large","max-video-preview":"max-video-preview:-1"},"canonical":"https:\/\/noticiasemdestaque.com\/cd\/?p=43492","og_locale":"pt_BR","og_type":"article","og_title":"Confira os assuntos debatidos na sess\u00e3o da C\u00e2mara de Sum\u00e9 - Not&iacute;cias em Destaque","og_description":"A C\u00e2mara de Vereadores de Sum\u00e9 esteve reunida na noite desta ter\u00e7a-feira, para aprova\u00e7\u00e3o de projetos e requerimentos. Foi aprovado o projeto de lei 731\/2022 de autoria do vereador Jos\u00e9 Ant\u00f4nio, que denomina de Terezinha Braz Barros, a Rua Projetada 05 localizada no Loteamento Manoel Louren\u00e7o, paralela com a antiga Rua Projetada 06 e perpendicularmente a Rua Projetada 01 (futura Rua Raimundo Mendon\u00e7a de Lima \u2013 Raimundo Mi\u00e7angueiro), Rua Projetada 03 (futura Rua Jos\u00e9 Anchieta Barros), Rua Projetada 06, Rua Projetada 10 e a Avenida principal. Os vereadores aprovaram o projeto de lei 732\/2022 de autoria do vereador Jos\u00e9 Ant\u00f4nio, que Jos\u00e9 Anchieta Barros, a Rua Projetada 03 localizada no Loteamento Manoel Louren\u00e7o, paralela \u00e0 antiga Rua Projetada 01 (futura Rua Raimundo Mendon\u00e7a de Lima \u2013 Raimundo Mi\u00e7angueiro) e a Rua Projetada 06, perpendicularmente a Rua Projetada 02, Rua Projetada 04, Rua Projetada 09 e a Rua Projetada 05 (futura Rua Terezinha Braz Barros). Foi aprovado o projeto de lei complementar 43\/2022 de autoria do Poder Executivo, que eleva a n\u00edvel superior de escolaridade, o cargo de Agente Fiscal de Tributos \u2013 SAD \u2013 202.1 &#8211; do Munic\u00edpio de Sum\u00e9, com consequente eleva\u00e7\u00e3o da remunera\u00e7\u00e3o bruta, que ficar\u00e1 fixada em R$ 2.620,58 (dois mil seiscentos e vinte reais e cinquenta e oito centavos), a partir da vig\u00eancia da presente Lei; O ingresso no cargo dever\u00e1 ocorrer mediante aprova\u00e7\u00e3o em concurso p\u00fablico. Os vereadores aprovaram o projeto de lei 735\/2022 de autoria do Poder Executivo que autoriza a abertura de cr\u00e9dito especial no valor de R$ 10.000,00 (Dez mil reais), destinado a preservar a manuten\u00e7\u00e3o do equil\u00edbrio das contas do er\u00e1rio, bem como objetivando o saneamento do planejamento or\u00e7ament\u00e1rio e a melhor execu\u00e7\u00e3o do cumprimento das metas previstas na Lei Or\u00e7ament\u00e1ria Anual do Munic\u00edpio de Sum\u00e9. A C\u00e2mara Municipal de Sum\u00e9 aprovou o parecer t\u00e9cnico do Tribunal de Contas do Estado, que julgou regular a Presta\u00e7\u00e3o de Contas Anual, Exerc\u00edcio de 2020, do Prefeito \u00c9den Duarte, com a aprova\u00e7\u00e3o todas as contas da primeira gest\u00e3o do atual prefeito (2017\/2022), foram aprovadas pela TCU e pelo Legislativo. O vereador Cordeirinho Moto Pe\u00e7as apresentou requerimento, solicitando a limpeza do Campo de Futebol Poeir\u00e3o e entorno do mesmo, localizado no Bairro Mandacaru. O vereador Francisco Fontinele apresentou a seguinte nota de rep\u00fadio: Venho atrav\u00e9s desta nota repudiar a atitude desrespeitosa do Senhor Ricardo Mayer o qual ofendeu verbalmente atrav\u00e9s de um \u00e1udio o Partido dos Trabalhadores (PT) e seus membros eleitores militantes e filiados, como tamb\u00e9m faltou com respeito aos companheiros e trabalhadores ao Movimento sem Terra (MST), o que exigem uma posi\u00e7\u00e3o da Dire\u00e7\u00e3o Estadual do PT como tamb\u00e9m da Dire\u00e7\u00e3o Estadual do MST. Fica aqui meu repudio a atitude desrespeitosa para com nossos companheiros. Na oportunidade, participaram da sess\u00e3o representantes do MST, militantes e membros do Partido dos Trabalhadores (PT). Francisco Fontinele apresentou requerimento ao prefeito \u00c9den Duarte para que seja feito desobstru\u00e7\u00e3o e limpeza na rede de esgoto localizado na Rua Rita Cipriano Bezerra e solicitou reparo na Adutora da Concei\u00e7\u00e3o para que chegue \u00e1gua at\u00e9 a Comunidade de Cachoeirinha de Baixo, pois encontram-se mais de dez moradores sem receber essas \u00e1guas. O vereador Dami\u00e3o Rildo apresentou Voto de Pesar \u00e0 Fam\u00edlia do Senhor H\u00e9lio Ferreira Lima e Voto de Pesar a Fam\u00edlia da Senhora Maria do Socorro Palmeira da Silva. Ascom\/C\u00e2mara","og_url":"https:\/\/noticiasemdestaque.com\/cd\/?p=43492","og_site_name":"Not&iacute;cias em Destaque","article_published_time":"2022-10-20T00:12:42+00:00","og_image":[{"width":2560,"height":1702,"url":"https:\/\/noticiasemdestaque.com\/cd\/wp-content\/uploads\/2022\/10\/DSC_0646-scaled.jpg","type":"image\/jpeg"}],"author":"Not\u00edcias em Destaque","twitter_card":"summary_large_image","twitter_misc":{"Escrito por":"Not\u00edcias em Destaque","Est. tempo de leitura":"5 minutos"},"schema":{"@context":"https:\/\/schema.org","@graph":[{"@type":"Article","@id":"https:\/\/noticiasemdestaque.com\/cd\/?p=43492#article","isPartOf":{"@id":"https:\/\/noticiasemdestaque.com\/cd\/?p=43492"},"author":{"name":"Not\u00edcias em Destaque","@id":"https:\/\/noticiasemdestaque.com\/cd\/#\/schema\/person\/47f7d4f55eec17c6b2ca036c5500f6ce"},"headline":"Confira os assuntos debatidos na sess\u00e3o da C\u00e2mara de Sum\u00e9","datePublished":"2022-10-20T00:12:42+00:00","mainEntityOfPage":{"@id":"https:\/\/noticiasemdestaque.com\/cd\/?p=43492"},"wordCount":588,"publisher":{"@id":"https:\/\/noticiasemdestaque.com\/cd\/#organization"},"image":{"@id":"https:\/\/noticiasemdestaque.com\/cd\/?p=43492#primaryimage"},"thumbnailUrl":"https:\/\/noticiasemdestaque.com\/cd\/wp-content\/uploads\/2022\/10\/DSC_0646-scaled.jpg","articleSection":["Pol\u00edtica"],"inLanguage":"pt-BR"},{"@type":"WebPage","@id":"https:\/\/noticiasemdestaque.com\/cd\/?p=43492","url":"https:\/\/noticiasemdestaque.com\/cd\/?p=43492","name":"Confira os assuntos debatidos na sess\u00e3o da C\u00e2mara de Sum\u00e9 - Not&iacute;cias em Destaque","isPartOf":{"@id":"https:\/\/noticiasemdestaque.com\/cd\/#website"},"primaryImageOfPage":{"@id":"https:\/\/noticiasemdestaque.com\/cd\/?p=43492#primaryimage"},"image":{"@id":"https:\/\/noticiasemdestaque.com\/cd\/?p=43492#primaryimage"},"thumbnailUrl":"https:\/\/noticiasemdestaque.com\/cd\/wp-content\/uploads\/2022\/10\/DSC_0646-scaled.jpg","datePublished":"2022-10-20T00:12:42+00:00","breadcrumb":{"@id":"https:\/\/noticiasemdestaque.com\/cd\/?p=43492#breadcrumb"},"inLanguage":"pt-BR","potentialAction":[{"@type":"ReadAction","target":["https:\/\/noticiasemdestaque.com\/cd\/?p=43492"]}]},{"@type":"ImageObject","inLanguage":"pt-BR","@id":"https:\/\/noticiasemdestaque.com\/cd\/?p=43492#primaryimage","url":"https:\/\/noticiasemdestaque.com\/cd\/wp-content\/uploads\/2022\/10\/DSC_0646-scaled.jpg","contentUrl":"https:\/\/noticiasemdestaque.com\/cd\/wp-content\/uploads\/2022\/10\/DSC_0646-scaled.jpg","width":2560,"height":1702},{"@type":"BreadcrumbList","@id":"https:\/\/noticiasemdestaque.com\/cd\/?p=43492#breadcrumb","itemListElement":[{"@type":"ListItem","position":1,"name":"In\u00edcio","item":"https:\/\/noticiasemdestaque.com\/cd\/"},{"@type":"ListItem","position":2,"name":"Confira os assuntos debatidos na sess\u00e3o da C\u00e2mara de Sum\u00e9"}]},{"@type":"WebSite","@id":"https:\/\/noticiasemdestaque.com\/cd\/#website","url":"https:\/\/noticiasemdestaque.com\/cd\/","name":"Not&iacute;cias em Destaque","description":"","publisher":{"@id":"https:\/\/noticiasemdestaque.com\/cd\/#organization"},"potentialAction":[{"@type":"SearchAction","target":{"@type":"EntryPoint","urlTemplate":"https:\/\/noticiasemdestaque.com\/cd\/?s={search_term_string}"},"query-input":{"@type":"PropertyValueSpecification","valueRequired":true,"valueName":"search_term_string"}}],"inLanguage":"pt-BR"},{"@type":"Organization","@id":"https:\/\/noticiasemdestaque.com\/cd\/#organization","name":"Not\u00edcias em Destaque","url":"https:\/\/noticiasemdestaque.com\/cd\/","logo":{"@type":"ImageObject","inLanguage":"pt-BR","@id":"https:\/\/noticiasemdestaque.com\/cd\/#\/schema\/logo\/image\/","url":"https:\/\/noticiasemdestaque.com\/cd\/wp-content\/uploads\/2022\/05\/imagem-base-noticiasemdestaque.png","contentUrl":"https:\/\/noticiasemdestaque.com\/cd\/wp-content\/uploads\/2022\/05\/imagem-base-noticiasemdestaque.png","width":1200,"height":630,"caption":"Not\u00edcias em Destaque"},"image":{"@id":"https:\/\/noticiasemdestaque.com\/cd\/#\/schema\/logo\/image\/"}},{"@type":"Person","@id":"https:\/\/noticiasemdestaque.com\/cd\/#\/schema\/person\/47f7d4f55eec17c6b2ca036c5500f6ce","name":"Not\u00edcias em Destaque","url":"https:\/\/noticiasemdestaque.com\/cd\/?author=2"}]}},"jetpack_featured_media_url":"https:\/\/noticiasemdestaque.com\/cd\/wp-content\/uploads\/2022\/10\/DSC_0646-scaled.jpg","jetpack_sharing_enabled":true,"_links":{"self":[{"href":"https:\/\/noticiasemdestaque.com\/cd\/index.php?rest_route=\/wp\/v2\/posts\/43492","targetHints":{"allow":["GET"]}}],"collection":[{"href":"https:\/\/noticiasemdestaque.com\/cd\/index.php?rest_route=\/wp\/v2\/posts"}],"about":[{"href":"https:\/\/noticiasemdestaque.com\/cd\/index.php?rest_route=\/wp\/v2\/types\/post"}],"author":[{"embeddable":true,"href":"https:\/\/noticiasemdestaque.com\/cd\/index.php?rest_route=\/wp\/v2\/users\/2"}],"replies":[{"embeddable":true,"href":"https:\/\/noticiasemdestaque.com\/cd\/index.php?rest_route=%2Fwp%2Fv2%2Fcomments&post=43492"}],"version-history":[{"count":2,"href":"https:\/\/noticiasemdestaque.com\/cd\/index.php?rest_route=\/wp\/v2\/posts\/43492\/revisions"}],"predecessor-version":[{"id":43502,"href":"https:\/\/noticiasemdestaque.com\/cd\/index.php?rest_route=\/wp\/v2\/posts\/43492\/revisions\/43502"}],"wp:featuredmedia":[{"embeddable":true,"href":"https:\/\/noticiasemdestaque.com\/cd\/index.php?rest_route=\/wp\/v2\/media\/43497"}],"wp:attachment":[{"href":"https:\/\/noticiasemdestaque.com\/cd\/index.php?rest_route=%2Fwp%2Fv2%2Fmedia&parent=43492"}],"wp:term":[{"taxonomy":"category","embeddable":true,"href":"https:\/\/noticiasemdestaque.com\/cd\/index.php?rest_route=%2Fwp%2Fv2%2Fcategories&post=43492"},{"taxonomy":"post_tag","embeddable":true,"href":"https:\/\/noticiasemdestaque.com\/cd\/index.php?rest_route=%2Fwp%2Fv2%2Ftags&post=43492"}],"curies":[{"name":"wp","href":"https:\/\/api.w.org\/{rel}","templated":true}]}}