{"id":43489,"date":"2022-10-19T09:43:16","date_gmt":"2022-10-19T12:43:16","guid":{"rendered":"https:\/\/noticiasemdestaque.com\/cd\/?p=43489"},"modified":"2022-10-19T09:43:16","modified_gmt":"2022-10-19T12:43:16","slug":"governo-do-estado-altera-ponto-facultativo-e-servidores-ganham-feriadao-com-cinco-dias-de-folga-na-paraiba","status":"publish","type":"post","link":"https:\/\/noticiasemdestaque.com\/cd\/?p=43489","title":{"rendered":"Governo do Estado altera ponto facultativo e servidores ganham feriad\u00e3o com cinco dias de folga na Para\u00edba"},"content":{"rendered":"<p><a href=\"https:\/\/noticiasemdestaque.com\/cd\/wp-content\/uploads\/2022\/10\/centro_e_comercio_jp_walla_santos_12.jpg\"><img fetchpriority=\"high\" decoding=\"async\" class=\"alignnone  wp-image-43490\" src=\"https:\/\/noticiasemdestaque.com\/cd\/wp-content\/uploads\/2022\/10\/centro_e_comercio_jp_walla_santos_12-300x200.jpg\" alt=\"\" width=\"863\" height=\"575\" srcset=\"https:\/\/noticiasemdestaque.com\/cd\/wp-content\/uploads\/2022\/10\/centro_e_comercio_jp_walla_santos_12-300x200.jpg 300w, https:\/\/noticiasemdestaque.com\/cd\/wp-content\/uploads\/2022\/10\/centro_e_comercio_jp_walla_santos_12-768x513.jpg 768w, https:\/\/noticiasemdestaque.com\/cd\/wp-content\/uploads\/2022\/10\/centro_e_comercio_jp_walla_santos_12-18x12.jpg 18w, https:\/\/noticiasemdestaque.com\/cd\/wp-content\/uploads\/2022\/10\/centro_e_comercio_jp_walla_santos_12.jpg 876w\" sizes=\"(max-width: 863px) 100vw, 863px\" \/><\/a><\/p>\n<p>O governo do estado da Para\u00edba modificou as datas do ponto facultativo relativas\u00a0ao\u00a0Dia do Servidor P\u00fablico, que \u00e9 comemorado em 28 de outubro. Com a altera\u00e7\u00e3o os servidores p\u00fablicos estaduais trabalham normalmente no dia 28, mas, em compensa\u00e7\u00e3o, ganharam um feriad\u00e3o com cinco dias consecutivos de folga.<\/p>\n<p>De acordo com a mudan\u00e7a feita pela Secretaria de Estado da Administra\u00e7\u00e3o e publicada na edi\u00e7\u00e3o desta quarta-feira (19) no Di\u00e1rio Oficial do Estado o ponto facultativo foi transferido para o dia 3, uma quinta-feira, logo ap\u00f3s o feriado do Dia de Finados. O dia 4 de novembro tamb\u00e9m ser\u00e1 ponto facultativo.<\/p>\n<p>Essa altera\u00e7\u00e3o significa que, acrescendo-se o final de semana, os servidores estaduais ter\u00e3o os dias 2, 3, 4, 5 e 6 de folga. Segundo a portaria, como \u00e9 de praxe, o funcionamento de servi\u00e7os essenciais s\u00e3o mantidos.<\/p>\n<p><strong>Noticias em Destaque<\/strong><\/p>\n<p style=\"text-align: right;\"><em>Fonte: De Olho no Cariri Com ClickPB<\/em><\/p>\n","protected":false},"excerpt":{"rendered":"<p>O governo do estado da Para\u00edba modificou as datas do ponto facultativo relativas\u00a0ao\u00a0Dia do Servidor P\u00fablico, que \u00e9 comemorado em 28 de outubro. Com a altera\u00e7\u00e3o os servidores p\u00fablicos estaduais trabalham normalmente no dia 28, mas, em compensa\u00e7\u00e3o, ganharam um feriad\u00e3o com cinco dias consecutivos de folga. De acordo com a mudan\u00e7a feita pela Secretaria de Estado da Administra\u00e7\u00e3o e publicada na edi\u00e7\u00e3o desta quarta-feira (19) no Di\u00e1rio Oficial do Estado o ponto facultativo foi transferido para o dia 3, uma quinta-feira, logo ap\u00f3s o feriado do Dia de Finados. O dia 4 de novembro tamb\u00e9m ser\u00e1 ponto facultativo. Essa altera\u00e7\u00e3o significa que, acrescendo-se o final de semana, os servidores estaduais ter\u00e3o os dias 2, 3, 4, 5 e 6 de folga. Segundo a portaria, como \u00e9 de praxe, o funcionamento de servi\u00e7os essenciais s\u00e3o mantidos. Noticias em Destaque Fonte: De Olho no Cariri Com ClickPB<\/p>\n","protected":false},"author":2,"featured_media":43490,"comment_status":"closed","ping_status":"open","sticky":false,"template":"","format":"standard","meta":{"_eb_attr":"","_jetpack_memberships_contains_paid_content":false,"footnotes":""},"categories":[12],"tags":[],"class_list":["post-43489","post","type-post","status-publish","format-standard","has-post-thumbnail","hentry","category-geral"],"yoast_head":"<!-- This site is optimized with the Yoast SEO plugin v26.5 - https:\/\/yoast.com\/wordpress\/plugins\/seo\/ -->\n<title>Governo do Estado altera ponto facultativo e servidores ganham feriad\u00e3o com cinco dias de folga na Para\u00edba - Not&iacute;cias em Destaque<\/title>\n<meta name=\"robots\" content=\"index, follow, max-snippet:-1, max-image-preview:large, max-video-preview:-1\" \/>\n<link rel=\"canonical\" href=\"https:\/\/noticiasemdestaque.com\/cd\/?p=43489\" \/>\n<meta property=\"og:locale\" content=\"pt_BR\" \/>\n<meta property=\"og:type\" content=\"article\" \/>\n<meta property=\"og:title\" content=\"Governo do Estado altera ponto facultativo e servidores ganham feriad\u00e3o com cinco dias de folga na Para\u00edba - Not&iacute;cias em Destaque\" \/>\n<meta property=\"og:description\" content=\"O governo do estado da Para\u00edba modificou as datas do ponto facultativo relativas\u00a0ao\u00a0Dia do Servidor P\u00fablico, que \u00e9 comemorado em 28 de outubro. Com a altera\u00e7\u00e3o os servidores p\u00fablicos estaduais trabalham normalmente no dia 28, mas, em compensa\u00e7\u00e3o, ganharam um feriad\u00e3o com cinco dias consecutivos de folga. De acordo com a mudan\u00e7a feita pela Secretaria de Estado da Administra\u00e7\u00e3o e publicada na edi\u00e7\u00e3o desta quarta-feira (19) no Di\u00e1rio Oficial do Estado o ponto facultativo foi transferido para o dia 3, uma quinta-feira, logo ap\u00f3s o feriado do Dia de Finados. O dia 4 de novembro tamb\u00e9m ser\u00e1 ponto facultativo. Essa altera\u00e7\u00e3o significa que, acrescendo-se o final de semana, os servidores estaduais ter\u00e3o os dias 2, 3, 4, 5 e 6 de folga. Segundo a portaria, como \u00e9 de praxe, o funcionamento de servi\u00e7os essenciais s\u00e3o mantidos. Noticias em Destaque Fonte: De Olho no Cariri Com ClickPB\" \/>\n<meta property=\"og:url\" content=\"https:\/\/noticiasemdestaque.com\/cd\/?p=43489\" \/>\n<meta property=\"og:site_name\" content=\"Not&iacute;cias em Destaque\" \/>\n<meta property=\"article:published_time\" content=\"2022-10-19T12:43:16+00:00\" \/>\n<meta property=\"og:image\" content=\"https:\/\/noticiasemdestaque.com\/cd\/wp-content\/uploads\/2022\/10\/centro_e_comercio_jp_walla_santos_12.jpg\" \/>\n\t<meta property=\"og:image:width\" content=\"876\" \/>\n\t<meta property=\"og:image:height\" content=\"585\" \/>\n\t<meta property=\"og:image:type\" content=\"image\/jpeg\" \/>\n<meta name=\"author\" content=\"Not\u00edcias em Destaque\" \/>\n<meta name=\"twitter:card\" content=\"summary_large_image\" \/>\n<meta name=\"twitter:label1\" content=\"Escrito por\" \/>\n\t<meta name=\"twitter:data1\" content=\"Not\u00edcias em Destaque\" \/>\n\t<meta name=\"twitter:label2\" content=\"Est. tempo de leitura\" \/>\n\t<meta name=\"twitter:data2\" content=\"1 minuto\" \/>\n<script type=\"application\/ld+json\" class=\"yoast-schema-graph\">{\"@context\":\"https:\/\/schema.org\",\"@graph\":[{\"@type\":\"Article\",\"@id\":\"https:\/\/noticiasemdestaque.com\/cd\/?p=43489#article\",\"isPartOf\":{\"@id\":\"https:\/\/noticiasemdestaque.com\/cd\/?p=43489\"},\"author\":{\"name\":\"Not\u00edcias em Destaque\",\"@id\":\"https:\/\/noticiasemdestaque.com\/cd\/#\/schema\/person\/47f7d4f55eec17c6b2ca036c5500f6ce\"},\"headline\":\"Governo do Estado altera ponto facultativo e servidores ganham feriad\u00e3o com cinco dias de folga na Para\u00edba\",\"datePublished\":\"2022-10-19T12:43:16+00:00\",\"mainEntityOfPage\":{\"@id\":\"https:\/\/noticiasemdestaque.com\/cd\/?p=43489\"},\"wordCount\":171,\"publisher\":{\"@id\":\"https:\/\/noticiasemdestaque.com\/cd\/#organization\"},\"image\":{\"@id\":\"https:\/\/noticiasemdestaque.com\/cd\/?p=43489#primaryimage\"},\"thumbnailUrl\":\"https:\/\/noticiasemdestaque.com\/cd\/wp-content\/uploads\/2022\/10\/centro_e_comercio_jp_walla_santos_12.jpg\",\"articleSection\":[\"Geral\"],\"inLanguage\":\"pt-BR\"},{\"@type\":\"WebPage\",\"@id\":\"https:\/\/noticiasemdestaque.com\/cd\/?p=43489\",\"url\":\"https:\/\/noticiasemdestaque.com\/cd\/?p=43489\",\"name\":\"Governo do Estado altera ponto facultativo e servidores ganham feriad\u00e3o com cinco dias de folga na Para\u00edba - Not&iacute;cias em Destaque\",\"isPartOf\":{\"@id\":\"https:\/\/noticiasemdestaque.com\/cd\/#website\"},\"primaryImageOfPage\":{\"@id\":\"https:\/\/noticiasemdestaque.com\/cd\/?p=43489#primaryimage\"},\"image\":{\"@id\":\"https:\/\/noticiasemdestaque.com\/cd\/?p=43489#primaryimage\"},\"thumbnailUrl\":\"https:\/\/noticiasemdestaque.com\/cd\/wp-content\/uploads\/2022\/10\/centro_e_comercio_jp_walla_santos_12.jpg\",\"datePublished\":\"2022-10-19T12:43:16+00:00\",\"breadcrumb\":{\"@id\":\"https:\/\/noticiasemdestaque.com\/cd\/?p=43489#breadcrumb\"},\"inLanguage\":\"pt-BR\",\"potentialAction\":[{\"@type\":\"ReadAction\",\"target\":[\"https:\/\/noticiasemdestaque.com\/cd\/?p=43489\"]}]},{\"@type\":\"ImageObject\",\"inLanguage\":\"pt-BR\",\"@id\":\"https:\/\/noticiasemdestaque.com\/cd\/?p=43489#primaryimage\",\"url\":\"https:\/\/noticiasemdestaque.com\/cd\/wp-content\/uploads\/2022\/10\/centro_e_comercio_jp_walla_santos_12.jpg\",\"contentUrl\":\"https:\/\/noticiasemdestaque.com\/cd\/wp-content\/uploads\/2022\/10\/centro_e_comercio_jp_walla_santos_12.jpg\",\"width\":876,\"height\":585},{\"@type\":\"BreadcrumbList\",\"@id\":\"https:\/\/noticiasemdestaque.com\/cd\/?p=43489#breadcrumb\",\"itemListElement\":[{\"@type\":\"ListItem\",\"position\":1,\"name\":\"In\u00edcio\",\"item\":\"https:\/\/noticiasemdestaque.com\/cd\/\"},{\"@type\":\"ListItem\",\"position\":2,\"name\":\"Governo do Estado altera ponto facultativo e servidores ganham feriad\u00e3o com cinco dias de folga na Para\u00edba\"}]},{\"@type\":\"WebSite\",\"@id\":\"https:\/\/noticiasemdestaque.com\/cd\/#website\",\"url\":\"https:\/\/noticiasemdestaque.com\/cd\/\",\"name\":\"Not&iacute;cias em Destaque\",\"description\":\"\",\"publisher\":{\"@id\":\"https:\/\/noticiasemdestaque.com\/cd\/#organization\"},\"potentialAction\":[{\"@type\":\"SearchAction\",\"target\":{\"@type\":\"EntryPoint\",\"urlTemplate\":\"https:\/\/noticiasemdestaque.com\/cd\/?s={search_term_string}\"},\"query-input\":{\"@type\":\"PropertyValueSpecification\",\"valueRequired\":true,\"valueName\":\"search_term_string\"}}],\"inLanguage\":\"pt-BR\"},{\"@type\":\"Organization\",\"@id\":\"https:\/\/noticiasemdestaque.com\/cd\/#organization\",\"name\":\"Not\u00edcias em Destaque\",\"url\":\"https:\/\/noticiasemdestaque.com\/cd\/\",\"logo\":{\"@type\":\"ImageObject\",\"inLanguage\":\"pt-BR\",\"@id\":\"https:\/\/noticiasemdestaque.com\/cd\/#\/schema\/logo\/image\/\",\"url\":\"https:\/\/noticiasemdestaque.com\/cd\/wp-content\/uploads\/2022\/05\/imagem-base-noticiasemdestaque.png\",\"contentUrl\":\"https:\/\/noticiasemdestaque.com\/cd\/wp-content\/uploads\/2022\/05\/imagem-base-noticiasemdestaque.png\",\"width\":1200,\"height\":630,\"caption\":\"Not\u00edcias em Destaque\"},\"image\":{\"@id\":\"https:\/\/noticiasemdestaque.com\/cd\/#\/schema\/logo\/image\/\"}},{\"@type\":\"Person\",\"@id\":\"https:\/\/noticiasemdestaque.com\/cd\/#\/schema\/person\/47f7d4f55eec17c6b2ca036c5500f6ce\",\"name\":\"Not\u00edcias em Destaque\",\"url\":\"https:\/\/noticiasemdestaque.com\/cd\/?author=2\"}]}<\/script>\n<!-- \/ Yoast SEO plugin. -->","yoast_head_json":{"title":"Governo do Estado altera ponto facultativo e servidores ganham feriad\u00e3o com cinco dias de folga na Para\u00edba - Not&iacute;cias em Destaque","robots":{"index":"index","follow":"follow","max-snippet":"max-snippet:-1","max-image-preview":"max-image-preview:large","max-video-preview":"max-video-preview:-1"},"canonical":"https:\/\/noticiasemdestaque.com\/cd\/?p=43489","og_locale":"pt_BR","og_type":"article","og_title":"Governo do Estado altera ponto facultativo e servidores ganham feriad\u00e3o com cinco dias de folga na Para\u00edba - Not&iacute;cias em Destaque","og_description":"O governo do estado da Para\u00edba modificou as datas do ponto facultativo relativas\u00a0ao\u00a0Dia do Servidor P\u00fablico, que \u00e9 comemorado em 28 de outubro. Com a altera\u00e7\u00e3o os servidores p\u00fablicos estaduais trabalham normalmente no dia 28, mas, em compensa\u00e7\u00e3o, ganharam um feriad\u00e3o com cinco dias consecutivos de folga. De acordo com a mudan\u00e7a feita pela Secretaria de Estado da Administra\u00e7\u00e3o e publicada na edi\u00e7\u00e3o desta quarta-feira (19) no Di\u00e1rio Oficial do Estado o ponto facultativo foi transferido para o dia 3, uma quinta-feira, logo ap\u00f3s o feriado do Dia de Finados. O dia 4 de novembro tamb\u00e9m ser\u00e1 ponto facultativo. Essa altera\u00e7\u00e3o significa que, acrescendo-se o final de semana, os servidores estaduais ter\u00e3o os dias 2, 3, 4, 5 e 6 de folga. Segundo a portaria, como \u00e9 de praxe, o funcionamento de servi\u00e7os essenciais s\u00e3o mantidos. Noticias em Destaque Fonte: De Olho no Cariri Com ClickPB","og_url":"https:\/\/noticiasemdestaque.com\/cd\/?p=43489","og_site_name":"Not&iacute;cias em Destaque","article_published_time":"2022-10-19T12:43:16+00:00","og_image":[{"width":876,"height":585,"url":"https:\/\/noticiasemdestaque.com\/cd\/wp-content\/uploads\/2022\/10\/centro_e_comercio_jp_walla_santos_12.jpg","type":"image\/jpeg"}],"author":"Not\u00edcias em Destaque","twitter_card":"summary_large_image","twitter_misc":{"Escrito por":"Not\u00edcias em Destaque","Est. tempo de leitura":"1 minuto"},"schema":{"@context":"https:\/\/schema.org","@graph":[{"@type":"Article","@id":"https:\/\/noticiasemdestaque.com\/cd\/?p=43489#article","isPartOf":{"@id":"https:\/\/noticiasemdestaque.com\/cd\/?p=43489"},"author":{"name":"Not\u00edcias em Destaque","@id":"https:\/\/noticiasemdestaque.com\/cd\/#\/schema\/person\/47f7d4f55eec17c6b2ca036c5500f6ce"},"headline":"Governo do Estado altera ponto facultativo e servidores ganham feriad\u00e3o com cinco dias de folga na Para\u00edba","datePublished":"2022-10-19T12:43:16+00:00","mainEntityOfPage":{"@id":"https:\/\/noticiasemdestaque.com\/cd\/?p=43489"},"wordCount":171,"publisher":{"@id":"https:\/\/noticiasemdestaque.com\/cd\/#organization"},"image":{"@id":"https:\/\/noticiasemdestaque.com\/cd\/?p=43489#primaryimage"},"thumbnailUrl":"https:\/\/noticiasemdestaque.com\/cd\/wp-content\/uploads\/2022\/10\/centro_e_comercio_jp_walla_santos_12.jpg","articleSection":["Geral"],"inLanguage":"pt-BR"},{"@type":"WebPage","@id":"https:\/\/noticiasemdestaque.com\/cd\/?p=43489","url":"https:\/\/noticiasemdestaque.com\/cd\/?p=43489","name":"Governo do Estado altera ponto facultativo e servidores ganham feriad\u00e3o com cinco dias de folga na Para\u00edba - Not&iacute;cias em Destaque","isPartOf":{"@id":"https:\/\/noticiasemdestaque.com\/cd\/#website"},"primaryImageOfPage":{"@id":"https:\/\/noticiasemdestaque.com\/cd\/?p=43489#primaryimage"},"image":{"@id":"https:\/\/noticiasemdestaque.com\/cd\/?p=43489#primaryimage"},"thumbnailUrl":"https:\/\/noticiasemdestaque.com\/cd\/wp-content\/uploads\/2022\/10\/centro_e_comercio_jp_walla_santos_12.jpg","datePublished":"2022-10-19T12:43:16+00:00","breadcrumb":{"@id":"https:\/\/noticiasemdestaque.com\/cd\/?p=43489#breadcrumb"},"inLanguage":"pt-BR","potentialAction":[{"@type":"ReadAction","target":["https:\/\/noticiasemdestaque.com\/cd\/?p=43489"]}]},{"@type":"ImageObject","inLanguage":"pt-BR","@id":"https:\/\/noticiasemdestaque.com\/cd\/?p=43489#primaryimage","url":"https:\/\/noticiasemdestaque.com\/cd\/wp-content\/uploads\/2022\/10\/centro_e_comercio_jp_walla_santos_12.jpg","contentUrl":"https:\/\/noticiasemdestaque.com\/cd\/wp-content\/uploads\/2022\/10\/centro_e_comercio_jp_walla_santos_12.jpg","width":876,"height":585},{"@type":"BreadcrumbList","@id":"https:\/\/noticiasemdestaque.com\/cd\/?p=43489#breadcrumb","itemListElement":[{"@type":"ListItem","position":1,"name":"In\u00edcio","item":"https:\/\/noticiasemdestaque.com\/cd\/"},{"@type":"ListItem","position":2,"name":"Governo do Estado altera ponto facultativo e servidores ganham feriad\u00e3o com cinco dias de folga na Para\u00edba"}]},{"@type":"WebSite","@id":"https:\/\/noticiasemdestaque.com\/cd\/#website","url":"https:\/\/noticiasemdestaque.com\/cd\/","name":"Not&iacute;cias em Destaque","description":"","publisher":{"@id":"https:\/\/noticiasemdestaque.com\/cd\/#organization"},"potentialAction":[{"@type":"SearchAction","target":{"@type":"EntryPoint","urlTemplate":"https:\/\/noticiasemdestaque.com\/cd\/?s={search_term_string}"},"query-input":{"@type":"PropertyValueSpecification","valueRequired":true,"valueName":"search_term_string"}}],"inLanguage":"pt-BR"},{"@type":"Organization","@id":"https:\/\/noticiasemdestaque.com\/cd\/#organization","name":"Not\u00edcias em Destaque","url":"https:\/\/noticiasemdestaque.com\/cd\/","logo":{"@type":"ImageObject","inLanguage":"pt-BR","@id":"https:\/\/noticiasemdestaque.com\/cd\/#\/schema\/logo\/image\/","url":"https:\/\/noticiasemdestaque.com\/cd\/wp-content\/uploads\/2022\/05\/imagem-base-noticiasemdestaque.png","contentUrl":"https:\/\/noticiasemdestaque.com\/cd\/wp-content\/uploads\/2022\/05\/imagem-base-noticiasemdestaque.png","width":1200,"height":630,"caption":"Not\u00edcias em Destaque"},"image":{"@id":"https:\/\/noticiasemdestaque.com\/cd\/#\/schema\/logo\/image\/"}},{"@type":"Person","@id":"https:\/\/noticiasemdestaque.com\/cd\/#\/schema\/person\/47f7d4f55eec17c6b2ca036c5500f6ce","name":"Not\u00edcias em Destaque","url":"https:\/\/noticiasemdestaque.com\/cd\/?author=2"}]}},"jetpack_featured_media_url":"https:\/\/noticiasemdestaque.com\/cd\/wp-content\/uploads\/2022\/10\/centro_e_comercio_jp_walla_santos_12.jpg","jetpack_sharing_enabled":true,"_links":{"self":[{"href":"https:\/\/noticiasemdestaque.com\/cd\/index.php?rest_route=\/wp\/v2\/posts\/43489","targetHints":{"allow":["GET"]}}],"collection":[{"href":"https:\/\/noticiasemdestaque.com\/cd\/index.php?rest_route=\/wp\/v2\/posts"}],"about":[{"href":"https:\/\/noticiasemdestaque.com\/cd\/index.php?rest_route=\/wp\/v2\/types\/post"}],"author":[{"embeddable":true,"href":"https:\/\/noticiasemdestaque.com\/cd\/index.php?rest_route=\/wp\/v2\/users\/2"}],"replies":[{"embeddable":true,"href":"https:\/\/noticiasemdestaque.com\/cd\/index.php?rest_route=%2Fwp%2Fv2%2Fcomments&post=43489"}],"version-history":[{"count":1,"href":"https:\/\/noticiasemdestaque.com\/cd\/index.php?rest_route=\/wp\/v2\/posts\/43489\/revisions"}],"predecessor-version":[{"id":43491,"href":"https:\/\/noticiasemdestaque.com\/cd\/index.php?rest_route=\/wp\/v2\/posts\/43489\/revisions\/43491"}],"wp:featuredmedia":[{"embeddable":true,"href":"https:\/\/noticiasemdestaque.com\/cd\/index.php?rest_route=\/wp\/v2\/media\/43490"}],"wp:attachment":[{"href":"https:\/\/noticiasemdestaque.com\/cd\/index.php?rest_route=%2Fwp%2Fv2%2Fmedia&parent=43489"}],"wp:term":[{"taxonomy":"category","embeddable":true,"href":"https:\/\/noticiasemdestaque.com\/cd\/index.php?rest_route=%2Fwp%2Fv2%2Fcategories&post=43489"},{"taxonomy":"post_tag","embeddable":true,"href":"https:\/\/noticiasemdestaque.com\/cd\/index.php?rest_route=%2Fwp%2Fv2%2Ftags&post=43489"}],"curies":[{"name":"wp","href":"https:\/\/api.w.org\/{rel}","templated":true}]}}