{"id":43486,"date":"2022-10-19T09:40:16","date_gmt":"2022-10-19T12:40:16","guid":{"rendered":"https:\/\/noticiasemdestaque.com\/cd\/?p=43486"},"modified":"2022-10-19T09:40:16","modified_gmt":"2022-10-19T12:40:16","slug":"estudantes-do-cdsa-sao-aprovados-em-programa-de-residencia-agricola-da-ufpb","status":"publish","type":"post","link":"https:\/\/noticiasemdestaque.com\/cd\/?p=43486","title":{"rendered":"Estudantes do CDSA s\u00e3o aprovados em programa de Resid\u00eancia Agr\u00edcola da UFPB"},"content":{"rendered":"<p><a href=\"https:\/\/noticiasemdestaque.com\/cd\/wp-content\/uploads\/2022\/10\/tiago-levi-diego-2.jpeg\"><img fetchpriority=\"high\" decoding=\"async\" class=\"alignnone  wp-image-43487\" src=\"https:\/\/noticiasemdestaque.com\/cd\/wp-content\/uploads\/2022\/10\/tiago-levi-diego-2-300x185.jpeg\" alt=\"\" width=\"858\" height=\"529\" srcset=\"https:\/\/noticiasemdestaque.com\/cd\/wp-content\/uploads\/2022\/10\/tiago-levi-diego-2-300x185.jpeg 300w, https:\/\/noticiasemdestaque.com\/cd\/wp-content\/uploads\/2022\/10\/tiago-levi-diego-2-18x12.jpeg 18w, https:\/\/noticiasemdestaque.com\/cd\/wp-content\/uploads\/2022\/10\/tiago-levi-diego-2.jpeg 649w\" sizes=\"(max-width: 858px) 100vw, 858px\" \/><\/a><\/p>\n<p>Os estudantes Diego Gomes de Sousa\u00a0e Levi Wallace Sousa de Lima, do curso de Engenharia de Biossistemas do Centro de Desenvolvimento Sustent\u00e1vel do Semi\u00e1rido da UFCG, foram aprovados no Programa Resid\u00eancia Profissional Agr\u00edcola, fomentado pelo Minist\u00e9rio de Agricultura e do Abastecimento (MAPA), no projeto \u201cTrocando experi\u00eancias para alcan\u00e7ar alta produtividade e sustentabilidade agropecu\u00e1ria na regi\u00e3o mais seca do Brasil\u201d.<\/p>\n<p>Os estudantes atuar\u00e3o no programa atrav\u00e9s do Centro de Ci\u00eancias Agr\u00e1rias da Universidade Federal da Para\u00edba. O projeto prev\u00ea atua\u00e7\u00e3o dos estudantes selecionados nas seguintes unidades residentes:\u00a0Cooperativa da Agricultura Familiar e Pecu\u00e1ria do Cariri \u2013 COATIVA e Secretaria de Agricultura do Munic\u00edpio de Cabaceiras;\u00a0Associa\u00e7\u00e3o dos Caprinocultores de S\u00e3o Jo\u00e3o do Cariri;\u00a0Fazenda Salambaia (Cabaceiras-PB);\u00a0Cooperativa dos Capriboovinocultores do Munic\u00edpio de Cabaceiras LTDA;\u00a0Associa\u00e7\u00e3o de Lideran\u00e7as, Organiza\u00e7\u00f5es, Agricultores e Agricultoras Familiares do Cariri Oriental Paraibano (Boqueir\u00e3o-PB);\u00a0Associa\u00e7\u00e3o dos Pequenos Produtores Rurais de Leite de S\u00e3o Jos\u00e9 dos Cordeiros\/PB;\u00a0e,\u00a0Secretaria de Agricultura do Munic\u00edpio de S\u00e3o Jos\u00e9 dos Cordeiros.<\/p>\n<p>\u201cEsse projeto nos permite agregar mais valor \u00e0\u00a0nossa vida profissional,\u00a0mais valor \u00e0s potencialidades\u00a0da nossa regi\u00e3o,\u00a0especialmente\u00a0o Cariri,\u00a0possibilitando o uso de t\u00e9cnicas\u00a0e Tecnologias para o homem do campo,\u00a0maximizando sua produ\u00e7\u00e3o,\u00a0seja ela pecu\u00e1ria,\u00a0agr\u00edcola,\u00a0inovando com manejos,\u00a0t\u00e9cnicas,\u00a0dando visibilidade a n\u00edvel regional, estadual\u00a0e\u00a0principalmente federal.\u00a0\u00c9\u00a0uma possibilidade \u00fanica,\u00a0uma conquista \u00fanica, por isso,\u00a0agrade\u00e7o\u00a0ao orientador para o Tiago Ara\u00fajo que\u00a0durante quatro anos nos orienta, dedicando-se \u00e0 nossa forma\u00e7\u00e3o enquanto profissionais engenheiros e t\u00e9cnicos\u201d disse o estudante Diego Gomes.<\/p>\n<p>\u201cEssa\u00a0conquista tem como objetivo proporcionar para o graduando a primeira experi\u00eancia realmente profissional,\u00a0assim, estarei\u00a0inserido em\u00a0\u00e1reas afins da minha\u00a0forma\u00e7\u00e3o. Uma oportunidade de p\u00f4r em pr\u00e1tica todo o conhecimento e experi\u00eancia.\u00a0Com a resid\u00eancia agr\u00edcola, o\u00a0profissional poder\u00e1\u00a0especializar-se e oferecer\u00a0melhores respostas e resultados,\u00a0exercendo seu papel enquanto t\u00e9cnico,\u00a0para desenvolver atividades\u00a0e proporcionar um ganho dentro da cadeia produtiva, e tende\u00a0a ser um ganho geral, pois com a atividade exercida de maneira correta e com assist\u00eancia t\u00e9cnica de qualidade,\u00a0o produtor consequentemente tamb\u00e9m ir\u00e1 produzir um produto com qualidade\u00a0e\u00a0valor agregado,\u00a0mostrando as potencialidades e possibilidades da cadeia agropecu\u00e1ria\u00a0da regi\u00e3o\u201d, disse o estudante Levi Wallace.<\/p>\n<p><strong>Noticias em Destaque<\/strong><\/p>\n<p style=\"text-align: right;\"><em>Fonte: Assimp CDSA\/UFCG<\/em><\/p>\n","protected":false},"excerpt":{"rendered":"<p>Os estudantes Diego Gomes de Sousa\u00a0e Levi Wallace Sousa de Lima, do curso de Engenharia de Biossistemas do Centro de Desenvolvimento Sustent\u00e1vel do Semi\u00e1rido da UFCG, foram aprovados no Programa Resid\u00eancia Profissional Agr\u00edcola, fomentado pelo Minist\u00e9rio de Agricultura e do Abastecimento (MAPA), no projeto \u201cTrocando experi\u00eancias para alcan\u00e7ar alta produtividade e sustentabilidade agropecu\u00e1ria na regi\u00e3o mais seca do Brasil\u201d. Os estudantes atuar\u00e3o no programa atrav\u00e9s do Centro de Ci\u00eancias Agr\u00e1rias da Universidade Federal da Para\u00edba. O projeto prev\u00ea atua\u00e7\u00e3o dos estudantes selecionados nas seguintes unidades residentes:\u00a0Cooperativa da Agricultura Familiar e Pecu\u00e1ria do Cariri \u2013 COATIVA e Secretaria de Agricultura do Munic\u00edpio de Cabaceiras;\u00a0Associa\u00e7\u00e3o dos Caprinocultores de S\u00e3o Jo\u00e3o do Cariri;\u00a0Fazenda Salambaia (Cabaceiras-PB);\u00a0Cooperativa dos Capriboovinocultores do Munic\u00edpio de Cabaceiras LTDA;\u00a0Associa\u00e7\u00e3o de Lideran\u00e7as, Organiza\u00e7\u00f5es, Agricultores e Agricultoras Familiares do Cariri Oriental Paraibano (Boqueir\u00e3o-PB);\u00a0Associa\u00e7\u00e3o dos Pequenos Produtores Rurais de Leite de S\u00e3o Jos\u00e9 dos Cordeiros\/PB;\u00a0e,\u00a0Secretaria de Agricultura do Munic\u00edpio de S\u00e3o Jos\u00e9 dos Cordeiros. \u201cEsse projeto nos permite agregar mais valor \u00e0\u00a0nossa vida profissional,\u00a0mais valor \u00e0s potencialidades\u00a0da nossa regi\u00e3o,\u00a0especialmente\u00a0o Cariri,\u00a0possibilitando o uso de t\u00e9cnicas\u00a0e Tecnologias para o homem do campo,\u00a0maximizando sua produ\u00e7\u00e3o,\u00a0seja ela pecu\u00e1ria,\u00a0agr\u00edcola,\u00a0inovando com manejos,\u00a0t\u00e9cnicas,\u00a0dando visibilidade a n\u00edvel regional, estadual\u00a0e\u00a0principalmente federal.\u00a0\u00c9\u00a0uma possibilidade \u00fanica,\u00a0uma conquista \u00fanica, por isso,\u00a0agrade\u00e7o\u00a0ao orientador para o Tiago Ara\u00fajo que\u00a0durante quatro anos nos orienta, dedicando-se \u00e0 nossa forma\u00e7\u00e3o enquanto profissionais engenheiros e t\u00e9cnicos\u201d disse o estudante Diego Gomes. \u201cEssa\u00a0conquista tem como objetivo proporcionar para o graduando a primeira experi\u00eancia realmente profissional,\u00a0assim, estarei\u00a0inserido em\u00a0\u00e1reas afins da minha\u00a0forma\u00e7\u00e3o. Uma oportunidade de p\u00f4r em pr\u00e1tica todo o conhecimento e experi\u00eancia.\u00a0Com a resid\u00eancia agr\u00edcola, o\u00a0profissional poder\u00e1\u00a0especializar-se e oferecer\u00a0melhores respostas e resultados,\u00a0exercendo seu papel enquanto t\u00e9cnico,\u00a0para desenvolver atividades\u00a0e proporcionar um ganho dentro da cadeia produtiva, e tende\u00a0a ser um ganho geral, pois com a atividade exercida de maneira correta e com assist\u00eancia t\u00e9cnica de qualidade,\u00a0o produtor consequentemente tamb\u00e9m ir\u00e1 produzir um produto com qualidade\u00a0e\u00a0valor agregado,\u00a0mostrando as potencialidades e possibilidades da cadeia agropecu\u00e1ria\u00a0da regi\u00e3o\u201d, disse o estudante Levi Wallace. Noticias em Destaque Fonte: Assimp CDSA\/UFCG<\/p>\n","protected":false},"author":2,"featured_media":43487,"comment_status":"closed","ping_status":"open","sticky":false,"template":"","format":"standard","meta":{"_eb_attr":"","_jetpack_memberships_contains_paid_content":false,"footnotes":""},"categories":[6],"tags":[],"class_list":["post-43486","post","type-post","status-publish","format-standard","has-post-thumbnail","hentry","category-educacao"],"yoast_head":"<!-- This site is optimized with the Yoast SEO plugin v26.5 - https:\/\/yoast.com\/wordpress\/plugins\/seo\/ -->\n<title>Estudantes do CDSA s\u00e3o aprovados em programa de Resid\u00eancia Agr\u00edcola da UFPB - Not&iacute;cias em Destaque<\/title>\n<meta name=\"robots\" content=\"index, follow, max-snippet:-1, max-image-preview:large, max-video-preview:-1\" \/>\n<link rel=\"canonical\" href=\"https:\/\/noticiasemdestaque.com\/cd\/?p=43486\" \/>\n<meta property=\"og:locale\" content=\"pt_BR\" \/>\n<meta property=\"og:type\" content=\"article\" \/>\n<meta property=\"og:title\" content=\"Estudantes do CDSA s\u00e3o aprovados em programa de Resid\u00eancia Agr\u00edcola da UFPB - Not&iacute;cias em Destaque\" \/>\n<meta property=\"og:description\" content=\"Os estudantes Diego Gomes de Sousa\u00a0e Levi Wallace Sousa de Lima, do curso de Engenharia de Biossistemas do Centro de Desenvolvimento Sustent\u00e1vel do Semi\u00e1rido da UFCG, foram aprovados no Programa Resid\u00eancia Profissional Agr\u00edcola, fomentado pelo Minist\u00e9rio de Agricultura e do Abastecimento (MAPA), no projeto \u201cTrocando experi\u00eancias para alcan\u00e7ar alta produtividade e sustentabilidade agropecu\u00e1ria na regi\u00e3o mais seca do Brasil\u201d. Os estudantes atuar\u00e3o no programa atrav\u00e9s do Centro de Ci\u00eancias Agr\u00e1rias da Universidade Federal da Para\u00edba. O projeto prev\u00ea atua\u00e7\u00e3o dos estudantes selecionados nas seguintes unidades residentes:\u00a0Cooperativa da Agricultura Familiar e Pecu\u00e1ria do Cariri \u2013 COATIVA e Secretaria de Agricultura do Munic\u00edpio de Cabaceiras;\u00a0Associa\u00e7\u00e3o dos Caprinocultores de S\u00e3o Jo\u00e3o do Cariri;\u00a0Fazenda Salambaia (Cabaceiras-PB);\u00a0Cooperativa dos Capriboovinocultores do Munic\u00edpio de Cabaceiras LTDA;\u00a0Associa\u00e7\u00e3o de Lideran\u00e7as, Organiza\u00e7\u00f5es, Agricultores e Agricultoras Familiares do Cariri Oriental Paraibano (Boqueir\u00e3o-PB);\u00a0Associa\u00e7\u00e3o dos Pequenos Produtores Rurais de Leite de S\u00e3o Jos\u00e9 dos Cordeiros\/PB;\u00a0e,\u00a0Secretaria de Agricultura do Munic\u00edpio de S\u00e3o Jos\u00e9 dos Cordeiros. \u201cEsse projeto nos permite agregar mais valor \u00e0\u00a0nossa vida profissional,\u00a0mais valor \u00e0s potencialidades\u00a0da nossa regi\u00e3o,\u00a0especialmente\u00a0o Cariri,\u00a0possibilitando o uso de t\u00e9cnicas\u00a0e Tecnologias para o homem do campo,\u00a0maximizando sua produ\u00e7\u00e3o,\u00a0seja ela pecu\u00e1ria,\u00a0agr\u00edcola,\u00a0inovando com manejos,\u00a0t\u00e9cnicas,\u00a0dando visibilidade a n\u00edvel regional, estadual\u00a0e\u00a0principalmente federal.\u00a0\u00c9\u00a0uma possibilidade \u00fanica,\u00a0uma conquista \u00fanica, por isso,\u00a0agrade\u00e7o\u00a0ao orientador para o Tiago Ara\u00fajo que\u00a0durante quatro anos nos orienta, dedicando-se \u00e0 nossa forma\u00e7\u00e3o enquanto profissionais engenheiros e t\u00e9cnicos\u201d disse o estudante Diego Gomes. \u201cEssa\u00a0conquista tem como objetivo proporcionar para o graduando a primeira experi\u00eancia realmente profissional,\u00a0assim, estarei\u00a0inserido em\u00a0\u00e1reas afins da minha\u00a0forma\u00e7\u00e3o. Uma oportunidade de p\u00f4r em pr\u00e1tica todo o conhecimento e experi\u00eancia.\u00a0Com a resid\u00eancia agr\u00edcola, o\u00a0profissional poder\u00e1\u00a0especializar-se e oferecer\u00a0melhores respostas e resultados,\u00a0exercendo seu papel enquanto t\u00e9cnico,\u00a0para desenvolver atividades\u00a0e proporcionar um ganho dentro da cadeia produtiva, e tende\u00a0a ser um ganho geral, pois com a atividade exercida de maneira correta e com assist\u00eancia t\u00e9cnica de qualidade,\u00a0o produtor consequentemente tamb\u00e9m ir\u00e1 produzir um produto com qualidade\u00a0e\u00a0valor agregado,\u00a0mostrando as potencialidades e possibilidades da cadeia agropecu\u00e1ria\u00a0da regi\u00e3o\u201d, disse o estudante Levi Wallace. Noticias em Destaque Fonte: Assimp CDSA\/UFCG\" \/>\n<meta property=\"og:url\" content=\"https:\/\/noticiasemdestaque.com\/cd\/?p=43486\" \/>\n<meta property=\"og:site_name\" content=\"Not&iacute;cias em Destaque\" \/>\n<meta property=\"article:published_time\" content=\"2022-10-19T12:40:16+00:00\" \/>\n<meta property=\"og:image\" content=\"https:\/\/noticiasemdestaque.com\/cd\/wp-content\/uploads\/2022\/10\/tiago-levi-diego-2.jpeg\" \/>\n\t<meta property=\"og:image:width\" content=\"649\" \/>\n\t<meta property=\"og:image:height\" content=\"401\" \/>\n\t<meta property=\"og:image:type\" content=\"image\/jpeg\" \/>\n<meta name=\"author\" content=\"Not\u00edcias em Destaque\" \/>\n<meta name=\"twitter:card\" content=\"summary_large_image\" \/>\n<meta name=\"twitter:label1\" content=\"Escrito por\" \/>\n\t<meta name=\"twitter:data1\" content=\"Not\u00edcias em Destaque\" \/>\n\t<meta name=\"twitter:label2\" content=\"Est. tempo de leitura\" \/>\n\t<meta name=\"twitter:data2\" content=\"3 minutos\" \/>\n<script type=\"application\/ld+json\" class=\"yoast-schema-graph\">{\"@context\":\"https:\/\/schema.org\",\"@graph\":[{\"@type\":\"Article\",\"@id\":\"https:\/\/noticiasemdestaque.com\/cd\/?p=43486#article\",\"isPartOf\":{\"@id\":\"https:\/\/noticiasemdestaque.com\/cd\/?p=43486\"},\"author\":{\"name\":\"Not\u00edcias em Destaque\",\"@id\":\"https:\/\/noticiasemdestaque.com\/cd\/#\/schema\/person\/47f7d4f55eec17c6b2ca036c5500f6ce\"},\"headline\":\"Estudantes do CDSA s\u00e3o aprovados em programa de Resid\u00eancia Agr\u00edcola da UFPB\",\"datePublished\":\"2022-10-19T12:40:16+00:00\",\"mainEntityOfPage\":{\"@id\":\"https:\/\/noticiasemdestaque.com\/cd\/?p=43486\"},\"wordCount\":434,\"publisher\":{\"@id\":\"https:\/\/noticiasemdestaque.com\/cd\/#organization\"},\"image\":{\"@id\":\"https:\/\/noticiasemdestaque.com\/cd\/?p=43486#primaryimage\"},\"thumbnailUrl\":\"https:\/\/noticiasemdestaque.com\/cd\/wp-content\/uploads\/2022\/10\/tiago-levi-diego-2.jpeg\",\"articleSection\":[\"Educa\u00e7\u00e3o\"],\"inLanguage\":\"pt-BR\"},{\"@type\":\"WebPage\",\"@id\":\"https:\/\/noticiasemdestaque.com\/cd\/?p=43486\",\"url\":\"https:\/\/noticiasemdestaque.com\/cd\/?p=43486\",\"name\":\"Estudantes do CDSA s\u00e3o aprovados em programa de Resid\u00eancia Agr\u00edcola da UFPB - Not&iacute;cias em Destaque\",\"isPartOf\":{\"@id\":\"https:\/\/noticiasemdestaque.com\/cd\/#website\"},\"primaryImageOfPage\":{\"@id\":\"https:\/\/noticiasemdestaque.com\/cd\/?p=43486#primaryimage\"},\"image\":{\"@id\":\"https:\/\/noticiasemdestaque.com\/cd\/?p=43486#primaryimage\"},\"thumbnailUrl\":\"https:\/\/noticiasemdestaque.com\/cd\/wp-content\/uploads\/2022\/10\/tiago-levi-diego-2.jpeg\",\"datePublished\":\"2022-10-19T12:40:16+00:00\",\"breadcrumb\":{\"@id\":\"https:\/\/noticiasemdestaque.com\/cd\/?p=43486#breadcrumb\"},\"inLanguage\":\"pt-BR\",\"potentialAction\":[{\"@type\":\"ReadAction\",\"target\":[\"https:\/\/noticiasemdestaque.com\/cd\/?p=43486\"]}]},{\"@type\":\"ImageObject\",\"inLanguage\":\"pt-BR\",\"@id\":\"https:\/\/noticiasemdestaque.com\/cd\/?p=43486#primaryimage\",\"url\":\"https:\/\/noticiasemdestaque.com\/cd\/wp-content\/uploads\/2022\/10\/tiago-levi-diego-2.jpeg\",\"contentUrl\":\"https:\/\/noticiasemdestaque.com\/cd\/wp-content\/uploads\/2022\/10\/tiago-levi-diego-2.jpeg\",\"width\":649,\"height\":401},{\"@type\":\"BreadcrumbList\",\"@id\":\"https:\/\/noticiasemdestaque.com\/cd\/?p=43486#breadcrumb\",\"itemListElement\":[{\"@type\":\"ListItem\",\"position\":1,\"name\":\"In\u00edcio\",\"item\":\"https:\/\/noticiasemdestaque.com\/cd\/\"},{\"@type\":\"ListItem\",\"position\":2,\"name\":\"Estudantes do CDSA s\u00e3o aprovados em programa de Resid\u00eancia Agr\u00edcola da UFPB\"}]},{\"@type\":\"WebSite\",\"@id\":\"https:\/\/noticiasemdestaque.com\/cd\/#website\",\"url\":\"https:\/\/noticiasemdestaque.com\/cd\/\",\"name\":\"Not&iacute;cias em Destaque\",\"description\":\"\",\"publisher\":{\"@id\":\"https:\/\/noticiasemdestaque.com\/cd\/#organization\"},\"potentialAction\":[{\"@type\":\"SearchAction\",\"target\":{\"@type\":\"EntryPoint\",\"urlTemplate\":\"https:\/\/noticiasemdestaque.com\/cd\/?s={search_term_string}\"},\"query-input\":{\"@type\":\"PropertyValueSpecification\",\"valueRequired\":true,\"valueName\":\"search_term_string\"}}],\"inLanguage\":\"pt-BR\"},{\"@type\":\"Organization\",\"@id\":\"https:\/\/noticiasemdestaque.com\/cd\/#organization\",\"name\":\"Not\u00edcias em Destaque\",\"url\":\"https:\/\/noticiasemdestaque.com\/cd\/\",\"logo\":{\"@type\":\"ImageObject\",\"inLanguage\":\"pt-BR\",\"@id\":\"https:\/\/noticiasemdestaque.com\/cd\/#\/schema\/logo\/image\/\",\"url\":\"https:\/\/noticiasemdestaque.com\/cd\/wp-content\/uploads\/2022\/05\/imagem-base-noticiasemdestaque.png\",\"contentUrl\":\"https:\/\/noticiasemdestaque.com\/cd\/wp-content\/uploads\/2022\/05\/imagem-base-noticiasemdestaque.png\",\"width\":1200,\"height\":630,\"caption\":\"Not\u00edcias em Destaque\"},\"image\":{\"@id\":\"https:\/\/noticiasemdestaque.com\/cd\/#\/schema\/logo\/image\/\"}},{\"@type\":\"Person\",\"@id\":\"https:\/\/noticiasemdestaque.com\/cd\/#\/schema\/person\/47f7d4f55eec17c6b2ca036c5500f6ce\",\"name\":\"Not\u00edcias em Destaque\",\"url\":\"https:\/\/noticiasemdestaque.com\/cd\/?author=2\"}]}<\/script>\n<!-- \/ Yoast SEO plugin. -->","yoast_head_json":{"title":"Estudantes do CDSA s\u00e3o aprovados em programa de Resid\u00eancia Agr\u00edcola da UFPB - Not&iacute;cias em Destaque","robots":{"index":"index","follow":"follow","max-snippet":"max-snippet:-1","max-image-preview":"max-image-preview:large","max-video-preview":"max-video-preview:-1"},"canonical":"https:\/\/noticiasemdestaque.com\/cd\/?p=43486","og_locale":"pt_BR","og_type":"article","og_title":"Estudantes do CDSA s\u00e3o aprovados em programa de Resid\u00eancia Agr\u00edcola da UFPB - Not&iacute;cias em Destaque","og_description":"Os estudantes Diego Gomes de Sousa\u00a0e Levi Wallace Sousa de Lima, do curso de Engenharia de Biossistemas do Centro de Desenvolvimento Sustent\u00e1vel do Semi\u00e1rido da UFCG, foram aprovados no Programa Resid\u00eancia Profissional Agr\u00edcola, fomentado pelo Minist\u00e9rio de Agricultura e do Abastecimento (MAPA), no projeto \u201cTrocando experi\u00eancias para alcan\u00e7ar alta produtividade e sustentabilidade agropecu\u00e1ria na regi\u00e3o mais seca do Brasil\u201d. Os estudantes atuar\u00e3o no programa atrav\u00e9s do Centro de Ci\u00eancias Agr\u00e1rias da Universidade Federal da Para\u00edba. O projeto prev\u00ea atua\u00e7\u00e3o dos estudantes selecionados nas seguintes unidades residentes:\u00a0Cooperativa da Agricultura Familiar e Pecu\u00e1ria do Cariri \u2013 COATIVA e Secretaria de Agricultura do Munic\u00edpio de Cabaceiras;\u00a0Associa\u00e7\u00e3o dos Caprinocultores de S\u00e3o Jo\u00e3o do Cariri;\u00a0Fazenda Salambaia (Cabaceiras-PB);\u00a0Cooperativa dos Capriboovinocultores do Munic\u00edpio de Cabaceiras LTDA;\u00a0Associa\u00e7\u00e3o de Lideran\u00e7as, Organiza\u00e7\u00f5es, Agricultores e Agricultoras Familiares do Cariri Oriental Paraibano (Boqueir\u00e3o-PB);\u00a0Associa\u00e7\u00e3o dos Pequenos Produtores Rurais de Leite de S\u00e3o Jos\u00e9 dos Cordeiros\/PB;\u00a0e,\u00a0Secretaria de Agricultura do Munic\u00edpio de S\u00e3o Jos\u00e9 dos Cordeiros. \u201cEsse projeto nos permite agregar mais valor \u00e0\u00a0nossa vida profissional,\u00a0mais valor \u00e0s potencialidades\u00a0da nossa regi\u00e3o,\u00a0especialmente\u00a0o Cariri,\u00a0possibilitando o uso de t\u00e9cnicas\u00a0e Tecnologias para o homem do campo,\u00a0maximizando sua produ\u00e7\u00e3o,\u00a0seja ela pecu\u00e1ria,\u00a0agr\u00edcola,\u00a0inovando com manejos,\u00a0t\u00e9cnicas,\u00a0dando visibilidade a n\u00edvel regional, estadual\u00a0e\u00a0principalmente federal.\u00a0\u00c9\u00a0uma possibilidade \u00fanica,\u00a0uma conquista \u00fanica, por isso,\u00a0agrade\u00e7o\u00a0ao orientador para o Tiago Ara\u00fajo que\u00a0durante quatro anos nos orienta, dedicando-se \u00e0 nossa forma\u00e7\u00e3o enquanto profissionais engenheiros e t\u00e9cnicos\u201d disse o estudante Diego Gomes. \u201cEssa\u00a0conquista tem como objetivo proporcionar para o graduando a primeira experi\u00eancia realmente profissional,\u00a0assim, estarei\u00a0inserido em\u00a0\u00e1reas afins da minha\u00a0forma\u00e7\u00e3o. Uma oportunidade de p\u00f4r em pr\u00e1tica todo o conhecimento e experi\u00eancia.\u00a0Com a resid\u00eancia agr\u00edcola, o\u00a0profissional poder\u00e1\u00a0especializar-se e oferecer\u00a0melhores respostas e resultados,\u00a0exercendo seu papel enquanto t\u00e9cnico,\u00a0para desenvolver atividades\u00a0e proporcionar um ganho dentro da cadeia produtiva, e tende\u00a0a ser um ganho geral, pois com a atividade exercida de maneira correta e com assist\u00eancia t\u00e9cnica de qualidade,\u00a0o produtor consequentemente tamb\u00e9m ir\u00e1 produzir um produto com qualidade\u00a0e\u00a0valor agregado,\u00a0mostrando as potencialidades e possibilidades da cadeia agropecu\u00e1ria\u00a0da regi\u00e3o\u201d, disse o estudante Levi Wallace. Noticias em Destaque Fonte: Assimp CDSA\/UFCG","og_url":"https:\/\/noticiasemdestaque.com\/cd\/?p=43486","og_site_name":"Not&iacute;cias em Destaque","article_published_time":"2022-10-19T12:40:16+00:00","og_image":[{"width":649,"height":401,"url":"https:\/\/noticiasemdestaque.com\/cd\/wp-content\/uploads\/2022\/10\/tiago-levi-diego-2.jpeg","type":"image\/jpeg"}],"author":"Not\u00edcias em Destaque","twitter_card":"summary_large_image","twitter_misc":{"Escrito por":"Not\u00edcias em Destaque","Est. tempo de leitura":"3 minutos"},"schema":{"@context":"https:\/\/schema.org","@graph":[{"@type":"Article","@id":"https:\/\/noticiasemdestaque.com\/cd\/?p=43486#article","isPartOf":{"@id":"https:\/\/noticiasemdestaque.com\/cd\/?p=43486"},"author":{"name":"Not\u00edcias em Destaque","@id":"https:\/\/noticiasemdestaque.com\/cd\/#\/schema\/person\/47f7d4f55eec17c6b2ca036c5500f6ce"},"headline":"Estudantes do CDSA s\u00e3o aprovados em programa de Resid\u00eancia Agr\u00edcola da UFPB","datePublished":"2022-10-19T12:40:16+00:00","mainEntityOfPage":{"@id":"https:\/\/noticiasemdestaque.com\/cd\/?p=43486"},"wordCount":434,"publisher":{"@id":"https:\/\/noticiasemdestaque.com\/cd\/#organization"},"image":{"@id":"https:\/\/noticiasemdestaque.com\/cd\/?p=43486#primaryimage"},"thumbnailUrl":"https:\/\/noticiasemdestaque.com\/cd\/wp-content\/uploads\/2022\/10\/tiago-levi-diego-2.jpeg","articleSection":["Educa\u00e7\u00e3o"],"inLanguage":"pt-BR"},{"@type":"WebPage","@id":"https:\/\/noticiasemdestaque.com\/cd\/?p=43486","url":"https:\/\/noticiasemdestaque.com\/cd\/?p=43486","name":"Estudantes do CDSA s\u00e3o aprovados em programa de Resid\u00eancia Agr\u00edcola da UFPB - Not&iacute;cias em Destaque","isPartOf":{"@id":"https:\/\/noticiasemdestaque.com\/cd\/#website"},"primaryImageOfPage":{"@id":"https:\/\/noticiasemdestaque.com\/cd\/?p=43486#primaryimage"},"image":{"@id":"https:\/\/noticiasemdestaque.com\/cd\/?p=43486#primaryimage"},"thumbnailUrl":"https:\/\/noticiasemdestaque.com\/cd\/wp-content\/uploads\/2022\/10\/tiago-levi-diego-2.jpeg","datePublished":"2022-10-19T12:40:16+00:00","breadcrumb":{"@id":"https:\/\/noticiasemdestaque.com\/cd\/?p=43486#breadcrumb"},"inLanguage":"pt-BR","potentialAction":[{"@type":"ReadAction","target":["https:\/\/noticiasemdestaque.com\/cd\/?p=43486"]}]},{"@type":"ImageObject","inLanguage":"pt-BR","@id":"https:\/\/noticiasemdestaque.com\/cd\/?p=43486#primaryimage","url":"https:\/\/noticiasemdestaque.com\/cd\/wp-content\/uploads\/2022\/10\/tiago-levi-diego-2.jpeg","contentUrl":"https:\/\/noticiasemdestaque.com\/cd\/wp-content\/uploads\/2022\/10\/tiago-levi-diego-2.jpeg","width":649,"height":401},{"@type":"BreadcrumbList","@id":"https:\/\/noticiasemdestaque.com\/cd\/?p=43486#breadcrumb","itemListElement":[{"@type":"ListItem","position":1,"name":"In\u00edcio","item":"https:\/\/noticiasemdestaque.com\/cd\/"},{"@type":"ListItem","position":2,"name":"Estudantes do CDSA s\u00e3o aprovados em programa de Resid\u00eancia Agr\u00edcola da UFPB"}]},{"@type":"WebSite","@id":"https:\/\/noticiasemdestaque.com\/cd\/#website","url":"https:\/\/noticiasemdestaque.com\/cd\/","name":"Not&iacute;cias em Destaque","description":"","publisher":{"@id":"https:\/\/noticiasemdestaque.com\/cd\/#organization"},"potentialAction":[{"@type":"SearchAction","target":{"@type":"EntryPoint","urlTemplate":"https:\/\/noticiasemdestaque.com\/cd\/?s={search_term_string}"},"query-input":{"@type":"PropertyValueSpecification","valueRequired":true,"valueName":"search_term_string"}}],"inLanguage":"pt-BR"},{"@type":"Organization","@id":"https:\/\/noticiasemdestaque.com\/cd\/#organization","name":"Not\u00edcias em Destaque","url":"https:\/\/noticiasemdestaque.com\/cd\/","logo":{"@type":"ImageObject","inLanguage":"pt-BR","@id":"https:\/\/noticiasemdestaque.com\/cd\/#\/schema\/logo\/image\/","url":"https:\/\/noticiasemdestaque.com\/cd\/wp-content\/uploads\/2022\/05\/imagem-base-noticiasemdestaque.png","contentUrl":"https:\/\/noticiasemdestaque.com\/cd\/wp-content\/uploads\/2022\/05\/imagem-base-noticiasemdestaque.png","width":1200,"height":630,"caption":"Not\u00edcias em Destaque"},"image":{"@id":"https:\/\/noticiasemdestaque.com\/cd\/#\/schema\/logo\/image\/"}},{"@type":"Person","@id":"https:\/\/noticiasemdestaque.com\/cd\/#\/schema\/person\/47f7d4f55eec17c6b2ca036c5500f6ce","name":"Not\u00edcias em Destaque","url":"https:\/\/noticiasemdestaque.com\/cd\/?author=2"}]}},"jetpack_featured_media_url":"https:\/\/noticiasemdestaque.com\/cd\/wp-content\/uploads\/2022\/10\/tiago-levi-diego-2.jpeg","jetpack_sharing_enabled":true,"_links":{"self":[{"href":"https:\/\/noticiasemdestaque.com\/cd\/index.php?rest_route=\/wp\/v2\/posts\/43486","targetHints":{"allow":["GET"]}}],"collection":[{"href":"https:\/\/noticiasemdestaque.com\/cd\/index.php?rest_route=\/wp\/v2\/posts"}],"about":[{"href":"https:\/\/noticiasemdestaque.com\/cd\/index.php?rest_route=\/wp\/v2\/types\/post"}],"author":[{"embeddable":true,"href":"https:\/\/noticiasemdestaque.com\/cd\/index.php?rest_route=\/wp\/v2\/users\/2"}],"replies":[{"embeddable":true,"href":"https:\/\/noticiasemdestaque.com\/cd\/index.php?rest_route=%2Fwp%2Fv2%2Fcomments&post=43486"}],"version-history":[{"count":1,"href":"https:\/\/noticiasemdestaque.com\/cd\/index.php?rest_route=\/wp\/v2\/posts\/43486\/revisions"}],"predecessor-version":[{"id":43488,"href":"https:\/\/noticiasemdestaque.com\/cd\/index.php?rest_route=\/wp\/v2\/posts\/43486\/revisions\/43488"}],"wp:featuredmedia":[{"embeddable":true,"href":"https:\/\/noticiasemdestaque.com\/cd\/index.php?rest_route=\/wp\/v2\/media\/43487"}],"wp:attachment":[{"href":"https:\/\/noticiasemdestaque.com\/cd\/index.php?rest_route=%2Fwp%2Fv2%2Fmedia&parent=43486"}],"wp:term":[{"taxonomy":"category","embeddable":true,"href":"https:\/\/noticiasemdestaque.com\/cd\/index.php?rest_route=%2Fwp%2Fv2%2Fcategories&post=43486"},{"taxonomy":"post_tag","embeddable":true,"href":"https:\/\/noticiasemdestaque.com\/cd\/index.php?rest_route=%2Fwp%2Fv2%2Ftags&post=43486"}],"curies":[{"name":"wp","href":"https:\/\/api.w.org\/{rel}","templated":true}]}}