{"id":43483,"date":"2022-10-19T09:36:46","date_gmt":"2022-10-19T12:36:46","guid":{"rendered":"https:\/\/noticiasemdestaque.com\/cd\/?p=43483"},"modified":"2022-10-19T09:36:46","modified_gmt":"2022-10-19T12:36:46","slug":"prefeitura-e-uepb-retomam-atividades-de-prospeccao-de-sitios-arqueologicos-e-paleontologico-do-municipio-de-sume","status":"publish","type":"post","link":"https:\/\/noticiasemdestaque.com\/cd\/?p=43483","title":{"rendered":"Prefeitura e UEPB retomam atividades de prospec\u00e7\u00e3o de s\u00edtios arqueol\u00f3gicos e paleontol\u00f3gico do munic\u00edpio de Sum\u00e9"},"content":{"rendered":"<p><img decoding=\"async\" class=\"alignleft\" src=\"https:\/\/www.sume.pb.gov.br\/wp-content\/uploads\/2022\/10\/WhatsApp-Image-2022-10-14-at-07.45.08-1-229x300.jpeg\" width=\"164\" height=\"215\" \/>O coordenador do Laborat\u00f3rio de Arqueologia e Paleontologia da UEPB (LABAP\/UEPB), Juvandi de Souza Santos, esteve recentemente em Sum\u00e9 e visitou os s\u00edtios arqueol\u00f3gicos e paleontol\u00f3gico da Pedra Comprida e Lagoa da Cobra. A a\u00e7\u00e3o \u00e9 realizada no \u00e2mbito da Secretaria Municipal de Cultura, Esportes e Turismo (Secult) em parceria com a Universidade Estadual da Para\u00edba.<\/p>\n<p>\u201cFoi uma visita muito produtiva, muito boa, onde nos deparamos com um tanque com material f\u00f3ssil; inclusive, j\u00e1 estamos discutindo a possibilidade de no m\u00eas de dezembro, obviamente com a autoriza\u00e7\u00e3o da Ag\u00eancia Nacional de Minera\u00e7\u00e3o, realizarmos um salvamento paleontol\u00f3gico\u201d, disse o professor Juvandi.<\/p>\n<p>Ele afirmou ainda que continuam as atividades de prospec\u00e7\u00e3o e registros de s\u00edtios arqueol\u00f3gicos no munic\u00edpio de Sum\u00e9. Uma pr\u00f3xima visita, segundo ele, j\u00e1 est\u00e1 sendo viabilizada para o m\u00eas de janeiro ou fevereiro de 2023.<\/p>\n<p><a href=\"https:\/\/www.sume.pb.gov.br\/wp-content\/uploads\/2022\/10\/WhatsApp-Image-2022-10-14-at-07.45.11-1.jpeg\" data-slb-active=\"1\" data-slb-asset=\"1007604722\" data-slb-internal=\"0\" data-slb-group=\"20572\"><img decoding=\"async\" class=\" wp-image-20575 alignright\" src=\"https:\/\/www.sume.pb.gov.br\/wp-content\/uploads\/2022\/10\/WhatsApp-Image-2022-10-14-at-07.45.11-1-225x300.jpeg\" sizes=\"(max-width: 173px) 100vw, 173px\" srcset=\"https:\/\/www.sume.pb.gov.br\/wp-content\/uploads\/2022\/10\/WhatsApp-Image-2022-10-14-at-07.45.11-1-225x300.jpeg 225w, https:\/\/www.sume.pb.gov.br\/wp-content\/uploads\/2022\/10\/WhatsApp-Image-2022-10-14-at-07.45.11-1-769x1024.jpeg 769w, https:\/\/www.sume.pb.gov.br\/wp-content\/uploads\/2022\/10\/WhatsApp-Image-2022-10-14-at-07.45.11-1-768x1023.jpeg 768w, https:\/\/www.sume.pb.gov.br\/wp-content\/uploads\/2022\/10\/WhatsApp-Image-2022-10-14-at-07.45.11-1.jpeg 898w\" alt=\"\" width=\"173\" height=\"231\" \/><\/a>\u201cN\u00f3s nem dimensionamos ainda a quantidade de s\u00edtios arqueol\u00f3gico, paleontol\u00f3gico e espeleol\u00f3gico que existem dentro do munic\u00edpio de Sum\u00e9. Acreditamos que deva existir cerca de 50 s\u00edtios arqueol\u00f3gicos, tanto s\u00edtios de arte rupestre como s\u00edtios com presen\u00e7a de cer\u00e2mica, material l\u00edquido e alguns cemit\u00e9rios ind\u00edgenas, esse \u00faltimo j\u00e1 existe um catalogado, dentre em breve pretendemos escav\u00e1-lo\u201d, destacou.<\/p>\n<p>Ainda em rela\u00e7\u00e3o ao s\u00edtio paleontol\u00f3gico Juvandi afirmou que ser\u00e1 solicitado junto a Ag\u00eancia Nacional de Minera\u00e7\u00e3o, a autoriza\u00e7\u00e3o para o salvamento. \u201cAo realizar esse salvamento, o material coletado segue para higieniza\u00e7\u00e3o, cataloga\u00e7\u00e3o, identifica\u00e7\u00e3o e tombamento no laborat\u00f3rio de paleontologia e arqueologia em Campina Grande. No futuro pr\u00f3ximo, assim que o munic\u00edpio de Sum\u00e9 oferecer as condi\u00e7\u00f5es m\u00ednimas necess\u00e1rias para ser o guardi\u00e3o desse material, ser\u00e1 feito o repatriamento\u201d, destacou.<\/p>\n<p>O arque\u00f3logo e paleont\u00f3logo acredita que possivelmente o munic\u00edpio de Sum\u00e9 disp\u00f5e de material f\u00f3ssil de pregui\u00e7a gigante e de mastodonte e provavelmente de outros animais de representantes f\u00f3sseis.<\/p>\n<p><a href=\"https:\/\/www.sume.pb.gov.br\/wp-content\/uploads\/2022\/10\/WhatsApp-Image-2022-10-14-at-07.45.11.jpeg\" data-slb-active=\"1\" data-slb-asset=\"1046804106\" data-slb-internal=\"0\" data-slb-group=\"20572\"><img decoding=\"async\" class=\"size-medium wp-image-20576 alignleft\" src=\"https:\/\/www.sume.pb.gov.br\/wp-content\/uploads\/2022\/10\/WhatsApp-Image-2022-10-14-at-07.45.11-300x135.jpeg\" sizes=\"(max-width: 300px) 100vw, 300px\" srcset=\"https:\/\/www.sume.pb.gov.br\/wp-content\/uploads\/2022\/10\/WhatsApp-Image-2022-10-14-at-07.45.11-300x135.jpeg 300w, https:\/\/www.sume.pb.gov.br\/wp-content\/uploads\/2022\/10\/WhatsApp-Image-2022-10-14-at-07.45.11-1024x461.jpeg 1024w, https:\/\/www.sume.pb.gov.br\/wp-content\/uploads\/2022\/10\/WhatsApp-Image-2022-10-14-at-07.45.11-768x346.jpeg 768w, https:\/\/www.sume.pb.gov.br\/wp-content\/uploads\/2022\/10\/WhatsApp-Image-2022-10-14-at-07.45.11-1536x691.jpeg 1536w, https:\/\/www.sume.pb.gov.br\/wp-content\/uploads\/2022\/10\/WhatsApp-Image-2022-10-14-at-07.45.11.jpeg 1600w\" alt=\"\" width=\"300\" height=\"135\" \/><\/a>Segundo o professor, a parceria da prefeitura e o apoio do Instituto do Patrim\u00f4nio Hist\u00f3rico e Art\u00edstico Nacional (Iphan), \u00e9 fundamental para a realiza\u00e7\u00e3o das atividades, uma vez que para fazer qualquer tipo de interven\u00e7\u00e3o em um s\u00edtio arqueol\u00f3gico \u00e9 necess\u00e1rio a autoriza\u00e7\u00e3o e fiscaliza\u00e7\u00e3o do Iphan.<\/p>\n<p>A visita aos s\u00edtios arqueol\u00f3gicos e paleontol\u00f3gico de Sum\u00e9 foi guiada por Francisco Adriano e Madson Oliveira da empresa Sum\u00e9 Geoturismo e Junior Barros da Secult.<\/p>\n<p><strong>Noticias em Destaque<\/strong><\/p>\n<p style=\"text-align: right;\"><em>Fonte: Ascom\/PMS<\/em><\/p>\n","protected":false},"excerpt":{"rendered":"<p>O coordenador do Laborat\u00f3rio de Arqueologia e Paleontologia da UEPB (LABAP\/UEPB), Juvandi de Souza Santos, esteve recentemente em Sum\u00e9 e visitou os s\u00edtios arqueol\u00f3gicos e paleontol\u00f3gico da Pedra Comprida e Lagoa da Cobra. A a\u00e7\u00e3o \u00e9 realizada no \u00e2mbito da Secretaria Municipal de Cultura, Esportes e Turismo (Secult) em parceria com a Universidade Estadual da Para\u00edba. \u201cFoi uma visita muito produtiva, muito boa, onde nos deparamos com um tanque com material f\u00f3ssil; inclusive, j\u00e1 estamos discutindo a possibilidade de no m\u00eas de dezembro, obviamente com a autoriza\u00e7\u00e3o da Ag\u00eancia Nacional de Minera\u00e7\u00e3o, realizarmos um salvamento paleontol\u00f3gico\u201d, disse o professor Juvandi. Ele afirmou ainda que continuam as atividades de prospec\u00e7\u00e3o e registros de s\u00edtios arqueol\u00f3gicos no munic\u00edpio de Sum\u00e9. Uma pr\u00f3xima visita, segundo ele, j\u00e1 est\u00e1 sendo viabilizada para o m\u00eas de janeiro ou fevereiro de 2023. \u201cN\u00f3s nem dimensionamos ainda a quantidade de s\u00edtios arqueol\u00f3gico, paleontol\u00f3gico e espeleol\u00f3gico que existem dentro do munic\u00edpio de Sum\u00e9. Acreditamos que deva existir cerca de 50 s\u00edtios arqueol\u00f3gicos, tanto s\u00edtios de arte rupestre como s\u00edtios com presen\u00e7a de cer\u00e2mica, material l\u00edquido e alguns cemit\u00e9rios ind\u00edgenas, esse \u00faltimo j\u00e1 existe um catalogado, dentre em breve pretendemos escav\u00e1-lo\u201d, destacou. Ainda em rela\u00e7\u00e3o ao s\u00edtio paleontol\u00f3gico Juvandi afirmou que ser\u00e1 solicitado junto a Ag\u00eancia Nacional de Minera\u00e7\u00e3o, a autoriza\u00e7\u00e3o para o salvamento. \u201cAo realizar esse salvamento, o material coletado segue para higieniza\u00e7\u00e3o, cataloga\u00e7\u00e3o, identifica\u00e7\u00e3o e tombamento no laborat\u00f3rio de paleontologia e arqueologia em Campina Grande. No futuro pr\u00f3ximo, assim que o munic\u00edpio de Sum\u00e9 oferecer as condi\u00e7\u00f5es m\u00ednimas necess\u00e1rias para ser o guardi\u00e3o desse material, ser\u00e1 feito o repatriamento\u201d, destacou. O arque\u00f3logo e paleont\u00f3logo acredita que possivelmente o munic\u00edpio de Sum\u00e9 disp\u00f5e de material f\u00f3ssil de pregui\u00e7a gigante e de mastodonte e provavelmente de outros animais de representantes f\u00f3sseis. Segundo o professor, a parceria da prefeitura e o apoio do Instituto do Patrim\u00f4nio Hist\u00f3rico e Art\u00edstico Nacional (Iphan), \u00e9 fundamental para a realiza\u00e7\u00e3o das atividades, uma vez que para fazer qualquer tipo de interven\u00e7\u00e3o em um s\u00edtio arqueol\u00f3gico \u00e9 necess\u00e1rio a autoriza\u00e7\u00e3o e fiscaliza\u00e7\u00e3o do Iphan. A visita aos s\u00edtios arqueol\u00f3gicos e paleontol\u00f3gico de Sum\u00e9 foi guiada por Francisco Adriano e Madson Oliveira da empresa Sum\u00e9 Geoturismo e Junior Barros da Secult. Noticias em Destaque Fonte: Ascom\/PMS<\/p>\n","protected":false},"author":2,"featured_media":43484,"comment_status":"closed","ping_status":"open","sticky":false,"template":"","format":"standard","meta":{"_eb_attr":"","_jetpack_memberships_contains_paid_content":false,"footnotes":""},"categories":[3],"tags":[],"class_list":["post-43483","post","type-post","status-publish","format-standard","has-post-thumbnail","hentry","category-cidades"],"yoast_head":"<!-- This site is optimized with the Yoast SEO plugin v26.5 - https:\/\/yoast.com\/wordpress\/plugins\/seo\/ -->\n<title>Prefeitura e UEPB retomam atividades de prospec\u00e7\u00e3o de s\u00edtios arqueol\u00f3gicos e paleontol\u00f3gico do munic\u00edpio de Sum\u00e9 - Not&iacute;cias em Destaque<\/title>\n<meta name=\"robots\" content=\"index, follow, max-snippet:-1, max-image-preview:large, max-video-preview:-1\" \/>\n<link rel=\"canonical\" href=\"https:\/\/noticiasemdestaque.com\/cd\/?p=43483\" \/>\n<meta property=\"og:locale\" content=\"pt_BR\" \/>\n<meta property=\"og:type\" content=\"article\" \/>\n<meta property=\"og:title\" content=\"Prefeitura e UEPB retomam atividades de prospec\u00e7\u00e3o de s\u00edtios arqueol\u00f3gicos e paleontol\u00f3gico do munic\u00edpio de Sum\u00e9 - Not&iacute;cias em Destaque\" \/>\n<meta property=\"og:description\" content=\"O coordenador do Laborat\u00f3rio de Arqueologia e Paleontologia da UEPB (LABAP\/UEPB), Juvandi de Souza Santos, esteve recentemente em Sum\u00e9 e visitou os s\u00edtios arqueol\u00f3gicos e paleontol\u00f3gico da Pedra Comprida e Lagoa da Cobra. A a\u00e7\u00e3o \u00e9 realizada no \u00e2mbito da Secretaria Municipal de Cultura, Esportes e Turismo (Secult) em parceria com a Universidade Estadual da Para\u00edba. \u201cFoi uma visita muito produtiva, muito boa, onde nos deparamos com um tanque com material f\u00f3ssil; inclusive, j\u00e1 estamos discutindo a possibilidade de no m\u00eas de dezembro, obviamente com a autoriza\u00e7\u00e3o da Ag\u00eancia Nacional de Minera\u00e7\u00e3o, realizarmos um salvamento paleontol\u00f3gico\u201d, disse o professor Juvandi. Ele afirmou ainda que continuam as atividades de prospec\u00e7\u00e3o e registros de s\u00edtios arqueol\u00f3gicos no munic\u00edpio de Sum\u00e9. Uma pr\u00f3xima visita, segundo ele, j\u00e1 est\u00e1 sendo viabilizada para o m\u00eas de janeiro ou fevereiro de 2023. \u201cN\u00f3s nem dimensionamos ainda a quantidade de s\u00edtios arqueol\u00f3gico, paleontol\u00f3gico e espeleol\u00f3gico que existem dentro do munic\u00edpio de Sum\u00e9. Acreditamos que deva existir cerca de 50 s\u00edtios arqueol\u00f3gicos, tanto s\u00edtios de arte rupestre como s\u00edtios com presen\u00e7a de cer\u00e2mica, material l\u00edquido e alguns cemit\u00e9rios ind\u00edgenas, esse \u00faltimo j\u00e1 existe um catalogado, dentre em breve pretendemos escav\u00e1-lo\u201d, destacou. Ainda em rela\u00e7\u00e3o ao s\u00edtio paleontol\u00f3gico Juvandi afirmou que ser\u00e1 solicitado junto a Ag\u00eancia Nacional de Minera\u00e7\u00e3o, a autoriza\u00e7\u00e3o para o salvamento. \u201cAo realizar esse salvamento, o material coletado segue para higieniza\u00e7\u00e3o, cataloga\u00e7\u00e3o, identifica\u00e7\u00e3o e tombamento no laborat\u00f3rio de paleontologia e arqueologia em Campina Grande. No futuro pr\u00f3ximo, assim que o munic\u00edpio de Sum\u00e9 oferecer as condi\u00e7\u00f5es m\u00ednimas necess\u00e1rias para ser o guardi\u00e3o desse material, ser\u00e1 feito o repatriamento\u201d, destacou. O arque\u00f3logo e paleont\u00f3logo acredita que possivelmente o munic\u00edpio de Sum\u00e9 disp\u00f5e de material f\u00f3ssil de pregui\u00e7a gigante e de mastodonte e provavelmente de outros animais de representantes f\u00f3sseis. Segundo o professor, a parceria da prefeitura e o apoio do Instituto do Patrim\u00f4nio Hist\u00f3rico e Art\u00edstico Nacional (Iphan), \u00e9 fundamental para a realiza\u00e7\u00e3o das atividades, uma vez que para fazer qualquer tipo de interven\u00e7\u00e3o em um s\u00edtio arqueol\u00f3gico \u00e9 necess\u00e1rio a autoriza\u00e7\u00e3o e fiscaliza\u00e7\u00e3o do Iphan. A visita aos s\u00edtios arqueol\u00f3gicos e paleontol\u00f3gico de Sum\u00e9 foi guiada por Francisco Adriano e Madson Oliveira da empresa Sum\u00e9 Geoturismo e Junior Barros da Secult. Noticias em Destaque Fonte: Ascom\/PMS\" \/>\n<meta property=\"og:url\" content=\"https:\/\/noticiasemdestaque.com\/cd\/?p=43483\" \/>\n<meta property=\"og:site_name\" content=\"Not&iacute;cias em Destaque\" \/>\n<meta property=\"article:published_time\" content=\"2022-10-19T12:36:46+00:00\" \/>\n<meta property=\"og:image\" content=\"https:\/\/noticiasemdestaque.com\/cd\/wp-content\/uploads\/2022\/10\/CAPA-PALEOTOLOGIA-400x255-1.jpeg\" \/>\n\t<meta property=\"og:image:width\" content=\"400\" \/>\n\t<meta property=\"og:image:height\" content=\"255\" \/>\n\t<meta property=\"og:image:type\" content=\"image\/jpeg\" \/>\n<meta name=\"author\" content=\"Not\u00edcias em Destaque\" \/>\n<meta name=\"twitter:card\" content=\"summary_large_image\" \/>\n<meta name=\"twitter:label1\" content=\"Escrito por\" \/>\n\t<meta name=\"twitter:data1\" content=\"Not\u00edcias em Destaque\" \/>\n\t<meta name=\"twitter:label2\" content=\"Est. tempo de leitura\" \/>\n\t<meta name=\"twitter:data2\" content=\"3 minutos\" \/>\n<script type=\"application\/ld+json\" class=\"yoast-schema-graph\">{\"@context\":\"https:\/\/schema.org\",\"@graph\":[{\"@type\":\"Article\",\"@id\":\"https:\/\/noticiasemdestaque.com\/cd\/?p=43483#article\",\"isPartOf\":{\"@id\":\"https:\/\/noticiasemdestaque.com\/cd\/?p=43483\"},\"author\":{\"name\":\"Not\u00edcias em Destaque\",\"@id\":\"https:\/\/noticiasemdestaque.com\/cd\/#\/schema\/person\/47f7d4f55eec17c6b2ca036c5500f6ce\"},\"headline\":\"Prefeitura e UEPB retomam atividades de prospec\u00e7\u00e3o de s\u00edtios arqueol\u00f3gicos e paleontol\u00f3gico do munic\u00edpio de Sum\u00e9\",\"datePublished\":\"2022-10-19T12:36:46+00:00\",\"mainEntityOfPage\":{\"@id\":\"https:\/\/noticiasemdestaque.com\/cd\/?p=43483\"},\"wordCount\":458,\"publisher\":{\"@id\":\"https:\/\/noticiasemdestaque.com\/cd\/#organization\"},\"image\":{\"@id\":\"https:\/\/noticiasemdestaque.com\/cd\/?p=43483#primaryimage\"},\"thumbnailUrl\":\"https:\/\/noticiasemdestaque.com\/cd\/wp-content\/uploads\/2022\/10\/CAPA-PALEOTOLOGIA-400x255-1.jpeg\",\"articleSection\":[\"Cidades\"],\"inLanguage\":\"pt-BR\"},{\"@type\":\"WebPage\",\"@id\":\"https:\/\/noticiasemdestaque.com\/cd\/?p=43483\",\"url\":\"https:\/\/noticiasemdestaque.com\/cd\/?p=43483\",\"name\":\"Prefeitura e UEPB retomam atividades de prospec\u00e7\u00e3o de s\u00edtios arqueol\u00f3gicos e paleontol\u00f3gico do munic\u00edpio de Sum\u00e9 - Not&iacute;cias em Destaque\",\"isPartOf\":{\"@id\":\"https:\/\/noticiasemdestaque.com\/cd\/#website\"},\"primaryImageOfPage\":{\"@id\":\"https:\/\/noticiasemdestaque.com\/cd\/?p=43483#primaryimage\"},\"image\":{\"@id\":\"https:\/\/noticiasemdestaque.com\/cd\/?p=43483#primaryimage\"},\"thumbnailUrl\":\"https:\/\/noticiasemdestaque.com\/cd\/wp-content\/uploads\/2022\/10\/CAPA-PALEOTOLOGIA-400x255-1.jpeg\",\"datePublished\":\"2022-10-19T12:36:46+00:00\",\"breadcrumb\":{\"@id\":\"https:\/\/noticiasemdestaque.com\/cd\/?p=43483#breadcrumb\"},\"inLanguage\":\"pt-BR\",\"potentialAction\":[{\"@type\":\"ReadAction\",\"target\":[\"https:\/\/noticiasemdestaque.com\/cd\/?p=43483\"]}]},{\"@type\":\"ImageObject\",\"inLanguage\":\"pt-BR\",\"@id\":\"https:\/\/noticiasemdestaque.com\/cd\/?p=43483#primaryimage\",\"url\":\"https:\/\/noticiasemdestaque.com\/cd\/wp-content\/uploads\/2022\/10\/CAPA-PALEOTOLOGIA-400x255-1.jpeg\",\"contentUrl\":\"https:\/\/noticiasemdestaque.com\/cd\/wp-content\/uploads\/2022\/10\/CAPA-PALEOTOLOGIA-400x255-1.jpeg\",\"width\":400,\"height\":255},{\"@type\":\"BreadcrumbList\",\"@id\":\"https:\/\/noticiasemdestaque.com\/cd\/?p=43483#breadcrumb\",\"itemListElement\":[{\"@type\":\"ListItem\",\"position\":1,\"name\":\"In\u00edcio\",\"item\":\"https:\/\/noticiasemdestaque.com\/cd\/\"},{\"@type\":\"ListItem\",\"position\":2,\"name\":\"Prefeitura e UEPB retomam atividades de prospec\u00e7\u00e3o de s\u00edtios arqueol\u00f3gicos e paleontol\u00f3gico do munic\u00edpio de Sum\u00e9\"}]},{\"@type\":\"WebSite\",\"@id\":\"https:\/\/noticiasemdestaque.com\/cd\/#website\",\"url\":\"https:\/\/noticiasemdestaque.com\/cd\/\",\"name\":\"Not&iacute;cias em Destaque\",\"description\":\"\",\"publisher\":{\"@id\":\"https:\/\/noticiasemdestaque.com\/cd\/#organization\"},\"potentialAction\":[{\"@type\":\"SearchAction\",\"target\":{\"@type\":\"EntryPoint\",\"urlTemplate\":\"https:\/\/noticiasemdestaque.com\/cd\/?s={search_term_string}\"},\"query-input\":{\"@type\":\"PropertyValueSpecification\",\"valueRequired\":true,\"valueName\":\"search_term_string\"}}],\"inLanguage\":\"pt-BR\"},{\"@type\":\"Organization\",\"@id\":\"https:\/\/noticiasemdestaque.com\/cd\/#organization\",\"name\":\"Not\u00edcias em Destaque\",\"url\":\"https:\/\/noticiasemdestaque.com\/cd\/\",\"logo\":{\"@type\":\"ImageObject\",\"inLanguage\":\"pt-BR\",\"@id\":\"https:\/\/noticiasemdestaque.com\/cd\/#\/schema\/logo\/image\/\",\"url\":\"https:\/\/noticiasemdestaque.com\/cd\/wp-content\/uploads\/2022\/05\/imagem-base-noticiasemdestaque.png\",\"contentUrl\":\"https:\/\/noticiasemdestaque.com\/cd\/wp-content\/uploads\/2022\/05\/imagem-base-noticiasemdestaque.png\",\"width\":1200,\"height\":630,\"caption\":\"Not\u00edcias em Destaque\"},\"image\":{\"@id\":\"https:\/\/noticiasemdestaque.com\/cd\/#\/schema\/logo\/image\/\"}},{\"@type\":\"Person\",\"@id\":\"https:\/\/noticiasemdestaque.com\/cd\/#\/schema\/person\/47f7d4f55eec17c6b2ca036c5500f6ce\",\"name\":\"Not\u00edcias em Destaque\",\"url\":\"https:\/\/noticiasemdestaque.com\/cd\/?author=2\"}]}<\/script>\n<!-- \/ Yoast SEO plugin. -->","yoast_head_json":{"title":"Prefeitura e UEPB retomam atividades de prospec\u00e7\u00e3o de s\u00edtios arqueol\u00f3gicos e paleontol\u00f3gico do munic\u00edpio de Sum\u00e9 - Not&iacute;cias em Destaque","robots":{"index":"index","follow":"follow","max-snippet":"max-snippet:-1","max-image-preview":"max-image-preview:large","max-video-preview":"max-video-preview:-1"},"canonical":"https:\/\/noticiasemdestaque.com\/cd\/?p=43483","og_locale":"pt_BR","og_type":"article","og_title":"Prefeitura e UEPB retomam atividades de prospec\u00e7\u00e3o de s\u00edtios arqueol\u00f3gicos e paleontol\u00f3gico do munic\u00edpio de Sum\u00e9 - Not&iacute;cias em Destaque","og_description":"O coordenador do Laborat\u00f3rio de Arqueologia e Paleontologia da UEPB (LABAP\/UEPB), Juvandi de Souza Santos, esteve recentemente em Sum\u00e9 e visitou os s\u00edtios arqueol\u00f3gicos e paleontol\u00f3gico da Pedra Comprida e Lagoa da Cobra. A a\u00e7\u00e3o \u00e9 realizada no \u00e2mbito da Secretaria Municipal de Cultura, Esportes e Turismo (Secult) em parceria com a Universidade Estadual da Para\u00edba. \u201cFoi uma visita muito produtiva, muito boa, onde nos deparamos com um tanque com material f\u00f3ssil; inclusive, j\u00e1 estamos discutindo a possibilidade de no m\u00eas de dezembro, obviamente com a autoriza\u00e7\u00e3o da Ag\u00eancia Nacional de Minera\u00e7\u00e3o, realizarmos um salvamento paleontol\u00f3gico\u201d, disse o professor Juvandi. Ele afirmou ainda que continuam as atividades de prospec\u00e7\u00e3o e registros de s\u00edtios arqueol\u00f3gicos no munic\u00edpio de Sum\u00e9. Uma pr\u00f3xima visita, segundo ele, j\u00e1 est\u00e1 sendo viabilizada para o m\u00eas de janeiro ou fevereiro de 2023. \u201cN\u00f3s nem dimensionamos ainda a quantidade de s\u00edtios arqueol\u00f3gico, paleontol\u00f3gico e espeleol\u00f3gico que existem dentro do munic\u00edpio de Sum\u00e9. Acreditamos que deva existir cerca de 50 s\u00edtios arqueol\u00f3gicos, tanto s\u00edtios de arte rupestre como s\u00edtios com presen\u00e7a de cer\u00e2mica, material l\u00edquido e alguns cemit\u00e9rios ind\u00edgenas, esse \u00faltimo j\u00e1 existe um catalogado, dentre em breve pretendemos escav\u00e1-lo\u201d, destacou. Ainda em rela\u00e7\u00e3o ao s\u00edtio paleontol\u00f3gico Juvandi afirmou que ser\u00e1 solicitado junto a Ag\u00eancia Nacional de Minera\u00e7\u00e3o, a autoriza\u00e7\u00e3o para o salvamento. \u201cAo realizar esse salvamento, o material coletado segue para higieniza\u00e7\u00e3o, cataloga\u00e7\u00e3o, identifica\u00e7\u00e3o e tombamento no laborat\u00f3rio de paleontologia e arqueologia em Campina Grande. No futuro pr\u00f3ximo, assim que o munic\u00edpio de Sum\u00e9 oferecer as condi\u00e7\u00f5es m\u00ednimas necess\u00e1rias para ser o guardi\u00e3o desse material, ser\u00e1 feito o repatriamento\u201d, destacou. O arque\u00f3logo e paleont\u00f3logo acredita que possivelmente o munic\u00edpio de Sum\u00e9 disp\u00f5e de material f\u00f3ssil de pregui\u00e7a gigante e de mastodonte e provavelmente de outros animais de representantes f\u00f3sseis. Segundo o professor, a parceria da prefeitura e o apoio do Instituto do Patrim\u00f4nio Hist\u00f3rico e Art\u00edstico Nacional (Iphan), \u00e9 fundamental para a realiza\u00e7\u00e3o das atividades, uma vez que para fazer qualquer tipo de interven\u00e7\u00e3o em um s\u00edtio arqueol\u00f3gico \u00e9 necess\u00e1rio a autoriza\u00e7\u00e3o e fiscaliza\u00e7\u00e3o do Iphan. A visita aos s\u00edtios arqueol\u00f3gicos e paleontol\u00f3gico de Sum\u00e9 foi guiada por Francisco Adriano e Madson Oliveira da empresa Sum\u00e9 Geoturismo e Junior Barros da Secult. Noticias em Destaque Fonte: Ascom\/PMS","og_url":"https:\/\/noticiasemdestaque.com\/cd\/?p=43483","og_site_name":"Not&iacute;cias em Destaque","article_published_time":"2022-10-19T12:36:46+00:00","og_image":[{"width":400,"height":255,"url":"https:\/\/noticiasemdestaque.com\/cd\/wp-content\/uploads\/2022\/10\/CAPA-PALEOTOLOGIA-400x255-1.jpeg","type":"image\/jpeg"}],"author":"Not\u00edcias em Destaque","twitter_card":"summary_large_image","twitter_misc":{"Escrito por":"Not\u00edcias em Destaque","Est. tempo de leitura":"3 minutos"},"schema":{"@context":"https:\/\/schema.org","@graph":[{"@type":"Article","@id":"https:\/\/noticiasemdestaque.com\/cd\/?p=43483#article","isPartOf":{"@id":"https:\/\/noticiasemdestaque.com\/cd\/?p=43483"},"author":{"name":"Not\u00edcias em Destaque","@id":"https:\/\/noticiasemdestaque.com\/cd\/#\/schema\/person\/47f7d4f55eec17c6b2ca036c5500f6ce"},"headline":"Prefeitura e UEPB retomam atividades de prospec\u00e7\u00e3o de s\u00edtios arqueol\u00f3gicos e paleontol\u00f3gico do munic\u00edpio de Sum\u00e9","datePublished":"2022-10-19T12:36:46+00:00","mainEntityOfPage":{"@id":"https:\/\/noticiasemdestaque.com\/cd\/?p=43483"},"wordCount":458,"publisher":{"@id":"https:\/\/noticiasemdestaque.com\/cd\/#organization"},"image":{"@id":"https:\/\/noticiasemdestaque.com\/cd\/?p=43483#primaryimage"},"thumbnailUrl":"https:\/\/noticiasemdestaque.com\/cd\/wp-content\/uploads\/2022\/10\/CAPA-PALEOTOLOGIA-400x255-1.jpeg","articleSection":["Cidades"],"inLanguage":"pt-BR"},{"@type":"WebPage","@id":"https:\/\/noticiasemdestaque.com\/cd\/?p=43483","url":"https:\/\/noticiasemdestaque.com\/cd\/?p=43483","name":"Prefeitura e UEPB retomam atividades de prospec\u00e7\u00e3o de s\u00edtios arqueol\u00f3gicos e paleontol\u00f3gico do munic\u00edpio de Sum\u00e9 - Not&iacute;cias em Destaque","isPartOf":{"@id":"https:\/\/noticiasemdestaque.com\/cd\/#website"},"primaryImageOfPage":{"@id":"https:\/\/noticiasemdestaque.com\/cd\/?p=43483#primaryimage"},"image":{"@id":"https:\/\/noticiasemdestaque.com\/cd\/?p=43483#primaryimage"},"thumbnailUrl":"https:\/\/noticiasemdestaque.com\/cd\/wp-content\/uploads\/2022\/10\/CAPA-PALEOTOLOGIA-400x255-1.jpeg","datePublished":"2022-10-19T12:36:46+00:00","breadcrumb":{"@id":"https:\/\/noticiasemdestaque.com\/cd\/?p=43483#breadcrumb"},"inLanguage":"pt-BR","potentialAction":[{"@type":"ReadAction","target":["https:\/\/noticiasemdestaque.com\/cd\/?p=43483"]}]},{"@type":"ImageObject","inLanguage":"pt-BR","@id":"https:\/\/noticiasemdestaque.com\/cd\/?p=43483#primaryimage","url":"https:\/\/noticiasemdestaque.com\/cd\/wp-content\/uploads\/2022\/10\/CAPA-PALEOTOLOGIA-400x255-1.jpeg","contentUrl":"https:\/\/noticiasemdestaque.com\/cd\/wp-content\/uploads\/2022\/10\/CAPA-PALEOTOLOGIA-400x255-1.jpeg","width":400,"height":255},{"@type":"BreadcrumbList","@id":"https:\/\/noticiasemdestaque.com\/cd\/?p=43483#breadcrumb","itemListElement":[{"@type":"ListItem","position":1,"name":"In\u00edcio","item":"https:\/\/noticiasemdestaque.com\/cd\/"},{"@type":"ListItem","position":2,"name":"Prefeitura e UEPB retomam atividades de prospec\u00e7\u00e3o de s\u00edtios arqueol\u00f3gicos e paleontol\u00f3gico do munic\u00edpio de Sum\u00e9"}]},{"@type":"WebSite","@id":"https:\/\/noticiasemdestaque.com\/cd\/#website","url":"https:\/\/noticiasemdestaque.com\/cd\/","name":"Not&iacute;cias em Destaque","description":"","publisher":{"@id":"https:\/\/noticiasemdestaque.com\/cd\/#organization"},"potentialAction":[{"@type":"SearchAction","target":{"@type":"EntryPoint","urlTemplate":"https:\/\/noticiasemdestaque.com\/cd\/?s={search_term_string}"},"query-input":{"@type":"PropertyValueSpecification","valueRequired":true,"valueName":"search_term_string"}}],"inLanguage":"pt-BR"},{"@type":"Organization","@id":"https:\/\/noticiasemdestaque.com\/cd\/#organization","name":"Not\u00edcias em Destaque","url":"https:\/\/noticiasemdestaque.com\/cd\/","logo":{"@type":"ImageObject","inLanguage":"pt-BR","@id":"https:\/\/noticiasemdestaque.com\/cd\/#\/schema\/logo\/image\/","url":"https:\/\/noticiasemdestaque.com\/cd\/wp-content\/uploads\/2022\/05\/imagem-base-noticiasemdestaque.png","contentUrl":"https:\/\/noticiasemdestaque.com\/cd\/wp-content\/uploads\/2022\/05\/imagem-base-noticiasemdestaque.png","width":1200,"height":630,"caption":"Not\u00edcias em Destaque"},"image":{"@id":"https:\/\/noticiasemdestaque.com\/cd\/#\/schema\/logo\/image\/"}},{"@type":"Person","@id":"https:\/\/noticiasemdestaque.com\/cd\/#\/schema\/person\/47f7d4f55eec17c6b2ca036c5500f6ce","name":"Not\u00edcias em Destaque","url":"https:\/\/noticiasemdestaque.com\/cd\/?author=2"}]}},"jetpack_featured_media_url":"https:\/\/noticiasemdestaque.com\/cd\/wp-content\/uploads\/2022\/10\/CAPA-PALEOTOLOGIA-400x255-1.jpeg","jetpack_sharing_enabled":true,"_links":{"self":[{"href":"https:\/\/noticiasemdestaque.com\/cd\/index.php?rest_route=\/wp\/v2\/posts\/43483","targetHints":{"allow":["GET"]}}],"collection":[{"href":"https:\/\/noticiasemdestaque.com\/cd\/index.php?rest_route=\/wp\/v2\/posts"}],"about":[{"href":"https:\/\/noticiasemdestaque.com\/cd\/index.php?rest_route=\/wp\/v2\/types\/post"}],"author":[{"embeddable":true,"href":"https:\/\/noticiasemdestaque.com\/cd\/index.php?rest_route=\/wp\/v2\/users\/2"}],"replies":[{"embeddable":true,"href":"https:\/\/noticiasemdestaque.com\/cd\/index.php?rest_route=%2Fwp%2Fv2%2Fcomments&post=43483"}],"version-history":[{"count":1,"href":"https:\/\/noticiasemdestaque.com\/cd\/index.php?rest_route=\/wp\/v2\/posts\/43483\/revisions"}],"predecessor-version":[{"id":43485,"href":"https:\/\/noticiasemdestaque.com\/cd\/index.php?rest_route=\/wp\/v2\/posts\/43483\/revisions\/43485"}],"wp:featuredmedia":[{"embeddable":true,"href":"https:\/\/noticiasemdestaque.com\/cd\/index.php?rest_route=\/wp\/v2\/media\/43484"}],"wp:attachment":[{"href":"https:\/\/noticiasemdestaque.com\/cd\/index.php?rest_route=%2Fwp%2Fv2%2Fmedia&parent=43483"}],"wp:term":[{"taxonomy":"category","embeddable":true,"href":"https:\/\/noticiasemdestaque.com\/cd\/index.php?rest_route=%2Fwp%2Fv2%2Fcategories&post=43483"},{"taxonomy":"post_tag","embeddable":true,"href":"https:\/\/noticiasemdestaque.com\/cd\/index.php?rest_route=%2Fwp%2Fv2%2Ftags&post=43483"}],"curies":[{"name":"wp","href":"https:\/\/api.w.org\/{rel}","templated":true}]}}