{"id":43475,"date":"2022-10-19T09:20:15","date_gmt":"2022-10-19T12:20:15","guid":{"rendered":"https:\/\/noticiasemdestaque.com\/cd\/?p=43475"},"modified":"2022-10-19T09:20:15","modified_gmt":"2022-10-19T12:20:15","slug":"apos-anuncio-de-despedida-globo-e-galvao-bueno-voltam-atras-e-renovam-contrato","status":"publish","type":"post","link":"https:\/\/noticiasemdestaque.com\/cd\/?p=43475","title":{"rendered":"Ap\u00f3s an\u00fancio de despedida, Globo e Galv\u00e3o Bueno voltam atr\u00e1s e renovam contrato"},"content":{"rendered":"<p><a href=\"https:\/\/noticiasemdestaque.com\/cd\/wp-content\/uploads\/2022\/10\/20210818-galvao-bueno-transmissao-de-futebol-globo-divulgacao_mosicxw_fixed_large-750x469-1.webp\"><img fetchpriority=\"high\" decoding=\"async\" class=\"alignnone  wp-image-43476\" src=\"https:\/\/noticiasemdestaque.com\/cd\/wp-content\/uploads\/2022\/10\/20210818-galvao-bueno-transmissao-de-futebol-globo-divulgacao_mosicxw_fixed_large-750x469-1-300x188.webp\" alt=\"\" width=\"887\" height=\"556\" srcset=\"https:\/\/noticiasemdestaque.com\/cd\/wp-content\/uploads\/2022\/10\/20210818-galvao-bueno-transmissao-de-futebol-globo-divulgacao_mosicxw_fixed_large-750x469-1-300x188.webp 300w, https:\/\/noticiasemdestaque.com\/cd\/wp-content\/uploads\/2022\/10\/20210818-galvao-bueno-transmissao-de-futebol-globo-divulgacao_mosicxw_fixed_large-750x469-1-18x12.webp 18w, https:\/\/noticiasemdestaque.com\/cd\/wp-content\/uploads\/2022\/10\/20210818-galvao-bueno-transmissao-de-futebol-globo-divulgacao_mosicxw_fixed_large-750x469-1.webp 750w\" sizes=\"(max-width: 887px) 100vw, 887px\" \/><\/a><\/p>\n<p>Galv\u00e3o Bueno\u00a0n\u00e3o vai mais deixar a\u00a0Globo ao final da Copa do Catar. O narrador de 72 anos e a emissora renovaram o v\u00ednculo profissional, que j\u00e1 dura 41 anos, at\u00e9 o fim de 2024. No entanto, ambos v\u00e3o entrar em uma esp\u00e9cie de \u201crelacionamento aberto\u201d.\u00a0O novo contrato permitir\u00e1 que o comunicador fa\u00e7a outros trabalhos no streaming\u00a0\u2013sem precisar da aprova\u00e7\u00e3o da empresa\u2013 e ainda assegura que ele estar\u00e1 na equipe de cobertura dos Jogos Ol\u00edmpicos de Paris.<\/p>\n<p>Galv\u00e3o tamb\u00e9m ser\u00e1 a voz de produtos e chamadas institucionais do Esporte da Globo para a divulga\u00e7\u00e3o de campeonatos. Com isso, ele continuar\u00e1 como o principal rosto da \u00e1rea na empresa.\u00a0A aposentadoria s\u00f3 valer\u00e1 mesmo para as narra\u00e7\u00f5es. Ele n\u00e3o mais comandar\u00e1 as transmiss\u00f5es ao vivo dos jogos.<\/p>\n<p>Segundo apura\u00e7\u00e3o informa\u00e7\u00f5es,\u00a0Galv\u00e3o Bueno e da Globo, o novo contrato j\u00e1 est\u00e1 acertado. Falta apenas a assinatura dele, o que dever\u00e1 ocorrer antes da Copa do Mundo do Catar, marcada para come\u00e7ar em 20 de novembro. Nas \u00faltimas semanas, inclusive,\u00a0o narrador tem se preparado fisicamente para chegar ao Mundial com uma boa voz.<\/p>\n<p>Globo e Galv\u00e3o mudaram de ideia\u00a0porque entenderam que manter o v\u00ednculo seria proveitoso, n\u00e3o s\u00f3 pelo hist\u00f3rico que o jornalista tem na empresa, mas tamb\u00e9m pela quantidade de ideias de novos projetos que ele e o conglomerado de m\u00eddia passaram a ter juntos para os pr\u00f3ximos anos.<\/p>\n<p>No novo contrato, est\u00e1 descrito que o narrador dar\u00e1 prioridade na TV aberta para projetos idealizados por ele na Globo, em uma esp\u00e9cie de exclusividade para essa m\u00eddia. Na TV por assinatura, a emissora ter\u00e1 direito de vetar alguma participa\u00e7\u00e3o ou produ\u00e7\u00e3o que Galv\u00e3o queira fazer em outro ve\u00edculo.\u00a0No streaming, n\u00e3o. Ele poder\u00e1 fazer o que quiser, sem consulta pr\u00e9via.<\/p>\n<h2>Galv\u00e3o ter\u00e1 um projeto por ano na Globo<\/h2>\n<p>A Globo vai dar pelo menos um projeto em TV aberta para Galv\u00e3o comandar por ano. Tudo ser\u00e1 pensado pelo narrador e pela dire\u00e7\u00e3o da emissora, e n\u00e3o necessariamente a atra\u00e7\u00e3o ser\u00e1 ligada \u00e0 \u00e1rea esportiva.<\/p>\n<p>Al\u00e9m disso, ficar\u00e1 estabelecido que o contratado vai participar da cobertura dos Jogos Ol\u00edmpicos de Paris como apresentador e comentarista pontual em programas especiais. Ele tamb\u00e9m far\u00e1 a cerim\u00f4nia de abertura, prevista para acontecer em 26 de junho de 2024, no Rio Sena, um dos s\u00edmbolos da capital da Fran\u00e7a.<\/p>\n<p>Outro ponto importante do novo contrato trata de usar a voz do Galv\u00e3o para vender novos produtos do Esporte. Recentemente, uma pesquisa mostrou que o p\u00fablico prefere ver Galv\u00e3o Bueno do que influenciadores para divulgar eventos. Por isso, a Globo vai escal\u00e1-lo em pe\u00e7as publicit\u00e1rias.<\/p>\n<p>Nos pr\u00f3ximos meses, Galv\u00e3o e sua equipe v\u00e3o focar em projetos para serem produzidos a partir de 2023. Dois deles est\u00e3o em fase de desenvolvimento. O narrador tamb\u00e9m vai gravar, at\u00e9 janeiro de 2023,\u00a0o document\u00e1rio sobre a sua vida, que ir\u00e1 ao ar pelo Globoplay em fevereiro. As filmagens j\u00e1 est\u00e3o em andamento.<\/p>\n<p>Paralelamente ao trabalho na TV,\u00a0Galv\u00e3o Bueno tem compromissos com a Play9, empresa de Jo\u00e3o Pedro Paes Leme e Felipe Neto, para produ\u00e7\u00f5es de conte\u00fado na internet. Alguns deles j\u00e1 est\u00e3o no ar,\u00a0como o podcast em que Galv\u00e3o conta hist\u00f3rias da sua vida.\u00a0Outros ser\u00e3o feitos e divulgados para o p\u00fablico ap\u00f3s a Copa do Mundo.<\/p>\n<p>Procurada pela reportagem, o staff de Galv\u00e3o Bueno confirmou que ele continuar\u00e1 vinculado \u00e0 Globo ap\u00f3s a Copa do Mundo do Catar, mas n\u00e3o entrou em detalhes. A emissora n\u00e3o respondeu at\u00e9 o fechamento desta reportagem.<\/p>\n<h2>Carreira de Galv\u00e3o Bueno na Globo<\/h2>\n<p>Galv\u00e3o Bueno come\u00e7ou a trabalhar na Globo em 1981, ap\u00f3s fazer sucesso como a voz da F\u00f3rmula 1 na Band em 1980. Seu primeiro trabalho na emissora foi a narra\u00e7\u00e3o do jogo entre Jorge Wiltersmann (BOL) e Flamengo pela Libertadores daquele ano. Cobriu as Copas do Mundo de 1982 e 1986 como segundo narrador. Tamb\u00e9m fez os Jogos Ol\u00edmpicos de 1984.<\/p>\n<p>Assumiu a titularidade de narra\u00e7\u00e3o na emissora em 1987\u00a0e comandou a equipe na Copa de 1990. Em 1992, houve uma sa\u00edda de dez meses para a extinta Rede OM (1982-1993), ap\u00f3s ser convidado para ser diretor de Esportes. Naquele ano, foi o respons\u00e1vel por mudar a Libertadores de patamar na TV brasileira, com a exibi\u00e7\u00e3o do primeiro t\u00edtulo continental do S\u00e3o Paulo.<\/p>\n<p>Ap\u00f3s diverg\u00eancias com a Rede OM, retornou \u00e0 Globo no in\u00edcio de 1993. Fez as Copas de 1994, 1998, 2002, 2006, 2010, 2014 e 2018. Foi a voz do tetra e do pentacampeonato da Sele\u00e7\u00e3o Brasileira. Esteve tamb\u00e9m nas Olimp\u00edadas de 1996, 2000, 2004, 2008, 2016 e 2021.<\/p>\n<p><strong>Noticias em Destaque<\/strong><\/p>\n<p style=\"text-align: right;\"><em>Fonte: Vitrine do Cariri<\/em><\/p>\n","protected":false},"excerpt":{"rendered":"<p>Galv\u00e3o Bueno\u00a0n\u00e3o vai mais deixar a\u00a0Globo ao final da Copa do Catar. O narrador de 72 anos e a emissora renovaram o v\u00ednculo profissional, que j\u00e1 dura 41 anos, at\u00e9 o fim de 2024. No entanto, ambos v\u00e3o entrar em uma esp\u00e9cie de \u201crelacionamento aberto\u201d.\u00a0O novo contrato permitir\u00e1 que o comunicador fa\u00e7a outros trabalhos no streaming\u00a0\u2013sem precisar da aprova\u00e7\u00e3o da empresa\u2013 e ainda assegura que ele estar\u00e1 na equipe de cobertura dos Jogos Ol\u00edmpicos de Paris. Galv\u00e3o tamb\u00e9m ser\u00e1 a voz de produtos e chamadas institucionais do Esporte da Globo para a divulga\u00e7\u00e3o de campeonatos. Com isso, ele continuar\u00e1 como o principal rosto da \u00e1rea na empresa.\u00a0A aposentadoria s\u00f3 valer\u00e1 mesmo para as narra\u00e7\u00f5es. Ele n\u00e3o mais comandar\u00e1 as transmiss\u00f5es ao vivo dos jogos. Segundo apura\u00e7\u00e3o informa\u00e7\u00f5es,\u00a0Galv\u00e3o Bueno e da Globo, o novo contrato j\u00e1 est\u00e1 acertado. Falta apenas a assinatura dele, o que dever\u00e1 ocorrer antes da Copa do Mundo do Catar, marcada para come\u00e7ar em 20 de novembro. Nas \u00faltimas semanas, inclusive,\u00a0o narrador tem se preparado fisicamente para chegar ao Mundial com uma boa voz. Globo e Galv\u00e3o mudaram de ideia\u00a0porque entenderam que manter o v\u00ednculo seria proveitoso, n\u00e3o s\u00f3 pelo hist\u00f3rico que o jornalista tem na empresa, mas tamb\u00e9m pela quantidade de ideias de novos projetos que ele e o conglomerado de m\u00eddia passaram a ter juntos para os pr\u00f3ximos anos. No novo contrato, est\u00e1 descrito que o narrador dar\u00e1 prioridade na TV aberta para projetos idealizados por ele na Globo, em uma esp\u00e9cie de exclusividade para essa m\u00eddia. Na TV por assinatura, a emissora ter\u00e1 direito de vetar alguma participa\u00e7\u00e3o ou produ\u00e7\u00e3o que Galv\u00e3o queira fazer em outro ve\u00edculo.\u00a0No streaming, n\u00e3o. Ele poder\u00e1 fazer o que quiser, sem consulta pr\u00e9via. Galv\u00e3o ter\u00e1 um projeto por ano na Globo A Globo vai dar pelo menos um projeto em TV aberta para Galv\u00e3o comandar por ano. Tudo ser\u00e1 pensado pelo narrador e pela dire\u00e7\u00e3o da emissora, e n\u00e3o necessariamente a atra\u00e7\u00e3o ser\u00e1 ligada \u00e0 \u00e1rea esportiva. Al\u00e9m disso, ficar\u00e1 estabelecido que o contratado vai participar da cobertura dos Jogos Ol\u00edmpicos de Paris como apresentador e comentarista pontual em programas especiais. Ele tamb\u00e9m far\u00e1 a cerim\u00f4nia de abertura, prevista para acontecer em 26 de junho de 2024, no Rio Sena, um dos s\u00edmbolos da capital da Fran\u00e7a. Outro ponto importante do novo contrato trata de usar a voz do Galv\u00e3o para vender novos produtos do Esporte. Recentemente, uma pesquisa mostrou que o p\u00fablico prefere ver Galv\u00e3o Bueno do que influenciadores para divulgar eventos. Por isso, a Globo vai escal\u00e1-lo em pe\u00e7as publicit\u00e1rias. Nos pr\u00f3ximos meses, Galv\u00e3o e sua equipe v\u00e3o focar em projetos para serem produzidos a partir de 2023. Dois deles est\u00e3o em fase de desenvolvimento. O narrador tamb\u00e9m vai gravar, at\u00e9 janeiro de 2023,\u00a0o document\u00e1rio sobre a sua vida, que ir\u00e1 ao ar pelo Globoplay em fevereiro. As filmagens j\u00e1 est\u00e3o em andamento. Paralelamente ao trabalho na TV,\u00a0Galv\u00e3o Bueno tem compromissos com a Play9, empresa de Jo\u00e3o Pedro Paes Leme e Felipe Neto, para produ\u00e7\u00f5es de conte\u00fado na internet. Alguns deles j\u00e1 est\u00e3o no ar,\u00a0como o podcast em que Galv\u00e3o conta hist\u00f3rias da sua vida.\u00a0Outros ser\u00e3o feitos e divulgados para o p\u00fablico ap\u00f3s a Copa do Mundo. Procurada pela reportagem, o staff de Galv\u00e3o Bueno confirmou que ele continuar\u00e1 vinculado \u00e0 Globo ap\u00f3s a Copa do Mundo do Catar, mas n\u00e3o entrou em detalhes. A emissora n\u00e3o respondeu at\u00e9 o fechamento desta reportagem. Carreira de Galv\u00e3o Bueno na Globo Galv\u00e3o Bueno come\u00e7ou a trabalhar na Globo em 1981, ap\u00f3s fazer sucesso como a voz da F\u00f3rmula 1 na Band em 1980. Seu primeiro trabalho na emissora foi a narra\u00e7\u00e3o do jogo entre Jorge Wiltersmann (BOL) e Flamengo pela Libertadores daquele ano. Cobriu as Copas do Mundo de 1982 e 1986 como segundo narrador. Tamb\u00e9m fez os Jogos Ol\u00edmpicos de 1984. Assumiu a titularidade de narra\u00e7\u00e3o na emissora em 1987\u00a0e comandou a equipe na Copa de 1990. Em 1992, houve uma sa\u00edda de dez meses para a extinta Rede OM (1982-1993), ap\u00f3s ser convidado para ser diretor de Esportes. Naquele ano, foi o respons\u00e1vel por mudar a Libertadores de patamar na TV brasileira, com a exibi\u00e7\u00e3o do primeiro t\u00edtulo continental do S\u00e3o Paulo. Ap\u00f3s diverg\u00eancias com a Rede OM, retornou \u00e0 Globo no in\u00edcio de 1993. Fez as Copas de 1994, 1998, 2002, 2006, 2010, 2014 e 2018. Foi a voz do tetra e do pentacampeonato da Sele\u00e7\u00e3o Brasileira. Esteve tamb\u00e9m nas Olimp\u00edadas de 1996, 2000, 2004, 2008, 2016 e 2021. Noticias em Destaque Fonte: Vitrine do Cariri<\/p>\n","protected":false},"author":2,"featured_media":43476,"comment_status":"closed","ping_status":"open","sticky":false,"template":"","format":"standard","meta":{"_eb_attr":"","_jetpack_memberships_contains_paid_content":false,"footnotes":""},"categories":[15],"tags":[],"class_list":["post-43475","post","type-post","status-publish","format-standard","has-post-thumbnail","hentry","category-esporte"],"yoast_head":"<!-- This site is optimized with the Yoast SEO plugin v26.5 - https:\/\/yoast.com\/wordpress\/plugins\/seo\/ -->\n<title>Ap\u00f3s an\u00fancio de despedida, Globo e Galv\u00e3o Bueno voltam atr\u00e1s e renovam contrato - Not&iacute;cias em Destaque<\/title>\n<meta name=\"robots\" content=\"index, follow, max-snippet:-1, max-image-preview:large, max-video-preview:-1\" \/>\n<link rel=\"canonical\" href=\"https:\/\/noticiasemdestaque.com\/cd\/?p=43475\" \/>\n<meta property=\"og:locale\" content=\"pt_BR\" \/>\n<meta property=\"og:type\" content=\"article\" \/>\n<meta property=\"og:title\" content=\"Ap\u00f3s an\u00fancio de despedida, Globo e Galv\u00e3o Bueno voltam atr\u00e1s e renovam contrato - Not&iacute;cias em Destaque\" \/>\n<meta property=\"og:description\" content=\"Galv\u00e3o Bueno\u00a0n\u00e3o vai mais deixar a\u00a0Globo ao final da Copa do Catar. O narrador de 72 anos e a emissora renovaram o v\u00ednculo profissional, que j\u00e1 dura 41 anos, at\u00e9 o fim de 2024. No entanto, ambos v\u00e3o entrar em uma esp\u00e9cie de \u201crelacionamento aberto\u201d.\u00a0O novo contrato permitir\u00e1 que o comunicador fa\u00e7a outros trabalhos no streaming\u00a0\u2013sem precisar da aprova\u00e7\u00e3o da empresa\u2013 e ainda assegura que ele estar\u00e1 na equipe de cobertura dos Jogos Ol\u00edmpicos de Paris. Galv\u00e3o tamb\u00e9m ser\u00e1 a voz de produtos e chamadas institucionais do Esporte da Globo para a divulga\u00e7\u00e3o de campeonatos. Com isso, ele continuar\u00e1 como o principal rosto da \u00e1rea na empresa.\u00a0A aposentadoria s\u00f3 valer\u00e1 mesmo para as narra\u00e7\u00f5es. Ele n\u00e3o mais comandar\u00e1 as transmiss\u00f5es ao vivo dos jogos. Segundo apura\u00e7\u00e3o informa\u00e7\u00f5es,\u00a0Galv\u00e3o Bueno e da Globo, o novo contrato j\u00e1 est\u00e1 acertado. Falta apenas a assinatura dele, o que dever\u00e1 ocorrer antes da Copa do Mundo do Catar, marcada para come\u00e7ar em 20 de novembro. Nas \u00faltimas semanas, inclusive,\u00a0o narrador tem se preparado fisicamente para chegar ao Mundial com uma boa voz. Globo e Galv\u00e3o mudaram de ideia\u00a0porque entenderam que manter o v\u00ednculo seria proveitoso, n\u00e3o s\u00f3 pelo hist\u00f3rico que o jornalista tem na empresa, mas tamb\u00e9m pela quantidade de ideias de novos projetos que ele e o conglomerado de m\u00eddia passaram a ter juntos para os pr\u00f3ximos anos. No novo contrato, est\u00e1 descrito que o narrador dar\u00e1 prioridade na TV aberta para projetos idealizados por ele na Globo, em uma esp\u00e9cie de exclusividade para essa m\u00eddia. Na TV por assinatura, a emissora ter\u00e1 direito de vetar alguma participa\u00e7\u00e3o ou produ\u00e7\u00e3o que Galv\u00e3o queira fazer em outro ve\u00edculo.\u00a0No streaming, n\u00e3o. Ele poder\u00e1 fazer o que quiser, sem consulta pr\u00e9via. Galv\u00e3o ter\u00e1 um projeto por ano na Globo A Globo vai dar pelo menos um projeto em TV aberta para Galv\u00e3o comandar por ano. Tudo ser\u00e1 pensado pelo narrador e pela dire\u00e7\u00e3o da emissora, e n\u00e3o necessariamente a atra\u00e7\u00e3o ser\u00e1 ligada \u00e0 \u00e1rea esportiva. Al\u00e9m disso, ficar\u00e1 estabelecido que o contratado vai participar da cobertura dos Jogos Ol\u00edmpicos de Paris como apresentador e comentarista pontual em programas especiais. Ele tamb\u00e9m far\u00e1 a cerim\u00f4nia de abertura, prevista para acontecer em 26 de junho de 2024, no Rio Sena, um dos s\u00edmbolos da capital da Fran\u00e7a. Outro ponto importante do novo contrato trata de usar a voz do Galv\u00e3o para vender novos produtos do Esporte. Recentemente, uma pesquisa mostrou que o p\u00fablico prefere ver Galv\u00e3o Bueno do que influenciadores para divulgar eventos. Por isso, a Globo vai escal\u00e1-lo em pe\u00e7as publicit\u00e1rias. Nos pr\u00f3ximos meses, Galv\u00e3o e sua equipe v\u00e3o focar em projetos para serem produzidos a partir de 2023. Dois deles est\u00e3o em fase de desenvolvimento. O narrador tamb\u00e9m vai gravar, at\u00e9 janeiro de 2023,\u00a0o document\u00e1rio sobre a sua vida, que ir\u00e1 ao ar pelo Globoplay em fevereiro. As filmagens j\u00e1 est\u00e3o em andamento. Paralelamente ao trabalho na TV,\u00a0Galv\u00e3o Bueno tem compromissos com a Play9, empresa de Jo\u00e3o Pedro Paes Leme e Felipe Neto, para produ\u00e7\u00f5es de conte\u00fado na internet. Alguns deles j\u00e1 est\u00e3o no ar,\u00a0como o podcast em que Galv\u00e3o conta hist\u00f3rias da sua vida.\u00a0Outros ser\u00e3o feitos e divulgados para o p\u00fablico ap\u00f3s a Copa do Mundo. Procurada pela reportagem, o staff de Galv\u00e3o Bueno confirmou que ele continuar\u00e1 vinculado \u00e0 Globo ap\u00f3s a Copa do Mundo do Catar, mas n\u00e3o entrou em detalhes. A emissora n\u00e3o respondeu at\u00e9 o fechamento desta reportagem. Carreira de Galv\u00e3o Bueno na Globo Galv\u00e3o Bueno come\u00e7ou a trabalhar na Globo em 1981, ap\u00f3s fazer sucesso como a voz da F\u00f3rmula 1 na Band em 1980. Seu primeiro trabalho na emissora foi a narra\u00e7\u00e3o do jogo entre Jorge Wiltersmann (BOL) e Flamengo pela Libertadores daquele ano. Cobriu as Copas do Mundo de 1982 e 1986 como segundo narrador. Tamb\u00e9m fez os Jogos Ol\u00edmpicos de 1984. Assumiu a titularidade de narra\u00e7\u00e3o na emissora em 1987\u00a0e comandou a equipe na Copa de 1990. Em 1992, houve uma sa\u00edda de dez meses para a extinta Rede OM (1982-1993), ap\u00f3s ser convidado para ser diretor de Esportes. Naquele ano, foi o respons\u00e1vel por mudar a Libertadores de patamar na TV brasileira, com a exibi\u00e7\u00e3o do primeiro t\u00edtulo continental do S\u00e3o Paulo. Ap\u00f3s diverg\u00eancias com a Rede OM, retornou \u00e0 Globo no in\u00edcio de 1993. Fez as Copas de 1994, 1998, 2002, 2006, 2010, 2014 e 2018. Foi a voz do tetra e do pentacampeonato da Sele\u00e7\u00e3o Brasileira. Esteve tamb\u00e9m nas Olimp\u00edadas de 1996, 2000, 2004, 2008, 2016 e 2021. Noticias em Destaque Fonte: Vitrine do Cariri\" \/>\n<meta property=\"og:url\" content=\"https:\/\/noticiasemdestaque.com\/cd\/?p=43475\" \/>\n<meta property=\"og:site_name\" content=\"Not&iacute;cias em Destaque\" \/>\n<meta property=\"article:published_time\" content=\"2022-10-19T12:20:15+00:00\" \/>\n<meta property=\"og:image\" content=\"https:\/\/noticiasemdestaque.com\/cd\/wp-content\/uploads\/2022\/10\/20210818-galvao-bueno-transmissao-de-futebol-globo-divulgacao_mosicxw_fixed_large-750x469-1.webp\" \/>\n\t<meta property=\"og:image:width\" content=\"750\" \/>\n\t<meta property=\"og:image:height\" content=\"469\" \/>\n\t<meta property=\"og:image:type\" content=\"image\/webp\" \/>\n<meta name=\"author\" content=\"Not\u00edcias em Destaque\" \/>\n<meta name=\"twitter:card\" content=\"summary_large_image\" \/>\n<meta name=\"twitter:label1\" content=\"Escrito por\" \/>\n\t<meta name=\"twitter:data1\" content=\"Not\u00edcias em Destaque\" \/>\n\t<meta name=\"twitter:label2\" content=\"Est. tempo de leitura\" \/>\n\t<meta name=\"twitter:data2\" content=\"5 minutos\" \/>\n<script type=\"application\/ld+json\" class=\"yoast-schema-graph\">{\"@context\":\"https:\/\/schema.org\",\"@graph\":[{\"@type\":\"Article\",\"@id\":\"https:\/\/noticiasemdestaque.com\/cd\/?p=43475#article\",\"isPartOf\":{\"@id\":\"https:\/\/noticiasemdestaque.com\/cd\/?p=43475\"},\"author\":{\"name\":\"Not\u00edcias em Destaque\",\"@id\":\"https:\/\/noticiasemdestaque.com\/cd\/#\/schema\/person\/4a81fb71f77579d059c3045891fa1786\"},\"headline\":\"Ap\u00f3s an\u00fancio de despedida, Globo e Galv\u00e3o Bueno voltam atr\u00e1s e renovam contrato\",\"datePublished\":\"2022-10-19T12:20:15+00:00\",\"mainEntityOfPage\":{\"@id\":\"https:\/\/noticiasemdestaque.com\/cd\/?p=43475\"},\"wordCount\":839,\"publisher\":{\"@id\":\"https:\/\/noticiasemdestaque.com\/cd\/#organization\"},\"image\":{\"@id\":\"https:\/\/noticiasemdestaque.com\/cd\/?p=43475#primaryimage\"},\"thumbnailUrl\":\"https:\/\/noticiasemdestaque.com\/cd\/wp-content\/uploads\/2022\/10\/20210818-galvao-bueno-transmissao-de-futebol-globo-divulgacao_mosicxw_fixed_large-750x469-1.webp\",\"articleSection\":[\"Esporte\"],\"inLanguage\":\"pt-BR\"},{\"@type\":\"WebPage\",\"@id\":\"https:\/\/noticiasemdestaque.com\/cd\/?p=43475\",\"url\":\"https:\/\/noticiasemdestaque.com\/cd\/?p=43475\",\"name\":\"Ap\u00f3s an\u00fancio de despedida, Globo e Galv\u00e3o Bueno voltam atr\u00e1s e renovam contrato - Not&iacute;cias em Destaque\",\"isPartOf\":{\"@id\":\"https:\/\/noticiasemdestaque.com\/cd\/#website\"},\"primaryImageOfPage\":{\"@id\":\"https:\/\/noticiasemdestaque.com\/cd\/?p=43475#primaryimage\"},\"image\":{\"@id\":\"https:\/\/noticiasemdestaque.com\/cd\/?p=43475#primaryimage\"},\"thumbnailUrl\":\"https:\/\/noticiasemdestaque.com\/cd\/wp-content\/uploads\/2022\/10\/20210818-galvao-bueno-transmissao-de-futebol-globo-divulgacao_mosicxw_fixed_large-750x469-1.webp\",\"datePublished\":\"2022-10-19T12:20:15+00:00\",\"breadcrumb\":{\"@id\":\"https:\/\/noticiasemdestaque.com\/cd\/?p=43475#breadcrumb\"},\"inLanguage\":\"pt-BR\",\"potentialAction\":[{\"@type\":\"ReadAction\",\"target\":[\"https:\/\/noticiasemdestaque.com\/cd\/?p=43475\"]}]},{\"@type\":\"ImageObject\",\"inLanguage\":\"pt-BR\",\"@id\":\"https:\/\/noticiasemdestaque.com\/cd\/?p=43475#primaryimage\",\"url\":\"https:\/\/noticiasemdestaque.com\/cd\/wp-content\/uploads\/2022\/10\/20210818-galvao-bueno-transmissao-de-futebol-globo-divulgacao_mosicxw_fixed_large-750x469-1.webp\",\"contentUrl\":\"https:\/\/noticiasemdestaque.com\/cd\/wp-content\/uploads\/2022\/10\/20210818-galvao-bueno-transmissao-de-futebol-globo-divulgacao_mosicxw_fixed_large-750x469-1.webp\",\"width\":750,\"height\":469},{\"@type\":\"BreadcrumbList\",\"@id\":\"https:\/\/noticiasemdestaque.com\/cd\/?p=43475#breadcrumb\",\"itemListElement\":[{\"@type\":\"ListItem\",\"position\":1,\"name\":\"In\u00edcio\",\"item\":\"https:\/\/noticiasemdestaque.com\/cd\/\"},{\"@type\":\"ListItem\",\"position\":2,\"name\":\"Ap\u00f3s an\u00fancio de despedida, Globo e Galv\u00e3o Bueno voltam atr\u00e1s e renovam contrato\"}]},{\"@type\":\"WebSite\",\"@id\":\"https:\/\/noticiasemdestaque.com\/cd\/#website\",\"url\":\"https:\/\/noticiasemdestaque.com\/cd\/\",\"name\":\"Not&iacute;cias em Destaque\",\"description\":\"\",\"publisher\":{\"@id\":\"https:\/\/noticiasemdestaque.com\/cd\/#organization\"},\"potentialAction\":[{\"@type\":\"SearchAction\",\"target\":{\"@type\":\"EntryPoint\",\"urlTemplate\":\"https:\/\/noticiasemdestaque.com\/cd\/?s={search_term_string}\"},\"query-input\":{\"@type\":\"PropertyValueSpecification\",\"valueRequired\":true,\"valueName\":\"search_term_string\"}}],\"inLanguage\":\"pt-BR\"},{\"@type\":\"Organization\",\"@id\":\"https:\/\/noticiasemdestaque.com\/cd\/#organization\",\"name\":\"Not\u00edcias em Destaque\",\"url\":\"https:\/\/noticiasemdestaque.com\/cd\/\",\"logo\":{\"@type\":\"ImageObject\",\"inLanguage\":\"pt-BR\",\"@id\":\"https:\/\/noticiasemdestaque.com\/cd\/#\/schema\/logo\/image\/\",\"url\":\"https:\/\/noticiasemdestaque.com\/cd\/wp-content\/uploads\/2022\/05\/imagem-base-noticiasemdestaque.png\",\"contentUrl\":\"https:\/\/noticiasemdestaque.com\/cd\/wp-content\/uploads\/2022\/05\/imagem-base-noticiasemdestaque.png\",\"width\":1200,\"height\":630,\"caption\":\"Not\u00edcias em Destaque\"},\"image\":{\"@id\":\"https:\/\/noticiasemdestaque.com\/cd\/#\/schema\/logo\/image\/\"}},{\"@type\":\"Person\",\"@id\":\"https:\/\/noticiasemdestaque.com\/cd\/#\/schema\/person\/4a81fb71f77579d059c3045891fa1786\",\"name\":\"Not\u00edcias em Destaque\",\"url\":\"https:\/\/noticiasemdestaque.com\/cd\/?author=2\"}]}<\/script>\n<!-- \/ Yoast SEO plugin. -->","yoast_head_json":{"title":"Ap\u00f3s an\u00fancio de despedida, Globo e Galv\u00e3o Bueno voltam atr\u00e1s e renovam contrato - Not&iacute;cias em Destaque","robots":{"index":"index","follow":"follow","max-snippet":"max-snippet:-1","max-image-preview":"max-image-preview:large","max-video-preview":"max-video-preview:-1"},"canonical":"https:\/\/noticiasemdestaque.com\/cd\/?p=43475","og_locale":"pt_BR","og_type":"article","og_title":"Ap\u00f3s an\u00fancio de despedida, Globo e Galv\u00e3o Bueno voltam atr\u00e1s e renovam contrato - Not&iacute;cias em Destaque","og_description":"Galv\u00e3o Bueno\u00a0n\u00e3o vai mais deixar a\u00a0Globo ao final da Copa do Catar. O narrador de 72 anos e a emissora renovaram o v\u00ednculo profissional, que j\u00e1 dura 41 anos, at\u00e9 o fim de 2024. No entanto, ambos v\u00e3o entrar em uma esp\u00e9cie de \u201crelacionamento aberto\u201d.\u00a0O novo contrato permitir\u00e1 que o comunicador fa\u00e7a outros trabalhos no streaming\u00a0\u2013sem precisar da aprova\u00e7\u00e3o da empresa\u2013 e ainda assegura que ele estar\u00e1 na equipe de cobertura dos Jogos Ol\u00edmpicos de Paris. Galv\u00e3o tamb\u00e9m ser\u00e1 a voz de produtos e chamadas institucionais do Esporte da Globo para a divulga\u00e7\u00e3o de campeonatos. Com isso, ele continuar\u00e1 como o principal rosto da \u00e1rea na empresa.\u00a0A aposentadoria s\u00f3 valer\u00e1 mesmo para as narra\u00e7\u00f5es. Ele n\u00e3o mais comandar\u00e1 as transmiss\u00f5es ao vivo dos jogos. Segundo apura\u00e7\u00e3o informa\u00e7\u00f5es,\u00a0Galv\u00e3o Bueno e da Globo, o novo contrato j\u00e1 est\u00e1 acertado. Falta apenas a assinatura dele, o que dever\u00e1 ocorrer antes da Copa do Mundo do Catar, marcada para come\u00e7ar em 20 de novembro. Nas \u00faltimas semanas, inclusive,\u00a0o narrador tem se preparado fisicamente para chegar ao Mundial com uma boa voz. Globo e Galv\u00e3o mudaram de ideia\u00a0porque entenderam que manter o v\u00ednculo seria proveitoso, n\u00e3o s\u00f3 pelo hist\u00f3rico que o jornalista tem na empresa, mas tamb\u00e9m pela quantidade de ideias de novos projetos que ele e o conglomerado de m\u00eddia passaram a ter juntos para os pr\u00f3ximos anos. No novo contrato, est\u00e1 descrito que o narrador dar\u00e1 prioridade na TV aberta para projetos idealizados por ele na Globo, em uma esp\u00e9cie de exclusividade para essa m\u00eddia. Na TV por assinatura, a emissora ter\u00e1 direito de vetar alguma participa\u00e7\u00e3o ou produ\u00e7\u00e3o que Galv\u00e3o queira fazer em outro ve\u00edculo.\u00a0No streaming, n\u00e3o. Ele poder\u00e1 fazer o que quiser, sem consulta pr\u00e9via. Galv\u00e3o ter\u00e1 um projeto por ano na Globo A Globo vai dar pelo menos um projeto em TV aberta para Galv\u00e3o comandar por ano. Tudo ser\u00e1 pensado pelo narrador e pela dire\u00e7\u00e3o da emissora, e n\u00e3o necessariamente a atra\u00e7\u00e3o ser\u00e1 ligada \u00e0 \u00e1rea esportiva. Al\u00e9m disso, ficar\u00e1 estabelecido que o contratado vai participar da cobertura dos Jogos Ol\u00edmpicos de Paris como apresentador e comentarista pontual em programas especiais. Ele tamb\u00e9m far\u00e1 a cerim\u00f4nia de abertura, prevista para acontecer em 26 de junho de 2024, no Rio Sena, um dos s\u00edmbolos da capital da Fran\u00e7a. Outro ponto importante do novo contrato trata de usar a voz do Galv\u00e3o para vender novos produtos do Esporte. Recentemente, uma pesquisa mostrou que o p\u00fablico prefere ver Galv\u00e3o Bueno do que influenciadores para divulgar eventos. Por isso, a Globo vai escal\u00e1-lo em pe\u00e7as publicit\u00e1rias. Nos pr\u00f3ximos meses, Galv\u00e3o e sua equipe v\u00e3o focar em projetos para serem produzidos a partir de 2023. Dois deles est\u00e3o em fase de desenvolvimento. O narrador tamb\u00e9m vai gravar, at\u00e9 janeiro de 2023,\u00a0o document\u00e1rio sobre a sua vida, que ir\u00e1 ao ar pelo Globoplay em fevereiro. As filmagens j\u00e1 est\u00e3o em andamento. Paralelamente ao trabalho na TV,\u00a0Galv\u00e3o Bueno tem compromissos com a Play9, empresa de Jo\u00e3o Pedro Paes Leme e Felipe Neto, para produ\u00e7\u00f5es de conte\u00fado na internet. Alguns deles j\u00e1 est\u00e3o no ar,\u00a0como o podcast em que Galv\u00e3o conta hist\u00f3rias da sua vida.\u00a0Outros ser\u00e3o feitos e divulgados para o p\u00fablico ap\u00f3s a Copa do Mundo. Procurada pela reportagem, o staff de Galv\u00e3o Bueno confirmou que ele continuar\u00e1 vinculado \u00e0 Globo ap\u00f3s a Copa do Mundo do Catar, mas n\u00e3o entrou em detalhes. A emissora n\u00e3o respondeu at\u00e9 o fechamento desta reportagem. Carreira de Galv\u00e3o Bueno na Globo Galv\u00e3o Bueno come\u00e7ou a trabalhar na Globo em 1981, ap\u00f3s fazer sucesso como a voz da F\u00f3rmula 1 na Band em 1980. Seu primeiro trabalho na emissora foi a narra\u00e7\u00e3o do jogo entre Jorge Wiltersmann (BOL) e Flamengo pela Libertadores daquele ano. Cobriu as Copas do Mundo de 1982 e 1986 como segundo narrador. Tamb\u00e9m fez os Jogos Ol\u00edmpicos de 1984. Assumiu a titularidade de narra\u00e7\u00e3o na emissora em 1987\u00a0e comandou a equipe na Copa de 1990. Em 1992, houve uma sa\u00edda de dez meses para a extinta Rede OM (1982-1993), ap\u00f3s ser convidado para ser diretor de Esportes. Naquele ano, foi o respons\u00e1vel por mudar a Libertadores de patamar na TV brasileira, com a exibi\u00e7\u00e3o do primeiro t\u00edtulo continental do S\u00e3o Paulo. Ap\u00f3s diverg\u00eancias com a Rede OM, retornou \u00e0 Globo no in\u00edcio de 1993. Fez as Copas de 1994, 1998, 2002, 2006, 2010, 2014 e 2018. Foi a voz do tetra e do pentacampeonato da Sele\u00e7\u00e3o Brasileira. Esteve tamb\u00e9m nas Olimp\u00edadas de 1996, 2000, 2004, 2008, 2016 e 2021. Noticias em Destaque Fonte: Vitrine do Cariri","og_url":"https:\/\/noticiasemdestaque.com\/cd\/?p=43475","og_site_name":"Not&iacute;cias em Destaque","article_published_time":"2022-10-19T12:20:15+00:00","og_image":[{"width":750,"height":469,"url":"https:\/\/noticiasemdestaque.com\/cd\/wp-content\/uploads\/2022\/10\/20210818-galvao-bueno-transmissao-de-futebol-globo-divulgacao_mosicxw_fixed_large-750x469-1.webp","type":"image\/webp"}],"author":"Not\u00edcias em Destaque","twitter_card":"summary_large_image","twitter_misc":{"Escrito por":"Not\u00edcias em Destaque","Est. tempo de leitura":"5 minutos"},"schema":{"@context":"https:\/\/schema.org","@graph":[{"@type":"Article","@id":"https:\/\/noticiasemdestaque.com\/cd\/?p=43475#article","isPartOf":{"@id":"https:\/\/noticiasemdestaque.com\/cd\/?p=43475"},"author":{"name":"Not\u00edcias em Destaque","@id":"https:\/\/noticiasemdestaque.com\/cd\/#\/schema\/person\/4a81fb71f77579d059c3045891fa1786"},"headline":"Ap\u00f3s an\u00fancio de despedida, Globo e Galv\u00e3o Bueno voltam atr\u00e1s e renovam contrato","datePublished":"2022-10-19T12:20:15+00:00","mainEntityOfPage":{"@id":"https:\/\/noticiasemdestaque.com\/cd\/?p=43475"},"wordCount":839,"publisher":{"@id":"https:\/\/noticiasemdestaque.com\/cd\/#organization"},"image":{"@id":"https:\/\/noticiasemdestaque.com\/cd\/?p=43475#primaryimage"},"thumbnailUrl":"https:\/\/noticiasemdestaque.com\/cd\/wp-content\/uploads\/2022\/10\/20210818-galvao-bueno-transmissao-de-futebol-globo-divulgacao_mosicxw_fixed_large-750x469-1.webp","articleSection":["Esporte"],"inLanguage":"pt-BR"},{"@type":"WebPage","@id":"https:\/\/noticiasemdestaque.com\/cd\/?p=43475","url":"https:\/\/noticiasemdestaque.com\/cd\/?p=43475","name":"Ap\u00f3s an\u00fancio de despedida, Globo e Galv\u00e3o Bueno voltam atr\u00e1s e renovam contrato - Not&iacute;cias em Destaque","isPartOf":{"@id":"https:\/\/noticiasemdestaque.com\/cd\/#website"},"primaryImageOfPage":{"@id":"https:\/\/noticiasemdestaque.com\/cd\/?p=43475#primaryimage"},"image":{"@id":"https:\/\/noticiasemdestaque.com\/cd\/?p=43475#primaryimage"},"thumbnailUrl":"https:\/\/noticiasemdestaque.com\/cd\/wp-content\/uploads\/2022\/10\/20210818-galvao-bueno-transmissao-de-futebol-globo-divulgacao_mosicxw_fixed_large-750x469-1.webp","datePublished":"2022-10-19T12:20:15+00:00","breadcrumb":{"@id":"https:\/\/noticiasemdestaque.com\/cd\/?p=43475#breadcrumb"},"inLanguage":"pt-BR","potentialAction":[{"@type":"ReadAction","target":["https:\/\/noticiasemdestaque.com\/cd\/?p=43475"]}]},{"@type":"ImageObject","inLanguage":"pt-BR","@id":"https:\/\/noticiasemdestaque.com\/cd\/?p=43475#primaryimage","url":"https:\/\/noticiasemdestaque.com\/cd\/wp-content\/uploads\/2022\/10\/20210818-galvao-bueno-transmissao-de-futebol-globo-divulgacao_mosicxw_fixed_large-750x469-1.webp","contentUrl":"https:\/\/noticiasemdestaque.com\/cd\/wp-content\/uploads\/2022\/10\/20210818-galvao-bueno-transmissao-de-futebol-globo-divulgacao_mosicxw_fixed_large-750x469-1.webp","width":750,"height":469},{"@type":"BreadcrumbList","@id":"https:\/\/noticiasemdestaque.com\/cd\/?p=43475#breadcrumb","itemListElement":[{"@type":"ListItem","position":1,"name":"In\u00edcio","item":"https:\/\/noticiasemdestaque.com\/cd\/"},{"@type":"ListItem","position":2,"name":"Ap\u00f3s an\u00fancio de despedida, Globo e Galv\u00e3o Bueno voltam atr\u00e1s e renovam contrato"}]},{"@type":"WebSite","@id":"https:\/\/noticiasemdestaque.com\/cd\/#website","url":"https:\/\/noticiasemdestaque.com\/cd\/","name":"Not&iacute;cias em Destaque","description":"","publisher":{"@id":"https:\/\/noticiasemdestaque.com\/cd\/#organization"},"potentialAction":[{"@type":"SearchAction","target":{"@type":"EntryPoint","urlTemplate":"https:\/\/noticiasemdestaque.com\/cd\/?s={search_term_string}"},"query-input":{"@type":"PropertyValueSpecification","valueRequired":true,"valueName":"search_term_string"}}],"inLanguage":"pt-BR"},{"@type":"Organization","@id":"https:\/\/noticiasemdestaque.com\/cd\/#organization","name":"Not\u00edcias em Destaque","url":"https:\/\/noticiasemdestaque.com\/cd\/","logo":{"@type":"ImageObject","inLanguage":"pt-BR","@id":"https:\/\/noticiasemdestaque.com\/cd\/#\/schema\/logo\/image\/","url":"https:\/\/noticiasemdestaque.com\/cd\/wp-content\/uploads\/2022\/05\/imagem-base-noticiasemdestaque.png","contentUrl":"https:\/\/noticiasemdestaque.com\/cd\/wp-content\/uploads\/2022\/05\/imagem-base-noticiasemdestaque.png","width":1200,"height":630,"caption":"Not\u00edcias em Destaque"},"image":{"@id":"https:\/\/noticiasemdestaque.com\/cd\/#\/schema\/logo\/image\/"}},{"@type":"Person","@id":"https:\/\/noticiasemdestaque.com\/cd\/#\/schema\/person\/4a81fb71f77579d059c3045891fa1786","name":"Not\u00edcias em Destaque","url":"https:\/\/noticiasemdestaque.com\/cd\/?author=2"}]}},"jetpack_featured_media_url":"https:\/\/noticiasemdestaque.com\/cd\/wp-content\/uploads\/2022\/10\/20210818-galvao-bueno-transmissao-de-futebol-globo-divulgacao_mosicxw_fixed_large-750x469-1.webp","jetpack_sharing_enabled":true,"_links":{"self":[{"href":"https:\/\/noticiasemdestaque.com\/cd\/index.php?rest_route=\/wp\/v2\/posts\/43475","targetHints":{"allow":["GET"]}}],"collection":[{"href":"https:\/\/noticiasemdestaque.com\/cd\/index.php?rest_route=\/wp\/v2\/posts"}],"about":[{"href":"https:\/\/noticiasemdestaque.com\/cd\/index.php?rest_route=\/wp\/v2\/types\/post"}],"author":[{"embeddable":true,"href":"https:\/\/noticiasemdestaque.com\/cd\/index.php?rest_route=\/wp\/v2\/users\/2"}],"replies":[{"embeddable":true,"href":"https:\/\/noticiasemdestaque.com\/cd\/index.php?rest_route=%2Fwp%2Fv2%2Fcomments&post=43475"}],"version-history":[{"count":1,"href":"https:\/\/noticiasemdestaque.com\/cd\/index.php?rest_route=\/wp\/v2\/posts\/43475\/revisions"}],"predecessor-version":[{"id":43477,"href":"https:\/\/noticiasemdestaque.com\/cd\/index.php?rest_route=\/wp\/v2\/posts\/43475\/revisions\/43477"}],"wp:featuredmedia":[{"embeddable":true,"href":"https:\/\/noticiasemdestaque.com\/cd\/index.php?rest_route=\/wp\/v2\/media\/43476"}],"wp:attachment":[{"href":"https:\/\/noticiasemdestaque.com\/cd\/index.php?rest_route=%2Fwp%2Fv2%2Fmedia&parent=43475"}],"wp:term":[{"taxonomy":"category","embeddable":true,"href":"https:\/\/noticiasemdestaque.com\/cd\/index.php?rest_route=%2Fwp%2Fv2%2Fcategories&post=43475"},{"taxonomy":"post_tag","embeddable":true,"href":"https:\/\/noticiasemdestaque.com\/cd\/index.php?rest_route=%2Fwp%2Fv2%2Ftags&post=43475"}],"curies":[{"name":"wp","href":"https:\/\/api.w.org\/{rel}","templated":true}]}}