{"id":43472,"date":"2022-10-19T09:16:58","date_gmt":"2022-10-19T12:16:58","guid":{"rendered":"https:\/\/noticiasemdestaque.com\/cd\/?p=43472"},"modified":"2022-10-19T09:16:58","modified_gmt":"2022-10-19T12:16:58","slug":"mobilidade-urbana-prefeitura-de-prata-inicia-obras-de-pavimentacao-asfaltica-em-quatro-ruas","status":"publish","type":"post","link":"https:\/\/noticiasemdestaque.com\/cd\/?p=43472","title":{"rendered":"Mobilidade Urbana: Prefeitura de Prata inicia obras de pavimenta\u00e7\u00e3o asf\u00e1ltica em quatro ruas"},"content":{"rendered":"<p><a href=\"https:\/\/noticiasemdestaque.com\/cd\/wp-content\/uploads\/2022\/10\/WhatsApp-Image-2022-10-19-at-09.02.42.jpeg\"><img fetchpriority=\"high\" decoding=\"async\" class=\"alignnone  wp-image-43473\" src=\"https:\/\/noticiasemdestaque.com\/cd\/wp-content\/uploads\/2022\/10\/WhatsApp-Image-2022-10-19-at-09.02.42-300x169.jpeg\" alt=\"\" width=\"866\" height=\"488\" srcset=\"https:\/\/noticiasemdestaque.com\/cd\/wp-content\/uploads\/2022\/10\/WhatsApp-Image-2022-10-19-at-09.02.42-300x169.jpeg 300w, https:\/\/noticiasemdestaque.com\/cd\/wp-content\/uploads\/2022\/10\/WhatsApp-Image-2022-10-19-at-09.02.42-1024x576.jpeg 1024w, https:\/\/noticiasemdestaque.com\/cd\/wp-content\/uploads\/2022\/10\/WhatsApp-Image-2022-10-19-at-09.02.42-768x432.jpeg 768w, https:\/\/noticiasemdestaque.com\/cd\/wp-content\/uploads\/2022\/10\/WhatsApp-Image-2022-10-19-at-09.02.42-18x10.jpeg 18w, https:\/\/noticiasemdestaque.com\/cd\/wp-content\/uploads\/2022\/10\/WhatsApp-Image-2022-10-19-at-09.02.42.jpeg 1280w\" sizes=\"(max-width: 866px) 100vw, 866px\" \/><\/a><\/p>\n<p>A Prefeitura Municipal da Prata iniciou a pavimenta\u00e7\u00e3o asf\u00e1ltica nesta ter\u00e7a-feira (18), ser\u00e3o contempladas quatro ruas: 7 de janeiro, Jos\u00e9 Borba Filho, Manoel Gon\u00e7alves Prata e Souto Maior.<\/p>\n<p>O prefeito Genivaldo agradece a emenda do Deputado Federal Wellington Roberto pelo in\u00edcio desta importante obra que vai engrandecer acidade, embelezar as principais vias de Prata e consequentemente trazer uma valoriza\u00e7\u00e3o imobili\u00e1ria para os im\u00f3veis que ficam \u00e0s margens desta pavimenta\u00e7\u00e3o,\u201d disse.<\/p>\n<p><strong>Not\u00edcias em Destaque<\/strong><br \/>\n<em>Com Portal Cariri Paraibano<\/em><\/p>\n","protected":false},"excerpt":{"rendered":"<p>A Prefeitura Municipal da Prata iniciou a pavimenta\u00e7\u00e3o asf\u00e1ltica nesta ter\u00e7a-feira (18), ser\u00e3o contempladas quatro ruas: 7 de janeiro, Jos\u00e9 Borba Filho, Manoel Gon\u00e7alves Prata e Souto Maior. O prefeito Genivaldo agradece a emenda do Deputado Federal Wellington Roberto pelo in\u00edcio desta importante obra que vai engrandecer acidade, embelezar as principais vias de Prata e consequentemente trazer uma valoriza\u00e7\u00e3o imobili\u00e1ria para os im\u00f3veis que ficam \u00e0s margens desta pavimenta\u00e7\u00e3o,\u201d disse. Not\u00edcias em Destaque Com Portal Cariri Paraibano<\/p>\n","protected":false},"author":2,"featured_media":43473,"comment_status":"closed","ping_status":"open","sticky":false,"template":"","format":"standard","meta":{"_eb_attr":"","_jetpack_memberships_contains_paid_content":false,"footnotes":""},"categories":[3],"tags":[],"class_list":["post-43472","post","type-post","status-publish","format-standard","has-post-thumbnail","hentry","category-cidades"],"yoast_head":"<!-- This site is optimized with the Yoast SEO plugin v26.5 - https:\/\/yoast.com\/wordpress\/plugins\/seo\/ -->\n<title>Mobilidade Urbana: Prefeitura de Prata inicia obras de pavimenta\u00e7\u00e3o asf\u00e1ltica em quatro ruas - Not&iacute;cias em Destaque<\/title>\n<meta name=\"robots\" content=\"index, follow, max-snippet:-1, max-image-preview:large, max-video-preview:-1\" \/>\n<link rel=\"canonical\" href=\"https:\/\/noticiasemdestaque.com\/cd\/?p=43472\" \/>\n<meta property=\"og:locale\" content=\"pt_BR\" \/>\n<meta property=\"og:type\" content=\"article\" \/>\n<meta property=\"og:title\" content=\"Mobilidade Urbana: Prefeitura de Prata inicia obras de pavimenta\u00e7\u00e3o asf\u00e1ltica em quatro ruas - Not&iacute;cias em Destaque\" \/>\n<meta property=\"og:description\" content=\"A Prefeitura Municipal da Prata iniciou a pavimenta\u00e7\u00e3o asf\u00e1ltica nesta ter\u00e7a-feira (18), ser\u00e3o contempladas quatro ruas: 7 de janeiro, Jos\u00e9 Borba Filho, Manoel Gon\u00e7alves Prata e Souto Maior. O prefeito Genivaldo agradece a emenda do Deputado Federal Wellington Roberto pelo in\u00edcio desta importante obra que vai engrandecer acidade, embelezar as principais vias de Prata e consequentemente trazer uma valoriza\u00e7\u00e3o imobili\u00e1ria para os im\u00f3veis que ficam \u00e0s margens desta pavimenta\u00e7\u00e3o,\u201d disse. Not\u00edcias em Destaque Com Portal Cariri Paraibano\" \/>\n<meta property=\"og:url\" content=\"https:\/\/noticiasemdestaque.com\/cd\/?p=43472\" \/>\n<meta property=\"og:site_name\" content=\"Not&iacute;cias em Destaque\" \/>\n<meta property=\"article:published_time\" content=\"2022-10-19T12:16:58+00:00\" \/>\n<meta property=\"og:image\" content=\"https:\/\/noticiasemdestaque.com\/cd\/wp-content\/uploads\/2022\/10\/WhatsApp-Image-2022-10-19-at-09.02.42.jpeg\" \/>\n\t<meta property=\"og:image:width\" content=\"1280\" \/>\n\t<meta property=\"og:image:height\" content=\"720\" \/>\n\t<meta property=\"og:image:type\" content=\"image\/jpeg\" \/>\n<meta name=\"author\" content=\"Not\u00edcias em Destaque\" \/>\n<meta name=\"twitter:card\" content=\"summary_large_image\" \/>\n<meta name=\"twitter:label1\" content=\"Escrito por\" \/>\n\t<meta name=\"twitter:data1\" content=\"Not\u00edcias em Destaque\" \/>\n\t<meta name=\"twitter:label2\" content=\"Est. tempo de leitura\" \/>\n\t<meta name=\"twitter:data2\" content=\"1 minuto\" \/>\n<script type=\"application\/ld+json\" class=\"yoast-schema-graph\">{\"@context\":\"https:\/\/schema.org\",\"@graph\":[{\"@type\":\"Article\",\"@id\":\"https:\/\/noticiasemdestaque.com\/cd\/?p=43472#article\",\"isPartOf\":{\"@id\":\"https:\/\/noticiasemdestaque.com\/cd\/?p=43472\"},\"author\":{\"name\":\"Not\u00edcias em Destaque\",\"@id\":\"https:\/\/noticiasemdestaque.com\/cd\/#\/schema\/person\/4a81fb71f77579d059c3045891fa1786\"},\"headline\":\"Mobilidade Urbana: Prefeitura de Prata inicia obras de pavimenta\u00e7\u00e3o asf\u00e1ltica em quatro ruas\",\"datePublished\":\"2022-10-19T12:16:58+00:00\",\"mainEntityOfPage\":{\"@id\":\"https:\/\/noticiasemdestaque.com\/cd\/?p=43472\"},\"wordCount\":101,\"publisher\":{\"@id\":\"https:\/\/noticiasemdestaque.com\/cd\/#organization\"},\"image\":{\"@id\":\"https:\/\/noticiasemdestaque.com\/cd\/?p=43472#primaryimage\"},\"thumbnailUrl\":\"https:\/\/noticiasemdestaque.com\/cd\/wp-content\/uploads\/2022\/10\/WhatsApp-Image-2022-10-19-at-09.02.42.jpeg\",\"articleSection\":[\"Cidades\"],\"inLanguage\":\"pt-BR\"},{\"@type\":\"WebPage\",\"@id\":\"https:\/\/noticiasemdestaque.com\/cd\/?p=43472\",\"url\":\"https:\/\/noticiasemdestaque.com\/cd\/?p=43472\",\"name\":\"Mobilidade Urbana: Prefeitura de Prata inicia obras de pavimenta\u00e7\u00e3o asf\u00e1ltica em quatro ruas - Not&iacute;cias em Destaque\",\"isPartOf\":{\"@id\":\"https:\/\/noticiasemdestaque.com\/cd\/#website\"},\"primaryImageOfPage\":{\"@id\":\"https:\/\/noticiasemdestaque.com\/cd\/?p=43472#primaryimage\"},\"image\":{\"@id\":\"https:\/\/noticiasemdestaque.com\/cd\/?p=43472#primaryimage\"},\"thumbnailUrl\":\"https:\/\/noticiasemdestaque.com\/cd\/wp-content\/uploads\/2022\/10\/WhatsApp-Image-2022-10-19-at-09.02.42.jpeg\",\"datePublished\":\"2022-10-19T12:16:58+00:00\",\"breadcrumb\":{\"@id\":\"https:\/\/noticiasemdestaque.com\/cd\/?p=43472#breadcrumb\"},\"inLanguage\":\"pt-BR\",\"potentialAction\":[{\"@type\":\"ReadAction\",\"target\":[\"https:\/\/noticiasemdestaque.com\/cd\/?p=43472\"]}]},{\"@type\":\"ImageObject\",\"inLanguage\":\"pt-BR\",\"@id\":\"https:\/\/noticiasemdestaque.com\/cd\/?p=43472#primaryimage\",\"url\":\"https:\/\/noticiasemdestaque.com\/cd\/wp-content\/uploads\/2022\/10\/WhatsApp-Image-2022-10-19-at-09.02.42.jpeg\",\"contentUrl\":\"https:\/\/noticiasemdestaque.com\/cd\/wp-content\/uploads\/2022\/10\/WhatsApp-Image-2022-10-19-at-09.02.42.jpeg\",\"width\":1280,\"height\":720},{\"@type\":\"BreadcrumbList\",\"@id\":\"https:\/\/noticiasemdestaque.com\/cd\/?p=43472#breadcrumb\",\"itemListElement\":[{\"@type\":\"ListItem\",\"position\":1,\"name\":\"In\u00edcio\",\"item\":\"https:\/\/noticiasemdestaque.com\/cd\/\"},{\"@type\":\"ListItem\",\"position\":2,\"name\":\"Mobilidade Urbana: Prefeitura de Prata inicia obras de pavimenta\u00e7\u00e3o asf\u00e1ltica em quatro ruas\"}]},{\"@type\":\"WebSite\",\"@id\":\"https:\/\/noticiasemdestaque.com\/cd\/#website\",\"url\":\"https:\/\/noticiasemdestaque.com\/cd\/\",\"name\":\"Not&iacute;cias em Destaque\",\"description\":\"\",\"publisher\":{\"@id\":\"https:\/\/noticiasemdestaque.com\/cd\/#organization\"},\"potentialAction\":[{\"@type\":\"SearchAction\",\"target\":{\"@type\":\"EntryPoint\",\"urlTemplate\":\"https:\/\/noticiasemdestaque.com\/cd\/?s={search_term_string}\"},\"query-input\":{\"@type\":\"PropertyValueSpecification\",\"valueRequired\":true,\"valueName\":\"search_term_string\"}}],\"inLanguage\":\"pt-BR\"},{\"@type\":\"Organization\",\"@id\":\"https:\/\/noticiasemdestaque.com\/cd\/#organization\",\"name\":\"Not\u00edcias em Destaque\",\"url\":\"https:\/\/noticiasemdestaque.com\/cd\/\",\"logo\":{\"@type\":\"ImageObject\",\"inLanguage\":\"pt-BR\",\"@id\":\"https:\/\/noticiasemdestaque.com\/cd\/#\/schema\/logo\/image\/\",\"url\":\"https:\/\/noticiasemdestaque.com\/cd\/wp-content\/uploads\/2022\/05\/imagem-base-noticiasemdestaque.png\",\"contentUrl\":\"https:\/\/noticiasemdestaque.com\/cd\/wp-content\/uploads\/2022\/05\/imagem-base-noticiasemdestaque.png\",\"width\":1200,\"height\":630,\"caption\":\"Not\u00edcias em Destaque\"},\"image\":{\"@id\":\"https:\/\/noticiasemdestaque.com\/cd\/#\/schema\/logo\/image\/\"}},{\"@type\":\"Person\",\"@id\":\"https:\/\/noticiasemdestaque.com\/cd\/#\/schema\/person\/4a81fb71f77579d059c3045891fa1786\",\"name\":\"Not\u00edcias em Destaque\",\"url\":\"https:\/\/noticiasemdestaque.com\/cd\/?author=2\"}]}<\/script>\n<!-- \/ Yoast SEO plugin. -->","yoast_head_json":{"title":"Mobilidade Urbana: Prefeitura de Prata inicia obras de pavimenta\u00e7\u00e3o asf\u00e1ltica em quatro ruas - Not&iacute;cias em Destaque","robots":{"index":"index","follow":"follow","max-snippet":"max-snippet:-1","max-image-preview":"max-image-preview:large","max-video-preview":"max-video-preview:-1"},"canonical":"https:\/\/noticiasemdestaque.com\/cd\/?p=43472","og_locale":"pt_BR","og_type":"article","og_title":"Mobilidade Urbana: Prefeitura de Prata inicia obras de pavimenta\u00e7\u00e3o asf\u00e1ltica em quatro ruas - Not&iacute;cias em Destaque","og_description":"A Prefeitura Municipal da Prata iniciou a pavimenta\u00e7\u00e3o asf\u00e1ltica nesta ter\u00e7a-feira (18), ser\u00e3o contempladas quatro ruas: 7 de janeiro, Jos\u00e9 Borba Filho, Manoel Gon\u00e7alves Prata e Souto Maior. O prefeito Genivaldo agradece a emenda do Deputado Federal Wellington Roberto pelo in\u00edcio desta importante obra que vai engrandecer acidade, embelezar as principais vias de Prata e consequentemente trazer uma valoriza\u00e7\u00e3o imobili\u00e1ria para os im\u00f3veis que ficam \u00e0s margens desta pavimenta\u00e7\u00e3o,\u201d disse. Not\u00edcias em Destaque Com Portal Cariri Paraibano","og_url":"https:\/\/noticiasemdestaque.com\/cd\/?p=43472","og_site_name":"Not&iacute;cias em Destaque","article_published_time":"2022-10-19T12:16:58+00:00","og_image":[{"width":1280,"height":720,"url":"https:\/\/noticiasemdestaque.com\/cd\/wp-content\/uploads\/2022\/10\/WhatsApp-Image-2022-10-19-at-09.02.42.jpeg","type":"image\/jpeg"}],"author":"Not\u00edcias em Destaque","twitter_card":"summary_large_image","twitter_misc":{"Escrito por":"Not\u00edcias em Destaque","Est. tempo de leitura":"1 minuto"},"schema":{"@context":"https:\/\/schema.org","@graph":[{"@type":"Article","@id":"https:\/\/noticiasemdestaque.com\/cd\/?p=43472#article","isPartOf":{"@id":"https:\/\/noticiasemdestaque.com\/cd\/?p=43472"},"author":{"name":"Not\u00edcias em Destaque","@id":"https:\/\/noticiasemdestaque.com\/cd\/#\/schema\/person\/4a81fb71f77579d059c3045891fa1786"},"headline":"Mobilidade Urbana: Prefeitura de Prata inicia obras de pavimenta\u00e7\u00e3o asf\u00e1ltica em quatro ruas","datePublished":"2022-10-19T12:16:58+00:00","mainEntityOfPage":{"@id":"https:\/\/noticiasemdestaque.com\/cd\/?p=43472"},"wordCount":101,"publisher":{"@id":"https:\/\/noticiasemdestaque.com\/cd\/#organization"},"image":{"@id":"https:\/\/noticiasemdestaque.com\/cd\/?p=43472#primaryimage"},"thumbnailUrl":"https:\/\/noticiasemdestaque.com\/cd\/wp-content\/uploads\/2022\/10\/WhatsApp-Image-2022-10-19-at-09.02.42.jpeg","articleSection":["Cidades"],"inLanguage":"pt-BR"},{"@type":"WebPage","@id":"https:\/\/noticiasemdestaque.com\/cd\/?p=43472","url":"https:\/\/noticiasemdestaque.com\/cd\/?p=43472","name":"Mobilidade Urbana: Prefeitura de Prata inicia obras de pavimenta\u00e7\u00e3o asf\u00e1ltica em quatro ruas - Not&iacute;cias em Destaque","isPartOf":{"@id":"https:\/\/noticiasemdestaque.com\/cd\/#website"},"primaryImageOfPage":{"@id":"https:\/\/noticiasemdestaque.com\/cd\/?p=43472#primaryimage"},"image":{"@id":"https:\/\/noticiasemdestaque.com\/cd\/?p=43472#primaryimage"},"thumbnailUrl":"https:\/\/noticiasemdestaque.com\/cd\/wp-content\/uploads\/2022\/10\/WhatsApp-Image-2022-10-19-at-09.02.42.jpeg","datePublished":"2022-10-19T12:16:58+00:00","breadcrumb":{"@id":"https:\/\/noticiasemdestaque.com\/cd\/?p=43472#breadcrumb"},"inLanguage":"pt-BR","potentialAction":[{"@type":"ReadAction","target":["https:\/\/noticiasemdestaque.com\/cd\/?p=43472"]}]},{"@type":"ImageObject","inLanguage":"pt-BR","@id":"https:\/\/noticiasemdestaque.com\/cd\/?p=43472#primaryimage","url":"https:\/\/noticiasemdestaque.com\/cd\/wp-content\/uploads\/2022\/10\/WhatsApp-Image-2022-10-19-at-09.02.42.jpeg","contentUrl":"https:\/\/noticiasemdestaque.com\/cd\/wp-content\/uploads\/2022\/10\/WhatsApp-Image-2022-10-19-at-09.02.42.jpeg","width":1280,"height":720},{"@type":"BreadcrumbList","@id":"https:\/\/noticiasemdestaque.com\/cd\/?p=43472#breadcrumb","itemListElement":[{"@type":"ListItem","position":1,"name":"In\u00edcio","item":"https:\/\/noticiasemdestaque.com\/cd\/"},{"@type":"ListItem","position":2,"name":"Mobilidade Urbana: Prefeitura de Prata inicia obras de pavimenta\u00e7\u00e3o asf\u00e1ltica em quatro ruas"}]},{"@type":"WebSite","@id":"https:\/\/noticiasemdestaque.com\/cd\/#website","url":"https:\/\/noticiasemdestaque.com\/cd\/","name":"Not&iacute;cias em Destaque","description":"","publisher":{"@id":"https:\/\/noticiasemdestaque.com\/cd\/#organization"},"potentialAction":[{"@type":"SearchAction","target":{"@type":"EntryPoint","urlTemplate":"https:\/\/noticiasemdestaque.com\/cd\/?s={search_term_string}"},"query-input":{"@type":"PropertyValueSpecification","valueRequired":true,"valueName":"search_term_string"}}],"inLanguage":"pt-BR"},{"@type":"Organization","@id":"https:\/\/noticiasemdestaque.com\/cd\/#organization","name":"Not\u00edcias em Destaque","url":"https:\/\/noticiasemdestaque.com\/cd\/","logo":{"@type":"ImageObject","inLanguage":"pt-BR","@id":"https:\/\/noticiasemdestaque.com\/cd\/#\/schema\/logo\/image\/","url":"https:\/\/noticiasemdestaque.com\/cd\/wp-content\/uploads\/2022\/05\/imagem-base-noticiasemdestaque.png","contentUrl":"https:\/\/noticiasemdestaque.com\/cd\/wp-content\/uploads\/2022\/05\/imagem-base-noticiasemdestaque.png","width":1200,"height":630,"caption":"Not\u00edcias em Destaque"},"image":{"@id":"https:\/\/noticiasemdestaque.com\/cd\/#\/schema\/logo\/image\/"}},{"@type":"Person","@id":"https:\/\/noticiasemdestaque.com\/cd\/#\/schema\/person\/4a81fb71f77579d059c3045891fa1786","name":"Not\u00edcias em Destaque","url":"https:\/\/noticiasemdestaque.com\/cd\/?author=2"}]}},"jetpack_featured_media_url":"https:\/\/noticiasemdestaque.com\/cd\/wp-content\/uploads\/2022\/10\/WhatsApp-Image-2022-10-19-at-09.02.42.jpeg","jetpack_sharing_enabled":true,"_links":{"self":[{"href":"https:\/\/noticiasemdestaque.com\/cd\/index.php?rest_route=\/wp\/v2\/posts\/43472","targetHints":{"allow":["GET"]}}],"collection":[{"href":"https:\/\/noticiasemdestaque.com\/cd\/index.php?rest_route=\/wp\/v2\/posts"}],"about":[{"href":"https:\/\/noticiasemdestaque.com\/cd\/index.php?rest_route=\/wp\/v2\/types\/post"}],"author":[{"embeddable":true,"href":"https:\/\/noticiasemdestaque.com\/cd\/index.php?rest_route=\/wp\/v2\/users\/2"}],"replies":[{"embeddable":true,"href":"https:\/\/noticiasemdestaque.com\/cd\/index.php?rest_route=%2Fwp%2Fv2%2Fcomments&post=43472"}],"version-history":[{"count":1,"href":"https:\/\/noticiasemdestaque.com\/cd\/index.php?rest_route=\/wp\/v2\/posts\/43472\/revisions"}],"predecessor-version":[{"id":43474,"href":"https:\/\/noticiasemdestaque.com\/cd\/index.php?rest_route=\/wp\/v2\/posts\/43472\/revisions\/43474"}],"wp:featuredmedia":[{"embeddable":true,"href":"https:\/\/noticiasemdestaque.com\/cd\/index.php?rest_route=\/wp\/v2\/media\/43473"}],"wp:attachment":[{"href":"https:\/\/noticiasemdestaque.com\/cd\/index.php?rest_route=%2Fwp%2Fv2%2Fmedia&parent=43472"}],"wp:term":[{"taxonomy":"category","embeddable":true,"href":"https:\/\/noticiasemdestaque.com\/cd\/index.php?rest_route=%2Fwp%2Fv2%2Fcategories&post=43472"},{"taxonomy":"post_tag","embeddable":true,"href":"https:\/\/noticiasemdestaque.com\/cd\/index.php?rest_route=%2Fwp%2Fv2%2Ftags&post=43472"}],"curies":[{"name":"wp","href":"https:\/\/api.w.org\/{rel}","templated":true}]}}