{"id":43469,"date":"2022-10-19T09:00:43","date_gmt":"2022-10-19T12:00:43","guid":{"rendered":"https:\/\/noticiasemdestaque.com\/cd\/?p=43469"},"modified":"2022-10-19T09:30:24","modified_gmt":"2022-10-19T12:30:24","slug":"flamengo-e-corinthians-buscam-titulo-da-copa-do-brasil-no-maracana","status":"publish","type":"post","link":"https:\/\/noticiasemdestaque.com\/cd\/?p=43469","title":{"rendered":"Flamengo e Corinthians buscam t\u00edtulo da Copa do Brasil no Maracan\u00e3"},"content":{"rendered":"<p><a href=\"https:\/\/noticiasemdestaque.com\/cd\/wp-content\/uploads\/2022\/10\/52423892841_c03a6db15c_o.jpg\"><img fetchpriority=\"high\" decoding=\"async\" class=\" wp-image-43470\" src=\"https:\/\/noticiasemdestaque.com\/cd\/wp-content\/uploads\/2022\/10\/52423892841_c03a6db15c_o-300x179.jpg\" alt=\"\" width=\"858\" height=\"512\" srcset=\"https:\/\/noticiasemdestaque.com\/cd\/wp-content\/uploads\/2022\/10\/52423892841_c03a6db15c_o-300x179.jpg 300w, https:\/\/noticiasemdestaque.com\/cd\/wp-content\/uploads\/2022\/10\/52423892841_c03a6db15c_o-768x459.jpg 768w, https:\/\/noticiasemdestaque.com\/cd\/wp-content\/uploads\/2022\/10\/52423892841_c03a6db15c_o-18x12.jpg 18w, https:\/\/noticiasemdestaque.com\/cd\/wp-content\/uploads\/2022\/10\/52423892841_c03a6db15c_o.jpg 1170w\" sizes=\"(max-width: 858px) 100vw, 858px\" \/><\/a><\/p>\n<p>Flamengo e Corinthians t\u00eam um encontro marcado no est\u00e1dio do Maracan\u00e3, no Rio de Janeiro. A partir das 21h45 (hor\u00e1rio de Bras\u00edlia) desta quarta-feira (19) as equipes disputam o segundo jogo da decis\u00e3o da Copa do Brasil. Ap\u00f3s um empate sem gols no confronto de ida, na \u00faltima semana em Itaquera, o trof\u00e9u fica com aquele que vencer, no tempo regulamentar ou na disputa de p\u00eanaltis (em caso de empate nos 90 minutos).<\/p>\n<div class=\"mc-column content-text active-extra-styles\" data-block-type=\"raw\" data-block-weight=\"5\" data-block-id=\"10\">\n<div class=\"content-intertitle\">\n<h2>Transmiss\u00e3o: Globo, Sportv e Premiere<\/h2>\n<\/div>\n<\/div>\n<div class=\"mc-column content-text active-extra-styles \" data-block-type=\"unstyled\" data-block-weight=\"9\" data-block-id=\"11\">\n<p class=\"content-text__container \" data-track-category=\"Link no Texto\" data-track-links=\"\"><strong>Narra\u00e7\u00e3o<\/strong>: Luis Roberto (Globo) e Luiz Carlos Jr. (Sportv)<\/p>\n<\/div>\n<div class=\"mc-column content-text active-extra-styles \" data-block-type=\"unstyled\" data-block-weight=\"13\" data-block-id=\"12\">\n<p class=\"content-text__container \" data-track-category=\"Link no Texto\" data-track-links=\"\"><strong>Coment\u00e1rios<\/strong>: Caio Ribeiro e J\u00fanior (Globo) e Ledio Carmona e Ricardinho (Sportv)<\/p>\n<\/div>\n<div class=\"twitter-tweet twitter-tweet-rendered\"><iframe id=\"twitter-widget-0\" class=\"\" title=\"Twitter Tweet\" src=\"https:\/\/platform.twitter.com\/embed\/Tweet.html?creatorScreenName=agenciabrasil&amp;dnt=false&amp;embedId=twitter-widget-0&amp;features=eyJ0ZndfdGltZWxpbmVfbGlzdCI6eyJidWNrZXQiOlsibGlua3RyLmVlIiwidHIuZWUiLCJ0ZXJyYS5jb20uYnIiLCJ3d3cubGlua3RyLmVlIiwid3d3LnRyLmVlIiwid3d3LnRlcnJhLmNvbS5iciJdLCJ2ZXJzaW9uIjpudWxsfSwidGZ3X2hvcml6b25fdGltZWxpbmVfMTIwMzQiOnsiYnVja2V0IjoidHJlYXRtZW50IiwidmVyc2lvbiI6bnVsbH0sInRmd190d2VldF9lZGl0X2JhY2tlbmQiOnsiYnVja2V0Ijoib24iLCJ2ZXJzaW9uIjpudWxsfSwidGZ3X3JlZnNyY19zZXNzaW9uIjp7ImJ1Y2tldCI6Im9uIiwidmVyc2lvbiI6bnVsbH0sInRmd19jaGluX3BpbGxzXzE0NzQxIjp7ImJ1Y2tldCI6ImNvbG9yX2ljb25zIiwidmVyc2lvbiI6bnVsbH0sInRmd190d2VldF9yZXN1bHRfbWlncmF0aW9uXzEzOTc5Ijp7ImJ1Y2tldCI6InR3ZWV0X3Jlc3VsdCIsInZlcnNpb24iOm51bGx9LCJ0Zndfc2Vuc2l0aXZlX21lZGlhX2ludGVyc3RpdGlhbF8xMzk2MyI6eyJidWNrZXQiOiJpbnRlcnN0aXRpYWwiLCJ2ZXJzaW9uIjpudWxsfSwidGZ3X2V4cGVyaW1lbnRzX2Nvb2tpZV9leHBpcmF0aW9uIjp7ImJ1Y2tldCI6MTIwOTYwMCwidmVyc2lvbiI6bnVsbH0sInRmd19kdXBsaWNhdGVfc2NyaWJlc190b19zZXR0aW5ncyI6eyJidWNrZXQiOiJvbiIsInZlcnNpb24iOm51bGx9LCJ0ZndfdmlkZW9faGxzX2R5bmFtaWNfbWFuaWZlc3RzXzE1MDgyIjp7ImJ1Y2tldCI6InRydWVfYml0cmF0ZSIsInZlcnNpb24iOm51bGx9LCJ0ZndfdHdlZXRfZWRpdF9mcm9udGVuZCI6eyJidWNrZXQiOiJvbiIsInZlcnNpb24iOm51bGx9fQ%3D%3D&amp;frame=false&amp;hideCard=false&amp;hideThread=false&amp;id=1581986109348671488&amp;lang=pt&amp;origin=https%3A%2F%2Fagenciabrasil.ebc.com.br%2Fesportes%2Fnoticia%2F2022-10%2Fflamengo-e-corinthians-buscam-titulo-da-copa-do-brasil-no-maracana&amp;sessionId=3f70164d010a8b37b0765201e044d055b4008ed3&amp;siteScreenName=agenciabrasil&amp;theme=light&amp;widgetsVersion=1c23387b1f70c%3A1664388199485&amp;width=550px\" frameborder=\"0\" scrolling=\"no\" allowfullscreen=\"allowfullscreen\" data-mce-fragment=\"1\"><\/iframe><\/div>\n<blockquote class=\"twitter-tweet\" data-twitter-extracted-i1666180686681971146=\"true\">\n<p dir=\"ltr\" lang=\"pt\" xml:lang=\"pt\">Depois de 7\ufe0f\u20e3 meses, 1\ufe0f\u20e32\ufe0f\u20e31\ufe0f\u20e3 partidas, muitas emo\u00e7\u00f5es e momentos \u00c9PICOS, chegou ela&#8230;<\/p>\n<p>\u00c9 A SEMANA DO SEGUNDO JOGO DA\u00a0<a href=\"https:\/\/twitter.com\/hashtag\/FinalCopaDoBrasil?src=hash&amp;ref_src=twsrc%5Etfw\">#FinalCopaDoBrasil<\/a>! \ud83d\udd25\ud83e\udd2f<\/p>\n<p>QUEM SER\u00c1 O GRANDE CAMPE\u00c3O?\u00a0<a href=\"https:\/\/twitter.com\/Corinthians?ref_src=twsrc%5Etfw\">@Corinthians<\/a>\u00a0ou\u00a0<a href=\"https:\/\/twitter.com\/Flamengo?ref_src=twsrc%5Etfw\">@Flamengo<\/a>?<\/p>\n<p>\ud83d\udcf8: Staff Images\u00a0<a href=\"https:\/\/t.co\/prwNv6cXAZ\">pic.twitter.com\/prwNv6cXAZ<\/a><\/p>\n<p>\u2014 Copa Intelbras do Brasil (@CopadoBrasil)\u00a0<a href=\"https:\/\/twitter.com\/CopadoBrasil\/status\/1581986109348671488?ref_src=twsrc%5Etfw\">October 17, 2022<\/a><\/p><\/blockquote>\n<p>O Rubro-Negro chega ao confronto com um retrospecto positivo. Nos \u00faltimos dez confrontos com o Tim\u00e3o, a equipe da G\u00e1vea soma sete vit\u00f3rias, dois empates e apenas um rev\u00e9s. Al\u00e9m disso, o Corinthians n\u00e3o vence o Flamengo no Maracan\u00e3 desde o ano de 2015.<\/p>\n<p>Por\u00e9m, mesmo com n\u00fameros t\u00e3o positivos, o t\u00e9cnico Dorival J\u00fanior afirmou, em entrevista coletiva ap\u00f3s o primeiro jogo da final, que n\u00e3o se deve apontar um favorito em uma final como essa: \u201cFoi um jogo [o primeiro da final] bem jogado, as duas equipes procuraram o gol. S\u00e3o duas grandes equipes, n\u00e3o h\u00e1 favorito. Temos que jogar com muito cuidado e jogar mais se quisermos a busca pelo resultado\u201d.<\/p>\n<p>A esperan\u00e7a da torcida rubro-negra est\u00e1 concentrada nos homens de frente da equipe. Pedro, que assumiu o papel de centroavante do Flamengo, vem se destacando muito, enquanto Gabriel Barbosa deixou de jogar centralizado para cair mais pelas pontas.<\/p>\n<p>Sem poder contar com o volante Jo\u00e3o Gomes, suspenso ap\u00f3s receber o terceiro cart\u00e3o amarelo, Dorival J\u00fanior deve mandar a campo: Santos; Rodinei, David Luiz, L\u00e9o Pereira e Filipe Lu\u00eds; Thiago Maia, Vidal, \u00c9verton Ribeiro e Arrascaeta; Pedro e Gabriel Barbosa.<\/p>\n<p><img decoding=\"async\" class=\"\" src=\"https:\/\/s2.glbimg.com\/-uR28iNORkdRTe_f95Q1Htmy6XE=\/0x0:600x900\/984x0\/smart\/filters:strip_icc()\/i.s3.glbimg.com\/v1\/AUTH_bc8228b6673f488aa253bbcb03c80ec5\/internal_photos\/bs\/2022\/8\/h\/7OYrJQQI2fBAAJEJvMfQ\/flamengo-40-.png\" alt=\"A prov\u00e1vel escala\u00e7\u00e3o do Flamengo para a final da Copa do Brasil \u2014 Foto: ge\" width=\"451\" height=\"677\" \/><\/p>\n<p>J\u00e1 o Corinthians confia demais na dupla R\u00f3ger Guedes e Yuri Alberto, que, junto com Renato Augusto, t\u00eam sido decisivos para o time de Parque S\u00e3o Jorge. Mas, logo ap\u00f3s o 0 a 0 da partida de ida, o t\u00e9cnico portugu\u00eas deixou claro que, para alcan\u00e7ar o triunfo final, competitividade \u00e9 fundamental: \u201cVamos ter que ser competitivos no Maracan\u00e3 e ganhar a Copa l\u00e1. Eles v\u00e3o jogar o jogo deles e n\u00f3s o nosso\u201d.<\/p>\n<p>Para tentar cumprir esta miss\u00e3o, o Corinthians deposita suas esperan\u00e7as em: C\u00e1ssio; F\u00e1gner, Gil, Balbuena e F\u00e1bio Santos; Du Queiroz, Fausto Vera e Renato Augusto; Adson, R\u00f3ger Guedes e Yuri Alberto.<\/p>\n<p><img decoding=\"async\" class=\"\" src=\"https:\/\/s2.glbimg.com\/T87anFEmqwDftMh1RXQj0dBGM5o=\/0x0:600x900\/984x0\/smart\/filters:strip_icc()\/i.s3.glbimg.com\/v1\/AUTH_bc8228b6673f488aa253bbcb03c80ec5\/internal_photos\/bs\/2022\/Z\/2\/b6eAvYTJyOstk9qnw2EA\/corinthians-74-.png\" alt=\"Time do Corinthians para a final contra o Flamengo, no Maracan\u00e3 \u2014 Foto: Ge.globo\" width=\"455\" height=\"683\" \/><\/p>\n<div class=\"twitter-tweet twitter-tweet-rendered\"><iframe id=\"twitter-widget-1\" class=\"\" title=\"Twitter Tweet\" src=\"https:\/\/platform.twitter.com\/embed\/Tweet.html?creatorScreenName=agenciabrasil&amp;dnt=false&amp;embedId=twitter-widget-1&amp;features=eyJ0ZndfdGltZWxpbmVfbGlzdCI6eyJidWNrZXQiOlsibGlua3RyLmVlIiwidHIuZWUiLCJ0ZXJyYS5jb20uYnIiLCJ3d3cubGlua3RyLmVlIiwid3d3LnRyLmVlIiwid3d3LnRlcnJhLmNvbS5iciJdLCJ2ZXJzaW9uIjpudWxsfSwidGZ3X2hvcml6b25fdGltZWxpbmVfMTIwMzQiOnsiYnVja2V0IjoidHJlYXRtZW50IiwidmVyc2lvbiI6bnVsbH0sInRmd190d2VldF9lZGl0X2JhY2tlbmQiOnsiYnVja2V0Ijoib24iLCJ2ZXJzaW9uIjpudWxsfSwidGZ3X3JlZnNyY19zZXNzaW9uIjp7ImJ1Y2tldCI6Im9uIiwidmVyc2lvbiI6bnVsbH0sInRmd19jaGluX3BpbGxzXzE0NzQxIjp7ImJ1Y2tldCI6ImNvbG9yX2ljb25zIiwidmVyc2lvbiI6bnVsbH0sInRmd190d2VldF9yZXN1bHRfbWlncmF0aW9uXzEzOTc5Ijp7ImJ1Y2tldCI6InR3ZWV0X3Jlc3VsdCIsInZlcnNpb24iOm51bGx9LCJ0Zndfc2Vuc2l0aXZlX21lZGlhX2ludGVyc3RpdGlhbF8xMzk2MyI6eyJidWNrZXQiOiJpbnRlcnN0aXRpYWwiLCJ2ZXJzaW9uIjpudWxsfSwidGZ3X2V4cGVyaW1lbnRzX2Nvb2tpZV9leHBpcmF0aW9uIjp7ImJ1Y2tldCI6MTIwOTYwMCwidmVyc2lvbiI6bnVsbH0sInRmd19kdXBsaWNhdGVfc2NyaWJlc190b19zZXR0aW5ncyI6eyJidWNrZXQiOiJvbiIsInZlcnNpb24iOm51bGx9LCJ0ZndfdmlkZW9faGxzX2R5bmFtaWNfbWFuaWZlc3RzXzE1MDgyIjp7ImJ1Y2tldCI6InRydWVfYml0cmF0ZSIsInZlcnNpb24iOm51bGx9LCJ0ZndfdHdlZXRfZWRpdF9mcm9udGVuZCI6eyJidWNrZXQiOiJvbiIsInZlcnNpb24iOm51bGx9fQ%3D%3D&amp;frame=false&amp;hideCard=false&amp;hideThread=false&amp;id=1582084517384245249&amp;lang=pt&amp;origin=https%3A%2F%2Fagenciabrasil.ebc.com.br%2Fesportes%2Fnoticia%2F2022-10%2Fflamengo-e-corinthians-buscam-titulo-da-copa-do-brasil-no-maracana&amp;sessionId=3f70164d010a8b37b0765201e044d055b4008ed3&amp;siteScreenName=agenciabrasil&amp;theme=light&amp;widgetsVersion=1c23387b1f70c%3A1664388199485&amp;width=550px\" frameborder=\"0\" scrolling=\"no\" allowfullscreen=\"allowfullscreen\" data-mce-fragment=\"1\"><\/iframe><\/div>\n<blockquote class=\"twitter-tweet\" data-twitter-extracted-i1666180686681971146=\"true\">\n<p dir=\"ltr\" lang=\"pt\" xml:lang=\"pt\">O encontro de milh\u00f5es: dois dos maiores patrim\u00f4nios da humanidade juntinhos! \ud83d\ude0d\ud83e\udd79\ud83c\udfc6<\/p>\n<p>Olha onde a ta\u00e7a desembarcou hoje! T\u00e1 chegando a\u00a0<a href=\"https:\/\/twitter.com\/hashtag\/FinalCopaDoBrasil?src=hash&amp;ref_src=twsrc%5Etfw\">#FinalCopaDoBrasil<\/a>\u2026<a href=\"https:\/\/twitter.com\/hashtag\/Santu%C3%A1rioCristoRedentor?src=hash&amp;ref_src=twsrc%5Etfw\">#Santu\u00e1rioCristoRedentor<\/a>\u00a0<a href=\"https:\/\/twitter.com\/hashtag\/CristoRedentorOficial?src=hash&amp;ref_src=twsrc%5Etfw\">#CristoRedentorOficial<\/a>\u00a0<a href=\"https:\/\/t.co\/XERafdv86b\">pic.twitter.com\/XERafdv86b<\/a><\/p>\n<p>\u2014 Copa Intelbras do Brasil (@CopadoBrasil)\u00a0<a href=\"https:\/\/twitter.com\/CopadoBrasil\/status\/1582084517384245249?ref_src=twsrc%5Etfw\">October 17, 2022<\/a><\/p><\/blockquote>\n<h2>Em busca do Tetra na Copa do Brasil<\/h2>\n<p>Tanto Flamengo como Corinthians j\u00e1 conquistaram a Copa do Brasil em tr\u00eas oportunidades. O Rubro-Negro levou o trof\u00e9u para casa em 1990 (em decis\u00e3o com o Goi\u00e1s), em 2006 (diante do Vasco) e em 2013 (batendo o Athletico-PR). J\u00e1 o Tim\u00e3o foi o campe\u00e3o em 1995 (sobre o Gr\u00eamio), em 2002 (contra o Brasiliense) e em 2009 (vencendo o Internacional).<\/p>\n<div class=\"twitter-tweet twitter-tweet-rendered\"><iframe id=\"twitter-widget-2\" class=\"\" title=\"Twitter Tweet\" src=\"https:\/\/platform.twitter.com\/embed\/Tweet.html?creatorScreenName=agenciabrasil&amp;dnt=false&amp;embedId=twitter-widget-2&amp;features=eyJ0ZndfdGltZWxpbmVfbGlzdCI6eyJidWNrZXQiOlsibGlua3RyLmVlIiwidHIuZWUiLCJ0ZXJyYS5jb20uYnIiLCJ3d3cubGlua3RyLmVlIiwid3d3LnRyLmVlIiwid3d3LnRlcnJhLmNvbS5iciJdLCJ2ZXJzaW9uIjpudWxsfSwidGZ3X2hvcml6b25fdGltZWxpbmVfMTIwMzQiOnsiYnVja2V0IjoidHJlYXRtZW50IiwidmVyc2lvbiI6bnVsbH0sInRmd190d2VldF9lZGl0X2JhY2tlbmQiOnsiYnVja2V0Ijoib24iLCJ2ZXJzaW9uIjpudWxsfSwidGZ3X3JlZnNyY19zZXNzaW9uIjp7ImJ1Y2tldCI6Im9uIiwidmVyc2lvbiI6bnVsbH0sInRmd19jaGluX3BpbGxzXzE0NzQxIjp7ImJ1Y2tldCI6ImNvbG9yX2ljb25zIiwidmVyc2lvbiI6bnVsbH0sInRmd190d2VldF9yZXN1bHRfbWlncmF0aW9uXzEzOTc5Ijp7ImJ1Y2tldCI6InR3ZWV0X3Jlc3VsdCIsInZlcnNpb24iOm51bGx9LCJ0Zndfc2Vuc2l0aXZlX21lZGlhX2ludGVyc3RpdGlhbF8xMzk2MyI6eyJidWNrZXQiOiJpbnRlcnN0aXRpYWwiLCJ2ZXJzaW9uIjpudWxsfSwidGZ3X2V4cGVyaW1lbnRzX2Nvb2tpZV9leHBpcmF0aW9uIjp7ImJ1Y2tldCI6MTIwOTYwMCwidmVyc2lvbiI6bnVsbH0sInRmd19kdXBsaWNhdGVfc2NyaWJlc190b19zZXR0aW5ncyI6eyJidWNrZXQiOiJvbiIsInZlcnNpb24iOm51bGx9LCJ0ZndfdmlkZW9faGxzX2R5bmFtaWNfbWFuaWZlc3RzXzE1MDgyIjp7ImJ1Y2tldCI6InRydWVfYml0cmF0ZSIsInZlcnNpb24iOm51bGx9LCJ0ZndfdHdlZXRfZWRpdF9mcm9udGVuZCI6eyJidWNrZXQiOiJvbiIsInZlcnNpb24iOm51bGx9fQ%3D%3D&amp;frame=false&amp;hideCard=false&amp;hideThread=false&amp;id=1581661854086352896&amp;lang=pt&amp;origin=https%3A%2F%2Fagenciabrasil.ebc.com.br%2Fesportes%2Fnoticia%2F2022-10%2Fflamengo-e-corinthians-buscam-titulo-da-copa-do-brasil-no-maracana&amp;sessionId=3f70164d010a8b37b0765201e044d055b4008ed3&amp;siteScreenName=agenciabrasil&amp;theme=light&amp;widgetsVersion=1c23387b1f70c%3A1664388199485&amp;width=550px\" frameborder=\"0\" scrolling=\"no\" allowfullscreen=\"allowfullscreen\" data-mce-fragment=\"1\"><\/iframe><\/div>\n<blockquote class=\"twitter-tweet\" data-twitter-extracted-i1666180686681971146=\"true\">\n<p dir=\"ltr\" lang=\"pt\" xml:lang=\"pt\">S\u00f3 falta mais um jogo para decidir quem ser\u00e1 o campe\u00e3o desta minha edi\u00e7\u00e3o&#8230; \ud83d\udc40<\/p>\n<p>E a\u00ed, o tetra vai para o\u00a0<a href=\"https:\/\/twitter.com\/Corinthians?ref_src=twsrc%5Etfw\">@Corinthians<\/a>\u00a0ou\u00a0<a href=\"https:\/\/twitter.com\/Flamengo?ref_src=twsrc%5Etfw\">@Flamengo<\/a>? 4\ufe0f\u20e3\ud83c\udfc6<a href=\"https:\/\/twitter.com\/hashtag\/FinalCopaDoBrasil?src=hash&amp;ref_src=twsrc%5Etfw\">#FinalCopaDoBrasil<\/a>\u00a0<a href=\"https:\/\/t.co\/kijFUuxjdG\">pic.twitter.com\/kijFUuxjdG<\/a><\/p>\n<p>\u2014 Copa Intelbras do Brasil (@CopadoBrasil)\u00a0<a href=\"https:\/\/twitter.com\/CopadoBrasil\/status\/1581661854086352896?ref_src=twsrc%5Etfw\">October 16, 2022<\/a><\/p><\/blockquote>\n<blockquote data-twitter-extracted-i1666180686681971146=\"true\"><p><strong>Noticias em Destaque<\/strong><\/p><\/blockquote>\n<blockquote data-twitter-extracted-i1666180686681971146=\"true\"><p><em>Fonte: Agencia Brasil<\/em><\/p><\/blockquote>\n","protected":false},"excerpt":{"rendered":"<p>Flamengo e Corinthians t\u00eam um encontro marcado no est\u00e1dio do Maracan\u00e3, no Rio de Janeiro. A partir das 21h45 (hor\u00e1rio de Bras\u00edlia) desta quarta-feira (19) as equipes disputam o segundo jogo da decis\u00e3o da Copa do Brasil. Ap\u00f3s um empate sem gols no confronto de ida, na \u00faltima semana em Itaquera, o trof\u00e9u fica com aquele que vencer, no tempo regulamentar ou na disputa de p\u00eanaltis (em caso de empate nos 90 minutos). Transmiss\u00e3o: Globo, Sportv e Premiere Narra\u00e7\u00e3o: Luis Roberto (Globo) e Luiz Carlos Jr. (Sportv) Coment\u00e1rios: Caio Ribeiro e J\u00fanior (Globo) e Ledio Carmona e Ricardinho (Sportv) Depois de 7\ufe0f\u20e3 meses, 1\ufe0f\u20e32\ufe0f\u20e31\ufe0f\u20e3 partidas, muitas emo\u00e7\u00f5es e momentos \u00c9PICOS, chegou ela&#8230; \u00c9 A SEMANA DO SEGUNDO JOGO DA\u00a0#FinalCopaDoBrasil! \ud83d\udd25\ud83e\udd2f QUEM SER\u00c1 O GRANDE CAMPE\u00c3O?\u00a0@Corinthians\u00a0ou\u00a0@Flamengo? \ud83d\udcf8: Staff Images\u00a0pic.twitter.com\/prwNv6cXAZ \u2014 Copa Intelbras do Brasil (@CopadoBrasil)\u00a0October 17, 2022 O Rubro-Negro chega ao confronto com um retrospecto positivo. Nos \u00faltimos dez confrontos com o Tim\u00e3o, a equipe da G\u00e1vea soma sete vit\u00f3rias, dois empates e apenas um rev\u00e9s. Al\u00e9m disso, o Corinthians n\u00e3o vence o Flamengo no Maracan\u00e3 desde o ano de 2015. Por\u00e9m, mesmo com n\u00fameros t\u00e3o positivos, o t\u00e9cnico Dorival J\u00fanior afirmou, em entrevista coletiva ap\u00f3s o primeiro jogo da final, que n\u00e3o se deve apontar um favorito em uma final como essa: \u201cFoi um jogo [o primeiro da final] bem jogado, as duas equipes procuraram o gol. S\u00e3o duas grandes equipes, n\u00e3o h\u00e1 favorito. Temos que jogar com muito cuidado e jogar mais se quisermos a busca pelo resultado\u201d. A esperan\u00e7a da torcida rubro-negra est\u00e1 concentrada nos homens de frente da equipe. Pedro, que assumiu o papel de centroavante do Flamengo, vem se destacando muito, enquanto Gabriel Barbosa deixou de jogar centralizado para cair mais pelas pontas. Sem poder contar com o volante Jo\u00e3o Gomes, suspenso ap\u00f3s receber o terceiro cart\u00e3o amarelo, Dorival J\u00fanior deve mandar a campo: Santos; Rodinei, David Luiz, L\u00e9o Pereira e Filipe Lu\u00eds; Thiago Maia, Vidal, \u00c9verton Ribeiro e Arrascaeta; Pedro e Gabriel Barbosa. J\u00e1 o Corinthians confia demais na dupla R\u00f3ger Guedes e Yuri Alberto, que, junto com Renato Augusto, t\u00eam sido decisivos para o time de Parque S\u00e3o Jorge. Mas, logo ap\u00f3s o 0 a 0 da partida de ida, o t\u00e9cnico portugu\u00eas deixou claro que, para alcan\u00e7ar o triunfo final, competitividade \u00e9 fundamental: \u201cVamos ter que ser competitivos no Maracan\u00e3 e ganhar a Copa l\u00e1. Eles v\u00e3o jogar o jogo deles e n\u00f3s o nosso\u201d. Para tentar cumprir esta miss\u00e3o, o Corinthians deposita suas esperan\u00e7as em: C\u00e1ssio; F\u00e1gner, Gil, Balbuena e F\u00e1bio Santos; Du Queiroz, Fausto Vera e Renato Augusto; Adson, R\u00f3ger Guedes e Yuri Alberto. O encontro de milh\u00f5es: dois dos maiores patrim\u00f4nios da humanidade juntinhos! \ud83d\ude0d\ud83e\udd79\ud83c\udfc6 Olha onde a ta\u00e7a desembarcou hoje! T\u00e1 chegando a\u00a0#FinalCopaDoBrasil\u2026#Santu\u00e1rioCristoRedentor\u00a0#CristoRedentorOficial\u00a0pic.twitter.com\/XERafdv86b \u2014 Copa Intelbras do Brasil (@CopadoBrasil)\u00a0October 17, 2022 Em busca do Tetra na Copa do Brasil Tanto Flamengo como Corinthians j\u00e1 conquistaram a Copa do Brasil em tr\u00eas oportunidades. O Rubro-Negro levou o trof\u00e9u para casa em 1990 (em decis\u00e3o com o Goi\u00e1s), em 2006 (diante do Vasco) e em 2013 (batendo o Athletico-PR). J\u00e1 o Tim\u00e3o foi o campe\u00e3o em 1995 (sobre o Gr\u00eamio), em 2002 (contra o Brasiliense) e em 2009 (vencendo o Internacional). S\u00f3 falta mais um jogo para decidir quem ser\u00e1 o campe\u00e3o desta minha edi\u00e7\u00e3o&#8230; \ud83d\udc40 E a\u00ed, o tetra vai para o\u00a0@Corinthians\u00a0ou\u00a0@Flamengo? 4\ufe0f\u20e3\ud83c\udfc6#FinalCopaDoBrasil\u00a0pic.twitter.com\/kijFUuxjdG \u2014 Copa Intelbras do Brasil (@CopadoBrasil)\u00a0October 16, 2022 Noticias em Destaque Fonte: Agencia Brasil<\/p>\n","protected":false},"author":2,"featured_media":43470,"comment_status":"closed","ping_status":"open","sticky":false,"template":"","format":"standard","meta":{"_eb_attr":"","_jetpack_memberships_contains_paid_content":false,"footnotes":""},"categories":[15],"tags":[],"class_list":["post-43469","post","type-post","status-publish","format-standard","has-post-thumbnail","hentry","category-esporte"],"yoast_head":"<!-- This site is optimized with the Yoast SEO plugin v26.5 - https:\/\/yoast.com\/wordpress\/plugins\/seo\/ -->\n<title>Flamengo e Corinthians buscam t\u00edtulo da Copa do Brasil no Maracan\u00e3 - Not&iacute;cias em Destaque<\/title>\n<meta name=\"robots\" content=\"index, follow, max-snippet:-1, max-image-preview:large, max-video-preview:-1\" \/>\n<link rel=\"canonical\" href=\"https:\/\/noticiasemdestaque.com\/cd\/?p=43469\" \/>\n<meta property=\"og:locale\" content=\"pt_BR\" \/>\n<meta property=\"og:type\" content=\"article\" \/>\n<meta property=\"og:title\" content=\"Flamengo e Corinthians buscam t\u00edtulo da Copa do Brasil no Maracan\u00e3 - Not&iacute;cias em Destaque\" \/>\n<meta property=\"og:description\" content=\"Flamengo e Corinthians t\u00eam um encontro marcado no est\u00e1dio do Maracan\u00e3, no Rio de Janeiro. A partir das 21h45 (hor\u00e1rio de Bras\u00edlia) desta quarta-feira (19) as equipes disputam o segundo jogo da decis\u00e3o da Copa do Brasil. Ap\u00f3s um empate sem gols no confronto de ida, na \u00faltima semana em Itaquera, o trof\u00e9u fica com aquele que vencer, no tempo regulamentar ou na disputa de p\u00eanaltis (em caso de empate nos 90 minutos). Transmiss\u00e3o: Globo, Sportv e Premiere Narra\u00e7\u00e3o: Luis Roberto (Globo) e Luiz Carlos Jr. (Sportv) Coment\u00e1rios: Caio Ribeiro e J\u00fanior (Globo) e Ledio Carmona e Ricardinho (Sportv) Depois de 7\ufe0f\u20e3 meses, 1\ufe0f\u20e32\ufe0f\u20e31\ufe0f\u20e3 partidas, muitas emo\u00e7\u00f5es e momentos \u00c9PICOS, chegou ela&#8230; \u00c9 A SEMANA DO SEGUNDO JOGO DA\u00a0#FinalCopaDoBrasil! \ud83d\udd25\ud83e\udd2f QUEM SER\u00c1 O GRANDE CAMPE\u00c3O?\u00a0@Corinthians\u00a0ou\u00a0@Flamengo? \ud83d\udcf8: Staff Images\u00a0pic.twitter.com\/prwNv6cXAZ \u2014 Copa Intelbras do Brasil (@CopadoBrasil)\u00a0October 17, 2022 O Rubro-Negro chega ao confronto com um retrospecto positivo. Nos \u00faltimos dez confrontos com o Tim\u00e3o, a equipe da G\u00e1vea soma sete vit\u00f3rias, dois empates e apenas um rev\u00e9s. Al\u00e9m disso, o Corinthians n\u00e3o vence o Flamengo no Maracan\u00e3 desde o ano de 2015. Por\u00e9m, mesmo com n\u00fameros t\u00e3o positivos, o t\u00e9cnico Dorival J\u00fanior afirmou, em entrevista coletiva ap\u00f3s o primeiro jogo da final, que n\u00e3o se deve apontar um favorito em uma final como essa: \u201cFoi um jogo [o primeiro da final] bem jogado, as duas equipes procuraram o gol. S\u00e3o duas grandes equipes, n\u00e3o h\u00e1 favorito. Temos que jogar com muito cuidado e jogar mais se quisermos a busca pelo resultado\u201d. A esperan\u00e7a da torcida rubro-negra est\u00e1 concentrada nos homens de frente da equipe. Pedro, que assumiu o papel de centroavante do Flamengo, vem se destacando muito, enquanto Gabriel Barbosa deixou de jogar centralizado para cair mais pelas pontas. Sem poder contar com o volante Jo\u00e3o Gomes, suspenso ap\u00f3s receber o terceiro cart\u00e3o amarelo, Dorival J\u00fanior deve mandar a campo: Santos; Rodinei, David Luiz, L\u00e9o Pereira e Filipe Lu\u00eds; Thiago Maia, Vidal, \u00c9verton Ribeiro e Arrascaeta; Pedro e Gabriel Barbosa. J\u00e1 o Corinthians confia demais na dupla R\u00f3ger Guedes e Yuri Alberto, que, junto com Renato Augusto, t\u00eam sido decisivos para o time de Parque S\u00e3o Jorge. Mas, logo ap\u00f3s o 0 a 0 da partida de ida, o t\u00e9cnico portugu\u00eas deixou claro que, para alcan\u00e7ar o triunfo final, competitividade \u00e9 fundamental: \u201cVamos ter que ser competitivos no Maracan\u00e3 e ganhar a Copa l\u00e1. Eles v\u00e3o jogar o jogo deles e n\u00f3s o nosso\u201d. Para tentar cumprir esta miss\u00e3o, o Corinthians deposita suas esperan\u00e7as em: C\u00e1ssio; F\u00e1gner, Gil, Balbuena e F\u00e1bio Santos; Du Queiroz, Fausto Vera e Renato Augusto; Adson, R\u00f3ger Guedes e Yuri Alberto. O encontro de milh\u00f5es: dois dos maiores patrim\u00f4nios da humanidade juntinhos! \ud83d\ude0d\ud83e\udd79\ud83c\udfc6 Olha onde a ta\u00e7a desembarcou hoje! T\u00e1 chegando a\u00a0#FinalCopaDoBrasil\u2026#Santu\u00e1rioCristoRedentor\u00a0#CristoRedentorOficial\u00a0pic.twitter.com\/XERafdv86b \u2014 Copa Intelbras do Brasil (@CopadoBrasil)\u00a0October 17, 2022 Em busca do Tetra na Copa do Brasil Tanto Flamengo como Corinthians j\u00e1 conquistaram a Copa do Brasil em tr\u00eas oportunidades. O Rubro-Negro levou o trof\u00e9u para casa em 1990 (em decis\u00e3o com o Goi\u00e1s), em 2006 (diante do Vasco) e em 2013 (batendo o Athletico-PR). J\u00e1 o Tim\u00e3o foi o campe\u00e3o em 1995 (sobre o Gr\u00eamio), em 2002 (contra o Brasiliense) e em 2009 (vencendo o Internacional). S\u00f3 falta mais um jogo para decidir quem ser\u00e1 o campe\u00e3o desta minha edi\u00e7\u00e3o&#8230; \ud83d\udc40 E a\u00ed, o tetra vai para o\u00a0@Corinthians\u00a0ou\u00a0@Flamengo? 4\ufe0f\u20e3\ud83c\udfc6#FinalCopaDoBrasil\u00a0pic.twitter.com\/kijFUuxjdG \u2014 Copa Intelbras do Brasil (@CopadoBrasil)\u00a0October 16, 2022 Noticias em Destaque Fonte: Agencia Brasil\" \/>\n<meta property=\"og:url\" content=\"https:\/\/noticiasemdestaque.com\/cd\/?p=43469\" \/>\n<meta property=\"og:site_name\" content=\"Not&iacute;cias em Destaque\" \/>\n<meta property=\"article:published_time\" content=\"2022-10-19T12:00:43+00:00\" \/>\n<meta property=\"article:modified_time\" content=\"2022-10-19T12:30:24+00:00\" \/>\n<meta property=\"og:image\" content=\"https:\/\/noticiasemdestaque.com\/cd\/wp-content\/uploads\/2022\/10\/52423892841_c03a6db15c_o.jpg\" \/>\n\t<meta property=\"og:image:width\" content=\"1170\" \/>\n\t<meta property=\"og:image:height\" content=\"700\" \/>\n\t<meta property=\"og:image:type\" content=\"image\/jpeg\" \/>\n<meta name=\"author\" content=\"Not\u00edcias em Destaque\" \/>\n<meta name=\"twitter:card\" content=\"summary_large_image\" \/>\n<meta name=\"twitter:label1\" content=\"Escrito por\" \/>\n\t<meta name=\"twitter:data1\" content=\"Not\u00edcias em Destaque\" \/>\n\t<meta name=\"twitter:label2\" content=\"Est. tempo de leitura\" \/>\n\t<meta name=\"twitter:data2\" content=\"4 minutos\" \/>\n<script type=\"application\/ld+json\" class=\"yoast-schema-graph\">{\"@context\":\"https:\/\/schema.org\",\"@graph\":[{\"@type\":\"Article\",\"@id\":\"https:\/\/noticiasemdestaque.com\/cd\/?p=43469#article\",\"isPartOf\":{\"@id\":\"https:\/\/noticiasemdestaque.com\/cd\/?p=43469\"},\"author\":{\"name\":\"Not\u00edcias em Destaque\",\"@id\":\"https:\/\/noticiasemdestaque.com\/cd\/#\/schema\/person\/4a81fb71f77579d059c3045891fa1786\"},\"headline\":\"Flamengo e Corinthians buscam t\u00edtulo da Copa do Brasil no Maracan\u00e3\",\"datePublished\":\"2022-10-19T12:00:43+00:00\",\"dateModified\":\"2022-10-19T12:30:24+00:00\",\"mainEntityOfPage\":{\"@id\":\"https:\/\/noticiasemdestaque.com\/cd\/?p=43469\"},\"wordCount\":642,\"publisher\":{\"@id\":\"https:\/\/noticiasemdestaque.com\/cd\/#organization\"},\"image\":{\"@id\":\"https:\/\/noticiasemdestaque.com\/cd\/?p=43469#primaryimage\"},\"thumbnailUrl\":\"https:\/\/noticiasemdestaque.com\/cd\/wp-content\/uploads\/2022\/10\/52423892841_c03a6db15c_o.jpg\",\"articleSection\":[\"Esporte\"],\"inLanguage\":\"pt-BR\"},{\"@type\":\"WebPage\",\"@id\":\"https:\/\/noticiasemdestaque.com\/cd\/?p=43469\",\"url\":\"https:\/\/noticiasemdestaque.com\/cd\/?p=43469\",\"name\":\"Flamengo e Corinthians buscam t\u00edtulo da Copa do Brasil no Maracan\u00e3 - Not&iacute;cias em Destaque\",\"isPartOf\":{\"@id\":\"https:\/\/noticiasemdestaque.com\/cd\/#website\"},\"primaryImageOfPage\":{\"@id\":\"https:\/\/noticiasemdestaque.com\/cd\/?p=43469#primaryimage\"},\"image\":{\"@id\":\"https:\/\/noticiasemdestaque.com\/cd\/?p=43469#primaryimage\"},\"thumbnailUrl\":\"https:\/\/noticiasemdestaque.com\/cd\/wp-content\/uploads\/2022\/10\/52423892841_c03a6db15c_o.jpg\",\"datePublished\":\"2022-10-19T12:00:43+00:00\",\"dateModified\":\"2022-10-19T12:30:24+00:00\",\"breadcrumb\":{\"@id\":\"https:\/\/noticiasemdestaque.com\/cd\/?p=43469#breadcrumb\"},\"inLanguage\":\"pt-BR\",\"potentialAction\":[{\"@type\":\"ReadAction\",\"target\":[\"https:\/\/noticiasemdestaque.com\/cd\/?p=43469\"]}]},{\"@type\":\"ImageObject\",\"inLanguage\":\"pt-BR\",\"@id\":\"https:\/\/noticiasemdestaque.com\/cd\/?p=43469#primaryimage\",\"url\":\"https:\/\/noticiasemdestaque.com\/cd\/wp-content\/uploads\/2022\/10\/52423892841_c03a6db15c_o.jpg\",\"contentUrl\":\"https:\/\/noticiasemdestaque.com\/cd\/wp-content\/uploads\/2022\/10\/52423892841_c03a6db15c_o.jpg\",\"width\":1170,\"height\":700,\"caption\":\"Flamengo x Corinthians - Copa do Brasil - Neo Quimica Arena - 12-10-2022 - Foto: Marcelo Cortes\"},{\"@type\":\"BreadcrumbList\",\"@id\":\"https:\/\/noticiasemdestaque.com\/cd\/?p=43469#breadcrumb\",\"itemListElement\":[{\"@type\":\"ListItem\",\"position\":1,\"name\":\"In\u00edcio\",\"item\":\"https:\/\/noticiasemdestaque.com\/cd\/\"},{\"@type\":\"ListItem\",\"position\":2,\"name\":\"Flamengo e Corinthians buscam t\u00edtulo da Copa do Brasil no Maracan\u00e3\"}]},{\"@type\":\"WebSite\",\"@id\":\"https:\/\/noticiasemdestaque.com\/cd\/#website\",\"url\":\"https:\/\/noticiasemdestaque.com\/cd\/\",\"name\":\"Not&iacute;cias em Destaque\",\"description\":\"\",\"publisher\":{\"@id\":\"https:\/\/noticiasemdestaque.com\/cd\/#organization\"},\"potentialAction\":[{\"@type\":\"SearchAction\",\"target\":{\"@type\":\"EntryPoint\",\"urlTemplate\":\"https:\/\/noticiasemdestaque.com\/cd\/?s={search_term_string}\"},\"query-input\":{\"@type\":\"PropertyValueSpecification\",\"valueRequired\":true,\"valueName\":\"search_term_string\"}}],\"inLanguage\":\"pt-BR\"},{\"@type\":\"Organization\",\"@id\":\"https:\/\/noticiasemdestaque.com\/cd\/#organization\",\"name\":\"Not\u00edcias em Destaque\",\"url\":\"https:\/\/noticiasemdestaque.com\/cd\/\",\"logo\":{\"@type\":\"ImageObject\",\"inLanguage\":\"pt-BR\",\"@id\":\"https:\/\/noticiasemdestaque.com\/cd\/#\/schema\/logo\/image\/\",\"url\":\"https:\/\/noticiasemdestaque.com\/cd\/wp-content\/uploads\/2022\/05\/imagem-base-noticiasemdestaque.png\",\"contentUrl\":\"https:\/\/noticiasemdestaque.com\/cd\/wp-content\/uploads\/2022\/05\/imagem-base-noticiasemdestaque.png\",\"width\":1200,\"height\":630,\"caption\":\"Not\u00edcias em Destaque\"},\"image\":{\"@id\":\"https:\/\/noticiasemdestaque.com\/cd\/#\/schema\/logo\/image\/\"}},{\"@type\":\"Person\",\"@id\":\"https:\/\/noticiasemdestaque.com\/cd\/#\/schema\/person\/4a81fb71f77579d059c3045891fa1786\",\"name\":\"Not\u00edcias em Destaque\",\"url\":\"https:\/\/noticiasemdestaque.com\/cd\/?author=2\"}]}<\/script>\n<!-- \/ Yoast SEO plugin. -->","yoast_head_json":{"title":"Flamengo e Corinthians buscam t\u00edtulo da Copa do Brasil no Maracan\u00e3 - Not&iacute;cias em Destaque","robots":{"index":"index","follow":"follow","max-snippet":"max-snippet:-1","max-image-preview":"max-image-preview:large","max-video-preview":"max-video-preview:-1"},"canonical":"https:\/\/noticiasemdestaque.com\/cd\/?p=43469","og_locale":"pt_BR","og_type":"article","og_title":"Flamengo e Corinthians buscam t\u00edtulo da Copa do Brasil no Maracan\u00e3 - Not&iacute;cias em Destaque","og_description":"Flamengo e Corinthians t\u00eam um encontro marcado no est\u00e1dio do Maracan\u00e3, no Rio de Janeiro. A partir das 21h45 (hor\u00e1rio de Bras\u00edlia) desta quarta-feira (19) as equipes disputam o segundo jogo da decis\u00e3o da Copa do Brasil. Ap\u00f3s um empate sem gols no confronto de ida, na \u00faltima semana em Itaquera, o trof\u00e9u fica com aquele que vencer, no tempo regulamentar ou na disputa de p\u00eanaltis (em caso de empate nos 90 minutos). Transmiss\u00e3o: Globo, Sportv e Premiere Narra\u00e7\u00e3o: Luis Roberto (Globo) e Luiz Carlos Jr. (Sportv) Coment\u00e1rios: Caio Ribeiro e J\u00fanior (Globo) e Ledio Carmona e Ricardinho (Sportv) Depois de 7\ufe0f\u20e3 meses, 1\ufe0f\u20e32\ufe0f\u20e31\ufe0f\u20e3 partidas, muitas emo\u00e7\u00f5es e momentos \u00c9PICOS, chegou ela&#8230; \u00c9 A SEMANA DO SEGUNDO JOGO DA\u00a0#FinalCopaDoBrasil! \ud83d\udd25\ud83e\udd2f QUEM SER\u00c1 O GRANDE CAMPE\u00c3O?\u00a0@Corinthians\u00a0ou\u00a0@Flamengo? \ud83d\udcf8: Staff Images\u00a0pic.twitter.com\/prwNv6cXAZ \u2014 Copa Intelbras do Brasil (@CopadoBrasil)\u00a0October 17, 2022 O Rubro-Negro chega ao confronto com um retrospecto positivo. Nos \u00faltimos dez confrontos com o Tim\u00e3o, a equipe da G\u00e1vea soma sete vit\u00f3rias, dois empates e apenas um rev\u00e9s. Al\u00e9m disso, o Corinthians n\u00e3o vence o Flamengo no Maracan\u00e3 desde o ano de 2015. Por\u00e9m, mesmo com n\u00fameros t\u00e3o positivos, o t\u00e9cnico Dorival J\u00fanior afirmou, em entrevista coletiva ap\u00f3s o primeiro jogo da final, que n\u00e3o se deve apontar um favorito em uma final como essa: \u201cFoi um jogo [o primeiro da final] bem jogado, as duas equipes procuraram o gol. S\u00e3o duas grandes equipes, n\u00e3o h\u00e1 favorito. Temos que jogar com muito cuidado e jogar mais se quisermos a busca pelo resultado\u201d. A esperan\u00e7a da torcida rubro-negra est\u00e1 concentrada nos homens de frente da equipe. Pedro, que assumiu o papel de centroavante do Flamengo, vem se destacando muito, enquanto Gabriel Barbosa deixou de jogar centralizado para cair mais pelas pontas. Sem poder contar com o volante Jo\u00e3o Gomes, suspenso ap\u00f3s receber o terceiro cart\u00e3o amarelo, Dorival J\u00fanior deve mandar a campo: Santos; Rodinei, David Luiz, L\u00e9o Pereira e Filipe Lu\u00eds; Thiago Maia, Vidal, \u00c9verton Ribeiro e Arrascaeta; Pedro e Gabriel Barbosa. J\u00e1 o Corinthians confia demais na dupla R\u00f3ger Guedes e Yuri Alberto, que, junto com Renato Augusto, t\u00eam sido decisivos para o time de Parque S\u00e3o Jorge. Mas, logo ap\u00f3s o 0 a 0 da partida de ida, o t\u00e9cnico portugu\u00eas deixou claro que, para alcan\u00e7ar o triunfo final, competitividade \u00e9 fundamental: \u201cVamos ter que ser competitivos no Maracan\u00e3 e ganhar a Copa l\u00e1. Eles v\u00e3o jogar o jogo deles e n\u00f3s o nosso\u201d. Para tentar cumprir esta miss\u00e3o, o Corinthians deposita suas esperan\u00e7as em: C\u00e1ssio; F\u00e1gner, Gil, Balbuena e F\u00e1bio Santos; Du Queiroz, Fausto Vera e Renato Augusto; Adson, R\u00f3ger Guedes e Yuri Alberto. O encontro de milh\u00f5es: dois dos maiores patrim\u00f4nios da humanidade juntinhos! \ud83d\ude0d\ud83e\udd79\ud83c\udfc6 Olha onde a ta\u00e7a desembarcou hoje! T\u00e1 chegando a\u00a0#FinalCopaDoBrasil\u2026#Santu\u00e1rioCristoRedentor\u00a0#CristoRedentorOficial\u00a0pic.twitter.com\/XERafdv86b \u2014 Copa Intelbras do Brasil (@CopadoBrasil)\u00a0October 17, 2022 Em busca do Tetra na Copa do Brasil Tanto Flamengo como Corinthians j\u00e1 conquistaram a Copa do Brasil em tr\u00eas oportunidades. O Rubro-Negro levou o trof\u00e9u para casa em 1990 (em decis\u00e3o com o Goi\u00e1s), em 2006 (diante do Vasco) e em 2013 (batendo o Athletico-PR). J\u00e1 o Tim\u00e3o foi o campe\u00e3o em 1995 (sobre o Gr\u00eamio), em 2002 (contra o Brasiliense) e em 2009 (vencendo o Internacional). S\u00f3 falta mais um jogo para decidir quem ser\u00e1 o campe\u00e3o desta minha edi\u00e7\u00e3o&#8230; \ud83d\udc40 E a\u00ed, o tetra vai para o\u00a0@Corinthians\u00a0ou\u00a0@Flamengo? 4\ufe0f\u20e3\ud83c\udfc6#FinalCopaDoBrasil\u00a0pic.twitter.com\/kijFUuxjdG \u2014 Copa Intelbras do Brasil (@CopadoBrasil)\u00a0October 16, 2022 Noticias em Destaque Fonte: Agencia Brasil","og_url":"https:\/\/noticiasemdestaque.com\/cd\/?p=43469","og_site_name":"Not&iacute;cias em Destaque","article_published_time":"2022-10-19T12:00:43+00:00","article_modified_time":"2022-10-19T12:30:24+00:00","og_image":[{"width":1170,"height":700,"url":"https:\/\/noticiasemdestaque.com\/cd\/wp-content\/uploads\/2022\/10\/52423892841_c03a6db15c_o.jpg","type":"image\/jpeg"}],"author":"Not\u00edcias em Destaque","twitter_card":"summary_large_image","twitter_misc":{"Escrito por":"Not\u00edcias em Destaque","Est. tempo de leitura":"4 minutos"},"schema":{"@context":"https:\/\/schema.org","@graph":[{"@type":"Article","@id":"https:\/\/noticiasemdestaque.com\/cd\/?p=43469#article","isPartOf":{"@id":"https:\/\/noticiasemdestaque.com\/cd\/?p=43469"},"author":{"name":"Not\u00edcias em Destaque","@id":"https:\/\/noticiasemdestaque.com\/cd\/#\/schema\/person\/4a81fb71f77579d059c3045891fa1786"},"headline":"Flamengo e Corinthians buscam t\u00edtulo da Copa do Brasil no Maracan\u00e3","datePublished":"2022-10-19T12:00:43+00:00","dateModified":"2022-10-19T12:30:24+00:00","mainEntityOfPage":{"@id":"https:\/\/noticiasemdestaque.com\/cd\/?p=43469"},"wordCount":642,"publisher":{"@id":"https:\/\/noticiasemdestaque.com\/cd\/#organization"},"image":{"@id":"https:\/\/noticiasemdestaque.com\/cd\/?p=43469#primaryimage"},"thumbnailUrl":"https:\/\/noticiasemdestaque.com\/cd\/wp-content\/uploads\/2022\/10\/52423892841_c03a6db15c_o.jpg","articleSection":["Esporte"],"inLanguage":"pt-BR"},{"@type":"WebPage","@id":"https:\/\/noticiasemdestaque.com\/cd\/?p=43469","url":"https:\/\/noticiasemdestaque.com\/cd\/?p=43469","name":"Flamengo e Corinthians buscam t\u00edtulo da Copa do Brasil no Maracan\u00e3 - Not&iacute;cias em Destaque","isPartOf":{"@id":"https:\/\/noticiasemdestaque.com\/cd\/#website"},"primaryImageOfPage":{"@id":"https:\/\/noticiasemdestaque.com\/cd\/?p=43469#primaryimage"},"image":{"@id":"https:\/\/noticiasemdestaque.com\/cd\/?p=43469#primaryimage"},"thumbnailUrl":"https:\/\/noticiasemdestaque.com\/cd\/wp-content\/uploads\/2022\/10\/52423892841_c03a6db15c_o.jpg","datePublished":"2022-10-19T12:00:43+00:00","dateModified":"2022-10-19T12:30:24+00:00","breadcrumb":{"@id":"https:\/\/noticiasemdestaque.com\/cd\/?p=43469#breadcrumb"},"inLanguage":"pt-BR","potentialAction":[{"@type":"ReadAction","target":["https:\/\/noticiasemdestaque.com\/cd\/?p=43469"]}]},{"@type":"ImageObject","inLanguage":"pt-BR","@id":"https:\/\/noticiasemdestaque.com\/cd\/?p=43469#primaryimage","url":"https:\/\/noticiasemdestaque.com\/cd\/wp-content\/uploads\/2022\/10\/52423892841_c03a6db15c_o.jpg","contentUrl":"https:\/\/noticiasemdestaque.com\/cd\/wp-content\/uploads\/2022\/10\/52423892841_c03a6db15c_o.jpg","width":1170,"height":700,"caption":"Flamengo x Corinthians - Copa do Brasil - Neo Quimica Arena - 12-10-2022 - Foto: Marcelo Cortes"},{"@type":"BreadcrumbList","@id":"https:\/\/noticiasemdestaque.com\/cd\/?p=43469#breadcrumb","itemListElement":[{"@type":"ListItem","position":1,"name":"In\u00edcio","item":"https:\/\/noticiasemdestaque.com\/cd\/"},{"@type":"ListItem","position":2,"name":"Flamengo e Corinthians buscam t\u00edtulo da Copa do Brasil no Maracan\u00e3"}]},{"@type":"WebSite","@id":"https:\/\/noticiasemdestaque.com\/cd\/#website","url":"https:\/\/noticiasemdestaque.com\/cd\/","name":"Not&iacute;cias em Destaque","description":"","publisher":{"@id":"https:\/\/noticiasemdestaque.com\/cd\/#organization"},"potentialAction":[{"@type":"SearchAction","target":{"@type":"EntryPoint","urlTemplate":"https:\/\/noticiasemdestaque.com\/cd\/?s={search_term_string}"},"query-input":{"@type":"PropertyValueSpecification","valueRequired":true,"valueName":"search_term_string"}}],"inLanguage":"pt-BR"},{"@type":"Organization","@id":"https:\/\/noticiasemdestaque.com\/cd\/#organization","name":"Not\u00edcias em Destaque","url":"https:\/\/noticiasemdestaque.com\/cd\/","logo":{"@type":"ImageObject","inLanguage":"pt-BR","@id":"https:\/\/noticiasemdestaque.com\/cd\/#\/schema\/logo\/image\/","url":"https:\/\/noticiasemdestaque.com\/cd\/wp-content\/uploads\/2022\/05\/imagem-base-noticiasemdestaque.png","contentUrl":"https:\/\/noticiasemdestaque.com\/cd\/wp-content\/uploads\/2022\/05\/imagem-base-noticiasemdestaque.png","width":1200,"height":630,"caption":"Not\u00edcias em Destaque"},"image":{"@id":"https:\/\/noticiasemdestaque.com\/cd\/#\/schema\/logo\/image\/"}},{"@type":"Person","@id":"https:\/\/noticiasemdestaque.com\/cd\/#\/schema\/person\/4a81fb71f77579d059c3045891fa1786","name":"Not\u00edcias em Destaque","url":"https:\/\/noticiasemdestaque.com\/cd\/?author=2"}]}},"jetpack_featured_media_url":"https:\/\/noticiasemdestaque.com\/cd\/wp-content\/uploads\/2022\/10\/52423892841_c03a6db15c_o.jpg","jetpack_sharing_enabled":true,"_links":{"self":[{"href":"https:\/\/noticiasemdestaque.com\/cd\/index.php?rest_route=\/wp\/v2\/posts\/43469","targetHints":{"allow":["GET"]}}],"collection":[{"href":"https:\/\/noticiasemdestaque.com\/cd\/index.php?rest_route=\/wp\/v2\/posts"}],"about":[{"href":"https:\/\/noticiasemdestaque.com\/cd\/index.php?rest_route=\/wp\/v2\/types\/post"}],"author":[{"embeddable":true,"href":"https:\/\/noticiasemdestaque.com\/cd\/index.php?rest_route=\/wp\/v2\/users\/2"}],"replies":[{"embeddable":true,"href":"https:\/\/noticiasemdestaque.com\/cd\/index.php?rest_route=%2Fwp%2Fv2%2Fcomments&post=43469"}],"version-history":[{"count":3,"href":"https:\/\/noticiasemdestaque.com\/cd\/index.php?rest_route=\/wp\/v2\/posts\/43469\/revisions"}],"predecessor-version":[{"id":43479,"href":"https:\/\/noticiasemdestaque.com\/cd\/index.php?rest_route=\/wp\/v2\/posts\/43469\/revisions\/43479"}],"wp:featuredmedia":[{"embeddable":true,"href":"https:\/\/noticiasemdestaque.com\/cd\/index.php?rest_route=\/wp\/v2\/media\/43470"}],"wp:attachment":[{"href":"https:\/\/noticiasemdestaque.com\/cd\/index.php?rest_route=%2Fwp%2Fv2%2Fmedia&parent=43469"}],"wp:term":[{"taxonomy":"category","embeddable":true,"href":"https:\/\/noticiasemdestaque.com\/cd\/index.php?rest_route=%2Fwp%2Fv2%2Fcategories&post=43469"},{"taxonomy":"post_tag","embeddable":true,"href":"https:\/\/noticiasemdestaque.com\/cd\/index.php?rest_route=%2Fwp%2Fv2%2Ftags&post=43469"}],"curies":[{"name":"wp","href":"https:\/\/api.w.org\/{rel}","templated":true}]}}