{"id":43464,"date":"2022-10-18T20:44:35","date_gmt":"2022-10-18T23:44:35","guid":{"rendered":"https:\/\/noticiasemdestaque.com\/cd\/?p=43464"},"modified":"2022-10-18T20:44:35","modified_gmt":"2022-10-18T23:44:35","slug":"ato-ecumenico-virtual-marca-os-33-anos-do-templo-da-boa-vontade-e-o-dia-do-ecumenismo","status":"publish","type":"post","link":"https:\/\/noticiasemdestaque.com\/cd\/?p=43464","title":{"rendered":"Ato Ecum\u00eanico virtual marca os 33 anos do Templo da Boa Vontade e o Dia do Ecumenismo"},"content":{"rendered":"<p><a href=\"https:\/\/noticiasemdestaque.com\/cd\/wp-content\/uploads\/2022\/10\/Templo-da-Boa-Vontade_BSB-TBV_divulgacao.jpg\"><img fetchpriority=\"high\" decoding=\"async\" class=\"size-medium wp-image-43465 aligncenter\" src=\"https:\/\/noticiasemdestaque.com\/cd\/wp-content\/uploads\/2022\/10\/Templo-da-Boa-Vontade_BSB-TBV_divulgacao-300x225.jpg\" alt=\"\" width=\"300\" height=\"225\" srcset=\"https:\/\/noticiasemdestaque.com\/cd\/wp-content\/uploads\/2022\/10\/Templo-da-Boa-Vontade_BSB-TBV_divulgacao-300x225.jpg 300w, https:\/\/noticiasemdestaque.com\/cd\/wp-content\/uploads\/2022\/10\/Templo-da-Boa-Vontade_BSB-TBV_divulgacao-16x12.jpg 16w, https:\/\/noticiasemdestaque.com\/cd\/wp-content\/uploads\/2022\/10\/Templo-da-Boa-Vontade_BSB-TBV_divulgacao.jpg 699w\" sizes=\"(max-width: 300px) 100vw, 300px\" \/><\/a><\/p>\n<p style=\"font-weight: 400;\">Nesta sexta-feira (21\/10), \u00e0s 14 horas, o Templo da Boa Vontade (TBV) promover\u00e1 o seu tradicional Ato Ecum\u00eanico que celebrar\u00e1 o 33<span style=\"text-decoration: line-through;\">\u00ba<\/span>\u00a0anivers\u00e1rio de funda\u00e7\u00e3o do Templo da Paz e o Dia do Ecumenismo.<\/p>\n<p style=\"font-weight: 400;\">Sob o tema\u00a0\u201cUnidos em torno do Amor, da Paz e da Fraternidade por um mundo melhor\u201d, o evento em formato virtual ter\u00e1 mensagem de lideran\u00e7as religiosas e de representantes dos mais diversos ramos do saber humano e ser\u00e1 transmitido pela Super Rede Boa Vontade de Comunica\u00e7\u00e3o (r\u00e1dio, TV, internet e aplicativo Boa Vontade Play).<em>\u00a0<\/em><\/p>\n<p style=\"font-weight: 400;\">Entre os participantes est\u00e3o o\u00a0<strong>Babalorix\u00e1<\/strong>\u00a0<strong>Aristides Mascarenhas<\/strong>, presidente da Federa\u00e7\u00e3o Nacional do Culto Afro-Brasileiro \u2014 Salvador\/BA;\u00a0<strong>F\u00e1bio Duarte<\/strong>, presidente da Associa\u00e7\u00e3o Israelita do Norte do Paran\u00e1;\u00a0<strong><em>Sheikh<\/em><\/strong><strong>\u00a0Jihad Hammadeh<\/strong>, presidente do Centro \u00c1rabe Latino de Cultura e Estudos Estrat\u00e9gicos \u2014 S\u00e3o Paulo\/SP;\u00a0<strong>Frei Hugo Junqueira<\/strong>, Ordem dos Frades Menores (OFM) \u2014 An\u00e1polis\/GO;\u00a0<strong>Lilia Arjones<\/strong>, presidente da Casa de Ora\u00e7\u00e3o Dr. Bezerra de Menezes \u2014 Salvador\/BA;\u00a0<strong>Maria Helena<\/strong>, ministra-pregadora da Religi\u00e3o de Deus, do Cristo e do Esp\u00edrito Santo \u2014 respons\u00e1vel pelo Minist\u00e9rio do Distrito Federal;\u00a0<strong>Salette Aquino<\/strong>, membro do Conselho Global da Iniciativa das Religi\u00f5es Unidas (URI) \u2014 Bras\u00edlia\/DF;\u00a0<strong>Cacique Tanon\u00e9<\/strong>, Tribo Kariri Xoc\u00f3 \u2014 Bras\u00edlia\/DF; e\u00a0<strong>Dr. Moo Shong Woo \u2013 Mestre Woo<\/strong>, presidente do Conselho Cultural da Associa\u00e7\u00e3o Being Tao (ABT) \u2014 Bras\u00edlia\/DF.<\/p>\n<p style=\"font-weight: 400;\">Acompanhe virtualmente o Ato Ecum\u00eanico e todos os demais eventos comemorativos dos 33 anos do Templo da Boa Vontade diretamente do conforto do seu lar e com sua fam\u00edlia.<\/p>\n<p style=\"font-weight: 400;\"><strong>Informa\u00e7\u00f5es:\u00a0<\/strong><\/p>\n<p style=\"font-weight: 400;\"><strong>Boa Vontade TV:<\/strong>\u00a0<a href=\"http:\/\/www.boavontade.com\/tv\" data-saferedirecturl=\"https:\/\/www.google.com\/url?q=http:\/\/www.boavontade.com\/tv&amp;source=gmail&amp;ust=1666222417320000&amp;usg=AOvVaw37xSO3z09OaAKJMfWGExcT\">www.boavontade.com\/tv<\/a>\u00a0|\u00a0<strong>YouTube:<\/strong>\u00a0@BoavontadeTV<strong>\u00a0<\/strong><\/p>\n<p style=\"font-weight: 400;\"><strong>Templo da Boa Vontade (TBV):\u00a0<\/strong>Quadra 915 Sul, Bras\u00edlia\/DF<\/p>\n<p style=\"font-weight: 400;\"><strong>Redes sociais:<\/strong>\u00a0@templodaboavontadetbv no Instagram e no Facebook<\/p>\n","protected":false},"excerpt":{"rendered":"<p>Nesta sexta-feira (21\/10), \u00e0s 14 horas, o Templo da Boa Vontade (TBV) promover\u00e1 o seu tradicional Ato Ecum\u00eanico que celebrar\u00e1 o 33\u00ba\u00a0anivers\u00e1rio de funda\u00e7\u00e3o do Templo da Paz e o Dia do Ecumenismo. Sob o tema\u00a0\u201cUnidos em torno do Amor, da Paz e da Fraternidade por um mundo melhor\u201d, o evento em formato virtual ter\u00e1 mensagem de lideran\u00e7as religiosas e de representantes dos mais diversos ramos do saber humano e ser\u00e1 transmitido pela Super Rede Boa Vontade de Comunica\u00e7\u00e3o (r\u00e1dio, TV, internet e aplicativo Boa Vontade Play).\u00a0 Entre os participantes est\u00e3o o\u00a0Babalorix\u00e1\u00a0Aristides Mascarenhas, presidente da Federa\u00e7\u00e3o Nacional do Culto Afro-Brasileiro \u2014 Salvador\/BA;\u00a0F\u00e1bio Duarte, presidente da Associa\u00e7\u00e3o Israelita do Norte do Paran\u00e1;\u00a0Sheikh\u00a0Jihad Hammadeh, presidente do Centro \u00c1rabe Latino de Cultura e Estudos Estrat\u00e9gicos \u2014 S\u00e3o Paulo\/SP;\u00a0Frei Hugo Junqueira, Ordem dos Frades Menores (OFM) \u2014 An\u00e1polis\/GO;\u00a0Lilia Arjones, presidente da Casa de Ora\u00e7\u00e3o Dr. Bezerra de Menezes \u2014 Salvador\/BA;\u00a0Maria Helena, ministra-pregadora da Religi\u00e3o de Deus, do Cristo e do Esp\u00edrito Santo \u2014 respons\u00e1vel pelo Minist\u00e9rio do Distrito Federal;\u00a0Salette Aquino, membro do Conselho Global da Iniciativa das Religi\u00f5es Unidas (URI) \u2014 Bras\u00edlia\/DF;\u00a0Cacique Tanon\u00e9, Tribo Kariri Xoc\u00f3 \u2014 Bras\u00edlia\/DF; e\u00a0Dr. Moo Shong Woo \u2013 Mestre Woo, presidente do Conselho Cultural da Associa\u00e7\u00e3o Being Tao (ABT) \u2014 Bras\u00edlia\/DF. Acompanhe virtualmente o Ato Ecum\u00eanico e todos os demais eventos comemorativos dos 33 anos do Templo da Boa Vontade diretamente do conforto do seu lar e com sua fam\u00edlia. Informa\u00e7\u00f5es:\u00a0 Boa Vontade TV:\u00a0www.boavontade.com\/tv\u00a0|\u00a0YouTube:\u00a0@BoavontadeTV\u00a0 Templo da Boa Vontade (TBV):\u00a0Quadra 915 Sul, Bras\u00edlia\/DF Redes sociais:\u00a0@templodaboavontadetbv no Instagram e no Facebook<\/p>\n","protected":false},"author":2,"featured_media":43465,"comment_status":"closed","ping_status":"open","sticky":false,"template":"","format":"standard","meta":{"_eb_attr":"","_jetpack_memberships_contains_paid_content":false,"footnotes":""},"categories":[12],"tags":[],"class_list":["post-43464","post","type-post","status-publish","format-standard","has-post-thumbnail","hentry","category-geral"],"yoast_head":"<!-- This site is optimized with the Yoast SEO plugin v26.5 - https:\/\/yoast.com\/wordpress\/plugins\/seo\/ -->\n<title>Ato Ecum\u00eanico virtual marca os 33 anos do Templo da Boa Vontade e o Dia do Ecumenismo - Not&iacute;cias em Destaque<\/title>\n<meta name=\"robots\" content=\"index, follow, max-snippet:-1, max-image-preview:large, max-video-preview:-1\" \/>\n<link rel=\"canonical\" href=\"https:\/\/noticiasemdestaque.com\/cd\/?p=43464\" \/>\n<meta property=\"og:locale\" content=\"pt_BR\" \/>\n<meta property=\"og:type\" content=\"article\" \/>\n<meta property=\"og:title\" content=\"Ato Ecum\u00eanico virtual marca os 33 anos do Templo da Boa Vontade e o Dia do Ecumenismo - Not&iacute;cias em Destaque\" \/>\n<meta property=\"og:description\" content=\"Nesta sexta-feira (21\/10), \u00e0s 14 horas, o Templo da Boa Vontade (TBV) promover\u00e1 o seu tradicional Ato Ecum\u00eanico que celebrar\u00e1 o 33\u00ba\u00a0anivers\u00e1rio de funda\u00e7\u00e3o do Templo da Paz e o Dia do Ecumenismo. Sob o tema\u00a0\u201cUnidos em torno do Amor, da Paz e da Fraternidade por um mundo melhor\u201d, o evento em formato virtual ter\u00e1 mensagem de lideran\u00e7as religiosas e de representantes dos mais diversos ramos do saber humano e ser\u00e1 transmitido pela Super Rede Boa Vontade de Comunica\u00e7\u00e3o (r\u00e1dio, TV, internet e aplicativo Boa Vontade Play).\u00a0 Entre os participantes est\u00e3o o\u00a0Babalorix\u00e1\u00a0Aristides Mascarenhas, presidente da Federa\u00e7\u00e3o Nacional do Culto Afro-Brasileiro \u2014 Salvador\/BA;\u00a0F\u00e1bio Duarte, presidente da Associa\u00e7\u00e3o Israelita do Norte do Paran\u00e1;\u00a0Sheikh\u00a0Jihad Hammadeh, presidente do Centro \u00c1rabe Latino de Cultura e Estudos Estrat\u00e9gicos \u2014 S\u00e3o Paulo\/SP;\u00a0Frei Hugo Junqueira, Ordem dos Frades Menores (OFM) \u2014 An\u00e1polis\/GO;\u00a0Lilia Arjones, presidente da Casa de Ora\u00e7\u00e3o Dr. Bezerra de Menezes \u2014 Salvador\/BA;\u00a0Maria Helena, ministra-pregadora da Religi\u00e3o de Deus, do Cristo e do Esp\u00edrito Santo \u2014 respons\u00e1vel pelo Minist\u00e9rio do Distrito Federal;\u00a0Salette Aquino, membro do Conselho Global da Iniciativa das Religi\u00f5es Unidas (URI) \u2014 Bras\u00edlia\/DF;\u00a0Cacique Tanon\u00e9, Tribo Kariri Xoc\u00f3 \u2014 Bras\u00edlia\/DF; e\u00a0Dr. Moo Shong Woo \u2013 Mestre Woo, presidente do Conselho Cultural da Associa\u00e7\u00e3o Being Tao (ABT) \u2014 Bras\u00edlia\/DF. Acompanhe virtualmente o Ato Ecum\u00eanico e todos os demais eventos comemorativos dos 33 anos do Templo da Boa Vontade diretamente do conforto do seu lar e com sua fam\u00edlia. Informa\u00e7\u00f5es:\u00a0 Boa Vontade TV:\u00a0www.boavontade.com\/tv\u00a0|\u00a0YouTube:\u00a0@BoavontadeTV\u00a0 Templo da Boa Vontade (TBV):\u00a0Quadra 915 Sul, Bras\u00edlia\/DF Redes sociais:\u00a0@templodaboavontadetbv no Instagram e no Facebook\" \/>\n<meta property=\"og:url\" content=\"https:\/\/noticiasemdestaque.com\/cd\/?p=43464\" \/>\n<meta property=\"og:site_name\" content=\"Not&iacute;cias em Destaque\" \/>\n<meta property=\"article:published_time\" content=\"2022-10-18T23:44:35+00:00\" \/>\n<meta property=\"og:image\" content=\"https:\/\/noticiasemdestaque.com\/cd\/wp-content\/uploads\/2022\/10\/Templo-da-Boa-Vontade_BSB-TBV_divulgacao.jpg\" \/>\n\t<meta property=\"og:image:width\" content=\"699\" \/>\n\t<meta property=\"og:image:height\" content=\"524\" \/>\n\t<meta property=\"og:image:type\" content=\"image\/jpeg\" \/>\n<meta name=\"author\" content=\"Not\u00edcias em Destaque\" \/>\n<meta name=\"twitter:card\" content=\"summary_large_image\" \/>\n<meta name=\"twitter:label1\" content=\"Escrito por\" \/>\n\t<meta name=\"twitter:data1\" content=\"Not\u00edcias em Destaque\" \/>\n\t<meta name=\"twitter:label2\" content=\"Est. tempo de leitura\" \/>\n\t<meta name=\"twitter:data2\" content=\"2 minutos\" \/>\n<script type=\"application\/ld+json\" class=\"yoast-schema-graph\">{\"@context\":\"https:\/\/schema.org\",\"@graph\":[{\"@type\":\"Article\",\"@id\":\"https:\/\/noticiasemdestaque.com\/cd\/?p=43464#article\",\"isPartOf\":{\"@id\":\"https:\/\/noticiasemdestaque.com\/cd\/?p=43464\"},\"author\":{\"name\":\"Not\u00edcias em Destaque\",\"@id\":\"https:\/\/noticiasemdestaque.com\/cd\/#\/schema\/person\/47f7d4f55eec17c6b2ca036c5500f6ce\"},\"headline\":\"Ato Ecum\u00eanico virtual marca os 33 anos do Templo da Boa Vontade e o Dia do Ecumenismo\",\"datePublished\":\"2022-10-18T23:44:35+00:00\",\"mainEntityOfPage\":{\"@id\":\"https:\/\/noticiasemdestaque.com\/cd\/?p=43464\"},\"wordCount\":309,\"publisher\":{\"@id\":\"https:\/\/noticiasemdestaque.com\/cd\/#organization\"},\"image\":{\"@id\":\"https:\/\/noticiasemdestaque.com\/cd\/?p=43464#primaryimage\"},\"thumbnailUrl\":\"https:\/\/noticiasemdestaque.com\/cd\/wp-content\/uploads\/2022\/10\/Templo-da-Boa-Vontade_BSB-TBV_divulgacao.jpg\",\"articleSection\":[\"Geral\"],\"inLanguage\":\"pt-BR\"},{\"@type\":\"WebPage\",\"@id\":\"https:\/\/noticiasemdestaque.com\/cd\/?p=43464\",\"url\":\"https:\/\/noticiasemdestaque.com\/cd\/?p=43464\",\"name\":\"Ato Ecum\u00eanico virtual marca os 33 anos do Templo da Boa Vontade e o Dia do Ecumenismo - Not&iacute;cias em Destaque\",\"isPartOf\":{\"@id\":\"https:\/\/noticiasemdestaque.com\/cd\/#website\"},\"primaryImageOfPage\":{\"@id\":\"https:\/\/noticiasemdestaque.com\/cd\/?p=43464#primaryimage\"},\"image\":{\"@id\":\"https:\/\/noticiasemdestaque.com\/cd\/?p=43464#primaryimage\"},\"thumbnailUrl\":\"https:\/\/noticiasemdestaque.com\/cd\/wp-content\/uploads\/2022\/10\/Templo-da-Boa-Vontade_BSB-TBV_divulgacao.jpg\",\"datePublished\":\"2022-10-18T23:44:35+00:00\",\"breadcrumb\":{\"@id\":\"https:\/\/noticiasemdestaque.com\/cd\/?p=43464#breadcrumb\"},\"inLanguage\":\"pt-BR\",\"potentialAction\":[{\"@type\":\"ReadAction\",\"target\":[\"https:\/\/noticiasemdestaque.com\/cd\/?p=43464\"]}]},{\"@type\":\"ImageObject\",\"inLanguage\":\"pt-BR\",\"@id\":\"https:\/\/noticiasemdestaque.com\/cd\/?p=43464#primaryimage\",\"url\":\"https:\/\/noticiasemdestaque.com\/cd\/wp-content\/uploads\/2022\/10\/Templo-da-Boa-Vontade_BSB-TBV_divulgacao.jpg\",\"contentUrl\":\"https:\/\/noticiasemdestaque.com\/cd\/wp-content\/uploads\/2022\/10\/Templo-da-Boa-Vontade_BSB-TBV_divulgacao.jpg\",\"width\":699,\"height\":524},{\"@type\":\"BreadcrumbList\",\"@id\":\"https:\/\/noticiasemdestaque.com\/cd\/?p=43464#breadcrumb\",\"itemListElement\":[{\"@type\":\"ListItem\",\"position\":1,\"name\":\"In\u00edcio\",\"item\":\"https:\/\/noticiasemdestaque.com\/cd\/\"},{\"@type\":\"ListItem\",\"position\":2,\"name\":\"Ato Ecum\u00eanico virtual marca os 33 anos do Templo da Boa Vontade e o Dia do Ecumenismo\"}]},{\"@type\":\"WebSite\",\"@id\":\"https:\/\/noticiasemdestaque.com\/cd\/#website\",\"url\":\"https:\/\/noticiasemdestaque.com\/cd\/\",\"name\":\"Not&iacute;cias em Destaque\",\"description\":\"\",\"publisher\":{\"@id\":\"https:\/\/noticiasemdestaque.com\/cd\/#organization\"},\"potentialAction\":[{\"@type\":\"SearchAction\",\"target\":{\"@type\":\"EntryPoint\",\"urlTemplate\":\"https:\/\/noticiasemdestaque.com\/cd\/?s={search_term_string}\"},\"query-input\":{\"@type\":\"PropertyValueSpecification\",\"valueRequired\":true,\"valueName\":\"search_term_string\"}}],\"inLanguage\":\"pt-BR\"},{\"@type\":\"Organization\",\"@id\":\"https:\/\/noticiasemdestaque.com\/cd\/#organization\",\"name\":\"Not\u00edcias em Destaque\",\"url\":\"https:\/\/noticiasemdestaque.com\/cd\/\",\"logo\":{\"@type\":\"ImageObject\",\"inLanguage\":\"pt-BR\",\"@id\":\"https:\/\/noticiasemdestaque.com\/cd\/#\/schema\/logo\/image\/\",\"url\":\"https:\/\/noticiasemdestaque.com\/cd\/wp-content\/uploads\/2022\/05\/imagem-base-noticiasemdestaque.png\",\"contentUrl\":\"https:\/\/noticiasemdestaque.com\/cd\/wp-content\/uploads\/2022\/05\/imagem-base-noticiasemdestaque.png\",\"width\":1200,\"height\":630,\"caption\":\"Not\u00edcias em Destaque\"},\"image\":{\"@id\":\"https:\/\/noticiasemdestaque.com\/cd\/#\/schema\/logo\/image\/\"}},{\"@type\":\"Person\",\"@id\":\"https:\/\/noticiasemdestaque.com\/cd\/#\/schema\/person\/47f7d4f55eec17c6b2ca036c5500f6ce\",\"name\":\"Not\u00edcias em Destaque\",\"url\":\"https:\/\/noticiasemdestaque.com\/cd\/?author=2\"}]}<\/script>\n<!-- \/ Yoast SEO plugin. -->","yoast_head_json":{"title":"Ato Ecum\u00eanico virtual marca os 33 anos do Templo da Boa Vontade e o Dia do Ecumenismo - Not&iacute;cias em Destaque","robots":{"index":"index","follow":"follow","max-snippet":"max-snippet:-1","max-image-preview":"max-image-preview:large","max-video-preview":"max-video-preview:-1"},"canonical":"https:\/\/noticiasemdestaque.com\/cd\/?p=43464","og_locale":"pt_BR","og_type":"article","og_title":"Ato Ecum\u00eanico virtual marca os 33 anos do Templo da Boa Vontade e o Dia do Ecumenismo - Not&iacute;cias em Destaque","og_description":"Nesta sexta-feira (21\/10), \u00e0s 14 horas, o Templo da Boa Vontade (TBV) promover\u00e1 o seu tradicional Ato Ecum\u00eanico que celebrar\u00e1 o 33\u00ba\u00a0anivers\u00e1rio de funda\u00e7\u00e3o do Templo da Paz e o Dia do Ecumenismo. Sob o tema\u00a0\u201cUnidos em torno do Amor, da Paz e da Fraternidade por um mundo melhor\u201d, o evento em formato virtual ter\u00e1 mensagem de lideran\u00e7as religiosas e de representantes dos mais diversos ramos do saber humano e ser\u00e1 transmitido pela Super Rede Boa Vontade de Comunica\u00e7\u00e3o (r\u00e1dio, TV, internet e aplicativo Boa Vontade Play).\u00a0 Entre os participantes est\u00e3o o\u00a0Babalorix\u00e1\u00a0Aristides Mascarenhas, presidente da Federa\u00e7\u00e3o Nacional do Culto Afro-Brasileiro \u2014 Salvador\/BA;\u00a0F\u00e1bio Duarte, presidente da Associa\u00e7\u00e3o Israelita do Norte do Paran\u00e1;\u00a0Sheikh\u00a0Jihad Hammadeh, presidente do Centro \u00c1rabe Latino de Cultura e Estudos Estrat\u00e9gicos \u2014 S\u00e3o Paulo\/SP;\u00a0Frei Hugo Junqueira, Ordem dos Frades Menores (OFM) \u2014 An\u00e1polis\/GO;\u00a0Lilia Arjones, presidente da Casa de Ora\u00e7\u00e3o Dr. Bezerra de Menezes \u2014 Salvador\/BA;\u00a0Maria Helena, ministra-pregadora da Religi\u00e3o de Deus, do Cristo e do Esp\u00edrito Santo \u2014 respons\u00e1vel pelo Minist\u00e9rio do Distrito Federal;\u00a0Salette Aquino, membro do Conselho Global da Iniciativa das Religi\u00f5es Unidas (URI) \u2014 Bras\u00edlia\/DF;\u00a0Cacique Tanon\u00e9, Tribo Kariri Xoc\u00f3 \u2014 Bras\u00edlia\/DF; e\u00a0Dr. Moo Shong Woo \u2013 Mestre Woo, presidente do Conselho Cultural da Associa\u00e7\u00e3o Being Tao (ABT) \u2014 Bras\u00edlia\/DF. Acompanhe virtualmente o Ato Ecum\u00eanico e todos os demais eventos comemorativos dos 33 anos do Templo da Boa Vontade diretamente do conforto do seu lar e com sua fam\u00edlia. Informa\u00e7\u00f5es:\u00a0 Boa Vontade TV:\u00a0www.boavontade.com\/tv\u00a0|\u00a0YouTube:\u00a0@BoavontadeTV\u00a0 Templo da Boa Vontade (TBV):\u00a0Quadra 915 Sul, Bras\u00edlia\/DF Redes sociais:\u00a0@templodaboavontadetbv no Instagram e no Facebook","og_url":"https:\/\/noticiasemdestaque.com\/cd\/?p=43464","og_site_name":"Not&iacute;cias em Destaque","article_published_time":"2022-10-18T23:44:35+00:00","og_image":[{"width":699,"height":524,"url":"https:\/\/noticiasemdestaque.com\/cd\/wp-content\/uploads\/2022\/10\/Templo-da-Boa-Vontade_BSB-TBV_divulgacao.jpg","type":"image\/jpeg"}],"author":"Not\u00edcias em Destaque","twitter_card":"summary_large_image","twitter_misc":{"Escrito por":"Not\u00edcias em Destaque","Est. tempo de leitura":"2 minutos"},"schema":{"@context":"https:\/\/schema.org","@graph":[{"@type":"Article","@id":"https:\/\/noticiasemdestaque.com\/cd\/?p=43464#article","isPartOf":{"@id":"https:\/\/noticiasemdestaque.com\/cd\/?p=43464"},"author":{"name":"Not\u00edcias em Destaque","@id":"https:\/\/noticiasemdestaque.com\/cd\/#\/schema\/person\/47f7d4f55eec17c6b2ca036c5500f6ce"},"headline":"Ato Ecum\u00eanico virtual marca os 33 anos do Templo da Boa Vontade e o Dia do Ecumenismo","datePublished":"2022-10-18T23:44:35+00:00","mainEntityOfPage":{"@id":"https:\/\/noticiasemdestaque.com\/cd\/?p=43464"},"wordCount":309,"publisher":{"@id":"https:\/\/noticiasemdestaque.com\/cd\/#organization"},"image":{"@id":"https:\/\/noticiasemdestaque.com\/cd\/?p=43464#primaryimage"},"thumbnailUrl":"https:\/\/noticiasemdestaque.com\/cd\/wp-content\/uploads\/2022\/10\/Templo-da-Boa-Vontade_BSB-TBV_divulgacao.jpg","articleSection":["Geral"],"inLanguage":"pt-BR"},{"@type":"WebPage","@id":"https:\/\/noticiasemdestaque.com\/cd\/?p=43464","url":"https:\/\/noticiasemdestaque.com\/cd\/?p=43464","name":"Ato Ecum\u00eanico virtual marca os 33 anos do Templo da Boa Vontade e o Dia do Ecumenismo - Not&iacute;cias em Destaque","isPartOf":{"@id":"https:\/\/noticiasemdestaque.com\/cd\/#website"},"primaryImageOfPage":{"@id":"https:\/\/noticiasemdestaque.com\/cd\/?p=43464#primaryimage"},"image":{"@id":"https:\/\/noticiasemdestaque.com\/cd\/?p=43464#primaryimage"},"thumbnailUrl":"https:\/\/noticiasemdestaque.com\/cd\/wp-content\/uploads\/2022\/10\/Templo-da-Boa-Vontade_BSB-TBV_divulgacao.jpg","datePublished":"2022-10-18T23:44:35+00:00","breadcrumb":{"@id":"https:\/\/noticiasemdestaque.com\/cd\/?p=43464#breadcrumb"},"inLanguage":"pt-BR","potentialAction":[{"@type":"ReadAction","target":["https:\/\/noticiasemdestaque.com\/cd\/?p=43464"]}]},{"@type":"ImageObject","inLanguage":"pt-BR","@id":"https:\/\/noticiasemdestaque.com\/cd\/?p=43464#primaryimage","url":"https:\/\/noticiasemdestaque.com\/cd\/wp-content\/uploads\/2022\/10\/Templo-da-Boa-Vontade_BSB-TBV_divulgacao.jpg","contentUrl":"https:\/\/noticiasemdestaque.com\/cd\/wp-content\/uploads\/2022\/10\/Templo-da-Boa-Vontade_BSB-TBV_divulgacao.jpg","width":699,"height":524},{"@type":"BreadcrumbList","@id":"https:\/\/noticiasemdestaque.com\/cd\/?p=43464#breadcrumb","itemListElement":[{"@type":"ListItem","position":1,"name":"In\u00edcio","item":"https:\/\/noticiasemdestaque.com\/cd\/"},{"@type":"ListItem","position":2,"name":"Ato Ecum\u00eanico virtual marca os 33 anos do Templo da Boa Vontade e o Dia do Ecumenismo"}]},{"@type":"WebSite","@id":"https:\/\/noticiasemdestaque.com\/cd\/#website","url":"https:\/\/noticiasemdestaque.com\/cd\/","name":"Not&iacute;cias em Destaque","description":"","publisher":{"@id":"https:\/\/noticiasemdestaque.com\/cd\/#organization"},"potentialAction":[{"@type":"SearchAction","target":{"@type":"EntryPoint","urlTemplate":"https:\/\/noticiasemdestaque.com\/cd\/?s={search_term_string}"},"query-input":{"@type":"PropertyValueSpecification","valueRequired":true,"valueName":"search_term_string"}}],"inLanguage":"pt-BR"},{"@type":"Organization","@id":"https:\/\/noticiasemdestaque.com\/cd\/#organization","name":"Not\u00edcias em Destaque","url":"https:\/\/noticiasemdestaque.com\/cd\/","logo":{"@type":"ImageObject","inLanguage":"pt-BR","@id":"https:\/\/noticiasemdestaque.com\/cd\/#\/schema\/logo\/image\/","url":"https:\/\/noticiasemdestaque.com\/cd\/wp-content\/uploads\/2022\/05\/imagem-base-noticiasemdestaque.png","contentUrl":"https:\/\/noticiasemdestaque.com\/cd\/wp-content\/uploads\/2022\/05\/imagem-base-noticiasemdestaque.png","width":1200,"height":630,"caption":"Not\u00edcias em Destaque"},"image":{"@id":"https:\/\/noticiasemdestaque.com\/cd\/#\/schema\/logo\/image\/"}},{"@type":"Person","@id":"https:\/\/noticiasemdestaque.com\/cd\/#\/schema\/person\/47f7d4f55eec17c6b2ca036c5500f6ce","name":"Not\u00edcias em Destaque","url":"https:\/\/noticiasemdestaque.com\/cd\/?author=2"}]}},"jetpack_featured_media_url":"https:\/\/noticiasemdestaque.com\/cd\/wp-content\/uploads\/2022\/10\/Templo-da-Boa-Vontade_BSB-TBV_divulgacao.jpg","jetpack_sharing_enabled":true,"_links":{"self":[{"href":"https:\/\/noticiasemdestaque.com\/cd\/index.php?rest_route=\/wp\/v2\/posts\/43464","targetHints":{"allow":["GET"]}}],"collection":[{"href":"https:\/\/noticiasemdestaque.com\/cd\/index.php?rest_route=\/wp\/v2\/posts"}],"about":[{"href":"https:\/\/noticiasemdestaque.com\/cd\/index.php?rest_route=\/wp\/v2\/types\/post"}],"author":[{"embeddable":true,"href":"https:\/\/noticiasemdestaque.com\/cd\/index.php?rest_route=\/wp\/v2\/users\/2"}],"replies":[{"embeddable":true,"href":"https:\/\/noticiasemdestaque.com\/cd\/index.php?rest_route=%2Fwp%2Fv2%2Fcomments&post=43464"}],"version-history":[{"count":1,"href":"https:\/\/noticiasemdestaque.com\/cd\/index.php?rest_route=\/wp\/v2\/posts\/43464\/revisions"}],"predecessor-version":[{"id":43466,"href":"https:\/\/noticiasemdestaque.com\/cd\/index.php?rest_route=\/wp\/v2\/posts\/43464\/revisions\/43466"}],"wp:featuredmedia":[{"embeddable":true,"href":"https:\/\/noticiasemdestaque.com\/cd\/index.php?rest_route=\/wp\/v2\/media\/43465"}],"wp:attachment":[{"href":"https:\/\/noticiasemdestaque.com\/cd\/index.php?rest_route=%2Fwp%2Fv2%2Fmedia&parent=43464"}],"wp:term":[{"taxonomy":"category","embeddable":true,"href":"https:\/\/noticiasemdestaque.com\/cd\/index.php?rest_route=%2Fwp%2Fv2%2Fcategories&post=43464"},{"taxonomy":"post_tag","embeddable":true,"href":"https:\/\/noticiasemdestaque.com\/cd\/index.php?rest_route=%2Fwp%2Fv2%2Ftags&post=43464"}],"curies":[{"name":"wp","href":"https:\/\/api.w.org\/{rel}","templated":true}]}}