{"id":43454,"date":"2022-10-18T20:23:56","date_gmt":"2022-10-18T23:23:56","guid":{"rendered":"https:\/\/noticiasemdestaque.com\/cd\/?p=43454"},"modified":"2022-10-18T20:23:56","modified_gmt":"2022-10-18T23:23:56","slug":"irmao-arimateia-promove-festa-em-comemoracao-ao-dia-das-criancas-no-bairro-pedro-ferreira-em-sume","status":"publish","type":"post","link":"https:\/\/noticiasemdestaque.com\/cd\/?p=43454","title":{"rendered":"Irm\u00e3o Arimat\u00e9ia promove festa em comemora\u00e7\u00e3o ao Dia das Crian\u00e7as no bairro Pedro Ferreira em Sum\u00e9"},"content":{"rendered":"<p><a href=\"https:\/\/noticiasemdestaque.com\/cd\/wp-content\/uploads\/2022\/10\/c89988af-3e81-40bd-9e0f-4c6bbe59049a.jpg\"><img decoding=\"async\" class=\"alignnone  wp-image-43460\" src=\"https:\/\/noticiasemdestaque.com\/cd\/wp-content\/uploads\/2022\/10\/c89988af-3e81-40bd-9e0f-4c6bbe59049a-226x300.jpg\" alt=\"\" width=\"185\" height=\"246\" srcset=\"https:\/\/noticiasemdestaque.com\/cd\/wp-content\/uploads\/2022\/10\/c89988af-3e81-40bd-9e0f-4c6bbe59049a-226x300.jpg 226w, https:\/\/noticiasemdestaque.com\/cd\/wp-content\/uploads\/2022\/10\/c89988af-3e81-40bd-9e0f-4c6bbe59049a-771x1024.jpg 771w, https:\/\/noticiasemdestaque.com\/cd\/wp-content\/uploads\/2022\/10\/c89988af-3e81-40bd-9e0f-4c6bbe59049a-768x1021.jpg 768w, https:\/\/noticiasemdestaque.com\/cd\/wp-content\/uploads\/2022\/10\/c89988af-3e81-40bd-9e0f-4c6bbe59049a-1156x1536.jpg 1156w, https:\/\/noticiasemdestaque.com\/cd\/wp-content\/uploads\/2022\/10\/c89988af-3e81-40bd-9e0f-4c6bbe59049a-9x12.jpg 9w, https:\/\/noticiasemdestaque.com\/cd\/wp-content\/uploads\/2022\/10\/c89988af-3e81-40bd-9e0f-4c6bbe59049a.jpg 1204w\" sizes=\"(max-width: 185px) 100vw, 185px\" \/><\/a><a href=\"https:\/\/noticiasemdestaque.com\/cd\/wp-content\/uploads\/2022\/10\/cdab6b82-1098-461c-8f5d-278a0dea7ad8.jpg\"><img fetchpriority=\"high\" decoding=\"async\" class=\"alignnone  wp-image-43461\" src=\"https:\/\/noticiasemdestaque.com\/cd\/wp-content\/uploads\/2022\/10\/cdab6b82-1098-461c-8f5d-278a0dea7ad8-300x225.jpg\" alt=\"\" width=\"314\" height=\"236\" srcset=\"https:\/\/noticiasemdestaque.com\/cd\/wp-content\/uploads\/2022\/10\/cdab6b82-1098-461c-8f5d-278a0dea7ad8-300x225.jpg 300w, https:\/\/noticiasemdestaque.com\/cd\/wp-content\/uploads\/2022\/10\/cdab6b82-1098-461c-8f5d-278a0dea7ad8-1024x768.jpg 1024w, https:\/\/noticiasemdestaque.com\/cd\/wp-content\/uploads\/2022\/10\/cdab6b82-1098-461c-8f5d-278a0dea7ad8-768x576.jpg 768w, https:\/\/noticiasemdestaque.com\/cd\/wp-content\/uploads\/2022\/10\/cdab6b82-1098-461c-8f5d-278a0dea7ad8-1536x1153.jpg 1536w, https:\/\/noticiasemdestaque.com\/cd\/wp-content\/uploads\/2022\/10\/cdab6b82-1098-461c-8f5d-278a0dea7ad8-16x12.jpg 16w, https:\/\/noticiasemdestaque.com\/cd\/wp-content\/uploads\/2022\/10\/cdab6b82-1098-461c-8f5d-278a0dea7ad8.jpg 1599w\" sizes=\"(max-width: 314px) 100vw, 314px\" \/><\/a><a href=\"https:\/\/noticiasemdestaque.com\/cd\/wp-content\/uploads\/2022\/10\/b03c94b1-6acb-4d46-a5b2-06666d247bb0.jpg\"><img decoding=\"async\" class=\"alignnone  wp-image-43459\" src=\"https:\/\/noticiasemdestaque.com\/cd\/wp-content\/uploads\/2022\/10\/b03c94b1-6acb-4d46-a5b2-06666d247bb0-226x300.jpg\" alt=\"\" width=\"179\" height=\"238\" srcset=\"https:\/\/noticiasemdestaque.com\/cd\/wp-content\/uploads\/2022\/10\/b03c94b1-6acb-4d46-a5b2-06666d247bb0-226x300.jpg 226w, https:\/\/noticiasemdestaque.com\/cd\/wp-content\/uploads\/2022\/10\/b03c94b1-6acb-4d46-a5b2-06666d247bb0-771x1024.jpg 771w, https:\/\/noticiasemdestaque.com\/cd\/wp-content\/uploads\/2022\/10\/b03c94b1-6acb-4d46-a5b2-06666d247bb0-768x1021.jpg 768w, https:\/\/noticiasemdestaque.com\/cd\/wp-content\/uploads\/2022\/10\/b03c94b1-6acb-4d46-a5b2-06666d247bb0-1156x1536.jpg 1156w, https:\/\/noticiasemdestaque.com\/cd\/wp-content\/uploads\/2022\/10\/b03c94b1-6acb-4d46-a5b2-06666d247bb0-9x12.jpg 9w, https:\/\/noticiasemdestaque.com\/cd\/wp-content\/uploads\/2022\/10\/b03c94b1-6acb-4d46-a5b2-06666d247bb0.jpg 1204w\" sizes=\"(max-width: 179px) 100vw, 179px\" \/><\/a><\/p>\n<p>Neste fim de semana, o irm\u00e3o Arimat\u00e9ia e sua esposa, a professora Jucy Ara\u00fajo, suplente de vereadora em Sum\u00e9, realizaram uma festa em comemora\u00e7\u00e3o ao Dia das Crian\u00e7as no bairro Pedro Ferreira em seu terceiro ano.<\/p>\n<p>O dia de lazer contou com uma vasta programa\u00e7\u00e3o, incluindo brincadeiras, pipocas, balas, algod\u00e3o doce, pula-pula e distribui\u00e7\u00e3o de brinquedos.<\/p>\n<p><a href=\"https:\/\/noticiasemdestaque.com\/cd\/wp-content\/uploads\/2022\/10\/146e8454-b40c-477a-be28-7fe91f30fbb9.jpg\"><img loading=\"lazy\" decoding=\"async\" class=\"alignnone  wp-image-43456\" src=\"https:\/\/noticiasemdestaque.com\/cd\/wp-content\/uploads\/2022\/10\/146e8454-b40c-477a-be28-7fe91f30fbb9-226x300.jpg\" alt=\"\" width=\"192\" height=\"254\" srcset=\"https:\/\/noticiasemdestaque.com\/cd\/wp-content\/uploads\/2022\/10\/146e8454-b40c-477a-be28-7fe91f30fbb9-226x300.jpg 226w, https:\/\/noticiasemdestaque.com\/cd\/wp-content\/uploads\/2022\/10\/146e8454-b40c-477a-be28-7fe91f30fbb9-771x1024.jpg 771w, https:\/\/noticiasemdestaque.com\/cd\/wp-content\/uploads\/2022\/10\/146e8454-b40c-477a-be28-7fe91f30fbb9-768x1021.jpg 768w, https:\/\/noticiasemdestaque.com\/cd\/wp-content\/uploads\/2022\/10\/146e8454-b40c-477a-be28-7fe91f30fbb9-1156x1536.jpg 1156w, https:\/\/noticiasemdestaque.com\/cd\/wp-content\/uploads\/2022\/10\/146e8454-b40c-477a-be28-7fe91f30fbb9-9x12.jpg 9w, https:\/\/noticiasemdestaque.com\/cd\/wp-content\/uploads\/2022\/10\/146e8454-b40c-477a-be28-7fe91f30fbb9.jpg 1204w\" sizes=\"(max-width: 192px) 100vw, 192px\" \/><\/a><a href=\"https:\/\/noticiasemdestaque.com\/cd\/wp-content\/uploads\/2022\/10\/4761b816-a3b9-4263-9c9b-11fa719b3d84.jpg\"><img loading=\"lazy\" decoding=\"async\" class=\"alignnone  wp-image-43457\" src=\"https:\/\/noticiasemdestaque.com\/cd\/wp-content\/uploads\/2022\/10\/4761b816-a3b9-4263-9c9b-11fa719b3d84-226x300.jpg\" alt=\"\" width=\"193\" height=\"257\" srcset=\"https:\/\/noticiasemdestaque.com\/cd\/wp-content\/uploads\/2022\/10\/4761b816-a3b9-4263-9c9b-11fa719b3d84-226x300.jpg 226w, https:\/\/noticiasemdestaque.com\/cd\/wp-content\/uploads\/2022\/10\/4761b816-a3b9-4263-9c9b-11fa719b3d84-771x1024.jpg 771w, https:\/\/noticiasemdestaque.com\/cd\/wp-content\/uploads\/2022\/10\/4761b816-a3b9-4263-9c9b-11fa719b3d84-768x1021.jpg 768w, https:\/\/noticiasemdestaque.com\/cd\/wp-content\/uploads\/2022\/10\/4761b816-a3b9-4263-9c9b-11fa719b3d84-1156x1536.jpg 1156w, https:\/\/noticiasemdestaque.com\/cd\/wp-content\/uploads\/2022\/10\/4761b816-a3b9-4263-9c9b-11fa719b3d84-9x12.jpg 9w, https:\/\/noticiasemdestaque.com\/cd\/wp-content\/uploads\/2022\/10\/4761b816-a3b9-4263-9c9b-11fa719b3d84.jpg 1204w\" sizes=\"(max-width: 193px) 100vw, 193px\" \/><\/a><a href=\"https:\/\/noticiasemdestaque.com\/cd\/wp-content\/uploads\/2022\/10\/9029d0df-1f28-4c4c-a9ec-84ee62c4220a.jpg\"><img loading=\"lazy\" decoding=\"async\" class=\"alignnone  wp-image-43458\" src=\"https:\/\/noticiasemdestaque.com\/cd\/wp-content\/uploads\/2022\/10\/9029d0df-1f28-4c4c-a9ec-84ee62c4220a-300x226.jpg\" alt=\"\" width=\"337\" height=\"254\" srcset=\"https:\/\/noticiasemdestaque.com\/cd\/wp-content\/uploads\/2022\/10\/9029d0df-1f28-4c4c-a9ec-84ee62c4220a-300x226.jpg 300w, https:\/\/noticiasemdestaque.com\/cd\/wp-content\/uploads\/2022\/10\/9029d0df-1f28-4c4c-a9ec-84ee62c4220a-1024x771.jpg 1024w, https:\/\/noticiasemdestaque.com\/cd\/wp-content\/uploads\/2022\/10\/9029d0df-1f28-4c4c-a9ec-84ee62c4220a-768x578.jpg 768w, https:\/\/noticiasemdestaque.com\/cd\/wp-content\/uploads\/2022\/10\/9029d0df-1f28-4c4c-a9ec-84ee62c4220a-1536x1156.jpg 1536w, https:\/\/noticiasemdestaque.com\/cd\/wp-content\/uploads\/2022\/10\/9029d0df-1f28-4c4c-a9ec-84ee62c4220a-16x12.jpg 16w, https:\/\/noticiasemdestaque.com\/cd\/wp-content\/uploads\/2022\/10\/9029d0df-1f28-4c4c-a9ec-84ee62c4220a.jpg 1600w\" sizes=\"(max-width: 337px) 100vw, 337px\" \/><\/a><\/p>\n<p>\u201c\u00c9 com muito prazer e dedica\u00e7\u00e3o que hoje estamos realizando essa festinha para as crian\u00e7as, 3\u00b0 ano de festa, muito satisfeito e feliz com os resultados, ao ver a alegria em cada uma delas presentes aqui\u201d, comentou o irm\u00e3o Arimat\u00e9ia.<\/p>\n<div style=\"width: 640px;\" class=\"wp-video\"><!--[if lt IE 9]><script>document.createElement('video');<\/script><![endif]-->\n<video class=\"wp-video-shortcode\" id=\"video-43454-1\" width=\"640\" height=\"352\" preload=\"metadata\" controls=\"controls\"><source type=\"video\/mp4\" src=\"https:\/\/noticiasemdestaque.com\/cd\/wp-content\/uploads\/2022\/10\/WhatsApp-Video-2022-10-17-at-08.09.13.mp4?_=1\" \/><a href=\"https:\/\/noticiasemdestaque.com\/cd\/wp-content\/uploads\/2022\/10\/WhatsApp-Video-2022-10-17-at-08.09.13.mp4\">https:\/\/noticiasemdestaque.com\/cd\/wp-content\/uploads\/2022\/10\/WhatsApp-Video-2022-10-17-at-08.09.13.mp4<\/a><\/video><\/div>\n<p><strong><em>Not\u00edcias em Destaque<\/em><\/strong><\/p>\n","protected":false},"excerpt":{"rendered":"<p>Neste fim de semana, o irm\u00e3o Arimat\u00e9ia e sua esposa, a professora Jucy Ara\u00fajo, suplente de vereadora em Sum\u00e9, realizaram uma festa em comemora\u00e7\u00e3o ao Dia das Crian\u00e7as no bairro Pedro Ferreira em seu terceiro ano. O dia de lazer contou com uma vasta programa\u00e7\u00e3o, incluindo brincadeiras, pipocas, balas, algod\u00e3o doce, pula-pula e distribui\u00e7\u00e3o de brinquedos. \u201c\u00c9 com muito prazer e dedica\u00e7\u00e3o que hoje estamos realizando essa festinha para as crian\u00e7as, 3\u00b0 ano de festa, muito satisfeito e feliz com os resultados, ao ver a alegria em cada uma delas presentes aqui\u201d, comentou o irm\u00e3o Arimat\u00e9ia. Not\u00edcias em Destaque<\/p>\n","protected":false},"author":2,"featured_media":43461,"comment_status":"closed","ping_status":"open","sticky":false,"template":"","format":"standard","meta":{"_eb_attr":"","_jetpack_memberships_contains_paid_content":false,"footnotes":""},"categories":[12],"tags":[],"class_list":["post-43454","post","type-post","status-publish","format-standard","has-post-thumbnail","hentry","category-geral"],"yoast_head":"<!-- This site is optimized with the Yoast SEO plugin v26.5 - https:\/\/yoast.com\/wordpress\/plugins\/seo\/ -->\n<title>Irm\u00e3o Arimat\u00e9ia promove festa em comemora\u00e7\u00e3o ao Dia das Crian\u00e7as no bairro Pedro Ferreira em Sum\u00e9 - Not&iacute;cias em Destaque<\/title>\n<meta name=\"robots\" content=\"index, follow, max-snippet:-1, max-image-preview:large, max-video-preview:-1\" \/>\n<link rel=\"canonical\" href=\"https:\/\/noticiasemdestaque.com\/cd\/?p=43454\" \/>\n<meta property=\"og:locale\" content=\"pt_BR\" \/>\n<meta property=\"og:type\" content=\"article\" \/>\n<meta property=\"og:title\" content=\"Irm\u00e3o Arimat\u00e9ia promove festa em comemora\u00e7\u00e3o ao Dia das Crian\u00e7as no bairro Pedro Ferreira em Sum\u00e9 - Not&iacute;cias em Destaque\" \/>\n<meta property=\"og:description\" content=\"Neste fim de semana, o irm\u00e3o Arimat\u00e9ia e sua esposa, a professora Jucy Ara\u00fajo, suplente de vereadora em Sum\u00e9, realizaram uma festa em comemora\u00e7\u00e3o ao Dia das Crian\u00e7as no bairro Pedro Ferreira em seu terceiro ano. O dia de lazer contou com uma vasta programa\u00e7\u00e3o, incluindo brincadeiras, pipocas, balas, algod\u00e3o doce, pula-pula e distribui\u00e7\u00e3o de brinquedos. \u201c\u00c9 com muito prazer e dedica\u00e7\u00e3o que hoje estamos realizando essa festinha para as crian\u00e7as, 3\u00b0 ano de festa, muito satisfeito e feliz com os resultados, ao ver a alegria em cada uma delas presentes aqui\u201d, comentou o irm\u00e3o Arimat\u00e9ia. Not\u00edcias em Destaque\" \/>\n<meta property=\"og:url\" content=\"https:\/\/noticiasemdestaque.com\/cd\/?p=43454\" \/>\n<meta property=\"og:site_name\" content=\"Not&iacute;cias em Destaque\" \/>\n<meta property=\"article:published_time\" content=\"2022-10-18T23:23:56+00:00\" \/>\n<meta property=\"og:image\" content=\"https:\/\/noticiasemdestaque.com\/cd\/wp-content\/uploads\/2022\/10\/cdab6b82-1098-461c-8f5d-278a0dea7ad8.jpg\" \/>\n\t<meta property=\"og:image:width\" content=\"1599\" \/>\n\t<meta property=\"og:image:height\" content=\"1200\" \/>\n\t<meta property=\"og:image:type\" content=\"image\/jpeg\" \/>\n<meta name=\"author\" content=\"Not\u00edcias em Destaque\" \/>\n<meta name=\"twitter:card\" content=\"summary_large_image\" \/>\n<meta name=\"twitter:label1\" content=\"Escrito por\" \/>\n\t<meta name=\"twitter:data1\" content=\"Not\u00edcias em Destaque\" \/>\n\t<meta name=\"twitter:label2\" content=\"Est. tempo de leitura\" \/>\n\t<meta name=\"twitter:data2\" content=\"2 minutos\" \/>\n<script type=\"application\/ld+json\" class=\"yoast-schema-graph\">{\"@context\":\"https:\/\/schema.org\",\"@graph\":[{\"@type\":\"Article\",\"@id\":\"https:\/\/noticiasemdestaque.com\/cd\/?p=43454#article\",\"isPartOf\":{\"@id\":\"https:\/\/noticiasemdestaque.com\/cd\/?p=43454\"},\"author\":{\"name\":\"Not\u00edcias em Destaque\",\"@id\":\"https:\/\/noticiasemdestaque.com\/cd\/#\/schema\/person\/47f7d4f55eec17c6b2ca036c5500f6ce\"},\"headline\":\"Irm\u00e3o Arimat\u00e9ia promove festa em comemora\u00e7\u00e3o ao Dia das Crian\u00e7as no bairro Pedro Ferreira em Sum\u00e9\",\"datePublished\":\"2022-10-18T23:23:56+00:00\",\"mainEntityOfPage\":{\"@id\":\"https:\/\/noticiasemdestaque.com\/cd\/?p=43454\"},\"wordCount\":146,\"publisher\":{\"@id\":\"https:\/\/noticiasemdestaque.com\/cd\/#organization\"},\"image\":{\"@id\":\"https:\/\/noticiasemdestaque.com\/cd\/?p=43454#primaryimage\"},\"thumbnailUrl\":\"https:\/\/noticiasemdestaque.com\/cd\/wp-content\/uploads\/2022\/10\/cdab6b82-1098-461c-8f5d-278a0dea7ad8.jpg\",\"articleSection\":[\"Geral\"],\"inLanguage\":\"pt-BR\"},{\"@type\":\"WebPage\",\"@id\":\"https:\/\/noticiasemdestaque.com\/cd\/?p=43454\",\"url\":\"https:\/\/noticiasemdestaque.com\/cd\/?p=43454\",\"name\":\"Irm\u00e3o Arimat\u00e9ia promove festa em comemora\u00e7\u00e3o ao Dia das Crian\u00e7as no bairro Pedro Ferreira em Sum\u00e9 - Not&iacute;cias em Destaque\",\"isPartOf\":{\"@id\":\"https:\/\/noticiasemdestaque.com\/cd\/#website\"},\"primaryImageOfPage\":{\"@id\":\"https:\/\/noticiasemdestaque.com\/cd\/?p=43454#primaryimage\"},\"image\":{\"@id\":\"https:\/\/noticiasemdestaque.com\/cd\/?p=43454#primaryimage\"},\"thumbnailUrl\":\"https:\/\/noticiasemdestaque.com\/cd\/wp-content\/uploads\/2022\/10\/cdab6b82-1098-461c-8f5d-278a0dea7ad8.jpg\",\"datePublished\":\"2022-10-18T23:23:56+00:00\",\"breadcrumb\":{\"@id\":\"https:\/\/noticiasemdestaque.com\/cd\/?p=43454#breadcrumb\"},\"inLanguage\":\"pt-BR\",\"potentialAction\":[{\"@type\":\"ReadAction\",\"target\":[\"https:\/\/noticiasemdestaque.com\/cd\/?p=43454\"]}]},{\"@type\":\"ImageObject\",\"inLanguage\":\"pt-BR\",\"@id\":\"https:\/\/noticiasemdestaque.com\/cd\/?p=43454#primaryimage\",\"url\":\"https:\/\/noticiasemdestaque.com\/cd\/wp-content\/uploads\/2022\/10\/cdab6b82-1098-461c-8f5d-278a0dea7ad8.jpg\",\"contentUrl\":\"https:\/\/noticiasemdestaque.com\/cd\/wp-content\/uploads\/2022\/10\/cdab6b82-1098-461c-8f5d-278a0dea7ad8.jpg\",\"width\":1599,\"height\":1200},{\"@type\":\"BreadcrumbList\",\"@id\":\"https:\/\/noticiasemdestaque.com\/cd\/?p=43454#breadcrumb\",\"itemListElement\":[{\"@type\":\"ListItem\",\"position\":1,\"name\":\"In\u00edcio\",\"item\":\"https:\/\/noticiasemdestaque.com\/cd\/\"},{\"@type\":\"ListItem\",\"position\":2,\"name\":\"Irm\u00e3o Arimat\u00e9ia promove festa em comemora\u00e7\u00e3o ao Dia das Crian\u00e7as no bairro Pedro Ferreira em Sum\u00e9\"}]},{\"@type\":\"WebSite\",\"@id\":\"https:\/\/noticiasemdestaque.com\/cd\/#website\",\"url\":\"https:\/\/noticiasemdestaque.com\/cd\/\",\"name\":\"Not&iacute;cias em Destaque\",\"description\":\"\",\"publisher\":{\"@id\":\"https:\/\/noticiasemdestaque.com\/cd\/#organization\"},\"potentialAction\":[{\"@type\":\"SearchAction\",\"target\":{\"@type\":\"EntryPoint\",\"urlTemplate\":\"https:\/\/noticiasemdestaque.com\/cd\/?s={search_term_string}\"},\"query-input\":{\"@type\":\"PropertyValueSpecification\",\"valueRequired\":true,\"valueName\":\"search_term_string\"}}],\"inLanguage\":\"pt-BR\"},{\"@type\":\"Organization\",\"@id\":\"https:\/\/noticiasemdestaque.com\/cd\/#organization\",\"name\":\"Not\u00edcias em Destaque\",\"url\":\"https:\/\/noticiasemdestaque.com\/cd\/\",\"logo\":{\"@type\":\"ImageObject\",\"inLanguage\":\"pt-BR\",\"@id\":\"https:\/\/noticiasemdestaque.com\/cd\/#\/schema\/logo\/image\/\",\"url\":\"https:\/\/noticiasemdestaque.com\/cd\/wp-content\/uploads\/2022\/05\/imagem-base-noticiasemdestaque.png\",\"contentUrl\":\"https:\/\/noticiasemdestaque.com\/cd\/wp-content\/uploads\/2022\/05\/imagem-base-noticiasemdestaque.png\",\"width\":1200,\"height\":630,\"caption\":\"Not\u00edcias em Destaque\"},\"image\":{\"@id\":\"https:\/\/noticiasemdestaque.com\/cd\/#\/schema\/logo\/image\/\"}},{\"@type\":\"Person\",\"@id\":\"https:\/\/noticiasemdestaque.com\/cd\/#\/schema\/person\/47f7d4f55eec17c6b2ca036c5500f6ce\",\"name\":\"Not\u00edcias em Destaque\",\"url\":\"https:\/\/noticiasemdestaque.com\/cd\/?author=2\"}]}<\/script>\n<!-- \/ Yoast SEO plugin. -->","yoast_head_json":{"title":"Irm\u00e3o Arimat\u00e9ia promove festa em comemora\u00e7\u00e3o ao Dia das Crian\u00e7as no bairro Pedro Ferreira em Sum\u00e9 - Not&iacute;cias em Destaque","robots":{"index":"index","follow":"follow","max-snippet":"max-snippet:-1","max-image-preview":"max-image-preview:large","max-video-preview":"max-video-preview:-1"},"canonical":"https:\/\/noticiasemdestaque.com\/cd\/?p=43454","og_locale":"pt_BR","og_type":"article","og_title":"Irm\u00e3o Arimat\u00e9ia promove festa em comemora\u00e7\u00e3o ao Dia das Crian\u00e7as no bairro Pedro Ferreira em Sum\u00e9 - Not&iacute;cias em Destaque","og_description":"Neste fim de semana, o irm\u00e3o Arimat\u00e9ia e sua esposa, a professora Jucy Ara\u00fajo, suplente de vereadora em Sum\u00e9, realizaram uma festa em comemora\u00e7\u00e3o ao Dia das Crian\u00e7as no bairro Pedro Ferreira em seu terceiro ano. O dia de lazer contou com uma vasta programa\u00e7\u00e3o, incluindo brincadeiras, pipocas, balas, algod\u00e3o doce, pula-pula e distribui\u00e7\u00e3o de brinquedos. \u201c\u00c9 com muito prazer e dedica\u00e7\u00e3o que hoje estamos realizando essa festinha para as crian\u00e7as, 3\u00b0 ano de festa, muito satisfeito e feliz com os resultados, ao ver a alegria em cada uma delas presentes aqui\u201d, comentou o irm\u00e3o Arimat\u00e9ia. Not\u00edcias em Destaque","og_url":"https:\/\/noticiasemdestaque.com\/cd\/?p=43454","og_site_name":"Not&iacute;cias em Destaque","article_published_time":"2022-10-18T23:23:56+00:00","og_image":[{"width":1599,"height":1200,"url":"https:\/\/noticiasemdestaque.com\/cd\/wp-content\/uploads\/2022\/10\/cdab6b82-1098-461c-8f5d-278a0dea7ad8.jpg","type":"image\/jpeg"}],"author":"Not\u00edcias em Destaque","twitter_card":"summary_large_image","twitter_misc":{"Escrito por":"Not\u00edcias em Destaque","Est. tempo de leitura":"2 minutos"},"schema":{"@context":"https:\/\/schema.org","@graph":[{"@type":"Article","@id":"https:\/\/noticiasemdestaque.com\/cd\/?p=43454#article","isPartOf":{"@id":"https:\/\/noticiasemdestaque.com\/cd\/?p=43454"},"author":{"name":"Not\u00edcias em Destaque","@id":"https:\/\/noticiasemdestaque.com\/cd\/#\/schema\/person\/47f7d4f55eec17c6b2ca036c5500f6ce"},"headline":"Irm\u00e3o Arimat\u00e9ia promove festa em comemora\u00e7\u00e3o ao Dia das Crian\u00e7as no bairro Pedro Ferreira em Sum\u00e9","datePublished":"2022-10-18T23:23:56+00:00","mainEntityOfPage":{"@id":"https:\/\/noticiasemdestaque.com\/cd\/?p=43454"},"wordCount":146,"publisher":{"@id":"https:\/\/noticiasemdestaque.com\/cd\/#organization"},"image":{"@id":"https:\/\/noticiasemdestaque.com\/cd\/?p=43454#primaryimage"},"thumbnailUrl":"https:\/\/noticiasemdestaque.com\/cd\/wp-content\/uploads\/2022\/10\/cdab6b82-1098-461c-8f5d-278a0dea7ad8.jpg","articleSection":["Geral"],"inLanguage":"pt-BR"},{"@type":"WebPage","@id":"https:\/\/noticiasemdestaque.com\/cd\/?p=43454","url":"https:\/\/noticiasemdestaque.com\/cd\/?p=43454","name":"Irm\u00e3o Arimat\u00e9ia promove festa em comemora\u00e7\u00e3o ao Dia das Crian\u00e7as no bairro Pedro Ferreira em Sum\u00e9 - Not&iacute;cias em Destaque","isPartOf":{"@id":"https:\/\/noticiasemdestaque.com\/cd\/#website"},"primaryImageOfPage":{"@id":"https:\/\/noticiasemdestaque.com\/cd\/?p=43454#primaryimage"},"image":{"@id":"https:\/\/noticiasemdestaque.com\/cd\/?p=43454#primaryimage"},"thumbnailUrl":"https:\/\/noticiasemdestaque.com\/cd\/wp-content\/uploads\/2022\/10\/cdab6b82-1098-461c-8f5d-278a0dea7ad8.jpg","datePublished":"2022-10-18T23:23:56+00:00","breadcrumb":{"@id":"https:\/\/noticiasemdestaque.com\/cd\/?p=43454#breadcrumb"},"inLanguage":"pt-BR","potentialAction":[{"@type":"ReadAction","target":["https:\/\/noticiasemdestaque.com\/cd\/?p=43454"]}]},{"@type":"ImageObject","inLanguage":"pt-BR","@id":"https:\/\/noticiasemdestaque.com\/cd\/?p=43454#primaryimage","url":"https:\/\/noticiasemdestaque.com\/cd\/wp-content\/uploads\/2022\/10\/cdab6b82-1098-461c-8f5d-278a0dea7ad8.jpg","contentUrl":"https:\/\/noticiasemdestaque.com\/cd\/wp-content\/uploads\/2022\/10\/cdab6b82-1098-461c-8f5d-278a0dea7ad8.jpg","width":1599,"height":1200},{"@type":"BreadcrumbList","@id":"https:\/\/noticiasemdestaque.com\/cd\/?p=43454#breadcrumb","itemListElement":[{"@type":"ListItem","position":1,"name":"In\u00edcio","item":"https:\/\/noticiasemdestaque.com\/cd\/"},{"@type":"ListItem","position":2,"name":"Irm\u00e3o Arimat\u00e9ia promove festa em comemora\u00e7\u00e3o ao Dia das Crian\u00e7as no bairro Pedro Ferreira em Sum\u00e9"}]},{"@type":"WebSite","@id":"https:\/\/noticiasemdestaque.com\/cd\/#website","url":"https:\/\/noticiasemdestaque.com\/cd\/","name":"Not&iacute;cias em Destaque","description":"","publisher":{"@id":"https:\/\/noticiasemdestaque.com\/cd\/#organization"},"potentialAction":[{"@type":"SearchAction","target":{"@type":"EntryPoint","urlTemplate":"https:\/\/noticiasemdestaque.com\/cd\/?s={search_term_string}"},"query-input":{"@type":"PropertyValueSpecification","valueRequired":true,"valueName":"search_term_string"}}],"inLanguage":"pt-BR"},{"@type":"Organization","@id":"https:\/\/noticiasemdestaque.com\/cd\/#organization","name":"Not\u00edcias em Destaque","url":"https:\/\/noticiasemdestaque.com\/cd\/","logo":{"@type":"ImageObject","inLanguage":"pt-BR","@id":"https:\/\/noticiasemdestaque.com\/cd\/#\/schema\/logo\/image\/","url":"https:\/\/noticiasemdestaque.com\/cd\/wp-content\/uploads\/2022\/05\/imagem-base-noticiasemdestaque.png","contentUrl":"https:\/\/noticiasemdestaque.com\/cd\/wp-content\/uploads\/2022\/05\/imagem-base-noticiasemdestaque.png","width":1200,"height":630,"caption":"Not\u00edcias em Destaque"},"image":{"@id":"https:\/\/noticiasemdestaque.com\/cd\/#\/schema\/logo\/image\/"}},{"@type":"Person","@id":"https:\/\/noticiasemdestaque.com\/cd\/#\/schema\/person\/47f7d4f55eec17c6b2ca036c5500f6ce","name":"Not\u00edcias em Destaque","url":"https:\/\/noticiasemdestaque.com\/cd\/?author=2"}]}},"jetpack_featured_media_url":"https:\/\/noticiasemdestaque.com\/cd\/wp-content\/uploads\/2022\/10\/cdab6b82-1098-461c-8f5d-278a0dea7ad8.jpg","jetpack_sharing_enabled":true,"_links":{"self":[{"href":"https:\/\/noticiasemdestaque.com\/cd\/index.php?rest_route=\/wp\/v2\/posts\/43454","targetHints":{"allow":["GET"]}}],"collection":[{"href":"https:\/\/noticiasemdestaque.com\/cd\/index.php?rest_route=\/wp\/v2\/posts"}],"about":[{"href":"https:\/\/noticiasemdestaque.com\/cd\/index.php?rest_route=\/wp\/v2\/types\/post"}],"author":[{"embeddable":true,"href":"https:\/\/noticiasemdestaque.com\/cd\/index.php?rest_route=\/wp\/v2\/users\/2"}],"replies":[{"embeddable":true,"href":"https:\/\/noticiasemdestaque.com\/cd\/index.php?rest_route=%2Fwp%2Fv2%2Fcomments&post=43454"}],"version-history":[{"count":1,"href":"https:\/\/noticiasemdestaque.com\/cd\/index.php?rest_route=\/wp\/v2\/posts\/43454\/revisions"}],"predecessor-version":[{"id":43463,"href":"https:\/\/noticiasemdestaque.com\/cd\/index.php?rest_route=\/wp\/v2\/posts\/43454\/revisions\/43463"}],"wp:featuredmedia":[{"embeddable":true,"href":"https:\/\/noticiasemdestaque.com\/cd\/index.php?rest_route=\/wp\/v2\/media\/43461"}],"wp:attachment":[{"href":"https:\/\/noticiasemdestaque.com\/cd\/index.php?rest_route=%2Fwp%2Fv2%2Fmedia&parent=43454"}],"wp:term":[{"taxonomy":"category","embeddable":true,"href":"https:\/\/noticiasemdestaque.com\/cd\/index.php?rest_route=%2Fwp%2Fv2%2Fcategories&post=43454"},{"taxonomy":"post_tag","embeddable":true,"href":"https:\/\/noticiasemdestaque.com\/cd\/index.php?rest_route=%2Fwp%2Fv2%2Ftags&post=43454"}],"curies":[{"name":"wp","href":"https:\/\/api.w.org\/{rel}","templated":true}]}}