{"id":43451,"date":"2022-10-18T19:36:30","date_gmt":"2022-10-18T22:36:30","guid":{"rendered":"https:\/\/noticiasemdestaque.com\/cd\/?p=43451"},"modified":"2022-10-18T19:36:30","modified_gmt":"2022-10-18T22:36:30","slug":"prefeitura-de-prata-intensifica-acoes-de-servicos-de-manutencao-de-iluminacao-publica-na-cidade-e-zona-rural","status":"publish","type":"post","link":"https:\/\/noticiasemdestaque.com\/cd\/?p=43451","title":{"rendered":"Prefeitura de Prata intensifica a\u00e7\u00f5es de servi\u00e7os de manuten\u00e7\u00e3o de ilumina\u00e7\u00e3o p\u00fablica na cidade e zona rural"},"content":{"rendered":"<p><a href=\"https:\/\/noticiasemdestaque.com\/cd\/wp-content\/uploads\/2022\/10\/12-18-38-1666104707627866-0.jpg\"><img fetchpriority=\"high\" decoding=\"async\" class=\"size-medium wp-image-43452 aligncenter\" src=\"https:\/\/noticiasemdestaque.com\/cd\/wp-content\/uploads\/2022\/10\/12-18-38-1666104707627866-0-300x169.jpg\" alt=\"\" width=\"300\" height=\"169\" srcset=\"https:\/\/noticiasemdestaque.com\/cd\/wp-content\/uploads\/2022\/10\/12-18-38-1666104707627866-0-300x169.jpg 300w, https:\/\/noticiasemdestaque.com\/cd\/wp-content\/uploads\/2022\/10\/12-18-38-1666104707627866-0-1024x576.jpg 1024w, https:\/\/noticiasemdestaque.com\/cd\/wp-content\/uploads\/2022\/10\/12-18-38-1666104707627866-0-768x432.jpg 768w, https:\/\/noticiasemdestaque.com\/cd\/wp-content\/uploads\/2022\/10\/12-18-38-1666104707627866-0-18x10.jpg 18w, https:\/\/noticiasemdestaque.com\/cd\/wp-content\/uploads\/2022\/10\/12-18-38-1666104707627866-0.jpg 1200w\" sizes=\"(max-width: 300px) 100vw, 300px\" \/><\/a><\/p>\n<p>A Prefeitura de Prata, atrav\u00e9s da Secretaria Municipal de Infraestrutura, vem intensificando as a\u00e7\u00f5es para melhorar a ilumina\u00e7\u00e3o p\u00fablica no munic\u00edpio.<\/p>\n<p>O objetivo \u00e9 atender o m\u00e1ximo poss\u00edvel de usu\u00e1rios nas diversas ruas da cidade e zona rural com servi\u00e7os de manuten\u00e7\u00e3o.<\/p>\n<p>As a\u00e7\u00f5es est\u00e3o sendo executadas com servi\u00e7o de manuten\u00e7\u00e3o no s\u00edtio Boa Sorte, precisamente na sangria do a\u00e7ude, no s\u00edtio Riacho da Prata, na zona rural e na rua Souto Maior, na zona urbana.<\/p>\n<p>ASCOM PMP<\/p>\n","protected":false},"excerpt":{"rendered":"<p>A Prefeitura de Prata, atrav\u00e9s da Secretaria Municipal de Infraestrutura, vem intensificando as a\u00e7\u00f5es para melhorar a ilumina\u00e7\u00e3o p\u00fablica no munic\u00edpio. O objetivo \u00e9 atender o m\u00e1ximo poss\u00edvel de usu\u00e1rios nas diversas ruas da cidade e zona rural com servi\u00e7os de manuten\u00e7\u00e3o. As a\u00e7\u00f5es est\u00e3o sendo executadas com servi\u00e7o de manuten\u00e7\u00e3o no s\u00edtio Boa Sorte, precisamente na sangria do a\u00e7ude, no s\u00edtio Riacho da Prata, na zona rural e na rua Souto Maior, na zona urbana. ASCOM PMP<\/p>\n","protected":false},"author":2,"featured_media":43452,"comment_status":"closed","ping_status":"open","sticky":false,"template":"","format":"standard","meta":{"_eb_attr":"","_jetpack_memberships_contains_paid_content":false,"footnotes":""},"categories":[4],"tags":[],"class_list":["post-43451","post","type-post","status-publish","format-standard","has-post-thumbnail","hentry","category-politica"],"yoast_head":"<!-- This site is optimized with the Yoast SEO plugin v26.5 - https:\/\/yoast.com\/wordpress\/plugins\/seo\/ -->\n<title>Prefeitura de Prata intensifica a\u00e7\u00f5es de servi\u00e7os de manuten\u00e7\u00e3o de ilumina\u00e7\u00e3o p\u00fablica na cidade e zona rural - Not&iacute;cias em Destaque<\/title>\n<meta name=\"robots\" content=\"index, follow, max-snippet:-1, max-image-preview:large, max-video-preview:-1\" \/>\n<link rel=\"canonical\" href=\"https:\/\/noticiasemdestaque.com\/cd\/?p=43451\" \/>\n<meta property=\"og:locale\" content=\"pt_BR\" \/>\n<meta property=\"og:type\" content=\"article\" \/>\n<meta property=\"og:title\" content=\"Prefeitura de Prata intensifica a\u00e7\u00f5es de servi\u00e7os de manuten\u00e7\u00e3o de ilumina\u00e7\u00e3o p\u00fablica na cidade e zona rural - Not&iacute;cias em Destaque\" \/>\n<meta property=\"og:description\" content=\"A Prefeitura de Prata, atrav\u00e9s da Secretaria Municipal de Infraestrutura, vem intensificando as a\u00e7\u00f5es para melhorar a ilumina\u00e7\u00e3o p\u00fablica no munic\u00edpio. O objetivo \u00e9 atender o m\u00e1ximo poss\u00edvel de usu\u00e1rios nas diversas ruas da cidade e zona rural com servi\u00e7os de manuten\u00e7\u00e3o. As a\u00e7\u00f5es est\u00e3o sendo executadas com servi\u00e7o de manuten\u00e7\u00e3o no s\u00edtio Boa Sorte, precisamente na sangria do a\u00e7ude, no s\u00edtio Riacho da Prata, na zona rural e na rua Souto Maior, na zona urbana. ASCOM PMP\" \/>\n<meta property=\"og:url\" content=\"https:\/\/noticiasemdestaque.com\/cd\/?p=43451\" \/>\n<meta property=\"og:site_name\" content=\"Not&iacute;cias em Destaque\" \/>\n<meta property=\"article:published_time\" content=\"2022-10-18T22:36:30+00:00\" \/>\n<meta property=\"og:image\" content=\"https:\/\/noticiasemdestaque.com\/cd\/wp-content\/uploads\/2022\/10\/12-18-38-1666104707627866-0.jpg\" \/>\n\t<meta property=\"og:image:width\" content=\"1200\" \/>\n\t<meta property=\"og:image:height\" content=\"675\" \/>\n\t<meta property=\"og:image:type\" content=\"image\/jpeg\" \/>\n<meta name=\"author\" content=\"Not\u00edcias em Destaque\" \/>\n<meta name=\"twitter:card\" content=\"summary_large_image\" \/>\n<meta name=\"twitter:label1\" content=\"Escrito por\" \/>\n\t<meta name=\"twitter:data1\" content=\"Not\u00edcias em Destaque\" \/>\n\t<meta name=\"twitter:label2\" content=\"Est. tempo de leitura\" \/>\n\t<meta name=\"twitter:data2\" content=\"1 minuto\" \/>\n<script type=\"application\/ld+json\" class=\"yoast-schema-graph\">{\"@context\":\"https:\/\/schema.org\",\"@graph\":[{\"@type\":\"Article\",\"@id\":\"https:\/\/noticiasemdestaque.com\/cd\/?p=43451#article\",\"isPartOf\":{\"@id\":\"https:\/\/noticiasemdestaque.com\/cd\/?p=43451\"},\"author\":{\"name\":\"Not\u00edcias em Destaque\",\"@id\":\"https:\/\/noticiasemdestaque.com\/cd\/#\/schema\/person\/47f7d4f55eec17c6b2ca036c5500f6ce\"},\"headline\":\"Prefeitura de Prata intensifica a\u00e7\u00f5es de servi\u00e7os de manuten\u00e7\u00e3o de ilumina\u00e7\u00e3o p\u00fablica na cidade e zona rural\",\"datePublished\":\"2022-10-18T22:36:30+00:00\",\"mainEntityOfPage\":{\"@id\":\"https:\/\/noticiasemdestaque.com\/cd\/?p=43451\"},\"wordCount\":116,\"publisher\":{\"@id\":\"https:\/\/noticiasemdestaque.com\/cd\/#organization\"},\"image\":{\"@id\":\"https:\/\/noticiasemdestaque.com\/cd\/?p=43451#primaryimage\"},\"thumbnailUrl\":\"https:\/\/noticiasemdestaque.com\/cd\/wp-content\/uploads\/2022\/10\/12-18-38-1666104707627866-0.jpg\",\"articleSection\":[\"Pol\u00edtica\"],\"inLanguage\":\"pt-BR\"},{\"@type\":\"WebPage\",\"@id\":\"https:\/\/noticiasemdestaque.com\/cd\/?p=43451\",\"url\":\"https:\/\/noticiasemdestaque.com\/cd\/?p=43451\",\"name\":\"Prefeitura de Prata intensifica a\u00e7\u00f5es de servi\u00e7os de manuten\u00e7\u00e3o de ilumina\u00e7\u00e3o p\u00fablica na cidade e zona rural - Not&iacute;cias em Destaque\",\"isPartOf\":{\"@id\":\"https:\/\/noticiasemdestaque.com\/cd\/#website\"},\"primaryImageOfPage\":{\"@id\":\"https:\/\/noticiasemdestaque.com\/cd\/?p=43451#primaryimage\"},\"image\":{\"@id\":\"https:\/\/noticiasemdestaque.com\/cd\/?p=43451#primaryimage\"},\"thumbnailUrl\":\"https:\/\/noticiasemdestaque.com\/cd\/wp-content\/uploads\/2022\/10\/12-18-38-1666104707627866-0.jpg\",\"datePublished\":\"2022-10-18T22:36:30+00:00\",\"breadcrumb\":{\"@id\":\"https:\/\/noticiasemdestaque.com\/cd\/?p=43451#breadcrumb\"},\"inLanguage\":\"pt-BR\",\"potentialAction\":[{\"@type\":\"ReadAction\",\"target\":[\"https:\/\/noticiasemdestaque.com\/cd\/?p=43451\"]}]},{\"@type\":\"ImageObject\",\"inLanguage\":\"pt-BR\",\"@id\":\"https:\/\/noticiasemdestaque.com\/cd\/?p=43451#primaryimage\",\"url\":\"https:\/\/noticiasemdestaque.com\/cd\/wp-content\/uploads\/2022\/10\/12-18-38-1666104707627866-0.jpg\",\"contentUrl\":\"https:\/\/noticiasemdestaque.com\/cd\/wp-content\/uploads\/2022\/10\/12-18-38-1666104707627866-0.jpg\",\"width\":1200,\"height\":675},{\"@type\":\"BreadcrumbList\",\"@id\":\"https:\/\/noticiasemdestaque.com\/cd\/?p=43451#breadcrumb\",\"itemListElement\":[{\"@type\":\"ListItem\",\"position\":1,\"name\":\"In\u00edcio\",\"item\":\"https:\/\/noticiasemdestaque.com\/cd\/\"},{\"@type\":\"ListItem\",\"position\":2,\"name\":\"Prefeitura de Prata intensifica a\u00e7\u00f5es de servi\u00e7os de manuten\u00e7\u00e3o de ilumina\u00e7\u00e3o p\u00fablica na cidade e zona rural\"}]},{\"@type\":\"WebSite\",\"@id\":\"https:\/\/noticiasemdestaque.com\/cd\/#website\",\"url\":\"https:\/\/noticiasemdestaque.com\/cd\/\",\"name\":\"Not&iacute;cias em Destaque\",\"description\":\"\",\"publisher\":{\"@id\":\"https:\/\/noticiasemdestaque.com\/cd\/#organization\"},\"potentialAction\":[{\"@type\":\"SearchAction\",\"target\":{\"@type\":\"EntryPoint\",\"urlTemplate\":\"https:\/\/noticiasemdestaque.com\/cd\/?s={search_term_string}\"},\"query-input\":{\"@type\":\"PropertyValueSpecification\",\"valueRequired\":true,\"valueName\":\"search_term_string\"}}],\"inLanguage\":\"pt-BR\"},{\"@type\":\"Organization\",\"@id\":\"https:\/\/noticiasemdestaque.com\/cd\/#organization\",\"name\":\"Not\u00edcias em Destaque\",\"url\":\"https:\/\/noticiasemdestaque.com\/cd\/\",\"logo\":{\"@type\":\"ImageObject\",\"inLanguage\":\"pt-BR\",\"@id\":\"https:\/\/noticiasemdestaque.com\/cd\/#\/schema\/logo\/image\/\",\"url\":\"https:\/\/noticiasemdestaque.com\/cd\/wp-content\/uploads\/2022\/05\/imagem-base-noticiasemdestaque.png\",\"contentUrl\":\"https:\/\/noticiasemdestaque.com\/cd\/wp-content\/uploads\/2022\/05\/imagem-base-noticiasemdestaque.png\",\"width\":1200,\"height\":630,\"caption\":\"Not\u00edcias em Destaque\"},\"image\":{\"@id\":\"https:\/\/noticiasemdestaque.com\/cd\/#\/schema\/logo\/image\/\"}},{\"@type\":\"Person\",\"@id\":\"https:\/\/noticiasemdestaque.com\/cd\/#\/schema\/person\/47f7d4f55eec17c6b2ca036c5500f6ce\",\"name\":\"Not\u00edcias em Destaque\",\"url\":\"https:\/\/noticiasemdestaque.com\/cd\/?author=2\"}]}<\/script>\n<!-- \/ Yoast SEO plugin. -->","yoast_head_json":{"title":"Prefeitura de Prata intensifica a\u00e7\u00f5es de servi\u00e7os de manuten\u00e7\u00e3o de ilumina\u00e7\u00e3o p\u00fablica na cidade e zona rural - Not&iacute;cias em Destaque","robots":{"index":"index","follow":"follow","max-snippet":"max-snippet:-1","max-image-preview":"max-image-preview:large","max-video-preview":"max-video-preview:-1"},"canonical":"https:\/\/noticiasemdestaque.com\/cd\/?p=43451","og_locale":"pt_BR","og_type":"article","og_title":"Prefeitura de Prata intensifica a\u00e7\u00f5es de servi\u00e7os de manuten\u00e7\u00e3o de ilumina\u00e7\u00e3o p\u00fablica na cidade e zona rural - Not&iacute;cias em Destaque","og_description":"A Prefeitura de Prata, atrav\u00e9s da Secretaria Municipal de Infraestrutura, vem intensificando as a\u00e7\u00f5es para melhorar a ilumina\u00e7\u00e3o p\u00fablica no munic\u00edpio. O objetivo \u00e9 atender o m\u00e1ximo poss\u00edvel de usu\u00e1rios nas diversas ruas da cidade e zona rural com servi\u00e7os de manuten\u00e7\u00e3o. As a\u00e7\u00f5es est\u00e3o sendo executadas com servi\u00e7o de manuten\u00e7\u00e3o no s\u00edtio Boa Sorte, precisamente na sangria do a\u00e7ude, no s\u00edtio Riacho da Prata, na zona rural e na rua Souto Maior, na zona urbana. ASCOM PMP","og_url":"https:\/\/noticiasemdestaque.com\/cd\/?p=43451","og_site_name":"Not&iacute;cias em Destaque","article_published_time":"2022-10-18T22:36:30+00:00","og_image":[{"width":1200,"height":675,"url":"https:\/\/noticiasemdestaque.com\/cd\/wp-content\/uploads\/2022\/10\/12-18-38-1666104707627866-0.jpg","type":"image\/jpeg"}],"author":"Not\u00edcias em Destaque","twitter_card":"summary_large_image","twitter_misc":{"Escrito por":"Not\u00edcias em Destaque","Est. tempo de leitura":"1 minuto"},"schema":{"@context":"https:\/\/schema.org","@graph":[{"@type":"Article","@id":"https:\/\/noticiasemdestaque.com\/cd\/?p=43451#article","isPartOf":{"@id":"https:\/\/noticiasemdestaque.com\/cd\/?p=43451"},"author":{"name":"Not\u00edcias em Destaque","@id":"https:\/\/noticiasemdestaque.com\/cd\/#\/schema\/person\/47f7d4f55eec17c6b2ca036c5500f6ce"},"headline":"Prefeitura de Prata intensifica a\u00e7\u00f5es de servi\u00e7os de manuten\u00e7\u00e3o de ilumina\u00e7\u00e3o p\u00fablica na cidade e zona rural","datePublished":"2022-10-18T22:36:30+00:00","mainEntityOfPage":{"@id":"https:\/\/noticiasemdestaque.com\/cd\/?p=43451"},"wordCount":116,"publisher":{"@id":"https:\/\/noticiasemdestaque.com\/cd\/#organization"},"image":{"@id":"https:\/\/noticiasemdestaque.com\/cd\/?p=43451#primaryimage"},"thumbnailUrl":"https:\/\/noticiasemdestaque.com\/cd\/wp-content\/uploads\/2022\/10\/12-18-38-1666104707627866-0.jpg","articleSection":["Pol\u00edtica"],"inLanguage":"pt-BR"},{"@type":"WebPage","@id":"https:\/\/noticiasemdestaque.com\/cd\/?p=43451","url":"https:\/\/noticiasemdestaque.com\/cd\/?p=43451","name":"Prefeitura de Prata intensifica a\u00e7\u00f5es de servi\u00e7os de manuten\u00e7\u00e3o de ilumina\u00e7\u00e3o p\u00fablica na cidade e zona rural - Not&iacute;cias em Destaque","isPartOf":{"@id":"https:\/\/noticiasemdestaque.com\/cd\/#website"},"primaryImageOfPage":{"@id":"https:\/\/noticiasemdestaque.com\/cd\/?p=43451#primaryimage"},"image":{"@id":"https:\/\/noticiasemdestaque.com\/cd\/?p=43451#primaryimage"},"thumbnailUrl":"https:\/\/noticiasemdestaque.com\/cd\/wp-content\/uploads\/2022\/10\/12-18-38-1666104707627866-0.jpg","datePublished":"2022-10-18T22:36:30+00:00","breadcrumb":{"@id":"https:\/\/noticiasemdestaque.com\/cd\/?p=43451#breadcrumb"},"inLanguage":"pt-BR","potentialAction":[{"@type":"ReadAction","target":["https:\/\/noticiasemdestaque.com\/cd\/?p=43451"]}]},{"@type":"ImageObject","inLanguage":"pt-BR","@id":"https:\/\/noticiasemdestaque.com\/cd\/?p=43451#primaryimage","url":"https:\/\/noticiasemdestaque.com\/cd\/wp-content\/uploads\/2022\/10\/12-18-38-1666104707627866-0.jpg","contentUrl":"https:\/\/noticiasemdestaque.com\/cd\/wp-content\/uploads\/2022\/10\/12-18-38-1666104707627866-0.jpg","width":1200,"height":675},{"@type":"BreadcrumbList","@id":"https:\/\/noticiasemdestaque.com\/cd\/?p=43451#breadcrumb","itemListElement":[{"@type":"ListItem","position":1,"name":"In\u00edcio","item":"https:\/\/noticiasemdestaque.com\/cd\/"},{"@type":"ListItem","position":2,"name":"Prefeitura de Prata intensifica a\u00e7\u00f5es de servi\u00e7os de manuten\u00e7\u00e3o de ilumina\u00e7\u00e3o p\u00fablica na cidade e zona rural"}]},{"@type":"WebSite","@id":"https:\/\/noticiasemdestaque.com\/cd\/#website","url":"https:\/\/noticiasemdestaque.com\/cd\/","name":"Not&iacute;cias em Destaque","description":"","publisher":{"@id":"https:\/\/noticiasemdestaque.com\/cd\/#organization"},"potentialAction":[{"@type":"SearchAction","target":{"@type":"EntryPoint","urlTemplate":"https:\/\/noticiasemdestaque.com\/cd\/?s={search_term_string}"},"query-input":{"@type":"PropertyValueSpecification","valueRequired":true,"valueName":"search_term_string"}}],"inLanguage":"pt-BR"},{"@type":"Organization","@id":"https:\/\/noticiasemdestaque.com\/cd\/#organization","name":"Not\u00edcias em Destaque","url":"https:\/\/noticiasemdestaque.com\/cd\/","logo":{"@type":"ImageObject","inLanguage":"pt-BR","@id":"https:\/\/noticiasemdestaque.com\/cd\/#\/schema\/logo\/image\/","url":"https:\/\/noticiasemdestaque.com\/cd\/wp-content\/uploads\/2022\/05\/imagem-base-noticiasemdestaque.png","contentUrl":"https:\/\/noticiasemdestaque.com\/cd\/wp-content\/uploads\/2022\/05\/imagem-base-noticiasemdestaque.png","width":1200,"height":630,"caption":"Not\u00edcias em Destaque"},"image":{"@id":"https:\/\/noticiasemdestaque.com\/cd\/#\/schema\/logo\/image\/"}},{"@type":"Person","@id":"https:\/\/noticiasemdestaque.com\/cd\/#\/schema\/person\/47f7d4f55eec17c6b2ca036c5500f6ce","name":"Not\u00edcias em Destaque","url":"https:\/\/noticiasemdestaque.com\/cd\/?author=2"}]}},"jetpack_featured_media_url":"https:\/\/noticiasemdestaque.com\/cd\/wp-content\/uploads\/2022\/10\/12-18-38-1666104707627866-0.jpg","jetpack_sharing_enabled":true,"_links":{"self":[{"href":"https:\/\/noticiasemdestaque.com\/cd\/index.php?rest_route=\/wp\/v2\/posts\/43451","targetHints":{"allow":["GET"]}}],"collection":[{"href":"https:\/\/noticiasemdestaque.com\/cd\/index.php?rest_route=\/wp\/v2\/posts"}],"about":[{"href":"https:\/\/noticiasemdestaque.com\/cd\/index.php?rest_route=\/wp\/v2\/types\/post"}],"author":[{"embeddable":true,"href":"https:\/\/noticiasemdestaque.com\/cd\/index.php?rest_route=\/wp\/v2\/users\/2"}],"replies":[{"embeddable":true,"href":"https:\/\/noticiasemdestaque.com\/cd\/index.php?rest_route=%2Fwp%2Fv2%2Fcomments&post=43451"}],"version-history":[{"count":1,"href":"https:\/\/noticiasemdestaque.com\/cd\/index.php?rest_route=\/wp\/v2\/posts\/43451\/revisions"}],"predecessor-version":[{"id":43453,"href":"https:\/\/noticiasemdestaque.com\/cd\/index.php?rest_route=\/wp\/v2\/posts\/43451\/revisions\/43453"}],"wp:featuredmedia":[{"embeddable":true,"href":"https:\/\/noticiasemdestaque.com\/cd\/index.php?rest_route=\/wp\/v2\/media\/43452"}],"wp:attachment":[{"href":"https:\/\/noticiasemdestaque.com\/cd\/index.php?rest_route=%2Fwp%2Fv2%2Fmedia&parent=43451"}],"wp:term":[{"taxonomy":"category","embeddable":true,"href":"https:\/\/noticiasemdestaque.com\/cd\/index.php?rest_route=%2Fwp%2Fv2%2Fcategories&post=43451"},{"taxonomy":"post_tag","embeddable":true,"href":"https:\/\/noticiasemdestaque.com\/cd\/index.php?rest_route=%2Fwp%2Fv2%2Ftags&post=43451"}],"curies":[{"name":"wp","href":"https:\/\/api.w.org\/{rel}","templated":true}]}}