{"id":43438,"date":"2022-10-18T10:17:11","date_gmt":"2022-10-18T13:17:11","guid":{"rendered":"https:\/\/noticiasemdestaque.com\/cd\/?p=43438"},"modified":"2022-10-18T10:17:11","modified_gmt":"2022-10-18T13:17:11","slug":"sinal-de-tv-digital-ja-e-realidade-em-sume","status":"publish","type":"post","link":"https:\/\/noticiasemdestaque.com\/cd\/?p=43438","title":{"rendered":"Sinal de tv digital j\u00e1 \u00e9 realidade em Sum\u00e9"},"content":{"rendered":"<p>Assistir canal aberto de televis\u00e3o sem ru\u00eddo ou chiado e com melhor qualidade de som e imagem j\u00e1 \u00e9 uma realidade em Sum\u00e9, isso porque, o munic\u00edpio participa do Digitaliza Brasil, um programa do Governo federal que tem o objetivo de digitalizar o sinal de televis\u00e3o em mais de 1.600 munic\u00edpios.<\/p>\n<p>Em Sum\u00e9, a torre de tv digital j\u00e1 est\u00e1 erguida no Conjunto Habitacional Pedro Ferreira Filho e j\u00e1 disp\u00f5es dos seguintes canais digitais:\u00a0<strong>TV Brasil, TV Brasil HD, TV Escola, TV Sa\u00fade, TV Tamba\u00fa\/SBT e Rede TV<\/strong>. Para sintoniz\u00e1-los automaticamente \u00e9 preciso a popula\u00e7\u00e3o adquirir um kit com antena e conversor digital.<\/p>\n<p>Os benefici\u00e1rios dos programas sociais do Governo Federal devem ficar atentos, isso porque, algumas pessoas ir\u00e3o receber uma carta do Minist\u00e9rio das Comunica\u00e7\u00f5es. Nela, haver\u00e1 um n\u00famero\u00a0<strong>0800 000 1620<\/strong>. Quem receber a carta, deve ligar para este n\u00famero com o CPF e NIS nas m\u00e3os e fazer um cadastro. Esse cadastro ser\u00e1 encaminhado para o munic\u00edpio de Sum\u00e9.<\/p>\n<p>Ap\u00f3s o cadastro feito, as pessoas devem se dirigir ao Centro de Forma\u00e7\u00e3o dos Professores no bairro da V\u00e1rzea Redonda, a partir desta segunda-feira, 17, e pegar o seu kit de tv digital. Apenas os cadastrados receber\u00e3o esse kit.<\/p>\n<p><strong>Noticias em Destaque<\/strong><\/p>\n<p style=\"text-align: right;\"><em>Fonte: Ascom\/PMS<\/em><\/p>\n","protected":false},"excerpt":{"rendered":"<p>Assistir canal aberto de televis\u00e3o sem ru\u00eddo ou chiado e com melhor qualidade de som e imagem j\u00e1 \u00e9 uma realidade em Sum\u00e9, isso porque, o munic\u00edpio participa do Digitaliza Brasil, um programa do Governo federal que tem o objetivo de digitalizar o sinal de televis\u00e3o em mais de 1.600 munic\u00edpios. Em Sum\u00e9, a torre de tv digital j\u00e1 est\u00e1 erguida no Conjunto Habitacional Pedro Ferreira Filho e j\u00e1 disp\u00f5es dos seguintes canais digitais:\u00a0TV Brasil, TV Brasil HD, TV Escola, TV Sa\u00fade, TV Tamba\u00fa\/SBT e Rede TV. Para sintoniz\u00e1-los automaticamente \u00e9 preciso a popula\u00e7\u00e3o adquirir um kit com antena e conversor digital. Os benefici\u00e1rios dos programas sociais do Governo Federal devem ficar atentos, isso porque, algumas pessoas ir\u00e3o receber uma carta do Minist\u00e9rio das Comunica\u00e7\u00f5es. Nela, haver\u00e1 um n\u00famero\u00a00800 000 1620. Quem receber a carta, deve ligar para este n\u00famero com o CPF e NIS nas m\u00e3os e fazer um cadastro. Esse cadastro ser\u00e1 encaminhado para o munic\u00edpio de Sum\u00e9. Ap\u00f3s o cadastro feito, as pessoas devem se dirigir ao Centro de Forma\u00e7\u00e3o dos Professores no bairro da V\u00e1rzea Redonda, a partir desta segunda-feira, 17, e pegar o seu kit de tv digital. Apenas os cadastrados receber\u00e3o esse kit. Noticias em Destaque Fonte: Ascom\/PMS<\/p>\n","protected":false},"author":2,"featured_media":43439,"comment_status":"closed","ping_status":"open","sticky":false,"template":"","format":"standard","meta":{"_eb_attr":"","_jetpack_memberships_contains_paid_content":false,"footnotes":""},"categories":[3],"tags":[],"class_list":["post-43438","post","type-post","status-publish","format-standard","has-post-thumbnail","hentry","category-cidades"],"yoast_head":"<!-- This site is optimized with the Yoast SEO plugin v26.5 - https:\/\/yoast.com\/wordpress\/plugins\/seo\/ -->\n<title>Sinal de tv digital j\u00e1 \u00e9 realidade em Sum\u00e9 - Not&iacute;cias em Destaque<\/title>\n<meta name=\"robots\" content=\"index, follow, max-snippet:-1, max-image-preview:large, max-video-preview:-1\" \/>\n<link rel=\"canonical\" href=\"https:\/\/noticiasemdestaque.com\/cd\/?p=43438\" \/>\n<meta property=\"og:locale\" content=\"pt_BR\" \/>\n<meta property=\"og:type\" content=\"article\" \/>\n<meta property=\"og:title\" content=\"Sinal de tv digital j\u00e1 \u00e9 realidade em Sum\u00e9 - Not&iacute;cias em Destaque\" \/>\n<meta property=\"og:description\" content=\"Assistir canal aberto de televis\u00e3o sem ru\u00eddo ou chiado e com melhor qualidade de som e imagem j\u00e1 \u00e9 uma realidade em Sum\u00e9, isso porque, o munic\u00edpio participa do Digitaliza Brasil, um programa do Governo federal que tem o objetivo de digitalizar o sinal de televis\u00e3o em mais de 1.600 munic\u00edpios. Em Sum\u00e9, a torre de tv digital j\u00e1 est\u00e1 erguida no Conjunto Habitacional Pedro Ferreira Filho e j\u00e1 disp\u00f5es dos seguintes canais digitais:\u00a0TV Brasil, TV Brasil HD, TV Escola, TV Sa\u00fade, TV Tamba\u00fa\/SBT e Rede TV. Para sintoniz\u00e1-los automaticamente \u00e9 preciso a popula\u00e7\u00e3o adquirir um kit com antena e conversor digital. Os benefici\u00e1rios dos programas sociais do Governo Federal devem ficar atentos, isso porque, algumas pessoas ir\u00e3o receber uma carta do Minist\u00e9rio das Comunica\u00e7\u00f5es. Nela, haver\u00e1 um n\u00famero\u00a00800 000 1620. Quem receber a carta, deve ligar para este n\u00famero com o CPF e NIS nas m\u00e3os e fazer um cadastro. Esse cadastro ser\u00e1 encaminhado para o munic\u00edpio de Sum\u00e9. Ap\u00f3s o cadastro feito, as pessoas devem se dirigir ao Centro de Forma\u00e7\u00e3o dos Professores no bairro da V\u00e1rzea Redonda, a partir desta segunda-feira, 17, e pegar o seu kit de tv digital. Apenas os cadastrados receber\u00e3o esse kit. Noticias em Destaque Fonte: Ascom\/PMS\" \/>\n<meta property=\"og:url\" content=\"https:\/\/noticiasemdestaque.com\/cd\/?p=43438\" \/>\n<meta property=\"og:site_name\" content=\"Not&iacute;cias em Destaque\" \/>\n<meta property=\"article:published_time\" content=\"2022-10-18T13:17:11+00:00\" \/>\n<meta property=\"og:image\" content=\"https:\/\/noticiasemdestaque.com\/cd\/wp-content\/uploads\/2022\/10\/CAPA-TV-DIGITAL-1-400x255-1.jpeg\" \/>\n\t<meta property=\"og:image:width\" content=\"400\" \/>\n\t<meta property=\"og:image:height\" content=\"255\" \/>\n\t<meta property=\"og:image:type\" content=\"image\/jpeg\" \/>\n<meta name=\"author\" content=\"Not\u00edcias em Destaque\" \/>\n<meta name=\"twitter:card\" content=\"summary_large_image\" \/>\n<meta name=\"twitter:label1\" content=\"Escrito por\" \/>\n\t<meta name=\"twitter:data1\" content=\"Not\u00edcias em Destaque\" \/>\n\t<meta name=\"twitter:label2\" content=\"Est. tempo de leitura\" \/>\n\t<meta name=\"twitter:data2\" content=\"2 minutos\" \/>\n<script type=\"application\/ld+json\" class=\"yoast-schema-graph\">{\"@context\":\"https:\/\/schema.org\",\"@graph\":[{\"@type\":\"Article\",\"@id\":\"https:\/\/noticiasemdestaque.com\/cd\/?p=43438#article\",\"isPartOf\":{\"@id\":\"https:\/\/noticiasemdestaque.com\/cd\/?p=43438\"},\"author\":{\"name\":\"Not\u00edcias em Destaque\",\"@id\":\"https:\/\/noticiasemdestaque.com\/cd\/#\/schema\/person\/47f7d4f55eec17c6b2ca036c5500f6ce\"},\"headline\":\"Sinal de tv digital j\u00e1 \u00e9 realidade em Sum\u00e9\",\"datePublished\":\"2022-10-18T13:17:11+00:00\",\"mainEntityOfPage\":{\"@id\":\"https:\/\/noticiasemdestaque.com\/cd\/?p=43438\"},\"wordCount\":230,\"publisher\":{\"@id\":\"https:\/\/noticiasemdestaque.com\/cd\/#organization\"},\"image\":{\"@id\":\"https:\/\/noticiasemdestaque.com\/cd\/?p=43438#primaryimage\"},\"thumbnailUrl\":\"https:\/\/noticiasemdestaque.com\/cd\/wp-content\/uploads\/2022\/10\/CAPA-TV-DIGITAL-1-400x255-1.jpeg\",\"articleSection\":[\"Cidades\"],\"inLanguage\":\"pt-BR\"},{\"@type\":\"WebPage\",\"@id\":\"https:\/\/noticiasemdestaque.com\/cd\/?p=43438\",\"url\":\"https:\/\/noticiasemdestaque.com\/cd\/?p=43438\",\"name\":\"Sinal de tv digital j\u00e1 \u00e9 realidade em Sum\u00e9 - Not&iacute;cias em Destaque\",\"isPartOf\":{\"@id\":\"https:\/\/noticiasemdestaque.com\/cd\/#website\"},\"primaryImageOfPage\":{\"@id\":\"https:\/\/noticiasemdestaque.com\/cd\/?p=43438#primaryimage\"},\"image\":{\"@id\":\"https:\/\/noticiasemdestaque.com\/cd\/?p=43438#primaryimage\"},\"thumbnailUrl\":\"https:\/\/noticiasemdestaque.com\/cd\/wp-content\/uploads\/2022\/10\/CAPA-TV-DIGITAL-1-400x255-1.jpeg\",\"datePublished\":\"2022-10-18T13:17:11+00:00\",\"breadcrumb\":{\"@id\":\"https:\/\/noticiasemdestaque.com\/cd\/?p=43438#breadcrumb\"},\"inLanguage\":\"pt-BR\",\"potentialAction\":[{\"@type\":\"ReadAction\",\"target\":[\"https:\/\/noticiasemdestaque.com\/cd\/?p=43438\"]}]},{\"@type\":\"ImageObject\",\"inLanguage\":\"pt-BR\",\"@id\":\"https:\/\/noticiasemdestaque.com\/cd\/?p=43438#primaryimage\",\"url\":\"https:\/\/noticiasemdestaque.com\/cd\/wp-content\/uploads\/2022\/10\/CAPA-TV-DIGITAL-1-400x255-1.jpeg\",\"contentUrl\":\"https:\/\/noticiasemdestaque.com\/cd\/wp-content\/uploads\/2022\/10\/CAPA-TV-DIGITAL-1-400x255-1.jpeg\",\"width\":400,\"height\":255},{\"@type\":\"BreadcrumbList\",\"@id\":\"https:\/\/noticiasemdestaque.com\/cd\/?p=43438#breadcrumb\",\"itemListElement\":[{\"@type\":\"ListItem\",\"position\":1,\"name\":\"In\u00edcio\",\"item\":\"https:\/\/noticiasemdestaque.com\/cd\/\"},{\"@type\":\"ListItem\",\"position\":2,\"name\":\"Sinal de tv digital j\u00e1 \u00e9 realidade em Sum\u00e9\"}]},{\"@type\":\"WebSite\",\"@id\":\"https:\/\/noticiasemdestaque.com\/cd\/#website\",\"url\":\"https:\/\/noticiasemdestaque.com\/cd\/\",\"name\":\"Not&iacute;cias em Destaque\",\"description\":\"\",\"publisher\":{\"@id\":\"https:\/\/noticiasemdestaque.com\/cd\/#organization\"},\"potentialAction\":[{\"@type\":\"SearchAction\",\"target\":{\"@type\":\"EntryPoint\",\"urlTemplate\":\"https:\/\/noticiasemdestaque.com\/cd\/?s={search_term_string}\"},\"query-input\":{\"@type\":\"PropertyValueSpecification\",\"valueRequired\":true,\"valueName\":\"search_term_string\"}}],\"inLanguage\":\"pt-BR\"},{\"@type\":\"Organization\",\"@id\":\"https:\/\/noticiasemdestaque.com\/cd\/#organization\",\"name\":\"Not\u00edcias em Destaque\",\"url\":\"https:\/\/noticiasemdestaque.com\/cd\/\",\"logo\":{\"@type\":\"ImageObject\",\"inLanguage\":\"pt-BR\",\"@id\":\"https:\/\/noticiasemdestaque.com\/cd\/#\/schema\/logo\/image\/\",\"url\":\"https:\/\/noticiasemdestaque.com\/cd\/wp-content\/uploads\/2022\/05\/imagem-base-noticiasemdestaque.png\",\"contentUrl\":\"https:\/\/noticiasemdestaque.com\/cd\/wp-content\/uploads\/2022\/05\/imagem-base-noticiasemdestaque.png\",\"width\":1200,\"height\":630,\"caption\":\"Not\u00edcias em Destaque\"},\"image\":{\"@id\":\"https:\/\/noticiasemdestaque.com\/cd\/#\/schema\/logo\/image\/\"}},{\"@type\":\"Person\",\"@id\":\"https:\/\/noticiasemdestaque.com\/cd\/#\/schema\/person\/47f7d4f55eec17c6b2ca036c5500f6ce\",\"name\":\"Not\u00edcias em Destaque\",\"url\":\"https:\/\/noticiasemdestaque.com\/cd\/?author=2\"}]}<\/script>\n<!-- \/ Yoast SEO plugin. -->","yoast_head_json":{"title":"Sinal de tv digital j\u00e1 \u00e9 realidade em Sum\u00e9 - Not&iacute;cias em Destaque","robots":{"index":"index","follow":"follow","max-snippet":"max-snippet:-1","max-image-preview":"max-image-preview:large","max-video-preview":"max-video-preview:-1"},"canonical":"https:\/\/noticiasemdestaque.com\/cd\/?p=43438","og_locale":"pt_BR","og_type":"article","og_title":"Sinal de tv digital j\u00e1 \u00e9 realidade em Sum\u00e9 - Not&iacute;cias em Destaque","og_description":"Assistir canal aberto de televis\u00e3o sem ru\u00eddo ou chiado e com melhor qualidade de som e imagem j\u00e1 \u00e9 uma realidade em Sum\u00e9, isso porque, o munic\u00edpio participa do Digitaliza Brasil, um programa do Governo federal que tem o objetivo de digitalizar o sinal de televis\u00e3o em mais de 1.600 munic\u00edpios. Em Sum\u00e9, a torre de tv digital j\u00e1 est\u00e1 erguida no Conjunto Habitacional Pedro Ferreira Filho e j\u00e1 disp\u00f5es dos seguintes canais digitais:\u00a0TV Brasil, TV Brasil HD, TV Escola, TV Sa\u00fade, TV Tamba\u00fa\/SBT e Rede TV. Para sintoniz\u00e1-los automaticamente \u00e9 preciso a popula\u00e7\u00e3o adquirir um kit com antena e conversor digital. Os benefici\u00e1rios dos programas sociais do Governo Federal devem ficar atentos, isso porque, algumas pessoas ir\u00e3o receber uma carta do Minist\u00e9rio das Comunica\u00e7\u00f5es. Nela, haver\u00e1 um n\u00famero\u00a00800 000 1620. Quem receber a carta, deve ligar para este n\u00famero com o CPF e NIS nas m\u00e3os e fazer um cadastro. Esse cadastro ser\u00e1 encaminhado para o munic\u00edpio de Sum\u00e9. Ap\u00f3s o cadastro feito, as pessoas devem se dirigir ao Centro de Forma\u00e7\u00e3o dos Professores no bairro da V\u00e1rzea Redonda, a partir desta segunda-feira, 17, e pegar o seu kit de tv digital. Apenas os cadastrados receber\u00e3o esse kit. Noticias em Destaque Fonte: Ascom\/PMS","og_url":"https:\/\/noticiasemdestaque.com\/cd\/?p=43438","og_site_name":"Not&iacute;cias em Destaque","article_published_time":"2022-10-18T13:17:11+00:00","og_image":[{"width":400,"height":255,"url":"https:\/\/noticiasemdestaque.com\/cd\/wp-content\/uploads\/2022\/10\/CAPA-TV-DIGITAL-1-400x255-1.jpeg","type":"image\/jpeg"}],"author":"Not\u00edcias em Destaque","twitter_card":"summary_large_image","twitter_misc":{"Escrito por":"Not\u00edcias em Destaque","Est. tempo de leitura":"2 minutos"},"schema":{"@context":"https:\/\/schema.org","@graph":[{"@type":"Article","@id":"https:\/\/noticiasemdestaque.com\/cd\/?p=43438#article","isPartOf":{"@id":"https:\/\/noticiasemdestaque.com\/cd\/?p=43438"},"author":{"name":"Not\u00edcias em Destaque","@id":"https:\/\/noticiasemdestaque.com\/cd\/#\/schema\/person\/47f7d4f55eec17c6b2ca036c5500f6ce"},"headline":"Sinal de tv digital j\u00e1 \u00e9 realidade em Sum\u00e9","datePublished":"2022-10-18T13:17:11+00:00","mainEntityOfPage":{"@id":"https:\/\/noticiasemdestaque.com\/cd\/?p=43438"},"wordCount":230,"publisher":{"@id":"https:\/\/noticiasemdestaque.com\/cd\/#organization"},"image":{"@id":"https:\/\/noticiasemdestaque.com\/cd\/?p=43438#primaryimage"},"thumbnailUrl":"https:\/\/noticiasemdestaque.com\/cd\/wp-content\/uploads\/2022\/10\/CAPA-TV-DIGITAL-1-400x255-1.jpeg","articleSection":["Cidades"],"inLanguage":"pt-BR"},{"@type":"WebPage","@id":"https:\/\/noticiasemdestaque.com\/cd\/?p=43438","url":"https:\/\/noticiasemdestaque.com\/cd\/?p=43438","name":"Sinal de tv digital j\u00e1 \u00e9 realidade em Sum\u00e9 - Not&iacute;cias em Destaque","isPartOf":{"@id":"https:\/\/noticiasemdestaque.com\/cd\/#website"},"primaryImageOfPage":{"@id":"https:\/\/noticiasemdestaque.com\/cd\/?p=43438#primaryimage"},"image":{"@id":"https:\/\/noticiasemdestaque.com\/cd\/?p=43438#primaryimage"},"thumbnailUrl":"https:\/\/noticiasemdestaque.com\/cd\/wp-content\/uploads\/2022\/10\/CAPA-TV-DIGITAL-1-400x255-1.jpeg","datePublished":"2022-10-18T13:17:11+00:00","breadcrumb":{"@id":"https:\/\/noticiasemdestaque.com\/cd\/?p=43438#breadcrumb"},"inLanguage":"pt-BR","potentialAction":[{"@type":"ReadAction","target":["https:\/\/noticiasemdestaque.com\/cd\/?p=43438"]}]},{"@type":"ImageObject","inLanguage":"pt-BR","@id":"https:\/\/noticiasemdestaque.com\/cd\/?p=43438#primaryimage","url":"https:\/\/noticiasemdestaque.com\/cd\/wp-content\/uploads\/2022\/10\/CAPA-TV-DIGITAL-1-400x255-1.jpeg","contentUrl":"https:\/\/noticiasemdestaque.com\/cd\/wp-content\/uploads\/2022\/10\/CAPA-TV-DIGITAL-1-400x255-1.jpeg","width":400,"height":255},{"@type":"BreadcrumbList","@id":"https:\/\/noticiasemdestaque.com\/cd\/?p=43438#breadcrumb","itemListElement":[{"@type":"ListItem","position":1,"name":"In\u00edcio","item":"https:\/\/noticiasemdestaque.com\/cd\/"},{"@type":"ListItem","position":2,"name":"Sinal de tv digital j\u00e1 \u00e9 realidade em Sum\u00e9"}]},{"@type":"WebSite","@id":"https:\/\/noticiasemdestaque.com\/cd\/#website","url":"https:\/\/noticiasemdestaque.com\/cd\/","name":"Not&iacute;cias em Destaque","description":"","publisher":{"@id":"https:\/\/noticiasemdestaque.com\/cd\/#organization"},"potentialAction":[{"@type":"SearchAction","target":{"@type":"EntryPoint","urlTemplate":"https:\/\/noticiasemdestaque.com\/cd\/?s={search_term_string}"},"query-input":{"@type":"PropertyValueSpecification","valueRequired":true,"valueName":"search_term_string"}}],"inLanguage":"pt-BR"},{"@type":"Organization","@id":"https:\/\/noticiasemdestaque.com\/cd\/#organization","name":"Not\u00edcias em Destaque","url":"https:\/\/noticiasemdestaque.com\/cd\/","logo":{"@type":"ImageObject","inLanguage":"pt-BR","@id":"https:\/\/noticiasemdestaque.com\/cd\/#\/schema\/logo\/image\/","url":"https:\/\/noticiasemdestaque.com\/cd\/wp-content\/uploads\/2022\/05\/imagem-base-noticiasemdestaque.png","contentUrl":"https:\/\/noticiasemdestaque.com\/cd\/wp-content\/uploads\/2022\/05\/imagem-base-noticiasemdestaque.png","width":1200,"height":630,"caption":"Not\u00edcias em Destaque"},"image":{"@id":"https:\/\/noticiasemdestaque.com\/cd\/#\/schema\/logo\/image\/"}},{"@type":"Person","@id":"https:\/\/noticiasemdestaque.com\/cd\/#\/schema\/person\/47f7d4f55eec17c6b2ca036c5500f6ce","name":"Not\u00edcias em Destaque","url":"https:\/\/noticiasemdestaque.com\/cd\/?author=2"}]}},"jetpack_featured_media_url":"https:\/\/noticiasemdestaque.com\/cd\/wp-content\/uploads\/2022\/10\/CAPA-TV-DIGITAL-1-400x255-1.jpeg","jetpack_sharing_enabled":true,"_links":{"self":[{"href":"https:\/\/noticiasemdestaque.com\/cd\/index.php?rest_route=\/wp\/v2\/posts\/43438","targetHints":{"allow":["GET"]}}],"collection":[{"href":"https:\/\/noticiasemdestaque.com\/cd\/index.php?rest_route=\/wp\/v2\/posts"}],"about":[{"href":"https:\/\/noticiasemdestaque.com\/cd\/index.php?rest_route=\/wp\/v2\/types\/post"}],"author":[{"embeddable":true,"href":"https:\/\/noticiasemdestaque.com\/cd\/index.php?rest_route=\/wp\/v2\/users\/2"}],"replies":[{"embeddable":true,"href":"https:\/\/noticiasemdestaque.com\/cd\/index.php?rest_route=%2Fwp%2Fv2%2Fcomments&post=43438"}],"version-history":[{"count":1,"href":"https:\/\/noticiasemdestaque.com\/cd\/index.php?rest_route=\/wp\/v2\/posts\/43438\/revisions"}],"predecessor-version":[{"id":43440,"href":"https:\/\/noticiasemdestaque.com\/cd\/index.php?rest_route=\/wp\/v2\/posts\/43438\/revisions\/43440"}],"wp:featuredmedia":[{"embeddable":true,"href":"https:\/\/noticiasemdestaque.com\/cd\/index.php?rest_route=\/wp\/v2\/media\/43439"}],"wp:attachment":[{"href":"https:\/\/noticiasemdestaque.com\/cd\/index.php?rest_route=%2Fwp%2Fv2%2Fmedia&parent=43438"}],"wp:term":[{"taxonomy":"category","embeddable":true,"href":"https:\/\/noticiasemdestaque.com\/cd\/index.php?rest_route=%2Fwp%2Fv2%2Fcategories&post=43438"},{"taxonomy":"post_tag","embeddable":true,"href":"https:\/\/noticiasemdestaque.com\/cd\/index.php?rest_route=%2Fwp%2Fv2%2Ftags&post=43438"}],"curies":[{"name":"wp","href":"https:\/\/api.w.org\/{rel}","templated":true}]}}