{"id":43432,"date":"2022-10-18T09:45:34","date_gmt":"2022-10-18T12:45:34","guid":{"rendered":"https:\/\/noticiasemdestaque.com\/cd\/?p=43432"},"modified":"2022-10-18T09:45:34","modified_gmt":"2022-10-18T12:45:34","slug":"prefeito-felicio-queiroz-anuncia-construcao-de-mais-uma-quadra-na-zona-rural-em-sao-jose-dos-cordeiros","status":"publish","type":"post","link":"https:\/\/noticiasemdestaque.com\/cd\/?p=43432","title":{"rendered":"Prefeito Fel\u00edcio Queiroz anuncia constru\u00e7\u00e3o de mais uma quadra na zona rural em S\u00e3o Jos\u00e9 dos Cordeiros"},"content":{"rendered":"<p><a href=\"https:\/\/noticiasemdestaque.com\/cd\/wp-content\/uploads\/2022\/10\/IMG-20221017-WA0075.jpg\"><img fetchpriority=\"high\" decoding=\"async\" class=\"alignnone  wp-image-43433\" src=\"https:\/\/noticiasemdestaque.com\/cd\/wp-content\/uploads\/2022\/10\/IMG-20221017-WA0075-300x225.jpg\" alt=\"\" width=\"860\" height=\"645\" srcset=\"https:\/\/noticiasemdestaque.com\/cd\/wp-content\/uploads\/2022\/10\/IMG-20221017-WA0075-300x225.jpg 300w, https:\/\/noticiasemdestaque.com\/cd\/wp-content\/uploads\/2022\/10\/IMG-20221017-WA0075-1024x768.jpg 1024w, https:\/\/noticiasemdestaque.com\/cd\/wp-content\/uploads\/2022\/10\/IMG-20221017-WA0075-768x576.jpg 768w, https:\/\/noticiasemdestaque.com\/cd\/wp-content\/uploads\/2022\/10\/IMG-20221017-WA0075-1536x1152.jpg 1536w, https:\/\/noticiasemdestaque.com\/cd\/wp-content\/uploads\/2022\/10\/IMG-20221017-WA0075-16x12.jpg 16w, https:\/\/noticiasemdestaque.com\/cd\/wp-content\/uploads\/2022\/10\/IMG-20221017-WA0075.jpg 1600w\" sizes=\"(max-width: 860px) 100vw, 860px\" \/><\/a><\/p>\n<p>A Prefeitura de S\u00e3o Jos\u00e9 dos Cordeiros atrav\u00e9s do gestor Fel\u00edcio Queiroz anunciou a constru\u00e7\u00e3o de mais uma quadra na zona rural do munic\u00edpio, dessa vez na comunidade Mundo Novo.<\/p>\n<p>Atrav\u00e9s de um conv\u00eanio com o Governo do Estado ser\u00e3o investidos R$ 150 mil na obra.<\/p>\n<p>H\u00e1 poucos dias foi iniciada a constru\u00e7\u00e3o de uma quadra esportiva na comunidade de Pedra Lavrada.<\/p>\n<p>O gestor conversou com a nossa reportagem e afirmou que em breve as duas estar\u00e3o prontas para a popula\u00e7\u00e3o usufruir.<\/p>\n<p>\u201cNos pr\u00f3ximos dias teremos essas duas quadras poliesportivas prontas para servir de espa\u00e7o para o esporte e lazer de nossa popula\u00e7\u00e3o\u201d. comentou Fel\u00edcio.<\/p>\n<p><strong>Noticias em Destaque<\/strong><\/p>\n<p style=\"text-align: right;\"><em>Fonte: Paraiba Mix<\/em><\/p>\n","protected":false},"excerpt":{"rendered":"<p>A Prefeitura de S\u00e3o Jos\u00e9 dos Cordeiros atrav\u00e9s do gestor Fel\u00edcio Queiroz anunciou a constru\u00e7\u00e3o de mais uma quadra na zona rural do munic\u00edpio, dessa vez na comunidade Mundo Novo. Atrav\u00e9s de um conv\u00eanio com o Governo do Estado ser\u00e3o investidos R$ 150 mil na obra. H\u00e1 poucos dias foi iniciada a constru\u00e7\u00e3o de uma quadra esportiva na comunidade de Pedra Lavrada. O gestor conversou com a nossa reportagem e afirmou que em breve as duas estar\u00e3o prontas para a popula\u00e7\u00e3o usufruir. \u201cNos pr\u00f3ximos dias teremos essas duas quadras poliesportivas prontas para servir de espa\u00e7o para o esporte e lazer de nossa popula\u00e7\u00e3o\u201d. comentou Fel\u00edcio. Noticias em Destaque Fonte: Paraiba Mix<\/p>\n","protected":false},"author":2,"featured_media":43433,"comment_status":"closed","ping_status":"open","sticky":false,"template":"","format":"standard","meta":{"_eb_attr":"","_jetpack_memberships_contains_paid_content":false,"footnotes":""},"categories":[3],"tags":[],"class_list":["post-43432","post","type-post","status-publish","format-standard","has-post-thumbnail","hentry","category-cidades"],"yoast_head":"<!-- This site is optimized with the Yoast SEO plugin v26.5 - https:\/\/yoast.com\/wordpress\/plugins\/seo\/ -->\n<title>Prefeito Fel\u00edcio Queiroz anuncia constru\u00e7\u00e3o de mais uma quadra na zona rural em S\u00e3o Jos\u00e9 dos Cordeiros - Not&iacute;cias em Destaque<\/title>\n<meta name=\"robots\" content=\"index, follow, max-snippet:-1, max-image-preview:large, max-video-preview:-1\" \/>\n<link rel=\"canonical\" href=\"https:\/\/noticiasemdestaque.com\/cd\/?p=43432\" \/>\n<meta property=\"og:locale\" content=\"pt_BR\" \/>\n<meta property=\"og:type\" content=\"article\" \/>\n<meta property=\"og:title\" content=\"Prefeito Fel\u00edcio Queiroz anuncia constru\u00e7\u00e3o de mais uma quadra na zona rural em S\u00e3o Jos\u00e9 dos Cordeiros - Not&iacute;cias em Destaque\" \/>\n<meta property=\"og:description\" content=\"A Prefeitura de S\u00e3o Jos\u00e9 dos Cordeiros atrav\u00e9s do gestor Fel\u00edcio Queiroz anunciou a constru\u00e7\u00e3o de mais uma quadra na zona rural do munic\u00edpio, dessa vez na comunidade Mundo Novo. Atrav\u00e9s de um conv\u00eanio com o Governo do Estado ser\u00e3o investidos R$ 150 mil na obra. H\u00e1 poucos dias foi iniciada a constru\u00e7\u00e3o de uma quadra esportiva na comunidade de Pedra Lavrada. O gestor conversou com a nossa reportagem e afirmou que em breve as duas estar\u00e3o prontas para a popula\u00e7\u00e3o usufruir. \u201cNos pr\u00f3ximos dias teremos essas duas quadras poliesportivas prontas para servir de espa\u00e7o para o esporte e lazer de nossa popula\u00e7\u00e3o\u201d. comentou Fel\u00edcio. Noticias em Destaque Fonte: Paraiba Mix\" \/>\n<meta property=\"og:url\" content=\"https:\/\/noticiasemdestaque.com\/cd\/?p=43432\" \/>\n<meta property=\"og:site_name\" content=\"Not&iacute;cias em Destaque\" \/>\n<meta property=\"article:published_time\" content=\"2022-10-18T12:45:34+00:00\" \/>\n<meta property=\"og:image\" content=\"https:\/\/noticiasemdestaque.com\/cd\/wp-content\/uploads\/2022\/10\/IMG-20221017-WA0075.jpg\" \/>\n\t<meta property=\"og:image:width\" content=\"1600\" \/>\n\t<meta property=\"og:image:height\" content=\"1200\" \/>\n\t<meta property=\"og:image:type\" content=\"image\/jpeg\" \/>\n<meta name=\"author\" content=\"Not\u00edcias em Destaque\" \/>\n<meta name=\"twitter:card\" content=\"summary_large_image\" \/>\n<meta name=\"twitter:label1\" content=\"Escrito por\" \/>\n\t<meta name=\"twitter:data1\" content=\"Not\u00edcias em Destaque\" \/>\n\t<meta name=\"twitter:label2\" content=\"Est. tempo de leitura\" \/>\n\t<meta name=\"twitter:data2\" content=\"1 minuto\" \/>\n<script type=\"application\/ld+json\" class=\"yoast-schema-graph\">{\"@context\":\"https:\/\/schema.org\",\"@graph\":[{\"@type\":\"Article\",\"@id\":\"https:\/\/noticiasemdestaque.com\/cd\/?p=43432#article\",\"isPartOf\":{\"@id\":\"https:\/\/noticiasemdestaque.com\/cd\/?p=43432\"},\"author\":{\"name\":\"Not\u00edcias em Destaque\",\"@id\":\"https:\/\/noticiasemdestaque.com\/cd\/#\/schema\/person\/4a81fb71f77579d059c3045891fa1786\"},\"headline\":\"Prefeito Fel\u00edcio Queiroz anuncia constru\u00e7\u00e3o de mais uma quadra na zona rural em S\u00e3o Jos\u00e9 dos Cordeiros\",\"datePublished\":\"2022-10-18T12:45:34+00:00\",\"mainEntityOfPage\":{\"@id\":\"https:\/\/noticiasemdestaque.com\/cd\/?p=43432\"},\"wordCount\":145,\"publisher\":{\"@id\":\"https:\/\/noticiasemdestaque.com\/cd\/#organization\"},\"image\":{\"@id\":\"https:\/\/noticiasemdestaque.com\/cd\/?p=43432#primaryimage\"},\"thumbnailUrl\":\"https:\/\/noticiasemdestaque.com\/cd\/wp-content\/uploads\/2022\/10\/IMG-20221017-WA0075.jpg\",\"articleSection\":[\"Cidades\"],\"inLanguage\":\"pt-BR\"},{\"@type\":\"WebPage\",\"@id\":\"https:\/\/noticiasemdestaque.com\/cd\/?p=43432\",\"url\":\"https:\/\/noticiasemdestaque.com\/cd\/?p=43432\",\"name\":\"Prefeito Fel\u00edcio Queiroz anuncia constru\u00e7\u00e3o de mais uma quadra na zona rural em S\u00e3o Jos\u00e9 dos Cordeiros - Not&iacute;cias em Destaque\",\"isPartOf\":{\"@id\":\"https:\/\/noticiasemdestaque.com\/cd\/#website\"},\"primaryImageOfPage\":{\"@id\":\"https:\/\/noticiasemdestaque.com\/cd\/?p=43432#primaryimage\"},\"image\":{\"@id\":\"https:\/\/noticiasemdestaque.com\/cd\/?p=43432#primaryimage\"},\"thumbnailUrl\":\"https:\/\/noticiasemdestaque.com\/cd\/wp-content\/uploads\/2022\/10\/IMG-20221017-WA0075.jpg\",\"datePublished\":\"2022-10-18T12:45:34+00:00\",\"breadcrumb\":{\"@id\":\"https:\/\/noticiasemdestaque.com\/cd\/?p=43432#breadcrumb\"},\"inLanguage\":\"pt-BR\",\"potentialAction\":[{\"@type\":\"ReadAction\",\"target\":[\"https:\/\/noticiasemdestaque.com\/cd\/?p=43432\"]}]},{\"@type\":\"ImageObject\",\"inLanguage\":\"pt-BR\",\"@id\":\"https:\/\/noticiasemdestaque.com\/cd\/?p=43432#primaryimage\",\"url\":\"https:\/\/noticiasemdestaque.com\/cd\/wp-content\/uploads\/2022\/10\/IMG-20221017-WA0075.jpg\",\"contentUrl\":\"https:\/\/noticiasemdestaque.com\/cd\/wp-content\/uploads\/2022\/10\/IMG-20221017-WA0075.jpg\",\"width\":1600,\"height\":1200},{\"@type\":\"BreadcrumbList\",\"@id\":\"https:\/\/noticiasemdestaque.com\/cd\/?p=43432#breadcrumb\",\"itemListElement\":[{\"@type\":\"ListItem\",\"position\":1,\"name\":\"In\u00edcio\",\"item\":\"https:\/\/noticiasemdestaque.com\/cd\/\"},{\"@type\":\"ListItem\",\"position\":2,\"name\":\"Prefeito Fel\u00edcio Queiroz anuncia constru\u00e7\u00e3o de mais uma quadra na zona rural em S\u00e3o Jos\u00e9 dos Cordeiros\"}]},{\"@type\":\"WebSite\",\"@id\":\"https:\/\/noticiasemdestaque.com\/cd\/#website\",\"url\":\"https:\/\/noticiasemdestaque.com\/cd\/\",\"name\":\"Not&iacute;cias em Destaque\",\"description\":\"\",\"publisher\":{\"@id\":\"https:\/\/noticiasemdestaque.com\/cd\/#organization\"},\"potentialAction\":[{\"@type\":\"SearchAction\",\"target\":{\"@type\":\"EntryPoint\",\"urlTemplate\":\"https:\/\/noticiasemdestaque.com\/cd\/?s={search_term_string}\"},\"query-input\":{\"@type\":\"PropertyValueSpecification\",\"valueRequired\":true,\"valueName\":\"search_term_string\"}}],\"inLanguage\":\"pt-BR\"},{\"@type\":\"Organization\",\"@id\":\"https:\/\/noticiasemdestaque.com\/cd\/#organization\",\"name\":\"Not\u00edcias em Destaque\",\"url\":\"https:\/\/noticiasemdestaque.com\/cd\/\",\"logo\":{\"@type\":\"ImageObject\",\"inLanguage\":\"pt-BR\",\"@id\":\"https:\/\/noticiasemdestaque.com\/cd\/#\/schema\/logo\/image\/\",\"url\":\"https:\/\/noticiasemdestaque.com\/cd\/wp-content\/uploads\/2022\/05\/imagem-base-noticiasemdestaque.png\",\"contentUrl\":\"https:\/\/noticiasemdestaque.com\/cd\/wp-content\/uploads\/2022\/05\/imagem-base-noticiasemdestaque.png\",\"width\":1200,\"height\":630,\"caption\":\"Not\u00edcias em Destaque\"},\"image\":{\"@id\":\"https:\/\/noticiasemdestaque.com\/cd\/#\/schema\/logo\/image\/\"}},{\"@type\":\"Person\",\"@id\":\"https:\/\/noticiasemdestaque.com\/cd\/#\/schema\/person\/4a81fb71f77579d059c3045891fa1786\",\"name\":\"Not\u00edcias em Destaque\",\"url\":\"https:\/\/noticiasemdestaque.com\/cd\/?author=2\"}]}<\/script>\n<!-- \/ Yoast SEO plugin. -->","yoast_head_json":{"title":"Prefeito Fel\u00edcio Queiroz anuncia constru\u00e7\u00e3o de mais uma quadra na zona rural em S\u00e3o Jos\u00e9 dos Cordeiros - Not&iacute;cias em Destaque","robots":{"index":"index","follow":"follow","max-snippet":"max-snippet:-1","max-image-preview":"max-image-preview:large","max-video-preview":"max-video-preview:-1"},"canonical":"https:\/\/noticiasemdestaque.com\/cd\/?p=43432","og_locale":"pt_BR","og_type":"article","og_title":"Prefeito Fel\u00edcio Queiroz anuncia constru\u00e7\u00e3o de mais uma quadra na zona rural em S\u00e3o Jos\u00e9 dos Cordeiros - Not&iacute;cias em Destaque","og_description":"A Prefeitura de S\u00e3o Jos\u00e9 dos Cordeiros atrav\u00e9s do gestor Fel\u00edcio Queiroz anunciou a constru\u00e7\u00e3o de mais uma quadra na zona rural do munic\u00edpio, dessa vez na comunidade Mundo Novo. Atrav\u00e9s de um conv\u00eanio com o Governo do Estado ser\u00e3o investidos R$ 150 mil na obra. H\u00e1 poucos dias foi iniciada a constru\u00e7\u00e3o de uma quadra esportiva na comunidade de Pedra Lavrada. O gestor conversou com a nossa reportagem e afirmou que em breve as duas estar\u00e3o prontas para a popula\u00e7\u00e3o usufruir. \u201cNos pr\u00f3ximos dias teremos essas duas quadras poliesportivas prontas para servir de espa\u00e7o para o esporte e lazer de nossa popula\u00e7\u00e3o\u201d. comentou Fel\u00edcio. Noticias em Destaque Fonte: Paraiba Mix","og_url":"https:\/\/noticiasemdestaque.com\/cd\/?p=43432","og_site_name":"Not&iacute;cias em Destaque","article_published_time":"2022-10-18T12:45:34+00:00","og_image":[{"width":1600,"height":1200,"url":"https:\/\/noticiasemdestaque.com\/cd\/wp-content\/uploads\/2022\/10\/IMG-20221017-WA0075.jpg","type":"image\/jpeg"}],"author":"Not\u00edcias em Destaque","twitter_card":"summary_large_image","twitter_misc":{"Escrito por":"Not\u00edcias em Destaque","Est. tempo de leitura":"1 minuto"},"schema":{"@context":"https:\/\/schema.org","@graph":[{"@type":"Article","@id":"https:\/\/noticiasemdestaque.com\/cd\/?p=43432#article","isPartOf":{"@id":"https:\/\/noticiasemdestaque.com\/cd\/?p=43432"},"author":{"name":"Not\u00edcias em Destaque","@id":"https:\/\/noticiasemdestaque.com\/cd\/#\/schema\/person\/4a81fb71f77579d059c3045891fa1786"},"headline":"Prefeito Fel\u00edcio Queiroz anuncia constru\u00e7\u00e3o de mais uma quadra na zona rural em S\u00e3o Jos\u00e9 dos Cordeiros","datePublished":"2022-10-18T12:45:34+00:00","mainEntityOfPage":{"@id":"https:\/\/noticiasemdestaque.com\/cd\/?p=43432"},"wordCount":145,"publisher":{"@id":"https:\/\/noticiasemdestaque.com\/cd\/#organization"},"image":{"@id":"https:\/\/noticiasemdestaque.com\/cd\/?p=43432#primaryimage"},"thumbnailUrl":"https:\/\/noticiasemdestaque.com\/cd\/wp-content\/uploads\/2022\/10\/IMG-20221017-WA0075.jpg","articleSection":["Cidades"],"inLanguage":"pt-BR"},{"@type":"WebPage","@id":"https:\/\/noticiasemdestaque.com\/cd\/?p=43432","url":"https:\/\/noticiasemdestaque.com\/cd\/?p=43432","name":"Prefeito Fel\u00edcio Queiroz anuncia constru\u00e7\u00e3o de mais uma quadra na zona rural em S\u00e3o Jos\u00e9 dos Cordeiros - Not&iacute;cias em Destaque","isPartOf":{"@id":"https:\/\/noticiasemdestaque.com\/cd\/#website"},"primaryImageOfPage":{"@id":"https:\/\/noticiasemdestaque.com\/cd\/?p=43432#primaryimage"},"image":{"@id":"https:\/\/noticiasemdestaque.com\/cd\/?p=43432#primaryimage"},"thumbnailUrl":"https:\/\/noticiasemdestaque.com\/cd\/wp-content\/uploads\/2022\/10\/IMG-20221017-WA0075.jpg","datePublished":"2022-10-18T12:45:34+00:00","breadcrumb":{"@id":"https:\/\/noticiasemdestaque.com\/cd\/?p=43432#breadcrumb"},"inLanguage":"pt-BR","potentialAction":[{"@type":"ReadAction","target":["https:\/\/noticiasemdestaque.com\/cd\/?p=43432"]}]},{"@type":"ImageObject","inLanguage":"pt-BR","@id":"https:\/\/noticiasemdestaque.com\/cd\/?p=43432#primaryimage","url":"https:\/\/noticiasemdestaque.com\/cd\/wp-content\/uploads\/2022\/10\/IMG-20221017-WA0075.jpg","contentUrl":"https:\/\/noticiasemdestaque.com\/cd\/wp-content\/uploads\/2022\/10\/IMG-20221017-WA0075.jpg","width":1600,"height":1200},{"@type":"BreadcrumbList","@id":"https:\/\/noticiasemdestaque.com\/cd\/?p=43432#breadcrumb","itemListElement":[{"@type":"ListItem","position":1,"name":"In\u00edcio","item":"https:\/\/noticiasemdestaque.com\/cd\/"},{"@type":"ListItem","position":2,"name":"Prefeito Fel\u00edcio Queiroz anuncia constru\u00e7\u00e3o de mais uma quadra na zona rural em S\u00e3o Jos\u00e9 dos Cordeiros"}]},{"@type":"WebSite","@id":"https:\/\/noticiasemdestaque.com\/cd\/#website","url":"https:\/\/noticiasemdestaque.com\/cd\/","name":"Not&iacute;cias em Destaque","description":"","publisher":{"@id":"https:\/\/noticiasemdestaque.com\/cd\/#organization"},"potentialAction":[{"@type":"SearchAction","target":{"@type":"EntryPoint","urlTemplate":"https:\/\/noticiasemdestaque.com\/cd\/?s={search_term_string}"},"query-input":{"@type":"PropertyValueSpecification","valueRequired":true,"valueName":"search_term_string"}}],"inLanguage":"pt-BR"},{"@type":"Organization","@id":"https:\/\/noticiasemdestaque.com\/cd\/#organization","name":"Not\u00edcias em Destaque","url":"https:\/\/noticiasemdestaque.com\/cd\/","logo":{"@type":"ImageObject","inLanguage":"pt-BR","@id":"https:\/\/noticiasemdestaque.com\/cd\/#\/schema\/logo\/image\/","url":"https:\/\/noticiasemdestaque.com\/cd\/wp-content\/uploads\/2022\/05\/imagem-base-noticiasemdestaque.png","contentUrl":"https:\/\/noticiasemdestaque.com\/cd\/wp-content\/uploads\/2022\/05\/imagem-base-noticiasemdestaque.png","width":1200,"height":630,"caption":"Not\u00edcias em Destaque"},"image":{"@id":"https:\/\/noticiasemdestaque.com\/cd\/#\/schema\/logo\/image\/"}},{"@type":"Person","@id":"https:\/\/noticiasemdestaque.com\/cd\/#\/schema\/person\/4a81fb71f77579d059c3045891fa1786","name":"Not\u00edcias em Destaque","url":"https:\/\/noticiasemdestaque.com\/cd\/?author=2"}]}},"jetpack_featured_media_url":"https:\/\/noticiasemdestaque.com\/cd\/wp-content\/uploads\/2022\/10\/IMG-20221017-WA0075.jpg","jetpack_sharing_enabled":true,"_links":{"self":[{"href":"https:\/\/noticiasemdestaque.com\/cd\/index.php?rest_route=\/wp\/v2\/posts\/43432","targetHints":{"allow":["GET"]}}],"collection":[{"href":"https:\/\/noticiasemdestaque.com\/cd\/index.php?rest_route=\/wp\/v2\/posts"}],"about":[{"href":"https:\/\/noticiasemdestaque.com\/cd\/index.php?rest_route=\/wp\/v2\/types\/post"}],"author":[{"embeddable":true,"href":"https:\/\/noticiasemdestaque.com\/cd\/index.php?rest_route=\/wp\/v2\/users\/2"}],"replies":[{"embeddable":true,"href":"https:\/\/noticiasemdestaque.com\/cd\/index.php?rest_route=%2Fwp%2Fv2%2Fcomments&post=43432"}],"version-history":[{"count":1,"href":"https:\/\/noticiasemdestaque.com\/cd\/index.php?rest_route=\/wp\/v2\/posts\/43432\/revisions"}],"predecessor-version":[{"id":43434,"href":"https:\/\/noticiasemdestaque.com\/cd\/index.php?rest_route=\/wp\/v2\/posts\/43432\/revisions\/43434"}],"wp:featuredmedia":[{"embeddable":true,"href":"https:\/\/noticiasemdestaque.com\/cd\/index.php?rest_route=\/wp\/v2\/media\/43433"}],"wp:attachment":[{"href":"https:\/\/noticiasemdestaque.com\/cd\/index.php?rest_route=%2Fwp%2Fv2%2Fmedia&parent=43432"}],"wp:term":[{"taxonomy":"category","embeddable":true,"href":"https:\/\/noticiasemdestaque.com\/cd\/index.php?rest_route=%2Fwp%2Fv2%2Fcategories&post=43432"},{"taxonomy":"post_tag","embeddable":true,"href":"https:\/\/noticiasemdestaque.com\/cd\/index.php?rest_route=%2Fwp%2Fv2%2Ftags&post=43432"}],"curies":[{"name":"wp","href":"https:\/\/api.w.org\/{rel}","templated":true}]}}