{"id":43426,"date":"2022-10-18T09:18:48","date_gmt":"2022-10-18T12:18:48","guid":{"rendered":"https:\/\/noticiasemdestaque.com\/cd\/?p=43426"},"modified":"2022-10-18T09:18:48","modified_gmt":"2022-10-18T12:18:48","slug":"caminhoneiros-e-taxistas-recebem-auxilio-nesta-terca","status":"publish","type":"post","link":"https:\/\/noticiasemdestaque.com\/cd\/?p=43426","title":{"rendered":"Caminhoneiros e taxistas recebem aux\u00edlio nesta ter\u00e7a"},"content":{"rendered":"<p><a href=\"https:\/\/noticiasemdestaque.com\/cd\/wp-content\/uploads\/2022\/10\/caminhoneiros.jpg\"><img fetchpriority=\"high\" decoding=\"async\" class=\" wp-image-43427\" src=\"https:\/\/noticiasemdestaque.com\/cd\/wp-content\/uploads\/2022\/10\/caminhoneiros-300x179.jpg\" alt=\"\" width=\"888\" height=\"530\" srcset=\"https:\/\/noticiasemdestaque.com\/cd\/wp-content\/uploads\/2022\/10\/caminhoneiros-300x179.jpg 300w, https:\/\/noticiasemdestaque.com\/cd\/wp-content\/uploads\/2022\/10\/caminhoneiros-768x459.jpg 768w, https:\/\/noticiasemdestaque.com\/cd\/wp-content\/uploads\/2022\/10\/caminhoneiros-18x12.jpg 18w, https:\/\/noticiasemdestaque.com\/cd\/wp-content\/uploads\/2022\/10\/caminhoneiros.jpg 1170w\" sizes=\"(max-width: 888px) 100vw, 888px\" \/><\/a><\/p>\n<p>Motoristas de carga aut\u00f4nomos e de t\u00e1xi de todo o pa\u00eds recebem\u00a0<span id=\"OBJ_PREFIX_DWT256_com_zimbra_date\" role=\"link\">hoje<\/span>\u00a0(18) a parcela<span id=\"OBJ_PREFIX_DWT257_com_zimbra_date\" role=\"link\">\u00a0de outubro<\/span>\u00a0dos aux\u00edlios Caminhoneiro e Taxista. Cada parcela equivale a R$ 1 mil. O pagamento inicialmente estava previsto para ocorrer no dia 22, mas foi antecipado quatro dias.<img decoding=\"async\" src=\"https:\/\/agenciabrasil.ebc.com.br\/ebc.png?id=1488521&amp;o=node\" \/><img decoding=\"async\" src=\"https:\/\/agenciabrasil.ebc.com.br\/ebc.gif?id=1488521&amp;o=node\" \/><\/p>\n<p>Os caminhoneiros que fizeram a autodeclara\u00e7\u00e3o at\u00e9\u00a0<span id=\"OBJ_PREFIX_DWT258_com_zimbra_date\" role=\"link\">7 de outubro<\/span>\u00a0podem\u00a0receber a quarta, quinta e sexta parcelas. Em rela\u00e7\u00e3o aos taxistas, coube aos munic\u00edpios enviar, at\u00e9 o in\u00edcio<span id=\"OBJ_PREFIX_DWT259_com_zimbra_date\" role=\"link\">\u00a0de agosto<\/span>, o cadastro dos permission\u00e1rios ativos at\u00e9\u00a0<span id=\"OBJ_PREFIX_DWT260_com_zimbra_date\" role=\"link\">31 de maio<\/span>.<\/p>\n<p>O dinheiro \u00e9\u00a0depositado nas contas poupan\u00e7a sociais digitais e pode\u00a0ser movimentado por meio do aplicativo Caixa Tem, que permite a compra em lojas virtuais cadastradas, o pagamento de contas\u00a0<span id=\"OBJ_PREFIX_DWT261_com_zimbra_date\" role=\"link\">dom<\/span>\u00e9sticas e a transfer\u00eancia para qualquer conta banc\u00e1ria.<\/p>\n<p>Criados pela\u00a0<a href=\"https:\/\/agenciabrasil.ebc.com.br\/politica\/noticia\/2022-07\/congresso-promulga-pec-que-aumenta-beneficios-sociais-ate-dezembro\" target=\"_blank\" rel=\"noopener\">emenda constitucional<\/a>\u00a0que estabeleceu estado de emerg\u00eancia por causa da alta do pre\u00e7o dos combust\u00edveis, os aux\u00edlios Caminhoneiro e Taxista ser\u00e3o pagos at\u00e9 dezembro. A emenda elevou benef\u00edcios sociais e instituiu aux\u00edlios emergenciais at\u00e9 o fim do ano.<\/p>\n<h2>Autodeclara\u00e7\u00e3o<\/h2>\n<p>No Aux\u00edlio Taxista, o cadastro dos profissionais aut\u00f4nomos cabe unicamente aos munic\u00edpios, que enviam os dados ao Minist\u00e9rio do Trabalho e Previd\u00eancia. Bastava ao permission\u00e1rio estar com o cadastro regularizado na prefeitura (ou no governo do Distrito Federal, no caso da capital federal) at\u00e9\u00a0<span id=\"OBJ_PREFIX_DWT263_com_zimbra_date\" role=\"link\">31 de maio<\/span>.<\/p>\n<p>No Aux\u00edlio Caminhoneiro, o governo preparou um portal para o motorista pedir o benef\u00edcio. Desde\u00a0<span id=\"OBJ_PREFIX_DWT264_com_zimbra_date\" role=\"link\">15 de agosto<\/span>, os transportadores aut\u00f4nomos de carga (TAC) podem fazer a Autodeclara\u00e7\u00e3o do Termo de Registro para receber o BEm Caminhoneiro-TAC.<\/p>\n<p>Por causa da antecipa\u00e7\u00e3o do benef\u00edcio, o Minist\u00e9rio do Trabalho e Previd\u00eancia antecipou o prazo de entrega da autodeclara\u00e7\u00e3o at\u00e9\u00a0<span id=\"OBJ_PREFIX_DWT265_com_zimbra_date\" role=\"link\">7 de outubro<\/span>. Quem perdeu o prazo pode enviar os dados at\u00e9\u00a0<span id=\"OBJ_PREFIX_DWT266_com_zimbra_date\" role=\"link\">7 de novembro<\/span>\u00a0para\u00a0<span id=\"OBJ_PREFIX_DWT267_com_zimbra_date\" role=\"link\">ter<\/span>\u00a0direito ao benef\u00edcio, mas s\u00f3 receber\u00e1 a\u00a0<span id=\"OBJ_PREFIX_DWT268_com_zimbra_date\" role=\"link\">quinta<\/span>\u00a0e a\u00a0<span id=\"OBJ_PREFIX_DWT269_com_zimbra_date\" role=\"link\">sexta<\/span>\u00a0parcela.<\/p>\n<p>A autodeclara\u00e7\u00e3o pode ser feita pelo\u00a0<a href=\"https:\/\/servicos.mte.gov.br\/spme-v2\/#\/login\" target=\"_blank\" rel=\"noopener\">Portal Emprega Brasil<\/a>\u00a0ou pelo aplicativo da Carteira de Trabalho Digital. Ap\u00f3s esse prazo, os caminhoneiros somente\u00a0<span id=\"OBJ_PREFIX_DWT271_com_zimbra_date\" role=\"link\">ter<\/span>\u00e3o direito a receber o benef\u00edcio a partir do m\u00eas do envio dos dados, desde que atendidos os demais requisitos legais.<\/p>\n<h2>Quem tem direito<\/h2>\n<p>Ter\u00e3o direito ao benef\u00edcio os transportadores de carga aut\u00f4nomos, cadastrados no Registro Nacional de Transportadores Rodovi\u00e1rios de Cargas (RNTR-C) da Ag\u00eancia Nacional de Transportes Terrestres (ANTT) at\u00e9\u00a0<span id=\"OBJ_PREFIX_DWT272_com_zimbra_date\" role=\"link\">31 de maio<\/span>\u00a0deste ano. Os profissionais dever\u00e3o estar com a Carteira Nacional de Habilita\u00e7\u00e3o (CNH) e o CPF v\u00e1lidos, entre outras exig\u00eancias.<\/p>\n<p>Tamb\u00e9m chamado de Benef\u00edcio Emergencial Caminhoneiro (BEm-Caminhoneiro), o aux\u00edlio ser\u00e1 pago a cada transportador aut\u00f4nomo, independentemente da quantidade de ve\u00edculos que tiver\u00a0O pagamento do BEm-Caminhoneiro vai ser revisado mensalmente. Para os pr\u00f3ximos lotes de pagamento, a ANTT vai encaminhar ao Minist\u00e9rio do Trabalho e Previd\u00eancia a rela\u00e7\u00e3o dos transportadores aut\u00f4nomos de cargas que estiverem na situa\u00e7\u00e3o \u201cativo\u201d no RNTR-C.<\/p>\n<h2>Aux\u00edlio Taxista<\/h2>\n<p>T\u00eam direito ao benef\u00edcio os motoristas de t\u00e1xi registrados nas prefeituras, titulares de concess\u00f5es ou alvar\u00e1s expedido at\u00e9\u00a0<span id=\"OBJ_PREFIX_DWT273_com_zimbra_date\" role=\"link\">31 de maio<\/span>. N\u00e3o ser\u00e1 necess\u00e1ria qualquer a\u00e7\u00e3o por parte dos taxistas. Em caso de d\u00favidas, o motorista deve entrar em contato com a prefeitura para verificar o cadastro municipal. A presta\u00e7\u00e3o das informa\u00e7\u00f5es caber\u00e1 inteiramente \u00e0s prefeituras ou ao governo do Distrito Federal.<\/p>\n<p>Calend\u00e1rio do Aux\u00edlio Caminhoneiro 2022<\/p>\n<table border=\"1\" cellspacing=\"0\" cellpadding=\"0\">\n<tbody>\n<tr>\n<td>Parcela<\/td>\n<td>Data de pagamento<\/td>\n<td>Cadastro ativo ou autodeclara\u00e7\u00e3o<\/td>\n<\/tr>\n<tr>\n<td>Julho e agosto<\/td>\n<td>9\/8 (valor em dobro)<\/td>\n<td>at\u00e9 22\/7<\/td>\n<\/tr>\n<tr>\n<td>Julho e agosto (repescagem)<\/td>\n<td>6\/9 (valor em dobro)<\/td>\n<td>at\u00e9 29\/8<\/td>\n<\/tr>\n<tr>\n<td>Julho, agosto e setembro (repescagem e terceira parcela)<\/td>\n<td>24\/9 (valor triplo ou apenas da terceira parcela)<\/td>\n<td>at\u00e9 12\/9<\/td>\n<\/tr>\n<tr>\n<td>Outubro<\/td>\n<td>18\/10<\/td>\n<td>at\u00e9 7\/10<\/td>\n<\/tr>\n<tr>\n<td>Novembro<\/td>\n<td>19\/11<\/td>\n<td>at\u00e9 7\/11<\/td>\n<\/tr>\n<tr>\n<td>Dezembro<\/td>\n<td>10\/12<\/td>\n<td>at\u00e9 28\/11<\/td>\n<\/tr>\n<\/tbody>\n<\/table>\n<p>&nbsp;<\/p>\n<p>Calend\u00e1rio do Aux\u00edlio Taxista 2022<\/p>\n<table border=\"1\" cellspacing=\"0\" cellpadding=\"0\">\n<tbody>\n<tr>\n<td>Parcela<\/td>\n<td>Data de pagamento<\/td>\n<\/tr>\n<tr>\n<td>1\u00aa e 2\u00aa parcelas<\/td>\n<td>16\/8<\/td>\n<\/tr>\n<tr>\n<td>1\u00aa e 2\u00aa parcelas (repescagem)<\/td>\n<td>30\/8<\/td>\n<\/tr>\n<tr>\n<td>3\u00aa parcela<\/td>\n<td>24\/9<\/td>\n<\/tr>\n<tr>\n<td>4\u00aa parcela<\/td>\n<td>18\/10<\/td>\n<\/tr>\n<tr>\n<td>5\u00aa parcela<\/td>\n<td>19\/11<\/td>\n<\/tr>\n<tr>\n<td>6\u00aa parcela<\/td>\n<td>10\/12<\/td>\n<\/tr>\n<\/tbody>\n<\/table>\n<p><strong>Noticias em Destaque<\/strong><\/p>\n<p style=\"text-align: right;\"><em>Fonte: Caixa Econ\u00f4mica Federal<\/em><\/p>\n","protected":false},"excerpt":{"rendered":"<p>Motoristas de carga aut\u00f4nomos e de t\u00e1xi de todo o pa\u00eds recebem\u00a0hoje\u00a0(18) a parcela\u00a0de outubro\u00a0dos aux\u00edlios Caminhoneiro e Taxista. Cada parcela equivale a R$ 1 mil. O pagamento inicialmente estava previsto para ocorrer no dia 22, mas foi antecipado quatro dias. Os caminhoneiros que fizeram a autodeclara\u00e7\u00e3o at\u00e9\u00a07 de outubro\u00a0podem\u00a0receber a quarta, quinta e sexta parcelas. Em rela\u00e7\u00e3o aos taxistas, coube aos munic\u00edpios enviar, at\u00e9 o in\u00edcio\u00a0de agosto, o cadastro dos permission\u00e1rios ativos at\u00e9\u00a031 de maio. O dinheiro \u00e9\u00a0depositado nas contas poupan\u00e7a sociais digitais e pode\u00a0ser movimentado por meio do aplicativo Caixa Tem, que permite a compra em lojas virtuais cadastradas, o pagamento de contas\u00a0dom\u00e9sticas e a transfer\u00eancia para qualquer conta banc\u00e1ria. Criados pela\u00a0emenda constitucional\u00a0que estabeleceu estado de emerg\u00eancia por causa da alta do pre\u00e7o dos combust\u00edveis, os aux\u00edlios Caminhoneiro e Taxista ser\u00e3o pagos at\u00e9 dezembro. A emenda elevou benef\u00edcios sociais e instituiu aux\u00edlios emergenciais at\u00e9 o fim do ano. Autodeclara\u00e7\u00e3o No Aux\u00edlio Taxista, o cadastro dos profissionais aut\u00f4nomos cabe unicamente aos munic\u00edpios, que enviam os dados ao Minist\u00e9rio do Trabalho e Previd\u00eancia. Bastava ao permission\u00e1rio estar com o cadastro regularizado na prefeitura (ou no governo do Distrito Federal, no caso da capital federal) at\u00e9\u00a031 de maio. No Aux\u00edlio Caminhoneiro, o governo preparou um portal para o motorista pedir o benef\u00edcio. Desde\u00a015 de agosto, os transportadores aut\u00f4nomos de carga (TAC) podem fazer a Autodeclara\u00e7\u00e3o do Termo de Registro para receber o BEm Caminhoneiro-TAC. Por causa da antecipa\u00e7\u00e3o do benef\u00edcio, o Minist\u00e9rio do Trabalho e Previd\u00eancia antecipou o prazo de entrega da autodeclara\u00e7\u00e3o at\u00e9\u00a07 de outubro. Quem perdeu o prazo pode enviar os dados at\u00e9\u00a07 de novembro\u00a0para\u00a0ter\u00a0direito ao benef\u00edcio, mas s\u00f3 receber\u00e1 a\u00a0quinta\u00a0e a\u00a0sexta\u00a0parcela. A autodeclara\u00e7\u00e3o pode ser feita pelo\u00a0Portal Emprega Brasil\u00a0ou pelo aplicativo da Carteira de Trabalho Digital. Ap\u00f3s esse prazo, os caminhoneiros somente\u00a0ter\u00e3o direito a receber o benef\u00edcio a partir do m\u00eas do envio dos dados, desde que atendidos os demais requisitos legais. Quem tem direito Ter\u00e3o direito ao benef\u00edcio os transportadores de carga aut\u00f4nomos, cadastrados no Registro Nacional de Transportadores Rodovi\u00e1rios de Cargas (RNTR-C) da Ag\u00eancia Nacional de Transportes Terrestres (ANTT) at\u00e9\u00a031 de maio\u00a0deste ano. Os profissionais dever\u00e3o estar com a Carteira Nacional de Habilita\u00e7\u00e3o (CNH) e o CPF v\u00e1lidos, entre outras exig\u00eancias. Tamb\u00e9m chamado de Benef\u00edcio Emergencial Caminhoneiro (BEm-Caminhoneiro), o aux\u00edlio ser\u00e1 pago a cada transportador aut\u00f4nomo, independentemente da quantidade de ve\u00edculos que tiver\u00a0O pagamento do BEm-Caminhoneiro vai ser revisado mensalmente. Para os pr\u00f3ximos lotes de pagamento, a ANTT vai encaminhar ao Minist\u00e9rio do Trabalho e Previd\u00eancia a rela\u00e7\u00e3o dos transportadores aut\u00f4nomos de cargas que estiverem na situa\u00e7\u00e3o \u201cativo\u201d no RNTR-C. Aux\u00edlio Taxista T\u00eam direito ao benef\u00edcio os motoristas de t\u00e1xi registrados nas prefeituras, titulares de concess\u00f5es ou alvar\u00e1s expedido at\u00e9\u00a031 de maio. N\u00e3o ser\u00e1 necess\u00e1ria qualquer a\u00e7\u00e3o por parte dos taxistas. Em caso de d\u00favidas, o motorista deve entrar em contato com a prefeitura para verificar o cadastro municipal. A presta\u00e7\u00e3o das informa\u00e7\u00f5es caber\u00e1 inteiramente \u00e0s prefeituras ou ao governo do Distrito Federal. Calend\u00e1rio do Aux\u00edlio Caminhoneiro 2022 Parcela Data de pagamento Cadastro ativo ou autodeclara\u00e7\u00e3o Julho e agosto 9\/8 (valor em dobro) at\u00e9 22\/7 Julho e agosto (repescagem) 6\/9 (valor em dobro) at\u00e9 29\/8 Julho, agosto e setembro (repescagem e terceira parcela) 24\/9 (valor triplo ou apenas da terceira parcela) at\u00e9 12\/9 Outubro 18\/10 at\u00e9 7\/10 Novembro 19\/11 at\u00e9 7\/11 Dezembro 10\/12 at\u00e9 28\/11 &nbsp; Calend\u00e1rio do Aux\u00edlio Taxista 2022 Parcela Data de pagamento 1\u00aa e 2\u00aa parcelas 16\/8 1\u00aa e 2\u00aa parcelas (repescagem) 30\/8 3\u00aa parcela 24\/9 4\u00aa parcela 18\/10 5\u00aa parcela 19\/11 6\u00aa parcela 10\/12 Noticias em Destaque Fonte: Caixa Econ\u00f4mica Federal<\/p>\n","protected":false},"author":2,"featured_media":43427,"comment_status":"closed","ping_status":"open","sticky":false,"template":"","format":"standard","meta":{"_eb_attr":"","_jetpack_memberships_contains_paid_content":false,"footnotes":""},"categories":[11],"tags":[],"class_list":["post-43426","post","type-post","status-publish","format-standard","has-post-thumbnail","hentry","category-economia"],"yoast_head":"<!-- This site is optimized with the Yoast SEO plugin v26.5 - https:\/\/yoast.com\/wordpress\/plugins\/seo\/ -->\n<title>Caminhoneiros e taxistas recebem aux\u00edlio nesta ter\u00e7a - Not&iacute;cias em Destaque<\/title>\n<meta name=\"robots\" content=\"index, follow, max-snippet:-1, max-image-preview:large, max-video-preview:-1\" \/>\n<link rel=\"canonical\" href=\"https:\/\/noticiasemdestaque.com\/cd\/?p=43426\" \/>\n<meta property=\"og:locale\" content=\"pt_BR\" \/>\n<meta property=\"og:type\" content=\"article\" \/>\n<meta property=\"og:title\" content=\"Caminhoneiros e taxistas recebem aux\u00edlio nesta ter\u00e7a - Not&iacute;cias em Destaque\" \/>\n<meta property=\"og:description\" content=\"Motoristas de carga aut\u00f4nomos e de t\u00e1xi de todo o pa\u00eds recebem\u00a0hoje\u00a0(18) a parcela\u00a0de outubro\u00a0dos aux\u00edlios Caminhoneiro e Taxista. Cada parcela equivale a R$ 1 mil. O pagamento inicialmente estava previsto para ocorrer no dia 22, mas foi antecipado quatro dias. Os caminhoneiros que fizeram a autodeclara\u00e7\u00e3o at\u00e9\u00a07 de outubro\u00a0podem\u00a0receber a quarta, quinta e sexta parcelas. Em rela\u00e7\u00e3o aos taxistas, coube aos munic\u00edpios enviar, at\u00e9 o in\u00edcio\u00a0de agosto, o cadastro dos permission\u00e1rios ativos at\u00e9\u00a031 de maio. O dinheiro \u00e9\u00a0depositado nas contas poupan\u00e7a sociais digitais e pode\u00a0ser movimentado por meio do aplicativo Caixa Tem, que permite a compra em lojas virtuais cadastradas, o pagamento de contas\u00a0dom\u00e9sticas e a transfer\u00eancia para qualquer conta banc\u00e1ria. Criados pela\u00a0emenda constitucional\u00a0que estabeleceu estado de emerg\u00eancia por causa da alta do pre\u00e7o dos combust\u00edveis, os aux\u00edlios Caminhoneiro e Taxista ser\u00e3o pagos at\u00e9 dezembro. A emenda elevou benef\u00edcios sociais e instituiu aux\u00edlios emergenciais at\u00e9 o fim do ano. Autodeclara\u00e7\u00e3o No Aux\u00edlio Taxista, o cadastro dos profissionais aut\u00f4nomos cabe unicamente aos munic\u00edpios, que enviam os dados ao Minist\u00e9rio do Trabalho e Previd\u00eancia. Bastava ao permission\u00e1rio estar com o cadastro regularizado na prefeitura (ou no governo do Distrito Federal, no caso da capital federal) at\u00e9\u00a031 de maio. No Aux\u00edlio Caminhoneiro, o governo preparou um portal para o motorista pedir o benef\u00edcio. Desde\u00a015 de agosto, os transportadores aut\u00f4nomos de carga (TAC) podem fazer a Autodeclara\u00e7\u00e3o do Termo de Registro para receber o BEm Caminhoneiro-TAC. Por causa da antecipa\u00e7\u00e3o do benef\u00edcio, o Minist\u00e9rio do Trabalho e Previd\u00eancia antecipou o prazo de entrega da autodeclara\u00e7\u00e3o at\u00e9\u00a07 de outubro. Quem perdeu o prazo pode enviar os dados at\u00e9\u00a07 de novembro\u00a0para\u00a0ter\u00a0direito ao benef\u00edcio, mas s\u00f3 receber\u00e1 a\u00a0quinta\u00a0e a\u00a0sexta\u00a0parcela. A autodeclara\u00e7\u00e3o pode ser feita pelo\u00a0Portal Emprega Brasil\u00a0ou pelo aplicativo da Carteira de Trabalho Digital. Ap\u00f3s esse prazo, os caminhoneiros somente\u00a0ter\u00e3o direito a receber o benef\u00edcio a partir do m\u00eas do envio dos dados, desde que atendidos os demais requisitos legais. Quem tem direito Ter\u00e3o direito ao benef\u00edcio os transportadores de carga aut\u00f4nomos, cadastrados no Registro Nacional de Transportadores Rodovi\u00e1rios de Cargas (RNTR-C) da Ag\u00eancia Nacional de Transportes Terrestres (ANTT) at\u00e9\u00a031 de maio\u00a0deste ano. Os profissionais dever\u00e3o estar com a Carteira Nacional de Habilita\u00e7\u00e3o (CNH) e o CPF v\u00e1lidos, entre outras exig\u00eancias. Tamb\u00e9m chamado de Benef\u00edcio Emergencial Caminhoneiro (BEm-Caminhoneiro), o aux\u00edlio ser\u00e1 pago a cada transportador aut\u00f4nomo, independentemente da quantidade de ve\u00edculos que tiver\u00a0O pagamento do BEm-Caminhoneiro vai ser revisado mensalmente. Para os pr\u00f3ximos lotes de pagamento, a ANTT vai encaminhar ao Minist\u00e9rio do Trabalho e Previd\u00eancia a rela\u00e7\u00e3o dos transportadores aut\u00f4nomos de cargas que estiverem na situa\u00e7\u00e3o \u201cativo\u201d no RNTR-C. Aux\u00edlio Taxista T\u00eam direito ao benef\u00edcio os motoristas de t\u00e1xi registrados nas prefeituras, titulares de concess\u00f5es ou alvar\u00e1s expedido at\u00e9\u00a031 de maio. N\u00e3o ser\u00e1 necess\u00e1ria qualquer a\u00e7\u00e3o por parte dos taxistas. Em caso de d\u00favidas, o motorista deve entrar em contato com a prefeitura para verificar o cadastro municipal. A presta\u00e7\u00e3o das informa\u00e7\u00f5es caber\u00e1 inteiramente \u00e0s prefeituras ou ao governo do Distrito Federal. Calend\u00e1rio do Aux\u00edlio Caminhoneiro 2022 Parcela Data de pagamento Cadastro ativo ou autodeclara\u00e7\u00e3o Julho e agosto 9\/8 (valor em dobro) at\u00e9 22\/7 Julho e agosto (repescagem) 6\/9 (valor em dobro) at\u00e9 29\/8 Julho, agosto e setembro (repescagem e terceira parcela) 24\/9 (valor triplo ou apenas da terceira parcela) at\u00e9 12\/9 Outubro 18\/10 at\u00e9 7\/10 Novembro 19\/11 at\u00e9 7\/11 Dezembro 10\/12 at\u00e9 28\/11 &nbsp; Calend\u00e1rio do Aux\u00edlio Taxista 2022 Parcela Data de pagamento 1\u00aa e 2\u00aa parcelas 16\/8 1\u00aa e 2\u00aa parcelas (repescagem) 30\/8 3\u00aa parcela 24\/9 4\u00aa parcela 18\/10 5\u00aa parcela 19\/11 6\u00aa parcela 10\/12 Noticias em Destaque Fonte: Caixa Econ\u00f4mica Federal\" \/>\n<meta property=\"og:url\" content=\"https:\/\/noticiasemdestaque.com\/cd\/?p=43426\" \/>\n<meta property=\"og:site_name\" content=\"Not&iacute;cias em Destaque\" \/>\n<meta property=\"article:published_time\" content=\"2022-10-18T12:18:48+00:00\" \/>\n<meta property=\"og:image\" content=\"https:\/\/noticiasemdestaque.com\/cd\/wp-content\/uploads\/2022\/10\/caminhoneiros.jpg\" \/>\n\t<meta property=\"og:image:width\" content=\"1170\" \/>\n\t<meta property=\"og:image:height\" content=\"700\" \/>\n\t<meta property=\"og:image:type\" content=\"image\/jpeg\" \/>\n<meta name=\"author\" content=\"Not\u00edcias em Destaque\" \/>\n<meta name=\"twitter:card\" content=\"summary_large_image\" \/>\n<meta name=\"twitter:label1\" content=\"Escrito por\" \/>\n\t<meta name=\"twitter:data1\" content=\"Not\u00edcias em Destaque\" \/>\n\t<meta name=\"twitter:label2\" content=\"Est. tempo de leitura\" \/>\n\t<meta name=\"twitter:data2\" content=\"5 minutos\" \/>\n<script type=\"application\/ld+json\" class=\"yoast-schema-graph\">{\"@context\":\"https:\/\/schema.org\",\"@graph\":[{\"@type\":\"Article\",\"@id\":\"https:\/\/noticiasemdestaque.com\/cd\/?p=43426#article\",\"isPartOf\":{\"@id\":\"https:\/\/noticiasemdestaque.com\/cd\/?p=43426\"},\"author\":{\"name\":\"Not\u00edcias em Destaque\",\"@id\":\"https:\/\/noticiasemdestaque.com\/cd\/#\/schema\/person\/4a81fb71f77579d059c3045891fa1786\"},\"headline\":\"Caminhoneiros e taxistas recebem aux\u00edlio nesta ter\u00e7a\",\"datePublished\":\"2022-10-18T12:18:48+00:00\",\"mainEntityOfPage\":{\"@id\":\"https:\/\/noticiasemdestaque.com\/cd\/?p=43426\"},\"wordCount\":670,\"publisher\":{\"@id\":\"https:\/\/noticiasemdestaque.com\/cd\/#organization\"},\"image\":{\"@id\":\"https:\/\/noticiasemdestaque.com\/cd\/?p=43426#primaryimage\"},\"thumbnailUrl\":\"https:\/\/noticiasemdestaque.com\/cd\/wp-content\/uploads\/2022\/10\/caminhoneiros.jpg\",\"articleSection\":[\"Economia\"],\"inLanguage\":\"pt-BR\"},{\"@type\":\"WebPage\",\"@id\":\"https:\/\/noticiasemdestaque.com\/cd\/?p=43426\",\"url\":\"https:\/\/noticiasemdestaque.com\/cd\/?p=43426\",\"name\":\"Caminhoneiros e taxistas recebem aux\u00edlio nesta ter\u00e7a - Not&iacute;cias em Destaque\",\"isPartOf\":{\"@id\":\"https:\/\/noticiasemdestaque.com\/cd\/#website\"},\"primaryImageOfPage\":{\"@id\":\"https:\/\/noticiasemdestaque.com\/cd\/?p=43426#primaryimage\"},\"image\":{\"@id\":\"https:\/\/noticiasemdestaque.com\/cd\/?p=43426#primaryimage\"},\"thumbnailUrl\":\"https:\/\/noticiasemdestaque.com\/cd\/wp-content\/uploads\/2022\/10\/caminhoneiros.jpg\",\"datePublished\":\"2022-10-18T12:18:48+00:00\",\"breadcrumb\":{\"@id\":\"https:\/\/noticiasemdestaque.com\/cd\/?p=43426#breadcrumb\"},\"inLanguage\":\"pt-BR\",\"potentialAction\":[{\"@type\":\"ReadAction\",\"target\":[\"https:\/\/noticiasemdestaque.com\/cd\/?p=43426\"]}]},{\"@type\":\"ImageObject\",\"inLanguage\":\"pt-BR\",\"@id\":\"https:\/\/noticiasemdestaque.com\/cd\/?p=43426#primaryimage\",\"url\":\"https:\/\/noticiasemdestaque.com\/cd\/wp-content\/uploads\/2022\/10\/caminhoneiros.jpg\",\"contentUrl\":\"https:\/\/noticiasemdestaque.com\/cd\/wp-content\/uploads\/2022\/10\/caminhoneiros.jpg\",\"width\":1170,\"height\":700,\"caption\":\"Caminhoneiros fazem paraliza\u00e7\u00e3o na BR 101, Niter\u00f3i-Manilha, na altura de Itabora\u00ed, no Rio de Janeiro.\"},{\"@type\":\"BreadcrumbList\",\"@id\":\"https:\/\/noticiasemdestaque.com\/cd\/?p=43426#breadcrumb\",\"itemListElement\":[{\"@type\":\"ListItem\",\"position\":1,\"name\":\"In\u00edcio\",\"item\":\"https:\/\/noticiasemdestaque.com\/cd\/\"},{\"@type\":\"ListItem\",\"position\":2,\"name\":\"Caminhoneiros e taxistas recebem aux\u00edlio nesta ter\u00e7a\"}]},{\"@type\":\"WebSite\",\"@id\":\"https:\/\/noticiasemdestaque.com\/cd\/#website\",\"url\":\"https:\/\/noticiasemdestaque.com\/cd\/\",\"name\":\"Not&iacute;cias em Destaque\",\"description\":\"\",\"publisher\":{\"@id\":\"https:\/\/noticiasemdestaque.com\/cd\/#organization\"},\"potentialAction\":[{\"@type\":\"SearchAction\",\"target\":{\"@type\":\"EntryPoint\",\"urlTemplate\":\"https:\/\/noticiasemdestaque.com\/cd\/?s={search_term_string}\"},\"query-input\":{\"@type\":\"PropertyValueSpecification\",\"valueRequired\":true,\"valueName\":\"search_term_string\"}}],\"inLanguage\":\"pt-BR\"},{\"@type\":\"Organization\",\"@id\":\"https:\/\/noticiasemdestaque.com\/cd\/#organization\",\"name\":\"Not\u00edcias em Destaque\",\"url\":\"https:\/\/noticiasemdestaque.com\/cd\/\",\"logo\":{\"@type\":\"ImageObject\",\"inLanguage\":\"pt-BR\",\"@id\":\"https:\/\/noticiasemdestaque.com\/cd\/#\/schema\/logo\/image\/\",\"url\":\"https:\/\/noticiasemdestaque.com\/cd\/wp-content\/uploads\/2022\/05\/imagem-base-noticiasemdestaque.png\",\"contentUrl\":\"https:\/\/noticiasemdestaque.com\/cd\/wp-content\/uploads\/2022\/05\/imagem-base-noticiasemdestaque.png\",\"width\":1200,\"height\":630,\"caption\":\"Not\u00edcias em Destaque\"},\"image\":{\"@id\":\"https:\/\/noticiasemdestaque.com\/cd\/#\/schema\/logo\/image\/\"}},{\"@type\":\"Person\",\"@id\":\"https:\/\/noticiasemdestaque.com\/cd\/#\/schema\/person\/4a81fb71f77579d059c3045891fa1786\",\"name\":\"Not\u00edcias em Destaque\",\"url\":\"https:\/\/noticiasemdestaque.com\/cd\/?author=2\"}]}<\/script>\n<!-- \/ Yoast SEO plugin. -->","yoast_head_json":{"title":"Caminhoneiros e taxistas recebem aux\u00edlio nesta ter\u00e7a - Not&iacute;cias em Destaque","robots":{"index":"index","follow":"follow","max-snippet":"max-snippet:-1","max-image-preview":"max-image-preview:large","max-video-preview":"max-video-preview:-1"},"canonical":"https:\/\/noticiasemdestaque.com\/cd\/?p=43426","og_locale":"pt_BR","og_type":"article","og_title":"Caminhoneiros e taxistas recebem aux\u00edlio nesta ter\u00e7a - Not&iacute;cias em Destaque","og_description":"Motoristas de carga aut\u00f4nomos e de t\u00e1xi de todo o pa\u00eds recebem\u00a0hoje\u00a0(18) a parcela\u00a0de outubro\u00a0dos aux\u00edlios Caminhoneiro e Taxista. Cada parcela equivale a R$ 1 mil. O pagamento inicialmente estava previsto para ocorrer no dia 22, mas foi antecipado quatro dias. Os caminhoneiros que fizeram a autodeclara\u00e7\u00e3o at\u00e9\u00a07 de outubro\u00a0podem\u00a0receber a quarta, quinta e sexta parcelas. Em rela\u00e7\u00e3o aos taxistas, coube aos munic\u00edpios enviar, at\u00e9 o in\u00edcio\u00a0de agosto, o cadastro dos permission\u00e1rios ativos at\u00e9\u00a031 de maio. O dinheiro \u00e9\u00a0depositado nas contas poupan\u00e7a sociais digitais e pode\u00a0ser movimentado por meio do aplicativo Caixa Tem, que permite a compra em lojas virtuais cadastradas, o pagamento de contas\u00a0dom\u00e9sticas e a transfer\u00eancia para qualquer conta banc\u00e1ria. Criados pela\u00a0emenda constitucional\u00a0que estabeleceu estado de emerg\u00eancia por causa da alta do pre\u00e7o dos combust\u00edveis, os aux\u00edlios Caminhoneiro e Taxista ser\u00e3o pagos at\u00e9 dezembro. A emenda elevou benef\u00edcios sociais e instituiu aux\u00edlios emergenciais at\u00e9 o fim do ano. Autodeclara\u00e7\u00e3o No Aux\u00edlio Taxista, o cadastro dos profissionais aut\u00f4nomos cabe unicamente aos munic\u00edpios, que enviam os dados ao Minist\u00e9rio do Trabalho e Previd\u00eancia. Bastava ao permission\u00e1rio estar com o cadastro regularizado na prefeitura (ou no governo do Distrito Federal, no caso da capital federal) at\u00e9\u00a031 de maio. No Aux\u00edlio Caminhoneiro, o governo preparou um portal para o motorista pedir o benef\u00edcio. Desde\u00a015 de agosto, os transportadores aut\u00f4nomos de carga (TAC) podem fazer a Autodeclara\u00e7\u00e3o do Termo de Registro para receber o BEm Caminhoneiro-TAC. Por causa da antecipa\u00e7\u00e3o do benef\u00edcio, o Minist\u00e9rio do Trabalho e Previd\u00eancia antecipou o prazo de entrega da autodeclara\u00e7\u00e3o at\u00e9\u00a07 de outubro. Quem perdeu o prazo pode enviar os dados at\u00e9\u00a07 de novembro\u00a0para\u00a0ter\u00a0direito ao benef\u00edcio, mas s\u00f3 receber\u00e1 a\u00a0quinta\u00a0e a\u00a0sexta\u00a0parcela. A autodeclara\u00e7\u00e3o pode ser feita pelo\u00a0Portal Emprega Brasil\u00a0ou pelo aplicativo da Carteira de Trabalho Digital. Ap\u00f3s esse prazo, os caminhoneiros somente\u00a0ter\u00e3o direito a receber o benef\u00edcio a partir do m\u00eas do envio dos dados, desde que atendidos os demais requisitos legais. Quem tem direito Ter\u00e3o direito ao benef\u00edcio os transportadores de carga aut\u00f4nomos, cadastrados no Registro Nacional de Transportadores Rodovi\u00e1rios de Cargas (RNTR-C) da Ag\u00eancia Nacional de Transportes Terrestres (ANTT) at\u00e9\u00a031 de maio\u00a0deste ano. Os profissionais dever\u00e3o estar com a Carteira Nacional de Habilita\u00e7\u00e3o (CNH) e o CPF v\u00e1lidos, entre outras exig\u00eancias. Tamb\u00e9m chamado de Benef\u00edcio Emergencial Caminhoneiro (BEm-Caminhoneiro), o aux\u00edlio ser\u00e1 pago a cada transportador aut\u00f4nomo, independentemente da quantidade de ve\u00edculos que tiver\u00a0O pagamento do BEm-Caminhoneiro vai ser revisado mensalmente. Para os pr\u00f3ximos lotes de pagamento, a ANTT vai encaminhar ao Minist\u00e9rio do Trabalho e Previd\u00eancia a rela\u00e7\u00e3o dos transportadores aut\u00f4nomos de cargas que estiverem na situa\u00e7\u00e3o \u201cativo\u201d no RNTR-C. Aux\u00edlio Taxista T\u00eam direito ao benef\u00edcio os motoristas de t\u00e1xi registrados nas prefeituras, titulares de concess\u00f5es ou alvar\u00e1s expedido at\u00e9\u00a031 de maio. N\u00e3o ser\u00e1 necess\u00e1ria qualquer a\u00e7\u00e3o por parte dos taxistas. Em caso de d\u00favidas, o motorista deve entrar em contato com a prefeitura para verificar o cadastro municipal. A presta\u00e7\u00e3o das informa\u00e7\u00f5es caber\u00e1 inteiramente \u00e0s prefeituras ou ao governo do Distrito Federal. Calend\u00e1rio do Aux\u00edlio Caminhoneiro 2022 Parcela Data de pagamento Cadastro ativo ou autodeclara\u00e7\u00e3o Julho e agosto 9\/8 (valor em dobro) at\u00e9 22\/7 Julho e agosto (repescagem) 6\/9 (valor em dobro) at\u00e9 29\/8 Julho, agosto e setembro (repescagem e terceira parcela) 24\/9 (valor triplo ou apenas da terceira parcela) at\u00e9 12\/9 Outubro 18\/10 at\u00e9 7\/10 Novembro 19\/11 at\u00e9 7\/11 Dezembro 10\/12 at\u00e9 28\/11 &nbsp; Calend\u00e1rio do Aux\u00edlio Taxista 2022 Parcela Data de pagamento 1\u00aa e 2\u00aa parcelas 16\/8 1\u00aa e 2\u00aa parcelas (repescagem) 30\/8 3\u00aa parcela 24\/9 4\u00aa parcela 18\/10 5\u00aa parcela 19\/11 6\u00aa parcela 10\/12 Noticias em Destaque Fonte: Caixa Econ\u00f4mica Federal","og_url":"https:\/\/noticiasemdestaque.com\/cd\/?p=43426","og_site_name":"Not&iacute;cias em Destaque","article_published_time":"2022-10-18T12:18:48+00:00","og_image":[{"width":1170,"height":700,"url":"https:\/\/noticiasemdestaque.com\/cd\/wp-content\/uploads\/2022\/10\/caminhoneiros.jpg","type":"image\/jpeg"}],"author":"Not\u00edcias em Destaque","twitter_card":"summary_large_image","twitter_misc":{"Escrito por":"Not\u00edcias em Destaque","Est. tempo de leitura":"5 minutos"},"schema":{"@context":"https:\/\/schema.org","@graph":[{"@type":"Article","@id":"https:\/\/noticiasemdestaque.com\/cd\/?p=43426#article","isPartOf":{"@id":"https:\/\/noticiasemdestaque.com\/cd\/?p=43426"},"author":{"name":"Not\u00edcias em Destaque","@id":"https:\/\/noticiasemdestaque.com\/cd\/#\/schema\/person\/4a81fb71f77579d059c3045891fa1786"},"headline":"Caminhoneiros e taxistas recebem aux\u00edlio nesta ter\u00e7a","datePublished":"2022-10-18T12:18:48+00:00","mainEntityOfPage":{"@id":"https:\/\/noticiasemdestaque.com\/cd\/?p=43426"},"wordCount":670,"publisher":{"@id":"https:\/\/noticiasemdestaque.com\/cd\/#organization"},"image":{"@id":"https:\/\/noticiasemdestaque.com\/cd\/?p=43426#primaryimage"},"thumbnailUrl":"https:\/\/noticiasemdestaque.com\/cd\/wp-content\/uploads\/2022\/10\/caminhoneiros.jpg","articleSection":["Economia"],"inLanguage":"pt-BR"},{"@type":"WebPage","@id":"https:\/\/noticiasemdestaque.com\/cd\/?p=43426","url":"https:\/\/noticiasemdestaque.com\/cd\/?p=43426","name":"Caminhoneiros e taxistas recebem aux\u00edlio nesta ter\u00e7a - Not&iacute;cias em Destaque","isPartOf":{"@id":"https:\/\/noticiasemdestaque.com\/cd\/#website"},"primaryImageOfPage":{"@id":"https:\/\/noticiasemdestaque.com\/cd\/?p=43426#primaryimage"},"image":{"@id":"https:\/\/noticiasemdestaque.com\/cd\/?p=43426#primaryimage"},"thumbnailUrl":"https:\/\/noticiasemdestaque.com\/cd\/wp-content\/uploads\/2022\/10\/caminhoneiros.jpg","datePublished":"2022-10-18T12:18:48+00:00","breadcrumb":{"@id":"https:\/\/noticiasemdestaque.com\/cd\/?p=43426#breadcrumb"},"inLanguage":"pt-BR","potentialAction":[{"@type":"ReadAction","target":["https:\/\/noticiasemdestaque.com\/cd\/?p=43426"]}]},{"@type":"ImageObject","inLanguage":"pt-BR","@id":"https:\/\/noticiasemdestaque.com\/cd\/?p=43426#primaryimage","url":"https:\/\/noticiasemdestaque.com\/cd\/wp-content\/uploads\/2022\/10\/caminhoneiros.jpg","contentUrl":"https:\/\/noticiasemdestaque.com\/cd\/wp-content\/uploads\/2022\/10\/caminhoneiros.jpg","width":1170,"height":700,"caption":"Caminhoneiros fazem paraliza\u00e7\u00e3o na BR 101, Niter\u00f3i-Manilha, na altura de Itabora\u00ed, no Rio de Janeiro."},{"@type":"BreadcrumbList","@id":"https:\/\/noticiasemdestaque.com\/cd\/?p=43426#breadcrumb","itemListElement":[{"@type":"ListItem","position":1,"name":"In\u00edcio","item":"https:\/\/noticiasemdestaque.com\/cd\/"},{"@type":"ListItem","position":2,"name":"Caminhoneiros e taxistas recebem aux\u00edlio nesta ter\u00e7a"}]},{"@type":"WebSite","@id":"https:\/\/noticiasemdestaque.com\/cd\/#website","url":"https:\/\/noticiasemdestaque.com\/cd\/","name":"Not&iacute;cias em Destaque","description":"","publisher":{"@id":"https:\/\/noticiasemdestaque.com\/cd\/#organization"},"potentialAction":[{"@type":"SearchAction","target":{"@type":"EntryPoint","urlTemplate":"https:\/\/noticiasemdestaque.com\/cd\/?s={search_term_string}"},"query-input":{"@type":"PropertyValueSpecification","valueRequired":true,"valueName":"search_term_string"}}],"inLanguage":"pt-BR"},{"@type":"Organization","@id":"https:\/\/noticiasemdestaque.com\/cd\/#organization","name":"Not\u00edcias em Destaque","url":"https:\/\/noticiasemdestaque.com\/cd\/","logo":{"@type":"ImageObject","inLanguage":"pt-BR","@id":"https:\/\/noticiasemdestaque.com\/cd\/#\/schema\/logo\/image\/","url":"https:\/\/noticiasemdestaque.com\/cd\/wp-content\/uploads\/2022\/05\/imagem-base-noticiasemdestaque.png","contentUrl":"https:\/\/noticiasemdestaque.com\/cd\/wp-content\/uploads\/2022\/05\/imagem-base-noticiasemdestaque.png","width":1200,"height":630,"caption":"Not\u00edcias em Destaque"},"image":{"@id":"https:\/\/noticiasemdestaque.com\/cd\/#\/schema\/logo\/image\/"}},{"@type":"Person","@id":"https:\/\/noticiasemdestaque.com\/cd\/#\/schema\/person\/4a81fb71f77579d059c3045891fa1786","name":"Not\u00edcias em Destaque","url":"https:\/\/noticiasemdestaque.com\/cd\/?author=2"}]}},"jetpack_featured_media_url":"https:\/\/noticiasemdestaque.com\/cd\/wp-content\/uploads\/2022\/10\/caminhoneiros.jpg","jetpack_sharing_enabled":true,"_links":{"self":[{"href":"https:\/\/noticiasemdestaque.com\/cd\/index.php?rest_route=\/wp\/v2\/posts\/43426","targetHints":{"allow":["GET"]}}],"collection":[{"href":"https:\/\/noticiasemdestaque.com\/cd\/index.php?rest_route=\/wp\/v2\/posts"}],"about":[{"href":"https:\/\/noticiasemdestaque.com\/cd\/index.php?rest_route=\/wp\/v2\/types\/post"}],"author":[{"embeddable":true,"href":"https:\/\/noticiasemdestaque.com\/cd\/index.php?rest_route=\/wp\/v2\/users\/2"}],"replies":[{"embeddable":true,"href":"https:\/\/noticiasemdestaque.com\/cd\/index.php?rest_route=%2Fwp%2Fv2%2Fcomments&post=43426"}],"version-history":[{"count":1,"href":"https:\/\/noticiasemdestaque.com\/cd\/index.php?rest_route=\/wp\/v2\/posts\/43426\/revisions"}],"predecessor-version":[{"id":43428,"href":"https:\/\/noticiasemdestaque.com\/cd\/index.php?rest_route=\/wp\/v2\/posts\/43426\/revisions\/43428"}],"wp:featuredmedia":[{"embeddable":true,"href":"https:\/\/noticiasemdestaque.com\/cd\/index.php?rest_route=\/wp\/v2\/media\/43427"}],"wp:attachment":[{"href":"https:\/\/noticiasemdestaque.com\/cd\/index.php?rest_route=%2Fwp%2Fv2%2Fmedia&parent=43426"}],"wp:term":[{"taxonomy":"category","embeddable":true,"href":"https:\/\/noticiasemdestaque.com\/cd\/index.php?rest_route=%2Fwp%2Fv2%2Fcategories&post=43426"},{"taxonomy":"post_tag","embeddable":true,"href":"https:\/\/noticiasemdestaque.com\/cd\/index.php?rest_route=%2Fwp%2Fv2%2Ftags&post=43426"}],"curies":[{"name":"wp","href":"https:\/\/api.w.org\/{rel}","templated":true}]}}