{"id":4341,"date":"2017-09-15T13:58:42","date_gmt":"2017-09-15T16:58:42","guid":{"rendered":"http:\/\/caririemdestaque.com\/cd\/?p=4341"},"modified":"2017-09-15T13:58:42","modified_gmt":"2017-09-15T16:58:42","slug":"joao-henrique-nega-invasao-em-suas-bases-no-cariri","status":"publish","type":"post","link":"https:\/\/noticiasemdestaque.com\/cd\/?p=4341","title":{"rendered":"Jo\u00e3o Henrique nega invas\u00e3o em suas bases no Cariri"},"content":{"rendered":"<p>O deputado estadual Jo\u00e3o Henrique, do DEM, negou em entrevista nesta quinta-feira, 14, a exist\u00eancia de um mal estar com o deputado Tr\u00f3colli J\u00fanior, do PROS, sobre uma suposta invas\u00e3o de bases, no Cariri do Estado.<\/p>\n<p>Jo\u00e3o Henrique n\u00e3o s\u00f3 disse que o povo de Monteiro vota em quem quiser, como tamb\u00e9m at\u00e9 gostaria que o colega conquistasse alguns votos na cidade, no pr\u00f3ximo pleito.<\/p>\n<p>\u201cEu n\u00e3o sei de onde vem essas inven\u00e7\u00f5es. Na verdade, Monteiro n\u00e3o tem porteiras. L\u00e1 as pessoas votam em quem quiser. E se as pessoas t\u00eam em n\u00f3s uma lideran\u00e7a, certamente fizemos por onde. Voc\u00ea tem que observar uma coisa, muito interessante. O governador ganhou l\u00e1 no primeiro turno e no segundo e agora, n\u00f3s fomos \u00e0s urnas e vencemos as elei\u00e7\u00f5es, mesmo com o governo Ricardo investindo maci\u00e7amente. Tem um trabalho feito por Edna e agora a prefeita Lorena dando continuidade. As pessoas votam em quem quiser, principalmente em Tr\u00f3colli, \u00e9 meu amigo, um companheiro e eu at\u00e9 gostaria que as pessoas ele tamb\u00e9m tivesse l\u00e1 uma vota\u00e7\u00e3ozinha\u201d, disse.<\/p>\n<p><em><strong>Cariri em Destaque\u00a0<\/strong><\/em><\/p>\n<p>Com Blog do Ninja<\/p>\n","protected":false},"excerpt":{"rendered":"<p>O deputado estadual Jo\u00e3o Henrique, do DEM, negou em entrevista nesta quinta-feira, 14, a exist\u00eancia de um mal estar com o deputado Tr\u00f3colli J\u00fanior, do PROS, sobre uma suposta invas\u00e3o de bases, no Cariri do Estado. Jo\u00e3o Henrique n\u00e3o s\u00f3 disse que o povo de Monteiro vota em quem quiser, como tamb\u00e9m at\u00e9 gostaria que o colega conquistasse alguns votos na cidade, no pr\u00f3ximo pleito. \u201cEu n\u00e3o sei de onde vem essas inven\u00e7\u00f5es. Na verdade, Monteiro n\u00e3o tem porteiras. L\u00e1 as pessoas votam em quem quiser. E se as pessoas t\u00eam em n\u00f3s uma lideran\u00e7a, certamente fizemos por onde. Voc\u00ea tem que observar uma coisa, muito interessante. O governador ganhou l\u00e1 no primeiro turno e no segundo e agora, n\u00f3s fomos \u00e0s urnas e vencemos as elei\u00e7\u00f5es, mesmo com o governo Ricardo investindo maci\u00e7amente. Tem um trabalho feito por Edna e agora a prefeita Lorena dando continuidade. As pessoas votam em quem quiser, principalmente em Tr\u00f3colli, \u00e9 meu amigo, um companheiro e eu at\u00e9 gostaria que as pessoas ele tamb\u00e9m tivesse l\u00e1 uma vota\u00e7\u00e3ozinha\u201d, disse. Cariri em Destaque\u00a0 Com Blog do Ninja<\/p>\n","protected":false},"author":2,"featured_media":4209,"comment_status":"closed","ping_status":"open","sticky":false,"template":"","format":"standard","meta":{"_eb_attr":"","_jetpack_memberships_contains_paid_content":false,"footnotes":""},"categories":[3],"tags":[],"class_list":["post-4341","post","type-post","status-publish","format-standard","has-post-thumbnail","hentry","category-cidades"],"yoast_head":"<!-- This site is optimized with the Yoast SEO plugin v26.5 - https:\/\/yoast.com\/wordpress\/plugins\/seo\/ -->\n<title>Jo\u00e3o Henrique nega invas\u00e3o em suas bases no Cariri - Not&iacute;cias em Destaque<\/title>\n<meta name=\"robots\" content=\"index, follow, max-snippet:-1, max-image-preview:large, max-video-preview:-1\" \/>\n<link rel=\"canonical\" href=\"https:\/\/noticiasemdestaque.com\/cd\/?p=4341\" \/>\n<meta property=\"og:locale\" content=\"pt_BR\" \/>\n<meta property=\"og:type\" content=\"article\" \/>\n<meta property=\"og:title\" content=\"Jo\u00e3o Henrique nega invas\u00e3o em suas bases no Cariri - Not&iacute;cias em Destaque\" \/>\n<meta property=\"og:description\" content=\"O deputado estadual Jo\u00e3o Henrique, do DEM, negou em entrevista nesta quinta-feira, 14, a exist\u00eancia de um mal estar com o deputado Tr\u00f3colli J\u00fanior, do PROS, sobre uma suposta invas\u00e3o de bases, no Cariri do Estado. Jo\u00e3o Henrique n\u00e3o s\u00f3 disse que o povo de Monteiro vota em quem quiser, como tamb\u00e9m at\u00e9 gostaria que o colega conquistasse alguns votos na cidade, no pr\u00f3ximo pleito. \u201cEu n\u00e3o sei de onde vem essas inven\u00e7\u00f5es. Na verdade, Monteiro n\u00e3o tem porteiras. L\u00e1 as pessoas votam em quem quiser. E se as pessoas t\u00eam em n\u00f3s uma lideran\u00e7a, certamente fizemos por onde. Voc\u00ea tem que observar uma coisa, muito interessante. O governador ganhou l\u00e1 no primeiro turno e no segundo e agora, n\u00f3s fomos \u00e0s urnas e vencemos as elei\u00e7\u00f5es, mesmo com o governo Ricardo investindo maci\u00e7amente. Tem um trabalho feito por Edna e agora a prefeita Lorena dando continuidade. As pessoas votam em quem quiser, principalmente em Tr\u00f3colli, \u00e9 meu amigo, um companheiro e eu at\u00e9 gostaria que as pessoas ele tamb\u00e9m tivesse l\u00e1 uma vota\u00e7\u00e3ozinha\u201d, disse. Cariri em Destaque\u00a0 Com Blog do Ninja\" \/>\n<meta property=\"og:url\" content=\"https:\/\/noticiasemdestaque.com\/cd\/?p=4341\" \/>\n<meta property=\"og:site_name\" content=\"Not&iacute;cias em Destaque\" \/>\n<meta property=\"article:published_time\" content=\"2017-09-15T16:58:42+00:00\" \/>\n<meta property=\"og:image\" content=\"https:\/\/noticiasemdestaque.com\/cd\/wp-content\/uploads\/2017\/09\/timthumb-6.jpg\" \/>\n\t<meta property=\"og:image:width\" content=\"547\" \/>\n\t<meta property=\"og:image:height\" content=\"398\" \/>\n\t<meta property=\"og:image:type\" content=\"image\/jpeg\" \/>\n<meta name=\"author\" content=\"Not\u00edcias em Destaque\" \/>\n<meta name=\"twitter:card\" content=\"summary_large_image\" \/>\n<meta name=\"twitter:label1\" content=\"Escrito por\" \/>\n\t<meta name=\"twitter:data1\" content=\"Not\u00edcias em Destaque\" \/>\n\t<meta name=\"twitter:label2\" content=\"Est. tempo de leitura\" \/>\n\t<meta name=\"twitter:data2\" content=\"1 minuto\" \/>\n<script type=\"application\/ld+json\" class=\"yoast-schema-graph\">{\"@context\":\"https:\/\/schema.org\",\"@graph\":[{\"@type\":\"Article\",\"@id\":\"https:\/\/noticiasemdestaque.com\/cd\/?p=4341#article\",\"isPartOf\":{\"@id\":\"https:\/\/noticiasemdestaque.com\/cd\/?p=4341\"},\"author\":{\"name\":\"Not\u00edcias em Destaque\",\"@id\":\"https:\/\/noticiasemdestaque.com\/cd\/#\/schema\/person\/21320b03a7e8bb90128938dafc9b908a\"},\"headline\":\"Jo\u00e3o Henrique nega invas\u00e3o em suas bases no Cariri\",\"datePublished\":\"2017-09-15T16:58:42+00:00\",\"mainEntityOfPage\":{\"@id\":\"https:\/\/noticiasemdestaque.com\/cd\/?p=4341\"},\"wordCount\":212,\"publisher\":{\"@id\":\"https:\/\/noticiasemdestaque.com\/cd\/#organization\"},\"image\":{\"@id\":\"https:\/\/noticiasemdestaque.com\/cd\/?p=4341#primaryimage\"},\"thumbnailUrl\":\"https:\/\/noticiasemdestaque.com\/cd\/wp-content\/uploads\/2017\/09\/timthumb-6.jpg\",\"articleSection\":[\"Cidades\"],\"inLanguage\":\"pt-BR\"},{\"@type\":\"WebPage\",\"@id\":\"https:\/\/noticiasemdestaque.com\/cd\/?p=4341\",\"url\":\"https:\/\/noticiasemdestaque.com\/cd\/?p=4341\",\"name\":\"Jo\u00e3o Henrique nega invas\u00e3o em suas bases no Cariri - Not&iacute;cias em Destaque\",\"isPartOf\":{\"@id\":\"https:\/\/noticiasemdestaque.com\/cd\/#website\"},\"primaryImageOfPage\":{\"@id\":\"https:\/\/noticiasemdestaque.com\/cd\/?p=4341#primaryimage\"},\"image\":{\"@id\":\"https:\/\/noticiasemdestaque.com\/cd\/?p=4341#primaryimage\"},\"thumbnailUrl\":\"https:\/\/noticiasemdestaque.com\/cd\/wp-content\/uploads\/2017\/09\/timthumb-6.jpg\",\"datePublished\":\"2017-09-15T16:58:42+00:00\",\"breadcrumb\":{\"@id\":\"https:\/\/noticiasemdestaque.com\/cd\/?p=4341#breadcrumb\"},\"inLanguage\":\"pt-BR\",\"potentialAction\":[{\"@type\":\"ReadAction\",\"target\":[\"https:\/\/noticiasemdestaque.com\/cd\/?p=4341\"]}]},{\"@type\":\"ImageObject\",\"inLanguage\":\"pt-BR\",\"@id\":\"https:\/\/noticiasemdestaque.com\/cd\/?p=4341#primaryimage\",\"url\":\"https:\/\/noticiasemdestaque.com\/cd\/wp-content\/uploads\/2017\/09\/timthumb-6.jpg\",\"contentUrl\":\"https:\/\/noticiasemdestaque.com\/cd\/wp-content\/uploads\/2017\/09\/timthumb-6.jpg\",\"width\":547,\"height\":398},{\"@type\":\"BreadcrumbList\",\"@id\":\"https:\/\/noticiasemdestaque.com\/cd\/?p=4341#breadcrumb\",\"itemListElement\":[{\"@type\":\"ListItem\",\"position\":1,\"name\":\"In\u00edcio\",\"item\":\"https:\/\/noticiasemdestaque.com\/cd\/\"},{\"@type\":\"ListItem\",\"position\":2,\"name\":\"Jo\u00e3o Henrique nega invas\u00e3o em suas bases no Cariri\"}]},{\"@type\":\"WebSite\",\"@id\":\"https:\/\/noticiasemdestaque.com\/cd\/#website\",\"url\":\"https:\/\/noticiasemdestaque.com\/cd\/\",\"name\":\"Not&iacute;cias em Destaque\",\"description\":\"\",\"publisher\":{\"@id\":\"https:\/\/noticiasemdestaque.com\/cd\/#organization\"},\"potentialAction\":[{\"@type\":\"SearchAction\",\"target\":{\"@type\":\"EntryPoint\",\"urlTemplate\":\"https:\/\/noticiasemdestaque.com\/cd\/?s={search_term_string}\"},\"query-input\":{\"@type\":\"PropertyValueSpecification\",\"valueRequired\":true,\"valueName\":\"search_term_string\"}}],\"inLanguage\":\"pt-BR\"},{\"@type\":\"Organization\",\"@id\":\"https:\/\/noticiasemdestaque.com\/cd\/#organization\",\"name\":\"Not\u00edcias em Destaque\",\"url\":\"https:\/\/noticiasemdestaque.com\/cd\/\",\"logo\":{\"@type\":\"ImageObject\",\"inLanguage\":\"pt-BR\",\"@id\":\"https:\/\/noticiasemdestaque.com\/cd\/#\/schema\/logo\/image\/\",\"url\":\"https:\/\/noticiasemdestaque.com\/cd\/wp-content\/uploads\/2022\/05\/imagem-base-noticiasemdestaque.png\",\"contentUrl\":\"https:\/\/noticiasemdestaque.com\/cd\/wp-content\/uploads\/2022\/05\/imagem-base-noticiasemdestaque.png\",\"width\":1200,\"height\":630,\"caption\":\"Not\u00edcias em Destaque\"},\"image\":{\"@id\":\"https:\/\/noticiasemdestaque.com\/cd\/#\/schema\/logo\/image\/\"}},{\"@type\":\"Person\",\"@id\":\"https:\/\/noticiasemdestaque.com\/cd\/#\/schema\/person\/21320b03a7e8bb90128938dafc9b908a\",\"name\":\"Not\u00edcias em Destaque\",\"url\":\"https:\/\/noticiasemdestaque.com\/cd\/?author=2\"}]}<\/script>\n<!-- \/ Yoast SEO plugin. -->","yoast_head_json":{"title":"Jo\u00e3o Henrique nega invas\u00e3o em suas bases no Cariri - Not&iacute;cias em Destaque","robots":{"index":"index","follow":"follow","max-snippet":"max-snippet:-1","max-image-preview":"max-image-preview:large","max-video-preview":"max-video-preview:-1"},"canonical":"https:\/\/noticiasemdestaque.com\/cd\/?p=4341","og_locale":"pt_BR","og_type":"article","og_title":"Jo\u00e3o Henrique nega invas\u00e3o em suas bases no Cariri - Not&iacute;cias em Destaque","og_description":"O deputado estadual Jo\u00e3o Henrique, do DEM, negou em entrevista nesta quinta-feira, 14, a exist\u00eancia de um mal estar com o deputado Tr\u00f3colli J\u00fanior, do PROS, sobre uma suposta invas\u00e3o de bases, no Cariri do Estado. Jo\u00e3o Henrique n\u00e3o s\u00f3 disse que o povo de Monteiro vota em quem quiser, como tamb\u00e9m at\u00e9 gostaria que o colega conquistasse alguns votos na cidade, no pr\u00f3ximo pleito. \u201cEu n\u00e3o sei de onde vem essas inven\u00e7\u00f5es. Na verdade, Monteiro n\u00e3o tem porteiras. L\u00e1 as pessoas votam em quem quiser. E se as pessoas t\u00eam em n\u00f3s uma lideran\u00e7a, certamente fizemos por onde. Voc\u00ea tem que observar uma coisa, muito interessante. O governador ganhou l\u00e1 no primeiro turno e no segundo e agora, n\u00f3s fomos \u00e0s urnas e vencemos as elei\u00e7\u00f5es, mesmo com o governo Ricardo investindo maci\u00e7amente. Tem um trabalho feito por Edna e agora a prefeita Lorena dando continuidade. As pessoas votam em quem quiser, principalmente em Tr\u00f3colli, \u00e9 meu amigo, um companheiro e eu at\u00e9 gostaria que as pessoas ele tamb\u00e9m tivesse l\u00e1 uma vota\u00e7\u00e3ozinha\u201d, disse. Cariri em Destaque\u00a0 Com Blog do Ninja","og_url":"https:\/\/noticiasemdestaque.com\/cd\/?p=4341","og_site_name":"Not&iacute;cias em Destaque","article_published_time":"2017-09-15T16:58:42+00:00","og_image":[{"width":547,"height":398,"url":"https:\/\/noticiasemdestaque.com\/cd\/wp-content\/uploads\/2017\/09\/timthumb-6.jpg","type":"image\/jpeg"}],"author":"Not\u00edcias em Destaque","twitter_card":"summary_large_image","twitter_misc":{"Escrito por":"Not\u00edcias em Destaque","Est. tempo de leitura":"1 minuto"},"schema":{"@context":"https:\/\/schema.org","@graph":[{"@type":"Article","@id":"https:\/\/noticiasemdestaque.com\/cd\/?p=4341#article","isPartOf":{"@id":"https:\/\/noticiasemdestaque.com\/cd\/?p=4341"},"author":{"name":"Not\u00edcias em Destaque","@id":"https:\/\/noticiasemdestaque.com\/cd\/#\/schema\/person\/21320b03a7e8bb90128938dafc9b908a"},"headline":"Jo\u00e3o Henrique nega invas\u00e3o em suas bases no Cariri","datePublished":"2017-09-15T16:58:42+00:00","mainEntityOfPage":{"@id":"https:\/\/noticiasemdestaque.com\/cd\/?p=4341"},"wordCount":212,"publisher":{"@id":"https:\/\/noticiasemdestaque.com\/cd\/#organization"},"image":{"@id":"https:\/\/noticiasemdestaque.com\/cd\/?p=4341#primaryimage"},"thumbnailUrl":"https:\/\/noticiasemdestaque.com\/cd\/wp-content\/uploads\/2017\/09\/timthumb-6.jpg","articleSection":["Cidades"],"inLanguage":"pt-BR"},{"@type":"WebPage","@id":"https:\/\/noticiasemdestaque.com\/cd\/?p=4341","url":"https:\/\/noticiasemdestaque.com\/cd\/?p=4341","name":"Jo\u00e3o Henrique nega invas\u00e3o em suas bases no Cariri - Not&iacute;cias em Destaque","isPartOf":{"@id":"https:\/\/noticiasemdestaque.com\/cd\/#website"},"primaryImageOfPage":{"@id":"https:\/\/noticiasemdestaque.com\/cd\/?p=4341#primaryimage"},"image":{"@id":"https:\/\/noticiasemdestaque.com\/cd\/?p=4341#primaryimage"},"thumbnailUrl":"https:\/\/noticiasemdestaque.com\/cd\/wp-content\/uploads\/2017\/09\/timthumb-6.jpg","datePublished":"2017-09-15T16:58:42+00:00","breadcrumb":{"@id":"https:\/\/noticiasemdestaque.com\/cd\/?p=4341#breadcrumb"},"inLanguage":"pt-BR","potentialAction":[{"@type":"ReadAction","target":["https:\/\/noticiasemdestaque.com\/cd\/?p=4341"]}]},{"@type":"ImageObject","inLanguage":"pt-BR","@id":"https:\/\/noticiasemdestaque.com\/cd\/?p=4341#primaryimage","url":"https:\/\/noticiasemdestaque.com\/cd\/wp-content\/uploads\/2017\/09\/timthumb-6.jpg","contentUrl":"https:\/\/noticiasemdestaque.com\/cd\/wp-content\/uploads\/2017\/09\/timthumb-6.jpg","width":547,"height":398},{"@type":"BreadcrumbList","@id":"https:\/\/noticiasemdestaque.com\/cd\/?p=4341#breadcrumb","itemListElement":[{"@type":"ListItem","position":1,"name":"In\u00edcio","item":"https:\/\/noticiasemdestaque.com\/cd\/"},{"@type":"ListItem","position":2,"name":"Jo\u00e3o Henrique nega invas\u00e3o em suas bases no Cariri"}]},{"@type":"WebSite","@id":"https:\/\/noticiasemdestaque.com\/cd\/#website","url":"https:\/\/noticiasemdestaque.com\/cd\/","name":"Not&iacute;cias em Destaque","description":"","publisher":{"@id":"https:\/\/noticiasemdestaque.com\/cd\/#organization"},"potentialAction":[{"@type":"SearchAction","target":{"@type":"EntryPoint","urlTemplate":"https:\/\/noticiasemdestaque.com\/cd\/?s={search_term_string}"},"query-input":{"@type":"PropertyValueSpecification","valueRequired":true,"valueName":"search_term_string"}}],"inLanguage":"pt-BR"},{"@type":"Organization","@id":"https:\/\/noticiasemdestaque.com\/cd\/#organization","name":"Not\u00edcias em Destaque","url":"https:\/\/noticiasemdestaque.com\/cd\/","logo":{"@type":"ImageObject","inLanguage":"pt-BR","@id":"https:\/\/noticiasemdestaque.com\/cd\/#\/schema\/logo\/image\/","url":"https:\/\/noticiasemdestaque.com\/cd\/wp-content\/uploads\/2022\/05\/imagem-base-noticiasemdestaque.png","contentUrl":"https:\/\/noticiasemdestaque.com\/cd\/wp-content\/uploads\/2022\/05\/imagem-base-noticiasemdestaque.png","width":1200,"height":630,"caption":"Not\u00edcias em Destaque"},"image":{"@id":"https:\/\/noticiasemdestaque.com\/cd\/#\/schema\/logo\/image\/"}},{"@type":"Person","@id":"https:\/\/noticiasemdestaque.com\/cd\/#\/schema\/person\/21320b03a7e8bb90128938dafc9b908a","name":"Not\u00edcias em Destaque","url":"https:\/\/noticiasemdestaque.com\/cd\/?author=2"}]}},"jetpack_featured_media_url":"https:\/\/noticiasemdestaque.com\/cd\/wp-content\/uploads\/2017\/09\/timthumb-6.jpg","jetpack_sharing_enabled":true,"_links":{"self":[{"href":"https:\/\/noticiasemdestaque.com\/cd\/index.php?rest_route=\/wp\/v2\/posts\/4341","targetHints":{"allow":["GET"]}}],"collection":[{"href":"https:\/\/noticiasemdestaque.com\/cd\/index.php?rest_route=\/wp\/v2\/posts"}],"about":[{"href":"https:\/\/noticiasemdestaque.com\/cd\/index.php?rest_route=\/wp\/v2\/types\/post"}],"author":[{"embeddable":true,"href":"https:\/\/noticiasemdestaque.com\/cd\/index.php?rest_route=\/wp\/v2\/users\/2"}],"replies":[{"embeddable":true,"href":"https:\/\/noticiasemdestaque.com\/cd\/index.php?rest_route=%2Fwp%2Fv2%2Fcomments&post=4341"}],"version-history":[{"count":1,"href":"https:\/\/noticiasemdestaque.com\/cd\/index.php?rest_route=\/wp\/v2\/posts\/4341\/revisions"}],"predecessor-version":[{"id":4342,"href":"https:\/\/noticiasemdestaque.com\/cd\/index.php?rest_route=\/wp\/v2\/posts\/4341\/revisions\/4342"}],"wp:featuredmedia":[{"embeddable":true,"href":"https:\/\/noticiasemdestaque.com\/cd\/index.php?rest_route=\/wp\/v2\/media\/4209"}],"wp:attachment":[{"href":"https:\/\/noticiasemdestaque.com\/cd\/index.php?rest_route=%2Fwp%2Fv2%2Fmedia&parent=4341"}],"wp:term":[{"taxonomy":"category","embeddable":true,"href":"https:\/\/noticiasemdestaque.com\/cd\/index.php?rest_route=%2Fwp%2Fv2%2Fcategories&post=4341"},{"taxonomy":"post_tag","embeddable":true,"href":"https:\/\/noticiasemdestaque.com\/cd\/index.php?rest_route=%2Fwp%2Fv2%2Ftags&post=4341"}],"curies":[{"name":"wp","href":"https:\/\/api.w.org\/{rel}","templated":true}]}}