{"id":43405,"date":"2022-10-17T10:57:23","date_gmt":"2022-10-17T13:57:23","guid":{"rendered":"https:\/\/noticiasemdestaque.com\/cd\/?p=43405"},"modified":"2022-10-17T10:57:23","modified_gmt":"2022-10-17T13:57:23","slug":"deputado-julian-lemos-do-uniao-brasil-anuncia-apoio-a-reeleicao-de-joao-azevedo","status":"publish","type":"post","link":"https:\/\/noticiasemdestaque.com\/cd\/?p=43405","title":{"rendered":"Deputado Julian Lemos, do Uni\u00e3o Brasil, anuncia apoio \u00e0 reelei\u00e7\u00e3o de Jo\u00e3o Azev\u00eado"},"content":{"rendered":"<p><a href=\"https:\/\/noticiasemdestaque.com\/cd\/wp-content\/uploads\/2022\/10\/adesaojulian.jpeg\"><img fetchpriority=\"high\" decoding=\"async\" class=\"alignnone  wp-image-43406\" src=\"https:\/\/noticiasemdestaque.com\/cd\/wp-content\/uploads\/2022\/10\/adesaojulian-300x200.jpeg\" alt=\"\" width=\"866\" height=\"577\" srcset=\"https:\/\/noticiasemdestaque.com\/cd\/wp-content\/uploads\/2022\/10\/adesaojulian-300x200.jpeg 300w, https:\/\/noticiasemdestaque.com\/cd\/wp-content\/uploads\/2022\/10\/adesaojulian-768x513.jpeg 768w, https:\/\/noticiasemdestaque.com\/cd\/wp-content\/uploads\/2022\/10\/adesaojulian-18x12.jpeg 18w, https:\/\/noticiasemdestaque.com\/cd\/wp-content\/uploads\/2022\/10\/adesaojulian.jpeg 876w\" sizes=\"(max-width: 866px) 100vw, 866px\" \/><\/a><\/p>\n<p>O deputado federal Julian Lemos (Uni\u00e3o Brasil) anunciou na manh\u00e3 desta segunda-feira (17) que ir\u00e1 apoiar o governador Jo\u00e3o Azev\u00eado (PSB) durante o segundo turno das elei\u00e7\u00f5es 2022. A informa\u00e7\u00e3o foi divulgada por meio de uma coletiva de imprensa realizada na sede do Partido Socialista Brasileiro (PSB), em Jo\u00e3o Pessoa. Julian foi candidato a reelei\u00e7\u00e3o e alcan\u00e7ou 36.530 votos no \u00faltimo dia 02 de outubro, ficando como suplente.<\/p>\n<p>Conforme apurou o ClickPB, al\u00e9m do governador\u00a0Jo\u00e3o Azev\u00eado, tamb\u00e9m est\u00e3o presentes no local a senadora Daniella Ribeiro (PSD), o deputado federal\u00a0Gerv\u00e1sio Maia (PSB), o deputado estadual\u00a0Wilson Filho (Republicanos), o vice-prefeito de Jo\u00e3o Pessoa L\u00e9o Bezerra (PSB) e aliados do grupo.<\/p>\n<p>Em postagem no seu perfil em uma rede social, Azev\u00eado afirmou que Julian &#8220;chega trazendo sua for\u00e7a para o projeto que quer fazer a Para\u00edba avan\u00e7ar ainda mais&#8221;.<\/p>\n<p>Julian Lemos foi eleito deputado federal em 2018 com 71.899 votos. \u00c0 \u00e9poca, ele era um dos principais aliados do presidente rec\u00e9m-eleito Jair Bolsonaro e apresentava-se como um dos candidatos do atual presidente na Para\u00edba. Ao longo dos \u00faltimos quatro anos, no entanto, a rela\u00e7\u00e3o entre Julian e o atual presidente tornou-se nada amistosa com diversas trocas de farpas em redes sociais.<\/p>\n<p>Filiou-se ao Uni\u00e3o Brasil e anunciou apoio ao candidato Pedro Cunha Lima (PSDB) na disputa ao governo da Para\u00edba. Efraim Filho, tamb\u00e9m do Uni\u00e3o Brasil, foi o candidato ao senado na coliga\u00e7\u00e3o de Cunha Lima e foi eleito no in\u00edcio deste m\u00eas.<\/p>\n<p>Em uma semana, Julian \u00e9 o segundo filiado do &#8216;UB&#8217; com um n\u00famero significativo de eleitores que deixa de seguir a tend\u00eancia do partido em apoiar Pedro e passa a ir para o lado de Jo\u00e3o Azev\u00eado. Anteriormente, a comunicadora\u00a0<a href=\"https:\/\/www.clickpb.com.br\/eleicoes\/candidata-deputada-pelo-uniao-brasil-no-1-turno-fernandinha-anuncia-apoio-joao-azevedo-338459.html\" target=\"true\" rel=\"noopener\">Fernandinha Albuquerque tamb\u00e9m anunciou o apoio a reelei\u00e7\u00e3o de Jo\u00e3o<\/a>.<\/p>\n<p><strong>Noticias em Destaque<\/strong><\/p>\n<p style=\"text-align: right;\"><em>Fonte: Click PB<\/em><\/p>\n","protected":false},"excerpt":{"rendered":"<p>O deputado federal Julian Lemos (Uni\u00e3o Brasil) anunciou na manh\u00e3 desta segunda-feira (17) que ir\u00e1 apoiar o governador Jo\u00e3o Azev\u00eado (PSB) durante o segundo turno das elei\u00e7\u00f5es 2022. A informa\u00e7\u00e3o foi divulgada por meio de uma coletiva de imprensa realizada na sede do Partido Socialista Brasileiro (PSB), em Jo\u00e3o Pessoa. Julian foi candidato a reelei\u00e7\u00e3o e alcan\u00e7ou 36.530 votos no \u00faltimo dia 02 de outubro, ficando como suplente. Conforme apurou o ClickPB, al\u00e9m do governador\u00a0Jo\u00e3o Azev\u00eado, tamb\u00e9m est\u00e3o presentes no local a senadora Daniella Ribeiro (PSD), o deputado federal\u00a0Gerv\u00e1sio Maia (PSB), o deputado estadual\u00a0Wilson Filho (Republicanos), o vice-prefeito de Jo\u00e3o Pessoa L\u00e9o Bezerra (PSB) e aliados do grupo. Em postagem no seu perfil em uma rede social, Azev\u00eado afirmou que Julian &#8220;chega trazendo sua for\u00e7a para o projeto que quer fazer a Para\u00edba avan\u00e7ar ainda mais&#8221;. Julian Lemos foi eleito deputado federal em 2018 com 71.899 votos. \u00c0 \u00e9poca, ele era um dos principais aliados do presidente rec\u00e9m-eleito Jair Bolsonaro e apresentava-se como um dos candidatos do atual presidente na Para\u00edba. Ao longo dos \u00faltimos quatro anos, no entanto, a rela\u00e7\u00e3o entre Julian e o atual presidente tornou-se nada amistosa com diversas trocas de farpas em redes sociais. Filiou-se ao Uni\u00e3o Brasil e anunciou apoio ao candidato Pedro Cunha Lima (PSDB) na disputa ao governo da Para\u00edba. Efraim Filho, tamb\u00e9m do Uni\u00e3o Brasil, foi o candidato ao senado na coliga\u00e7\u00e3o de Cunha Lima e foi eleito no in\u00edcio deste m\u00eas. Em uma semana, Julian \u00e9 o segundo filiado do &#8216;UB&#8217; com um n\u00famero significativo de eleitores que deixa de seguir a tend\u00eancia do partido em apoiar Pedro e passa a ir para o lado de Jo\u00e3o Azev\u00eado. Anteriormente, a comunicadora\u00a0Fernandinha Albuquerque tamb\u00e9m anunciou o apoio a reelei\u00e7\u00e3o de Jo\u00e3o. Noticias em Destaque Fonte: Click PB<\/p>\n","protected":false},"author":2,"featured_media":43406,"comment_status":"closed","ping_status":"open","sticky":false,"template":"","format":"standard","meta":{"_eb_attr":"","_jetpack_memberships_contains_paid_content":false,"footnotes":""},"categories":[4],"tags":[],"class_list":["post-43405","post","type-post","status-publish","format-standard","has-post-thumbnail","hentry","category-politica"],"yoast_head":"<!-- This site is optimized with the Yoast SEO plugin v26.5 - https:\/\/yoast.com\/wordpress\/plugins\/seo\/ -->\n<title>Deputado Julian Lemos, do Uni\u00e3o Brasil, anuncia apoio \u00e0 reelei\u00e7\u00e3o de Jo\u00e3o Azev\u00eado - Not&iacute;cias em Destaque<\/title>\n<meta name=\"robots\" content=\"index, follow, max-snippet:-1, max-image-preview:large, max-video-preview:-1\" \/>\n<link rel=\"canonical\" href=\"https:\/\/noticiasemdestaque.com\/cd\/?p=43405\" \/>\n<meta property=\"og:locale\" content=\"pt_BR\" \/>\n<meta property=\"og:type\" content=\"article\" \/>\n<meta property=\"og:title\" content=\"Deputado Julian Lemos, do Uni\u00e3o Brasil, anuncia apoio \u00e0 reelei\u00e7\u00e3o de Jo\u00e3o Azev\u00eado - Not&iacute;cias em Destaque\" \/>\n<meta property=\"og:description\" content=\"O deputado federal Julian Lemos (Uni\u00e3o Brasil) anunciou na manh\u00e3 desta segunda-feira (17) que ir\u00e1 apoiar o governador Jo\u00e3o Azev\u00eado (PSB) durante o segundo turno das elei\u00e7\u00f5es 2022. A informa\u00e7\u00e3o foi divulgada por meio de uma coletiva de imprensa realizada na sede do Partido Socialista Brasileiro (PSB), em Jo\u00e3o Pessoa. Julian foi candidato a reelei\u00e7\u00e3o e alcan\u00e7ou 36.530 votos no \u00faltimo dia 02 de outubro, ficando como suplente. Conforme apurou o ClickPB, al\u00e9m do governador\u00a0Jo\u00e3o Azev\u00eado, tamb\u00e9m est\u00e3o presentes no local a senadora Daniella Ribeiro (PSD), o deputado federal\u00a0Gerv\u00e1sio Maia (PSB), o deputado estadual\u00a0Wilson Filho (Republicanos), o vice-prefeito de Jo\u00e3o Pessoa L\u00e9o Bezerra (PSB) e aliados do grupo. Em postagem no seu perfil em uma rede social, Azev\u00eado afirmou que Julian &#8220;chega trazendo sua for\u00e7a para o projeto que quer fazer a Para\u00edba avan\u00e7ar ainda mais&#8221;. Julian Lemos foi eleito deputado federal em 2018 com 71.899 votos. \u00c0 \u00e9poca, ele era um dos principais aliados do presidente rec\u00e9m-eleito Jair Bolsonaro e apresentava-se como um dos candidatos do atual presidente na Para\u00edba. Ao longo dos \u00faltimos quatro anos, no entanto, a rela\u00e7\u00e3o entre Julian e o atual presidente tornou-se nada amistosa com diversas trocas de farpas em redes sociais. Filiou-se ao Uni\u00e3o Brasil e anunciou apoio ao candidato Pedro Cunha Lima (PSDB) na disputa ao governo da Para\u00edba. Efraim Filho, tamb\u00e9m do Uni\u00e3o Brasil, foi o candidato ao senado na coliga\u00e7\u00e3o de Cunha Lima e foi eleito no in\u00edcio deste m\u00eas. Em uma semana, Julian \u00e9 o segundo filiado do &#8216;UB&#8217; com um n\u00famero significativo de eleitores que deixa de seguir a tend\u00eancia do partido em apoiar Pedro e passa a ir para o lado de Jo\u00e3o Azev\u00eado. Anteriormente, a comunicadora\u00a0Fernandinha Albuquerque tamb\u00e9m anunciou o apoio a reelei\u00e7\u00e3o de Jo\u00e3o. Noticias em Destaque Fonte: Click PB\" \/>\n<meta property=\"og:url\" content=\"https:\/\/noticiasemdestaque.com\/cd\/?p=43405\" \/>\n<meta property=\"og:site_name\" content=\"Not&iacute;cias em Destaque\" \/>\n<meta property=\"article:published_time\" content=\"2022-10-17T13:57:23+00:00\" \/>\n<meta property=\"og:image\" content=\"https:\/\/noticiasemdestaque.com\/cd\/wp-content\/uploads\/2022\/10\/adesaojulian.jpeg\" \/>\n\t<meta property=\"og:image:width\" content=\"876\" \/>\n\t<meta property=\"og:image:height\" content=\"585\" \/>\n\t<meta property=\"og:image:type\" content=\"image\/jpeg\" \/>\n<meta name=\"author\" content=\"Not\u00edcias em Destaque\" \/>\n<meta name=\"twitter:card\" content=\"summary_large_image\" \/>\n<meta name=\"twitter:label1\" content=\"Escrito por\" \/>\n\t<meta name=\"twitter:data1\" content=\"Not\u00edcias em Destaque\" \/>\n\t<meta name=\"twitter:label2\" content=\"Est. tempo de leitura\" \/>\n\t<meta name=\"twitter:data2\" content=\"2 minutos\" \/>\n<script type=\"application\/ld+json\" class=\"yoast-schema-graph\">{\"@context\":\"https:\/\/schema.org\",\"@graph\":[{\"@type\":\"Article\",\"@id\":\"https:\/\/noticiasemdestaque.com\/cd\/?p=43405#article\",\"isPartOf\":{\"@id\":\"https:\/\/noticiasemdestaque.com\/cd\/?p=43405\"},\"author\":{\"name\":\"Not\u00edcias em Destaque\",\"@id\":\"https:\/\/noticiasemdestaque.com\/cd\/#\/schema\/person\/4a81fb71f77579d059c3045891fa1786\"},\"headline\":\"Deputado Julian Lemos, do Uni\u00e3o Brasil, anuncia apoio \u00e0 reelei\u00e7\u00e3o de Jo\u00e3o Azev\u00eado\",\"datePublished\":\"2022-10-17T13:57:23+00:00\",\"mainEntityOfPage\":{\"@id\":\"https:\/\/noticiasemdestaque.com\/cd\/?p=43405\"},\"wordCount\":344,\"publisher\":{\"@id\":\"https:\/\/noticiasemdestaque.com\/cd\/#organization\"},\"image\":{\"@id\":\"https:\/\/noticiasemdestaque.com\/cd\/?p=43405#primaryimage\"},\"thumbnailUrl\":\"https:\/\/noticiasemdestaque.com\/cd\/wp-content\/uploads\/2022\/10\/adesaojulian.jpeg\",\"articleSection\":[\"Pol\u00edtica\"],\"inLanguage\":\"pt-BR\"},{\"@type\":\"WebPage\",\"@id\":\"https:\/\/noticiasemdestaque.com\/cd\/?p=43405\",\"url\":\"https:\/\/noticiasemdestaque.com\/cd\/?p=43405\",\"name\":\"Deputado Julian Lemos, do Uni\u00e3o Brasil, anuncia apoio \u00e0 reelei\u00e7\u00e3o de Jo\u00e3o Azev\u00eado - Not&iacute;cias em Destaque\",\"isPartOf\":{\"@id\":\"https:\/\/noticiasemdestaque.com\/cd\/#website\"},\"primaryImageOfPage\":{\"@id\":\"https:\/\/noticiasemdestaque.com\/cd\/?p=43405#primaryimage\"},\"image\":{\"@id\":\"https:\/\/noticiasemdestaque.com\/cd\/?p=43405#primaryimage\"},\"thumbnailUrl\":\"https:\/\/noticiasemdestaque.com\/cd\/wp-content\/uploads\/2022\/10\/adesaojulian.jpeg\",\"datePublished\":\"2022-10-17T13:57:23+00:00\",\"breadcrumb\":{\"@id\":\"https:\/\/noticiasemdestaque.com\/cd\/?p=43405#breadcrumb\"},\"inLanguage\":\"pt-BR\",\"potentialAction\":[{\"@type\":\"ReadAction\",\"target\":[\"https:\/\/noticiasemdestaque.com\/cd\/?p=43405\"]}]},{\"@type\":\"ImageObject\",\"inLanguage\":\"pt-BR\",\"@id\":\"https:\/\/noticiasemdestaque.com\/cd\/?p=43405#primaryimage\",\"url\":\"https:\/\/noticiasemdestaque.com\/cd\/wp-content\/uploads\/2022\/10\/adesaojulian.jpeg\",\"contentUrl\":\"https:\/\/noticiasemdestaque.com\/cd\/wp-content\/uploads\/2022\/10\/adesaojulian.jpeg\",\"width\":876,\"height\":585},{\"@type\":\"BreadcrumbList\",\"@id\":\"https:\/\/noticiasemdestaque.com\/cd\/?p=43405#breadcrumb\",\"itemListElement\":[{\"@type\":\"ListItem\",\"position\":1,\"name\":\"In\u00edcio\",\"item\":\"https:\/\/noticiasemdestaque.com\/cd\/\"},{\"@type\":\"ListItem\",\"position\":2,\"name\":\"Deputado Julian Lemos, do Uni\u00e3o Brasil, anuncia apoio \u00e0 reelei\u00e7\u00e3o de Jo\u00e3o Azev\u00eado\"}]},{\"@type\":\"WebSite\",\"@id\":\"https:\/\/noticiasemdestaque.com\/cd\/#website\",\"url\":\"https:\/\/noticiasemdestaque.com\/cd\/\",\"name\":\"Not&iacute;cias em Destaque\",\"description\":\"\",\"publisher\":{\"@id\":\"https:\/\/noticiasemdestaque.com\/cd\/#organization\"},\"potentialAction\":[{\"@type\":\"SearchAction\",\"target\":{\"@type\":\"EntryPoint\",\"urlTemplate\":\"https:\/\/noticiasemdestaque.com\/cd\/?s={search_term_string}\"},\"query-input\":{\"@type\":\"PropertyValueSpecification\",\"valueRequired\":true,\"valueName\":\"search_term_string\"}}],\"inLanguage\":\"pt-BR\"},{\"@type\":\"Organization\",\"@id\":\"https:\/\/noticiasemdestaque.com\/cd\/#organization\",\"name\":\"Not\u00edcias em Destaque\",\"url\":\"https:\/\/noticiasemdestaque.com\/cd\/\",\"logo\":{\"@type\":\"ImageObject\",\"inLanguage\":\"pt-BR\",\"@id\":\"https:\/\/noticiasemdestaque.com\/cd\/#\/schema\/logo\/image\/\",\"url\":\"https:\/\/noticiasemdestaque.com\/cd\/wp-content\/uploads\/2022\/05\/imagem-base-noticiasemdestaque.png\",\"contentUrl\":\"https:\/\/noticiasemdestaque.com\/cd\/wp-content\/uploads\/2022\/05\/imagem-base-noticiasemdestaque.png\",\"width\":1200,\"height\":630,\"caption\":\"Not\u00edcias em Destaque\"},\"image\":{\"@id\":\"https:\/\/noticiasemdestaque.com\/cd\/#\/schema\/logo\/image\/\"}},{\"@type\":\"Person\",\"@id\":\"https:\/\/noticiasemdestaque.com\/cd\/#\/schema\/person\/4a81fb71f77579d059c3045891fa1786\",\"name\":\"Not\u00edcias em Destaque\",\"url\":\"https:\/\/noticiasemdestaque.com\/cd\/?author=2\"}]}<\/script>\n<!-- \/ Yoast SEO plugin. -->","yoast_head_json":{"title":"Deputado Julian Lemos, do Uni\u00e3o Brasil, anuncia apoio \u00e0 reelei\u00e7\u00e3o de Jo\u00e3o Azev\u00eado - Not&iacute;cias em Destaque","robots":{"index":"index","follow":"follow","max-snippet":"max-snippet:-1","max-image-preview":"max-image-preview:large","max-video-preview":"max-video-preview:-1"},"canonical":"https:\/\/noticiasemdestaque.com\/cd\/?p=43405","og_locale":"pt_BR","og_type":"article","og_title":"Deputado Julian Lemos, do Uni\u00e3o Brasil, anuncia apoio \u00e0 reelei\u00e7\u00e3o de Jo\u00e3o Azev\u00eado - Not&iacute;cias em Destaque","og_description":"O deputado federal Julian Lemos (Uni\u00e3o Brasil) anunciou na manh\u00e3 desta segunda-feira (17) que ir\u00e1 apoiar o governador Jo\u00e3o Azev\u00eado (PSB) durante o segundo turno das elei\u00e7\u00f5es 2022. A informa\u00e7\u00e3o foi divulgada por meio de uma coletiva de imprensa realizada na sede do Partido Socialista Brasileiro (PSB), em Jo\u00e3o Pessoa. Julian foi candidato a reelei\u00e7\u00e3o e alcan\u00e7ou 36.530 votos no \u00faltimo dia 02 de outubro, ficando como suplente. Conforme apurou o ClickPB, al\u00e9m do governador\u00a0Jo\u00e3o Azev\u00eado, tamb\u00e9m est\u00e3o presentes no local a senadora Daniella Ribeiro (PSD), o deputado federal\u00a0Gerv\u00e1sio Maia (PSB), o deputado estadual\u00a0Wilson Filho (Republicanos), o vice-prefeito de Jo\u00e3o Pessoa L\u00e9o Bezerra (PSB) e aliados do grupo. Em postagem no seu perfil em uma rede social, Azev\u00eado afirmou que Julian &#8220;chega trazendo sua for\u00e7a para o projeto que quer fazer a Para\u00edba avan\u00e7ar ainda mais&#8221;. Julian Lemos foi eleito deputado federal em 2018 com 71.899 votos. \u00c0 \u00e9poca, ele era um dos principais aliados do presidente rec\u00e9m-eleito Jair Bolsonaro e apresentava-se como um dos candidatos do atual presidente na Para\u00edba. Ao longo dos \u00faltimos quatro anos, no entanto, a rela\u00e7\u00e3o entre Julian e o atual presidente tornou-se nada amistosa com diversas trocas de farpas em redes sociais. Filiou-se ao Uni\u00e3o Brasil e anunciou apoio ao candidato Pedro Cunha Lima (PSDB) na disputa ao governo da Para\u00edba. Efraim Filho, tamb\u00e9m do Uni\u00e3o Brasil, foi o candidato ao senado na coliga\u00e7\u00e3o de Cunha Lima e foi eleito no in\u00edcio deste m\u00eas. Em uma semana, Julian \u00e9 o segundo filiado do &#8216;UB&#8217; com um n\u00famero significativo de eleitores que deixa de seguir a tend\u00eancia do partido em apoiar Pedro e passa a ir para o lado de Jo\u00e3o Azev\u00eado. Anteriormente, a comunicadora\u00a0Fernandinha Albuquerque tamb\u00e9m anunciou o apoio a reelei\u00e7\u00e3o de Jo\u00e3o. Noticias em Destaque Fonte: Click PB","og_url":"https:\/\/noticiasemdestaque.com\/cd\/?p=43405","og_site_name":"Not&iacute;cias em Destaque","article_published_time":"2022-10-17T13:57:23+00:00","og_image":[{"width":876,"height":585,"url":"https:\/\/noticiasemdestaque.com\/cd\/wp-content\/uploads\/2022\/10\/adesaojulian.jpeg","type":"image\/jpeg"}],"author":"Not\u00edcias em Destaque","twitter_card":"summary_large_image","twitter_misc":{"Escrito por":"Not\u00edcias em Destaque","Est. tempo de leitura":"2 minutos"},"schema":{"@context":"https:\/\/schema.org","@graph":[{"@type":"Article","@id":"https:\/\/noticiasemdestaque.com\/cd\/?p=43405#article","isPartOf":{"@id":"https:\/\/noticiasemdestaque.com\/cd\/?p=43405"},"author":{"name":"Not\u00edcias em Destaque","@id":"https:\/\/noticiasemdestaque.com\/cd\/#\/schema\/person\/4a81fb71f77579d059c3045891fa1786"},"headline":"Deputado Julian Lemos, do Uni\u00e3o Brasil, anuncia apoio \u00e0 reelei\u00e7\u00e3o de Jo\u00e3o Azev\u00eado","datePublished":"2022-10-17T13:57:23+00:00","mainEntityOfPage":{"@id":"https:\/\/noticiasemdestaque.com\/cd\/?p=43405"},"wordCount":344,"publisher":{"@id":"https:\/\/noticiasemdestaque.com\/cd\/#organization"},"image":{"@id":"https:\/\/noticiasemdestaque.com\/cd\/?p=43405#primaryimage"},"thumbnailUrl":"https:\/\/noticiasemdestaque.com\/cd\/wp-content\/uploads\/2022\/10\/adesaojulian.jpeg","articleSection":["Pol\u00edtica"],"inLanguage":"pt-BR"},{"@type":"WebPage","@id":"https:\/\/noticiasemdestaque.com\/cd\/?p=43405","url":"https:\/\/noticiasemdestaque.com\/cd\/?p=43405","name":"Deputado Julian Lemos, do Uni\u00e3o Brasil, anuncia apoio \u00e0 reelei\u00e7\u00e3o de Jo\u00e3o Azev\u00eado - Not&iacute;cias em Destaque","isPartOf":{"@id":"https:\/\/noticiasemdestaque.com\/cd\/#website"},"primaryImageOfPage":{"@id":"https:\/\/noticiasemdestaque.com\/cd\/?p=43405#primaryimage"},"image":{"@id":"https:\/\/noticiasemdestaque.com\/cd\/?p=43405#primaryimage"},"thumbnailUrl":"https:\/\/noticiasemdestaque.com\/cd\/wp-content\/uploads\/2022\/10\/adesaojulian.jpeg","datePublished":"2022-10-17T13:57:23+00:00","breadcrumb":{"@id":"https:\/\/noticiasemdestaque.com\/cd\/?p=43405#breadcrumb"},"inLanguage":"pt-BR","potentialAction":[{"@type":"ReadAction","target":["https:\/\/noticiasemdestaque.com\/cd\/?p=43405"]}]},{"@type":"ImageObject","inLanguage":"pt-BR","@id":"https:\/\/noticiasemdestaque.com\/cd\/?p=43405#primaryimage","url":"https:\/\/noticiasemdestaque.com\/cd\/wp-content\/uploads\/2022\/10\/adesaojulian.jpeg","contentUrl":"https:\/\/noticiasemdestaque.com\/cd\/wp-content\/uploads\/2022\/10\/adesaojulian.jpeg","width":876,"height":585},{"@type":"BreadcrumbList","@id":"https:\/\/noticiasemdestaque.com\/cd\/?p=43405#breadcrumb","itemListElement":[{"@type":"ListItem","position":1,"name":"In\u00edcio","item":"https:\/\/noticiasemdestaque.com\/cd\/"},{"@type":"ListItem","position":2,"name":"Deputado Julian Lemos, do Uni\u00e3o Brasil, anuncia apoio \u00e0 reelei\u00e7\u00e3o de Jo\u00e3o Azev\u00eado"}]},{"@type":"WebSite","@id":"https:\/\/noticiasemdestaque.com\/cd\/#website","url":"https:\/\/noticiasemdestaque.com\/cd\/","name":"Not&iacute;cias em Destaque","description":"","publisher":{"@id":"https:\/\/noticiasemdestaque.com\/cd\/#organization"},"potentialAction":[{"@type":"SearchAction","target":{"@type":"EntryPoint","urlTemplate":"https:\/\/noticiasemdestaque.com\/cd\/?s={search_term_string}"},"query-input":{"@type":"PropertyValueSpecification","valueRequired":true,"valueName":"search_term_string"}}],"inLanguage":"pt-BR"},{"@type":"Organization","@id":"https:\/\/noticiasemdestaque.com\/cd\/#organization","name":"Not\u00edcias em Destaque","url":"https:\/\/noticiasemdestaque.com\/cd\/","logo":{"@type":"ImageObject","inLanguage":"pt-BR","@id":"https:\/\/noticiasemdestaque.com\/cd\/#\/schema\/logo\/image\/","url":"https:\/\/noticiasemdestaque.com\/cd\/wp-content\/uploads\/2022\/05\/imagem-base-noticiasemdestaque.png","contentUrl":"https:\/\/noticiasemdestaque.com\/cd\/wp-content\/uploads\/2022\/05\/imagem-base-noticiasemdestaque.png","width":1200,"height":630,"caption":"Not\u00edcias em Destaque"},"image":{"@id":"https:\/\/noticiasemdestaque.com\/cd\/#\/schema\/logo\/image\/"}},{"@type":"Person","@id":"https:\/\/noticiasemdestaque.com\/cd\/#\/schema\/person\/4a81fb71f77579d059c3045891fa1786","name":"Not\u00edcias em Destaque","url":"https:\/\/noticiasemdestaque.com\/cd\/?author=2"}]}},"jetpack_featured_media_url":"https:\/\/noticiasemdestaque.com\/cd\/wp-content\/uploads\/2022\/10\/adesaojulian.jpeg","jetpack_sharing_enabled":true,"_links":{"self":[{"href":"https:\/\/noticiasemdestaque.com\/cd\/index.php?rest_route=\/wp\/v2\/posts\/43405","targetHints":{"allow":["GET"]}}],"collection":[{"href":"https:\/\/noticiasemdestaque.com\/cd\/index.php?rest_route=\/wp\/v2\/posts"}],"about":[{"href":"https:\/\/noticiasemdestaque.com\/cd\/index.php?rest_route=\/wp\/v2\/types\/post"}],"author":[{"embeddable":true,"href":"https:\/\/noticiasemdestaque.com\/cd\/index.php?rest_route=\/wp\/v2\/users\/2"}],"replies":[{"embeddable":true,"href":"https:\/\/noticiasemdestaque.com\/cd\/index.php?rest_route=%2Fwp%2Fv2%2Fcomments&post=43405"}],"version-history":[{"count":1,"href":"https:\/\/noticiasemdestaque.com\/cd\/index.php?rest_route=\/wp\/v2\/posts\/43405\/revisions"}],"predecessor-version":[{"id":43407,"href":"https:\/\/noticiasemdestaque.com\/cd\/index.php?rest_route=\/wp\/v2\/posts\/43405\/revisions\/43407"}],"wp:featuredmedia":[{"embeddable":true,"href":"https:\/\/noticiasemdestaque.com\/cd\/index.php?rest_route=\/wp\/v2\/media\/43406"}],"wp:attachment":[{"href":"https:\/\/noticiasemdestaque.com\/cd\/index.php?rest_route=%2Fwp%2Fv2%2Fmedia&parent=43405"}],"wp:term":[{"taxonomy":"category","embeddable":true,"href":"https:\/\/noticiasemdestaque.com\/cd\/index.php?rest_route=%2Fwp%2Fv2%2Fcategories&post=43405"},{"taxonomy":"post_tag","embeddable":true,"href":"https:\/\/noticiasemdestaque.com\/cd\/index.php?rest_route=%2Fwp%2Fv2%2Ftags&post=43405"}],"curies":[{"name":"wp","href":"https:\/\/api.w.org\/{rel}","templated":true}]}}