{"id":43401,"date":"2022-10-17T10:04:52","date_gmt":"2022-10-17T13:04:52","guid":{"rendered":"https:\/\/noticiasemdestaque.com\/cd\/?p=43401"},"modified":"2022-10-17T10:04:52","modified_gmt":"2022-10-17T13:04:52","slug":"crianca-de-7-anos-morre-ao-cair-de-caminhao-depois-de-pegar-carona-no-veiculo-na-pb","status":"publish","type":"post","link":"https:\/\/noticiasemdestaque.com\/cd\/?p=43401","title":{"rendered":"Crian\u00e7a de 7 anos morre ao cair de caminh\u00e3o depois de pegar \u201ccarona\u201d no ve\u00edculo na PB"},"content":{"rendered":"<p><a href=\"https:\/\/noticiasemdestaque.com\/cd\/wp-content\/uploads\/2022\/10\/samu.jpeg\"><img fetchpriority=\"high\" decoding=\"async\" class=\" wp-image-43402 alignleft\" src=\"https:\/\/noticiasemdestaque.com\/cd\/wp-content\/uploads\/2022\/10\/samu-300x202.jpeg\" alt=\"\" width=\"336\" height=\"226\" srcset=\"https:\/\/noticiasemdestaque.com\/cd\/wp-content\/uploads\/2022\/10\/samu-300x202.jpeg 300w, https:\/\/noticiasemdestaque.com\/cd\/wp-content\/uploads\/2022\/10\/samu-18x12.jpeg 18w, https:\/\/noticiasemdestaque.com\/cd\/wp-content\/uploads\/2022\/10\/samu-414x279.jpeg 414w, https:\/\/noticiasemdestaque.com\/cd\/wp-content\/uploads\/2022\/10\/samu.jpeg 687w\" sizes=\"(max-width: 336px) 100vw, 336px\" \/><\/a>Um menino de apenas sete anos morreu ap\u00f3s cair de um caminh\u00e3o na cidade de Sap\u00e9, na Mata Paraibana. A crian\u00e7a teria pego uma carona no ve\u00edculo quando perdeu o equil\u00edbrio e sofreu a queda, numa pr\u00e1tica \u00e9 popularmente conhecida como \u2018bigu\u2019.<\/p>\n<p>O acidente aconteceu no fim da tarde deste domingo (16). O menino chegou a ser levado para o Hospital de Emerg\u00eancia e Trauma de Jo\u00e3o Pessoa, mas n\u00e3o resistiu aos ferimentos e morreu na nesta segunda-feira (17).<\/p>\n<p>Ele foi socorrido pelo Servi\u00e7o de Atendimento M\u00f3vel de Urg\u00eancia (Samu), que informou que o garoto foi atendido com v\u00e1rias les\u00f5es. Ele apresentava quebra de f\u00eamur, fratura de bacia e outras escoria\u00e7\u00f5es.<\/p>\n<p>O corpo do garoto deve ser liberado ainda na manh\u00e3 de hoje. A fam\u00edlia \u00e9 carente e ainda est\u00e1 decidindo como ser\u00e1 o sepultamento.<\/p>\n<p><strong>Noticias em Destaque<\/strong><\/p>\n<p style=\"text-align: right;\"><em>Fonte: Politica JP<\/em><\/p>\n","protected":false},"excerpt":{"rendered":"<p>Um menino de apenas sete anos morreu ap\u00f3s cair de um caminh\u00e3o na cidade de Sap\u00e9, na Mata Paraibana. A crian\u00e7a teria pego uma carona no ve\u00edculo quando perdeu o equil\u00edbrio e sofreu a queda, numa pr\u00e1tica \u00e9 popularmente conhecida como \u2018bigu\u2019. O acidente aconteceu no fim da tarde deste domingo (16). O menino chegou a ser levado para o Hospital de Emerg\u00eancia e Trauma de Jo\u00e3o Pessoa, mas n\u00e3o resistiu aos ferimentos e morreu na nesta segunda-feira (17). Ele foi socorrido pelo Servi\u00e7o de Atendimento M\u00f3vel de Urg\u00eancia (Samu), que informou que o garoto foi atendido com v\u00e1rias les\u00f5es. Ele apresentava quebra de f\u00eamur, fratura de bacia e outras escoria\u00e7\u00f5es. O corpo do garoto deve ser liberado ainda na manh\u00e3 de hoje. A fam\u00edlia \u00e9 carente e ainda est\u00e1 decidindo como ser\u00e1 o sepultamento. Noticias em Destaque Fonte: Politica JP<\/p>\n","protected":false},"author":2,"featured_media":43402,"comment_status":"closed","ping_status":"open","sticky":false,"template":"","format":"standard","meta":{"_eb_attr":"","_jetpack_memberships_contains_paid_content":false,"footnotes":""},"categories":[20],"tags":[],"class_list":["post-43401","post","type-post","status-publish","format-standard","has-post-thumbnail","hentry","category-policia"],"yoast_head":"<!-- This site is optimized with the Yoast SEO plugin v26.5 - https:\/\/yoast.com\/wordpress\/plugins\/seo\/ -->\n<title>Crian\u00e7a de 7 anos morre ao cair de caminh\u00e3o depois de pegar \u201ccarona\u201d no ve\u00edculo na PB - Not&iacute;cias em Destaque<\/title>\n<meta name=\"robots\" content=\"index, follow, max-snippet:-1, max-image-preview:large, max-video-preview:-1\" \/>\n<link rel=\"canonical\" href=\"https:\/\/noticiasemdestaque.com\/cd\/?p=43401\" \/>\n<meta property=\"og:locale\" content=\"pt_BR\" \/>\n<meta property=\"og:type\" content=\"article\" \/>\n<meta property=\"og:title\" content=\"Crian\u00e7a de 7 anos morre ao cair de caminh\u00e3o depois de pegar \u201ccarona\u201d no ve\u00edculo na PB - Not&iacute;cias em Destaque\" \/>\n<meta property=\"og:description\" content=\"Um menino de apenas sete anos morreu ap\u00f3s cair de um caminh\u00e3o na cidade de Sap\u00e9, na Mata Paraibana. A crian\u00e7a teria pego uma carona no ve\u00edculo quando perdeu o equil\u00edbrio e sofreu a queda, numa pr\u00e1tica \u00e9 popularmente conhecida como \u2018bigu\u2019. O acidente aconteceu no fim da tarde deste domingo (16). O menino chegou a ser levado para o Hospital de Emerg\u00eancia e Trauma de Jo\u00e3o Pessoa, mas n\u00e3o resistiu aos ferimentos e morreu na nesta segunda-feira (17). Ele foi socorrido pelo Servi\u00e7o de Atendimento M\u00f3vel de Urg\u00eancia (Samu), que informou que o garoto foi atendido com v\u00e1rias les\u00f5es. Ele apresentava quebra de f\u00eamur, fratura de bacia e outras escoria\u00e7\u00f5es. O corpo do garoto deve ser liberado ainda na manh\u00e3 de hoje. A fam\u00edlia \u00e9 carente e ainda est\u00e1 decidindo como ser\u00e1 o sepultamento. Noticias em Destaque Fonte: Politica JP\" \/>\n<meta property=\"og:url\" content=\"https:\/\/noticiasemdestaque.com\/cd\/?p=43401\" \/>\n<meta property=\"og:site_name\" content=\"Not&iacute;cias em Destaque\" \/>\n<meta property=\"article:published_time\" content=\"2022-10-17T13:04:52+00:00\" \/>\n<meta property=\"og:image\" content=\"https:\/\/noticiasemdestaque.com\/cd\/wp-content\/uploads\/2022\/10\/samu.jpeg\" \/>\n\t<meta property=\"og:image:width\" content=\"687\" \/>\n\t<meta property=\"og:image:height\" content=\"463\" \/>\n\t<meta property=\"og:image:type\" content=\"image\/jpeg\" \/>\n<meta name=\"author\" content=\"Not\u00edcias em Destaque\" \/>\n<meta name=\"twitter:card\" content=\"summary_large_image\" \/>\n<meta name=\"twitter:label1\" content=\"Escrito por\" \/>\n\t<meta name=\"twitter:data1\" content=\"Not\u00edcias em Destaque\" \/>\n\t<meta name=\"twitter:label2\" content=\"Est. tempo de leitura\" \/>\n\t<meta name=\"twitter:data2\" content=\"1 minuto\" \/>\n<script type=\"application\/ld+json\" class=\"yoast-schema-graph\">{\"@context\":\"https:\/\/schema.org\",\"@graph\":[{\"@type\":\"Article\",\"@id\":\"https:\/\/noticiasemdestaque.com\/cd\/?p=43401#article\",\"isPartOf\":{\"@id\":\"https:\/\/noticiasemdestaque.com\/cd\/?p=43401\"},\"author\":{\"name\":\"Not\u00edcias em Destaque\",\"@id\":\"https:\/\/noticiasemdestaque.com\/cd\/#\/schema\/person\/47f7d4f55eec17c6b2ca036c5500f6ce\"},\"headline\":\"Crian\u00e7a de 7 anos morre ao cair de caminh\u00e3o depois de pegar \u201ccarona\u201d no ve\u00edculo na PB\",\"datePublished\":\"2022-10-17T13:04:52+00:00\",\"mainEntityOfPage\":{\"@id\":\"https:\/\/noticiasemdestaque.com\/cd\/?p=43401\"},\"wordCount\":173,\"publisher\":{\"@id\":\"https:\/\/noticiasemdestaque.com\/cd\/#organization\"},\"image\":{\"@id\":\"https:\/\/noticiasemdestaque.com\/cd\/?p=43401#primaryimage\"},\"thumbnailUrl\":\"https:\/\/noticiasemdestaque.com\/cd\/wp-content\/uploads\/2022\/10\/samu.jpeg\",\"articleSection\":[\"Pol\u00edcia\"],\"inLanguage\":\"pt-BR\"},{\"@type\":\"WebPage\",\"@id\":\"https:\/\/noticiasemdestaque.com\/cd\/?p=43401\",\"url\":\"https:\/\/noticiasemdestaque.com\/cd\/?p=43401\",\"name\":\"Crian\u00e7a de 7 anos morre ao cair de caminh\u00e3o depois de pegar \u201ccarona\u201d no ve\u00edculo na PB - Not&iacute;cias em Destaque\",\"isPartOf\":{\"@id\":\"https:\/\/noticiasemdestaque.com\/cd\/#website\"},\"primaryImageOfPage\":{\"@id\":\"https:\/\/noticiasemdestaque.com\/cd\/?p=43401#primaryimage\"},\"image\":{\"@id\":\"https:\/\/noticiasemdestaque.com\/cd\/?p=43401#primaryimage\"},\"thumbnailUrl\":\"https:\/\/noticiasemdestaque.com\/cd\/wp-content\/uploads\/2022\/10\/samu.jpeg\",\"datePublished\":\"2022-10-17T13:04:52+00:00\",\"breadcrumb\":{\"@id\":\"https:\/\/noticiasemdestaque.com\/cd\/?p=43401#breadcrumb\"},\"inLanguage\":\"pt-BR\",\"potentialAction\":[{\"@type\":\"ReadAction\",\"target\":[\"https:\/\/noticiasemdestaque.com\/cd\/?p=43401\"]}]},{\"@type\":\"ImageObject\",\"inLanguage\":\"pt-BR\",\"@id\":\"https:\/\/noticiasemdestaque.com\/cd\/?p=43401#primaryimage\",\"url\":\"https:\/\/noticiasemdestaque.com\/cd\/wp-content\/uploads\/2022\/10\/samu.jpeg\",\"contentUrl\":\"https:\/\/noticiasemdestaque.com\/cd\/wp-content\/uploads\/2022\/10\/samu.jpeg\",\"width\":687,\"height\":463},{\"@type\":\"BreadcrumbList\",\"@id\":\"https:\/\/noticiasemdestaque.com\/cd\/?p=43401#breadcrumb\",\"itemListElement\":[{\"@type\":\"ListItem\",\"position\":1,\"name\":\"In\u00edcio\",\"item\":\"https:\/\/noticiasemdestaque.com\/cd\/\"},{\"@type\":\"ListItem\",\"position\":2,\"name\":\"Crian\u00e7a de 7 anos morre ao cair de caminh\u00e3o depois de pegar \u201ccarona\u201d no ve\u00edculo na PB\"}]},{\"@type\":\"WebSite\",\"@id\":\"https:\/\/noticiasemdestaque.com\/cd\/#website\",\"url\":\"https:\/\/noticiasemdestaque.com\/cd\/\",\"name\":\"Not&iacute;cias em Destaque\",\"description\":\"\",\"publisher\":{\"@id\":\"https:\/\/noticiasemdestaque.com\/cd\/#organization\"},\"potentialAction\":[{\"@type\":\"SearchAction\",\"target\":{\"@type\":\"EntryPoint\",\"urlTemplate\":\"https:\/\/noticiasemdestaque.com\/cd\/?s={search_term_string}\"},\"query-input\":{\"@type\":\"PropertyValueSpecification\",\"valueRequired\":true,\"valueName\":\"search_term_string\"}}],\"inLanguage\":\"pt-BR\"},{\"@type\":\"Organization\",\"@id\":\"https:\/\/noticiasemdestaque.com\/cd\/#organization\",\"name\":\"Not\u00edcias em Destaque\",\"url\":\"https:\/\/noticiasemdestaque.com\/cd\/\",\"logo\":{\"@type\":\"ImageObject\",\"inLanguage\":\"pt-BR\",\"@id\":\"https:\/\/noticiasemdestaque.com\/cd\/#\/schema\/logo\/image\/\",\"url\":\"https:\/\/noticiasemdestaque.com\/cd\/wp-content\/uploads\/2022\/05\/imagem-base-noticiasemdestaque.png\",\"contentUrl\":\"https:\/\/noticiasemdestaque.com\/cd\/wp-content\/uploads\/2022\/05\/imagem-base-noticiasemdestaque.png\",\"width\":1200,\"height\":630,\"caption\":\"Not\u00edcias em Destaque\"},\"image\":{\"@id\":\"https:\/\/noticiasemdestaque.com\/cd\/#\/schema\/logo\/image\/\"}},{\"@type\":\"Person\",\"@id\":\"https:\/\/noticiasemdestaque.com\/cd\/#\/schema\/person\/47f7d4f55eec17c6b2ca036c5500f6ce\",\"name\":\"Not\u00edcias em Destaque\",\"url\":\"https:\/\/noticiasemdestaque.com\/cd\/?author=2\"}]}<\/script>\n<!-- \/ Yoast SEO plugin. -->","yoast_head_json":{"title":"Crian\u00e7a de 7 anos morre ao cair de caminh\u00e3o depois de pegar \u201ccarona\u201d no ve\u00edculo na PB - Not&iacute;cias em Destaque","robots":{"index":"index","follow":"follow","max-snippet":"max-snippet:-1","max-image-preview":"max-image-preview:large","max-video-preview":"max-video-preview:-1"},"canonical":"https:\/\/noticiasemdestaque.com\/cd\/?p=43401","og_locale":"pt_BR","og_type":"article","og_title":"Crian\u00e7a de 7 anos morre ao cair de caminh\u00e3o depois de pegar \u201ccarona\u201d no ve\u00edculo na PB - Not&iacute;cias em Destaque","og_description":"Um menino de apenas sete anos morreu ap\u00f3s cair de um caminh\u00e3o na cidade de Sap\u00e9, na Mata Paraibana. A crian\u00e7a teria pego uma carona no ve\u00edculo quando perdeu o equil\u00edbrio e sofreu a queda, numa pr\u00e1tica \u00e9 popularmente conhecida como \u2018bigu\u2019. O acidente aconteceu no fim da tarde deste domingo (16). O menino chegou a ser levado para o Hospital de Emerg\u00eancia e Trauma de Jo\u00e3o Pessoa, mas n\u00e3o resistiu aos ferimentos e morreu na nesta segunda-feira (17). Ele foi socorrido pelo Servi\u00e7o de Atendimento M\u00f3vel de Urg\u00eancia (Samu), que informou que o garoto foi atendido com v\u00e1rias les\u00f5es. Ele apresentava quebra de f\u00eamur, fratura de bacia e outras escoria\u00e7\u00f5es. O corpo do garoto deve ser liberado ainda na manh\u00e3 de hoje. A fam\u00edlia \u00e9 carente e ainda est\u00e1 decidindo como ser\u00e1 o sepultamento. Noticias em Destaque Fonte: Politica JP","og_url":"https:\/\/noticiasemdestaque.com\/cd\/?p=43401","og_site_name":"Not&iacute;cias em Destaque","article_published_time":"2022-10-17T13:04:52+00:00","og_image":[{"width":687,"height":463,"url":"https:\/\/noticiasemdestaque.com\/cd\/wp-content\/uploads\/2022\/10\/samu.jpeg","type":"image\/jpeg"}],"author":"Not\u00edcias em Destaque","twitter_card":"summary_large_image","twitter_misc":{"Escrito por":"Not\u00edcias em Destaque","Est. tempo de leitura":"1 minuto"},"schema":{"@context":"https:\/\/schema.org","@graph":[{"@type":"Article","@id":"https:\/\/noticiasemdestaque.com\/cd\/?p=43401#article","isPartOf":{"@id":"https:\/\/noticiasemdestaque.com\/cd\/?p=43401"},"author":{"name":"Not\u00edcias em Destaque","@id":"https:\/\/noticiasemdestaque.com\/cd\/#\/schema\/person\/47f7d4f55eec17c6b2ca036c5500f6ce"},"headline":"Crian\u00e7a de 7 anos morre ao cair de caminh\u00e3o depois de pegar \u201ccarona\u201d no ve\u00edculo na PB","datePublished":"2022-10-17T13:04:52+00:00","mainEntityOfPage":{"@id":"https:\/\/noticiasemdestaque.com\/cd\/?p=43401"},"wordCount":173,"publisher":{"@id":"https:\/\/noticiasemdestaque.com\/cd\/#organization"},"image":{"@id":"https:\/\/noticiasemdestaque.com\/cd\/?p=43401#primaryimage"},"thumbnailUrl":"https:\/\/noticiasemdestaque.com\/cd\/wp-content\/uploads\/2022\/10\/samu.jpeg","articleSection":["Pol\u00edcia"],"inLanguage":"pt-BR"},{"@type":"WebPage","@id":"https:\/\/noticiasemdestaque.com\/cd\/?p=43401","url":"https:\/\/noticiasemdestaque.com\/cd\/?p=43401","name":"Crian\u00e7a de 7 anos morre ao cair de caminh\u00e3o depois de pegar \u201ccarona\u201d no ve\u00edculo na PB - Not&iacute;cias em Destaque","isPartOf":{"@id":"https:\/\/noticiasemdestaque.com\/cd\/#website"},"primaryImageOfPage":{"@id":"https:\/\/noticiasemdestaque.com\/cd\/?p=43401#primaryimage"},"image":{"@id":"https:\/\/noticiasemdestaque.com\/cd\/?p=43401#primaryimage"},"thumbnailUrl":"https:\/\/noticiasemdestaque.com\/cd\/wp-content\/uploads\/2022\/10\/samu.jpeg","datePublished":"2022-10-17T13:04:52+00:00","breadcrumb":{"@id":"https:\/\/noticiasemdestaque.com\/cd\/?p=43401#breadcrumb"},"inLanguage":"pt-BR","potentialAction":[{"@type":"ReadAction","target":["https:\/\/noticiasemdestaque.com\/cd\/?p=43401"]}]},{"@type":"ImageObject","inLanguage":"pt-BR","@id":"https:\/\/noticiasemdestaque.com\/cd\/?p=43401#primaryimage","url":"https:\/\/noticiasemdestaque.com\/cd\/wp-content\/uploads\/2022\/10\/samu.jpeg","contentUrl":"https:\/\/noticiasemdestaque.com\/cd\/wp-content\/uploads\/2022\/10\/samu.jpeg","width":687,"height":463},{"@type":"BreadcrumbList","@id":"https:\/\/noticiasemdestaque.com\/cd\/?p=43401#breadcrumb","itemListElement":[{"@type":"ListItem","position":1,"name":"In\u00edcio","item":"https:\/\/noticiasemdestaque.com\/cd\/"},{"@type":"ListItem","position":2,"name":"Crian\u00e7a de 7 anos morre ao cair de caminh\u00e3o depois de pegar \u201ccarona\u201d no ve\u00edculo na PB"}]},{"@type":"WebSite","@id":"https:\/\/noticiasemdestaque.com\/cd\/#website","url":"https:\/\/noticiasemdestaque.com\/cd\/","name":"Not&iacute;cias em Destaque","description":"","publisher":{"@id":"https:\/\/noticiasemdestaque.com\/cd\/#organization"},"potentialAction":[{"@type":"SearchAction","target":{"@type":"EntryPoint","urlTemplate":"https:\/\/noticiasemdestaque.com\/cd\/?s={search_term_string}"},"query-input":{"@type":"PropertyValueSpecification","valueRequired":true,"valueName":"search_term_string"}}],"inLanguage":"pt-BR"},{"@type":"Organization","@id":"https:\/\/noticiasemdestaque.com\/cd\/#organization","name":"Not\u00edcias em Destaque","url":"https:\/\/noticiasemdestaque.com\/cd\/","logo":{"@type":"ImageObject","inLanguage":"pt-BR","@id":"https:\/\/noticiasemdestaque.com\/cd\/#\/schema\/logo\/image\/","url":"https:\/\/noticiasemdestaque.com\/cd\/wp-content\/uploads\/2022\/05\/imagem-base-noticiasemdestaque.png","contentUrl":"https:\/\/noticiasemdestaque.com\/cd\/wp-content\/uploads\/2022\/05\/imagem-base-noticiasemdestaque.png","width":1200,"height":630,"caption":"Not\u00edcias em Destaque"},"image":{"@id":"https:\/\/noticiasemdestaque.com\/cd\/#\/schema\/logo\/image\/"}},{"@type":"Person","@id":"https:\/\/noticiasemdestaque.com\/cd\/#\/schema\/person\/47f7d4f55eec17c6b2ca036c5500f6ce","name":"Not\u00edcias em Destaque","url":"https:\/\/noticiasemdestaque.com\/cd\/?author=2"}]}},"jetpack_featured_media_url":"https:\/\/noticiasemdestaque.com\/cd\/wp-content\/uploads\/2022\/10\/samu.jpeg","jetpack_sharing_enabled":true,"_links":{"self":[{"href":"https:\/\/noticiasemdestaque.com\/cd\/index.php?rest_route=\/wp\/v2\/posts\/43401","targetHints":{"allow":["GET"]}}],"collection":[{"href":"https:\/\/noticiasemdestaque.com\/cd\/index.php?rest_route=\/wp\/v2\/posts"}],"about":[{"href":"https:\/\/noticiasemdestaque.com\/cd\/index.php?rest_route=\/wp\/v2\/types\/post"}],"author":[{"embeddable":true,"href":"https:\/\/noticiasemdestaque.com\/cd\/index.php?rest_route=\/wp\/v2\/users\/2"}],"replies":[{"embeddable":true,"href":"https:\/\/noticiasemdestaque.com\/cd\/index.php?rest_route=%2Fwp%2Fv2%2Fcomments&post=43401"}],"version-history":[{"count":1,"href":"https:\/\/noticiasemdestaque.com\/cd\/index.php?rest_route=\/wp\/v2\/posts\/43401\/revisions"}],"predecessor-version":[{"id":43403,"href":"https:\/\/noticiasemdestaque.com\/cd\/index.php?rest_route=\/wp\/v2\/posts\/43401\/revisions\/43403"}],"wp:featuredmedia":[{"embeddable":true,"href":"https:\/\/noticiasemdestaque.com\/cd\/index.php?rest_route=\/wp\/v2\/media\/43402"}],"wp:attachment":[{"href":"https:\/\/noticiasemdestaque.com\/cd\/index.php?rest_route=%2Fwp%2Fv2%2Fmedia&parent=43401"}],"wp:term":[{"taxonomy":"category","embeddable":true,"href":"https:\/\/noticiasemdestaque.com\/cd\/index.php?rest_route=%2Fwp%2Fv2%2Fcategories&post=43401"},{"taxonomy":"post_tag","embeddable":true,"href":"https:\/\/noticiasemdestaque.com\/cd\/index.php?rest_route=%2Fwp%2Fv2%2Ftags&post=43401"}],"curies":[{"name":"wp","href":"https:\/\/api.w.org\/{rel}","templated":true}]}}