{"id":43392,"date":"2022-10-17T09:37:58","date_gmt":"2022-10-17T12:37:58","guid":{"rendered":"https:\/\/noticiasemdestaque.com\/cd\/?p=43392"},"modified":"2022-10-17T09:37:58","modified_gmt":"2022-10-17T12:37:58","slug":"candidata-a-deputada-pelo-uniao-brasil-com-mais-de-28-mil-votos-fernandinha-anuncia-apoio-a-joao","status":"publish","type":"post","link":"https:\/\/noticiasemdestaque.com\/cd\/?p=43392","title":{"rendered":"Candidata a deputada pelo Uni\u00e3o Brasil, com mais de 28 mil votos, Fernandinha anuncia apoio a Jo\u00e3o"},"content":{"rendered":"<p>Candidato \u00e0 reelei\u00e7\u00e3o, o governador Jo\u00e3o Azev\u00eado (PSB) continua recebendo apoios importantes no segundo turno das elei\u00e7\u00f5es. Neste domingo (16), a apresentadora de TV, Fernandinha (Uni\u00e3o Brasil), que disputou o mandado de deputada federal e obteve 28.241 votos, anunciou apoio ao gestor estadual.<\/p>\n<p>\u201c\u00c9 com muita alegria que hoje expresso o desejo do nosso cora\u00e7\u00e3o de apoiar quem se disp\u00f4s a ouvir, dialogar e acolher aquilo que passei como voz dos paraibanos na campanha e com muita alegria digo que Fernandinha \u00e9 Jo\u00e3o Azev\u00eado 40\u201d, disse a suplente de deputada federal.<\/p>\n<p>Jo\u00e3o agradeceu o apoio e a uni\u00e3o de for\u00e7as para fortalecer as pol\u00edticas p\u00fablicas de inclus\u00e3o. \u201cEu agrade\u00e7o a disponibilidade de Fernandinha que entende que fazer pol\u00edtica \u00e9 acolher as pessoas e fazer com que elas estejam inseridas dentro do processo de distribui\u00e7\u00e3o de riqueza. \u00c9 uma satisfa\u00e7\u00e3o contar com o apoio e compromisso dela para que a Para\u00edba continue avan\u00e7ando\u201d, falou.<\/p>\n<div class=\"separator\"><a href=\"https:\/\/blogger.googleusercontent.com\/img\/b\/R29vZ2xl\/AVvXsEjkl_vQw7iwW1c2h0vQaBW0uEyBuctQRAQ_yDQ4nUjpGljK6uPHQeW7jeHUSu52EGqVUZz1L2wxoNHTrch1qHSS-rp5Bc5VeY5iltBBm9JfFrqdJBAJlwZAOibbUx4pYcL15UkR_54YgnQfSkuYjSLn1v_3V8RmJSjAb_pnUdEyJFVDwirS8C7kHDW6RQ\/s800\/a3f161_e70cd1ceb6b24b098d7d6f4fc0e035f2_mv2-min.jpg\"><img fetchpriority=\"high\" decoding=\"async\" title=\"Candidata a deputada pelo Uni\u00e3o Brasil, com mais de 28 mil votos, Fernandinha anuncia apoio a Jo\u00e3o\" src=\"https:\/\/blogger.googleusercontent.com\/img\/b\/R29vZ2xl\/AVvXsEjkl_vQw7iwW1c2h0vQaBW0uEyBuctQRAQ_yDQ4nUjpGljK6uPHQeW7jeHUSu52EGqVUZz1L2wxoNHTrch1qHSS-rp5Bc5VeY5iltBBm9JfFrqdJBAJlwZAOibbUx4pYcL15UkR_54YgnQfSkuYjSLn1v_3V8RmJSjAb_pnUdEyJFVDwirS8C7kHDW6RQ\/w640-h406\/a3f161_e70cd1ceb6b24b098d7d6f4fc0e035f2_mv2-min.jpg\" alt=\"Candidata a deputada pelo Uni\u00e3o Brasil, com mais de 28 mil votos, Fernandinha anuncia apoio a Jo\u00e3o\" width=\"640\" height=\"406\" border=\"0\" data-original-height=\"508\" data-original-width=\"800\" \/><\/a><\/div>\n<div><strong>Noticias em Destaque<\/strong><\/div>\n<div style=\"text-align: right;\"><em>Fonte: Sorrentino Noticias<\/em><\/div>\n","protected":false},"excerpt":{"rendered":"<p>Candidato \u00e0 reelei\u00e7\u00e3o, o governador Jo\u00e3o Azev\u00eado (PSB) continua recebendo apoios importantes no segundo turno das elei\u00e7\u00f5es. Neste domingo (16), a apresentadora de TV, Fernandinha (Uni\u00e3o Brasil), que disputou o mandado de deputada federal e obteve 28.241 votos, anunciou apoio ao gestor estadual. \u201c\u00c9 com muita alegria que hoje expresso o desejo do nosso cora\u00e7\u00e3o de apoiar quem se disp\u00f4s a ouvir, dialogar e acolher aquilo que passei como voz dos paraibanos na campanha e com muita alegria digo que Fernandinha \u00e9 Jo\u00e3o Azev\u00eado 40\u201d, disse a suplente de deputada federal. Jo\u00e3o agradeceu o apoio e a uni\u00e3o de for\u00e7as para fortalecer as pol\u00edticas p\u00fablicas de inclus\u00e3o. \u201cEu agrade\u00e7o a disponibilidade de Fernandinha que entende que fazer pol\u00edtica \u00e9 acolher as pessoas e fazer com que elas estejam inseridas dentro do processo de distribui\u00e7\u00e3o de riqueza. \u00c9 uma satisfa\u00e7\u00e3o contar com o apoio e compromisso dela para que a Para\u00edba continue avan\u00e7ando\u201d, falou. Noticias em Destaque Fonte: Sorrentino Noticias<\/p>\n","protected":false},"author":2,"featured_media":43393,"comment_status":"closed","ping_status":"open","sticky":false,"template":"","format":"standard","meta":{"_eb_attr":"","_jetpack_memberships_contains_paid_content":false,"footnotes":""},"categories":[4],"tags":[],"class_list":["post-43392","post","type-post","status-publish","format-standard","has-post-thumbnail","hentry","category-politica"],"yoast_head":"<!-- This site is optimized with the Yoast SEO plugin v26.5 - https:\/\/yoast.com\/wordpress\/plugins\/seo\/ -->\n<title>Candidata a deputada pelo Uni\u00e3o Brasil, com mais de 28 mil votos, Fernandinha anuncia apoio a Jo\u00e3o - Not&iacute;cias em Destaque<\/title>\n<meta name=\"robots\" content=\"index, follow, max-snippet:-1, max-image-preview:large, max-video-preview:-1\" \/>\n<link rel=\"canonical\" href=\"https:\/\/noticiasemdestaque.com\/cd\/?p=43392\" \/>\n<meta property=\"og:locale\" content=\"pt_BR\" \/>\n<meta property=\"og:type\" content=\"article\" \/>\n<meta property=\"og:title\" content=\"Candidata a deputada pelo Uni\u00e3o Brasil, com mais de 28 mil votos, Fernandinha anuncia apoio a Jo\u00e3o - Not&iacute;cias em Destaque\" \/>\n<meta property=\"og:description\" content=\"Candidato \u00e0 reelei\u00e7\u00e3o, o governador Jo\u00e3o Azev\u00eado (PSB) continua recebendo apoios importantes no segundo turno das elei\u00e7\u00f5es. Neste domingo (16), a apresentadora de TV, Fernandinha (Uni\u00e3o Brasil), que disputou o mandado de deputada federal e obteve 28.241 votos, anunciou apoio ao gestor estadual. \u201c\u00c9 com muita alegria que hoje expresso o desejo do nosso cora\u00e7\u00e3o de apoiar quem se disp\u00f4s a ouvir, dialogar e acolher aquilo que passei como voz dos paraibanos na campanha e com muita alegria digo que Fernandinha \u00e9 Jo\u00e3o Azev\u00eado 40\u201d, disse a suplente de deputada federal. Jo\u00e3o agradeceu o apoio e a uni\u00e3o de for\u00e7as para fortalecer as pol\u00edticas p\u00fablicas de inclus\u00e3o. \u201cEu agrade\u00e7o a disponibilidade de Fernandinha que entende que fazer pol\u00edtica \u00e9 acolher as pessoas e fazer com que elas estejam inseridas dentro do processo de distribui\u00e7\u00e3o de riqueza. \u00c9 uma satisfa\u00e7\u00e3o contar com o apoio e compromisso dela para que a Para\u00edba continue avan\u00e7ando\u201d, falou. Noticias em Destaque Fonte: Sorrentino Noticias\" \/>\n<meta property=\"og:url\" content=\"https:\/\/noticiasemdestaque.com\/cd\/?p=43392\" \/>\n<meta property=\"og:site_name\" content=\"Not&iacute;cias em Destaque\" \/>\n<meta property=\"article:published_time\" content=\"2022-10-17T12:37:58+00:00\" \/>\n<meta property=\"og:image\" content=\"https:\/\/noticiasemdestaque.com\/cd\/wp-content\/uploads\/2022\/10\/a3f161_ede5acf8b1604a57bb3c5ef877abf458_mv2-min.jpg\" \/>\n\t<meta property=\"og:image:width\" content=\"639\" \/>\n\t<meta property=\"og:image:height\" content=\"460\" \/>\n\t<meta property=\"og:image:type\" content=\"image\/jpeg\" \/>\n<meta name=\"author\" content=\"Not\u00edcias em Destaque\" \/>\n<meta name=\"twitter:card\" content=\"summary_large_image\" \/>\n<meta name=\"twitter:label1\" content=\"Escrito por\" \/>\n\t<meta name=\"twitter:data1\" content=\"Not\u00edcias em Destaque\" \/>\n\t<meta name=\"twitter:label2\" content=\"Est. tempo de leitura\" \/>\n\t<meta name=\"twitter:data2\" content=\"2 minutos\" \/>\n<script type=\"application\/ld+json\" class=\"yoast-schema-graph\">{\"@context\":\"https:\/\/schema.org\",\"@graph\":[{\"@type\":\"Article\",\"@id\":\"https:\/\/noticiasemdestaque.com\/cd\/?p=43392#article\",\"isPartOf\":{\"@id\":\"https:\/\/noticiasemdestaque.com\/cd\/?p=43392\"},\"author\":{\"name\":\"Not\u00edcias em Destaque\",\"@id\":\"https:\/\/noticiasemdestaque.com\/cd\/#\/schema\/person\/4a81fb71f77579d059c3045891fa1786\"},\"headline\":\"Candidata a deputada pelo Uni\u00e3o Brasil, com mais de 28 mil votos, Fernandinha anuncia apoio a Jo\u00e3o\",\"datePublished\":\"2022-10-17T12:37:58+00:00\",\"mainEntityOfPage\":{\"@id\":\"https:\/\/noticiasemdestaque.com\/cd\/?p=43392\"},\"wordCount\":190,\"publisher\":{\"@id\":\"https:\/\/noticiasemdestaque.com\/cd\/#organization\"},\"image\":{\"@id\":\"https:\/\/noticiasemdestaque.com\/cd\/?p=43392#primaryimage\"},\"thumbnailUrl\":\"https:\/\/noticiasemdestaque.com\/cd\/wp-content\/uploads\/2022\/10\/a3f161_ede5acf8b1604a57bb3c5ef877abf458_mv2-min.jpg\",\"articleSection\":[\"Pol\u00edtica\"],\"inLanguage\":\"pt-BR\"},{\"@type\":\"WebPage\",\"@id\":\"https:\/\/noticiasemdestaque.com\/cd\/?p=43392\",\"url\":\"https:\/\/noticiasemdestaque.com\/cd\/?p=43392\",\"name\":\"Candidata a deputada pelo Uni\u00e3o Brasil, com mais de 28 mil votos, Fernandinha anuncia apoio a Jo\u00e3o - Not&iacute;cias em Destaque\",\"isPartOf\":{\"@id\":\"https:\/\/noticiasemdestaque.com\/cd\/#website\"},\"primaryImageOfPage\":{\"@id\":\"https:\/\/noticiasemdestaque.com\/cd\/?p=43392#primaryimage\"},\"image\":{\"@id\":\"https:\/\/noticiasemdestaque.com\/cd\/?p=43392#primaryimage\"},\"thumbnailUrl\":\"https:\/\/noticiasemdestaque.com\/cd\/wp-content\/uploads\/2022\/10\/a3f161_ede5acf8b1604a57bb3c5ef877abf458_mv2-min.jpg\",\"datePublished\":\"2022-10-17T12:37:58+00:00\",\"breadcrumb\":{\"@id\":\"https:\/\/noticiasemdestaque.com\/cd\/?p=43392#breadcrumb\"},\"inLanguage\":\"pt-BR\",\"potentialAction\":[{\"@type\":\"ReadAction\",\"target\":[\"https:\/\/noticiasemdestaque.com\/cd\/?p=43392\"]}]},{\"@type\":\"ImageObject\",\"inLanguage\":\"pt-BR\",\"@id\":\"https:\/\/noticiasemdestaque.com\/cd\/?p=43392#primaryimage\",\"url\":\"https:\/\/noticiasemdestaque.com\/cd\/wp-content\/uploads\/2022\/10\/a3f161_ede5acf8b1604a57bb3c5ef877abf458_mv2-min.jpg\",\"contentUrl\":\"https:\/\/noticiasemdestaque.com\/cd\/wp-content\/uploads\/2022\/10\/a3f161_ede5acf8b1604a57bb3c5ef877abf458_mv2-min.jpg\",\"width\":639,\"height\":460},{\"@type\":\"BreadcrumbList\",\"@id\":\"https:\/\/noticiasemdestaque.com\/cd\/?p=43392#breadcrumb\",\"itemListElement\":[{\"@type\":\"ListItem\",\"position\":1,\"name\":\"In\u00edcio\",\"item\":\"https:\/\/noticiasemdestaque.com\/cd\/\"},{\"@type\":\"ListItem\",\"position\":2,\"name\":\"Candidata a deputada pelo Uni\u00e3o Brasil, com mais de 28 mil votos, Fernandinha anuncia apoio a Jo\u00e3o\"}]},{\"@type\":\"WebSite\",\"@id\":\"https:\/\/noticiasemdestaque.com\/cd\/#website\",\"url\":\"https:\/\/noticiasemdestaque.com\/cd\/\",\"name\":\"Not&iacute;cias em Destaque\",\"description\":\"\",\"publisher\":{\"@id\":\"https:\/\/noticiasemdestaque.com\/cd\/#organization\"},\"potentialAction\":[{\"@type\":\"SearchAction\",\"target\":{\"@type\":\"EntryPoint\",\"urlTemplate\":\"https:\/\/noticiasemdestaque.com\/cd\/?s={search_term_string}\"},\"query-input\":{\"@type\":\"PropertyValueSpecification\",\"valueRequired\":true,\"valueName\":\"search_term_string\"}}],\"inLanguage\":\"pt-BR\"},{\"@type\":\"Organization\",\"@id\":\"https:\/\/noticiasemdestaque.com\/cd\/#organization\",\"name\":\"Not\u00edcias em Destaque\",\"url\":\"https:\/\/noticiasemdestaque.com\/cd\/\",\"logo\":{\"@type\":\"ImageObject\",\"inLanguage\":\"pt-BR\",\"@id\":\"https:\/\/noticiasemdestaque.com\/cd\/#\/schema\/logo\/image\/\",\"url\":\"https:\/\/noticiasemdestaque.com\/cd\/wp-content\/uploads\/2022\/05\/imagem-base-noticiasemdestaque.png\",\"contentUrl\":\"https:\/\/noticiasemdestaque.com\/cd\/wp-content\/uploads\/2022\/05\/imagem-base-noticiasemdestaque.png\",\"width\":1200,\"height\":630,\"caption\":\"Not\u00edcias em Destaque\"},\"image\":{\"@id\":\"https:\/\/noticiasemdestaque.com\/cd\/#\/schema\/logo\/image\/\"}},{\"@type\":\"Person\",\"@id\":\"https:\/\/noticiasemdestaque.com\/cd\/#\/schema\/person\/4a81fb71f77579d059c3045891fa1786\",\"name\":\"Not\u00edcias em Destaque\",\"url\":\"https:\/\/noticiasemdestaque.com\/cd\/?author=2\"}]}<\/script>\n<!-- \/ Yoast SEO plugin. -->","yoast_head_json":{"title":"Candidata a deputada pelo Uni\u00e3o Brasil, com mais de 28 mil votos, Fernandinha anuncia apoio a Jo\u00e3o - Not&iacute;cias em Destaque","robots":{"index":"index","follow":"follow","max-snippet":"max-snippet:-1","max-image-preview":"max-image-preview:large","max-video-preview":"max-video-preview:-1"},"canonical":"https:\/\/noticiasemdestaque.com\/cd\/?p=43392","og_locale":"pt_BR","og_type":"article","og_title":"Candidata a deputada pelo Uni\u00e3o Brasil, com mais de 28 mil votos, Fernandinha anuncia apoio a Jo\u00e3o - Not&iacute;cias em Destaque","og_description":"Candidato \u00e0 reelei\u00e7\u00e3o, o governador Jo\u00e3o Azev\u00eado (PSB) continua recebendo apoios importantes no segundo turno das elei\u00e7\u00f5es. Neste domingo (16), a apresentadora de TV, Fernandinha (Uni\u00e3o Brasil), que disputou o mandado de deputada federal e obteve 28.241 votos, anunciou apoio ao gestor estadual. \u201c\u00c9 com muita alegria que hoje expresso o desejo do nosso cora\u00e7\u00e3o de apoiar quem se disp\u00f4s a ouvir, dialogar e acolher aquilo que passei como voz dos paraibanos na campanha e com muita alegria digo que Fernandinha \u00e9 Jo\u00e3o Azev\u00eado 40\u201d, disse a suplente de deputada federal. Jo\u00e3o agradeceu o apoio e a uni\u00e3o de for\u00e7as para fortalecer as pol\u00edticas p\u00fablicas de inclus\u00e3o. \u201cEu agrade\u00e7o a disponibilidade de Fernandinha que entende que fazer pol\u00edtica \u00e9 acolher as pessoas e fazer com que elas estejam inseridas dentro do processo de distribui\u00e7\u00e3o de riqueza. \u00c9 uma satisfa\u00e7\u00e3o contar com o apoio e compromisso dela para que a Para\u00edba continue avan\u00e7ando\u201d, falou. Noticias em Destaque Fonte: Sorrentino Noticias","og_url":"https:\/\/noticiasemdestaque.com\/cd\/?p=43392","og_site_name":"Not&iacute;cias em Destaque","article_published_time":"2022-10-17T12:37:58+00:00","og_image":[{"width":639,"height":460,"url":"https:\/\/noticiasemdestaque.com\/cd\/wp-content\/uploads\/2022\/10\/a3f161_ede5acf8b1604a57bb3c5ef877abf458_mv2-min.jpg","type":"image\/jpeg"}],"author":"Not\u00edcias em Destaque","twitter_card":"summary_large_image","twitter_misc":{"Escrito por":"Not\u00edcias em Destaque","Est. tempo de leitura":"2 minutos"},"schema":{"@context":"https:\/\/schema.org","@graph":[{"@type":"Article","@id":"https:\/\/noticiasemdestaque.com\/cd\/?p=43392#article","isPartOf":{"@id":"https:\/\/noticiasemdestaque.com\/cd\/?p=43392"},"author":{"name":"Not\u00edcias em Destaque","@id":"https:\/\/noticiasemdestaque.com\/cd\/#\/schema\/person\/4a81fb71f77579d059c3045891fa1786"},"headline":"Candidata a deputada pelo Uni\u00e3o Brasil, com mais de 28 mil votos, Fernandinha anuncia apoio a Jo\u00e3o","datePublished":"2022-10-17T12:37:58+00:00","mainEntityOfPage":{"@id":"https:\/\/noticiasemdestaque.com\/cd\/?p=43392"},"wordCount":190,"publisher":{"@id":"https:\/\/noticiasemdestaque.com\/cd\/#organization"},"image":{"@id":"https:\/\/noticiasemdestaque.com\/cd\/?p=43392#primaryimage"},"thumbnailUrl":"https:\/\/noticiasemdestaque.com\/cd\/wp-content\/uploads\/2022\/10\/a3f161_ede5acf8b1604a57bb3c5ef877abf458_mv2-min.jpg","articleSection":["Pol\u00edtica"],"inLanguage":"pt-BR"},{"@type":"WebPage","@id":"https:\/\/noticiasemdestaque.com\/cd\/?p=43392","url":"https:\/\/noticiasemdestaque.com\/cd\/?p=43392","name":"Candidata a deputada pelo Uni\u00e3o Brasil, com mais de 28 mil votos, Fernandinha anuncia apoio a Jo\u00e3o - Not&iacute;cias em Destaque","isPartOf":{"@id":"https:\/\/noticiasemdestaque.com\/cd\/#website"},"primaryImageOfPage":{"@id":"https:\/\/noticiasemdestaque.com\/cd\/?p=43392#primaryimage"},"image":{"@id":"https:\/\/noticiasemdestaque.com\/cd\/?p=43392#primaryimage"},"thumbnailUrl":"https:\/\/noticiasemdestaque.com\/cd\/wp-content\/uploads\/2022\/10\/a3f161_ede5acf8b1604a57bb3c5ef877abf458_mv2-min.jpg","datePublished":"2022-10-17T12:37:58+00:00","breadcrumb":{"@id":"https:\/\/noticiasemdestaque.com\/cd\/?p=43392#breadcrumb"},"inLanguage":"pt-BR","potentialAction":[{"@type":"ReadAction","target":["https:\/\/noticiasemdestaque.com\/cd\/?p=43392"]}]},{"@type":"ImageObject","inLanguage":"pt-BR","@id":"https:\/\/noticiasemdestaque.com\/cd\/?p=43392#primaryimage","url":"https:\/\/noticiasemdestaque.com\/cd\/wp-content\/uploads\/2022\/10\/a3f161_ede5acf8b1604a57bb3c5ef877abf458_mv2-min.jpg","contentUrl":"https:\/\/noticiasemdestaque.com\/cd\/wp-content\/uploads\/2022\/10\/a3f161_ede5acf8b1604a57bb3c5ef877abf458_mv2-min.jpg","width":639,"height":460},{"@type":"BreadcrumbList","@id":"https:\/\/noticiasemdestaque.com\/cd\/?p=43392#breadcrumb","itemListElement":[{"@type":"ListItem","position":1,"name":"In\u00edcio","item":"https:\/\/noticiasemdestaque.com\/cd\/"},{"@type":"ListItem","position":2,"name":"Candidata a deputada pelo Uni\u00e3o Brasil, com mais de 28 mil votos, Fernandinha anuncia apoio a Jo\u00e3o"}]},{"@type":"WebSite","@id":"https:\/\/noticiasemdestaque.com\/cd\/#website","url":"https:\/\/noticiasemdestaque.com\/cd\/","name":"Not&iacute;cias em Destaque","description":"","publisher":{"@id":"https:\/\/noticiasemdestaque.com\/cd\/#organization"},"potentialAction":[{"@type":"SearchAction","target":{"@type":"EntryPoint","urlTemplate":"https:\/\/noticiasemdestaque.com\/cd\/?s={search_term_string}"},"query-input":{"@type":"PropertyValueSpecification","valueRequired":true,"valueName":"search_term_string"}}],"inLanguage":"pt-BR"},{"@type":"Organization","@id":"https:\/\/noticiasemdestaque.com\/cd\/#organization","name":"Not\u00edcias em Destaque","url":"https:\/\/noticiasemdestaque.com\/cd\/","logo":{"@type":"ImageObject","inLanguage":"pt-BR","@id":"https:\/\/noticiasemdestaque.com\/cd\/#\/schema\/logo\/image\/","url":"https:\/\/noticiasemdestaque.com\/cd\/wp-content\/uploads\/2022\/05\/imagem-base-noticiasemdestaque.png","contentUrl":"https:\/\/noticiasemdestaque.com\/cd\/wp-content\/uploads\/2022\/05\/imagem-base-noticiasemdestaque.png","width":1200,"height":630,"caption":"Not\u00edcias em Destaque"},"image":{"@id":"https:\/\/noticiasemdestaque.com\/cd\/#\/schema\/logo\/image\/"}},{"@type":"Person","@id":"https:\/\/noticiasemdestaque.com\/cd\/#\/schema\/person\/4a81fb71f77579d059c3045891fa1786","name":"Not\u00edcias em Destaque","url":"https:\/\/noticiasemdestaque.com\/cd\/?author=2"}]}},"jetpack_featured_media_url":"https:\/\/noticiasemdestaque.com\/cd\/wp-content\/uploads\/2022\/10\/a3f161_ede5acf8b1604a57bb3c5ef877abf458_mv2-min.jpg","jetpack_sharing_enabled":true,"_links":{"self":[{"href":"https:\/\/noticiasemdestaque.com\/cd\/index.php?rest_route=\/wp\/v2\/posts\/43392","targetHints":{"allow":["GET"]}}],"collection":[{"href":"https:\/\/noticiasemdestaque.com\/cd\/index.php?rest_route=\/wp\/v2\/posts"}],"about":[{"href":"https:\/\/noticiasemdestaque.com\/cd\/index.php?rest_route=\/wp\/v2\/types\/post"}],"author":[{"embeddable":true,"href":"https:\/\/noticiasemdestaque.com\/cd\/index.php?rest_route=\/wp\/v2\/users\/2"}],"replies":[{"embeddable":true,"href":"https:\/\/noticiasemdestaque.com\/cd\/index.php?rest_route=%2Fwp%2Fv2%2Fcomments&post=43392"}],"version-history":[{"count":1,"href":"https:\/\/noticiasemdestaque.com\/cd\/index.php?rest_route=\/wp\/v2\/posts\/43392\/revisions"}],"predecessor-version":[{"id":43394,"href":"https:\/\/noticiasemdestaque.com\/cd\/index.php?rest_route=\/wp\/v2\/posts\/43392\/revisions\/43394"}],"wp:featuredmedia":[{"embeddable":true,"href":"https:\/\/noticiasemdestaque.com\/cd\/index.php?rest_route=\/wp\/v2\/media\/43393"}],"wp:attachment":[{"href":"https:\/\/noticiasemdestaque.com\/cd\/index.php?rest_route=%2Fwp%2Fv2%2Fmedia&parent=43392"}],"wp:term":[{"taxonomy":"category","embeddable":true,"href":"https:\/\/noticiasemdestaque.com\/cd\/index.php?rest_route=%2Fwp%2Fv2%2Fcategories&post=43392"},{"taxonomy":"post_tag","embeddable":true,"href":"https:\/\/noticiasemdestaque.com\/cd\/index.php?rest_route=%2Fwp%2Fv2%2Ftags&post=43392"}],"curies":[{"name":"wp","href":"https:\/\/api.w.org\/{rel}","templated":true}]}}