{"id":43380,"date":"2022-10-16T21:02:58","date_gmt":"2022-10-17T00:02:58","guid":{"rendered":"https:\/\/noticiasemdestaque.com\/cd\/?p=43380"},"modified":"2022-10-16T21:04:36","modified_gmt":"2022-10-17T00:04:36","slug":"prefeitura-de-amparo-realizou-1o-amparo-fest-bandas-encontro-de-bandas-fanfarras-e-marciais","status":"publish","type":"post","link":"https:\/\/noticiasemdestaque.com\/cd\/?p=43380","title":{"rendered":"Prefeitura de Amparo realizou 1\u00ba Amparo Fest Bandas, Encontro de Bandas Fanfarras e Marciais"},"content":{"rendered":"<div><a href=\"https:\/\/noticiasemdestaque.com\/cd\/wp-content\/uploads\/2022\/10\/DSC_0095.jpg\"><img fetchpriority=\"high\" decoding=\"async\" class=\"size-medium wp-image-43383 aligncenter\" src=\"https:\/\/noticiasemdestaque.com\/cd\/wp-content\/uploads\/2022\/10\/DSC_0095-300x222.jpg\" alt=\"\" width=\"300\" height=\"222\" srcset=\"https:\/\/noticiasemdestaque.com\/cd\/wp-content\/uploads\/2022\/10\/DSC_0095-300x222.jpg 300w, https:\/\/noticiasemdestaque.com\/cd\/wp-content\/uploads\/2022\/10\/DSC_0095-1024x756.jpg 1024w, https:\/\/noticiasemdestaque.com\/cd\/wp-content\/uploads\/2022\/10\/DSC_0095-768x567.jpg 768w, https:\/\/noticiasemdestaque.com\/cd\/wp-content\/uploads\/2022\/10\/DSC_0095-16x12.jpg 16w, https:\/\/noticiasemdestaque.com\/cd\/wp-content\/uploads\/2022\/10\/DSC_0095.jpg 1300w\" sizes=\"(max-width: 300px) 100vw, 300px\" \/><\/a><\/div>\n<div><\/div>\n<div>A Prefeitura de Amparo, atrav\u00e9s da Secretaria esporte e Cultura realizou nesse s\u00e1bado (15) o 1\u00ba Amparo Fest Bandas, encontro de Bandas Fanfarras e Marciais. O evento aconteceu na Pra\u00e7a Miguel Pereira e contou com a apresenta\u00e7\u00e3o de 14 bandas.<\/div>\n<div><a href=\"https:\/\/noticiasemdestaque.com\/cd\/wp-content\/uploads\/2022\/10\/DSC_0062.jpg\"><img decoding=\"async\" class=\"size-medium wp-image-43382 aligncenter\" src=\"https:\/\/noticiasemdestaque.com\/cd\/wp-content\/uploads\/2022\/10\/DSC_0062-300x201.jpg\" alt=\"\" width=\"300\" height=\"201\" srcset=\"https:\/\/noticiasemdestaque.com\/cd\/wp-content\/uploads\/2022\/10\/DSC_0062-300x201.jpg 300w, https:\/\/noticiasemdestaque.com\/cd\/wp-content\/uploads\/2022\/10\/DSC_0062-1024x685.jpg 1024w, https:\/\/noticiasemdestaque.com\/cd\/wp-content\/uploads\/2022\/10\/DSC_0062-768x513.jpg 768w, https:\/\/noticiasemdestaque.com\/cd\/wp-content\/uploads\/2022\/10\/DSC_0062-18x12.jpg 18w, https:\/\/noticiasemdestaque.com\/cd\/wp-content\/uploads\/2022\/10\/DSC_0062-414x279.jpg 414w, https:\/\/noticiasemdestaque.com\/cd\/wp-content\/uploads\/2022\/10\/DSC_0062.jpg 1300w\" sizes=\"(max-width: 300px) 100vw, 300px\" \/><\/a><\/div>\n<div><\/div>\n<div>Tivemos a participa\u00e7\u00e3o das bandas: Fanfarra 29 de Abril \u2013 Amparo; Banda Fanfarra C\u00f4nego Jo\u00e3o Marques &#8211; Serra Branca; Banda Fanfarra Euclides Dinam\u00e9rico &#8211; Santa Luzia; Banda Fanfarra Pedro Viana &#8211; Ouro Velho; Banda Fanfarra SCFV \u2013 Sum\u00e9; Banda Marcial JGQ \u2013 Sum\u00e9; Banda Fanfarra Lata Velha \u2013 Zabel\u00ea; Banda Marcial Municipal &#8211; \u00c1gua Branca; Banda Marcial Municipal \u2013 Sert\u00e2nia; Banda Marcial Josenildo Oliveira &#8211; Santa Terezinha; Banda Marcial maestro Jos\u00e9 Fernandes &#8211; Tapero\u00e1; Banda Marcial Malaquias Batista &#8211; S.S. Umbuzeiro; Banda Marcial Umbuzeirense &#8211; S.S. Umbuzeiro; Banda Marcial Maria de F\u00e1tima Nascimento \u2013 Tuparetama; Banda Fanfarra Simples Professor Carlinhos &#8211; Santo Andr\u00e9.<\/div>\n<div><\/div>\n<div><a href=\"https:\/\/noticiasemdestaque.com\/cd\/wp-content\/uploads\/2022\/10\/DSC_0021.jpg\"><img decoding=\"async\" class=\"size-medium wp-image-43381 aligncenter\" src=\"https:\/\/noticiasemdestaque.com\/cd\/wp-content\/uploads\/2022\/10\/DSC_0021-300x201.jpg\" alt=\"\" width=\"300\" height=\"201\" srcset=\"https:\/\/noticiasemdestaque.com\/cd\/wp-content\/uploads\/2022\/10\/DSC_0021-300x201.jpg 300w, https:\/\/noticiasemdestaque.com\/cd\/wp-content\/uploads\/2022\/10\/DSC_0021-1024x685.jpg 1024w, https:\/\/noticiasemdestaque.com\/cd\/wp-content\/uploads\/2022\/10\/DSC_0021-768x513.jpg 768w, https:\/\/noticiasemdestaque.com\/cd\/wp-content\/uploads\/2022\/10\/DSC_0021-18x12.jpg 18w, https:\/\/noticiasemdestaque.com\/cd\/wp-content\/uploads\/2022\/10\/DSC_0021-414x279.jpg 414w, https:\/\/noticiasemdestaque.com\/cd\/wp-content\/uploads\/2022\/10\/DSC_0021.jpg 1300w\" sizes=\"(max-width: 300px) 100vw, 300px\" \/><\/a><\/div>\n<div>\n<p>O p\u00fablico acompanhou as apresenta\u00e7\u00f5es do in\u00edcio ao fim, juntamente com o prefeito In\u00e1cio N\u00f3brega, o Vice-prefeito C\u00edcero Maciel, secret\u00e1rios municipais e a presen\u00e7a ilustre do Deputado Estadual Felipe Leit\u00e3o.<\/p>\n<p><strong>Confira a reportagem:<\/strong><\/p>\n<p><iframe title=\"1\u00ba Amparo Fest Banda\" width=\"800\" height=\"450\" src=\"https:\/\/www.youtube.com\/embed\/62EUoW0jOaM?feature=oembed\" frameborder=\"0\" allow=\"accelerometer; autoplay; clipboard-write; encrypted-media; gyroscope; picture-in-picture; web-share\" referrerpolicy=\"strict-origin-when-cross-origin\" allowfullscreen><\/iframe><\/p>\n<\/div>\n<div><em><strong>Not\u00edcias em Destaque<\/strong><\/em><\/div>\n<div>Texto: Amparo Ligado<\/div>\n","protected":false},"excerpt":{"rendered":"<p>A Prefeitura de Amparo, atrav\u00e9s da Secretaria esporte e Cultura realizou nesse s\u00e1bado (15) o 1\u00ba Amparo Fest Bandas, encontro de Bandas Fanfarras e Marciais. O evento aconteceu na Pra\u00e7a Miguel Pereira e contou com a apresenta\u00e7\u00e3o de 14 bandas. Tivemos a participa\u00e7\u00e3o das bandas: Fanfarra 29 de Abril \u2013 Amparo; Banda Fanfarra C\u00f4nego Jo\u00e3o Marques &#8211; Serra Branca; Banda Fanfarra Euclides Dinam\u00e9rico &#8211; Santa Luzia; Banda Fanfarra Pedro Viana &#8211; Ouro Velho; Banda Fanfarra SCFV \u2013 Sum\u00e9; Banda Marcial JGQ \u2013 Sum\u00e9; Banda Fanfarra Lata Velha \u2013 Zabel\u00ea; Banda Marcial Municipal &#8211; \u00c1gua Branca; Banda Marcial Municipal \u2013 Sert\u00e2nia; Banda Marcial Josenildo Oliveira &#8211; Santa Terezinha; Banda Marcial maestro Jos\u00e9 Fernandes &#8211; Tapero\u00e1; Banda Marcial Malaquias Batista &#8211; S.S. Umbuzeiro; Banda Marcial Umbuzeirense &#8211; S.S. Umbuzeiro; Banda Marcial Maria de F\u00e1tima Nascimento \u2013 Tuparetama; Banda Fanfarra Simples Professor Carlinhos &#8211; Santo Andr\u00e9. O p\u00fablico acompanhou as apresenta\u00e7\u00f5es do in\u00edcio ao fim, juntamente com o prefeito In\u00e1cio N\u00f3brega, o Vice-prefeito C\u00edcero Maciel, secret\u00e1rios municipais e a presen\u00e7a ilustre do Deputado Estadual Felipe Leit\u00e3o. Confira a reportagem: Not\u00edcias em Destaque Texto: Amparo Ligado<\/p>\n","protected":false},"author":2,"featured_media":43383,"comment_status":"closed","ping_status":"open","sticky":false,"template":"","format":"standard","meta":{"_eb_attr":"","_jetpack_memberships_contains_paid_content":false,"footnotes":""},"categories":[12],"tags":[],"class_list":["post-43380","post","type-post","status-publish","format-standard","has-post-thumbnail","hentry","category-geral"],"yoast_head":"<!-- This site is optimized with the Yoast SEO plugin v26.5 - https:\/\/yoast.com\/wordpress\/plugins\/seo\/ -->\n<title>Prefeitura de Amparo realizou 1\u00ba Amparo Fest Bandas, Encontro de Bandas Fanfarras e Marciais - Not&iacute;cias em Destaque<\/title>\n<meta name=\"robots\" content=\"index, follow, max-snippet:-1, max-image-preview:large, max-video-preview:-1\" \/>\n<link rel=\"canonical\" href=\"https:\/\/noticiasemdestaque.com\/cd\/?p=43380\" \/>\n<meta property=\"og:locale\" content=\"pt_BR\" \/>\n<meta property=\"og:type\" content=\"article\" \/>\n<meta property=\"og:title\" content=\"Prefeitura de Amparo realizou 1\u00ba Amparo Fest Bandas, Encontro de Bandas Fanfarras e Marciais - Not&iacute;cias em Destaque\" \/>\n<meta property=\"og:description\" content=\"A Prefeitura de Amparo, atrav\u00e9s da Secretaria esporte e Cultura realizou nesse s\u00e1bado (15) o 1\u00ba Amparo Fest Bandas, encontro de Bandas Fanfarras e Marciais. O evento aconteceu na Pra\u00e7a Miguel Pereira e contou com a apresenta\u00e7\u00e3o de 14 bandas. Tivemos a participa\u00e7\u00e3o das bandas: Fanfarra 29 de Abril \u2013 Amparo; Banda Fanfarra C\u00f4nego Jo\u00e3o Marques &#8211; Serra Branca; Banda Fanfarra Euclides Dinam\u00e9rico &#8211; Santa Luzia; Banda Fanfarra Pedro Viana &#8211; Ouro Velho; Banda Fanfarra SCFV \u2013 Sum\u00e9; Banda Marcial JGQ \u2013 Sum\u00e9; Banda Fanfarra Lata Velha \u2013 Zabel\u00ea; Banda Marcial Municipal &#8211; \u00c1gua Branca; Banda Marcial Municipal \u2013 Sert\u00e2nia; Banda Marcial Josenildo Oliveira &#8211; Santa Terezinha; Banda Marcial maestro Jos\u00e9 Fernandes &#8211; Tapero\u00e1; Banda Marcial Malaquias Batista &#8211; S.S. Umbuzeiro; Banda Marcial Umbuzeirense &#8211; S.S. Umbuzeiro; Banda Marcial Maria de F\u00e1tima Nascimento \u2013 Tuparetama; Banda Fanfarra Simples Professor Carlinhos &#8211; Santo Andr\u00e9. O p\u00fablico acompanhou as apresenta\u00e7\u00f5es do in\u00edcio ao fim, juntamente com o prefeito In\u00e1cio N\u00f3brega, o Vice-prefeito C\u00edcero Maciel, secret\u00e1rios municipais e a presen\u00e7a ilustre do Deputado Estadual Felipe Leit\u00e3o. Confira a reportagem: Not\u00edcias em Destaque Texto: Amparo Ligado\" \/>\n<meta property=\"og:url\" content=\"https:\/\/noticiasemdestaque.com\/cd\/?p=43380\" \/>\n<meta property=\"og:site_name\" content=\"Not&iacute;cias em Destaque\" \/>\n<meta property=\"article:published_time\" content=\"2022-10-17T00:02:58+00:00\" \/>\n<meta property=\"article:modified_time\" content=\"2022-10-17T00:04:36+00:00\" \/>\n<meta property=\"og:image\" content=\"https:\/\/noticiasemdestaque.com\/cd\/wp-content\/uploads\/2022\/10\/DSC_0095.jpg\" \/>\n\t<meta property=\"og:image:width\" content=\"1300\" \/>\n\t<meta property=\"og:image:height\" content=\"960\" \/>\n\t<meta property=\"og:image:type\" content=\"image\/jpeg\" \/>\n<meta name=\"author\" content=\"Not\u00edcias em Destaque\" \/>\n<meta name=\"twitter:card\" content=\"summary_large_image\" \/>\n<meta name=\"twitter:label1\" content=\"Escrito por\" \/>\n\t<meta name=\"twitter:data1\" content=\"Not\u00edcias em Destaque\" \/>\n\t<meta name=\"twitter:label2\" content=\"Est. tempo de leitura\" \/>\n\t<meta name=\"twitter:data2\" content=\"2 minutos\" \/>\n<script type=\"application\/ld+json\" class=\"yoast-schema-graph\">{\"@context\":\"https:\/\/schema.org\",\"@graph\":[{\"@type\":\"Article\",\"@id\":\"https:\/\/noticiasemdestaque.com\/cd\/?p=43380#article\",\"isPartOf\":{\"@id\":\"https:\/\/noticiasemdestaque.com\/cd\/?p=43380\"},\"author\":{\"name\":\"Not\u00edcias em Destaque\",\"@id\":\"https:\/\/noticiasemdestaque.com\/cd\/#\/schema\/person\/47f7d4f55eec17c6b2ca036c5500f6ce\"},\"headline\":\"Prefeitura de Amparo realizou 1\u00ba Amparo Fest Bandas, Encontro de Bandas Fanfarras e Marciais\",\"datePublished\":\"2022-10-17T00:02:58+00:00\",\"dateModified\":\"2022-10-17T00:04:36+00:00\",\"mainEntityOfPage\":{\"@id\":\"https:\/\/noticiasemdestaque.com\/cd\/?p=43380\"},\"wordCount\":212,\"publisher\":{\"@id\":\"https:\/\/noticiasemdestaque.com\/cd\/#organization\"},\"image\":{\"@id\":\"https:\/\/noticiasemdestaque.com\/cd\/?p=43380#primaryimage\"},\"thumbnailUrl\":\"https:\/\/noticiasemdestaque.com\/cd\/wp-content\/uploads\/2022\/10\/DSC_0095.jpg\",\"articleSection\":[\"Geral\"],\"inLanguage\":\"pt-BR\"},{\"@type\":\"WebPage\",\"@id\":\"https:\/\/noticiasemdestaque.com\/cd\/?p=43380\",\"url\":\"https:\/\/noticiasemdestaque.com\/cd\/?p=43380\",\"name\":\"Prefeitura de Amparo realizou 1\u00ba Amparo Fest Bandas, Encontro de Bandas Fanfarras e Marciais - Not&iacute;cias em Destaque\",\"isPartOf\":{\"@id\":\"https:\/\/noticiasemdestaque.com\/cd\/#website\"},\"primaryImageOfPage\":{\"@id\":\"https:\/\/noticiasemdestaque.com\/cd\/?p=43380#primaryimage\"},\"image\":{\"@id\":\"https:\/\/noticiasemdestaque.com\/cd\/?p=43380#primaryimage\"},\"thumbnailUrl\":\"https:\/\/noticiasemdestaque.com\/cd\/wp-content\/uploads\/2022\/10\/DSC_0095.jpg\",\"datePublished\":\"2022-10-17T00:02:58+00:00\",\"dateModified\":\"2022-10-17T00:04:36+00:00\",\"breadcrumb\":{\"@id\":\"https:\/\/noticiasemdestaque.com\/cd\/?p=43380#breadcrumb\"},\"inLanguage\":\"pt-BR\",\"potentialAction\":[{\"@type\":\"ReadAction\",\"target\":[\"https:\/\/noticiasemdestaque.com\/cd\/?p=43380\"]}]},{\"@type\":\"ImageObject\",\"inLanguage\":\"pt-BR\",\"@id\":\"https:\/\/noticiasemdestaque.com\/cd\/?p=43380#primaryimage\",\"url\":\"https:\/\/noticiasemdestaque.com\/cd\/wp-content\/uploads\/2022\/10\/DSC_0095.jpg\",\"contentUrl\":\"https:\/\/noticiasemdestaque.com\/cd\/wp-content\/uploads\/2022\/10\/DSC_0095.jpg\",\"width\":1300,\"height\":960},{\"@type\":\"BreadcrumbList\",\"@id\":\"https:\/\/noticiasemdestaque.com\/cd\/?p=43380#breadcrumb\",\"itemListElement\":[{\"@type\":\"ListItem\",\"position\":1,\"name\":\"In\u00edcio\",\"item\":\"https:\/\/noticiasemdestaque.com\/cd\/\"},{\"@type\":\"ListItem\",\"position\":2,\"name\":\"Prefeitura de Amparo realizou 1\u00ba Amparo Fest Bandas, Encontro de Bandas Fanfarras e Marciais\"}]},{\"@type\":\"WebSite\",\"@id\":\"https:\/\/noticiasemdestaque.com\/cd\/#website\",\"url\":\"https:\/\/noticiasemdestaque.com\/cd\/\",\"name\":\"Not&iacute;cias em Destaque\",\"description\":\"\",\"publisher\":{\"@id\":\"https:\/\/noticiasemdestaque.com\/cd\/#organization\"},\"potentialAction\":[{\"@type\":\"SearchAction\",\"target\":{\"@type\":\"EntryPoint\",\"urlTemplate\":\"https:\/\/noticiasemdestaque.com\/cd\/?s={search_term_string}\"},\"query-input\":{\"@type\":\"PropertyValueSpecification\",\"valueRequired\":true,\"valueName\":\"search_term_string\"}}],\"inLanguage\":\"pt-BR\"},{\"@type\":\"Organization\",\"@id\":\"https:\/\/noticiasemdestaque.com\/cd\/#organization\",\"name\":\"Not\u00edcias em Destaque\",\"url\":\"https:\/\/noticiasemdestaque.com\/cd\/\",\"logo\":{\"@type\":\"ImageObject\",\"inLanguage\":\"pt-BR\",\"@id\":\"https:\/\/noticiasemdestaque.com\/cd\/#\/schema\/logo\/image\/\",\"url\":\"https:\/\/noticiasemdestaque.com\/cd\/wp-content\/uploads\/2022\/05\/imagem-base-noticiasemdestaque.png\",\"contentUrl\":\"https:\/\/noticiasemdestaque.com\/cd\/wp-content\/uploads\/2022\/05\/imagem-base-noticiasemdestaque.png\",\"width\":1200,\"height\":630,\"caption\":\"Not\u00edcias em Destaque\"},\"image\":{\"@id\":\"https:\/\/noticiasemdestaque.com\/cd\/#\/schema\/logo\/image\/\"}},{\"@type\":\"Person\",\"@id\":\"https:\/\/noticiasemdestaque.com\/cd\/#\/schema\/person\/47f7d4f55eec17c6b2ca036c5500f6ce\",\"name\":\"Not\u00edcias em Destaque\",\"url\":\"https:\/\/noticiasemdestaque.com\/cd\/?author=2\"}]}<\/script>\n<!-- \/ Yoast SEO plugin. -->","yoast_head_json":{"title":"Prefeitura de Amparo realizou 1\u00ba Amparo Fest Bandas, Encontro de Bandas Fanfarras e Marciais - Not&iacute;cias em Destaque","robots":{"index":"index","follow":"follow","max-snippet":"max-snippet:-1","max-image-preview":"max-image-preview:large","max-video-preview":"max-video-preview:-1"},"canonical":"https:\/\/noticiasemdestaque.com\/cd\/?p=43380","og_locale":"pt_BR","og_type":"article","og_title":"Prefeitura de Amparo realizou 1\u00ba Amparo Fest Bandas, Encontro de Bandas Fanfarras e Marciais - Not&iacute;cias em Destaque","og_description":"A Prefeitura de Amparo, atrav\u00e9s da Secretaria esporte e Cultura realizou nesse s\u00e1bado (15) o 1\u00ba Amparo Fest Bandas, encontro de Bandas Fanfarras e Marciais. O evento aconteceu na Pra\u00e7a Miguel Pereira e contou com a apresenta\u00e7\u00e3o de 14 bandas. Tivemos a participa\u00e7\u00e3o das bandas: Fanfarra 29 de Abril \u2013 Amparo; Banda Fanfarra C\u00f4nego Jo\u00e3o Marques &#8211; Serra Branca; Banda Fanfarra Euclides Dinam\u00e9rico &#8211; Santa Luzia; Banda Fanfarra Pedro Viana &#8211; Ouro Velho; Banda Fanfarra SCFV \u2013 Sum\u00e9; Banda Marcial JGQ \u2013 Sum\u00e9; Banda Fanfarra Lata Velha \u2013 Zabel\u00ea; Banda Marcial Municipal &#8211; \u00c1gua Branca; Banda Marcial Municipal \u2013 Sert\u00e2nia; Banda Marcial Josenildo Oliveira &#8211; Santa Terezinha; Banda Marcial maestro Jos\u00e9 Fernandes &#8211; Tapero\u00e1; Banda Marcial Malaquias Batista &#8211; S.S. Umbuzeiro; Banda Marcial Umbuzeirense &#8211; S.S. Umbuzeiro; Banda Marcial Maria de F\u00e1tima Nascimento \u2013 Tuparetama; Banda Fanfarra Simples Professor Carlinhos &#8211; Santo Andr\u00e9. O p\u00fablico acompanhou as apresenta\u00e7\u00f5es do in\u00edcio ao fim, juntamente com o prefeito In\u00e1cio N\u00f3brega, o Vice-prefeito C\u00edcero Maciel, secret\u00e1rios municipais e a presen\u00e7a ilustre do Deputado Estadual Felipe Leit\u00e3o. Confira a reportagem: Not\u00edcias em Destaque Texto: Amparo Ligado","og_url":"https:\/\/noticiasemdestaque.com\/cd\/?p=43380","og_site_name":"Not&iacute;cias em Destaque","article_published_time":"2022-10-17T00:02:58+00:00","article_modified_time":"2022-10-17T00:04:36+00:00","og_image":[{"width":1300,"height":960,"url":"https:\/\/noticiasemdestaque.com\/cd\/wp-content\/uploads\/2022\/10\/DSC_0095.jpg","type":"image\/jpeg"}],"author":"Not\u00edcias em Destaque","twitter_card":"summary_large_image","twitter_misc":{"Escrito por":"Not\u00edcias em Destaque","Est. tempo de leitura":"2 minutos"},"schema":{"@context":"https:\/\/schema.org","@graph":[{"@type":"Article","@id":"https:\/\/noticiasemdestaque.com\/cd\/?p=43380#article","isPartOf":{"@id":"https:\/\/noticiasemdestaque.com\/cd\/?p=43380"},"author":{"name":"Not\u00edcias em Destaque","@id":"https:\/\/noticiasemdestaque.com\/cd\/#\/schema\/person\/47f7d4f55eec17c6b2ca036c5500f6ce"},"headline":"Prefeitura de Amparo realizou 1\u00ba Amparo Fest Bandas, Encontro de Bandas Fanfarras e Marciais","datePublished":"2022-10-17T00:02:58+00:00","dateModified":"2022-10-17T00:04:36+00:00","mainEntityOfPage":{"@id":"https:\/\/noticiasemdestaque.com\/cd\/?p=43380"},"wordCount":212,"publisher":{"@id":"https:\/\/noticiasemdestaque.com\/cd\/#organization"},"image":{"@id":"https:\/\/noticiasemdestaque.com\/cd\/?p=43380#primaryimage"},"thumbnailUrl":"https:\/\/noticiasemdestaque.com\/cd\/wp-content\/uploads\/2022\/10\/DSC_0095.jpg","articleSection":["Geral"],"inLanguage":"pt-BR"},{"@type":"WebPage","@id":"https:\/\/noticiasemdestaque.com\/cd\/?p=43380","url":"https:\/\/noticiasemdestaque.com\/cd\/?p=43380","name":"Prefeitura de Amparo realizou 1\u00ba Amparo Fest Bandas, Encontro de Bandas Fanfarras e Marciais - Not&iacute;cias em Destaque","isPartOf":{"@id":"https:\/\/noticiasemdestaque.com\/cd\/#website"},"primaryImageOfPage":{"@id":"https:\/\/noticiasemdestaque.com\/cd\/?p=43380#primaryimage"},"image":{"@id":"https:\/\/noticiasemdestaque.com\/cd\/?p=43380#primaryimage"},"thumbnailUrl":"https:\/\/noticiasemdestaque.com\/cd\/wp-content\/uploads\/2022\/10\/DSC_0095.jpg","datePublished":"2022-10-17T00:02:58+00:00","dateModified":"2022-10-17T00:04:36+00:00","breadcrumb":{"@id":"https:\/\/noticiasemdestaque.com\/cd\/?p=43380#breadcrumb"},"inLanguage":"pt-BR","potentialAction":[{"@type":"ReadAction","target":["https:\/\/noticiasemdestaque.com\/cd\/?p=43380"]}]},{"@type":"ImageObject","inLanguage":"pt-BR","@id":"https:\/\/noticiasemdestaque.com\/cd\/?p=43380#primaryimage","url":"https:\/\/noticiasemdestaque.com\/cd\/wp-content\/uploads\/2022\/10\/DSC_0095.jpg","contentUrl":"https:\/\/noticiasemdestaque.com\/cd\/wp-content\/uploads\/2022\/10\/DSC_0095.jpg","width":1300,"height":960},{"@type":"BreadcrumbList","@id":"https:\/\/noticiasemdestaque.com\/cd\/?p=43380#breadcrumb","itemListElement":[{"@type":"ListItem","position":1,"name":"In\u00edcio","item":"https:\/\/noticiasemdestaque.com\/cd\/"},{"@type":"ListItem","position":2,"name":"Prefeitura de Amparo realizou 1\u00ba Amparo Fest Bandas, Encontro de Bandas Fanfarras e Marciais"}]},{"@type":"WebSite","@id":"https:\/\/noticiasemdestaque.com\/cd\/#website","url":"https:\/\/noticiasemdestaque.com\/cd\/","name":"Not&iacute;cias em Destaque","description":"","publisher":{"@id":"https:\/\/noticiasemdestaque.com\/cd\/#organization"},"potentialAction":[{"@type":"SearchAction","target":{"@type":"EntryPoint","urlTemplate":"https:\/\/noticiasemdestaque.com\/cd\/?s={search_term_string}"},"query-input":{"@type":"PropertyValueSpecification","valueRequired":true,"valueName":"search_term_string"}}],"inLanguage":"pt-BR"},{"@type":"Organization","@id":"https:\/\/noticiasemdestaque.com\/cd\/#organization","name":"Not\u00edcias em Destaque","url":"https:\/\/noticiasemdestaque.com\/cd\/","logo":{"@type":"ImageObject","inLanguage":"pt-BR","@id":"https:\/\/noticiasemdestaque.com\/cd\/#\/schema\/logo\/image\/","url":"https:\/\/noticiasemdestaque.com\/cd\/wp-content\/uploads\/2022\/05\/imagem-base-noticiasemdestaque.png","contentUrl":"https:\/\/noticiasemdestaque.com\/cd\/wp-content\/uploads\/2022\/05\/imagem-base-noticiasemdestaque.png","width":1200,"height":630,"caption":"Not\u00edcias em Destaque"},"image":{"@id":"https:\/\/noticiasemdestaque.com\/cd\/#\/schema\/logo\/image\/"}},{"@type":"Person","@id":"https:\/\/noticiasemdestaque.com\/cd\/#\/schema\/person\/47f7d4f55eec17c6b2ca036c5500f6ce","name":"Not\u00edcias em Destaque","url":"https:\/\/noticiasemdestaque.com\/cd\/?author=2"}]}},"jetpack_featured_media_url":"https:\/\/noticiasemdestaque.com\/cd\/wp-content\/uploads\/2022\/10\/DSC_0095.jpg","jetpack_sharing_enabled":true,"_links":{"self":[{"href":"https:\/\/noticiasemdestaque.com\/cd\/index.php?rest_route=\/wp\/v2\/posts\/43380","targetHints":{"allow":["GET"]}}],"collection":[{"href":"https:\/\/noticiasemdestaque.com\/cd\/index.php?rest_route=\/wp\/v2\/posts"}],"about":[{"href":"https:\/\/noticiasemdestaque.com\/cd\/index.php?rest_route=\/wp\/v2\/types\/post"}],"author":[{"embeddable":true,"href":"https:\/\/noticiasemdestaque.com\/cd\/index.php?rest_route=\/wp\/v2\/users\/2"}],"replies":[{"embeddable":true,"href":"https:\/\/noticiasemdestaque.com\/cd\/index.php?rest_route=%2Fwp%2Fv2%2Fcomments&post=43380"}],"version-history":[{"count":3,"href":"https:\/\/noticiasemdestaque.com\/cd\/index.php?rest_route=\/wp\/v2\/posts\/43380\/revisions"}],"predecessor-version":[{"id":43386,"href":"https:\/\/noticiasemdestaque.com\/cd\/index.php?rest_route=\/wp\/v2\/posts\/43380\/revisions\/43386"}],"wp:featuredmedia":[{"embeddable":true,"href":"https:\/\/noticiasemdestaque.com\/cd\/index.php?rest_route=\/wp\/v2\/media\/43383"}],"wp:attachment":[{"href":"https:\/\/noticiasemdestaque.com\/cd\/index.php?rest_route=%2Fwp%2Fv2%2Fmedia&parent=43380"}],"wp:term":[{"taxonomy":"category","embeddable":true,"href":"https:\/\/noticiasemdestaque.com\/cd\/index.php?rest_route=%2Fwp%2Fv2%2Fcategories&post=43380"},{"taxonomy":"post_tag","embeddable":true,"href":"https:\/\/noticiasemdestaque.com\/cd\/index.php?rest_route=%2Fwp%2Fv2%2Ftags&post=43380"}],"curies":[{"name":"wp","href":"https:\/\/api.w.org\/{rel}","templated":true}]}}