{"id":43367,"date":"2022-10-16T11:41:17","date_gmt":"2022-10-16T14:41:17","guid":{"rendered":"https:\/\/noticiasemdestaque.com\/cd\/?p=43367"},"modified":"2022-10-16T11:41:47","modified_gmt":"2022-10-16T14:41:47","slug":"em-encontro-com-o-gerente-do-banco-do-brasil-de-serra-branca-o-prefeito-felicio-queiroz-definiu-que-a-agencia-ficara-responsavel-pelo-pagamento-da-folha-oferecendo-aos-funcionarios-os-servicos-de-u","status":"publish","type":"post","link":"https:\/\/noticiasemdestaque.com\/cd\/?p=43367","title":{"rendered":"Band faz debate entre Lula e Bolsonaro neste domingo (16) com formato inovador"},"content":{"rendered":"<p><a href=\"https:\/\/noticiasemdestaque.com\/cd\/wp-content\/uploads\/2022\/10\/lula-bolsonaro.webp\"><img fetchpriority=\"high\" decoding=\"async\" class=\"aligncenter wp-image-43368 size-full\" src=\"https:\/\/noticiasemdestaque.com\/cd\/wp-content\/uploads\/2022\/10\/lula-bolsonaro.webp\" alt=\"\" width=\"984\" height=\"533\" srcset=\"https:\/\/noticiasemdestaque.com\/cd\/wp-content\/uploads\/2022\/10\/lula-bolsonaro.webp 984w, https:\/\/noticiasemdestaque.com\/cd\/wp-content\/uploads\/2022\/10\/lula-bolsonaro-300x163.webp 300w, https:\/\/noticiasemdestaque.com\/cd\/wp-content\/uploads\/2022\/10\/lula-bolsonaro-768x416.webp 768w, https:\/\/noticiasemdestaque.com\/cd\/wp-content\/uploads\/2022\/10\/lula-bolsonaro-18x10.webp 18w\" sizes=\"(max-width: 984px) 100vw, 984px\" \/><\/a><\/p>\n<div class=\"text\">\n<div>\n<p>A\u00a0<strong>Band\u00a0<\/strong>realiza o primeiro debate do segundo turno com candidatos que disputam a Presid\u00eancia da Rep\u00fablica. O ex-presidente\u00a0<a href=\"https:\/\/www.band.uol.com.br\/noticias\/jornal-da-band\/ultimas\/lula-se-prepara-para-debate-na-band-e-campanha-cita-confronto-contra-bolsonaro-16548117\">Luiz In\u00e1cio Lula da Silva (PT)<\/a>\u00a0e o\u00a0<a href=\"https:\/\/www.band.uol.com.br\/noticias\/jornal-da-band\/ultimas\/bolsonaro-se-diz-tranquilo-sobre-debate-contra-lula-na-band-tenho-que-mostrar-16548118\">presidente Jair Bolsonaro (PL)<\/a>\u00a0ficar\u00e3o frente a frente neste domingo (16), \u00e0s 20h.<\/p>\n<\/div>\n<\/div>\n<div class=\"text\">\n<p>O debate ser\u00e1 realizado por um pool formado pelo Grupo Bandeirantes com todos os seus ve\u00edculos: os canais Band, BandNews TV, Agromais, Empreender e Terraviva, as r\u00e1dios Bandeirantes e BandNews FM, al\u00e9m da TV Cultura, Folha de S\u00e3o Paulo e UOL.<\/p>\n<div>\n<p>Uma parceria com Google e Youtube vai ajudar a ampliar o alcance do programa nas redes. O sinal do debate ser\u00e1 retransmitido ainda pelo canal CNN Brasil e por centenas de r\u00e1dios e TVs p\u00fablicas espalhadas pelo pa\u00eds.<\/p>\n<\/div>\n<div>\n<p>A media\u00e7\u00e3o ser\u00e1 feita por jornalistas da Band nos dois primeiros blocos e por jornalistas do pool no \u00faltimo bloco. Mais uma vez, o debate ser\u00e1 essencial para o eleitor conhecer melhor as propostas de cada candidato e decidir que n\u00famero ir\u00e1 apertar nas urnas no dia 30 de outubro.<\/p>\n<\/div>\n<div>\n<p>O formato do debate vai garantir v\u00e1rios confrontos diretos entre Lula e Bolsonaro. Quem responde dever\u00e1 controlar o tempo dividido entre resposta e tr\u00e9plica.<\/p>\n<\/div>\n<div>\n<p>&#8220;As regras aprovadas s\u00e3o muito boas, flex\u00edveis, elas dar\u00e3o aos candidatos todas as condi\u00e7\u00f5es e tempos suficientes para que eles expressem suas opini\u00f5es, mostrem seus estilos e seus programas. Na verdade, eles ocupar\u00e3o cerca de 80% desse debate perguntando, respondendo, replicando ou treplicando\u201d, adianta Fernando Mitre, diretor nacional de Jornalismo da Band.<\/p>\n<\/div>\n<div>\n<p>No primeiro bloco os candidatos, por ordem de sorteio, ter\u00e3o um minuto e meio para responder a uma pergunta feita por um dos mediadores do debate. Bolsonaro ser\u00e1 o primeiro a responder.<\/p>\n<\/div>\n<div>\n<p>Na sequ\u00eancia haver\u00e1 o primeiro confronto direito. Cada um ter\u00e1 15 minutos para administrar entre perguntas, repostas, r\u00e9plicas e tr\u00e9plicas. Lula abre o confronto.<\/p>\n<\/div>\n<div>\n<p>No segundo bloco, os candidatos responder\u00e3o perguntas de quatro jornalistas do pool formado por Band, TV Cultura, UOL e Folha de S\u00e3o Paulo. A resposta ter\u00e1 dura\u00e7\u00e3o de um minuto e meio. Os dois candidatos respondem as mesmas perguntas, em ordem definida por sorteio. N\u00e3o haver\u00e1 coment\u00e1rio e nem r\u00e9plica.<\/p>\n<p><em><strong>Not\u00edcias em Destaque<\/strong><\/em><\/p>\n<p>Com Band<\/p>\n<\/div>\n<\/div>\n","protected":false},"excerpt":{"rendered":"<p>A\u00a0Band\u00a0realiza o primeiro debate do segundo turno com candidatos que disputam a Presid\u00eancia da Rep\u00fablica. O ex-presidente\u00a0Luiz In\u00e1cio Lula da Silva (PT)\u00a0e o\u00a0presidente Jair Bolsonaro (PL)\u00a0ficar\u00e3o frente a frente neste domingo (16), \u00e0s 20h. O debate ser\u00e1 realizado por um pool formado pelo Grupo Bandeirantes com todos os seus ve\u00edculos: os canais Band, BandNews TV, Agromais, Empreender e Terraviva, as r\u00e1dios Bandeirantes e BandNews FM, al\u00e9m da TV Cultura, Folha de S\u00e3o Paulo e UOL. Uma parceria com Google e Youtube vai ajudar a ampliar o alcance do programa nas redes. O sinal do debate ser\u00e1 retransmitido ainda pelo canal CNN Brasil e por centenas de r\u00e1dios e TVs p\u00fablicas espalhadas pelo pa\u00eds. A media\u00e7\u00e3o ser\u00e1 feita por jornalistas da Band nos dois primeiros blocos e por jornalistas do pool no \u00faltimo bloco. Mais uma vez, o debate ser\u00e1 essencial para o eleitor conhecer melhor as propostas de cada candidato e decidir que n\u00famero ir\u00e1 apertar nas urnas no dia 30 de outubro. O formato do debate vai garantir v\u00e1rios confrontos diretos entre Lula e Bolsonaro. Quem responde dever\u00e1 controlar o tempo dividido entre resposta e tr\u00e9plica. &#8220;As regras aprovadas s\u00e3o muito boas, flex\u00edveis, elas dar\u00e3o aos candidatos todas as condi\u00e7\u00f5es e tempos suficientes para que eles expressem suas opini\u00f5es, mostrem seus estilos e seus programas. Na verdade, eles ocupar\u00e3o cerca de 80% desse debate perguntando, respondendo, replicando ou treplicando\u201d, adianta Fernando Mitre, diretor nacional de Jornalismo da Band. No primeiro bloco os candidatos, por ordem de sorteio, ter\u00e3o um minuto e meio para responder a uma pergunta feita por um dos mediadores do debate. Bolsonaro ser\u00e1 o primeiro a responder. Na sequ\u00eancia haver\u00e1 o primeiro confronto direito. Cada um ter\u00e1 15 minutos para administrar entre perguntas, repostas, r\u00e9plicas e tr\u00e9plicas. Lula abre o confronto. No segundo bloco, os candidatos responder\u00e3o perguntas de quatro jornalistas do pool formado por Band, TV Cultura, UOL e Folha de S\u00e3o Paulo. A resposta ter\u00e1 dura\u00e7\u00e3o de um minuto e meio. Os dois candidatos respondem as mesmas perguntas, em ordem definida por sorteio. N\u00e3o haver\u00e1 coment\u00e1rio e nem r\u00e9plica. Not\u00edcias em Destaque Com Band<\/p>\n","protected":false},"author":2,"featured_media":43368,"comment_status":"closed","ping_status":"open","sticky":false,"template":"","format":"standard","meta":{"_eb_attr":"","_jetpack_memberships_contains_paid_content":false,"footnotes":""},"categories":[12],"tags":[],"class_list":["post-43367","post","type-post","status-publish","format-standard","has-post-thumbnail","hentry","category-geral"],"yoast_head":"<!-- This site is optimized with the Yoast SEO plugin v26.5 - https:\/\/yoast.com\/wordpress\/plugins\/seo\/ -->\n<title>Band faz debate entre Lula e Bolsonaro neste domingo (16) com formato inovador - Not&iacute;cias em Destaque<\/title>\n<meta name=\"robots\" content=\"index, follow, max-snippet:-1, max-image-preview:large, max-video-preview:-1\" \/>\n<link rel=\"canonical\" href=\"https:\/\/noticiasemdestaque.com\/cd\/?p=43367\" \/>\n<meta property=\"og:locale\" content=\"pt_BR\" \/>\n<meta property=\"og:type\" content=\"article\" \/>\n<meta property=\"og:title\" content=\"Band faz debate entre Lula e Bolsonaro neste domingo (16) com formato inovador - Not&iacute;cias em Destaque\" \/>\n<meta property=\"og:description\" content=\"A\u00a0Band\u00a0realiza o primeiro debate do segundo turno com candidatos que disputam a Presid\u00eancia da Rep\u00fablica. O ex-presidente\u00a0Luiz In\u00e1cio Lula da Silva (PT)\u00a0e o\u00a0presidente Jair Bolsonaro (PL)\u00a0ficar\u00e3o frente a frente neste domingo (16), \u00e0s 20h. O debate ser\u00e1 realizado por um pool formado pelo Grupo Bandeirantes com todos os seus ve\u00edculos: os canais Band, BandNews TV, Agromais, Empreender e Terraviva, as r\u00e1dios Bandeirantes e BandNews FM, al\u00e9m da TV Cultura, Folha de S\u00e3o Paulo e UOL. Uma parceria com Google e Youtube vai ajudar a ampliar o alcance do programa nas redes. O sinal do debate ser\u00e1 retransmitido ainda pelo canal CNN Brasil e por centenas de r\u00e1dios e TVs p\u00fablicas espalhadas pelo pa\u00eds. A media\u00e7\u00e3o ser\u00e1 feita por jornalistas da Band nos dois primeiros blocos e por jornalistas do pool no \u00faltimo bloco. Mais uma vez, o debate ser\u00e1 essencial para o eleitor conhecer melhor as propostas de cada candidato e decidir que n\u00famero ir\u00e1 apertar nas urnas no dia 30 de outubro. O formato do debate vai garantir v\u00e1rios confrontos diretos entre Lula e Bolsonaro. Quem responde dever\u00e1 controlar o tempo dividido entre resposta e tr\u00e9plica. &#8220;As regras aprovadas s\u00e3o muito boas, flex\u00edveis, elas dar\u00e3o aos candidatos todas as condi\u00e7\u00f5es e tempos suficientes para que eles expressem suas opini\u00f5es, mostrem seus estilos e seus programas. Na verdade, eles ocupar\u00e3o cerca de 80% desse debate perguntando, respondendo, replicando ou treplicando\u201d, adianta Fernando Mitre, diretor nacional de Jornalismo da Band. No primeiro bloco os candidatos, por ordem de sorteio, ter\u00e3o um minuto e meio para responder a uma pergunta feita por um dos mediadores do debate. Bolsonaro ser\u00e1 o primeiro a responder. Na sequ\u00eancia haver\u00e1 o primeiro confronto direito. Cada um ter\u00e1 15 minutos para administrar entre perguntas, repostas, r\u00e9plicas e tr\u00e9plicas. Lula abre o confronto. No segundo bloco, os candidatos responder\u00e3o perguntas de quatro jornalistas do pool formado por Band, TV Cultura, UOL e Folha de S\u00e3o Paulo. A resposta ter\u00e1 dura\u00e7\u00e3o de um minuto e meio. Os dois candidatos respondem as mesmas perguntas, em ordem definida por sorteio. N\u00e3o haver\u00e1 coment\u00e1rio e nem r\u00e9plica. Not\u00edcias em Destaque Com Band\" \/>\n<meta property=\"og:url\" content=\"https:\/\/noticiasemdestaque.com\/cd\/?p=43367\" \/>\n<meta property=\"og:site_name\" content=\"Not&iacute;cias em Destaque\" \/>\n<meta property=\"article:published_time\" content=\"2022-10-16T14:41:17+00:00\" \/>\n<meta property=\"article:modified_time\" content=\"2022-10-16T14:41:47+00:00\" \/>\n<meta property=\"og:image\" content=\"https:\/\/noticiasemdestaque.com\/cd\/wp-content\/uploads\/2022\/10\/lula-bolsonaro.webp\" \/>\n\t<meta property=\"og:image:width\" content=\"984\" \/>\n\t<meta property=\"og:image:height\" content=\"533\" \/>\n\t<meta property=\"og:image:type\" content=\"image\/webp\" \/>\n<meta name=\"author\" content=\"Not\u00edcias em Destaque\" \/>\n<meta name=\"twitter:card\" content=\"summary_large_image\" \/>\n<meta name=\"twitter:label1\" content=\"Escrito por\" \/>\n\t<meta name=\"twitter:data1\" content=\"Not\u00edcias em Destaque\" \/>\n\t<meta name=\"twitter:label2\" content=\"Est. tempo de leitura\" \/>\n\t<meta name=\"twitter:data2\" content=\"3 minutos\" \/>\n<script type=\"application\/ld+json\" class=\"yoast-schema-graph\">{\"@context\":\"https:\/\/schema.org\",\"@graph\":[{\"@type\":\"Article\",\"@id\":\"https:\/\/noticiasemdestaque.com\/cd\/?p=43367#article\",\"isPartOf\":{\"@id\":\"https:\/\/noticiasemdestaque.com\/cd\/?p=43367\"},\"author\":{\"name\":\"Not\u00edcias em Destaque\",\"@id\":\"https:\/\/noticiasemdestaque.com\/cd\/#\/schema\/person\/47f7d4f55eec17c6b2ca036c5500f6ce\"},\"headline\":\"Band faz debate entre Lula e Bolsonaro neste domingo (16) com formato inovador\",\"datePublished\":\"2022-10-16T14:41:17+00:00\",\"dateModified\":\"2022-10-16T14:41:47+00:00\",\"mainEntityOfPage\":{\"@id\":\"https:\/\/noticiasemdestaque.com\/cd\/?p=43367\"},\"wordCount\":396,\"publisher\":{\"@id\":\"https:\/\/noticiasemdestaque.com\/cd\/#organization\"},\"image\":{\"@id\":\"https:\/\/noticiasemdestaque.com\/cd\/?p=43367#primaryimage\"},\"thumbnailUrl\":\"https:\/\/noticiasemdestaque.com\/cd\/wp-content\/uploads\/2022\/10\/lula-bolsonaro.webp\",\"articleSection\":[\"Geral\"],\"inLanguage\":\"pt-BR\"},{\"@type\":\"WebPage\",\"@id\":\"https:\/\/noticiasemdestaque.com\/cd\/?p=43367\",\"url\":\"https:\/\/noticiasemdestaque.com\/cd\/?p=43367\",\"name\":\"Band faz debate entre Lula e Bolsonaro neste domingo (16) com formato inovador - Not&iacute;cias em Destaque\",\"isPartOf\":{\"@id\":\"https:\/\/noticiasemdestaque.com\/cd\/#website\"},\"primaryImageOfPage\":{\"@id\":\"https:\/\/noticiasemdestaque.com\/cd\/?p=43367#primaryimage\"},\"image\":{\"@id\":\"https:\/\/noticiasemdestaque.com\/cd\/?p=43367#primaryimage\"},\"thumbnailUrl\":\"https:\/\/noticiasemdestaque.com\/cd\/wp-content\/uploads\/2022\/10\/lula-bolsonaro.webp\",\"datePublished\":\"2022-10-16T14:41:17+00:00\",\"dateModified\":\"2022-10-16T14:41:47+00:00\",\"breadcrumb\":{\"@id\":\"https:\/\/noticiasemdestaque.com\/cd\/?p=43367#breadcrumb\"},\"inLanguage\":\"pt-BR\",\"potentialAction\":[{\"@type\":\"ReadAction\",\"target\":[\"https:\/\/noticiasemdestaque.com\/cd\/?p=43367\"]}]},{\"@type\":\"ImageObject\",\"inLanguage\":\"pt-BR\",\"@id\":\"https:\/\/noticiasemdestaque.com\/cd\/?p=43367#primaryimage\",\"url\":\"https:\/\/noticiasemdestaque.com\/cd\/wp-content\/uploads\/2022\/10\/lula-bolsonaro.webp\",\"contentUrl\":\"https:\/\/noticiasemdestaque.com\/cd\/wp-content\/uploads\/2022\/10\/lula-bolsonaro.webp\",\"width\":984,\"height\":533},{\"@type\":\"BreadcrumbList\",\"@id\":\"https:\/\/noticiasemdestaque.com\/cd\/?p=43367#breadcrumb\",\"itemListElement\":[{\"@type\":\"ListItem\",\"position\":1,\"name\":\"In\u00edcio\",\"item\":\"https:\/\/noticiasemdestaque.com\/cd\/\"},{\"@type\":\"ListItem\",\"position\":2,\"name\":\"Band faz debate entre Lula e Bolsonaro neste domingo (16) com formato inovador\"}]},{\"@type\":\"WebSite\",\"@id\":\"https:\/\/noticiasemdestaque.com\/cd\/#website\",\"url\":\"https:\/\/noticiasemdestaque.com\/cd\/\",\"name\":\"Not&iacute;cias em Destaque\",\"description\":\"\",\"publisher\":{\"@id\":\"https:\/\/noticiasemdestaque.com\/cd\/#organization\"},\"potentialAction\":[{\"@type\":\"SearchAction\",\"target\":{\"@type\":\"EntryPoint\",\"urlTemplate\":\"https:\/\/noticiasemdestaque.com\/cd\/?s={search_term_string}\"},\"query-input\":{\"@type\":\"PropertyValueSpecification\",\"valueRequired\":true,\"valueName\":\"search_term_string\"}}],\"inLanguage\":\"pt-BR\"},{\"@type\":\"Organization\",\"@id\":\"https:\/\/noticiasemdestaque.com\/cd\/#organization\",\"name\":\"Not\u00edcias em Destaque\",\"url\":\"https:\/\/noticiasemdestaque.com\/cd\/\",\"logo\":{\"@type\":\"ImageObject\",\"inLanguage\":\"pt-BR\",\"@id\":\"https:\/\/noticiasemdestaque.com\/cd\/#\/schema\/logo\/image\/\",\"url\":\"https:\/\/noticiasemdestaque.com\/cd\/wp-content\/uploads\/2022\/05\/imagem-base-noticiasemdestaque.png\",\"contentUrl\":\"https:\/\/noticiasemdestaque.com\/cd\/wp-content\/uploads\/2022\/05\/imagem-base-noticiasemdestaque.png\",\"width\":1200,\"height\":630,\"caption\":\"Not\u00edcias em Destaque\"},\"image\":{\"@id\":\"https:\/\/noticiasemdestaque.com\/cd\/#\/schema\/logo\/image\/\"}},{\"@type\":\"Person\",\"@id\":\"https:\/\/noticiasemdestaque.com\/cd\/#\/schema\/person\/47f7d4f55eec17c6b2ca036c5500f6ce\",\"name\":\"Not\u00edcias em Destaque\",\"url\":\"https:\/\/noticiasemdestaque.com\/cd\/?author=2\"}]}<\/script>\n<!-- \/ Yoast SEO plugin. -->","yoast_head_json":{"title":"Band faz debate entre Lula e Bolsonaro neste domingo (16) com formato inovador - Not&iacute;cias em Destaque","robots":{"index":"index","follow":"follow","max-snippet":"max-snippet:-1","max-image-preview":"max-image-preview:large","max-video-preview":"max-video-preview:-1"},"canonical":"https:\/\/noticiasemdestaque.com\/cd\/?p=43367","og_locale":"pt_BR","og_type":"article","og_title":"Band faz debate entre Lula e Bolsonaro neste domingo (16) com formato inovador - Not&iacute;cias em Destaque","og_description":"A\u00a0Band\u00a0realiza o primeiro debate do segundo turno com candidatos que disputam a Presid\u00eancia da Rep\u00fablica. O ex-presidente\u00a0Luiz In\u00e1cio Lula da Silva (PT)\u00a0e o\u00a0presidente Jair Bolsonaro (PL)\u00a0ficar\u00e3o frente a frente neste domingo (16), \u00e0s 20h. O debate ser\u00e1 realizado por um pool formado pelo Grupo Bandeirantes com todos os seus ve\u00edculos: os canais Band, BandNews TV, Agromais, Empreender e Terraviva, as r\u00e1dios Bandeirantes e BandNews FM, al\u00e9m da TV Cultura, Folha de S\u00e3o Paulo e UOL. Uma parceria com Google e Youtube vai ajudar a ampliar o alcance do programa nas redes. O sinal do debate ser\u00e1 retransmitido ainda pelo canal CNN Brasil e por centenas de r\u00e1dios e TVs p\u00fablicas espalhadas pelo pa\u00eds. A media\u00e7\u00e3o ser\u00e1 feita por jornalistas da Band nos dois primeiros blocos e por jornalistas do pool no \u00faltimo bloco. Mais uma vez, o debate ser\u00e1 essencial para o eleitor conhecer melhor as propostas de cada candidato e decidir que n\u00famero ir\u00e1 apertar nas urnas no dia 30 de outubro. O formato do debate vai garantir v\u00e1rios confrontos diretos entre Lula e Bolsonaro. Quem responde dever\u00e1 controlar o tempo dividido entre resposta e tr\u00e9plica. &#8220;As regras aprovadas s\u00e3o muito boas, flex\u00edveis, elas dar\u00e3o aos candidatos todas as condi\u00e7\u00f5es e tempos suficientes para que eles expressem suas opini\u00f5es, mostrem seus estilos e seus programas. Na verdade, eles ocupar\u00e3o cerca de 80% desse debate perguntando, respondendo, replicando ou treplicando\u201d, adianta Fernando Mitre, diretor nacional de Jornalismo da Band. No primeiro bloco os candidatos, por ordem de sorteio, ter\u00e3o um minuto e meio para responder a uma pergunta feita por um dos mediadores do debate. Bolsonaro ser\u00e1 o primeiro a responder. Na sequ\u00eancia haver\u00e1 o primeiro confronto direito. Cada um ter\u00e1 15 minutos para administrar entre perguntas, repostas, r\u00e9plicas e tr\u00e9plicas. Lula abre o confronto. No segundo bloco, os candidatos responder\u00e3o perguntas de quatro jornalistas do pool formado por Band, TV Cultura, UOL e Folha de S\u00e3o Paulo. A resposta ter\u00e1 dura\u00e7\u00e3o de um minuto e meio. Os dois candidatos respondem as mesmas perguntas, em ordem definida por sorteio. N\u00e3o haver\u00e1 coment\u00e1rio e nem r\u00e9plica. Not\u00edcias em Destaque Com Band","og_url":"https:\/\/noticiasemdestaque.com\/cd\/?p=43367","og_site_name":"Not&iacute;cias em Destaque","article_published_time":"2022-10-16T14:41:17+00:00","article_modified_time":"2022-10-16T14:41:47+00:00","og_image":[{"width":984,"height":533,"url":"https:\/\/noticiasemdestaque.com\/cd\/wp-content\/uploads\/2022\/10\/lula-bolsonaro.webp","type":"image\/webp"}],"author":"Not\u00edcias em Destaque","twitter_card":"summary_large_image","twitter_misc":{"Escrito por":"Not\u00edcias em Destaque","Est. tempo de leitura":"3 minutos"},"schema":{"@context":"https:\/\/schema.org","@graph":[{"@type":"Article","@id":"https:\/\/noticiasemdestaque.com\/cd\/?p=43367#article","isPartOf":{"@id":"https:\/\/noticiasemdestaque.com\/cd\/?p=43367"},"author":{"name":"Not\u00edcias em Destaque","@id":"https:\/\/noticiasemdestaque.com\/cd\/#\/schema\/person\/47f7d4f55eec17c6b2ca036c5500f6ce"},"headline":"Band faz debate entre Lula e Bolsonaro neste domingo (16) com formato inovador","datePublished":"2022-10-16T14:41:17+00:00","dateModified":"2022-10-16T14:41:47+00:00","mainEntityOfPage":{"@id":"https:\/\/noticiasemdestaque.com\/cd\/?p=43367"},"wordCount":396,"publisher":{"@id":"https:\/\/noticiasemdestaque.com\/cd\/#organization"},"image":{"@id":"https:\/\/noticiasemdestaque.com\/cd\/?p=43367#primaryimage"},"thumbnailUrl":"https:\/\/noticiasemdestaque.com\/cd\/wp-content\/uploads\/2022\/10\/lula-bolsonaro.webp","articleSection":["Geral"],"inLanguage":"pt-BR"},{"@type":"WebPage","@id":"https:\/\/noticiasemdestaque.com\/cd\/?p=43367","url":"https:\/\/noticiasemdestaque.com\/cd\/?p=43367","name":"Band faz debate entre Lula e Bolsonaro neste domingo (16) com formato inovador - Not&iacute;cias em Destaque","isPartOf":{"@id":"https:\/\/noticiasemdestaque.com\/cd\/#website"},"primaryImageOfPage":{"@id":"https:\/\/noticiasemdestaque.com\/cd\/?p=43367#primaryimage"},"image":{"@id":"https:\/\/noticiasemdestaque.com\/cd\/?p=43367#primaryimage"},"thumbnailUrl":"https:\/\/noticiasemdestaque.com\/cd\/wp-content\/uploads\/2022\/10\/lula-bolsonaro.webp","datePublished":"2022-10-16T14:41:17+00:00","dateModified":"2022-10-16T14:41:47+00:00","breadcrumb":{"@id":"https:\/\/noticiasemdestaque.com\/cd\/?p=43367#breadcrumb"},"inLanguage":"pt-BR","potentialAction":[{"@type":"ReadAction","target":["https:\/\/noticiasemdestaque.com\/cd\/?p=43367"]}]},{"@type":"ImageObject","inLanguage":"pt-BR","@id":"https:\/\/noticiasemdestaque.com\/cd\/?p=43367#primaryimage","url":"https:\/\/noticiasemdestaque.com\/cd\/wp-content\/uploads\/2022\/10\/lula-bolsonaro.webp","contentUrl":"https:\/\/noticiasemdestaque.com\/cd\/wp-content\/uploads\/2022\/10\/lula-bolsonaro.webp","width":984,"height":533},{"@type":"BreadcrumbList","@id":"https:\/\/noticiasemdestaque.com\/cd\/?p=43367#breadcrumb","itemListElement":[{"@type":"ListItem","position":1,"name":"In\u00edcio","item":"https:\/\/noticiasemdestaque.com\/cd\/"},{"@type":"ListItem","position":2,"name":"Band faz debate entre Lula e Bolsonaro neste domingo (16) com formato inovador"}]},{"@type":"WebSite","@id":"https:\/\/noticiasemdestaque.com\/cd\/#website","url":"https:\/\/noticiasemdestaque.com\/cd\/","name":"Not&iacute;cias em Destaque","description":"","publisher":{"@id":"https:\/\/noticiasemdestaque.com\/cd\/#organization"},"potentialAction":[{"@type":"SearchAction","target":{"@type":"EntryPoint","urlTemplate":"https:\/\/noticiasemdestaque.com\/cd\/?s={search_term_string}"},"query-input":{"@type":"PropertyValueSpecification","valueRequired":true,"valueName":"search_term_string"}}],"inLanguage":"pt-BR"},{"@type":"Organization","@id":"https:\/\/noticiasemdestaque.com\/cd\/#organization","name":"Not\u00edcias em Destaque","url":"https:\/\/noticiasemdestaque.com\/cd\/","logo":{"@type":"ImageObject","inLanguage":"pt-BR","@id":"https:\/\/noticiasemdestaque.com\/cd\/#\/schema\/logo\/image\/","url":"https:\/\/noticiasemdestaque.com\/cd\/wp-content\/uploads\/2022\/05\/imagem-base-noticiasemdestaque.png","contentUrl":"https:\/\/noticiasemdestaque.com\/cd\/wp-content\/uploads\/2022\/05\/imagem-base-noticiasemdestaque.png","width":1200,"height":630,"caption":"Not\u00edcias em Destaque"},"image":{"@id":"https:\/\/noticiasemdestaque.com\/cd\/#\/schema\/logo\/image\/"}},{"@type":"Person","@id":"https:\/\/noticiasemdestaque.com\/cd\/#\/schema\/person\/47f7d4f55eec17c6b2ca036c5500f6ce","name":"Not\u00edcias em Destaque","url":"https:\/\/noticiasemdestaque.com\/cd\/?author=2"}]}},"jetpack_featured_media_url":"https:\/\/noticiasemdestaque.com\/cd\/wp-content\/uploads\/2022\/10\/lula-bolsonaro.webp","jetpack_sharing_enabled":true,"_links":{"self":[{"href":"https:\/\/noticiasemdestaque.com\/cd\/index.php?rest_route=\/wp\/v2\/posts\/43367","targetHints":{"allow":["GET"]}}],"collection":[{"href":"https:\/\/noticiasemdestaque.com\/cd\/index.php?rest_route=\/wp\/v2\/posts"}],"about":[{"href":"https:\/\/noticiasemdestaque.com\/cd\/index.php?rest_route=\/wp\/v2\/types\/post"}],"author":[{"embeddable":true,"href":"https:\/\/noticiasemdestaque.com\/cd\/index.php?rest_route=\/wp\/v2\/users\/2"}],"replies":[{"embeddable":true,"href":"https:\/\/noticiasemdestaque.com\/cd\/index.php?rest_route=%2Fwp%2Fv2%2Fcomments&post=43367"}],"version-history":[{"count":2,"href":"https:\/\/noticiasemdestaque.com\/cd\/index.php?rest_route=\/wp\/v2\/posts\/43367\/revisions"}],"predecessor-version":[{"id":43370,"href":"https:\/\/noticiasemdestaque.com\/cd\/index.php?rest_route=\/wp\/v2\/posts\/43367\/revisions\/43370"}],"wp:featuredmedia":[{"embeddable":true,"href":"https:\/\/noticiasemdestaque.com\/cd\/index.php?rest_route=\/wp\/v2\/media\/43368"}],"wp:attachment":[{"href":"https:\/\/noticiasemdestaque.com\/cd\/index.php?rest_route=%2Fwp%2Fv2%2Fmedia&parent=43367"}],"wp:term":[{"taxonomy":"category","embeddable":true,"href":"https:\/\/noticiasemdestaque.com\/cd\/index.php?rest_route=%2Fwp%2Fv2%2Fcategories&post=43367"},{"taxonomy":"post_tag","embeddable":true,"href":"https:\/\/noticiasemdestaque.com\/cd\/index.php?rest_route=%2Fwp%2Fv2%2Ftags&post=43367"}],"curies":[{"name":"wp","href":"https:\/\/api.w.org\/{rel}","templated":true}]}}