{"id":43361,"date":"2022-10-15T13:50:21","date_gmt":"2022-10-15T16:50:21","guid":{"rendered":"https:\/\/noticiasemdestaque.com\/cd\/?p=43361"},"modified":"2022-10-15T13:50:21","modified_gmt":"2022-10-15T16:50:21","slug":"com-final-proxima-flamengo-recebe-o-atletico-mg-com-time-alternativo","status":"publish","type":"post","link":"https:\/\/noticiasemdestaque.com\/cd\/?p=43361","title":{"rendered":"Com final pr\u00f3xima, Flamengo recebe o Atl\u00e9tico-MG com time alternativo"},"content":{"rendered":"<p><a href=\"https:\/\/noticiasemdestaque.com\/cd\/wp-content\/uploads\/2022\/10\/coisas-pra-ajeitar-24.webp\"><img fetchpriority=\"high\" decoding=\"async\" class=\"alignnone  wp-image-43362\" src=\"https:\/\/noticiasemdestaque.com\/cd\/wp-content\/uploads\/2022\/10\/coisas-pra-ajeitar-24-300x169.webp\" alt=\"\" width=\"854\" height=\"481\" srcset=\"https:\/\/noticiasemdestaque.com\/cd\/wp-content\/uploads\/2022\/10\/coisas-pra-ajeitar-24-300x169.webp 300w, https:\/\/noticiasemdestaque.com\/cd\/wp-content\/uploads\/2022\/10\/coisas-pra-ajeitar-24-768x432.webp 768w, https:\/\/noticiasemdestaque.com\/cd\/wp-content\/uploads\/2022\/10\/coisas-pra-ajeitar-24-18x10.webp 18w, https:\/\/noticiasemdestaque.com\/cd\/wp-content\/uploads\/2022\/10\/coisas-pra-ajeitar-24.webp 800w\" sizes=\"(max-width: 854px) 100vw, 854px\" \/><\/a><\/p>\n<p>As equipes de Flamengo e Atl\u00e9tico-MG se enfrentam nesta noite de s\u00e1bado (15), em partida v\u00e1lida pela 32\u00aa rodada do Campeonato Brasileiro, no Maracan\u00e3. Mas, apesar da for\u00e7a do Galo Mineiro, o time do t\u00e9cnico Dorival J\u00fanior deve poupar sua equipe titular para o jogo.<\/p>\n<p>Na 4\u00aa coloca\u00e7\u00e3o da tabela, praticamente sem chances de alcan\u00e7ar o l\u00edder Palmeiras e vaga garantida em zona de Libertadores para o ano que vem, o Flamengo n\u00e3o tem pretens\u00e3o de valorizar o Brasileir\u00e3o. Mas apenas pelo sucesso que o clube acumulou nas competi\u00e7\u00f5es mata-mata, alcan\u00e7ando finais de Libertadores e Copa do Brasil.<\/p>\n<p>No torneio nacional, a equipe empatou em 0 a 0 com o Corinthians na Neo Qu\u00edmica Arena, nesta \u00faltima quarta-feira (12). O jogo de volta acontece justamente uma semana depois, nesta pr\u00f3xima quarta (19). Portanto, poupar Gabriel Barbosa, Pedro, Arrascaeta, \u00c9verton Ribeiro e outros ser\u00e1 importante para manter o condicionamento f\u00edsico do grupo para a decisiva no Maracan\u00e3.<\/p>\n<p>Por outro lado, a hist\u00f3ria do Atl\u00e9tico-MG na temporada n\u00e3o possui nenhum sucesso em torneios mata-mata. Eliminado da Copa do Brasil pelo pr\u00f3prio Flamengo e da Copa Libertadores, pelo Palmeiras, o Galo tamb\u00e9m n\u00e3o viveu bons momentos no Brasileir\u00e3o e decepcionou muitos torcedores entusiasmados.<\/p>\n<p>Agora no comando t\u00e9cnico do treinador Cuca, o clube mineiro busca se reerguer na temporada, ap\u00f3s o baque nas outros competi\u00e7\u00f5es. A meta \u00e9 conquistar vaga na Libertadores do ano que vem, a qual ainda n\u00e3o est\u00e1 confirmada por estar na 7\u00aa coloca\u00e7\u00e3o do campeonato. Apesar disso, \u00e9 prov\u00e1vel que consiga, por conta do aumento esperado de vagas ap\u00f3s as finais dos torneios mata-mata.<\/p>\n<p>Com isso, a partida n\u00e3o ter\u00e1 a mesmo grau de import\u00e2ncia para as equipes, visto que o Atl\u00e9tico ainda luta por algo, enquanto o Flamengo, n\u00e3o. Mesmo assim, uma vit\u00f3ria Rubro-Negra daria mais confian\u00e7a aos torcedores e traria uma atmosfera mais positiva para quarta.<\/p>\n<p><strong>Noticias em Destaque<\/strong><\/p>\n<p style=\"text-align: right;\"><em>Fonte: Leonardo Abrantes \u2013 MaisPB<\/em><\/p>\n","protected":false},"excerpt":{"rendered":"<p>As equipes de Flamengo e Atl\u00e9tico-MG se enfrentam nesta noite de s\u00e1bado (15), em partida v\u00e1lida pela 32\u00aa rodada do Campeonato Brasileiro, no Maracan\u00e3. Mas, apesar da for\u00e7a do Galo Mineiro, o time do t\u00e9cnico Dorival J\u00fanior deve poupar sua equipe titular para o jogo. Na 4\u00aa coloca\u00e7\u00e3o da tabela, praticamente sem chances de alcan\u00e7ar o l\u00edder Palmeiras e vaga garantida em zona de Libertadores para o ano que vem, o Flamengo n\u00e3o tem pretens\u00e3o de valorizar o Brasileir\u00e3o. Mas apenas pelo sucesso que o clube acumulou nas competi\u00e7\u00f5es mata-mata, alcan\u00e7ando finais de Libertadores e Copa do Brasil. No torneio nacional, a equipe empatou em 0 a 0 com o Corinthians na Neo Qu\u00edmica Arena, nesta \u00faltima quarta-feira (12). O jogo de volta acontece justamente uma semana depois, nesta pr\u00f3xima quarta (19). Portanto, poupar Gabriel Barbosa, Pedro, Arrascaeta, \u00c9verton Ribeiro e outros ser\u00e1 importante para manter o condicionamento f\u00edsico do grupo para a decisiva no Maracan\u00e3. Por outro lado, a hist\u00f3ria do Atl\u00e9tico-MG na temporada n\u00e3o possui nenhum sucesso em torneios mata-mata. Eliminado da Copa do Brasil pelo pr\u00f3prio Flamengo e da Copa Libertadores, pelo Palmeiras, o Galo tamb\u00e9m n\u00e3o viveu bons momentos no Brasileir\u00e3o e decepcionou muitos torcedores entusiasmados. Agora no comando t\u00e9cnico do treinador Cuca, o clube mineiro busca se reerguer na temporada, ap\u00f3s o baque nas outros competi\u00e7\u00f5es. A meta \u00e9 conquistar vaga na Libertadores do ano que vem, a qual ainda n\u00e3o est\u00e1 confirmada por estar na 7\u00aa coloca\u00e7\u00e3o do campeonato. Apesar disso, \u00e9 prov\u00e1vel que consiga, por conta do aumento esperado de vagas ap\u00f3s as finais dos torneios mata-mata. Com isso, a partida n\u00e3o ter\u00e1 a mesmo grau de import\u00e2ncia para as equipes, visto que o Atl\u00e9tico ainda luta por algo, enquanto o Flamengo, n\u00e3o. Mesmo assim, uma vit\u00f3ria Rubro-Negra daria mais confian\u00e7a aos torcedores e traria uma atmosfera mais positiva para quarta. Noticias em Destaque Fonte: Leonardo Abrantes \u2013 MaisPB<\/p>\n","protected":false},"author":2,"featured_media":43362,"comment_status":"closed","ping_status":"open","sticky":false,"template":"","format":"standard","meta":{"_eb_attr":"","_jetpack_memberships_contains_paid_content":false,"footnotes":""},"categories":[15],"tags":[],"class_list":["post-43361","post","type-post","status-publish","format-standard","has-post-thumbnail","hentry","category-esporte"],"yoast_head":"<!-- This site is optimized with the Yoast SEO plugin v26.5 - https:\/\/yoast.com\/wordpress\/plugins\/seo\/ -->\n<title>Com final pr\u00f3xima, Flamengo recebe o Atl\u00e9tico-MG com time alternativo - Not&iacute;cias em Destaque<\/title>\n<meta name=\"robots\" content=\"index, follow, max-snippet:-1, max-image-preview:large, max-video-preview:-1\" \/>\n<link rel=\"canonical\" href=\"https:\/\/noticiasemdestaque.com\/cd\/?p=43361\" \/>\n<meta property=\"og:locale\" content=\"pt_BR\" \/>\n<meta property=\"og:type\" content=\"article\" \/>\n<meta property=\"og:title\" content=\"Com final pr\u00f3xima, Flamengo recebe o Atl\u00e9tico-MG com time alternativo - Not&iacute;cias em Destaque\" \/>\n<meta property=\"og:description\" content=\"As equipes de Flamengo e Atl\u00e9tico-MG se enfrentam nesta noite de s\u00e1bado (15), em partida v\u00e1lida pela 32\u00aa rodada do Campeonato Brasileiro, no Maracan\u00e3. Mas, apesar da for\u00e7a do Galo Mineiro, o time do t\u00e9cnico Dorival J\u00fanior deve poupar sua equipe titular para o jogo. Na 4\u00aa coloca\u00e7\u00e3o da tabela, praticamente sem chances de alcan\u00e7ar o l\u00edder Palmeiras e vaga garantida em zona de Libertadores para o ano que vem, o Flamengo n\u00e3o tem pretens\u00e3o de valorizar o Brasileir\u00e3o. Mas apenas pelo sucesso que o clube acumulou nas competi\u00e7\u00f5es mata-mata, alcan\u00e7ando finais de Libertadores e Copa do Brasil. No torneio nacional, a equipe empatou em 0 a 0 com o Corinthians na Neo Qu\u00edmica Arena, nesta \u00faltima quarta-feira (12). O jogo de volta acontece justamente uma semana depois, nesta pr\u00f3xima quarta (19). Portanto, poupar Gabriel Barbosa, Pedro, Arrascaeta, \u00c9verton Ribeiro e outros ser\u00e1 importante para manter o condicionamento f\u00edsico do grupo para a decisiva no Maracan\u00e3. Por outro lado, a hist\u00f3ria do Atl\u00e9tico-MG na temporada n\u00e3o possui nenhum sucesso em torneios mata-mata. Eliminado da Copa do Brasil pelo pr\u00f3prio Flamengo e da Copa Libertadores, pelo Palmeiras, o Galo tamb\u00e9m n\u00e3o viveu bons momentos no Brasileir\u00e3o e decepcionou muitos torcedores entusiasmados. Agora no comando t\u00e9cnico do treinador Cuca, o clube mineiro busca se reerguer na temporada, ap\u00f3s o baque nas outros competi\u00e7\u00f5es. A meta \u00e9 conquistar vaga na Libertadores do ano que vem, a qual ainda n\u00e3o est\u00e1 confirmada por estar na 7\u00aa coloca\u00e7\u00e3o do campeonato. Apesar disso, \u00e9 prov\u00e1vel que consiga, por conta do aumento esperado de vagas ap\u00f3s as finais dos torneios mata-mata. Com isso, a partida n\u00e3o ter\u00e1 a mesmo grau de import\u00e2ncia para as equipes, visto que o Atl\u00e9tico ainda luta por algo, enquanto o Flamengo, n\u00e3o. Mesmo assim, uma vit\u00f3ria Rubro-Negra daria mais confian\u00e7a aos torcedores e traria uma atmosfera mais positiva para quarta. Noticias em Destaque Fonte: Leonardo Abrantes \u2013 MaisPB\" \/>\n<meta property=\"og:url\" content=\"https:\/\/noticiasemdestaque.com\/cd\/?p=43361\" \/>\n<meta property=\"og:site_name\" content=\"Not&iacute;cias em Destaque\" \/>\n<meta property=\"article:published_time\" content=\"2022-10-15T16:50:21+00:00\" \/>\n<meta property=\"og:image\" content=\"https:\/\/noticiasemdestaque.com\/cd\/wp-content\/uploads\/2022\/10\/coisas-pra-ajeitar-24.webp\" \/>\n\t<meta property=\"og:image:width\" content=\"800\" \/>\n\t<meta property=\"og:image:height\" content=\"450\" \/>\n\t<meta property=\"og:image:type\" content=\"image\/webp\" \/>\n<meta name=\"author\" content=\"Not\u00edcias em Destaque\" \/>\n<meta name=\"twitter:card\" content=\"summary_large_image\" \/>\n<meta name=\"twitter:label1\" content=\"Escrito por\" \/>\n\t<meta name=\"twitter:data1\" content=\"Not\u00edcias em Destaque\" \/>\n\t<meta name=\"twitter:label2\" content=\"Est. tempo de leitura\" \/>\n\t<meta name=\"twitter:data2\" content=\"2 minutos\" \/>\n<script type=\"application\/ld+json\" class=\"yoast-schema-graph\">{\"@context\":\"https:\/\/schema.org\",\"@graph\":[{\"@type\":\"Article\",\"@id\":\"https:\/\/noticiasemdestaque.com\/cd\/?p=43361#article\",\"isPartOf\":{\"@id\":\"https:\/\/noticiasemdestaque.com\/cd\/?p=43361\"},\"author\":{\"name\":\"Not\u00edcias em Destaque\",\"@id\":\"https:\/\/noticiasemdestaque.com\/cd\/#\/schema\/person\/4a81fb71f77579d059c3045891fa1786\"},\"headline\":\"Com final pr\u00f3xima, Flamengo recebe o Atl\u00e9tico-MG com time alternativo\",\"datePublished\":\"2022-10-15T16:50:21+00:00\",\"mainEntityOfPage\":{\"@id\":\"https:\/\/noticiasemdestaque.com\/cd\/?p=43361\"},\"wordCount\":354,\"publisher\":{\"@id\":\"https:\/\/noticiasemdestaque.com\/cd\/#organization\"},\"image\":{\"@id\":\"https:\/\/noticiasemdestaque.com\/cd\/?p=43361#primaryimage\"},\"thumbnailUrl\":\"https:\/\/noticiasemdestaque.com\/cd\/wp-content\/uploads\/2022\/10\/coisas-pra-ajeitar-24.webp\",\"articleSection\":[\"Esporte\"],\"inLanguage\":\"pt-BR\"},{\"@type\":\"WebPage\",\"@id\":\"https:\/\/noticiasemdestaque.com\/cd\/?p=43361\",\"url\":\"https:\/\/noticiasemdestaque.com\/cd\/?p=43361\",\"name\":\"Com final pr\u00f3xima, Flamengo recebe o Atl\u00e9tico-MG com time alternativo - Not&iacute;cias em Destaque\",\"isPartOf\":{\"@id\":\"https:\/\/noticiasemdestaque.com\/cd\/#website\"},\"primaryImageOfPage\":{\"@id\":\"https:\/\/noticiasemdestaque.com\/cd\/?p=43361#primaryimage\"},\"image\":{\"@id\":\"https:\/\/noticiasemdestaque.com\/cd\/?p=43361#primaryimage\"},\"thumbnailUrl\":\"https:\/\/noticiasemdestaque.com\/cd\/wp-content\/uploads\/2022\/10\/coisas-pra-ajeitar-24.webp\",\"datePublished\":\"2022-10-15T16:50:21+00:00\",\"breadcrumb\":{\"@id\":\"https:\/\/noticiasemdestaque.com\/cd\/?p=43361#breadcrumb\"},\"inLanguage\":\"pt-BR\",\"potentialAction\":[{\"@type\":\"ReadAction\",\"target\":[\"https:\/\/noticiasemdestaque.com\/cd\/?p=43361\"]}]},{\"@type\":\"ImageObject\",\"inLanguage\":\"pt-BR\",\"@id\":\"https:\/\/noticiasemdestaque.com\/cd\/?p=43361#primaryimage\",\"url\":\"https:\/\/noticiasemdestaque.com\/cd\/wp-content\/uploads\/2022\/10\/coisas-pra-ajeitar-24.webp\",\"contentUrl\":\"https:\/\/noticiasemdestaque.com\/cd\/wp-content\/uploads\/2022\/10\/coisas-pra-ajeitar-24.webp\",\"width\":800,\"height\":450},{\"@type\":\"BreadcrumbList\",\"@id\":\"https:\/\/noticiasemdestaque.com\/cd\/?p=43361#breadcrumb\",\"itemListElement\":[{\"@type\":\"ListItem\",\"position\":1,\"name\":\"In\u00edcio\",\"item\":\"https:\/\/noticiasemdestaque.com\/cd\/\"},{\"@type\":\"ListItem\",\"position\":2,\"name\":\"Com final pr\u00f3xima, Flamengo recebe o Atl\u00e9tico-MG com time alternativo\"}]},{\"@type\":\"WebSite\",\"@id\":\"https:\/\/noticiasemdestaque.com\/cd\/#website\",\"url\":\"https:\/\/noticiasemdestaque.com\/cd\/\",\"name\":\"Not&iacute;cias em Destaque\",\"description\":\"\",\"publisher\":{\"@id\":\"https:\/\/noticiasemdestaque.com\/cd\/#organization\"},\"potentialAction\":[{\"@type\":\"SearchAction\",\"target\":{\"@type\":\"EntryPoint\",\"urlTemplate\":\"https:\/\/noticiasemdestaque.com\/cd\/?s={search_term_string}\"},\"query-input\":{\"@type\":\"PropertyValueSpecification\",\"valueRequired\":true,\"valueName\":\"search_term_string\"}}],\"inLanguage\":\"pt-BR\"},{\"@type\":\"Organization\",\"@id\":\"https:\/\/noticiasemdestaque.com\/cd\/#organization\",\"name\":\"Not\u00edcias em Destaque\",\"url\":\"https:\/\/noticiasemdestaque.com\/cd\/\",\"logo\":{\"@type\":\"ImageObject\",\"inLanguage\":\"pt-BR\",\"@id\":\"https:\/\/noticiasemdestaque.com\/cd\/#\/schema\/logo\/image\/\",\"url\":\"https:\/\/noticiasemdestaque.com\/cd\/wp-content\/uploads\/2022\/05\/imagem-base-noticiasemdestaque.png\",\"contentUrl\":\"https:\/\/noticiasemdestaque.com\/cd\/wp-content\/uploads\/2022\/05\/imagem-base-noticiasemdestaque.png\",\"width\":1200,\"height\":630,\"caption\":\"Not\u00edcias em Destaque\"},\"image\":{\"@id\":\"https:\/\/noticiasemdestaque.com\/cd\/#\/schema\/logo\/image\/\"}},{\"@type\":\"Person\",\"@id\":\"https:\/\/noticiasemdestaque.com\/cd\/#\/schema\/person\/4a81fb71f77579d059c3045891fa1786\",\"name\":\"Not\u00edcias em Destaque\",\"url\":\"https:\/\/noticiasemdestaque.com\/cd\/?author=2\"}]}<\/script>\n<!-- \/ Yoast SEO plugin. -->","yoast_head_json":{"title":"Com final pr\u00f3xima, Flamengo recebe o Atl\u00e9tico-MG com time alternativo - Not&iacute;cias em Destaque","robots":{"index":"index","follow":"follow","max-snippet":"max-snippet:-1","max-image-preview":"max-image-preview:large","max-video-preview":"max-video-preview:-1"},"canonical":"https:\/\/noticiasemdestaque.com\/cd\/?p=43361","og_locale":"pt_BR","og_type":"article","og_title":"Com final pr\u00f3xima, Flamengo recebe o Atl\u00e9tico-MG com time alternativo - Not&iacute;cias em Destaque","og_description":"As equipes de Flamengo e Atl\u00e9tico-MG se enfrentam nesta noite de s\u00e1bado (15), em partida v\u00e1lida pela 32\u00aa rodada do Campeonato Brasileiro, no Maracan\u00e3. Mas, apesar da for\u00e7a do Galo Mineiro, o time do t\u00e9cnico Dorival J\u00fanior deve poupar sua equipe titular para o jogo. Na 4\u00aa coloca\u00e7\u00e3o da tabela, praticamente sem chances de alcan\u00e7ar o l\u00edder Palmeiras e vaga garantida em zona de Libertadores para o ano que vem, o Flamengo n\u00e3o tem pretens\u00e3o de valorizar o Brasileir\u00e3o. Mas apenas pelo sucesso que o clube acumulou nas competi\u00e7\u00f5es mata-mata, alcan\u00e7ando finais de Libertadores e Copa do Brasil. No torneio nacional, a equipe empatou em 0 a 0 com o Corinthians na Neo Qu\u00edmica Arena, nesta \u00faltima quarta-feira (12). O jogo de volta acontece justamente uma semana depois, nesta pr\u00f3xima quarta (19). Portanto, poupar Gabriel Barbosa, Pedro, Arrascaeta, \u00c9verton Ribeiro e outros ser\u00e1 importante para manter o condicionamento f\u00edsico do grupo para a decisiva no Maracan\u00e3. Por outro lado, a hist\u00f3ria do Atl\u00e9tico-MG na temporada n\u00e3o possui nenhum sucesso em torneios mata-mata. Eliminado da Copa do Brasil pelo pr\u00f3prio Flamengo e da Copa Libertadores, pelo Palmeiras, o Galo tamb\u00e9m n\u00e3o viveu bons momentos no Brasileir\u00e3o e decepcionou muitos torcedores entusiasmados. Agora no comando t\u00e9cnico do treinador Cuca, o clube mineiro busca se reerguer na temporada, ap\u00f3s o baque nas outros competi\u00e7\u00f5es. A meta \u00e9 conquistar vaga na Libertadores do ano que vem, a qual ainda n\u00e3o est\u00e1 confirmada por estar na 7\u00aa coloca\u00e7\u00e3o do campeonato. Apesar disso, \u00e9 prov\u00e1vel que consiga, por conta do aumento esperado de vagas ap\u00f3s as finais dos torneios mata-mata. Com isso, a partida n\u00e3o ter\u00e1 a mesmo grau de import\u00e2ncia para as equipes, visto que o Atl\u00e9tico ainda luta por algo, enquanto o Flamengo, n\u00e3o. Mesmo assim, uma vit\u00f3ria Rubro-Negra daria mais confian\u00e7a aos torcedores e traria uma atmosfera mais positiva para quarta. Noticias em Destaque Fonte: Leonardo Abrantes \u2013 MaisPB","og_url":"https:\/\/noticiasemdestaque.com\/cd\/?p=43361","og_site_name":"Not&iacute;cias em Destaque","article_published_time":"2022-10-15T16:50:21+00:00","og_image":[{"width":800,"height":450,"url":"https:\/\/noticiasemdestaque.com\/cd\/wp-content\/uploads\/2022\/10\/coisas-pra-ajeitar-24.webp","type":"image\/webp"}],"author":"Not\u00edcias em Destaque","twitter_card":"summary_large_image","twitter_misc":{"Escrito por":"Not\u00edcias em Destaque","Est. tempo de leitura":"2 minutos"},"schema":{"@context":"https:\/\/schema.org","@graph":[{"@type":"Article","@id":"https:\/\/noticiasemdestaque.com\/cd\/?p=43361#article","isPartOf":{"@id":"https:\/\/noticiasemdestaque.com\/cd\/?p=43361"},"author":{"name":"Not\u00edcias em Destaque","@id":"https:\/\/noticiasemdestaque.com\/cd\/#\/schema\/person\/4a81fb71f77579d059c3045891fa1786"},"headline":"Com final pr\u00f3xima, Flamengo recebe o Atl\u00e9tico-MG com time alternativo","datePublished":"2022-10-15T16:50:21+00:00","mainEntityOfPage":{"@id":"https:\/\/noticiasemdestaque.com\/cd\/?p=43361"},"wordCount":354,"publisher":{"@id":"https:\/\/noticiasemdestaque.com\/cd\/#organization"},"image":{"@id":"https:\/\/noticiasemdestaque.com\/cd\/?p=43361#primaryimage"},"thumbnailUrl":"https:\/\/noticiasemdestaque.com\/cd\/wp-content\/uploads\/2022\/10\/coisas-pra-ajeitar-24.webp","articleSection":["Esporte"],"inLanguage":"pt-BR"},{"@type":"WebPage","@id":"https:\/\/noticiasemdestaque.com\/cd\/?p=43361","url":"https:\/\/noticiasemdestaque.com\/cd\/?p=43361","name":"Com final pr\u00f3xima, Flamengo recebe o Atl\u00e9tico-MG com time alternativo - Not&iacute;cias em Destaque","isPartOf":{"@id":"https:\/\/noticiasemdestaque.com\/cd\/#website"},"primaryImageOfPage":{"@id":"https:\/\/noticiasemdestaque.com\/cd\/?p=43361#primaryimage"},"image":{"@id":"https:\/\/noticiasemdestaque.com\/cd\/?p=43361#primaryimage"},"thumbnailUrl":"https:\/\/noticiasemdestaque.com\/cd\/wp-content\/uploads\/2022\/10\/coisas-pra-ajeitar-24.webp","datePublished":"2022-10-15T16:50:21+00:00","breadcrumb":{"@id":"https:\/\/noticiasemdestaque.com\/cd\/?p=43361#breadcrumb"},"inLanguage":"pt-BR","potentialAction":[{"@type":"ReadAction","target":["https:\/\/noticiasemdestaque.com\/cd\/?p=43361"]}]},{"@type":"ImageObject","inLanguage":"pt-BR","@id":"https:\/\/noticiasemdestaque.com\/cd\/?p=43361#primaryimage","url":"https:\/\/noticiasemdestaque.com\/cd\/wp-content\/uploads\/2022\/10\/coisas-pra-ajeitar-24.webp","contentUrl":"https:\/\/noticiasemdestaque.com\/cd\/wp-content\/uploads\/2022\/10\/coisas-pra-ajeitar-24.webp","width":800,"height":450},{"@type":"BreadcrumbList","@id":"https:\/\/noticiasemdestaque.com\/cd\/?p=43361#breadcrumb","itemListElement":[{"@type":"ListItem","position":1,"name":"In\u00edcio","item":"https:\/\/noticiasemdestaque.com\/cd\/"},{"@type":"ListItem","position":2,"name":"Com final pr\u00f3xima, Flamengo recebe o Atl\u00e9tico-MG com time alternativo"}]},{"@type":"WebSite","@id":"https:\/\/noticiasemdestaque.com\/cd\/#website","url":"https:\/\/noticiasemdestaque.com\/cd\/","name":"Not&iacute;cias em Destaque","description":"","publisher":{"@id":"https:\/\/noticiasemdestaque.com\/cd\/#organization"},"potentialAction":[{"@type":"SearchAction","target":{"@type":"EntryPoint","urlTemplate":"https:\/\/noticiasemdestaque.com\/cd\/?s={search_term_string}"},"query-input":{"@type":"PropertyValueSpecification","valueRequired":true,"valueName":"search_term_string"}}],"inLanguage":"pt-BR"},{"@type":"Organization","@id":"https:\/\/noticiasemdestaque.com\/cd\/#organization","name":"Not\u00edcias em Destaque","url":"https:\/\/noticiasemdestaque.com\/cd\/","logo":{"@type":"ImageObject","inLanguage":"pt-BR","@id":"https:\/\/noticiasemdestaque.com\/cd\/#\/schema\/logo\/image\/","url":"https:\/\/noticiasemdestaque.com\/cd\/wp-content\/uploads\/2022\/05\/imagem-base-noticiasemdestaque.png","contentUrl":"https:\/\/noticiasemdestaque.com\/cd\/wp-content\/uploads\/2022\/05\/imagem-base-noticiasemdestaque.png","width":1200,"height":630,"caption":"Not\u00edcias em Destaque"},"image":{"@id":"https:\/\/noticiasemdestaque.com\/cd\/#\/schema\/logo\/image\/"}},{"@type":"Person","@id":"https:\/\/noticiasemdestaque.com\/cd\/#\/schema\/person\/4a81fb71f77579d059c3045891fa1786","name":"Not\u00edcias em Destaque","url":"https:\/\/noticiasemdestaque.com\/cd\/?author=2"}]}},"jetpack_featured_media_url":"https:\/\/noticiasemdestaque.com\/cd\/wp-content\/uploads\/2022\/10\/coisas-pra-ajeitar-24.webp","jetpack_sharing_enabled":true,"_links":{"self":[{"href":"https:\/\/noticiasemdestaque.com\/cd\/index.php?rest_route=\/wp\/v2\/posts\/43361","targetHints":{"allow":["GET"]}}],"collection":[{"href":"https:\/\/noticiasemdestaque.com\/cd\/index.php?rest_route=\/wp\/v2\/posts"}],"about":[{"href":"https:\/\/noticiasemdestaque.com\/cd\/index.php?rest_route=\/wp\/v2\/types\/post"}],"author":[{"embeddable":true,"href":"https:\/\/noticiasemdestaque.com\/cd\/index.php?rest_route=\/wp\/v2\/users\/2"}],"replies":[{"embeddable":true,"href":"https:\/\/noticiasemdestaque.com\/cd\/index.php?rest_route=%2Fwp%2Fv2%2Fcomments&post=43361"}],"version-history":[{"count":1,"href":"https:\/\/noticiasemdestaque.com\/cd\/index.php?rest_route=\/wp\/v2\/posts\/43361\/revisions"}],"predecessor-version":[{"id":43363,"href":"https:\/\/noticiasemdestaque.com\/cd\/index.php?rest_route=\/wp\/v2\/posts\/43361\/revisions\/43363"}],"wp:featuredmedia":[{"embeddable":true,"href":"https:\/\/noticiasemdestaque.com\/cd\/index.php?rest_route=\/wp\/v2\/media\/43362"}],"wp:attachment":[{"href":"https:\/\/noticiasemdestaque.com\/cd\/index.php?rest_route=%2Fwp%2Fv2%2Fmedia&parent=43361"}],"wp:term":[{"taxonomy":"category","embeddable":true,"href":"https:\/\/noticiasemdestaque.com\/cd\/index.php?rest_route=%2Fwp%2Fv2%2Fcategories&post=43361"},{"taxonomy":"post_tag","embeddable":true,"href":"https:\/\/noticiasemdestaque.com\/cd\/index.php?rest_route=%2Fwp%2Fv2%2Ftags&post=43361"}],"curies":[{"name":"wp","href":"https:\/\/api.w.org\/{rel}","templated":true}]}}