{"id":4336,"date":"2017-09-15T13:55:55","date_gmt":"2017-09-15T16:55:55","guid":{"rendered":"http:\/\/caririemdestaque.com\/cd\/?p=4336"},"modified":"2017-09-15T13:55:55","modified_gmt":"2017-09-15T16:55:55","slug":"prefeitura-de-sume-da-inicio-as-atividades-do-projeto-monica","status":"publish","type":"post","link":"https:\/\/noticiasemdestaque.com\/cd\/?p=4336","title":{"rendered":"Prefeitura de Sum\u00e9 d\u00e1 in\u00edcio \u00e0s atividades do Projeto M\u00f4nica"},"content":{"rendered":"<p><a href=\"http:\/\/caririemdestaque.com\/cd\/wp-content\/uploads\/2017\/09\/DSC_0499.jpg\"><img fetchpriority=\"high\" decoding=\"async\" class=\"alignleft wp-image-4339 size-medium\" src=\"http:\/\/caririemdestaque.com\/cd\/wp-content\/uploads\/2017\/09\/DSC_0499-300x200.jpg\" alt=\"\" width=\"300\" height=\"200\" srcset=\"https:\/\/noticiasemdestaque.com\/cd\/wp-content\/uploads\/2017\/09\/DSC_0499-300x200.jpg 300w, https:\/\/noticiasemdestaque.com\/cd\/wp-content\/uploads\/2017\/09\/DSC_0499-768x511.jpg 768w, https:\/\/noticiasemdestaque.com\/cd\/wp-content\/uploads\/2017\/09\/DSC_0499.jpg 1024w, https:\/\/noticiasemdestaque.com\/cd\/wp-content\/uploads\/2017\/09\/DSC_0499-480x320.jpg 480w\" sizes=\"(max-width: 300px) 100vw, 300px\" \/><\/a><\/p>\n<p>\u00c9den e a secret\u00e1ria de Assist\u00eancia Social, Tanniery L\u00eala, anunciaram oficialmente a abertura dos trabalhos na Casa, numa solenidade festiva que contou com a presen\u00e7a de dezenas de pessoas.<\/p>\n<p>O pr\u00e9dio onde funciona o projeto, no bairro do Alto Alegre, recebeu da Prefeitura de Sum\u00e9 total reforma em sua estrutura f\u00edsica.<\/p>\n<p>A Casa da M\u00f4nica foi implanta no munic\u00edpio em 1995 por um grupo de holandeses que viajaram para o Brasil para iniciar um trabalho volunt\u00e1rio voltado para crian\u00e7as de baixa renda. Uma das integrantes do grupo holand\u00eas e idealizadora do projeto, Monique Van der Post, faleceu antes de realizar a viagem ao Brasil.<\/p>\n<p>Familiares e amigos sensibilizados resolveram dar continuidade ao sonho de Monique, financiando assim um projeto que correspondesse \u00e0s expectativas da holandesa. Atrav\u00e9s do Padre Gabriel e do Padre Jo\u00e3o (ambos holandeses), o projeto foi implantado em Sum\u00e9 e em homenagem \u00e0 Monique, o trabalho recebeu o nome de \u201cProjeto M\u00f4nica\u201d.<\/p>\n<p>Durante 20 anos, centenas de crian\u00e7as, principalmente do Alto Alegre, recebiam aulas de refor\u00e7o, de recrea\u00e7\u00e3o, de reciclagem de papel para consumo pr\u00f3prio e material did\u00e1tico.<\/p>\n<p>N\u00e3o sendo mais poss\u00edvel ser financiado pelo grupo de holandeses, a Prefeitura de Sum\u00e9, atrav\u00e9s da Secretaria de Assist\u00eancia Social, assumiu a Casa para dar continuidade aos trabalhos desenvolvidos.<\/p>\n<p>\u201cEsta foi uma iniciativa que merece o nosso aplauso e o nosso apoio, precis\u00e1vamos dar continuidade a esse projeto e pretendemos fortalec\u00ea-lo. Come\u00e7ou com um grande exemplo atrav\u00e9s da iniciativa da sociedade civil e recebendo muitos volunt\u00e1rios durante todos esses anos, e assim queremos que ele continue, que ele tamb\u00e9m funcione com a contribui\u00e7\u00e3o dos cidad\u00e3os, a Casa est\u00e1 aberta tamb\u00e9m para aqueles que queiram dar a sua colabora\u00e7\u00e3o\u201d, disse \u00c9den.<\/p>\n<p><em><strong>Cariri em Destaque\u00a0<\/strong><\/em><\/p>\n<p>Com Ascom<\/p>\n","protected":false},"excerpt":{"rendered":"<p>\u00c9den e a secret\u00e1ria de Assist\u00eancia Social, Tanniery L\u00eala, anunciaram oficialmente a abertura dos trabalhos na Casa, numa solenidade festiva que contou com a presen\u00e7a de dezenas de pessoas. O pr\u00e9dio onde funciona o projeto, no bairro do Alto Alegre, recebeu da Prefeitura de Sum\u00e9 total reforma em sua estrutura f\u00edsica. A Casa da M\u00f4nica foi implanta no munic\u00edpio em 1995 por um grupo de holandeses que viajaram para o Brasil para iniciar um trabalho volunt\u00e1rio voltado para crian\u00e7as de baixa renda. Uma das integrantes do grupo holand\u00eas e idealizadora do projeto, Monique Van der Post, faleceu antes de realizar a viagem ao Brasil. Familiares e amigos sensibilizados resolveram dar continuidade ao sonho de Monique, financiando assim um projeto que correspondesse \u00e0s expectativas da holandesa. Atrav\u00e9s do Padre Gabriel e do Padre Jo\u00e3o (ambos holandeses), o projeto foi implantado em Sum\u00e9 e em homenagem \u00e0 Monique, o trabalho recebeu o nome de \u201cProjeto M\u00f4nica\u201d. Durante 20 anos, centenas de crian\u00e7as, principalmente do Alto Alegre, recebiam aulas de refor\u00e7o, de recrea\u00e7\u00e3o, de reciclagem de papel para consumo pr\u00f3prio e material did\u00e1tico. N\u00e3o sendo mais poss\u00edvel ser financiado pelo grupo de holandeses, a Prefeitura de Sum\u00e9, atrav\u00e9s da Secretaria de Assist\u00eancia Social, assumiu a Casa para dar continuidade aos trabalhos desenvolvidos. \u201cEsta foi uma iniciativa que merece o nosso aplauso e o nosso apoio, precis\u00e1vamos dar continuidade a esse projeto e pretendemos fortalec\u00ea-lo. Come\u00e7ou com um grande exemplo atrav\u00e9s da iniciativa da sociedade civil e recebendo muitos volunt\u00e1rios durante todos esses anos, e assim queremos que ele continue, que ele tamb\u00e9m funcione com a contribui\u00e7\u00e3o dos cidad\u00e3os, a Casa est\u00e1 aberta tamb\u00e9m para aqueles que queiram dar a sua colabora\u00e7\u00e3o\u201d, disse \u00c9den. Cariri em Destaque\u00a0 Com Ascom<\/p>\n","protected":false},"author":2,"featured_media":4338,"comment_status":"closed","ping_status":"open","sticky":false,"template":"","format":"standard","meta":{"_eb_attr":"","_jetpack_memberships_contains_paid_content":false,"footnotes":""},"categories":[3],"tags":[],"class_list":["post-4336","post","type-post","status-publish","format-standard","has-post-thumbnail","hentry","category-cidades"],"yoast_head":"<!-- This site is optimized with the Yoast SEO plugin v26.5 - https:\/\/yoast.com\/wordpress\/plugins\/seo\/ -->\n<title>Prefeitura de Sum\u00e9 d\u00e1 in\u00edcio \u00e0s atividades do Projeto M\u00f4nica - Not&iacute;cias em Destaque<\/title>\n<meta name=\"robots\" content=\"index, follow, max-snippet:-1, max-image-preview:large, max-video-preview:-1\" \/>\n<link rel=\"canonical\" href=\"https:\/\/noticiasemdestaque.com\/cd\/?p=4336\" \/>\n<meta property=\"og:locale\" content=\"pt_BR\" \/>\n<meta property=\"og:type\" content=\"article\" \/>\n<meta property=\"og:title\" content=\"Prefeitura de Sum\u00e9 d\u00e1 in\u00edcio \u00e0s atividades do Projeto M\u00f4nica - Not&iacute;cias em Destaque\" \/>\n<meta property=\"og:description\" content=\"\u00c9den e a secret\u00e1ria de Assist\u00eancia Social, Tanniery L\u00eala, anunciaram oficialmente a abertura dos trabalhos na Casa, numa solenidade festiva que contou com a presen\u00e7a de dezenas de pessoas. O pr\u00e9dio onde funciona o projeto, no bairro do Alto Alegre, recebeu da Prefeitura de Sum\u00e9 total reforma em sua estrutura f\u00edsica. A Casa da M\u00f4nica foi implanta no munic\u00edpio em 1995 por um grupo de holandeses que viajaram para o Brasil para iniciar um trabalho volunt\u00e1rio voltado para crian\u00e7as de baixa renda. Uma das integrantes do grupo holand\u00eas e idealizadora do projeto, Monique Van der Post, faleceu antes de realizar a viagem ao Brasil. Familiares e amigos sensibilizados resolveram dar continuidade ao sonho de Monique, financiando assim um projeto que correspondesse \u00e0s expectativas da holandesa. Atrav\u00e9s do Padre Gabriel e do Padre Jo\u00e3o (ambos holandeses), o projeto foi implantado em Sum\u00e9 e em homenagem \u00e0 Monique, o trabalho recebeu o nome de \u201cProjeto M\u00f4nica\u201d. Durante 20 anos, centenas de crian\u00e7as, principalmente do Alto Alegre, recebiam aulas de refor\u00e7o, de recrea\u00e7\u00e3o, de reciclagem de papel para consumo pr\u00f3prio e material did\u00e1tico. N\u00e3o sendo mais poss\u00edvel ser financiado pelo grupo de holandeses, a Prefeitura de Sum\u00e9, atrav\u00e9s da Secretaria de Assist\u00eancia Social, assumiu a Casa para dar continuidade aos trabalhos desenvolvidos. \u201cEsta foi uma iniciativa que merece o nosso aplauso e o nosso apoio, precis\u00e1vamos dar continuidade a esse projeto e pretendemos fortalec\u00ea-lo. Come\u00e7ou com um grande exemplo atrav\u00e9s da iniciativa da sociedade civil e recebendo muitos volunt\u00e1rios durante todos esses anos, e assim queremos que ele continue, que ele tamb\u00e9m funcione com a contribui\u00e7\u00e3o dos cidad\u00e3os, a Casa est\u00e1 aberta tamb\u00e9m para aqueles que queiram dar a sua colabora\u00e7\u00e3o\u201d, disse \u00c9den. Cariri em Destaque\u00a0 Com Ascom\" \/>\n<meta property=\"og:url\" content=\"https:\/\/noticiasemdestaque.com\/cd\/?p=4336\" \/>\n<meta property=\"og:site_name\" content=\"Not&iacute;cias em Destaque\" \/>\n<meta property=\"article:published_time\" content=\"2017-09-15T16:55:55+00:00\" \/>\n<meta property=\"og:image\" content=\"https:\/\/noticiasemdestaque.com\/cd\/wp-content\/uploads\/2017\/09\/DSC_0495.jpg\" \/>\n\t<meta property=\"og:image:width\" content=\"1024\" \/>\n\t<meta property=\"og:image:height\" content=\"681\" \/>\n\t<meta property=\"og:image:type\" content=\"image\/jpeg\" \/>\n<meta name=\"author\" content=\"Not\u00edcias em Destaque\" \/>\n<meta name=\"twitter:card\" content=\"summary_large_image\" \/>\n<meta name=\"twitter:label1\" content=\"Escrito por\" \/>\n\t<meta name=\"twitter:data1\" content=\"Not\u00edcias em Destaque\" \/>\n\t<meta name=\"twitter:label2\" content=\"Est. tempo de leitura\" \/>\n\t<meta name=\"twitter:data2\" content=\"2 minutos\" \/>\n<script type=\"application\/ld+json\" class=\"yoast-schema-graph\">{\"@context\":\"https:\/\/schema.org\",\"@graph\":[{\"@type\":\"Article\",\"@id\":\"https:\/\/noticiasemdestaque.com\/cd\/?p=4336#article\",\"isPartOf\":{\"@id\":\"https:\/\/noticiasemdestaque.com\/cd\/?p=4336\"},\"author\":{\"name\":\"Not\u00edcias em Destaque\",\"@id\":\"https:\/\/noticiasemdestaque.com\/cd\/#\/schema\/person\/21320b03a7e8bb90128938dafc9b908a\"},\"headline\":\"Prefeitura de Sum\u00e9 d\u00e1 in\u00edcio \u00e0s atividades do Projeto M\u00f4nica\",\"datePublished\":\"2017-09-15T16:55:55+00:00\",\"mainEntityOfPage\":{\"@id\":\"https:\/\/noticiasemdestaque.com\/cd\/?p=4336\"},\"wordCount\":327,\"publisher\":{\"@id\":\"https:\/\/noticiasemdestaque.com\/cd\/#organization\"},\"image\":{\"@id\":\"https:\/\/noticiasemdestaque.com\/cd\/?p=4336#primaryimage\"},\"thumbnailUrl\":\"https:\/\/noticiasemdestaque.com\/cd\/wp-content\/uploads\/2017\/09\/DSC_0495.jpg\",\"articleSection\":[\"Cidades\"],\"inLanguage\":\"pt-BR\"},{\"@type\":\"WebPage\",\"@id\":\"https:\/\/noticiasemdestaque.com\/cd\/?p=4336\",\"url\":\"https:\/\/noticiasemdestaque.com\/cd\/?p=4336\",\"name\":\"Prefeitura de Sum\u00e9 d\u00e1 in\u00edcio \u00e0s atividades do Projeto M\u00f4nica - Not&iacute;cias em Destaque\",\"isPartOf\":{\"@id\":\"https:\/\/noticiasemdestaque.com\/cd\/#website\"},\"primaryImageOfPage\":{\"@id\":\"https:\/\/noticiasemdestaque.com\/cd\/?p=4336#primaryimage\"},\"image\":{\"@id\":\"https:\/\/noticiasemdestaque.com\/cd\/?p=4336#primaryimage\"},\"thumbnailUrl\":\"https:\/\/noticiasemdestaque.com\/cd\/wp-content\/uploads\/2017\/09\/DSC_0495.jpg\",\"datePublished\":\"2017-09-15T16:55:55+00:00\",\"breadcrumb\":{\"@id\":\"https:\/\/noticiasemdestaque.com\/cd\/?p=4336#breadcrumb\"},\"inLanguage\":\"pt-BR\",\"potentialAction\":[{\"@type\":\"ReadAction\",\"target\":[\"https:\/\/noticiasemdestaque.com\/cd\/?p=4336\"]}]},{\"@type\":\"ImageObject\",\"inLanguage\":\"pt-BR\",\"@id\":\"https:\/\/noticiasemdestaque.com\/cd\/?p=4336#primaryimage\",\"url\":\"https:\/\/noticiasemdestaque.com\/cd\/wp-content\/uploads\/2017\/09\/DSC_0495.jpg\",\"contentUrl\":\"https:\/\/noticiasemdestaque.com\/cd\/wp-content\/uploads\/2017\/09\/DSC_0495.jpg\",\"width\":1024,\"height\":681,\"caption\":\"????????????????????????????????????\"},{\"@type\":\"BreadcrumbList\",\"@id\":\"https:\/\/noticiasemdestaque.com\/cd\/?p=4336#breadcrumb\",\"itemListElement\":[{\"@type\":\"ListItem\",\"position\":1,\"name\":\"In\u00edcio\",\"item\":\"https:\/\/noticiasemdestaque.com\/cd\/\"},{\"@type\":\"ListItem\",\"position\":2,\"name\":\"Prefeitura de Sum\u00e9 d\u00e1 in\u00edcio \u00e0s atividades do Projeto M\u00f4nica\"}]},{\"@type\":\"WebSite\",\"@id\":\"https:\/\/noticiasemdestaque.com\/cd\/#website\",\"url\":\"https:\/\/noticiasemdestaque.com\/cd\/\",\"name\":\"Not&iacute;cias em Destaque\",\"description\":\"\",\"publisher\":{\"@id\":\"https:\/\/noticiasemdestaque.com\/cd\/#organization\"},\"potentialAction\":[{\"@type\":\"SearchAction\",\"target\":{\"@type\":\"EntryPoint\",\"urlTemplate\":\"https:\/\/noticiasemdestaque.com\/cd\/?s={search_term_string}\"},\"query-input\":{\"@type\":\"PropertyValueSpecification\",\"valueRequired\":true,\"valueName\":\"search_term_string\"}}],\"inLanguage\":\"pt-BR\"},{\"@type\":\"Organization\",\"@id\":\"https:\/\/noticiasemdestaque.com\/cd\/#organization\",\"name\":\"Not\u00edcias em Destaque\",\"url\":\"https:\/\/noticiasemdestaque.com\/cd\/\",\"logo\":{\"@type\":\"ImageObject\",\"inLanguage\":\"pt-BR\",\"@id\":\"https:\/\/noticiasemdestaque.com\/cd\/#\/schema\/logo\/image\/\",\"url\":\"https:\/\/noticiasemdestaque.com\/cd\/wp-content\/uploads\/2022\/05\/imagem-base-noticiasemdestaque.png\",\"contentUrl\":\"https:\/\/noticiasemdestaque.com\/cd\/wp-content\/uploads\/2022\/05\/imagem-base-noticiasemdestaque.png\",\"width\":1200,\"height\":630,\"caption\":\"Not\u00edcias em Destaque\"},\"image\":{\"@id\":\"https:\/\/noticiasemdestaque.com\/cd\/#\/schema\/logo\/image\/\"}},{\"@type\":\"Person\",\"@id\":\"https:\/\/noticiasemdestaque.com\/cd\/#\/schema\/person\/21320b03a7e8bb90128938dafc9b908a\",\"name\":\"Not\u00edcias em Destaque\",\"url\":\"https:\/\/noticiasemdestaque.com\/cd\/?author=2\"}]}<\/script>\n<!-- \/ Yoast SEO plugin. -->","yoast_head_json":{"title":"Prefeitura de Sum\u00e9 d\u00e1 in\u00edcio \u00e0s atividades do Projeto M\u00f4nica - Not&iacute;cias em Destaque","robots":{"index":"index","follow":"follow","max-snippet":"max-snippet:-1","max-image-preview":"max-image-preview:large","max-video-preview":"max-video-preview:-1"},"canonical":"https:\/\/noticiasemdestaque.com\/cd\/?p=4336","og_locale":"pt_BR","og_type":"article","og_title":"Prefeitura de Sum\u00e9 d\u00e1 in\u00edcio \u00e0s atividades do Projeto M\u00f4nica - Not&iacute;cias em Destaque","og_description":"\u00c9den e a secret\u00e1ria de Assist\u00eancia Social, Tanniery L\u00eala, anunciaram oficialmente a abertura dos trabalhos na Casa, numa solenidade festiva que contou com a presen\u00e7a de dezenas de pessoas. O pr\u00e9dio onde funciona o projeto, no bairro do Alto Alegre, recebeu da Prefeitura de Sum\u00e9 total reforma em sua estrutura f\u00edsica. A Casa da M\u00f4nica foi implanta no munic\u00edpio em 1995 por um grupo de holandeses que viajaram para o Brasil para iniciar um trabalho volunt\u00e1rio voltado para crian\u00e7as de baixa renda. Uma das integrantes do grupo holand\u00eas e idealizadora do projeto, Monique Van der Post, faleceu antes de realizar a viagem ao Brasil. Familiares e amigos sensibilizados resolveram dar continuidade ao sonho de Monique, financiando assim um projeto que correspondesse \u00e0s expectativas da holandesa. Atrav\u00e9s do Padre Gabriel e do Padre Jo\u00e3o (ambos holandeses), o projeto foi implantado em Sum\u00e9 e em homenagem \u00e0 Monique, o trabalho recebeu o nome de \u201cProjeto M\u00f4nica\u201d. Durante 20 anos, centenas de crian\u00e7as, principalmente do Alto Alegre, recebiam aulas de refor\u00e7o, de recrea\u00e7\u00e3o, de reciclagem de papel para consumo pr\u00f3prio e material did\u00e1tico. N\u00e3o sendo mais poss\u00edvel ser financiado pelo grupo de holandeses, a Prefeitura de Sum\u00e9, atrav\u00e9s da Secretaria de Assist\u00eancia Social, assumiu a Casa para dar continuidade aos trabalhos desenvolvidos. \u201cEsta foi uma iniciativa que merece o nosso aplauso e o nosso apoio, precis\u00e1vamos dar continuidade a esse projeto e pretendemos fortalec\u00ea-lo. Come\u00e7ou com um grande exemplo atrav\u00e9s da iniciativa da sociedade civil e recebendo muitos volunt\u00e1rios durante todos esses anos, e assim queremos que ele continue, que ele tamb\u00e9m funcione com a contribui\u00e7\u00e3o dos cidad\u00e3os, a Casa est\u00e1 aberta tamb\u00e9m para aqueles que queiram dar a sua colabora\u00e7\u00e3o\u201d, disse \u00c9den. Cariri em Destaque\u00a0 Com Ascom","og_url":"https:\/\/noticiasemdestaque.com\/cd\/?p=4336","og_site_name":"Not&iacute;cias em Destaque","article_published_time":"2017-09-15T16:55:55+00:00","og_image":[{"width":1024,"height":681,"url":"https:\/\/noticiasemdestaque.com\/cd\/wp-content\/uploads\/2017\/09\/DSC_0495.jpg","type":"image\/jpeg"}],"author":"Not\u00edcias em Destaque","twitter_card":"summary_large_image","twitter_misc":{"Escrito por":"Not\u00edcias em Destaque","Est. tempo de leitura":"2 minutos"},"schema":{"@context":"https:\/\/schema.org","@graph":[{"@type":"Article","@id":"https:\/\/noticiasemdestaque.com\/cd\/?p=4336#article","isPartOf":{"@id":"https:\/\/noticiasemdestaque.com\/cd\/?p=4336"},"author":{"name":"Not\u00edcias em Destaque","@id":"https:\/\/noticiasemdestaque.com\/cd\/#\/schema\/person\/21320b03a7e8bb90128938dafc9b908a"},"headline":"Prefeitura de Sum\u00e9 d\u00e1 in\u00edcio \u00e0s atividades do Projeto M\u00f4nica","datePublished":"2017-09-15T16:55:55+00:00","mainEntityOfPage":{"@id":"https:\/\/noticiasemdestaque.com\/cd\/?p=4336"},"wordCount":327,"publisher":{"@id":"https:\/\/noticiasemdestaque.com\/cd\/#organization"},"image":{"@id":"https:\/\/noticiasemdestaque.com\/cd\/?p=4336#primaryimage"},"thumbnailUrl":"https:\/\/noticiasemdestaque.com\/cd\/wp-content\/uploads\/2017\/09\/DSC_0495.jpg","articleSection":["Cidades"],"inLanguage":"pt-BR"},{"@type":"WebPage","@id":"https:\/\/noticiasemdestaque.com\/cd\/?p=4336","url":"https:\/\/noticiasemdestaque.com\/cd\/?p=4336","name":"Prefeitura de Sum\u00e9 d\u00e1 in\u00edcio \u00e0s atividades do Projeto M\u00f4nica - Not&iacute;cias em Destaque","isPartOf":{"@id":"https:\/\/noticiasemdestaque.com\/cd\/#website"},"primaryImageOfPage":{"@id":"https:\/\/noticiasemdestaque.com\/cd\/?p=4336#primaryimage"},"image":{"@id":"https:\/\/noticiasemdestaque.com\/cd\/?p=4336#primaryimage"},"thumbnailUrl":"https:\/\/noticiasemdestaque.com\/cd\/wp-content\/uploads\/2017\/09\/DSC_0495.jpg","datePublished":"2017-09-15T16:55:55+00:00","breadcrumb":{"@id":"https:\/\/noticiasemdestaque.com\/cd\/?p=4336#breadcrumb"},"inLanguage":"pt-BR","potentialAction":[{"@type":"ReadAction","target":["https:\/\/noticiasemdestaque.com\/cd\/?p=4336"]}]},{"@type":"ImageObject","inLanguage":"pt-BR","@id":"https:\/\/noticiasemdestaque.com\/cd\/?p=4336#primaryimage","url":"https:\/\/noticiasemdestaque.com\/cd\/wp-content\/uploads\/2017\/09\/DSC_0495.jpg","contentUrl":"https:\/\/noticiasemdestaque.com\/cd\/wp-content\/uploads\/2017\/09\/DSC_0495.jpg","width":1024,"height":681,"caption":"????????????????????????????????????"},{"@type":"BreadcrumbList","@id":"https:\/\/noticiasemdestaque.com\/cd\/?p=4336#breadcrumb","itemListElement":[{"@type":"ListItem","position":1,"name":"In\u00edcio","item":"https:\/\/noticiasemdestaque.com\/cd\/"},{"@type":"ListItem","position":2,"name":"Prefeitura de Sum\u00e9 d\u00e1 in\u00edcio \u00e0s atividades do Projeto M\u00f4nica"}]},{"@type":"WebSite","@id":"https:\/\/noticiasemdestaque.com\/cd\/#website","url":"https:\/\/noticiasemdestaque.com\/cd\/","name":"Not&iacute;cias em Destaque","description":"","publisher":{"@id":"https:\/\/noticiasemdestaque.com\/cd\/#organization"},"potentialAction":[{"@type":"SearchAction","target":{"@type":"EntryPoint","urlTemplate":"https:\/\/noticiasemdestaque.com\/cd\/?s={search_term_string}"},"query-input":{"@type":"PropertyValueSpecification","valueRequired":true,"valueName":"search_term_string"}}],"inLanguage":"pt-BR"},{"@type":"Organization","@id":"https:\/\/noticiasemdestaque.com\/cd\/#organization","name":"Not\u00edcias em Destaque","url":"https:\/\/noticiasemdestaque.com\/cd\/","logo":{"@type":"ImageObject","inLanguage":"pt-BR","@id":"https:\/\/noticiasemdestaque.com\/cd\/#\/schema\/logo\/image\/","url":"https:\/\/noticiasemdestaque.com\/cd\/wp-content\/uploads\/2022\/05\/imagem-base-noticiasemdestaque.png","contentUrl":"https:\/\/noticiasemdestaque.com\/cd\/wp-content\/uploads\/2022\/05\/imagem-base-noticiasemdestaque.png","width":1200,"height":630,"caption":"Not\u00edcias em Destaque"},"image":{"@id":"https:\/\/noticiasemdestaque.com\/cd\/#\/schema\/logo\/image\/"}},{"@type":"Person","@id":"https:\/\/noticiasemdestaque.com\/cd\/#\/schema\/person\/21320b03a7e8bb90128938dafc9b908a","name":"Not\u00edcias em Destaque","url":"https:\/\/noticiasemdestaque.com\/cd\/?author=2"}]}},"jetpack_featured_media_url":"https:\/\/noticiasemdestaque.com\/cd\/wp-content\/uploads\/2017\/09\/DSC_0495.jpg","jetpack_sharing_enabled":true,"_links":{"self":[{"href":"https:\/\/noticiasemdestaque.com\/cd\/index.php?rest_route=\/wp\/v2\/posts\/4336","targetHints":{"allow":["GET"]}}],"collection":[{"href":"https:\/\/noticiasemdestaque.com\/cd\/index.php?rest_route=\/wp\/v2\/posts"}],"about":[{"href":"https:\/\/noticiasemdestaque.com\/cd\/index.php?rest_route=\/wp\/v2\/types\/post"}],"author":[{"embeddable":true,"href":"https:\/\/noticiasemdestaque.com\/cd\/index.php?rest_route=\/wp\/v2\/users\/2"}],"replies":[{"embeddable":true,"href":"https:\/\/noticiasemdestaque.com\/cd\/index.php?rest_route=%2Fwp%2Fv2%2Fcomments&post=4336"}],"version-history":[{"count":1,"href":"https:\/\/noticiasemdestaque.com\/cd\/index.php?rest_route=\/wp\/v2\/posts\/4336\/revisions"}],"predecessor-version":[{"id":4340,"href":"https:\/\/noticiasemdestaque.com\/cd\/index.php?rest_route=\/wp\/v2\/posts\/4336\/revisions\/4340"}],"wp:featuredmedia":[{"embeddable":true,"href":"https:\/\/noticiasemdestaque.com\/cd\/index.php?rest_route=\/wp\/v2\/media\/4338"}],"wp:attachment":[{"href":"https:\/\/noticiasemdestaque.com\/cd\/index.php?rest_route=%2Fwp%2Fv2%2Fmedia&parent=4336"}],"wp:term":[{"taxonomy":"category","embeddable":true,"href":"https:\/\/noticiasemdestaque.com\/cd\/index.php?rest_route=%2Fwp%2Fv2%2Fcategories&post=4336"},{"taxonomy":"post_tag","embeddable":true,"href":"https:\/\/noticiasemdestaque.com\/cd\/index.php?rest_route=%2Fwp%2Fv2%2Ftags&post=4336"}],"curies":[{"name":"wp","href":"https:\/\/api.w.org\/{rel}","templated":true}]}}