{"id":43350,"date":"2022-10-14T09:21:55","date_gmt":"2022-10-14T12:21:55","guid":{"rendered":"https:\/\/noticiasemdestaque.com\/cd\/?p=43350"},"modified":"2022-10-14T09:21:55","modified_gmt":"2022-10-14T12:21:55","slug":"ufcg-inscreve-nesta-quinta-e-sexta-candidatos-para-vagas-remanescentes-do-sisu-2022-1","status":"publish","type":"post","link":"https:\/\/noticiasemdestaque.com\/cd\/?p=43350","title":{"rendered":"UFCG inscreve nesta quinta e sexta candidatos para vagas remanescentes do SiSU 2022.1"},"content":{"rendered":"<p><a href=\"https:\/\/noticiasemdestaque.com\/cd\/wp-content\/uploads\/2022\/10\/ALUNA_3.jpg\"><img fetchpriority=\"high\" decoding=\"async\" class=\" wp-image-43351\" src=\"https:\/\/noticiasemdestaque.com\/cd\/wp-content\/uploads\/2022\/10\/ALUNA_3-300x169.jpg\" alt=\"\" width=\"857\" height=\"483\" srcset=\"https:\/\/noticiasemdestaque.com\/cd\/wp-content\/uploads\/2022\/10\/ALUNA_3-300x169.jpg 300w, https:\/\/noticiasemdestaque.com\/cd\/wp-content\/uploads\/2022\/10\/ALUNA_3-1024x576.jpg 1024w, https:\/\/noticiasemdestaque.com\/cd\/wp-content\/uploads\/2022\/10\/ALUNA_3-768x432.jpg 768w, https:\/\/noticiasemdestaque.com\/cd\/wp-content\/uploads\/2022\/10\/ALUNA_3-18x10.jpg 18w, https:\/\/noticiasemdestaque.com\/cd\/wp-content\/uploads\/2022\/10\/ALUNA_3.jpg 1300w\" sizes=\"(max-width: 857px) 100vw, 857px\" \/><\/a><\/p>\n<p>A\u00a0Universidade Federal de Campina Grande (UFCG) abriu nesta quinta-feira, dia 13, at\u00e9 \u00e0s 23h59min dessa sexta-feira, dia 14, as inscri\u00e7\u00f5es para ingresso em vagas remanescentes do Processo Seletivo SiSU 2022.1. S\u00e3o oferecidas 795 vagas (sendo 381 para ampla concorr\u00eancia e 414 para vagas reservadas), em 69 cursos de gradua\u00e7\u00e3o, nos sete campi da institui\u00e7\u00e3o: Campina Grande, Cajazeiras, Cuit\u00e9, Patos, Pombal, Sousa e Sum\u00e9.<\/p>\n<p>A classifica\u00e7\u00e3o ser\u00e1 feita com base na nota obtida pelo candidato no Exame Nacional do Ensino M\u00e9dio (Enem), a partir da edi\u00e7\u00e3o de 2019.\u00a0Confira os cursos e as vagas no Campus Sum\u00e9:<\/p>\n<p><strong>Sum\u00e9<\/strong><\/p>\n<p>Ci\u00eancias Sociais (Licenciatura &#8211; Noturno) &#8211; 8 vagas<br \/>\nEngenharia de Biotecnologia e Bioprocessos &#8211; 38 vagas<br \/>\nEngenharia de Biossistemas &#8211; 41 vagas<br \/>\nEngenharia de Produ\u00e7\u00e3o &#8211; 35 vagas<br \/>\nTecnologia em Agroecologia (Diurno) &#8211; 39 vagas<br \/>\nTecnologia em Gest\u00e3o P\u00fablica (Noturno) &#8211; 10 vagas<\/p>\n<p>&nbsp;<\/p>\n<p><strong>Chamada \u00danica, cadastramento e matr\u00edcula<\/strong><\/p>\n<p>As inscri\u00e7\u00f5es s\u00e3o realizadas online, at\u00e9 \u00e0s 23h59min da sexta-feira, dia 14, por meio de\u00a0<a href=\"http:\/\/vestibular.ufcg.edu.br:8080\/VestibularRemanescentes\/\" target=\"_blank\" rel=\"noopener noreferrer\">sistema online<\/a>.<\/p>\n<p>No dia 17 de outubro, ser\u00e1 divulgada a Chamada \u00danica no site da\u00a0<a href=\"https:\/\/comprov.ufcg.edu.br\/\" target=\"_blank\" rel=\"noopener noreferrer\">Comprov<\/a>\u00a0e no\u00a0<a href=\"https:\/\/portal.ufcg.edu.br\/\" target=\"_blank\" rel=\"noopener noreferrer\">Portal da UFCG<\/a>.<\/p>\n<p>Nos dias 17 e 18 de outubro, os candidatos convocados na Chamada \u00danica dever\u00e3o encaminhar,\u00a0por meio de\u00a0<a href=\"https:\/\/pre.ufcg.edu.br:8443\/ControleAcademicoOnline\/identificaIngressante.jsp\" target=\"_blank\" rel=\"noopener noreferrer\">formul\u00e1rio online<\/a>, a documenta\u00e7\u00e3o exigida em edital para cadastramento.<\/p>\n<p>A verifica\u00e7\u00e3o da documenta\u00e7\u00e3o por parte das coordena\u00e7\u00f5es dos cursos e a matr\u00edcula em disciplinas (a\u00e7\u00e3o conjunta entre o aluno e a coordena\u00e7\u00e3o de curso) acontecer\u00e1 nos dias 18 e 19 de outubro.<\/p>\n<p>O in\u00edcio das aulas, ap\u00f3s a matr\u00edcula em disciplinas, \u00e9 imediato, j\u00e1 que as aulas do per\u00edodo 2022.1 j\u00e1 come\u00e7aram no \u00faltimo dia 26 de setembro.<\/p>\n<p>Todos os detalhes e informa\u00e7\u00f5es constam no edital. Acesse\u00a0<a href=\"https:\/\/comprov.ufcg.edu.br\/graduacao\/116-processo-seletivo-2022-1-da-ufcg-vagas-remanescentes.html\" target=\"_blank\" rel=\"noopener noreferrer\">aqui<\/a>.<\/p>\n<p><strong>Noticias em Destaque<\/strong><\/p>\n<p style=\"text-align: right;\"><em>Fonte: Ascom UFCG<\/em><\/p>\n","protected":false},"excerpt":{"rendered":"<p>A\u00a0Universidade Federal de Campina Grande (UFCG) abriu nesta quinta-feira, dia 13, at\u00e9 \u00e0s 23h59min dessa sexta-feira, dia 14, as inscri\u00e7\u00f5es para ingresso em vagas remanescentes do Processo Seletivo SiSU 2022.1. S\u00e3o oferecidas 795 vagas (sendo 381 para ampla concorr\u00eancia e 414 para vagas reservadas), em 69 cursos de gradua\u00e7\u00e3o, nos sete campi da institui\u00e7\u00e3o: Campina Grande, Cajazeiras, Cuit\u00e9, Patos, Pombal, Sousa e Sum\u00e9. A classifica\u00e7\u00e3o ser\u00e1 feita com base na nota obtida pelo candidato no Exame Nacional do Ensino M\u00e9dio (Enem), a partir da edi\u00e7\u00e3o de 2019.\u00a0Confira os cursos e as vagas no Campus Sum\u00e9: Sum\u00e9 Ci\u00eancias Sociais (Licenciatura &#8211; Noturno) &#8211; 8 vagas Engenharia de Biotecnologia e Bioprocessos &#8211; 38 vagas Engenharia de Biossistemas &#8211; 41 vagas Engenharia de Produ\u00e7\u00e3o &#8211; 35 vagas Tecnologia em Agroecologia (Diurno) &#8211; 39 vagas Tecnologia em Gest\u00e3o P\u00fablica (Noturno) &#8211; 10 vagas &nbsp; Chamada \u00danica, cadastramento e matr\u00edcula As inscri\u00e7\u00f5es s\u00e3o realizadas online, at\u00e9 \u00e0s 23h59min da sexta-feira, dia 14, por meio de\u00a0sistema online. No dia 17 de outubro, ser\u00e1 divulgada a Chamada \u00danica no site da\u00a0Comprov\u00a0e no\u00a0Portal da UFCG. Nos dias 17 e 18 de outubro, os candidatos convocados na Chamada \u00danica dever\u00e3o encaminhar,\u00a0por meio de\u00a0formul\u00e1rio online, a documenta\u00e7\u00e3o exigida em edital para cadastramento. A verifica\u00e7\u00e3o da documenta\u00e7\u00e3o por parte das coordena\u00e7\u00f5es dos cursos e a matr\u00edcula em disciplinas (a\u00e7\u00e3o conjunta entre o aluno e a coordena\u00e7\u00e3o de curso) acontecer\u00e1 nos dias 18 e 19 de outubro. O in\u00edcio das aulas, ap\u00f3s a matr\u00edcula em disciplinas, \u00e9 imediato, j\u00e1 que as aulas do per\u00edodo 2022.1 j\u00e1 come\u00e7aram no \u00faltimo dia 26 de setembro. Todos os detalhes e informa\u00e7\u00f5es constam no edital. Acesse\u00a0aqui. Noticias em Destaque Fonte: Ascom UFCG<\/p>\n","protected":false},"author":2,"featured_media":43351,"comment_status":"closed","ping_status":"open","sticky":false,"template":"","format":"standard","meta":{"_eb_attr":"","_jetpack_memberships_contains_paid_content":false,"footnotes":""},"categories":[6],"tags":[],"class_list":["post-43350","post","type-post","status-publish","format-standard","has-post-thumbnail","hentry","category-educacao"],"yoast_head":"<!-- This site is optimized with the Yoast SEO plugin v26.5 - https:\/\/yoast.com\/wordpress\/plugins\/seo\/ -->\n<title>UFCG inscreve nesta quinta e sexta candidatos para vagas remanescentes do SiSU 2022.1 - Not&iacute;cias em Destaque<\/title>\n<meta name=\"robots\" content=\"index, follow, max-snippet:-1, max-image-preview:large, max-video-preview:-1\" \/>\n<link rel=\"canonical\" href=\"https:\/\/noticiasemdestaque.com\/cd\/?p=43350\" \/>\n<meta property=\"og:locale\" content=\"pt_BR\" \/>\n<meta property=\"og:type\" content=\"article\" \/>\n<meta property=\"og:title\" content=\"UFCG inscreve nesta quinta e sexta candidatos para vagas remanescentes do SiSU 2022.1 - Not&iacute;cias em Destaque\" \/>\n<meta property=\"og:description\" content=\"A\u00a0Universidade Federal de Campina Grande (UFCG) abriu nesta quinta-feira, dia 13, at\u00e9 \u00e0s 23h59min dessa sexta-feira, dia 14, as inscri\u00e7\u00f5es para ingresso em vagas remanescentes do Processo Seletivo SiSU 2022.1. S\u00e3o oferecidas 795 vagas (sendo 381 para ampla concorr\u00eancia e 414 para vagas reservadas), em 69 cursos de gradua\u00e7\u00e3o, nos sete campi da institui\u00e7\u00e3o: Campina Grande, Cajazeiras, Cuit\u00e9, Patos, Pombal, Sousa e Sum\u00e9. A classifica\u00e7\u00e3o ser\u00e1 feita com base na nota obtida pelo candidato no Exame Nacional do Ensino M\u00e9dio (Enem), a partir da edi\u00e7\u00e3o de 2019.\u00a0Confira os cursos e as vagas no Campus Sum\u00e9: Sum\u00e9 Ci\u00eancias Sociais (Licenciatura &#8211; Noturno) &#8211; 8 vagas Engenharia de Biotecnologia e Bioprocessos &#8211; 38 vagas Engenharia de Biossistemas &#8211; 41 vagas Engenharia de Produ\u00e7\u00e3o &#8211; 35 vagas Tecnologia em Agroecologia (Diurno) &#8211; 39 vagas Tecnologia em Gest\u00e3o P\u00fablica (Noturno) &#8211; 10 vagas &nbsp; Chamada \u00danica, cadastramento e matr\u00edcula As inscri\u00e7\u00f5es s\u00e3o realizadas online, at\u00e9 \u00e0s 23h59min da sexta-feira, dia 14, por meio de\u00a0sistema online. No dia 17 de outubro, ser\u00e1 divulgada a Chamada \u00danica no site da\u00a0Comprov\u00a0e no\u00a0Portal da UFCG. Nos dias 17 e 18 de outubro, os candidatos convocados na Chamada \u00danica dever\u00e3o encaminhar,\u00a0por meio de\u00a0formul\u00e1rio online, a documenta\u00e7\u00e3o exigida em edital para cadastramento. A verifica\u00e7\u00e3o da documenta\u00e7\u00e3o por parte das coordena\u00e7\u00f5es dos cursos e a matr\u00edcula em disciplinas (a\u00e7\u00e3o conjunta entre o aluno e a coordena\u00e7\u00e3o de curso) acontecer\u00e1 nos dias 18 e 19 de outubro. O in\u00edcio das aulas, ap\u00f3s a matr\u00edcula em disciplinas, \u00e9 imediato, j\u00e1 que as aulas do per\u00edodo 2022.1 j\u00e1 come\u00e7aram no \u00faltimo dia 26 de setembro. Todos os detalhes e informa\u00e7\u00f5es constam no edital. Acesse\u00a0aqui. Noticias em Destaque Fonte: Ascom UFCG\" \/>\n<meta property=\"og:url\" content=\"https:\/\/noticiasemdestaque.com\/cd\/?p=43350\" \/>\n<meta property=\"og:site_name\" content=\"Not&iacute;cias em Destaque\" \/>\n<meta property=\"article:published_time\" content=\"2022-10-14T12:21:55+00:00\" \/>\n<meta property=\"og:image\" content=\"https:\/\/noticiasemdestaque.com\/cd\/wp-content\/uploads\/2022\/10\/ALUNA_3.jpg\" \/>\n\t<meta property=\"og:image:width\" content=\"1300\" \/>\n\t<meta property=\"og:image:height\" content=\"731\" \/>\n\t<meta property=\"og:image:type\" content=\"image\/jpeg\" \/>\n<meta name=\"author\" content=\"Not\u00edcias em Destaque\" \/>\n<meta name=\"twitter:card\" content=\"summary_large_image\" \/>\n<meta name=\"twitter:label1\" content=\"Escrito por\" \/>\n\t<meta name=\"twitter:data1\" content=\"Not\u00edcias em Destaque\" \/>\n\t<meta name=\"twitter:label2\" content=\"Est. tempo de leitura\" \/>\n\t<meta name=\"twitter:data2\" content=\"2 minutos\" \/>\n<script type=\"application\/ld+json\" class=\"yoast-schema-graph\">{\"@context\":\"https:\/\/schema.org\",\"@graph\":[{\"@type\":\"Article\",\"@id\":\"https:\/\/noticiasemdestaque.com\/cd\/?p=43350#article\",\"isPartOf\":{\"@id\":\"https:\/\/noticiasemdestaque.com\/cd\/?p=43350\"},\"author\":{\"name\":\"Not\u00edcias em Destaque\",\"@id\":\"https:\/\/noticiasemdestaque.com\/cd\/#\/schema\/person\/47f7d4f55eec17c6b2ca036c5500f6ce\"},\"headline\":\"UFCG inscreve nesta quinta e sexta candidatos para vagas remanescentes do SiSU 2022.1\",\"datePublished\":\"2022-10-14T12:21:55+00:00\",\"mainEntityOfPage\":{\"@id\":\"https:\/\/noticiasemdestaque.com\/cd\/?p=43350\"},\"wordCount\":306,\"publisher\":{\"@id\":\"https:\/\/noticiasemdestaque.com\/cd\/#organization\"},\"image\":{\"@id\":\"https:\/\/noticiasemdestaque.com\/cd\/?p=43350#primaryimage\"},\"thumbnailUrl\":\"https:\/\/noticiasemdestaque.com\/cd\/wp-content\/uploads\/2022\/10\/ALUNA_3.jpg\",\"articleSection\":[\"Educa\u00e7\u00e3o\"],\"inLanguage\":\"pt-BR\"},{\"@type\":\"WebPage\",\"@id\":\"https:\/\/noticiasemdestaque.com\/cd\/?p=43350\",\"url\":\"https:\/\/noticiasemdestaque.com\/cd\/?p=43350\",\"name\":\"UFCG inscreve nesta quinta e sexta candidatos para vagas remanescentes do SiSU 2022.1 - Not&iacute;cias em Destaque\",\"isPartOf\":{\"@id\":\"https:\/\/noticiasemdestaque.com\/cd\/#website\"},\"primaryImageOfPage\":{\"@id\":\"https:\/\/noticiasemdestaque.com\/cd\/?p=43350#primaryimage\"},\"image\":{\"@id\":\"https:\/\/noticiasemdestaque.com\/cd\/?p=43350#primaryimage\"},\"thumbnailUrl\":\"https:\/\/noticiasemdestaque.com\/cd\/wp-content\/uploads\/2022\/10\/ALUNA_3.jpg\",\"datePublished\":\"2022-10-14T12:21:55+00:00\",\"breadcrumb\":{\"@id\":\"https:\/\/noticiasemdestaque.com\/cd\/?p=43350#breadcrumb\"},\"inLanguage\":\"pt-BR\",\"potentialAction\":[{\"@type\":\"ReadAction\",\"target\":[\"https:\/\/noticiasemdestaque.com\/cd\/?p=43350\"]}]},{\"@type\":\"ImageObject\",\"inLanguage\":\"pt-BR\",\"@id\":\"https:\/\/noticiasemdestaque.com\/cd\/?p=43350#primaryimage\",\"url\":\"https:\/\/noticiasemdestaque.com\/cd\/wp-content\/uploads\/2022\/10\/ALUNA_3.jpg\",\"contentUrl\":\"https:\/\/noticiasemdestaque.com\/cd\/wp-content\/uploads\/2022\/10\/ALUNA_3.jpg\",\"width\":1300,\"height\":731,\"caption\":\"Portrait of an attractive female student using her digital tablet during class\"},{\"@type\":\"BreadcrumbList\",\"@id\":\"https:\/\/noticiasemdestaque.com\/cd\/?p=43350#breadcrumb\",\"itemListElement\":[{\"@type\":\"ListItem\",\"position\":1,\"name\":\"In\u00edcio\",\"item\":\"https:\/\/noticiasemdestaque.com\/cd\/\"},{\"@type\":\"ListItem\",\"position\":2,\"name\":\"UFCG inscreve nesta quinta e sexta candidatos para vagas remanescentes do SiSU 2022.1\"}]},{\"@type\":\"WebSite\",\"@id\":\"https:\/\/noticiasemdestaque.com\/cd\/#website\",\"url\":\"https:\/\/noticiasemdestaque.com\/cd\/\",\"name\":\"Not&iacute;cias em Destaque\",\"description\":\"\",\"publisher\":{\"@id\":\"https:\/\/noticiasemdestaque.com\/cd\/#organization\"},\"potentialAction\":[{\"@type\":\"SearchAction\",\"target\":{\"@type\":\"EntryPoint\",\"urlTemplate\":\"https:\/\/noticiasemdestaque.com\/cd\/?s={search_term_string}\"},\"query-input\":{\"@type\":\"PropertyValueSpecification\",\"valueRequired\":true,\"valueName\":\"search_term_string\"}}],\"inLanguage\":\"pt-BR\"},{\"@type\":\"Organization\",\"@id\":\"https:\/\/noticiasemdestaque.com\/cd\/#organization\",\"name\":\"Not\u00edcias em Destaque\",\"url\":\"https:\/\/noticiasemdestaque.com\/cd\/\",\"logo\":{\"@type\":\"ImageObject\",\"inLanguage\":\"pt-BR\",\"@id\":\"https:\/\/noticiasemdestaque.com\/cd\/#\/schema\/logo\/image\/\",\"url\":\"https:\/\/noticiasemdestaque.com\/cd\/wp-content\/uploads\/2022\/05\/imagem-base-noticiasemdestaque.png\",\"contentUrl\":\"https:\/\/noticiasemdestaque.com\/cd\/wp-content\/uploads\/2022\/05\/imagem-base-noticiasemdestaque.png\",\"width\":1200,\"height\":630,\"caption\":\"Not\u00edcias em Destaque\"},\"image\":{\"@id\":\"https:\/\/noticiasemdestaque.com\/cd\/#\/schema\/logo\/image\/\"}},{\"@type\":\"Person\",\"@id\":\"https:\/\/noticiasemdestaque.com\/cd\/#\/schema\/person\/47f7d4f55eec17c6b2ca036c5500f6ce\",\"name\":\"Not\u00edcias em Destaque\",\"url\":\"https:\/\/noticiasemdestaque.com\/cd\/?author=2\"}]}<\/script>\n<!-- \/ Yoast SEO plugin. -->","yoast_head_json":{"title":"UFCG inscreve nesta quinta e sexta candidatos para vagas remanescentes do SiSU 2022.1 - Not&iacute;cias em Destaque","robots":{"index":"index","follow":"follow","max-snippet":"max-snippet:-1","max-image-preview":"max-image-preview:large","max-video-preview":"max-video-preview:-1"},"canonical":"https:\/\/noticiasemdestaque.com\/cd\/?p=43350","og_locale":"pt_BR","og_type":"article","og_title":"UFCG inscreve nesta quinta e sexta candidatos para vagas remanescentes do SiSU 2022.1 - Not&iacute;cias em Destaque","og_description":"A\u00a0Universidade Federal de Campina Grande (UFCG) abriu nesta quinta-feira, dia 13, at\u00e9 \u00e0s 23h59min dessa sexta-feira, dia 14, as inscri\u00e7\u00f5es para ingresso em vagas remanescentes do Processo Seletivo SiSU 2022.1. S\u00e3o oferecidas 795 vagas (sendo 381 para ampla concorr\u00eancia e 414 para vagas reservadas), em 69 cursos de gradua\u00e7\u00e3o, nos sete campi da institui\u00e7\u00e3o: Campina Grande, Cajazeiras, Cuit\u00e9, Patos, Pombal, Sousa e Sum\u00e9. A classifica\u00e7\u00e3o ser\u00e1 feita com base na nota obtida pelo candidato no Exame Nacional do Ensino M\u00e9dio (Enem), a partir da edi\u00e7\u00e3o de 2019.\u00a0Confira os cursos e as vagas no Campus Sum\u00e9: Sum\u00e9 Ci\u00eancias Sociais (Licenciatura &#8211; Noturno) &#8211; 8 vagas Engenharia de Biotecnologia e Bioprocessos &#8211; 38 vagas Engenharia de Biossistemas &#8211; 41 vagas Engenharia de Produ\u00e7\u00e3o &#8211; 35 vagas Tecnologia em Agroecologia (Diurno) &#8211; 39 vagas Tecnologia em Gest\u00e3o P\u00fablica (Noturno) &#8211; 10 vagas &nbsp; Chamada \u00danica, cadastramento e matr\u00edcula As inscri\u00e7\u00f5es s\u00e3o realizadas online, at\u00e9 \u00e0s 23h59min da sexta-feira, dia 14, por meio de\u00a0sistema online. No dia 17 de outubro, ser\u00e1 divulgada a Chamada \u00danica no site da\u00a0Comprov\u00a0e no\u00a0Portal da UFCG. Nos dias 17 e 18 de outubro, os candidatos convocados na Chamada \u00danica dever\u00e3o encaminhar,\u00a0por meio de\u00a0formul\u00e1rio online, a documenta\u00e7\u00e3o exigida em edital para cadastramento. A verifica\u00e7\u00e3o da documenta\u00e7\u00e3o por parte das coordena\u00e7\u00f5es dos cursos e a matr\u00edcula em disciplinas (a\u00e7\u00e3o conjunta entre o aluno e a coordena\u00e7\u00e3o de curso) acontecer\u00e1 nos dias 18 e 19 de outubro. O in\u00edcio das aulas, ap\u00f3s a matr\u00edcula em disciplinas, \u00e9 imediato, j\u00e1 que as aulas do per\u00edodo 2022.1 j\u00e1 come\u00e7aram no \u00faltimo dia 26 de setembro. Todos os detalhes e informa\u00e7\u00f5es constam no edital. Acesse\u00a0aqui. Noticias em Destaque Fonte: Ascom UFCG","og_url":"https:\/\/noticiasemdestaque.com\/cd\/?p=43350","og_site_name":"Not&iacute;cias em Destaque","article_published_time":"2022-10-14T12:21:55+00:00","og_image":[{"width":1300,"height":731,"url":"https:\/\/noticiasemdestaque.com\/cd\/wp-content\/uploads\/2022\/10\/ALUNA_3.jpg","type":"image\/jpeg"}],"author":"Not\u00edcias em Destaque","twitter_card":"summary_large_image","twitter_misc":{"Escrito por":"Not\u00edcias em Destaque","Est. tempo de leitura":"2 minutos"},"schema":{"@context":"https:\/\/schema.org","@graph":[{"@type":"Article","@id":"https:\/\/noticiasemdestaque.com\/cd\/?p=43350#article","isPartOf":{"@id":"https:\/\/noticiasemdestaque.com\/cd\/?p=43350"},"author":{"name":"Not\u00edcias em Destaque","@id":"https:\/\/noticiasemdestaque.com\/cd\/#\/schema\/person\/47f7d4f55eec17c6b2ca036c5500f6ce"},"headline":"UFCG inscreve nesta quinta e sexta candidatos para vagas remanescentes do SiSU 2022.1","datePublished":"2022-10-14T12:21:55+00:00","mainEntityOfPage":{"@id":"https:\/\/noticiasemdestaque.com\/cd\/?p=43350"},"wordCount":306,"publisher":{"@id":"https:\/\/noticiasemdestaque.com\/cd\/#organization"},"image":{"@id":"https:\/\/noticiasemdestaque.com\/cd\/?p=43350#primaryimage"},"thumbnailUrl":"https:\/\/noticiasemdestaque.com\/cd\/wp-content\/uploads\/2022\/10\/ALUNA_3.jpg","articleSection":["Educa\u00e7\u00e3o"],"inLanguage":"pt-BR"},{"@type":"WebPage","@id":"https:\/\/noticiasemdestaque.com\/cd\/?p=43350","url":"https:\/\/noticiasemdestaque.com\/cd\/?p=43350","name":"UFCG inscreve nesta quinta e sexta candidatos para vagas remanescentes do SiSU 2022.1 - Not&iacute;cias em Destaque","isPartOf":{"@id":"https:\/\/noticiasemdestaque.com\/cd\/#website"},"primaryImageOfPage":{"@id":"https:\/\/noticiasemdestaque.com\/cd\/?p=43350#primaryimage"},"image":{"@id":"https:\/\/noticiasemdestaque.com\/cd\/?p=43350#primaryimage"},"thumbnailUrl":"https:\/\/noticiasemdestaque.com\/cd\/wp-content\/uploads\/2022\/10\/ALUNA_3.jpg","datePublished":"2022-10-14T12:21:55+00:00","breadcrumb":{"@id":"https:\/\/noticiasemdestaque.com\/cd\/?p=43350#breadcrumb"},"inLanguage":"pt-BR","potentialAction":[{"@type":"ReadAction","target":["https:\/\/noticiasemdestaque.com\/cd\/?p=43350"]}]},{"@type":"ImageObject","inLanguage":"pt-BR","@id":"https:\/\/noticiasemdestaque.com\/cd\/?p=43350#primaryimage","url":"https:\/\/noticiasemdestaque.com\/cd\/wp-content\/uploads\/2022\/10\/ALUNA_3.jpg","contentUrl":"https:\/\/noticiasemdestaque.com\/cd\/wp-content\/uploads\/2022\/10\/ALUNA_3.jpg","width":1300,"height":731,"caption":"Portrait of an attractive female student using her digital tablet during class"},{"@type":"BreadcrumbList","@id":"https:\/\/noticiasemdestaque.com\/cd\/?p=43350#breadcrumb","itemListElement":[{"@type":"ListItem","position":1,"name":"In\u00edcio","item":"https:\/\/noticiasemdestaque.com\/cd\/"},{"@type":"ListItem","position":2,"name":"UFCG inscreve nesta quinta e sexta candidatos para vagas remanescentes do SiSU 2022.1"}]},{"@type":"WebSite","@id":"https:\/\/noticiasemdestaque.com\/cd\/#website","url":"https:\/\/noticiasemdestaque.com\/cd\/","name":"Not&iacute;cias em Destaque","description":"","publisher":{"@id":"https:\/\/noticiasemdestaque.com\/cd\/#organization"},"potentialAction":[{"@type":"SearchAction","target":{"@type":"EntryPoint","urlTemplate":"https:\/\/noticiasemdestaque.com\/cd\/?s={search_term_string}"},"query-input":{"@type":"PropertyValueSpecification","valueRequired":true,"valueName":"search_term_string"}}],"inLanguage":"pt-BR"},{"@type":"Organization","@id":"https:\/\/noticiasemdestaque.com\/cd\/#organization","name":"Not\u00edcias em Destaque","url":"https:\/\/noticiasemdestaque.com\/cd\/","logo":{"@type":"ImageObject","inLanguage":"pt-BR","@id":"https:\/\/noticiasemdestaque.com\/cd\/#\/schema\/logo\/image\/","url":"https:\/\/noticiasemdestaque.com\/cd\/wp-content\/uploads\/2022\/05\/imagem-base-noticiasemdestaque.png","contentUrl":"https:\/\/noticiasemdestaque.com\/cd\/wp-content\/uploads\/2022\/05\/imagem-base-noticiasemdestaque.png","width":1200,"height":630,"caption":"Not\u00edcias em Destaque"},"image":{"@id":"https:\/\/noticiasemdestaque.com\/cd\/#\/schema\/logo\/image\/"}},{"@type":"Person","@id":"https:\/\/noticiasemdestaque.com\/cd\/#\/schema\/person\/47f7d4f55eec17c6b2ca036c5500f6ce","name":"Not\u00edcias em Destaque","url":"https:\/\/noticiasemdestaque.com\/cd\/?author=2"}]}},"jetpack_featured_media_url":"https:\/\/noticiasemdestaque.com\/cd\/wp-content\/uploads\/2022\/10\/ALUNA_3.jpg","jetpack_sharing_enabled":true,"_links":{"self":[{"href":"https:\/\/noticiasemdestaque.com\/cd\/index.php?rest_route=\/wp\/v2\/posts\/43350","targetHints":{"allow":["GET"]}}],"collection":[{"href":"https:\/\/noticiasemdestaque.com\/cd\/index.php?rest_route=\/wp\/v2\/posts"}],"about":[{"href":"https:\/\/noticiasemdestaque.com\/cd\/index.php?rest_route=\/wp\/v2\/types\/post"}],"author":[{"embeddable":true,"href":"https:\/\/noticiasemdestaque.com\/cd\/index.php?rest_route=\/wp\/v2\/users\/2"}],"replies":[{"embeddable":true,"href":"https:\/\/noticiasemdestaque.com\/cd\/index.php?rest_route=%2Fwp%2Fv2%2Fcomments&post=43350"}],"version-history":[{"count":1,"href":"https:\/\/noticiasemdestaque.com\/cd\/index.php?rest_route=\/wp\/v2\/posts\/43350\/revisions"}],"predecessor-version":[{"id":43352,"href":"https:\/\/noticiasemdestaque.com\/cd\/index.php?rest_route=\/wp\/v2\/posts\/43350\/revisions\/43352"}],"wp:featuredmedia":[{"embeddable":true,"href":"https:\/\/noticiasemdestaque.com\/cd\/index.php?rest_route=\/wp\/v2\/media\/43351"}],"wp:attachment":[{"href":"https:\/\/noticiasemdestaque.com\/cd\/index.php?rest_route=%2Fwp%2Fv2%2Fmedia&parent=43350"}],"wp:term":[{"taxonomy":"category","embeddable":true,"href":"https:\/\/noticiasemdestaque.com\/cd\/index.php?rest_route=%2Fwp%2Fv2%2Fcategories&post=43350"},{"taxonomy":"post_tag","embeddable":true,"href":"https:\/\/noticiasemdestaque.com\/cd\/index.php?rest_route=%2Fwp%2Fv2%2Ftags&post=43350"}],"curies":[{"name":"wp","href":"https:\/\/api.w.org\/{rel}","templated":true}]}}