{"id":43347,"date":"2022-10-14T09:18:39","date_gmt":"2022-10-14T12:18:39","guid":{"rendered":"https:\/\/noticiasemdestaque.com\/cd\/?p=43347"},"modified":"2022-10-14T09:18:39","modified_gmt":"2022-10-14T12:18:39","slug":"em-prata-saiba-onde-voce-pode-fazer-a-inscricao-do-garantia-safra","status":"publish","type":"post","link":"https:\/\/noticiasemdestaque.com\/cd\/?p=43347","title":{"rendered":"Em Prata: Saiba onde voc\u00ea pode fazer a inscri\u00e7\u00e3o do Garantia-Safra"},"content":{"rendered":"<p>A Prefeitura de Prata, atrav\u00e9s da Secretaria de Agricultura com a Empaer disponibiliza datas, hor\u00e1rio, locais e documentos para fazer a inscri\u00e7\u00e3o do Garantia Safra.<\/p>\n<p><strong>Confira:<\/strong><\/p>\n<p><img fetchpriority=\"high\" decoding=\"async\" class=\"alignnone size-full wp-image-7687\" src=\"https:\/\/prata.pb.gov.br\/wp-content\/uploads\/2022\/10\/IMG-20221013-WA0193.jpg\" sizes=\"(max-width: 1080px) 100vw, 1080px\" srcset=\"https:\/\/prata.pb.gov.br\/wp-content\/uploads\/2022\/10\/IMG-20221013-WA0193.jpg 1080w, https:\/\/prata.pb.gov.br\/wp-content\/uploads\/2022\/10\/IMG-20221013-WA0193-300x300.jpg 300w, https:\/\/prata.pb.gov.br\/wp-content\/uploads\/2022\/10\/IMG-20221013-WA0193-1024x1024.jpg 1024w, https:\/\/prata.pb.gov.br\/wp-content\/uploads\/2022\/10\/IMG-20221013-WA0193-150x150.jpg 150w, https:\/\/prata.pb.gov.br\/wp-content\/uploads\/2022\/10\/IMG-20221013-WA0193-768x768.jpg 768w, https:\/\/prata.pb.gov.br\/wp-content\/uploads\/2022\/10\/IMG-20221013-WA0193-440x440.jpg 440w\" alt=\"\" width=\"1080\" height=\"1080\" \/><\/p>\n<p><img decoding=\"async\" class=\"alignnone size-full wp-image-7688\" src=\"https:\/\/prata.pb.gov.br\/wp-content\/uploads\/2022\/10\/IMG-20221013-WA0194.jpg\" sizes=\"(max-width: 1080px) 100vw, 1080px\" srcset=\"https:\/\/prata.pb.gov.br\/wp-content\/uploads\/2022\/10\/IMG-20221013-WA0194.jpg 1080w, https:\/\/prata.pb.gov.br\/wp-content\/uploads\/2022\/10\/IMG-20221013-WA0194-300x300.jpg 300w, https:\/\/prata.pb.gov.br\/wp-content\/uploads\/2022\/10\/IMG-20221013-WA0194-1024x1024.jpg 1024w, https:\/\/prata.pb.gov.br\/wp-content\/uploads\/2022\/10\/IMG-20221013-WA0194-150x150.jpg 150w, https:\/\/prata.pb.gov.br\/wp-content\/uploads\/2022\/10\/IMG-20221013-WA0194-768x768.jpg 768w, https:\/\/prata.pb.gov.br\/wp-content\/uploads\/2022\/10\/IMG-20221013-WA0194-440x440.jpg 440w\" alt=\"\" width=\"1080\" height=\"1080\" \/><\/p>\n<p><img decoding=\"async\" class=\"alignnone size-full wp-image-7689\" src=\"https:\/\/prata.pb.gov.br\/wp-content\/uploads\/2022\/10\/IMG-20221013-WA0195.jpg\" sizes=\"(max-width: 1080px) 100vw, 1080px\" srcset=\"https:\/\/prata.pb.gov.br\/wp-content\/uploads\/2022\/10\/IMG-20221013-WA0195.jpg 1080w, https:\/\/prata.pb.gov.br\/wp-content\/uploads\/2022\/10\/IMG-20221013-WA0195-300x300.jpg 300w, https:\/\/prata.pb.gov.br\/wp-content\/uploads\/2022\/10\/IMG-20221013-WA0195-1024x1024.jpg 1024w, https:\/\/prata.pb.gov.br\/wp-content\/uploads\/2022\/10\/IMG-20221013-WA0195-150x150.jpg 150w, https:\/\/prata.pb.gov.br\/wp-content\/uploads\/2022\/10\/IMG-20221013-WA0195-768x768.jpg 768w, https:\/\/prata.pb.gov.br\/wp-content\/uploads\/2022\/10\/IMG-20221013-WA0195-440x440.jpg 440w\" alt=\"\" width=\"1080\" height=\"1080\" \/><\/p>\n<p><strong>Noticias em Destaque<\/strong><\/p>\n<p style=\"text-align: right;\"><em>Fonte: Paraiba da Gente<\/em><\/p>\n","protected":false},"excerpt":{"rendered":"<p>A Prefeitura de Prata, atrav\u00e9s da Secretaria de Agricultura com a Empaer disponibiliza datas, hor\u00e1rio, locais e documentos para fazer a inscri\u00e7\u00e3o do Garantia Safra. Confira: Noticias em Destaque Fonte: Paraiba da Gente<\/p>\n","protected":false},"author":2,"featured_media":43348,"comment_status":"closed","ping_status":"open","sticky":false,"template":"","format":"standard","meta":{"_eb_attr":"","_jetpack_memberships_contains_paid_content":false,"footnotes":""},"categories":[12],"tags":[],"class_list":["post-43347","post","type-post","status-publish","format-standard","has-post-thumbnail","hentry","category-geral"],"yoast_head":"<!-- This site is optimized with the Yoast SEO plugin v26.5 - https:\/\/yoast.com\/wordpress\/plugins\/seo\/ -->\n<title>Em Prata: Saiba onde voc\u00ea pode fazer a inscri\u00e7\u00e3o do Garantia-Safra - Not&iacute;cias em Destaque<\/title>\n<meta name=\"robots\" content=\"index, follow, max-snippet:-1, max-image-preview:large, max-video-preview:-1\" \/>\n<link rel=\"canonical\" href=\"https:\/\/noticiasemdestaque.com\/cd\/?p=43347\" \/>\n<meta property=\"og:locale\" content=\"pt_BR\" \/>\n<meta property=\"og:type\" content=\"article\" \/>\n<meta property=\"og:title\" content=\"Em Prata: Saiba onde voc\u00ea pode fazer a inscri\u00e7\u00e3o do Garantia-Safra - Not&iacute;cias em Destaque\" \/>\n<meta property=\"og:description\" content=\"A Prefeitura de Prata, atrav\u00e9s da Secretaria de Agricultura com a Empaer disponibiliza datas, hor\u00e1rio, locais e documentos para fazer a inscri\u00e7\u00e3o do Garantia Safra. Confira: Noticias em Destaque Fonte: Paraiba da Gente\" \/>\n<meta property=\"og:url\" content=\"https:\/\/noticiasemdestaque.com\/cd\/?p=43347\" \/>\n<meta property=\"og:site_name\" content=\"Not&iacute;cias em Destaque\" \/>\n<meta property=\"article:published_time\" content=\"2022-10-14T12:18:39+00:00\" \/>\n<meta property=\"og:image\" content=\"https:\/\/noticiasemdestaque.com\/cd\/wp-content\/uploads\/2022\/10\/IMG-20221013-WA0192-800x400-1.jpg\" \/>\n\t<meta property=\"og:image:width\" content=\"800\" \/>\n\t<meta property=\"og:image:height\" content=\"400\" \/>\n\t<meta property=\"og:image:type\" content=\"image\/jpeg\" \/>\n<meta name=\"author\" content=\"Not\u00edcias em Destaque\" \/>\n<meta name=\"twitter:card\" content=\"summary_large_image\" \/>\n<meta name=\"twitter:label1\" content=\"Escrito por\" \/>\n\t<meta name=\"twitter:data1\" content=\"Not\u00edcias em Destaque\" \/>\n\t<meta name=\"twitter:label2\" content=\"Est. tempo de leitura\" \/>\n\t<meta name=\"twitter:data2\" content=\"1 minuto\" \/>\n<script type=\"application\/ld+json\" class=\"yoast-schema-graph\">{\"@context\":\"https:\/\/schema.org\",\"@graph\":[{\"@type\":\"Article\",\"@id\":\"https:\/\/noticiasemdestaque.com\/cd\/?p=43347#article\",\"isPartOf\":{\"@id\":\"https:\/\/noticiasemdestaque.com\/cd\/?p=43347\"},\"author\":{\"name\":\"Not\u00edcias em Destaque\",\"@id\":\"https:\/\/noticiasemdestaque.com\/cd\/#\/schema\/person\/47f7d4f55eec17c6b2ca036c5500f6ce\"},\"headline\":\"Em Prata: Saiba onde voc\u00ea pode fazer a inscri\u00e7\u00e3o do Garantia-Safra\",\"datePublished\":\"2022-10-14T12:18:39+00:00\",\"mainEntityOfPage\":{\"@id\":\"https:\/\/noticiasemdestaque.com\/cd\/?p=43347\"},\"wordCount\":48,\"publisher\":{\"@id\":\"https:\/\/noticiasemdestaque.com\/cd\/#organization\"},\"image\":{\"@id\":\"https:\/\/noticiasemdestaque.com\/cd\/?p=43347#primaryimage\"},\"thumbnailUrl\":\"https:\/\/noticiasemdestaque.com\/cd\/wp-content\/uploads\/2022\/10\/IMG-20221013-WA0192-800x400-1.jpg\",\"articleSection\":[\"Geral\"],\"inLanguage\":\"pt-BR\"},{\"@type\":\"WebPage\",\"@id\":\"https:\/\/noticiasemdestaque.com\/cd\/?p=43347\",\"url\":\"https:\/\/noticiasemdestaque.com\/cd\/?p=43347\",\"name\":\"Em Prata: Saiba onde voc\u00ea pode fazer a inscri\u00e7\u00e3o do Garantia-Safra - Not&iacute;cias em Destaque\",\"isPartOf\":{\"@id\":\"https:\/\/noticiasemdestaque.com\/cd\/#website\"},\"primaryImageOfPage\":{\"@id\":\"https:\/\/noticiasemdestaque.com\/cd\/?p=43347#primaryimage\"},\"image\":{\"@id\":\"https:\/\/noticiasemdestaque.com\/cd\/?p=43347#primaryimage\"},\"thumbnailUrl\":\"https:\/\/noticiasemdestaque.com\/cd\/wp-content\/uploads\/2022\/10\/IMG-20221013-WA0192-800x400-1.jpg\",\"datePublished\":\"2022-10-14T12:18:39+00:00\",\"breadcrumb\":{\"@id\":\"https:\/\/noticiasemdestaque.com\/cd\/?p=43347#breadcrumb\"},\"inLanguage\":\"pt-BR\",\"potentialAction\":[{\"@type\":\"ReadAction\",\"target\":[\"https:\/\/noticiasemdestaque.com\/cd\/?p=43347\"]}]},{\"@type\":\"ImageObject\",\"inLanguage\":\"pt-BR\",\"@id\":\"https:\/\/noticiasemdestaque.com\/cd\/?p=43347#primaryimage\",\"url\":\"https:\/\/noticiasemdestaque.com\/cd\/wp-content\/uploads\/2022\/10\/IMG-20221013-WA0192-800x400-1.jpg\",\"contentUrl\":\"https:\/\/noticiasemdestaque.com\/cd\/wp-content\/uploads\/2022\/10\/IMG-20221013-WA0192-800x400-1.jpg\",\"width\":800,\"height\":400},{\"@type\":\"BreadcrumbList\",\"@id\":\"https:\/\/noticiasemdestaque.com\/cd\/?p=43347#breadcrumb\",\"itemListElement\":[{\"@type\":\"ListItem\",\"position\":1,\"name\":\"In\u00edcio\",\"item\":\"https:\/\/noticiasemdestaque.com\/cd\/\"},{\"@type\":\"ListItem\",\"position\":2,\"name\":\"Em Prata: Saiba onde voc\u00ea pode fazer a inscri\u00e7\u00e3o do Garantia-Safra\"}]},{\"@type\":\"WebSite\",\"@id\":\"https:\/\/noticiasemdestaque.com\/cd\/#website\",\"url\":\"https:\/\/noticiasemdestaque.com\/cd\/\",\"name\":\"Not&iacute;cias em Destaque\",\"description\":\"\",\"publisher\":{\"@id\":\"https:\/\/noticiasemdestaque.com\/cd\/#organization\"},\"potentialAction\":[{\"@type\":\"SearchAction\",\"target\":{\"@type\":\"EntryPoint\",\"urlTemplate\":\"https:\/\/noticiasemdestaque.com\/cd\/?s={search_term_string}\"},\"query-input\":{\"@type\":\"PropertyValueSpecification\",\"valueRequired\":true,\"valueName\":\"search_term_string\"}}],\"inLanguage\":\"pt-BR\"},{\"@type\":\"Organization\",\"@id\":\"https:\/\/noticiasemdestaque.com\/cd\/#organization\",\"name\":\"Not\u00edcias em Destaque\",\"url\":\"https:\/\/noticiasemdestaque.com\/cd\/\",\"logo\":{\"@type\":\"ImageObject\",\"inLanguage\":\"pt-BR\",\"@id\":\"https:\/\/noticiasemdestaque.com\/cd\/#\/schema\/logo\/image\/\",\"url\":\"https:\/\/noticiasemdestaque.com\/cd\/wp-content\/uploads\/2022\/05\/imagem-base-noticiasemdestaque.png\",\"contentUrl\":\"https:\/\/noticiasemdestaque.com\/cd\/wp-content\/uploads\/2022\/05\/imagem-base-noticiasemdestaque.png\",\"width\":1200,\"height\":630,\"caption\":\"Not\u00edcias em Destaque\"},\"image\":{\"@id\":\"https:\/\/noticiasemdestaque.com\/cd\/#\/schema\/logo\/image\/\"}},{\"@type\":\"Person\",\"@id\":\"https:\/\/noticiasemdestaque.com\/cd\/#\/schema\/person\/47f7d4f55eec17c6b2ca036c5500f6ce\",\"name\":\"Not\u00edcias em Destaque\",\"url\":\"https:\/\/noticiasemdestaque.com\/cd\/?author=2\"}]}<\/script>\n<!-- \/ Yoast SEO plugin. -->","yoast_head_json":{"title":"Em Prata: Saiba onde voc\u00ea pode fazer a inscri\u00e7\u00e3o do Garantia-Safra - Not&iacute;cias em Destaque","robots":{"index":"index","follow":"follow","max-snippet":"max-snippet:-1","max-image-preview":"max-image-preview:large","max-video-preview":"max-video-preview:-1"},"canonical":"https:\/\/noticiasemdestaque.com\/cd\/?p=43347","og_locale":"pt_BR","og_type":"article","og_title":"Em Prata: Saiba onde voc\u00ea pode fazer a inscri\u00e7\u00e3o do Garantia-Safra - Not&iacute;cias em Destaque","og_description":"A Prefeitura de Prata, atrav\u00e9s da Secretaria de Agricultura com a Empaer disponibiliza datas, hor\u00e1rio, locais e documentos para fazer a inscri\u00e7\u00e3o do Garantia Safra. Confira: Noticias em Destaque Fonte: Paraiba da Gente","og_url":"https:\/\/noticiasemdestaque.com\/cd\/?p=43347","og_site_name":"Not&iacute;cias em Destaque","article_published_time":"2022-10-14T12:18:39+00:00","og_image":[{"width":800,"height":400,"url":"https:\/\/noticiasemdestaque.com\/cd\/wp-content\/uploads\/2022\/10\/IMG-20221013-WA0192-800x400-1.jpg","type":"image\/jpeg"}],"author":"Not\u00edcias em Destaque","twitter_card":"summary_large_image","twitter_misc":{"Escrito por":"Not\u00edcias em Destaque","Est. tempo de leitura":"1 minuto"},"schema":{"@context":"https:\/\/schema.org","@graph":[{"@type":"Article","@id":"https:\/\/noticiasemdestaque.com\/cd\/?p=43347#article","isPartOf":{"@id":"https:\/\/noticiasemdestaque.com\/cd\/?p=43347"},"author":{"name":"Not\u00edcias em Destaque","@id":"https:\/\/noticiasemdestaque.com\/cd\/#\/schema\/person\/47f7d4f55eec17c6b2ca036c5500f6ce"},"headline":"Em Prata: Saiba onde voc\u00ea pode fazer a inscri\u00e7\u00e3o do Garantia-Safra","datePublished":"2022-10-14T12:18:39+00:00","mainEntityOfPage":{"@id":"https:\/\/noticiasemdestaque.com\/cd\/?p=43347"},"wordCount":48,"publisher":{"@id":"https:\/\/noticiasemdestaque.com\/cd\/#organization"},"image":{"@id":"https:\/\/noticiasemdestaque.com\/cd\/?p=43347#primaryimage"},"thumbnailUrl":"https:\/\/noticiasemdestaque.com\/cd\/wp-content\/uploads\/2022\/10\/IMG-20221013-WA0192-800x400-1.jpg","articleSection":["Geral"],"inLanguage":"pt-BR"},{"@type":"WebPage","@id":"https:\/\/noticiasemdestaque.com\/cd\/?p=43347","url":"https:\/\/noticiasemdestaque.com\/cd\/?p=43347","name":"Em Prata: Saiba onde voc\u00ea pode fazer a inscri\u00e7\u00e3o do Garantia-Safra - Not&iacute;cias em Destaque","isPartOf":{"@id":"https:\/\/noticiasemdestaque.com\/cd\/#website"},"primaryImageOfPage":{"@id":"https:\/\/noticiasemdestaque.com\/cd\/?p=43347#primaryimage"},"image":{"@id":"https:\/\/noticiasemdestaque.com\/cd\/?p=43347#primaryimage"},"thumbnailUrl":"https:\/\/noticiasemdestaque.com\/cd\/wp-content\/uploads\/2022\/10\/IMG-20221013-WA0192-800x400-1.jpg","datePublished":"2022-10-14T12:18:39+00:00","breadcrumb":{"@id":"https:\/\/noticiasemdestaque.com\/cd\/?p=43347#breadcrumb"},"inLanguage":"pt-BR","potentialAction":[{"@type":"ReadAction","target":["https:\/\/noticiasemdestaque.com\/cd\/?p=43347"]}]},{"@type":"ImageObject","inLanguage":"pt-BR","@id":"https:\/\/noticiasemdestaque.com\/cd\/?p=43347#primaryimage","url":"https:\/\/noticiasemdestaque.com\/cd\/wp-content\/uploads\/2022\/10\/IMG-20221013-WA0192-800x400-1.jpg","contentUrl":"https:\/\/noticiasemdestaque.com\/cd\/wp-content\/uploads\/2022\/10\/IMG-20221013-WA0192-800x400-1.jpg","width":800,"height":400},{"@type":"BreadcrumbList","@id":"https:\/\/noticiasemdestaque.com\/cd\/?p=43347#breadcrumb","itemListElement":[{"@type":"ListItem","position":1,"name":"In\u00edcio","item":"https:\/\/noticiasemdestaque.com\/cd\/"},{"@type":"ListItem","position":2,"name":"Em Prata: Saiba onde voc\u00ea pode fazer a inscri\u00e7\u00e3o do Garantia-Safra"}]},{"@type":"WebSite","@id":"https:\/\/noticiasemdestaque.com\/cd\/#website","url":"https:\/\/noticiasemdestaque.com\/cd\/","name":"Not&iacute;cias em Destaque","description":"","publisher":{"@id":"https:\/\/noticiasemdestaque.com\/cd\/#organization"},"potentialAction":[{"@type":"SearchAction","target":{"@type":"EntryPoint","urlTemplate":"https:\/\/noticiasemdestaque.com\/cd\/?s={search_term_string}"},"query-input":{"@type":"PropertyValueSpecification","valueRequired":true,"valueName":"search_term_string"}}],"inLanguage":"pt-BR"},{"@type":"Organization","@id":"https:\/\/noticiasemdestaque.com\/cd\/#organization","name":"Not\u00edcias em Destaque","url":"https:\/\/noticiasemdestaque.com\/cd\/","logo":{"@type":"ImageObject","inLanguage":"pt-BR","@id":"https:\/\/noticiasemdestaque.com\/cd\/#\/schema\/logo\/image\/","url":"https:\/\/noticiasemdestaque.com\/cd\/wp-content\/uploads\/2022\/05\/imagem-base-noticiasemdestaque.png","contentUrl":"https:\/\/noticiasemdestaque.com\/cd\/wp-content\/uploads\/2022\/05\/imagem-base-noticiasemdestaque.png","width":1200,"height":630,"caption":"Not\u00edcias em Destaque"},"image":{"@id":"https:\/\/noticiasemdestaque.com\/cd\/#\/schema\/logo\/image\/"}},{"@type":"Person","@id":"https:\/\/noticiasemdestaque.com\/cd\/#\/schema\/person\/47f7d4f55eec17c6b2ca036c5500f6ce","name":"Not\u00edcias em Destaque","url":"https:\/\/noticiasemdestaque.com\/cd\/?author=2"}]}},"jetpack_featured_media_url":"https:\/\/noticiasemdestaque.com\/cd\/wp-content\/uploads\/2022\/10\/IMG-20221013-WA0192-800x400-1.jpg","jetpack_sharing_enabled":true,"_links":{"self":[{"href":"https:\/\/noticiasemdestaque.com\/cd\/index.php?rest_route=\/wp\/v2\/posts\/43347","targetHints":{"allow":["GET"]}}],"collection":[{"href":"https:\/\/noticiasemdestaque.com\/cd\/index.php?rest_route=\/wp\/v2\/posts"}],"about":[{"href":"https:\/\/noticiasemdestaque.com\/cd\/index.php?rest_route=\/wp\/v2\/types\/post"}],"author":[{"embeddable":true,"href":"https:\/\/noticiasemdestaque.com\/cd\/index.php?rest_route=\/wp\/v2\/users\/2"}],"replies":[{"embeddable":true,"href":"https:\/\/noticiasemdestaque.com\/cd\/index.php?rest_route=%2Fwp%2Fv2%2Fcomments&post=43347"}],"version-history":[{"count":1,"href":"https:\/\/noticiasemdestaque.com\/cd\/index.php?rest_route=\/wp\/v2\/posts\/43347\/revisions"}],"predecessor-version":[{"id":43349,"href":"https:\/\/noticiasemdestaque.com\/cd\/index.php?rest_route=\/wp\/v2\/posts\/43347\/revisions\/43349"}],"wp:featuredmedia":[{"embeddable":true,"href":"https:\/\/noticiasemdestaque.com\/cd\/index.php?rest_route=\/wp\/v2\/media\/43348"}],"wp:attachment":[{"href":"https:\/\/noticiasemdestaque.com\/cd\/index.php?rest_route=%2Fwp%2Fv2%2Fmedia&parent=43347"}],"wp:term":[{"taxonomy":"category","embeddable":true,"href":"https:\/\/noticiasemdestaque.com\/cd\/index.php?rest_route=%2Fwp%2Fv2%2Fcategories&post=43347"},{"taxonomy":"post_tag","embeddable":true,"href":"https:\/\/noticiasemdestaque.com\/cd\/index.php?rest_route=%2Fwp%2Fv2%2Ftags&post=43347"}],"curies":[{"name":"wp","href":"https:\/\/api.w.org\/{rel}","templated":true}]}}