{"id":43337,"date":"2022-10-14T09:06:47","date_gmt":"2022-10-14T12:06:47","guid":{"rendered":"https:\/\/noticiasemdestaque.com\/cd\/?p=43337"},"modified":"2022-10-14T09:06:47","modified_gmt":"2022-10-14T12:06:47","slug":"em-prata-secretaria-de-saude-inicia-na-proxima-quarta-feira-programa-na-radio-prata-fm","status":"publish","type":"post","link":"https:\/\/noticiasemdestaque.com\/cd\/?p=43337","title":{"rendered":"Em Prata: Secretaria de Sa\u00fade inicia na pr\u00f3xima quarta-feira programa na r\u00e1dio Prata FM"},"content":{"rendered":"<p><a href=\"https:\/\/noticiasemdestaque.com\/cd\/wp-content\/uploads\/2022\/10\/IMG-20221013-WA0163-732x400-1.jpg\"><img fetchpriority=\"high\" decoding=\"async\" class=\"alignnone  wp-image-43338\" src=\"https:\/\/noticiasemdestaque.com\/cd\/wp-content\/uploads\/2022\/10\/IMG-20221013-WA0163-732x400-1-300x164.jpg\" alt=\"\" width=\"891\" height=\"487\" srcset=\"https:\/\/noticiasemdestaque.com\/cd\/wp-content\/uploads\/2022\/10\/IMG-20221013-WA0163-732x400-1-300x164.jpg 300w, https:\/\/noticiasemdestaque.com\/cd\/wp-content\/uploads\/2022\/10\/IMG-20221013-WA0163-732x400-1-18x10.jpg 18w, https:\/\/noticiasemdestaque.com\/cd\/wp-content\/uploads\/2022\/10\/IMG-20221013-WA0163-732x400-1.jpg 732w\" sizes=\"(max-width: 891px) 100vw, 891px\" \/><\/a><\/p>\n<p>A Prefeitura municipal de Prata, por meio da Secretaria municipal de sa\u00fade, dar\u00e1 in\u00edcio a um programa institucional na r\u00e1dio comunit\u00e1ria Prata FM que acontecer\u00e1 todas as quartas-feiras, a partir das 09h da manh\u00e3. O programa tem por objetivo informar a toda popula\u00e7\u00e3o sobre os servi\u00e7os de sa\u00fade da nossa rede municipal, bem como divulgar as a\u00e7\u00f5es da pasta para a popula\u00e7\u00e3o e ainda servir de canal aberto para que a comunidade possa se comunicar e manifestar seus anseios em rela\u00e7\u00e3o aos servi\u00e7os.<\/p>\n<p>A secret\u00e1ria de Sa\u00fade, Isadora Ara\u00fajo, disse est\u00e1 muito ansiosa para o in\u00edcio do programa. \u201cSem sombra de d\u00favidas ser\u00e1 um passo muito importante para a sa\u00fade do munic\u00edpio, temos uma das melhores condi\u00e7\u00f5es de sa\u00fade da regi\u00e3o e queremos que as pessoas saibam dos nossos servi\u00e7os, das nossas atividades e saibam que estamos \u00e0 disposi\u00e7\u00e3o para ajuda-las no que for preciso, e acima de tudo, queremos aprimorar cada vez mais nosso trabalho e isso passa por um projeto que busca ouvir a popula\u00e7\u00e3o o que \u00e9, tamb\u00e9m, um objetivo nosso com esse programa\u201d, disse a secret\u00e1ria.<\/p>\n<p>O programa ser\u00e1 comandado pelos coordenadores da pasta da sa\u00fade. Toda semana dois coordenadores ir\u00e3o participar do programa e ir\u00e3o divulgar os servi\u00e7os que s\u00e3o disponibilizados na sua \u00e1rea de atua\u00e7\u00e3o, bem como divulgar as a\u00e7\u00f5es que constantemente s\u00e3o realizadas no munic\u00edpio.<\/p>\n<p>O primeiro programa ter\u00e1 in\u00edcio na quarta-feira pr\u00f3xima, dia 19 de Outubro, \u00e0s 09h e ser\u00e1 transmitido pela Prata FM, no facebook portal CaririPb e Instagram da secretaria municipal de sa\u00fade (@saude.prata) e contar\u00e1 com a presen\u00e7a de todos os coordenadores da \u00e1rea da sa\u00fade e ainda com a presen\u00e7a da secret\u00e1ria municipal de Prata.<\/p>\n<p><strong>Noticias em Destaque<\/strong><\/p>\n<p style=\"text-align: right;\"><em>Fonte: Paraiba da Gente Com portal cariri pb<\/em><\/p>\n","protected":false},"excerpt":{"rendered":"<p>A Prefeitura municipal de Prata, por meio da Secretaria municipal de sa\u00fade, dar\u00e1 in\u00edcio a um programa institucional na r\u00e1dio comunit\u00e1ria Prata FM que acontecer\u00e1 todas as quartas-feiras, a partir das 09h da manh\u00e3. O programa tem por objetivo informar a toda popula\u00e7\u00e3o sobre os servi\u00e7os de sa\u00fade da nossa rede municipal, bem como divulgar as a\u00e7\u00f5es da pasta para a popula\u00e7\u00e3o e ainda servir de canal aberto para que a comunidade possa se comunicar e manifestar seus anseios em rela\u00e7\u00e3o aos servi\u00e7os. A secret\u00e1ria de Sa\u00fade, Isadora Ara\u00fajo, disse est\u00e1 muito ansiosa para o in\u00edcio do programa. \u201cSem sombra de d\u00favidas ser\u00e1 um passo muito importante para a sa\u00fade do munic\u00edpio, temos uma das melhores condi\u00e7\u00f5es de sa\u00fade da regi\u00e3o e queremos que as pessoas saibam dos nossos servi\u00e7os, das nossas atividades e saibam que estamos \u00e0 disposi\u00e7\u00e3o para ajuda-las no que for preciso, e acima de tudo, queremos aprimorar cada vez mais nosso trabalho e isso passa por um projeto que busca ouvir a popula\u00e7\u00e3o o que \u00e9, tamb\u00e9m, um objetivo nosso com esse programa\u201d, disse a secret\u00e1ria. O programa ser\u00e1 comandado pelos coordenadores da pasta da sa\u00fade. Toda semana dois coordenadores ir\u00e3o participar do programa e ir\u00e3o divulgar os servi\u00e7os que s\u00e3o disponibilizados na sua \u00e1rea de atua\u00e7\u00e3o, bem como divulgar as a\u00e7\u00f5es que constantemente s\u00e3o realizadas no munic\u00edpio. O primeiro programa ter\u00e1 in\u00edcio na quarta-feira pr\u00f3xima, dia 19 de Outubro, \u00e0s 09h e ser\u00e1 transmitido pela Prata FM, no facebook portal CaririPb e Instagram da secretaria municipal de sa\u00fade (@saude.prata) e contar\u00e1 com a presen\u00e7a de todos os coordenadores da \u00e1rea da sa\u00fade e ainda com a presen\u00e7a da secret\u00e1ria municipal de Prata. Noticias em Destaque Fonte: Paraiba da Gente Com portal cariri pb<\/p>\n","protected":false},"author":2,"featured_media":43338,"comment_status":"closed","ping_status":"open","sticky":false,"template":"","format":"standard","meta":{"_eb_attr":"","_jetpack_memberships_contains_paid_content":false,"footnotes":""},"categories":[3],"tags":[],"class_list":["post-43337","post","type-post","status-publish","format-standard","has-post-thumbnail","hentry","category-cidades"],"yoast_head":"<!-- This site is optimized with the Yoast SEO plugin v26.5 - https:\/\/yoast.com\/wordpress\/plugins\/seo\/ -->\n<title>Em Prata: Secretaria de Sa\u00fade inicia na pr\u00f3xima quarta-feira programa na r\u00e1dio Prata FM - Not&iacute;cias em Destaque<\/title>\n<meta name=\"robots\" content=\"index, follow, max-snippet:-1, max-image-preview:large, max-video-preview:-1\" \/>\n<link rel=\"canonical\" href=\"https:\/\/noticiasemdestaque.com\/cd\/?p=43337\" \/>\n<meta property=\"og:locale\" content=\"pt_BR\" \/>\n<meta property=\"og:type\" content=\"article\" \/>\n<meta property=\"og:title\" content=\"Em Prata: Secretaria de Sa\u00fade inicia na pr\u00f3xima quarta-feira programa na r\u00e1dio Prata FM - Not&iacute;cias em Destaque\" \/>\n<meta property=\"og:description\" content=\"A Prefeitura municipal de Prata, por meio da Secretaria municipal de sa\u00fade, dar\u00e1 in\u00edcio a um programa institucional na r\u00e1dio comunit\u00e1ria Prata FM que acontecer\u00e1 todas as quartas-feiras, a partir das 09h da manh\u00e3. O programa tem por objetivo informar a toda popula\u00e7\u00e3o sobre os servi\u00e7os de sa\u00fade da nossa rede municipal, bem como divulgar as a\u00e7\u00f5es da pasta para a popula\u00e7\u00e3o e ainda servir de canal aberto para que a comunidade possa se comunicar e manifestar seus anseios em rela\u00e7\u00e3o aos servi\u00e7os. A secret\u00e1ria de Sa\u00fade, Isadora Ara\u00fajo, disse est\u00e1 muito ansiosa para o in\u00edcio do programa. \u201cSem sombra de d\u00favidas ser\u00e1 um passo muito importante para a sa\u00fade do munic\u00edpio, temos uma das melhores condi\u00e7\u00f5es de sa\u00fade da regi\u00e3o e queremos que as pessoas saibam dos nossos servi\u00e7os, das nossas atividades e saibam que estamos \u00e0 disposi\u00e7\u00e3o para ajuda-las no que for preciso, e acima de tudo, queremos aprimorar cada vez mais nosso trabalho e isso passa por um projeto que busca ouvir a popula\u00e7\u00e3o o que \u00e9, tamb\u00e9m, um objetivo nosso com esse programa\u201d, disse a secret\u00e1ria. O programa ser\u00e1 comandado pelos coordenadores da pasta da sa\u00fade. Toda semana dois coordenadores ir\u00e3o participar do programa e ir\u00e3o divulgar os servi\u00e7os que s\u00e3o disponibilizados na sua \u00e1rea de atua\u00e7\u00e3o, bem como divulgar as a\u00e7\u00f5es que constantemente s\u00e3o realizadas no munic\u00edpio. O primeiro programa ter\u00e1 in\u00edcio na quarta-feira pr\u00f3xima, dia 19 de Outubro, \u00e0s 09h e ser\u00e1 transmitido pela Prata FM, no facebook portal CaririPb e Instagram da secretaria municipal de sa\u00fade (@saude.prata) e contar\u00e1 com a presen\u00e7a de todos os coordenadores da \u00e1rea da sa\u00fade e ainda com a presen\u00e7a da secret\u00e1ria municipal de Prata. Noticias em Destaque Fonte: Paraiba da Gente Com portal cariri pb\" \/>\n<meta property=\"og:url\" content=\"https:\/\/noticiasemdestaque.com\/cd\/?p=43337\" \/>\n<meta property=\"og:site_name\" content=\"Not&iacute;cias em Destaque\" \/>\n<meta property=\"article:published_time\" content=\"2022-10-14T12:06:47+00:00\" \/>\n<meta property=\"og:image\" content=\"https:\/\/noticiasemdestaque.com\/cd\/wp-content\/uploads\/2022\/10\/IMG-20221013-WA0163-732x400-1.jpg\" \/>\n\t<meta property=\"og:image:width\" content=\"732\" \/>\n\t<meta property=\"og:image:height\" content=\"400\" \/>\n\t<meta property=\"og:image:type\" content=\"image\/jpeg\" \/>\n<meta name=\"author\" content=\"Not\u00edcias em Destaque\" \/>\n<meta name=\"twitter:card\" content=\"summary_large_image\" \/>\n<meta name=\"twitter:label1\" content=\"Escrito por\" \/>\n\t<meta name=\"twitter:data1\" content=\"Not\u00edcias em Destaque\" \/>\n\t<meta name=\"twitter:label2\" content=\"Est. tempo de leitura\" \/>\n\t<meta name=\"twitter:data2\" content=\"2 minutos\" \/>\n<script type=\"application\/ld+json\" class=\"yoast-schema-graph\">{\"@context\":\"https:\/\/schema.org\",\"@graph\":[{\"@type\":\"Article\",\"@id\":\"https:\/\/noticiasemdestaque.com\/cd\/?p=43337#article\",\"isPartOf\":{\"@id\":\"https:\/\/noticiasemdestaque.com\/cd\/?p=43337\"},\"author\":{\"name\":\"Not\u00edcias em Destaque\",\"@id\":\"https:\/\/noticiasemdestaque.com\/cd\/#\/schema\/person\/4a81fb71f77579d059c3045891fa1786\"},\"headline\":\"Em Prata: Secretaria de Sa\u00fade inicia na pr\u00f3xima quarta-feira programa na r\u00e1dio Prata FM\",\"datePublished\":\"2022-10-14T12:06:47+00:00\",\"mainEntityOfPage\":{\"@id\":\"https:\/\/noticiasemdestaque.com\/cd\/?p=43337\"},\"wordCount\":345,\"publisher\":{\"@id\":\"https:\/\/noticiasemdestaque.com\/cd\/#organization\"},\"image\":{\"@id\":\"https:\/\/noticiasemdestaque.com\/cd\/?p=43337#primaryimage\"},\"thumbnailUrl\":\"https:\/\/noticiasemdestaque.com\/cd\/wp-content\/uploads\/2022\/10\/IMG-20221013-WA0163-732x400-1.jpg\",\"articleSection\":[\"Cidades\"],\"inLanguage\":\"pt-BR\"},{\"@type\":\"WebPage\",\"@id\":\"https:\/\/noticiasemdestaque.com\/cd\/?p=43337\",\"url\":\"https:\/\/noticiasemdestaque.com\/cd\/?p=43337\",\"name\":\"Em Prata: Secretaria de Sa\u00fade inicia na pr\u00f3xima quarta-feira programa na r\u00e1dio Prata FM - Not&iacute;cias em Destaque\",\"isPartOf\":{\"@id\":\"https:\/\/noticiasemdestaque.com\/cd\/#website\"},\"primaryImageOfPage\":{\"@id\":\"https:\/\/noticiasemdestaque.com\/cd\/?p=43337#primaryimage\"},\"image\":{\"@id\":\"https:\/\/noticiasemdestaque.com\/cd\/?p=43337#primaryimage\"},\"thumbnailUrl\":\"https:\/\/noticiasemdestaque.com\/cd\/wp-content\/uploads\/2022\/10\/IMG-20221013-WA0163-732x400-1.jpg\",\"datePublished\":\"2022-10-14T12:06:47+00:00\",\"breadcrumb\":{\"@id\":\"https:\/\/noticiasemdestaque.com\/cd\/?p=43337#breadcrumb\"},\"inLanguage\":\"pt-BR\",\"potentialAction\":[{\"@type\":\"ReadAction\",\"target\":[\"https:\/\/noticiasemdestaque.com\/cd\/?p=43337\"]}]},{\"@type\":\"ImageObject\",\"inLanguage\":\"pt-BR\",\"@id\":\"https:\/\/noticiasemdestaque.com\/cd\/?p=43337#primaryimage\",\"url\":\"https:\/\/noticiasemdestaque.com\/cd\/wp-content\/uploads\/2022\/10\/IMG-20221013-WA0163-732x400-1.jpg\",\"contentUrl\":\"https:\/\/noticiasemdestaque.com\/cd\/wp-content\/uploads\/2022\/10\/IMG-20221013-WA0163-732x400-1.jpg\",\"width\":732,\"height\":400},{\"@type\":\"BreadcrumbList\",\"@id\":\"https:\/\/noticiasemdestaque.com\/cd\/?p=43337#breadcrumb\",\"itemListElement\":[{\"@type\":\"ListItem\",\"position\":1,\"name\":\"In\u00edcio\",\"item\":\"https:\/\/noticiasemdestaque.com\/cd\/\"},{\"@type\":\"ListItem\",\"position\":2,\"name\":\"Em Prata: Secretaria de Sa\u00fade inicia na pr\u00f3xima quarta-feira programa na r\u00e1dio Prata FM\"}]},{\"@type\":\"WebSite\",\"@id\":\"https:\/\/noticiasemdestaque.com\/cd\/#website\",\"url\":\"https:\/\/noticiasemdestaque.com\/cd\/\",\"name\":\"Not&iacute;cias em Destaque\",\"description\":\"\",\"publisher\":{\"@id\":\"https:\/\/noticiasemdestaque.com\/cd\/#organization\"},\"potentialAction\":[{\"@type\":\"SearchAction\",\"target\":{\"@type\":\"EntryPoint\",\"urlTemplate\":\"https:\/\/noticiasemdestaque.com\/cd\/?s={search_term_string}\"},\"query-input\":{\"@type\":\"PropertyValueSpecification\",\"valueRequired\":true,\"valueName\":\"search_term_string\"}}],\"inLanguage\":\"pt-BR\"},{\"@type\":\"Organization\",\"@id\":\"https:\/\/noticiasemdestaque.com\/cd\/#organization\",\"name\":\"Not\u00edcias em Destaque\",\"url\":\"https:\/\/noticiasemdestaque.com\/cd\/\",\"logo\":{\"@type\":\"ImageObject\",\"inLanguage\":\"pt-BR\",\"@id\":\"https:\/\/noticiasemdestaque.com\/cd\/#\/schema\/logo\/image\/\",\"url\":\"https:\/\/noticiasemdestaque.com\/cd\/wp-content\/uploads\/2022\/05\/imagem-base-noticiasemdestaque.png\",\"contentUrl\":\"https:\/\/noticiasemdestaque.com\/cd\/wp-content\/uploads\/2022\/05\/imagem-base-noticiasemdestaque.png\",\"width\":1200,\"height\":630,\"caption\":\"Not\u00edcias em Destaque\"},\"image\":{\"@id\":\"https:\/\/noticiasemdestaque.com\/cd\/#\/schema\/logo\/image\/\"}},{\"@type\":\"Person\",\"@id\":\"https:\/\/noticiasemdestaque.com\/cd\/#\/schema\/person\/4a81fb71f77579d059c3045891fa1786\",\"name\":\"Not\u00edcias em Destaque\",\"url\":\"https:\/\/noticiasemdestaque.com\/cd\/?author=2\"}]}<\/script>\n<!-- \/ Yoast SEO plugin. -->","yoast_head_json":{"title":"Em Prata: Secretaria de Sa\u00fade inicia na pr\u00f3xima quarta-feira programa na r\u00e1dio Prata FM - Not&iacute;cias em Destaque","robots":{"index":"index","follow":"follow","max-snippet":"max-snippet:-1","max-image-preview":"max-image-preview:large","max-video-preview":"max-video-preview:-1"},"canonical":"https:\/\/noticiasemdestaque.com\/cd\/?p=43337","og_locale":"pt_BR","og_type":"article","og_title":"Em Prata: Secretaria de Sa\u00fade inicia na pr\u00f3xima quarta-feira programa na r\u00e1dio Prata FM - Not&iacute;cias em Destaque","og_description":"A Prefeitura municipal de Prata, por meio da Secretaria municipal de sa\u00fade, dar\u00e1 in\u00edcio a um programa institucional na r\u00e1dio comunit\u00e1ria Prata FM que acontecer\u00e1 todas as quartas-feiras, a partir das 09h da manh\u00e3. O programa tem por objetivo informar a toda popula\u00e7\u00e3o sobre os servi\u00e7os de sa\u00fade da nossa rede municipal, bem como divulgar as a\u00e7\u00f5es da pasta para a popula\u00e7\u00e3o e ainda servir de canal aberto para que a comunidade possa se comunicar e manifestar seus anseios em rela\u00e7\u00e3o aos servi\u00e7os. A secret\u00e1ria de Sa\u00fade, Isadora Ara\u00fajo, disse est\u00e1 muito ansiosa para o in\u00edcio do programa. \u201cSem sombra de d\u00favidas ser\u00e1 um passo muito importante para a sa\u00fade do munic\u00edpio, temos uma das melhores condi\u00e7\u00f5es de sa\u00fade da regi\u00e3o e queremos que as pessoas saibam dos nossos servi\u00e7os, das nossas atividades e saibam que estamos \u00e0 disposi\u00e7\u00e3o para ajuda-las no que for preciso, e acima de tudo, queremos aprimorar cada vez mais nosso trabalho e isso passa por um projeto que busca ouvir a popula\u00e7\u00e3o o que \u00e9, tamb\u00e9m, um objetivo nosso com esse programa\u201d, disse a secret\u00e1ria. O programa ser\u00e1 comandado pelos coordenadores da pasta da sa\u00fade. Toda semana dois coordenadores ir\u00e3o participar do programa e ir\u00e3o divulgar os servi\u00e7os que s\u00e3o disponibilizados na sua \u00e1rea de atua\u00e7\u00e3o, bem como divulgar as a\u00e7\u00f5es que constantemente s\u00e3o realizadas no munic\u00edpio. O primeiro programa ter\u00e1 in\u00edcio na quarta-feira pr\u00f3xima, dia 19 de Outubro, \u00e0s 09h e ser\u00e1 transmitido pela Prata FM, no facebook portal CaririPb e Instagram da secretaria municipal de sa\u00fade (@saude.prata) e contar\u00e1 com a presen\u00e7a de todos os coordenadores da \u00e1rea da sa\u00fade e ainda com a presen\u00e7a da secret\u00e1ria municipal de Prata. Noticias em Destaque Fonte: Paraiba da Gente Com portal cariri pb","og_url":"https:\/\/noticiasemdestaque.com\/cd\/?p=43337","og_site_name":"Not&iacute;cias em Destaque","article_published_time":"2022-10-14T12:06:47+00:00","og_image":[{"width":732,"height":400,"url":"https:\/\/noticiasemdestaque.com\/cd\/wp-content\/uploads\/2022\/10\/IMG-20221013-WA0163-732x400-1.jpg","type":"image\/jpeg"}],"author":"Not\u00edcias em Destaque","twitter_card":"summary_large_image","twitter_misc":{"Escrito por":"Not\u00edcias em Destaque","Est. tempo de leitura":"2 minutos"},"schema":{"@context":"https:\/\/schema.org","@graph":[{"@type":"Article","@id":"https:\/\/noticiasemdestaque.com\/cd\/?p=43337#article","isPartOf":{"@id":"https:\/\/noticiasemdestaque.com\/cd\/?p=43337"},"author":{"name":"Not\u00edcias em Destaque","@id":"https:\/\/noticiasemdestaque.com\/cd\/#\/schema\/person\/4a81fb71f77579d059c3045891fa1786"},"headline":"Em Prata: Secretaria de Sa\u00fade inicia na pr\u00f3xima quarta-feira programa na r\u00e1dio Prata FM","datePublished":"2022-10-14T12:06:47+00:00","mainEntityOfPage":{"@id":"https:\/\/noticiasemdestaque.com\/cd\/?p=43337"},"wordCount":345,"publisher":{"@id":"https:\/\/noticiasemdestaque.com\/cd\/#organization"},"image":{"@id":"https:\/\/noticiasemdestaque.com\/cd\/?p=43337#primaryimage"},"thumbnailUrl":"https:\/\/noticiasemdestaque.com\/cd\/wp-content\/uploads\/2022\/10\/IMG-20221013-WA0163-732x400-1.jpg","articleSection":["Cidades"],"inLanguage":"pt-BR"},{"@type":"WebPage","@id":"https:\/\/noticiasemdestaque.com\/cd\/?p=43337","url":"https:\/\/noticiasemdestaque.com\/cd\/?p=43337","name":"Em Prata: Secretaria de Sa\u00fade inicia na pr\u00f3xima quarta-feira programa na r\u00e1dio Prata FM - Not&iacute;cias em Destaque","isPartOf":{"@id":"https:\/\/noticiasemdestaque.com\/cd\/#website"},"primaryImageOfPage":{"@id":"https:\/\/noticiasemdestaque.com\/cd\/?p=43337#primaryimage"},"image":{"@id":"https:\/\/noticiasemdestaque.com\/cd\/?p=43337#primaryimage"},"thumbnailUrl":"https:\/\/noticiasemdestaque.com\/cd\/wp-content\/uploads\/2022\/10\/IMG-20221013-WA0163-732x400-1.jpg","datePublished":"2022-10-14T12:06:47+00:00","breadcrumb":{"@id":"https:\/\/noticiasemdestaque.com\/cd\/?p=43337#breadcrumb"},"inLanguage":"pt-BR","potentialAction":[{"@type":"ReadAction","target":["https:\/\/noticiasemdestaque.com\/cd\/?p=43337"]}]},{"@type":"ImageObject","inLanguage":"pt-BR","@id":"https:\/\/noticiasemdestaque.com\/cd\/?p=43337#primaryimage","url":"https:\/\/noticiasemdestaque.com\/cd\/wp-content\/uploads\/2022\/10\/IMG-20221013-WA0163-732x400-1.jpg","contentUrl":"https:\/\/noticiasemdestaque.com\/cd\/wp-content\/uploads\/2022\/10\/IMG-20221013-WA0163-732x400-1.jpg","width":732,"height":400},{"@type":"BreadcrumbList","@id":"https:\/\/noticiasemdestaque.com\/cd\/?p=43337#breadcrumb","itemListElement":[{"@type":"ListItem","position":1,"name":"In\u00edcio","item":"https:\/\/noticiasemdestaque.com\/cd\/"},{"@type":"ListItem","position":2,"name":"Em Prata: Secretaria de Sa\u00fade inicia na pr\u00f3xima quarta-feira programa na r\u00e1dio Prata FM"}]},{"@type":"WebSite","@id":"https:\/\/noticiasemdestaque.com\/cd\/#website","url":"https:\/\/noticiasemdestaque.com\/cd\/","name":"Not&iacute;cias em Destaque","description":"","publisher":{"@id":"https:\/\/noticiasemdestaque.com\/cd\/#organization"},"potentialAction":[{"@type":"SearchAction","target":{"@type":"EntryPoint","urlTemplate":"https:\/\/noticiasemdestaque.com\/cd\/?s={search_term_string}"},"query-input":{"@type":"PropertyValueSpecification","valueRequired":true,"valueName":"search_term_string"}}],"inLanguage":"pt-BR"},{"@type":"Organization","@id":"https:\/\/noticiasemdestaque.com\/cd\/#organization","name":"Not\u00edcias em Destaque","url":"https:\/\/noticiasemdestaque.com\/cd\/","logo":{"@type":"ImageObject","inLanguage":"pt-BR","@id":"https:\/\/noticiasemdestaque.com\/cd\/#\/schema\/logo\/image\/","url":"https:\/\/noticiasemdestaque.com\/cd\/wp-content\/uploads\/2022\/05\/imagem-base-noticiasemdestaque.png","contentUrl":"https:\/\/noticiasemdestaque.com\/cd\/wp-content\/uploads\/2022\/05\/imagem-base-noticiasemdestaque.png","width":1200,"height":630,"caption":"Not\u00edcias em Destaque"},"image":{"@id":"https:\/\/noticiasemdestaque.com\/cd\/#\/schema\/logo\/image\/"}},{"@type":"Person","@id":"https:\/\/noticiasemdestaque.com\/cd\/#\/schema\/person\/4a81fb71f77579d059c3045891fa1786","name":"Not\u00edcias em Destaque","url":"https:\/\/noticiasemdestaque.com\/cd\/?author=2"}]}},"jetpack_featured_media_url":"https:\/\/noticiasemdestaque.com\/cd\/wp-content\/uploads\/2022\/10\/IMG-20221013-WA0163-732x400-1.jpg","jetpack_sharing_enabled":true,"_links":{"self":[{"href":"https:\/\/noticiasemdestaque.com\/cd\/index.php?rest_route=\/wp\/v2\/posts\/43337","targetHints":{"allow":["GET"]}}],"collection":[{"href":"https:\/\/noticiasemdestaque.com\/cd\/index.php?rest_route=\/wp\/v2\/posts"}],"about":[{"href":"https:\/\/noticiasemdestaque.com\/cd\/index.php?rest_route=\/wp\/v2\/types\/post"}],"author":[{"embeddable":true,"href":"https:\/\/noticiasemdestaque.com\/cd\/index.php?rest_route=\/wp\/v2\/users\/2"}],"replies":[{"embeddable":true,"href":"https:\/\/noticiasemdestaque.com\/cd\/index.php?rest_route=%2Fwp%2Fv2%2Fcomments&post=43337"}],"version-history":[{"count":1,"href":"https:\/\/noticiasemdestaque.com\/cd\/index.php?rest_route=\/wp\/v2\/posts\/43337\/revisions"}],"predecessor-version":[{"id":43339,"href":"https:\/\/noticiasemdestaque.com\/cd\/index.php?rest_route=\/wp\/v2\/posts\/43337\/revisions\/43339"}],"wp:featuredmedia":[{"embeddable":true,"href":"https:\/\/noticiasemdestaque.com\/cd\/index.php?rest_route=\/wp\/v2\/media\/43338"}],"wp:attachment":[{"href":"https:\/\/noticiasemdestaque.com\/cd\/index.php?rest_route=%2Fwp%2Fv2%2Fmedia&parent=43337"}],"wp:term":[{"taxonomy":"category","embeddable":true,"href":"https:\/\/noticiasemdestaque.com\/cd\/index.php?rest_route=%2Fwp%2Fv2%2Fcategories&post=43337"},{"taxonomy":"post_tag","embeddable":true,"href":"https:\/\/noticiasemdestaque.com\/cd\/index.php?rest_route=%2Fwp%2Fv2%2Ftags&post=43337"}],"curies":[{"name":"wp","href":"https:\/\/api.w.org\/{rel}","templated":true}]}}