{"id":4333,"date":"2017-09-15T13:51:59","date_gmt":"2017-09-15T16:51:59","guid":{"rendered":"http:\/\/caririemdestaque.com\/cd\/?p=4333"},"modified":"2017-09-15T13:51:59","modified_gmt":"2017-09-15T16:51:59","slug":"em-festa-que-reuniu-aliados-de-rc-e-cassio-maranhao-recebe-camisa-com-ze-15","status":"publish","type":"post","link":"https:\/\/noticiasemdestaque.com\/cd\/?p=4333","title":{"rendered":"Em festa que reuniu aliados de RC e C\u00e1ssio, Maranh\u00e3o recebe camisa com &#8220;Z\u00e9 15&#8221;"},"content":{"rendered":"<p><a href=\"http:\/\/caririemdestaque.com\/cd\/wp-content\/uploads\/2017\/09\/14-09-2017.213107_azezaaaa.png\"><img fetchpriority=\"high\" decoding=\"async\" class=\"alignleft wp-image-4334 size-medium\" src=\"http:\/\/caririemdestaque.com\/cd\/wp-content\/uploads\/2017\/09\/14-09-2017.213107_azezaaaa-300x189.png\" alt=\"\" width=\"300\" height=\"189\" srcset=\"https:\/\/noticiasemdestaque.com\/cd\/wp-content\/uploads\/2017\/09\/14-09-2017.213107_azezaaaa-300x189.png 300w, https:\/\/noticiasemdestaque.com\/cd\/wp-content\/uploads\/2017\/09\/14-09-2017.213107_azezaaaa.png 380w\" sizes=\"(max-width: 300px) 100vw, 300px\" \/><\/a>O senador Jos\u00e9 Maranh\u00e3o (PMDB) foi surpreendido na noite desta quarta-feira (13), por uma festa que reuniu peemedebistas, e outros aliados pol\u00edticos, em Bras\u00edlia. O evento, que ocorreu em um restaurante da Capital federal, contou com a presen\u00e7a do senador C\u00e1ssio Cunha Lima (PSDB) e de membros da bancada paraibana aliados do governador Ricardo Coutinho (PSB). A festa desta quarta foi organizada por integrantes do gabinete do senador. Maranh\u00e3o agradeceu a homenagem e divulgou as imagens da ocasi\u00e3o nesta quinta-feira (14).<\/p>\n<p>O peemedebista aproveitou o momebto para posar com um presente recebido pelos aliados do PMDB: uma camisa vermelha com a escritura \u201cZ\u00e9 15\u201d. O senador j\u00e1 reiterou o seu nome como pr\u00e9-candidato ao governo do Estado em 2018.<\/p>\n<p>Nesta sexta-feira (15), ocorrer\u00e1 uma nova comemora\u00e7\u00e3o, desta vez uma churrascaria de Jo\u00e3o Pessoa. Dentre autoridades, aliados e amigos, foram convidados o governador Ricardo Coutinho (PSB) e o senador C\u00e1ssio Cunha Lima (PSDB).<\/p>\n<p><strong><em>Cariri em Destaque<\/em><\/strong><\/p>\n<p>Com WSCOM<\/p>\n","protected":false},"excerpt":{"rendered":"<p>O senador Jos\u00e9 Maranh\u00e3o (PMDB) foi surpreendido na noite desta quarta-feira (13), por uma festa que reuniu peemedebistas, e outros aliados pol\u00edticos, em Bras\u00edlia. O evento, que ocorreu em um restaurante da Capital federal, contou com a presen\u00e7a do senador C\u00e1ssio Cunha Lima (PSDB) e de membros da bancada paraibana aliados do governador Ricardo Coutinho (PSB). A festa desta quarta foi organizada por integrantes do gabinete do senador. Maranh\u00e3o agradeceu a homenagem e divulgou as imagens da ocasi\u00e3o nesta quinta-feira (14). O peemedebista aproveitou o momebto para posar com um presente recebido pelos aliados do PMDB: uma camisa vermelha com a escritura \u201cZ\u00e9 15\u201d. O senador j\u00e1 reiterou o seu nome como pr\u00e9-candidato ao governo do Estado em 2018. Nesta sexta-feira (15), ocorrer\u00e1 uma nova comemora\u00e7\u00e3o, desta vez uma churrascaria de Jo\u00e3o Pessoa. Dentre autoridades, aliados e amigos, foram convidados o governador Ricardo Coutinho (PSB) e o senador C\u00e1ssio Cunha Lima (PSDB). Cariri em Destaque Com WSCOM<\/p>\n","protected":false},"author":2,"featured_media":4334,"comment_status":"closed","ping_status":"open","sticky":false,"template":"","format":"standard","meta":{"_eb_attr":"","_jetpack_memberships_contains_paid_content":false,"footnotes":""},"categories":[4],"tags":[],"class_list":["post-4333","post","type-post","status-publish","format-standard","has-post-thumbnail","hentry","category-politica"],"yoast_head":"<!-- This site is optimized with the Yoast SEO plugin v26.5 - https:\/\/yoast.com\/wordpress\/plugins\/seo\/ -->\n<title>Em festa que reuniu aliados de RC e C\u00e1ssio, Maranh\u00e3o recebe camisa com &quot;Z\u00e9 15&quot; - Not&iacute;cias em Destaque<\/title>\n<meta name=\"robots\" content=\"index, follow, max-snippet:-1, max-image-preview:large, max-video-preview:-1\" \/>\n<link rel=\"canonical\" href=\"https:\/\/noticiasemdestaque.com\/cd\/?p=4333\" \/>\n<meta property=\"og:locale\" content=\"pt_BR\" \/>\n<meta property=\"og:type\" content=\"article\" \/>\n<meta property=\"og:title\" content=\"Em festa que reuniu aliados de RC e C\u00e1ssio, Maranh\u00e3o recebe camisa com &quot;Z\u00e9 15&quot; - Not&iacute;cias em Destaque\" \/>\n<meta property=\"og:description\" content=\"O senador Jos\u00e9 Maranh\u00e3o (PMDB) foi surpreendido na noite desta quarta-feira (13), por uma festa que reuniu peemedebistas, e outros aliados pol\u00edticos, em Bras\u00edlia. O evento, que ocorreu em um restaurante da Capital federal, contou com a presen\u00e7a do senador C\u00e1ssio Cunha Lima (PSDB) e de membros da bancada paraibana aliados do governador Ricardo Coutinho (PSB). A festa desta quarta foi organizada por integrantes do gabinete do senador. Maranh\u00e3o agradeceu a homenagem e divulgou as imagens da ocasi\u00e3o nesta quinta-feira (14). O peemedebista aproveitou o momebto para posar com um presente recebido pelos aliados do PMDB: uma camisa vermelha com a escritura \u201cZ\u00e9 15\u201d. O senador j\u00e1 reiterou o seu nome como pr\u00e9-candidato ao governo do Estado em 2018. Nesta sexta-feira (15), ocorrer\u00e1 uma nova comemora\u00e7\u00e3o, desta vez uma churrascaria de Jo\u00e3o Pessoa. Dentre autoridades, aliados e amigos, foram convidados o governador Ricardo Coutinho (PSB) e o senador C\u00e1ssio Cunha Lima (PSDB). Cariri em Destaque Com WSCOM\" \/>\n<meta property=\"og:url\" content=\"https:\/\/noticiasemdestaque.com\/cd\/?p=4333\" \/>\n<meta property=\"og:site_name\" content=\"Not&iacute;cias em Destaque\" \/>\n<meta property=\"article:published_time\" content=\"2017-09-15T16:51:59+00:00\" \/>\n<meta property=\"og:image\" content=\"https:\/\/noticiasemdestaque.com\/cd\/wp-content\/uploads\/2017\/09\/14-09-2017.213107_azezaaaa.png\" \/>\n\t<meta property=\"og:image:width\" content=\"380\" \/>\n\t<meta property=\"og:image:height\" content=\"240\" \/>\n\t<meta property=\"og:image:type\" content=\"image\/png\" \/>\n<meta name=\"author\" content=\"Not\u00edcias em Destaque\" \/>\n<meta name=\"twitter:card\" content=\"summary_large_image\" \/>\n<meta name=\"twitter:label1\" content=\"Escrito por\" \/>\n\t<meta name=\"twitter:data1\" content=\"Not\u00edcias em Destaque\" \/>\n\t<meta name=\"twitter:label2\" content=\"Est. tempo de leitura\" \/>\n\t<meta name=\"twitter:data2\" content=\"1 minuto\" \/>\n<script type=\"application\/ld+json\" class=\"yoast-schema-graph\">{\"@context\":\"https:\/\/schema.org\",\"@graph\":[{\"@type\":\"Article\",\"@id\":\"https:\/\/noticiasemdestaque.com\/cd\/?p=4333#article\",\"isPartOf\":{\"@id\":\"https:\/\/noticiasemdestaque.com\/cd\/?p=4333\"},\"author\":{\"name\":\"Not\u00edcias em Destaque\",\"@id\":\"https:\/\/noticiasemdestaque.com\/cd\/#\/schema\/person\/21320b03a7e8bb90128938dafc9b908a\"},\"headline\":\"Em festa que reuniu aliados de RC e C\u00e1ssio, Maranh\u00e3o recebe camisa com &#8220;Z\u00e9 15&#8221;\",\"datePublished\":\"2017-09-15T16:51:59+00:00\",\"mainEntityOfPage\":{\"@id\":\"https:\/\/noticiasemdestaque.com\/cd\/?p=4333\"},\"wordCount\":179,\"publisher\":{\"@id\":\"https:\/\/noticiasemdestaque.com\/cd\/#organization\"},\"image\":{\"@id\":\"https:\/\/noticiasemdestaque.com\/cd\/?p=4333#primaryimage\"},\"thumbnailUrl\":\"https:\/\/noticiasemdestaque.com\/cd\/wp-content\/uploads\/2017\/09\/14-09-2017.213107_azezaaaa.png\",\"articleSection\":[\"Pol\u00edtica\"],\"inLanguage\":\"pt-BR\"},{\"@type\":\"WebPage\",\"@id\":\"https:\/\/noticiasemdestaque.com\/cd\/?p=4333\",\"url\":\"https:\/\/noticiasemdestaque.com\/cd\/?p=4333\",\"name\":\"Em festa que reuniu aliados de RC e C\u00e1ssio, Maranh\u00e3o recebe camisa com \\\"Z\u00e9 15\\\" - Not&iacute;cias em Destaque\",\"isPartOf\":{\"@id\":\"https:\/\/noticiasemdestaque.com\/cd\/#website\"},\"primaryImageOfPage\":{\"@id\":\"https:\/\/noticiasemdestaque.com\/cd\/?p=4333#primaryimage\"},\"image\":{\"@id\":\"https:\/\/noticiasemdestaque.com\/cd\/?p=4333#primaryimage\"},\"thumbnailUrl\":\"https:\/\/noticiasemdestaque.com\/cd\/wp-content\/uploads\/2017\/09\/14-09-2017.213107_azezaaaa.png\",\"datePublished\":\"2017-09-15T16:51:59+00:00\",\"breadcrumb\":{\"@id\":\"https:\/\/noticiasemdestaque.com\/cd\/?p=4333#breadcrumb\"},\"inLanguage\":\"pt-BR\",\"potentialAction\":[{\"@type\":\"ReadAction\",\"target\":[\"https:\/\/noticiasemdestaque.com\/cd\/?p=4333\"]}]},{\"@type\":\"ImageObject\",\"inLanguage\":\"pt-BR\",\"@id\":\"https:\/\/noticiasemdestaque.com\/cd\/?p=4333#primaryimage\",\"url\":\"https:\/\/noticiasemdestaque.com\/cd\/wp-content\/uploads\/2017\/09\/14-09-2017.213107_azezaaaa.png\",\"contentUrl\":\"https:\/\/noticiasemdestaque.com\/cd\/wp-content\/uploads\/2017\/09\/14-09-2017.213107_azezaaaa.png\",\"width\":380,\"height\":240},{\"@type\":\"BreadcrumbList\",\"@id\":\"https:\/\/noticiasemdestaque.com\/cd\/?p=4333#breadcrumb\",\"itemListElement\":[{\"@type\":\"ListItem\",\"position\":1,\"name\":\"In\u00edcio\",\"item\":\"https:\/\/noticiasemdestaque.com\/cd\/\"},{\"@type\":\"ListItem\",\"position\":2,\"name\":\"Em festa que reuniu aliados de RC e C\u00e1ssio, Maranh\u00e3o recebe camisa com &#8220;Z\u00e9 15&#8221;\"}]},{\"@type\":\"WebSite\",\"@id\":\"https:\/\/noticiasemdestaque.com\/cd\/#website\",\"url\":\"https:\/\/noticiasemdestaque.com\/cd\/\",\"name\":\"Not&iacute;cias em Destaque\",\"description\":\"\",\"publisher\":{\"@id\":\"https:\/\/noticiasemdestaque.com\/cd\/#organization\"},\"potentialAction\":[{\"@type\":\"SearchAction\",\"target\":{\"@type\":\"EntryPoint\",\"urlTemplate\":\"https:\/\/noticiasemdestaque.com\/cd\/?s={search_term_string}\"},\"query-input\":{\"@type\":\"PropertyValueSpecification\",\"valueRequired\":true,\"valueName\":\"search_term_string\"}}],\"inLanguage\":\"pt-BR\"},{\"@type\":\"Organization\",\"@id\":\"https:\/\/noticiasemdestaque.com\/cd\/#organization\",\"name\":\"Not\u00edcias em Destaque\",\"url\":\"https:\/\/noticiasemdestaque.com\/cd\/\",\"logo\":{\"@type\":\"ImageObject\",\"inLanguage\":\"pt-BR\",\"@id\":\"https:\/\/noticiasemdestaque.com\/cd\/#\/schema\/logo\/image\/\",\"url\":\"https:\/\/noticiasemdestaque.com\/cd\/wp-content\/uploads\/2022\/05\/imagem-base-noticiasemdestaque.png\",\"contentUrl\":\"https:\/\/noticiasemdestaque.com\/cd\/wp-content\/uploads\/2022\/05\/imagem-base-noticiasemdestaque.png\",\"width\":1200,\"height\":630,\"caption\":\"Not\u00edcias em Destaque\"},\"image\":{\"@id\":\"https:\/\/noticiasemdestaque.com\/cd\/#\/schema\/logo\/image\/\"}},{\"@type\":\"Person\",\"@id\":\"https:\/\/noticiasemdestaque.com\/cd\/#\/schema\/person\/21320b03a7e8bb90128938dafc9b908a\",\"name\":\"Not\u00edcias em Destaque\",\"url\":\"https:\/\/noticiasemdestaque.com\/cd\/?author=2\"}]}<\/script>\n<!-- \/ Yoast SEO plugin. -->","yoast_head_json":{"title":"Em festa que reuniu aliados de RC e C\u00e1ssio, Maranh\u00e3o recebe camisa com \"Z\u00e9 15\" - Not&iacute;cias em Destaque","robots":{"index":"index","follow":"follow","max-snippet":"max-snippet:-1","max-image-preview":"max-image-preview:large","max-video-preview":"max-video-preview:-1"},"canonical":"https:\/\/noticiasemdestaque.com\/cd\/?p=4333","og_locale":"pt_BR","og_type":"article","og_title":"Em festa que reuniu aliados de RC e C\u00e1ssio, Maranh\u00e3o recebe camisa com \"Z\u00e9 15\" - Not&iacute;cias em Destaque","og_description":"O senador Jos\u00e9 Maranh\u00e3o (PMDB) foi surpreendido na noite desta quarta-feira (13), por uma festa que reuniu peemedebistas, e outros aliados pol\u00edticos, em Bras\u00edlia. O evento, que ocorreu em um restaurante da Capital federal, contou com a presen\u00e7a do senador C\u00e1ssio Cunha Lima (PSDB) e de membros da bancada paraibana aliados do governador Ricardo Coutinho (PSB). A festa desta quarta foi organizada por integrantes do gabinete do senador. Maranh\u00e3o agradeceu a homenagem e divulgou as imagens da ocasi\u00e3o nesta quinta-feira (14). O peemedebista aproveitou o momebto para posar com um presente recebido pelos aliados do PMDB: uma camisa vermelha com a escritura \u201cZ\u00e9 15\u201d. O senador j\u00e1 reiterou o seu nome como pr\u00e9-candidato ao governo do Estado em 2018. Nesta sexta-feira (15), ocorrer\u00e1 uma nova comemora\u00e7\u00e3o, desta vez uma churrascaria de Jo\u00e3o Pessoa. Dentre autoridades, aliados e amigos, foram convidados o governador Ricardo Coutinho (PSB) e o senador C\u00e1ssio Cunha Lima (PSDB). Cariri em Destaque Com WSCOM","og_url":"https:\/\/noticiasemdestaque.com\/cd\/?p=4333","og_site_name":"Not&iacute;cias em Destaque","article_published_time":"2017-09-15T16:51:59+00:00","og_image":[{"width":380,"height":240,"url":"https:\/\/noticiasemdestaque.com\/cd\/wp-content\/uploads\/2017\/09\/14-09-2017.213107_azezaaaa.png","type":"image\/png"}],"author":"Not\u00edcias em Destaque","twitter_card":"summary_large_image","twitter_misc":{"Escrito por":"Not\u00edcias em Destaque","Est. tempo de leitura":"1 minuto"},"schema":{"@context":"https:\/\/schema.org","@graph":[{"@type":"Article","@id":"https:\/\/noticiasemdestaque.com\/cd\/?p=4333#article","isPartOf":{"@id":"https:\/\/noticiasemdestaque.com\/cd\/?p=4333"},"author":{"name":"Not\u00edcias em Destaque","@id":"https:\/\/noticiasemdestaque.com\/cd\/#\/schema\/person\/21320b03a7e8bb90128938dafc9b908a"},"headline":"Em festa que reuniu aliados de RC e C\u00e1ssio, Maranh\u00e3o recebe camisa com &#8220;Z\u00e9 15&#8221;","datePublished":"2017-09-15T16:51:59+00:00","mainEntityOfPage":{"@id":"https:\/\/noticiasemdestaque.com\/cd\/?p=4333"},"wordCount":179,"publisher":{"@id":"https:\/\/noticiasemdestaque.com\/cd\/#organization"},"image":{"@id":"https:\/\/noticiasemdestaque.com\/cd\/?p=4333#primaryimage"},"thumbnailUrl":"https:\/\/noticiasemdestaque.com\/cd\/wp-content\/uploads\/2017\/09\/14-09-2017.213107_azezaaaa.png","articleSection":["Pol\u00edtica"],"inLanguage":"pt-BR"},{"@type":"WebPage","@id":"https:\/\/noticiasemdestaque.com\/cd\/?p=4333","url":"https:\/\/noticiasemdestaque.com\/cd\/?p=4333","name":"Em festa que reuniu aliados de RC e C\u00e1ssio, Maranh\u00e3o recebe camisa com \"Z\u00e9 15\" - Not&iacute;cias em Destaque","isPartOf":{"@id":"https:\/\/noticiasemdestaque.com\/cd\/#website"},"primaryImageOfPage":{"@id":"https:\/\/noticiasemdestaque.com\/cd\/?p=4333#primaryimage"},"image":{"@id":"https:\/\/noticiasemdestaque.com\/cd\/?p=4333#primaryimage"},"thumbnailUrl":"https:\/\/noticiasemdestaque.com\/cd\/wp-content\/uploads\/2017\/09\/14-09-2017.213107_azezaaaa.png","datePublished":"2017-09-15T16:51:59+00:00","breadcrumb":{"@id":"https:\/\/noticiasemdestaque.com\/cd\/?p=4333#breadcrumb"},"inLanguage":"pt-BR","potentialAction":[{"@type":"ReadAction","target":["https:\/\/noticiasemdestaque.com\/cd\/?p=4333"]}]},{"@type":"ImageObject","inLanguage":"pt-BR","@id":"https:\/\/noticiasemdestaque.com\/cd\/?p=4333#primaryimage","url":"https:\/\/noticiasemdestaque.com\/cd\/wp-content\/uploads\/2017\/09\/14-09-2017.213107_azezaaaa.png","contentUrl":"https:\/\/noticiasemdestaque.com\/cd\/wp-content\/uploads\/2017\/09\/14-09-2017.213107_azezaaaa.png","width":380,"height":240},{"@type":"BreadcrumbList","@id":"https:\/\/noticiasemdestaque.com\/cd\/?p=4333#breadcrumb","itemListElement":[{"@type":"ListItem","position":1,"name":"In\u00edcio","item":"https:\/\/noticiasemdestaque.com\/cd\/"},{"@type":"ListItem","position":2,"name":"Em festa que reuniu aliados de RC e C\u00e1ssio, Maranh\u00e3o recebe camisa com &#8220;Z\u00e9 15&#8221;"}]},{"@type":"WebSite","@id":"https:\/\/noticiasemdestaque.com\/cd\/#website","url":"https:\/\/noticiasemdestaque.com\/cd\/","name":"Not&iacute;cias em Destaque","description":"","publisher":{"@id":"https:\/\/noticiasemdestaque.com\/cd\/#organization"},"potentialAction":[{"@type":"SearchAction","target":{"@type":"EntryPoint","urlTemplate":"https:\/\/noticiasemdestaque.com\/cd\/?s={search_term_string}"},"query-input":{"@type":"PropertyValueSpecification","valueRequired":true,"valueName":"search_term_string"}}],"inLanguage":"pt-BR"},{"@type":"Organization","@id":"https:\/\/noticiasemdestaque.com\/cd\/#organization","name":"Not\u00edcias em Destaque","url":"https:\/\/noticiasemdestaque.com\/cd\/","logo":{"@type":"ImageObject","inLanguage":"pt-BR","@id":"https:\/\/noticiasemdestaque.com\/cd\/#\/schema\/logo\/image\/","url":"https:\/\/noticiasemdestaque.com\/cd\/wp-content\/uploads\/2022\/05\/imagem-base-noticiasemdestaque.png","contentUrl":"https:\/\/noticiasemdestaque.com\/cd\/wp-content\/uploads\/2022\/05\/imagem-base-noticiasemdestaque.png","width":1200,"height":630,"caption":"Not\u00edcias em Destaque"},"image":{"@id":"https:\/\/noticiasemdestaque.com\/cd\/#\/schema\/logo\/image\/"}},{"@type":"Person","@id":"https:\/\/noticiasemdestaque.com\/cd\/#\/schema\/person\/21320b03a7e8bb90128938dafc9b908a","name":"Not\u00edcias em Destaque","url":"https:\/\/noticiasemdestaque.com\/cd\/?author=2"}]}},"jetpack_featured_media_url":"https:\/\/noticiasemdestaque.com\/cd\/wp-content\/uploads\/2017\/09\/14-09-2017.213107_azezaaaa.png","jetpack_sharing_enabled":true,"_links":{"self":[{"href":"https:\/\/noticiasemdestaque.com\/cd\/index.php?rest_route=\/wp\/v2\/posts\/4333","targetHints":{"allow":["GET"]}}],"collection":[{"href":"https:\/\/noticiasemdestaque.com\/cd\/index.php?rest_route=\/wp\/v2\/posts"}],"about":[{"href":"https:\/\/noticiasemdestaque.com\/cd\/index.php?rest_route=\/wp\/v2\/types\/post"}],"author":[{"embeddable":true,"href":"https:\/\/noticiasemdestaque.com\/cd\/index.php?rest_route=\/wp\/v2\/users\/2"}],"replies":[{"embeddable":true,"href":"https:\/\/noticiasemdestaque.com\/cd\/index.php?rest_route=%2Fwp%2Fv2%2Fcomments&post=4333"}],"version-history":[{"count":1,"href":"https:\/\/noticiasemdestaque.com\/cd\/index.php?rest_route=\/wp\/v2\/posts\/4333\/revisions"}],"predecessor-version":[{"id":4335,"href":"https:\/\/noticiasemdestaque.com\/cd\/index.php?rest_route=\/wp\/v2\/posts\/4333\/revisions\/4335"}],"wp:featuredmedia":[{"embeddable":true,"href":"https:\/\/noticiasemdestaque.com\/cd\/index.php?rest_route=\/wp\/v2\/media\/4334"}],"wp:attachment":[{"href":"https:\/\/noticiasemdestaque.com\/cd\/index.php?rest_route=%2Fwp%2Fv2%2Fmedia&parent=4333"}],"wp:term":[{"taxonomy":"category","embeddable":true,"href":"https:\/\/noticiasemdestaque.com\/cd\/index.php?rest_route=%2Fwp%2Fv2%2Fcategories&post=4333"},{"taxonomy":"post_tag","embeddable":true,"href":"https:\/\/noticiasemdestaque.com\/cd\/index.php?rest_route=%2Fwp%2Fv2%2Ftags&post=4333"}],"curies":[{"name":"wp","href":"https:\/\/api.w.org\/{rel}","templated":true}]}}