{"id":43325,"date":"2022-10-13T09:44:32","date_gmt":"2022-10-13T12:44:32","guid":{"rendered":"https:\/\/noticiasemdestaque.com\/cd\/?p=43325"},"modified":"2022-10-13T09:44:32","modified_gmt":"2022-10-13T12:44:32","slug":"candidato-a-vereador-da-oposicao-sumeense-declara-apoio-a-eden-duarte-e-a-reeleicao-de-joao-azevedo","status":"publish","type":"post","link":"https:\/\/noticiasemdestaque.com\/cd\/?p=43325","title":{"rendered":"Candidato a vereador da oposi\u00e7\u00e3o sumeense declara apoio a \u00c9den Duarte e a reelei\u00e7\u00e3o de Jo\u00e3o Azevedo"},"content":{"rendered":"<p><a href=\"https:\/\/noticiasemdestaque.com\/cd\/wp-content\/uploads\/2022\/10\/75a07548-6f76-4a81-a78f-949052074c8e-e1665663943682.jpg\"><img fetchpriority=\"high\" decoding=\"async\" class=\"wp-image-43326 aligncenter\" src=\"https:\/\/noticiasemdestaque.com\/cd\/wp-content\/uploads\/2022\/10\/75a07548-6f76-4a81-a78f-949052074c8e-e1665663943682-300x288.jpg\" alt=\"\" width=\"500\" height=\"480\" srcset=\"https:\/\/noticiasemdestaque.com\/cd\/wp-content\/uploads\/2022\/10\/75a07548-6f76-4a81-a78f-949052074c8e-e1665663943682-300x288.jpg 300w, https:\/\/noticiasemdestaque.com\/cd\/wp-content\/uploads\/2022\/10\/75a07548-6f76-4a81-a78f-949052074c8e-e1665663943682-13x12.jpg 13w, https:\/\/noticiasemdestaque.com\/cd\/wp-content\/uploads\/2022\/10\/75a07548-6f76-4a81-a78f-949052074c8e-e1665663943682.jpg 598w\" sizes=\"(max-width: 500px) 100vw, 500px\" \/><\/a><\/p>\n<p>O jovem Genival Paulino, conhecido por Genivalzinho, que foi candidato a vereador nas Elei\u00e7\u00f5es de 2020 e filho do ex-prefeito Vav\u00e1 Paulino declarou apoio pol\u00edtico ao prefeito de Sum\u00e9, \u00c9den Duarte.<\/p>\n<p>Durante o encontro com o prefeito \u00c9den Duarte, Genivaldo aproveitou para tamb\u00e9m declarar apoio a reelei\u00e7\u00e3o do governador Jo\u00e3o Azevedo.<\/p>\n<p>\u201cVenho participar do grupo pol\u00edtico de \u00c9den e j\u00e1 anunciou apoio \u00e0 reelei\u00e7\u00e3o do governador Jo\u00e3o Azevedo\u201d, declarou Genivalzinho.<\/p>\n<p>Genivalzinho participou das elei\u00e7\u00f5es de 2020 pelo Solidariedade e obteve 246 votos, sendo um dos mais votados.<\/p>\n<p>\u201cFico feliz com a vinda de Genivalzinho. \u00c9 um jovem que pode agregar muito ao nosso projeto de gest\u00e3o bem como fortalecer a reelei\u00e7\u00e3o do nosso Governador Jo\u00e3o Azevedo\u201d, comentou \u00c9den.<\/p>\n<p><b>Noticias em Destaque<\/b><\/p>\n<p style=\"text-align: right;\"><em>Fonte: Cariri em A\u00e7\u00e3o<\/em><\/p>\n","protected":false},"excerpt":{"rendered":"<p>O jovem Genival Paulino, conhecido por Genivalzinho, que foi candidato a vereador nas Elei\u00e7\u00f5es de 2020 e filho do ex-prefeito Vav\u00e1 Paulino declarou apoio pol\u00edtico ao prefeito de Sum\u00e9, \u00c9den Duarte. Durante o encontro com o prefeito \u00c9den Duarte, Genivaldo aproveitou para tamb\u00e9m declarar apoio a reelei\u00e7\u00e3o do governador Jo\u00e3o Azevedo. \u201cVenho participar do grupo pol\u00edtico de \u00c9den e j\u00e1 anunciou apoio \u00e0 reelei\u00e7\u00e3o do governador Jo\u00e3o Azevedo\u201d, declarou Genivalzinho. Genivalzinho participou das elei\u00e7\u00f5es de 2020 pelo Solidariedade e obteve 246 votos, sendo um dos mais votados. \u201cFico feliz com a vinda de Genivalzinho. \u00c9 um jovem que pode agregar muito ao nosso projeto de gest\u00e3o bem como fortalecer a reelei\u00e7\u00e3o do nosso Governador Jo\u00e3o Azevedo\u201d, comentou \u00c9den. Noticias em Destaque Fonte: Cariri em A\u00e7\u00e3o<\/p>\n","protected":false},"author":2,"featured_media":43326,"comment_status":"closed","ping_status":"open","sticky":false,"template":"","format":"standard","meta":{"_eb_attr":"","_jetpack_memberships_contains_paid_content":false,"footnotes":""},"categories":[4],"tags":[],"class_list":["post-43325","post","type-post","status-publish","format-standard","has-post-thumbnail","hentry","category-politica"],"yoast_head":"<!-- This site is optimized with the Yoast SEO plugin v26.5 - https:\/\/yoast.com\/wordpress\/plugins\/seo\/ -->\n<title>Candidato a vereador da oposi\u00e7\u00e3o sumeense declara apoio a \u00c9den Duarte e a reelei\u00e7\u00e3o de Jo\u00e3o Azevedo - Not&iacute;cias em Destaque<\/title>\n<meta name=\"robots\" content=\"index, follow, max-snippet:-1, max-image-preview:large, max-video-preview:-1\" \/>\n<link rel=\"canonical\" href=\"https:\/\/noticiasemdestaque.com\/cd\/?p=43325\" \/>\n<meta property=\"og:locale\" content=\"pt_BR\" \/>\n<meta property=\"og:type\" content=\"article\" \/>\n<meta property=\"og:title\" content=\"Candidato a vereador da oposi\u00e7\u00e3o sumeense declara apoio a \u00c9den Duarte e a reelei\u00e7\u00e3o de Jo\u00e3o Azevedo - Not&iacute;cias em Destaque\" \/>\n<meta property=\"og:description\" content=\"O jovem Genival Paulino, conhecido por Genivalzinho, que foi candidato a vereador nas Elei\u00e7\u00f5es de 2020 e filho do ex-prefeito Vav\u00e1 Paulino declarou apoio pol\u00edtico ao prefeito de Sum\u00e9, \u00c9den Duarte. Durante o encontro com o prefeito \u00c9den Duarte, Genivaldo aproveitou para tamb\u00e9m declarar apoio a reelei\u00e7\u00e3o do governador Jo\u00e3o Azevedo. \u201cVenho participar do grupo pol\u00edtico de \u00c9den e j\u00e1 anunciou apoio \u00e0 reelei\u00e7\u00e3o do governador Jo\u00e3o Azevedo\u201d, declarou Genivalzinho. Genivalzinho participou das elei\u00e7\u00f5es de 2020 pelo Solidariedade e obteve 246 votos, sendo um dos mais votados. \u201cFico feliz com a vinda de Genivalzinho. \u00c9 um jovem que pode agregar muito ao nosso projeto de gest\u00e3o bem como fortalecer a reelei\u00e7\u00e3o do nosso Governador Jo\u00e3o Azevedo\u201d, comentou \u00c9den. Noticias em Destaque Fonte: Cariri em A\u00e7\u00e3o\" \/>\n<meta property=\"og:url\" content=\"https:\/\/noticiasemdestaque.com\/cd\/?p=43325\" \/>\n<meta property=\"og:site_name\" content=\"Not&iacute;cias em Destaque\" \/>\n<meta property=\"article:published_time\" content=\"2022-10-13T12:44:32+00:00\" \/>\n<meta property=\"og:image\" content=\"https:\/\/noticiasemdestaque.com\/cd\/wp-content\/uploads\/2022\/10\/75a07548-6f76-4a81-a78f-949052074c8e-e1665663943682.jpg\" \/>\n\t<meta property=\"og:image:width\" content=\"598\" \/>\n\t<meta property=\"og:image:height\" content=\"574\" \/>\n\t<meta property=\"og:image:type\" content=\"image\/jpeg\" \/>\n<meta name=\"author\" content=\"Not\u00edcias em Destaque\" \/>\n<meta name=\"twitter:card\" content=\"summary_large_image\" \/>\n<meta name=\"twitter:label1\" content=\"Escrito por\" \/>\n\t<meta name=\"twitter:data1\" content=\"Not\u00edcias em Destaque\" \/>\n\t<meta name=\"twitter:label2\" content=\"Est. tempo de leitura\" \/>\n\t<meta name=\"twitter:data2\" content=\"1 minuto\" \/>\n<script type=\"application\/ld+json\" class=\"yoast-schema-graph\">{\"@context\":\"https:\/\/schema.org\",\"@graph\":[{\"@type\":\"Article\",\"@id\":\"https:\/\/noticiasemdestaque.com\/cd\/?p=43325#article\",\"isPartOf\":{\"@id\":\"https:\/\/noticiasemdestaque.com\/cd\/?p=43325\"},\"author\":{\"name\":\"Not\u00edcias em Destaque\",\"@id\":\"https:\/\/noticiasemdestaque.com\/cd\/#\/schema\/person\/4a81fb71f77579d059c3045891fa1786\"},\"headline\":\"Candidato a vereador da oposi\u00e7\u00e3o sumeense declara apoio a \u00c9den Duarte e a reelei\u00e7\u00e3o de Jo\u00e3o Azevedo\",\"datePublished\":\"2022-10-13T12:44:32+00:00\",\"mainEntityOfPage\":{\"@id\":\"https:\/\/noticiasemdestaque.com\/cd\/?p=43325\"},\"wordCount\":153,\"publisher\":{\"@id\":\"https:\/\/noticiasemdestaque.com\/cd\/#organization\"},\"image\":{\"@id\":\"https:\/\/noticiasemdestaque.com\/cd\/?p=43325#primaryimage\"},\"thumbnailUrl\":\"https:\/\/noticiasemdestaque.com\/cd\/wp-content\/uploads\/2022\/10\/75a07548-6f76-4a81-a78f-949052074c8e-e1665663943682.jpg\",\"articleSection\":[\"Pol\u00edtica\"],\"inLanguage\":\"pt-BR\"},{\"@type\":\"WebPage\",\"@id\":\"https:\/\/noticiasemdestaque.com\/cd\/?p=43325\",\"url\":\"https:\/\/noticiasemdestaque.com\/cd\/?p=43325\",\"name\":\"Candidato a vereador da oposi\u00e7\u00e3o sumeense declara apoio a \u00c9den Duarte e a reelei\u00e7\u00e3o de Jo\u00e3o Azevedo - Not&iacute;cias em Destaque\",\"isPartOf\":{\"@id\":\"https:\/\/noticiasemdestaque.com\/cd\/#website\"},\"primaryImageOfPage\":{\"@id\":\"https:\/\/noticiasemdestaque.com\/cd\/?p=43325#primaryimage\"},\"image\":{\"@id\":\"https:\/\/noticiasemdestaque.com\/cd\/?p=43325#primaryimage\"},\"thumbnailUrl\":\"https:\/\/noticiasemdestaque.com\/cd\/wp-content\/uploads\/2022\/10\/75a07548-6f76-4a81-a78f-949052074c8e-e1665663943682.jpg\",\"datePublished\":\"2022-10-13T12:44:32+00:00\",\"breadcrumb\":{\"@id\":\"https:\/\/noticiasemdestaque.com\/cd\/?p=43325#breadcrumb\"},\"inLanguage\":\"pt-BR\",\"potentialAction\":[{\"@type\":\"ReadAction\",\"target\":[\"https:\/\/noticiasemdestaque.com\/cd\/?p=43325\"]}]},{\"@type\":\"ImageObject\",\"inLanguage\":\"pt-BR\",\"@id\":\"https:\/\/noticiasemdestaque.com\/cd\/?p=43325#primaryimage\",\"url\":\"https:\/\/noticiasemdestaque.com\/cd\/wp-content\/uploads\/2022\/10\/75a07548-6f76-4a81-a78f-949052074c8e-e1665663943682.jpg\",\"contentUrl\":\"https:\/\/noticiasemdestaque.com\/cd\/wp-content\/uploads\/2022\/10\/75a07548-6f76-4a81-a78f-949052074c8e-e1665663943682.jpg\",\"width\":598,\"height\":574},{\"@type\":\"BreadcrumbList\",\"@id\":\"https:\/\/noticiasemdestaque.com\/cd\/?p=43325#breadcrumb\",\"itemListElement\":[{\"@type\":\"ListItem\",\"position\":1,\"name\":\"In\u00edcio\",\"item\":\"https:\/\/noticiasemdestaque.com\/cd\/\"},{\"@type\":\"ListItem\",\"position\":2,\"name\":\"Candidato a vereador da oposi\u00e7\u00e3o sumeense declara apoio a \u00c9den Duarte e a reelei\u00e7\u00e3o de Jo\u00e3o Azevedo\"}]},{\"@type\":\"WebSite\",\"@id\":\"https:\/\/noticiasemdestaque.com\/cd\/#website\",\"url\":\"https:\/\/noticiasemdestaque.com\/cd\/\",\"name\":\"Not&iacute;cias em Destaque\",\"description\":\"\",\"publisher\":{\"@id\":\"https:\/\/noticiasemdestaque.com\/cd\/#organization\"},\"potentialAction\":[{\"@type\":\"SearchAction\",\"target\":{\"@type\":\"EntryPoint\",\"urlTemplate\":\"https:\/\/noticiasemdestaque.com\/cd\/?s={search_term_string}\"},\"query-input\":{\"@type\":\"PropertyValueSpecification\",\"valueRequired\":true,\"valueName\":\"search_term_string\"}}],\"inLanguage\":\"pt-BR\"},{\"@type\":\"Organization\",\"@id\":\"https:\/\/noticiasemdestaque.com\/cd\/#organization\",\"name\":\"Not\u00edcias em Destaque\",\"url\":\"https:\/\/noticiasemdestaque.com\/cd\/\",\"logo\":{\"@type\":\"ImageObject\",\"inLanguage\":\"pt-BR\",\"@id\":\"https:\/\/noticiasemdestaque.com\/cd\/#\/schema\/logo\/image\/\",\"url\":\"https:\/\/noticiasemdestaque.com\/cd\/wp-content\/uploads\/2022\/05\/imagem-base-noticiasemdestaque.png\",\"contentUrl\":\"https:\/\/noticiasemdestaque.com\/cd\/wp-content\/uploads\/2022\/05\/imagem-base-noticiasemdestaque.png\",\"width\":1200,\"height\":630,\"caption\":\"Not\u00edcias em Destaque\"},\"image\":{\"@id\":\"https:\/\/noticiasemdestaque.com\/cd\/#\/schema\/logo\/image\/\"}},{\"@type\":\"Person\",\"@id\":\"https:\/\/noticiasemdestaque.com\/cd\/#\/schema\/person\/4a81fb71f77579d059c3045891fa1786\",\"name\":\"Not\u00edcias em Destaque\",\"url\":\"https:\/\/noticiasemdestaque.com\/cd\/?author=2\"}]}<\/script>\n<!-- \/ Yoast SEO plugin. -->","yoast_head_json":{"title":"Candidato a vereador da oposi\u00e7\u00e3o sumeense declara apoio a \u00c9den Duarte e a reelei\u00e7\u00e3o de Jo\u00e3o Azevedo - Not&iacute;cias em Destaque","robots":{"index":"index","follow":"follow","max-snippet":"max-snippet:-1","max-image-preview":"max-image-preview:large","max-video-preview":"max-video-preview:-1"},"canonical":"https:\/\/noticiasemdestaque.com\/cd\/?p=43325","og_locale":"pt_BR","og_type":"article","og_title":"Candidato a vereador da oposi\u00e7\u00e3o sumeense declara apoio a \u00c9den Duarte e a reelei\u00e7\u00e3o de Jo\u00e3o Azevedo - Not&iacute;cias em Destaque","og_description":"O jovem Genival Paulino, conhecido por Genivalzinho, que foi candidato a vereador nas Elei\u00e7\u00f5es de 2020 e filho do ex-prefeito Vav\u00e1 Paulino declarou apoio pol\u00edtico ao prefeito de Sum\u00e9, \u00c9den Duarte. Durante o encontro com o prefeito \u00c9den Duarte, Genivaldo aproveitou para tamb\u00e9m declarar apoio a reelei\u00e7\u00e3o do governador Jo\u00e3o Azevedo. \u201cVenho participar do grupo pol\u00edtico de \u00c9den e j\u00e1 anunciou apoio \u00e0 reelei\u00e7\u00e3o do governador Jo\u00e3o Azevedo\u201d, declarou Genivalzinho. Genivalzinho participou das elei\u00e7\u00f5es de 2020 pelo Solidariedade e obteve 246 votos, sendo um dos mais votados. \u201cFico feliz com a vinda de Genivalzinho. \u00c9 um jovem que pode agregar muito ao nosso projeto de gest\u00e3o bem como fortalecer a reelei\u00e7\u00e3o do nosso Governador Jo\u00e3o Azevedo\u201d, comentou \u00c9den. Noticias em Destaque Fonte: Cariri em A\u00e7\u00e3o","og_url":"https:\/\/noticiasemdestaque.com\/cd\/?p=43325","og_site_name":"Not&iacute;cias em Destaque","article_published_time":"2022-10-13T12:44:32+00:00","og_image":[{"width":598,"height":574,"url":"https:\/\/noticiasemdestaque.com\/cd\/wp-content\/uploads\/2022\/10\/75a07548-6f76-4a81-a78f-949052074c8e-e1665663943682.jpg","type":"image\/jpeg"}],"author":"Not\u00edcias em Destaque","twitter_card":"summary_large_image","twitter_misc":{"Escrito por":"Not\u00edcias em Destaque","Est. tempo de leitura":"1 minuto"},"schema":{"@context":"https:\/\/schema.org","@graph":[{"@type":"Article","@id":"https:\/\/noticiasemdestaque.com\/cd\/?p=43325#article","isPartOf":{"@id":"https:\/\/noticiasemdestaque.com\/cd\/?p=43325"},"author":{"name":"Not\u00edcias em Destaque","@id":"https:\/\/noticiasemdestaque.com\/cd\/#\/schema\/person\/4a81fb71f77579d059c3045891fa1786"},"headline":"Candidato a vereador da oposi\u00e7\u00e3o sumeense declara apoio a \u00c9den Duarte e a reelei\u00e7\u00e3o de Jo\u00e3o Azevedo","datePublished":"2022-10-13T12:44:32+00:00","mainEntityOfPage":{"@id":"https:\/\/noticiasemdestaque.com\/cd\/?p=43325"},"wordCount":153,"publisher":{"@id":"https:\/\/noticiasemdestaque.com\/cd\/#organization"},"image":{"@id":"https:\/\/noticiasemdestaque.com\/cd\/?p=43325#primaryimage"},"thumbnailUrl":"https:\/\/noticiasemdestaque.com\/cd\/wp-content\/uploads\/2022\/10\/75a07548-6f76-4a81-a78f-949052074c8e-e1665663943682.jpg","articleSection":["Pol\u00edtica"],"inLanguage":"pt-BR"},{"@type":"WebPage","@id":"https:\/\/noticiasemdestaque.com\/cd\/?p=43325","url":"https:\/\/noticiasemdestaque.com\/cd\/?p=43325","name":"Candidato a vereador da oposi\u00e7\u00e3o sumeense declara apoio a \u00c9den Duarte e a reelei\u00e7\u00e3o de Jo\u00e3o Azevedo - Not&iacute;cias em Destaque","isPartOf":{"@id":"https:\/\/noticiasemdestaque.com\/cd\/#website"},"primaryImageOfPage":{"@id":"https:\/\/noticiasemdestaque.com\/cd\/?p=43325#primaryimage"},"image":{"@id":"https:\/\/noticiasemdestaque.com\/cd\/?p=43325#primaryimage"},"thumbnailUrl":"https:\/\/noticiasemdestaque.com\/cd\/wp-content\/uploads\/2022\/10\/75a07548-6f76-4a81-a78f-949052074c8e-e1665663943682.jpg","datePublished":"2022-10-13T12:44:32+00:00","breadcrumb":{"@id":"https:\/\/noticiasemdestaque.com\/cd\/?p=43325#breadcrumb"},"inLanguage":"pt-BR","potentialAction":[{"@type":"ReadAction","target":["https:\/\/noticiasemdestaque.com\/cd\/?p=43325"]}]},{"@type":"ImageObject","inLanguage":"pt-BR","@id":"https:\/\/noticiasemdestaque.com\/cd\/?p=43325#primaryimage","url":"https:\/\/noticiasemdestaque.com\/cd\/wp-content\/uploads\/2022\/10\/75a07548-6f76-4a81-a78f-949052074c8e-e1665663943682.jpg","contentUrl":"https:\/\/noticiasemdestaque.com\/cd\/wp-content\/uploads\/2022\/10\/75a07548-6f76-4a81-a78f-949052074c8e-e1665663943682.jpg","width":598,"height":574},{"@type":"BreadcrumbList","@id":"https:\/\/noticiasemdestaque.com\/cd\/?p=43325#breadcrumb","itemListElement":[{"@type":"ListItem","position":1,"name":"In\u00edcio","item":"https:\/\/noticiasemdestaque.com\/cd\/"},{"@type":"ListItem","position":2,"name":"Candidato a vereador da oposi\u00e7\u00e3o sumeense declara apoio a \u00c9den Duarte e a reelei\u00e7\u00e3o de Jo\u00e3o Azevedo"}]},{"@type":"WebSite","@id":"https:\/\/noticiasemdestaque.com\/cd\/#website","url":"https:\/\/noticiasemdestaque.com\/cd\/","name":"Not&iacute;cias em Destaque","description":"","publisher":{"@id":"https:\/\/noticiasemdestaque.com\/cd\/#organization"},"potentialAction":[{"@type":"SearchAction","target":{"@type":"EntryPoint","urlTemplate":"https:\/\/noticiasemdestaque.com\/cd\/?s={search_term_string}"},"query-input":{"@type":"PropertyValueSpecification","valueRequired":true,"valueName":"search_term_string"}}],"inLanguage":"pt-BR"},{"@type":"Organization","@id":"https:\/\/noticiasemdestaque.com\/cd\/#organization","name":"Not\u00edcias em Destaque","url":"https:\/\/noticiasemdestaque.com\/cd\/","logo":{"@type":"ImageObject","inLanguage":"pt-BR","@id":"https:\/\/noticiasemdestaque.com\/cd\/#\/schema\/logo\/image\/","url":"https:\/\/noticiasemdestaque.com\/cd\/wp-content\/uploads\/2022\/05\/imagem-base-noticiasemdestaque.png","contentUrl":"https:\/\/noticiasemdestaque.com\/cd\/wp-content\/uploads\/2022\/05\/imagem-base-noticiasemdestaque.png","width":1200,"height":630,"caption":"Not\u00edcias em Destaque"},"image":{"@id":"https:\/\/noticiasemdestaque.com\/cd\/#\/schema\/logo\/image\/"}},{"@type":"Person","@id":"https:\/\/noticiasemdestaque.com\/cd\/#\/schema\/person\/4a81fb71f77579d059c3045891fa1786","name":"Not\u00edcias em Destaque","url":"https:\/\/noticiasemdestaque.com\/cd\/?author=2"}]}},"jetpack_featured_media_url":"https:\/\/noticiasemdestaque.com\/cd\/wp-content\/uploads\/2022\/10\/75a07548-6f76-4a81-a78f-949052074c8e-e1665663943682.jpg","jetpack_sharing_enabled":true,"_links":{"self":[{"href":"https:\/\/noticiasemdestaque.com\/cd\/index.php?rest_route=\/wp\/v2\/posts\/43325","targetHints":{"allow":["GET"]}}],"collection":[{"href":"https:\/\/noticiasemdestaque.com\/cd\/index.php?rest_route=\/wp\/v2\/posts"}],"about":[{"href":"https:\/\/noticiasemdestaque.com\/cd\/index.php?rest_route=\/wp\/v2\/types\/post"}],"author":[{"embeddable":true,"href":"https:\/\/noticiasemdestaque.com\/cd\/index.php?rest_route=\/wp\/v2\/users\/2"}],"replies":[{"embeddable":true,"href":"https:\/\/noticiasemdestaque.com\/cd\/index.php?rest_route=%2Fwp%2Fv2%2Fcomments&post=43325"}],"version-history":[{"count":1,"href":"https:\/\/noticiasemdestaque.com\/cd\/index.php?rest_route=\/wp\/v2\/posts\/43325\/revisions"}],"predecessor-version":[{"id":43327,"href":"https:\/\/noticiasemdestaque.com\/cd\/index.php?rest_route=\/wp\/v2\/posts\/43325\/revisions\/43327"}],"wp:featuredmedia":[{"embeddable":true,"href":"https:\/\/noticiasemdestaque.com\/cd\/index.php?rest_route=\/wp\/v2\/media\/43326"}],"wp:attachment":[{"href":"https:\/\/noticiasemdestaque.com\/cd\/index.php?rest_route=%2Fwp%2Fv2%2Fmedia&parent=43325"}],"wp:term":[{"taxonomy":"category","embeddable":true,"href":"https:\/\/noticiasemdestaque.com\/cd\/index.php?rest_route=%2Fwp%2Fv2%2Fcategories&post=43325"},{"taxonomy":"post_tag","embeddable":true,"href":"https:\/\/noticiasemdestaque.com\/cd\/index.php?rest_route=%2Fwp%2Fv2%2Ftags&post=43325"}],"curies":[{"name":"wp","href":"https:\/\/api.w.org\/{rel}","templated":true}]}}