{"id":43314,"date":"2022-10-12T13:08:08","date_gmt":"2022-10-12T16:08:08","guid":{"rendered":"https:\/\/noticiasemdestaque.com\/cd\/?p=43314"},"modified":"2022-10-12T13:08:08","modified_gmt":"2022-10-12T16:08:08","slug":"prefeito-de-ouro-velho-anuncia-construcao-de-sistema-de-abastecimento-dagua-em-sete-comunidades-rurais","status":"publish","type":"post","link":"https:\/\/noticiasemdestaque.com\/cd\/?p=43314","title":{"rendered":"Prefeito de Ouro Velho anuncia constru\u00e7\u00e3o de sistema de abastecimento d\u2019\u00e1gua em sete comunidades rurais"},"content":{"rendered":"<p><a href=\"https:\/\/noticiasemdestaque.com\/cd\/wp-content\/uploads\/2022\/10\/311267755_1340884326740211_6780298637526777779_n.jpg\"><img fetchpriority=\"high\" decoding=\"async\" class=\"size-medium wp-image-43315 aligncenter\" src=\"https:\/\/noticiasemdestaque.com\/cd\/wp-content\/uploads\/2022\/10\/311267755_1340884326740211_6780298637526777779_n-274x300.jpg\" alt=\"\" width=\"274\" height=\"300\" srcset=\"https:\/\/noticiasemdestaque.com\/cd\/wp-content\/uploads\/2022\/10\/311267755_1340884326740211_6780298637526777779_n-274x300.jpg 274w, https:\/\/noticiasemdestaque.com\/cd\/wp-content\/uploads\/2022\/10\/311267755_1340884326740211_6780298637526777779_n-11x12.jpg 11w, https:\/\/noticiasemdestaque.com\/cd\/wp-content\/uploads\/2022\/10\/311267755_1340884326740211_6780298637526777779_n.jpg 584w\" sizes=\"(max-width: 274px) 100vw, 274px\" \/><\/a><\/p>\n<p>O prefeito de Ouro Velho, Dr. Augusto Valadares, autorizou na manh\u00e3 desta ter\u00e7a-feira (11), a abertura de um processo licitat\u00f3rio para a constru\u00e7\u00e3o de sete sistemas de abastecimento d\u2019\u00e1gua em comunidades rurais.<\/p>\n<p>As comunidades contempladas com o novo sistema de abastecimento, s\u00e3o elas: Sanhar\u00f3, Lagoa Seca, Oiteiros, Panta Le\u00e3o, Pitombeira, Olhos D\u2019\u00c1gua e Raposas.<\/p>\n<p>Em contato com a reportagem, o prefeito Dr. Augusto, comemorou a abertura do novo processo licitat\u00f3rio e afirmou que a gest\u00e3o tem um olhar atento para as comunidades rurais, especialmente no combate a estiagem.<\/p>\n<p>\u201cNossa gest\u00e3o tem um olhar atento com todas as comunidades rurais do munic\u00edpio, sempre beneficiando e levando melhorias para a popula\u00e7\u00e3o. Desta vez, autorizamos a abertura de um processo licitat\u00f3rio para a constru\u00e7\u00e3o de sistemas de abastecimento de \u00e1gua em sete comunidade rurais, que levar\u00e1 mais desenvolvimento e qualidade de vida\u201d disse.<\/p>\n<p><strong><em>Not\u00edcias em Destaque<\/em><\/strong><\/p>\n<p>Fonte: Cariri em A\u00e7\u00e3o<\/p>\n","protected":false},"excerpt":{"rendered":"<p>O prefeito de Ouro Velho, Dr. Augusto Valadares, autorizou na manh\u00e3 desta ter\u00e7a-feira (11), a abertura de um processo licitat\u00f3rio para a constru\u00e7\u00e3o de sete sistemas de abastecimento d\u2019\u00e1gua em comunidades rurais. As comunidades contempladas com o novo sistema de abastecimento, s\u00e3o elas: Sanhar\u00f3, Lagoa Seca, Oiteiros, Panta Le\u00e3o, Pitombeira, Olhos D\u2019\u00c1gua e Raposas. Em contato com a reportagem, o prefeito Dr. Augusto, comemorou a abertura do novo processo licitat\u00f3rio e afirmou que a gest\u00e3o tem um olhar atento para as comunidades rurais, especialmente no combate a estiagem. \u201cNossa gest\u00e3o tem um olhar atento com todas as comunidades rurais do munic\u00edpio, sempre beneficiando e levando melhorias para a popula\u00e7\u00e3o. Desta vez, autorizamos a abertura de um processo licitat\u00f3rio para a constru\u00e7\u00e3o de sistemas de abastecimento de \u00e1gua em sete comunidade rurais, que levar\u00e1 mais desenvolvimento e qualidade de vida\u201d disse. Not\u00edcias em Destaque Fonte: Cariri em A\u00e7\u00e3o<\/p>\n","protected":false},"author":2,"featured_media":43315,"comment_status":"closed","ping_status":"open","sticky":false,"template":"","format":"standard","meta":{"_eb_attr":"","_jetpack_memberships_contains_paid_content":false,"footnotes":""},"categories":[3],"tags":[],"class_list":["post-43314","post","type-post","status-publish","format-standard","has-post-thumbnail","hentry","category-cidades"],"yoast_head":"<!-- This site is optimized with the Yoast SEO plugin v26.5 - https:\/\/yoast.com\/wordpress\/plugins\/seo\/ -->\n<title>Prefeito de Ouro Velho anuncia constru\u00e7\u00e3o de sistema de abastecimento d\u2019\u00e1gua em sete comunidades rurais - Not&iacute;cias em Destaque<\/title>\n<meta name=\"robots\" content=\"index, follow, max-snippet:-1, max-image-preview:large, max-video-preview:-1\" \/>\n<link rel=\"canonical\" href=\"https:\/\/noticiasemdestaque.com\/cd\/?p=43314\" \/>\n<meta property=\"og:locale\" content=\"pt_BR\" \/>\n<meta property=\"og:type\" content=\"article\" \/>\n<meta property=\"og:title\" content=\"Prefeito de Ouro Velho anuncia constru\u00e7\u00e3o de sistema de abastecimento d\u2019\u00e1gua em sete comunidades rurais - Not&iacute;cias em Destaque\" \/>\n<meta property=\"og:description\" content=\"O prefeito de Ouro Velho, Dr. Augusto Valadares, autorizou na manh\u00e3 desta ter\u00e7a-feira (11), a abertura de um processo licitat\u00f3rio para a constru\u00e7\u00e3o de sete sistemas de abastecimento d\u2019\u00e1gua em comunidades rurais. As comunidades contempladas com o novo sistema de abastecimento, s\u00e3o elas: Sanhar\u00f3, Lagoa Seca, Oiteiros, Panta Le\u00e3o, Pitombeira, Olhos D\u2019\u00c1gua e Raposas. Em contato com a reportagem, o prefeito Dr. Augusto, comemorou a abertura do novo processo licitat\u00f3rio e afirmou que a gest\u00e3o tem um olhar atento para as comunidades rurais, especialmente no combate a estiagem. \u201cNossa gest\u00e3o tem um olhar atento com todas as comunidades rurais do munic\u00edpio, sempre beneficiando e levando melhorias para a popula\u00e7\u00e3o. Desta vez, autorizamos a abertura de um processo licitat\u00f3rio para a constru\u00e7\u00e3o de sistemas de abastecimento de \u00e1gua em sete comunidade rurais, que levar\u00e1 mais desenvolvimento e qualidade de vida\u201d disse. Not\u00edcias em Destaque Fonte: Cariri em A\u00e7\u00e3o\" \/>\n<meta property=\"og:url\" content=\"https:\/\/noticiasemdestaque.com\/cd\/?p=43314\" \/>\n<meta property=\"og:site_name\" content=\"Not&iacute;cias em Destaque\" \/>\n<meta property=\"article:published_time\" content=\"2022-10-12T16:08:08+00:00\" \/>\n<meta property=\"og:image\" content=\"https:\/\/noticiasemdestaque.com\/cd\/wp-content\/uploads\/2022\/10\/311267755_1340884326740211_6780298637526777779_n.jpg\" \/>\n\t<meta property=\"og:image:width\" content=\"584\" \/>\n\t<meta property=\"og:image:height\" content=\"640\" \/>\n\t<meta property=\"og:image:type\" content=\"image\/jpeg\" \/>\n<meta name=\"author\" content=\"Not\u00edcias em Destaque\" \/>\n<meta name=\"twitter:card\" content=\"summary_large_image\" \/>\n<meta name=\"twitter:label1\" content=\"Escrito por\" \/>\n\t<meta name=\"twitter:data1\" content=\"Not\u00edcias em Destaque\" \/>\n\t<meta name=\"twitter:label2\" content=\"Est. tempo de leitura\" \/>\n\t<meta name=\"twitter:data2\" content=\"2 minutos\" \/>\n<script type=\"application\/ld+json\" class=\"yoast-schema-graph\">{\"@context\":\"https:\/\/schema.org\",\"@graph\":[{\"@type\":\"Article\",\"@id\":\"https:\/\/noticiasemdestaque.com\/cd\/?p=43314#article\",\"isPartOf\":{\"@id\":\"https:\/\/noticiasemdestaque.com\/cd\/?p=43314\"},\"author\":{\"name\":\"Not\u00edcias em Destaque\",\"@id\":\"https:\/\/noticiasemdestaque.com\/cd\/#\/schema\/person\/4a81fb71f77579d059c3045891fa1786\"},\"headline\":\"Prefeito de Ouro Velho anuncia constru\u00e7\u00e3o de sistema de abastecimento d\u2019\u00e1gua em sete comunidades rurais\",\"datePublished\":\"2022-10-12T16:08:08+00:00\",\"mainEntityOfPage\":{\"@id\":\"https:\/\/noticiasemdestaque.com\/cd\/?p=43314\"},\"wordCount\":179,\"publisher\":{\"@id\":\"https:\/\/noticiasemdestaque.com\/cd\/#organization\"},\"image\":{\"@id\":\"https:\/\/noticiasemdestaque.com\/cd\/?p=43314#primaryimage\"},\"thumbnailUrl\":\"https:\/\/noticiasemdestaque.com\/cd\/wp-content\/uploads\/2022\/10\/311267755_1340884326740211_6780298637526777779_n.jpg\",\"articleSection\":[\"Cidades\"],\"inLanguage\":\"pt-BR\"},{\"@type\":\"WebPage\",\"@id\":\"https:\/\/noticiasemdestaque.com\/cd\/?p=43314\",\"url\":\"https:\/\/noticiasemdestaque.com\/cd\/?p=43314\",\"name\":\"Prefeito de Ouro Velho anuncia constru\u00e7\u00e3o de sistema de abastecimento d\u2019\u00e1gua em sete comunidades rurais - Not&iacute;cias em Destaque\",\"isPartOf\":{\"@id\":\"https:\/\/noticiasemdestaque.com\/cd\/#website\"},\"primaryImageOfPage\":{\"@id\":\"https:\/\/noticiasemdestaque.com\/cd\/?p=43314#primaryimage\"},\"image\":{\"@id\":\"https:\/\/noticiasemdestaque.com\/cd\/?p=43314#primaryimage\"},\"thumbnailUrl\":\"https:\/\/noticiasemdestaque.com\/cd\/wp-content\/uploads\/2022\/10\/311267755_1340884326740211_6780298637526777779_n.jpg\",\"datePublished\":\"2022-10-12T16:08:08+00:00\",\"breadcrumb\":{\"@id\":\"https:\/\/noticiasemdestaque.com\/cd\/?p=43314#breadcrumb\"},\"inLanguage\":\"pt-BR\",\"potentialAction\":[{\"@type\":\"ReadAction\",\"target\":[\"https:\/\/noticiasemdestaque.com\/cd\/?p=43314\"]}]},{\"@type\":\"ImageObject\",\"inLanguage\":\"pt-BR\",\"@id\":\"https:\/\/noticiasemdestaque.com\/cd\/?p=43314#primaryimage\",\"url\":\"https:\/\/noticiasemdestaque.com\/cd\/wp-content\/uploads\/2022\/10\/311267755_1340884326740211_6780298637526777779_n.jpg\",\"contentUrl\":\"https:\/\/noticiasemdestaque.com\/cd\/wp-content\/uploads\/2022\/10\/311267755_1340884326740211_6780298637526777779_n.jpg\",\"width\":584,\"height\":640},{\"@type\":\"BreadcrumbList\",\"@id\":\"https:\/\/noticiasemdestaque.com\/cd\/?p=43314#breadcrumb\",\"itemListElement\":[{\"@type\":\"ListItem\",\"position\":1,\"name\":\"In\u00edcio\",\"item\":\"https:\/\/noticiasemdestaque.com\/cd\/\"},{\"@type\":\"ListItem\",\"position\":2,\"name\":\"Prefeito de Ouro Velho anuncia constru\u00e7\u00e3o de sistema de abastecimento d\u2019\u00e1gua em sete comunidades rurais\"}]},{\"@type\":\"WebSite\",\"@id\":\"https:\/\/noticiasemdestaque.com\/cd\/#website\",\"url\":\"https:\/\/noticiasemdestaque.com\/cd\/\",\"name\":\"Not&iacute;cias em Destaque\",\"description\":\"\",\"publisher\":{\"@id\":\"https:\/\/noticiasemdestaque.com\/cd\/#organization\"},\"potentialAction\":[{\"@type\":\"SearchAction\",\"target\":{\"@type\":\"EntryPoint\",\"urlTemplate\":\"https:\/\/noticiasemdestaque.com\/cd\/?s={search_term_string}\"},\"query-input\":{\"@type\":\"PropertyValueSpecification\",\"valueRequired\":true,\"valueName\":\"search_term_string\"}}],\"inLanguage\":\"pt-BR\"},{\"@type\":\"Organization\",\"@id\":\"https:\/\/noticiasemdestaque.com\/cd\/#organization\",\"name\":\"Not\u00edcias em Destaque\",\"url\":\"https:\/\/noticiasemdestaque.com\/cd\/\",\"logo\":{\"@type\":\"ImageObject\",\"inLanguage\":\"pt-BR\",\"@id\":\"https:\/\/noticiasemdestaque.com\/cd\/#\/schema\/logo\/image\/\",\"url\":\"https:\/\/noticiasemdestaque.com\/cd\/wp-content\/uploads\/2022\/05\/imagem-base-noticiasemdestaque.png\",\"contentUrl\":\"https:\/\/noticiasemdestaque.com\/cd\/wp-content\/uploads\/2022\/05\/imagem-base-noticiasemdestaque.png\",\"width\":1200,\"height\":630,\"caption\":\"Not\u00edcias em Destaque\"},\"image\":{\"@id\":\"https:\/\/noticiasemdestaque.com\/cd\/#\/schema\/logo\/image\/\"}},{\"@type\":\"Person\",\"@id\":\"https:\/\/noticiasemdestaque.com\/cd\/#\/schema\/person\/4a81fb71f77579d059c3045891fa1786\",\"name\":\"Not\u00edcias em Destaque\",\"url\":\"https:\/\/noticiasemdestaque.com\/cd\/?author=2\"}]}<\/script>\n<!-- \/ Yoast SEO plugin. -->","yoast_head_json":{"title":"Prefeito de Ouro Velho anuncia constru\u00e7\u00e3o de sistema de abastecimento d\u2019\u00e1gua em sete comunidades rurais - Not&iacute;cias em Destaque","robots":{"index":"index","follow":"follow","max-snippet":"max-snippet:-1","max-image-preview":"max-image-preview:large","max-video-preview":"max-video-preview:-1"},"canonical":"https:\/\/noticiasemdestaque.com\/cd\/?p=43314","og_locale":"pt_BR","og_type":"article","og_title":"Prefeito de Ouro Velho anuncia constru\u00e7\u00e3o de sistema de abastecimento d\u2019\u00e1gua em sete comunidades rurais - Not&iacute;cias em Destaque","og_description":"O prefeito de Ouro Velho, Dr. Augusto Valadares, autorizou na manh\u00e3 desta ter\u00e7a-feira (11), a abertura de um processo licitat\u00f3rio para a constru\u00e7\u00e3o de sete sistemas de abastecimento d\u2019\u00e1gua em comunidades rurais. As comunidades contempladas com o novo sistema de abastecimento, s\u00e3o elas: Sanhar\u00f3, Lagoa Seca, Oiteiros, Panta Le\u00e3o, Pitombeira, Olhos D\u2019\u00c1gua e Raposas. Em contato com a reportagem, o prefeito Dr. Augusto, comemorou a abertura do novo processo licitat\u00f3rio e afirmou que a gest\u00e3o tem um olhar atento para as comunidades rurais, especialmente no combate a estiagem. \u201cNossa gest\u00e3o tem um olhar atento com todas as comunidades rurais do munic\u00edpio, sempre beneficiando e levando melhorias para a popula\u00e7\u00e3o. Desta vez, autorizamos a abertura de um processo licitat\u00f3rio para a constru\u00e7\u00e3o de sistemas de abastecimento de \u00e1gua em sete comunidade rurais, que levar\u00e1 mais desenvolvimento e qualidade de vida\u201d disse. Not\u00edcias em Destaque Fonte: Cariri em A\u00e7\u00e3o","og_url":"https:\/\/noticiasemdestaque.com\/cd\/?p=43314","og_site_name":"Not&iacute;cias em Destaque","article_published_time":"2022-10-12T16:08:08+00:00","og_image":[{"width":584,"height":640,"url":"https:\/\/noticiasemdestaque.com\/cd\/wp-content\/uploads\/2022\/10\/311267755_1340884326740211_6780298637526777779_n.jpg","type":"image\/jpeg"}],"author":"Not\u00edcias em Destaque","twitter_card":"summary_large_image","twitter_misc":{"Escrito por":"Not\u00edcias em Destaque","Est. tempo de leitura":"2 minutos"},"schema":{"@context":"https:\/\/schema.org","@graph":[{"@type":"Article","@id":"https:\/\/noticiasemdestaque.com\/cd\/?p=43314#article","isPartOf":{"@id":"https:\/\/noticiasemdestaque.com\/cd\/?p=43314"},"author":{"name":"Not\u00edcias em Destaque","@id":"https:\/\/noticiasemdestaque.com\/cd\/#\/schema\/person\/4a81fb71f77579d059c3045891fa1786"},"headline":"Prefeito de Ouro Velho anuncia constru\u00e7\u00e3o de sistema de abastecimento d\u2019\u00e1gua em sete comunidades rurais","datePublished":"2022-10-12T16:08:08+00:00","mainEntityOfPage":{"@id":"https:\/\/noticiasemdestaque.com\/cd\/?p=43314"},"wordCount":179,"publisher":{"@id":"https:\/\/noticiasemdestaque.com\/cd\/#organization"},"image":{"@id":"https:\/\/noticiasemdestaque.com\/cd\/?p=43314#primaryimage"},"thumbnailUrl":"https:\/\/noticiasemdestaque.com\/cd\/wp-content\/uploads\/2022\/10\/311267755_1340884326740211_6780298637526777779_n.jpg","articleSection":["Cidades"],"inLanguage":"pt-BR"},{"@type":"WebPage","@id":"https:\/\/noticiasemdestaque.com\/cd\/?p=43314","url":"https:\/\/noticiasemdestaque.com\/cd\/?p=43314","name":"Prefeito de Ouro Velho anuncia constru\u00e7\u00e3o de sistema de abastecimento d\u2019\u00e1gua em sete comunidades rurais - Not&iacute;cias em Destaque","isPartOf":{"@id":"https:\/\/noticiasemdestaque.com\/cd\/#website"},"primaryImageOfPage":{"@id":"https:\/\/noticiasemdestaque.com\/cd\/?p=43314#primaryimage"},"image":{"@id":"https:\/\/noticiasemdestaque.com\/cd\/?p=43314#primaryimage"},"thumbnailUrl":"https:\/\/noticiasemdestaque.com\/cd\/wp-content\/uploads\/2022\/10\/311267755_1340884326740211_6780298637526777779_n.jpg","datePublished":"2022-10-12T16:08:08+00:00","breadcrumb":{"@id":"https:\/\/noticiasemdestaque.com\/cd\/?p=43314#breadcrumb"},"inLanguage":"pt-BR","potentialAction":[{"@type":"ReadAction","target":["https:\/\/noticiasemdestaque.com\/cd\/?p=43314"]}]},{"@type":"ImageObject","inLanguage":"pt-BR","@id":"https:\/\/noticiasemdestaque.com\/cd\/?p=43314#primaryimage","url":"https:\/\/noticiasemdestaque.com\/cd\/wp-content\/uploads\/2022\/10\/311267755_1340884326740211_6780298637526777779_n.jpg","contentUrl":"https:\/\/noticiasemdestaque.com\/cd\/wp-content\/uploads\/2022\/10\/311267755_1340884326740211_6780298637526777779_n.jpg","width":584,"height":640},{"@type":"BreadcrumbList","@id":"https:\/\/noticiasemdestaque.com\/cd\/?p=43314#breadcrumb","itemListElement":[{"@type":"ListItem","position":1,"name":"In\u00edcio","item":"https:\/\/noticiasemdestaque.com\/cd\/"},{"@type":"ListItem","position":2,"name":"Prefeito de Ouro Velho anuncia constru\u00e7\u00e3o de sistema de abastecimento d\u2019\u00e1gua em sete comunidades rurais"}]},{"@type":"WebSite","@id":"https:\/\/noticiasemdestaque.com\/cd\/#website","url":"https:\/\/noticiasemdestaque.com\/cd\/","name":"Not&iacute;cias em Destaque","description":"","publisher":{"@id":"https:\/\/noticiasemdestaque.com\/cd\/#organization"},"potentialAction":[{"@type":"SearchAction","target":{"@type":"EntryPoint","urlTemplate":"https:\/\/noticiasemdestaque.com\/cd\/?s={search_term_string}"},"query-input":{"@type":"PropertyValueSpecification","valueRequired":true,"valueName":"search_term_string"}}],"inLanguage":"pt-BR"},{"@type":"Organization","@id":"https:\/\/noticiasemdestaque.com\/cd\/#organization","name":"Not\u00edcias em Destaque","url":"https:\/\/noticiasemdestaque.com\/cd\/","logo":{"@type":"ImageObject","inLanguage":"pt-BR","@id":"https:\/\/noticiasemdestaque.com\/cd\/#\/schema\/logo\/image\/","url":"https:\/\/noticiasemdestaque.com\/cd\/wp-content\/uploads\/2022\/05\/imagem-base-noticiasemdestaque.png","contentUrl":"https:\/\/noticiasemdestaque.com\/cd\/wp-content\/uploads\/2022\/05\/imagem-base-noticiasemdestaque.png","width":1200,"height":630,"caption":"Not\u00edcias em Destaque"},"image":{"@id":"https:\/\/noticiasemdestaque.com\/cd\/#\/schema\/logo\/image\/"}},{"@type":"Person","@id":"https:\/\/noticiasemdestaque.com\/cd\/#\/schema\/person\/4a81fb71f77579d059c3045891fa1786","name":"Not\u00edcias em Destaque","url":"https:\/\/noticiasemdestaque.com\/cd\/?author=2"}]}},"jetpack_featured_media_url":"https:\/\/noticiasemdestaque.com\/cd\/wp-content\/uploads\/2022\/10\/311267755_1340884326740211_6780298637526777779_n.jpg","jetpack_sharing_enabled":true,"_links":{"self":[{"href":"https:\/\/noticiasemdestaque.com\/cd\/index.php?rest_route=\/wp\/v2\/posts\/43314","targetHints":{"allow":["GET"]}}],"collection":[{"href":"https:\/\/noticiasemdestaque.com\/cd\/index.php?rest_route=\/wp\/v2\/posts"}],"about":[{"href":"https:\/\/noticiasemdestaque.com\/cd\/index.php?rest_route=\/wp\/v2\/types\/post"}],"author":[{"embeddable":true,"href":"https:\/\/noticiasemdestaque.com\/cd\/index.php?rest_route=\/wp\/v2\/users\/2"}],"replies":[{"embeddable":true,"href":"https:\/\/noticiasemdestaque.com\/cd\/index.php?rest_route=%2Fwp%2Fv2%2Fcomments&post=43314"}],"version-history":[{"count":1,"href":"https:\/\/noticiasemdestaque.com\/cd\/index.php?rest_route=\/wp\/v2\/posts\/43314\/revisions"}],"predecessor-version":[{"id":43316,"href":"https:\/\/noticiasemdestaque.com\/cd\/index.php?rest_route=\/wp\/v2\/posts\/43314\/revisions\/43316"}],"wp:featuredmedia":[{"embeddable":true,"href":"https:\/\/noticiasemdestaque.com\/cd\/index.php?rest_route=\/wp\/v2\/media\/43315"}],"wp:attachment":[{"href":"https:\/\/noticiasemdestaque.com\/cd\/index.php?rest_route=%2Fwp%2Fv2%2Fmedia&parent=43314"}],"wp:term":[{"taxonomy":"category","embeddable":true,"href":"https:\/\/noticiasemdestaque.com\/cd\/index.php?rest_route=%2Fwp%2Fv2%2Fcategories&post=43314"},{"taxonomy":"post_tag","embeddable":true,"href":"https:\/\/noticiasemdestaque.com\/cd\/index.php?rest_route=%2Fwp%2Fv2%2Ftags&post=43314"}],"curies":[{"name":"wp","href":"https:\/\/api.w.org\/{rel}","templated":true}]}}