{"id":43309,"date":"2022-10-12T13:01:08","date_gmt":"2022-10-12T16:01:08","guid":{"rendered":"https:\/\/noticiasemdestaque.com\/cd\/?p=43309"},"modified":"2022-10-12T13:01:27","modified_gmt":"2022-10-12T16:01:27","slug":"prefeitura-de-prata-realiza-festa-em-comemoracao-ao-dia-das-criancas","status":"publish","type":"post","link":"https:\/\/noticiasemdestaque.com\/cd\/?p=43309","title":{"rendered":"Prefeitura de Prata realiza festa em comemora\u00e7\u00e3o ao Dia das Crian\u00e7as"},"content":{"rendered":"<p><a href=\"https:\/\/noticiasemdestaque.com\/cd\/wp-content\/uploads\/2022\/10\/IMG-20221011-WA0228.jpg\"><img decoding=\"async\" class=\"size-medium wp-image-43310 aligncenter\" src=\"https:\/\/noticiasemdestaque.com\/cd\/wp-content\/uploads\/2022\/10\/IMG-20221011-WA0228-300x138.jpg\" alt=\"\" width=\"300\" height=\"138\" srcset=\"https:\/\/noticiasemdestaque.com\/cd\/wp-content\/uploads\/2022\/10\/IMG-20221011-WA0228-300x138.jpg 300w, https:\/\/noticiasemdestaque.com\/cd\/wp-content\/uploads\/2022\/10\/IMG-20221011-WA0228-1024x472.jpg 1024w, https:\/\/noticiasemdestaque.com\/cd\/wp-content\/uploads\/2022\/10\/IMG-20221011-WA0228-768x354.jpg 768w, https:\/\/noticiasemdestaque.com\/cd\/wp-content\/uploads\/2022\/10\/IMG-20221011-WA0228-1536x708.jpg 1536w, https:\/\/noticiasemdestaque.com\/cd\/wp-content\/uploads\/2022\/10\/IMG-20221011-WA0228-18x8.jpg 18w, https:\/\/noticiasemdestaque.com\/cd\/wp-content\/uploads\/2022\/10\/IMG-20221011-WA0228.jpg 1600w\" sizes=\"(max-width: 300px) 100vw, 300px\" \/><\/a><\/p>\n<p>A Prefeitura Municipal de Prata realizou nesta ter\u00e7a-feira (11), a festa em comemora\u00e7\u00e3o ao Dia das Crian\u00e7as.<\/p>\n<p><a href=\"https:\/\/noticiasemdestaque.com\/cd\/wp-content\/uploads\/2022\/10\/IMG-20221011-WA0241.jpg\"><img decoding=\"async\" class=\"size-medium wp-image-43311 aligncenter\" src=\"https:\/\/noticiasemdestaque.com\/cd\/wp-content\/uploads\/2022\/10\/IMG-20221011-WA0241-300x139.jpg\" alt=\"\" width=\"300\" height=\"139\" srcset=\"https:\/\/noticiasemdestaque.com\/cd\/wp-content\/uploads\/2022\/10\/IMG-20221011-WA0241-300x139.jpg 300w, https:\/\/noticiasemdestaque.com\/cd\/wp-content\/uploads\/2022\/10\/IMG-20221011-WA0241-18x8.jpg 18w, https:\/\/noticiasemdestaque.com\/cd\/wp-content\/uploads\/2022\/10\/IMG-20221011-WA0241.jpg 320w\" sizes=\"(max-width: 300px) 100vw, 300px\" \/><\/a><\/p>\n<p>A festa iniciou \u00e0s 17 horas e contou com brinquedos, pipoca, algod\u00e3o doce, sorvetes, pula-pula, sorteio de brindes e muita anima\u00e7\u00e3o. O evento teve a presen\u00e7a dos secret\u00e1rios, essa data foi muito especial para os pequenos.<\/p>\n<p><a href=\"https:\/\/noticiasemdestaque.com\/cd\/wp-content\/uploads\/2022\/10\/IMG-20221011-WA0254.jpg\"><img decoding=\"async\" class=\"size-medium wp-image-43312 aligncenter\" src=\"https:\/\/noticiasemdestaque.com\/cd\/wp-content\/uploads\/2022\/10\/IMG-20221011-WA0254-300x139.jpg\" alt=\"\" width=\"300\" height=\"139\" srcset=\"https:\/\/noticiasemdestaque.com\/cd\/wp-content\/uploads\/2022\/10\/IMG-20221011-WA0254-300x139.jpg 300w, https:\/\/noticiasemdestaque.com\/cd\/wp-content\/uploads\/2022\/10\/IMG-20221011-WA0254-18x8.jpg 18w, https:\/\/noticiasemdestaque.com\/cd\/wp-content\/uploads\/2022\/10\/IMG-20221011-WA0254.jpg 320w\" sizes=\"(max-width: 300px) 100vw, 300px\" \/><\/a><\/p>\n<p>\u201cFico muito feliz em proporcionar alegria a essas crian\u00e7as. \u00c9 importante destacar que os trabalhos tiveram muitos envolvidos, quero agradecer especialmente a \u201cminha equipe\u201d por cumprir mais essa agenda com excel\u00eancia e todos que de alguma forma apoiaram o evento\u201d, disse o prefeito Genivaldo Temb\u00f3rio.<\/p>\n<p><em><strong>Not\u00edcias em Destaque<\/strong><\/em><\/p>\n<p>Com Portal Cariri Paraibano<\/p>\n","protected":false},"excerpt":{"rendered":"<p>A Prefeitura Municipal de Prata realizou nesta ter\u00e7a-feira (11), a festa em comemora\u00e7\u00e3o ao Dia das Crian\u00e7as. A festa iniciou \u00e0s 17 horas e contou com brinquedos, pipoca, algod\u00e3o doce, sorvetes, pula-pula, sorteio de brindes e muita anima\u00e7\u00e3o. O evento teve a presen\u00e7a dos secret\u00e1rios, essa data foi muito especial para os pequenos. \u201cFico muito feliz em proporcionar alegria a essas crian\u00e7as. \u00c9 importante destacar que os trabalhos tiveram muitos envolvidos, quero agradecer especialmente a \u201cminha equipe\u201d por cumprir mais essa agenda com excel\u00eancia e todos que de alguma forma apoiaram o evento\u201d, disse o prefeito Genivaldo Temb\u00f3rio. Not\u00edcias em Destaque Com Portal Cariri Paraibano<\/p>\n","protected":false},"author":2,"featured_media":43310,"comment_status":"closed","ping_status":"open","sticky":false,"template":"","format":"standard","meta":{"_eb_attr":"","_jetpack_memberships_contains_paid_content":false,"footnotes":""},"categories":[3],"tags":[],"class_list":["post-43309","post","type-post","status-publish","format-standard","has-post-thumbnail","hentry","category-cidades"],"yoast_head":"<!-- This site is optimized with the Yoast SEO plugin v26.5 - https:\/\/yoast.com\/wordpress\/plugins\/seo\/ -->\n<title>Prefeitura de Prata realiza festa em comemora\u00e7\u00e3o ao Dia das Crian\u00e7as - Not&iacute;cias em Destaque<\/title>\n<meta name=\"robots\" content=\"index, follow, max-snippet:-1, max-image-preview:large, max-video-preview:-1\" \/>\n<link rel=\"canonical\" href=\"https:\/\/noticiasemdestaque.com\/cd\/?p=43309\" \/>\n<meta property=\"og:locale\" content=\"pt_BR\" \/>\n<meta property=\"og:type\" content=\"article\" \/>\n<meta property=\"og:title\" content=\"Prefeitura de Prata realiza festa em comemora\u00e7\u00e3o ao Dia das Crian\u00e7as - Not&iacute;cias em Destaque\" \/>\n<meta property=\"og:description\" content=\"A Prefeitura Municipal de Prata realizou nesta ter\u00e7a-feira (11), a festa em comemora\u00e7\u00e3o ao Dia das Crian\u00e7as. A festa iniciou \u00e0s 17 horas e contou com brinquedos, pipoca, algod\u00e3o doce, sorvetes, pula-pula, sorteio de brindes e muita anima\u00e7\u00e3o. O evento teve a presen\u00e7a dos secret\u00e1rios, essa data foi muito especial para os pequenos. \u201cFico muito feliz em proporcionar alegria a essas crian\u00e7as. \u00c9 importante destacar que os trabalhos tiveram muitos envolvidos, quero agradecer especialmente a \u201cminha equipe\u201d por cumprir mais essa agenda com excel\u00eancia e todos que de alguma forma apoiaram o evento\u201d, disse o prefeito Genivaldo Temb\u00f3rio. Not\u00edcias em Destaque Com Portal Cariri Paraibano\" \/>\n<meta property=\"og:url\" content=\"https:\/\/noticiasemdestaque.com\/cd\/?p=43309\" \/>\n<meta property=\"og:site_name\" content=\"Not&iacute;cias em Destaque\" \/>\n<meta property=\"article:published_time\" content=\"2022-10-12T16:01:08+00:00\" \/>\n<meta property=\"article:modified_time\" content=\"2022-10-12T16:01:27+00:00\" \/>\n<meta property=\"og:image\" content=\"https:\/\/noticiasemdestaque.com\/cd\/wp-content\/uploads\/2022\/10\/IMG-20221011-WA0228.jpg\" \/>\n\t<meta property=\"og:image:width\" content=\"1600\" \/>\n\t<meta property=\"og:image:height\" content=\"737\" \/>\n\t<meta property=\"og:image:type\" content=\"image\/jpeg\" \/>\n<meta name=\"author\" content=\"Not\u00edcias em Destaque\" \/>\n<meta name=\"twitter:card\" content=\"summary_large_image\" \/>\n<meta name=\"twitter:label1\" content=\"Escrito por\" \/>\n\t<meta name=\"twitter:data1\" content=\"Not\u00edcias em Destaque\" \/>\n\t<meta name=\"twitter:label2\" content=\"Est. tempo de leitura\" \/>\n\t<meta name=\"twitter:data2\" content=\"2 minutos\" \/>\n<script type=\"application\/ld+json\" class=\"yoast-schema-graph\">{\"@context\":\"https:\/\/schema.org\",\"@graph\":[{\"@type\":\"Article\",\"@id\":\"https:\/\/noticiasemdestaque.com\/cd\/?p=43309#article\",\"isPartOf\":{\"@id\":\"https:\/\/noticiasemdestaque.com\/cd\/?p=43309\"},\"author\":{\"name\":\"Not\u00edcias em Destaque\",\"@id\":\"https:\/\/noticiasemdestaque.com\/cd\/#\/schema\/person\/4a81fb71f77579d059c3045891fa1786\"},\"headline\":\"Prefeitura de Prata realiza festa em comemora\u00e7\u00e3o ao Dia das Crian\u00e7as\",\"datePublished\":\"2022-10-12T16:01:08+00:00\",\"dateModified\":\"2022-10-12T16:01:27+00:00\",\"mainEntityOfPage\":{\"@id\":\"https:\/\/noticiasemdestaque.com\/cd\/?p=43309\"},\"wordCount\":126,\"publisher\":{\"@id\":\"https:\/\/noticiasemdestaque.com\/cd\/#organization\"},\"image\":{\"@id\":\"https:\/\/noticiasemdestaque.com\/cd\/?p=43309#primaryimage\"},\"thumbnailUrl\":\"https:\/\/noticiasemdestaque.com\/cd\/wp-content\/uploads\/2022\/10\/IMG-20221011-WA0228.jpg\",\"articleSection\":[\"Cidades\"],\"inLanguage\":\"pt-BR\"},{\"@type\":\"WebPage\",\"@id\":\"https:\/\/noticiasemdestaque.com\/cd\/?p=43309\",\"url\":\"https:\/\/noticiasemdestaque.com\/cd\/?p=43309\",\"name\":\"Prefeitura de Prata realiza festa em comemora\u00e7\u00e3o ao Dia das Crian\u00e7as - Not&iacute;cias em Destaque\",\"isPartOf\":{\"@id\":\"https:\/\/noticiasemdestaque.com\/cd\/#website\"},\"primaryImageOfPage\":{\"@id\":\"https:\/\/noticiasemdestaque.com\/cd\/?p=43309#primaryimage\"},\"image\":{\"@id\":\"https:\/\/noticiasemdestaque.com\/cd\/?p=43309#primaryimage\"},\"thumbnailUrl\":\"https:\/\/noticiasemdestaque.com\/cd\/wp-content\/uploads\/2022\/10\/IMG-20221011-WA0228.jpg\",\"datePublished\":\"2022-10-12T16:01:08+00:00\",\"dateModified\":\"2022-10-12T16:01:27+00:00\",\"breadcrumb\":{\"@id\":\"https:\/\/noticiasemdestaque.com\/cd\/?p=43309#breadcrumb\"},\"inLanguage\":\"pt-BR\",\"potentialAction\":[{\"@type\":\"ReadAction\",\"target\":[\"https:\/\/noticiasemdestaque.com\/cd\/?p=43309\"]}]},{\"@type\":\"ImageObject\",\"inLanguage\":\"pt-BR\",\"@id\":\"https:\/\/noticiasemdestaque.com\/cd\/?p=43309#primaryimage\",\"url\":\"https:\/\/noticiasemdestaque.com\/cd\/wp-content\/uploads\/2022\/10\/IMG-20221011-WA0228.jpg\",\"contentUrl\":\"https:\/\/noticiasemdestaque.com\/cd\/wp-content\/uploads\/2022\/10\/IMG-20221011-WA0228.jpg\",\"width\":1600,\"height\":737},{\"@type\":\"BreadcrumbList\",\"@id\":\"https:\/\/noticiasemdestaque.com\/cd\/?p=43309#breadcrumb\",\"itemListElement\":[{\"@type\":\"ListItem\",\"position\":1,\"name\":\"In\u00edcio\",\"item\":\"https:\/\/noticiasemdestaque.com\/cd\/\"},{\"@type\":\"ListItem\",\"position\":2,\"name\":\"Prefeitura de Prata realiza festa em comemora\u00e7\u00e3o ao Dia das Crian\u00e7as\"}]},{\"@type\":\"WebSite\",\"@id\":\"https:\/\/noticiasemdestaque.com\/cd\/#website\",\"url\":\"https:\/\/noticiasemdestaque.com\/cd\/\",\"name\":\"Not&iacute;cias em Destaque\",\"description\":\"\",\"publisher\":{\"@id\":\"https:\/\/noticiasemdestaque.com\/cd\/#organization\"},\"potentialAction\":[{\"@type\":\"SearchAction\",\"target\":{\"@type\":\"EntryPoint\",\"urlTemplate\":\"https:\/\/noticiasemdestaque.com\/cd\/?s={search_term_string}\"},\"query-input\":{\"@type\":\"PropertyValueSpecification\",\"valueRequired\":true,\"valueName\":\"search_term_string\"}}],\"inLanguage\":\"pt-BR\"},{\"@type\":\"Organization\",\"@id\":\"https:\/\/noticiasemdestaque.com\/cd\/#organization\",\"name\":\"Not\u00edcias em Destaque\",\"url\":\"https:\/\/noticiasemdestaque.com\/cd\/\",\"logo\":{\"@type\":\"ImageObject\",\"inLanguage\":\"pt-BR\",\"@id\":\"https:\/\/noticiasemdestaque.com\/cd\/#\/schema\/logo\/image\/\",\"url\":\"https:\/\/noticiasemdestaque.com\/cd\/wp-content\/uploads\/2022\/05\/imagem-base-noticiasemdestaque.png\",\"contentUrl\":\"https:\/\/noticiasemdestaque.com\/cd\/wp-content\/uploads\/2022\/05\/imagem-base-noticiasemdestaque.png\",\"width\":1200,\"height\":630,\"caption\":\"Not\u00edcias em Destaque\"},\"image\":{\"@id\":\"https:\/\/noticiasemdestaque.com\/cd\/#\/schema\/logo\/image\/\"}},{\"@type\":\"Person\",\"@id\":\"https:\/\/noticiasemdestaque.com\/cd\/#\/schema\/person\/4a81fb71f77579d059c3045891fa1786\",\"name\":\"Not\u00edcias em Destaque\",\"url\":\"https:\/\/noticiasemdestaque.com\/cd\/?author=2\"}]}<\/script>\n<!-- \/ Yoast SEO plugin. -->","yoast_head_json":{"title":"Prefeitura de Prata realiza festa em comemora\u00e7\u00e3o ao Dia das Crian\u00e7as - Not&iacute;cias em Destaque","robots":{"index":"index","follow":"follow","max-snippet":"max-snippet:-1","max-image-preview":"max-image-preview:large","max-video-preview":"max-video-preview:-1"},"canonical":"https:\/\/noticiasemdestaque.com\/cd\/?p=43309","og_locale":"pt_BR","og_type":"article","og_title":"Prefeitura de Prata realiza festa em comemora\u00e7\u00e3o ao Dia das Crian\u00e7as - Not&iacute;cias em Destaque","og_description":"A Prefeitura Municipal de Prata realizou nesta ter\u00e7a-feira (11), a festa em comemora\u00e7\u00e3o ao Dia das Crian\u00e7as. A festa iniciou \u00e0s 17 horas e contou com brinquedos, pipoca, algod\u00e3o doce, sorvetes, pula-pula, sorteio de brindes e muita anima\u00e7\u00e3o. O evento teve a presen\u00e7a dos secret\u00e1rios, essa data foi muito especial para os pequenos. \u201cFico muito feliz em proporcionar alegria a essas crian\u00e7as. \u00c9 importante destacar que os trabalhos tiveram muitos envolvidos, quero agradecer especialmente a \u201cminha equipe\u201d por cumprir mais essa agenda com excel\u00eancia e todos que de alguma forma apoiaram o evento\u201d, disse o prefeito Genivaldo Temb\u00f3rio. Not\u00edcias em Destaque Com Portal Cariri Paraibano","og_url":"https:\/\/noticiasemdestaque.com\/cd\/?p=43309","og_site_name":"Not&iacute;cias em Destaque","article_published_time":"2022-10-12T16:01:08+00:00","article_modified_time":"2022-10-12T16:01:27+00:00","og_image":[{"width":1600,"height":737,"url":"https:\/\/noticiasemdestaque.com\/cd\/wp-content\/uploads\/2022\/10\/IMG-20221011-WA0228.jpg","type":"image\/jpeg"}],"author":"Not\u00edcias em Destaque","twitter_card":"summary_large_image","twitter_misc":{"Escrito por":"Not\u00edcias em Destaque","Est. tempo de leitura":"2 minutos"},"schema":{"@context":"https:\/\/schema.org","@graph":[{"@type":"Article","@id":"https:\/\/noticiasemdestaque.com\/cd\/?p=43309#article","isPartOf":{"@id":"https:\/\/noticiasemdestaque.com\/cd\/?p=43309"},"author":{"name":"Not\u00edcias em Destaque","@id":"https:\/\/noticiasemdestaque.com\/cd\/#\/schema\/person\/4a81fb71f77579d059c3045891fa1786"},"headline":"Prefeitura de Prata realiza festa em comemora\u00e7\u00e3o ao Dia das Crian\u00e7as","datePublished":"2022-10-12T16:01:08+00:00","dateModified":"2022-10-12T16:01:27+00:00","mainEntityOfPage":{"@id":"https:\/\/noticiasemdestaque.com\/cd\/?p=43309"},"wordCount":126,"publisher":{"@id":"https:\/\/noticiasemdestaque.com\/cd\/#organization"},"image":{"@id":"https:\/\/noticiasemdestaque.com\/cd\/?p=43309#primaryimage"},"thumbnailUrl":"https:\/\/noticiasemdestaque.com\/cd\/wp-content\/uploads\/2022\/10\/IMG-20221011-WA0228.jpg","articleSection":["Cidades"],"inLanguage":"pt-BR"},{"@type":"WebPage","@id":"https:\/\/noticiasemdestaque.com\/cd\/?p=43309","url":"https:\/\/noticiasemdestaque.com\/cd\/?p=43309","name":"Prefeitura de Prata realiza festa em comemora\u00e7\u00e3o ao Dia das Crian\u00e7as - Not&iacute;cias em Destaque","isPartOf":{"@id":"https:\/\/noticiasemdestaque.com\/cd\/#website"},"primaryImageOfPage":{"@id":"https:\/\/noticiasemdestaque.com\/cd\/?p=43309#primaryimage"},"image":{"@id":"https:\/\/noticiasemdestaque.com\/cd\/?p=43309#primaryimage"},"thumbnailUrl":"https:\/\/noticiasemdestaque.com\/cd\/wp-content\/uploads\/2022\/10\/IMG-20221011-WA0228.jpg","datePublished":"2022-10-12T16:01:08+00:00","dateModified":"2022-10-12T16:01:27+00:00","breadcrumb":{"@id":"https:\/\/noticiasemdestaque.com\/cd\/?p=43309#breadcrumb"},"inLanguage":"pt-BR","potentialAction":[{"@type":"ReadAction","target":["https:\/\/noticiasemdestaque.com\/cd\/?p=43309"]}]},{"@type":"ImageObject","inLanguage":"pt-BR","@id":"https:\/\/noticiasemdestaque.com\/cd\/?p=43309#primaryimage","url":"https:\/\/noticiasemdestaque.com\/cd\/wp-content\/uploads\/2022\/10\/IMG-20221011-WA0228.jpg","contentUrl":"https:\/\/noticiasemdestaque.com\/cd\/wp-content\/uploads\/2022\/10\/IMG-20221011-WA0228.jpg","width":1600,"height":737},{"@type":"BreadcrumbList","@id":"https:\/\/noticiasemdestaque.com\/cd\/?p=43309#breadcrumb","itemListElement":[{"@type":"ListItem","position":1,"name":"In\u00edcio","item":"https:\/\/noticiasemdestaque.com\/cd\/"},{"@type":"ListItem","position":2,"name":"Prefeitura de Prata realiza festa em comemora\u00e7\u00e3o ao Dia das Crian\u00e7as"}]},{"@type":"WebSite","@id":"https:\/\/noticiasemdestaque.com\/cd\/#website","url":"https:\/\/noticiasemdestaque.com\/cd\/","name":"Not&iacute;cias em Destaque","description":"","publisher":{"@id":"https:\/\/noticiasemdestaque.com\/cd\/#organization"},"potentialAction":[{"@type":"SearchAction","target":{"@type":"EntryPoint","urlTemplate":"https:\/\/noticiasemdestaque.com\/cd\/?s={search_term_string}"},"query-input":{"@type":"PropertyValueSpecification","valueRequired":true,"valueName":"search_term_string"}}],"inLanguage":"pt-BR"},{"@type":"Organization","@id":"https:\/\/noticiasemdestaque.com\/cd\/#organization","name":"Not\u00edcias em Destaque","url":"https:\/\/noticiasemdestaque.com\/cd\/","logo":{"@type":"ImageObject","inLanguage":"pt-BR","@id":"https:\/\/noticiasemdestaque.com\/cd\/#\/schema\/logo\/image\/","url":"https:\/\/noticiasemdestaque.com\/cd\/wp-content\/uploads\/2022\/05\/imagem-base-noticiasemdestaque.png","contentUrl":"https:\/\/noticiasemdestaque.com\/cd\/wp-content\/uploads\/2022\/05\/imagem-base-noticiasemdestaque.png","width":1200,"height":630,"caption":"Not\u00edcias em Destaque"},"image":{"@id":"https:\/\/noticiasemdestaque.com\/cd\/#\/schema\/logo\/image\/"}},{"@type":"Person","@id":"https:\/\/noticiasemdestaque.com\/cd\/#\/schema\/person\/4a81fb71f77579d059c3045891fa1786","name":"Not\u00edcias em Destaque","url":"https:\/\/noticiasemdestaque.com\/cd\/?author=2"}]}},"jetpack_featured_media_url":"https:\/\/noticiasemdestaque.com\/cd\/wp-content\/uploads\/2022\/10\/IMG-20221011-WA0228.jpg","jetpack_sharing_enabled":true,"_links":{"self":[{"href":"https:\/\/noticiasemdestaque.com\/cd\/index.php?rest_route=\/wp\/v2\/posts\/43309","targetHints":{"allow":["GET"]}}],"collection":[{"href":"https:\/\/noticiasemdestaque.com\/cd\/index.php?rest_route=\/wp\/v2\/posts"}],"about":[{"href":"https:\/\/noticiasemdestaque.com\/cd\/index.php?rest_route=\/wp\/v2\/types\/post"}],"author":[{"embeddable":true,"href":"https:\/\/noticiasemdestaque.com\/cd\/index.php?rest_route=\/wp\/v2\/users\/2"}],"replies":[{"embeddable":true,"href":"https:\/\/noticiasemdestaque.com\/cd\/index.php?rest_route=%2Fwp%2Fv2%2Fcomments&post=43309"}],"version-history":[{"count":1,"href":"https:\/\/noticiasemdestaque.com\/cd\/index.php?rest_route=\/wp\/v2\/posts\/43309\/revisions"}],"predecessor-version":[{"id":43313,"href":"https:\/\/noticiasemdestaque.com\/cd\/index.php?rest_route=\/wp\/v2\/posts\/43309\/revisions\/43313"}],"wp:featuredmedia":[{"embeddable":true,"href":"https:\/\/noticiasemdestaque.com\/cd\/index.php?rest_route=\/wp\/v2\/media\/43310"}],"wp:attachment":[{"href":"https:\/\/noticiasemdestaque.com\/cd\/index.php?rest_route=%2Fwp%2Fv2%2Fmedia&parent=43309"}],"wp:term":[{"taxonomy":"category","embeddable":true,"href":"https:\/\/noticiasemdestaque.com\/cd\/index.php?rest_route=%2Fwp%2Fv2%2Fcategories&post=43309"},{"taxonomy":"post_tag","embeddable":true,"href":"https:\/\/noticiasemdestaque.com\/cd\/index.php?rest_route=%2Fwp%2Fv2%2Ftags&post=43309"}],"curies":[{"name":"wp","href":"https:\/\/api.w.org\/{rel}","templated":true}]}}