{"id":43301,"date":"2022-10-12T12:31:17","date_gmt":"2022-10-12T15:31:17","guid":{"rendered":"https:\/\/noticiasemdestaque.com\/cd\/?p=43301"},"modified":"2022-10-12T12:31:17","modified_gmt":"2022-10-12T15:31:17","slug":"publicado-edital-para-o-cfo-2023-do-corpo-de-bombeiros-da-paraiba-inscricoes-comecam-nesta-quinta-feira","status":"publish","type":"post","link":"https:\/\/noticiasemdestaque.com\/cd\/?p=43301","title":{"rendered":"Publicado edital para o CFO 2023 do Corpo de Bombeiros da Para\u00edba; inscri\u00e7\u00f5es come\u00e7am nesta quinta-feira"},"content":{"rendered":"<p><a href=\"https:\/\/noticiasemdestaque.com\/cd\/wp-content\/uploads\/2018\/06\/Concurso-publico-Corpo-de-Bombeiros-Militar-do-Estado-do-Rio-de-Janeiro-Foto-RJ.GOV_.jpg\"><img fetchpriority=\"high\" decoding=\"async\" class=\"size-medium wp-image-10843 aligncenter\" src=\"https:\/\/noticiasemdestaque.com\/cd\/wp-content\/uploads\/2018\/06\/Concurso-publico-Corpo-de-Bombeiros-Militar-do-Estado-do-Rio-de-Janeiro-Foto-RJ.GOV_-300x204.jpg\" alt=\"\" width=\"300\" height=\"204\" srcset=\"https:\/\/noticiasemdestaque.com\/cd\/wp-content\/uploads\/2018\/06\/Concurso-publico-Corpo-de-Bombeiros-Militar-do-Estado-do-Rio-de-Janeiro-Foto-RJ.GOV_-300x204.jpg 300w, https:\/\/noticiasemdestaque.com\/cd\/wp-content\/uploads\/2018\/06\/Concurso-publico-Corpo-de-Bombeiros-Militar-do-Estado-do-Rio-de-Janeiro-Foto-RJ.GOV_.jpg 600w\" sizes=\"(max-width: 300px) 100vw, 300px\" \/><\/a><\/p>\n<p>O edital do concurso para o Curso de Forma\u00e7\u00e3o de Oficiais (CFO) do Corpo de Bombeiros Militar da Para\u00edba foi divulgado, nesta quarta-feira (12), no Di\u00e1rio Oficial do Estado. Ser\u00e3o 12 vagas para candidatos com n\u00edvel superior, sendo duas reservadas \u00e0 popula\u00e7\u00e3o negra conforme Lei Estadual n\u00ba 12.169\/2021. Os sal\u00e1rios variam entre R$ 3.213,94, no primeiro ano como cadete, at\u00e9 R$ 8.442,63, para 2\u00ba tenente.<\/p>\n<p>Os interessados poder\u00e3o se inscrever a partir desta quinta-feira (13) e o prazo termina no dia 28 de outubro. As inscri\u00e7\u00f5es devem ser feitas\u00a0<a href=\"https:\/\/bravo.bombeiros.pb.gov.br\/launcher_concursos_publicos\" target=\"true\" rel=\"noopener\">no site do Corpo de Bombeiros Militar da Para\u00edba<\/a>\u00a0e a taxa \u00e9 de R$ 80.<\/p>\n<p><a href=\"https:\/\/www.clickpb.com.br\/media\/filer_public\/be\/8b\/be8b51cf-52ed-46ff-afdf-a32818aa7d86\/diario_oficial_12-10-2022_ass.pdf\" data-file=\"\">Confira o edital do CFO Bombeiros Para\u00edba a partir da p\u00e1gina 7 do Di\u00e1rio Oficial\u00a0<\/a><\/p>\n<p>Podem participar candidatos de 18 a 32 anos completos at\u00e9 2023, com altura m\u00ednima de 1,65m para homens e 1,60 m para mulheres. Outra exig\u00eancia, j\u00e1 praticada em outras edi\u00e7\u00f5es, \u00e9 que o candidato deve estar inscrito no Enem (Exame Nacional do Ensino M\u00e9dio) 2022.<\/p>\n<p>O concurso para o CFO do Corpo de Bombeiros ter\u00e1 avalia\u00e7\u00e3o psicol\u00f3gica, de sa\u00fade, de aptid\u00e3o f\u00edsica e social.<\/p>\n<p>Ainda segundo o edital, conforme apurou o ClickPB, &#8220;o Curso de Forma\u00e7\u00e3o de Oficiais Bombeiro Militar (CFO BM) se d\u00e1 na Academia de Bombeiro Militar Aristarco Pessoa &#8211; ABMAP no Centro de Educa\u00e7\u00e3o da Pol\u00edcia Militar do Estado da Para\u00edba (CE PMPB) \u2013(Rua Dr. Francisco de Assis Veloso s\/n\u00ba, Mangabeira VII), tendo uma dura\u00e7\u00e3o de 03 (tr\u00eas) anos letivos, per\u00edodo integral e regime de dedica\u00e7\u00e3o exclusiva, conforme regulamenta\u00e7\u00e3o da Diretoria de Ensino, Instru\u00e7\u00e3o e Pesquisa.&#8221;<\/p>\n<p>Com Click PB<\/p>\n","protected":false},"excerpt":{"rendered":"<p>O edital do concurso para o Curso de Forma\u00e7\u00e3o de Oficiais (CFO) do Corpo de Bombeiros Militar da Para\u00edba foi divulgado, nesta quarta-feira (12), no Di\u00e1rio Oficial do Estado. Ser\u00e3o 12 vagas para candidatos com n\u00edvel superior, sendo duas reservadas \u00e0 popula\u00e7\u00e3o negra conforme Lei Estadual n\u00ba 12.169\/2021. Os sal\u00e1rios variam entre R$ 3.213,94, no primeiro ano como cadete, at\u00e9 R$ 8.442,63, para 2\u00ba tenente. Os interessados poder\u00e3o se inscrever a partir desta quinta-feira (13) e o prazo termina no dia 28 de outubro. As inscri\u00e7\u00f5es devem ser feitas\u00a0no site do Corpo de Bombeiros Militar da Para\u00edba\u00a0e a taxa \u00e9 de R$ 80. Confira o edital do CFO Bombeiros Para\u00edba a partir da p\u00e1gina 7 do Di\u00e1rio Oficial\u00a0 Podem participar candidatos de 18 a 32 anos completos at\u00e9 2023, com altura m\u00ednima de 1,65m para homens e 1,60 m para mulheres. Outra exig\u00eancia, j\u00e1 praticada em outras edi\u00e7\u00f5es, \u00e9 que o candidato deve estar inscrito no Enem (Exame Nacional do Ensino M\u00e9dio) 2022. O concurso para o CFO do Corpo de Bombeiros ter\u00e1 avalia\u00e7\u00e3o psicol\u00f3gica, de sa\u00fade, de aptid\u00e3o f\u00edsica e social. Ainda segundo o edital, conforme apurou o ClickPB, &#8220;o Curso de Forma\u00e7\u00e3o de Oficiais Bombeiro Militar (CFO BM) se d\u00e1 na Academia de Bombeiro Militar Aristarco Pessoa &#8211; ABMAP no Centro de Educa\u00e7\u00e3o da Pol\u00edcia Militar do Estado da Para\u00edba (CE PMPB) \u2013(Rua Dr. Francisco de Assis Veloso s\/n\u00ba, Mangabeira VII), tendo uma dura\u00e7\u00e3o de 03 (tr\u00eas) anos letivos, per\u00edodo integral e regime de dedica\u00e7\u00e3o exclusiva, conforme regulamenta\u00e7\u00e3o da Diretoria de Ensino, Instru\u00e7\u00e3o e Pesquisa.&#8221; Com Click PB<\/p>\n","protected":false},"author":2,"featured_media":10843,"comment_status":"closed","ping_status":"open","sticky":false,"template":"","format":"standard","meta":{"_eb_attr":"","_jetpack_memberships_contains_paid_content":false,"footnotes":""},"categories":[12],"tags":[],"class_list":["post-43301","post","type-post","status-publish","format-standard","has-post-thumbnail","hentry","category-geral"],"yoast_head":"<!-- This site is optimized with the Yoast SEO plugin v26.5 - https:\/\/yoast.com\/wordpress\/plugins\/seo\/ -->\n<title>Publicado edital para o CFO 2023 do Corpo de Bombeiros da Para\u00edba; inscri\u00e7\u00f5es come\u00e7am nesta quinta-feira - Not&iacute;cias em Destaque<\/title>\n<meta name=\"robots\" content=\"index, follow, max-snippet:-1, max-image-preview:large, max-video-preview:-1\" \/>\n<link rel=\"canonical\" href=\"https:\/\/noticiasemdestaque.com\/cd\/?p=43301\" \/>\n<meta property=\"og:locale\" content=\"pt_BR\" \/>\n<meta property=\"og:type\" content=\"article\" \/>\n<meta property=\"og:title\" content=\"Publicado edital para o CFO 2023 do Corpo de Bombeiros da Para\u00edba; inscri\u00e7\u00f5es come\u00e7am nesta quinta-feira - Not&iacute;cias em Destaque\" \/>\n<meta property=\"og:description\" content=\"O edital do concurso para o Curso de Forma\u00e7\u00e3o de Oficiais (CFO) do Corpo de Bombeiros Militar da Para\u00edba foi divulgado, nesta quarta-feira (12), no Di\u00e1rio Oficial do Estado. Ser\u00e3o 12 vagas para candidatos com n\u00edvel superior, sendo duas reservadas \u00e0 popula\u00e7\u00e3o negra conforme Lei Estadual n\u00ba 12.169\/2021. Os sal\u00e1rios variam entre R$ 3.213,94, no primeiro ano como cadete, at\u00e9 R$ 8.442,63, para 2\u00ba tenente. Os interessados poder\u00e3o se inscrever a partir desta quinta-feira (13) e o prazo termina no dia 28 de outubro. As inscri\u00e7\u00f5es devem ser feitas\u00a0no site do Corpo de Bombeiros Militar da Para\u00edba\u00a0e a taxa \u00e9 de R$ 80. Confira o edital do CFO Bombeiros Para\u00edba a partir da p\u00e1gina 7 do Di\u00e1rio Oficial\u00a0 Podem participar candidatos de 18 a 32 anos completos at\u00e9 2023, com altura m\u00ednima de 1,65m para homens e 1,60 m para mulheres. Outra exig\u00eancia, j\u00e1 praticada em outras edi\u00e7\u00f5es, \u00e9 que o candidato deve estar inscrito no Enem (Exame Nacional do Ensino M\u00e9dio) 2022. O concurso para o CFO do Corpo de Bombeiros ter\u00e1 avalia\u00e7\u00e3o psicol\u00f3gica, de sa\u00fade, de aptid\u00e3o f\u00edsica e social. Ainda segundo o edital, conforme apurou o ClickPB, &#8220;o Curso de Forma\u00e7\u00e3o de Oficiais Bombeiro Militar (CFO BM) se d\u00e1 na Academia de Bombeiro Militar Aristarco Pessoa &#8211; ABMAP no Centro de Educa\u00e7\u00e3o da Pol\u00edcia Militar do Estado da Para\u00edba (CE PMPB) \u2013(Rua Dr. Francisco de Assis Veloso s\/n\u00ba, Mangabeira VII), tendo uma dura\u00e7\u00e3o de 03 (tr\u00eas) anos letivos, per\u00edodo integral e regime de dedica\u00e7\u00e3o exclusiva, conforme regulamenta\u00e7\u00e3o da Diretoria de Ensino, Instru\u00e7\u00e3o e Pesquisa.&#8221; Com Click PB\" \/>\n<meta property=\"og:url\" content=\"https:\/\/noticiasemdestaque.com\/cd\/?p=43301\" \/>\n<meta property=\"og:site_name\" content=\"Not&iacute;cias em Destaque\" \/>\n<meta property=\"article:published_time\" content=\"2022-10-12T15:31:17+00:00\" \/>\n<meta property=\"og:image\" content=\"https:\/\/noticiasemdestaque.com\/cd\/wp-content\/uploads\/2018\/06\/Concurso-publico-Corpo-de-Bombeiros-Militar-do-Estado-do-Rio-de-Janeiro-Foto-RJ.GOV_.jpg\" \/>\n\t<meta property=\"og:image:width\" content=\"600\" \/>\n\t<meta property=\"og:image:height\" content=\"407\" \/>\n\t<meta property=\"og:image:type\" content=\"image\/jpeg\" \/>\n<meta name=\"author\" content=\"Not\u00edcias em Destaque\" \/>\n<meta name=\"twitter:card\" content=\"summary_large_image\" \/>\n<meta name=\"twitter:label1\" content=\"Escrito por\" \/>\n\t<meta name=\"twitter:data1\" content=\"Not\u00edcias em Destaque\" \/>\n\t<meta name=\"twitter:label2\" content=\"Est. tempo de leitura\" \/>\n\t<meta name=\"twitter:data2\" content=\"2 minutos\" \/>\n<script type=\"application\/ld+json\" class=\"yoast-schema-graph\">{\"@context\":\"https:\/\/schema.org\",\"@graph\":[{\"@type\":\"Article\",\"@id\":\"https:\/\/noticiasemdestaque.com\/cd\/?p=43301#article\",\"isPartOf\":{\"@id\":\"https:\/\/noticiasemdestaque.com\/cd\/?p=43301\"},\"author\":{\"name\":\"Not\u00edcias em Destaque\",\"@id\":\"https:\/\/noticiasemdestaque.com\/cd\/#\/schema\/person\/45ca272b3e1246ef14ebb78a48dbb218\"},\"headline\":\"Publicado edital para o CFO 2023 do Corpo de Bombeiros da Para\u00edba; inscri\u00e7\u00f5es come\u00e7am nesta quinta-feira\",\"datePublished\":\"2022-10-12T15:31:17+00:00\",\"mainEntityOfPage\":{\"@id\":\"https:\/\/noticiasemdestaque.com\/cd\/?p=43301\"},\"wordCount\":294,\"publisher\":{\"@id\":\"https:\/\/noticiasemdestaque.com\/cd\/#organization\"},\"image\":{\"@id\":\"https:\/\/noticiasemdestaque.com\/cd\/?p=43301#primaryimage\"},\"thumbnailUrl\":\"https:\/\/noticiasemdestaque.com\/cd\/wp-content\/uploads\/2018\/06\/Concurso-publico-Corpo-de-Bombeiros-Militar-do-Estado-do-Rio-de-Janeiro-Foto-RJ.GOV_.jpg\",\"articleSection\":[\"Geral\"],\"inLanguage\":\"pt-BR\"},{\"@type\":\"WebPage\",\"@id\":\"https:\/\/noticiasemdestaque.com\/cd\/?p=43301\",\"url\":\"https:\/\/noticiasemdestaque.com\/cd\/?p=43301\",\"name\":\"Publicado edital para o CFO 2023 do Corpo de Bombeiros da Para\u00edba; inscri\u00e7\u00f5es come\u00e7am nesta quinta-feira - Not&iacute;cias em Destaque\",\"isPartOf\":{\"@id\":\"https:\/\/noticiasemdestaque.com\/cd\/#website\"},\"primaryImageOfPage\":{\"@id\":\"https:\/\/noticiasemdestaque.com\/cd\/?p=43301#primaryimage\"},\"image\":{\"@id\":\"https:\/\/noticiasemdestaque.com\/cd\/?p=43301#primaryimage\"},\"thumbnailUrl\":\"https:\/\/noticiasemdestaque.com\/cd\/wp-content\/uploads\/2018\/06\/Concurso-publico-Corpo-de-Bombeiros-Militar-do-Estado-do-Rio-de-Janeiro-Foto-RJ.GOV_.jpg\",\"datePublished\":\"2022-10-12T15:31:17+00:00\",\"breadcrumb\":{\"@id\":\"https:\/\/noticiasemdestaque.com\/cd\/?p=43301#breadcrumb\"},\"inLanguage\":\"pt-BR\",\"potentialAction\":[{\"@type\":\"ReadAction\",\"target\":[\"https:\/\/noticiasemdestaque.com\/cd\/?p=43301\"]}]},{\"@type\":\"ImageObject\",\"inLanguage\":\"pt-BR\",\"@id\":\"https:\/\/noticiasemdestaque.com\/cd\/?p=43301#primaryimage\",\"url\":\"https:\/\/noticiasemdestaque.com\/cd\/wp-content\/uploads\/2018\/06\/Concurso-publico-Corpo-de-Bombeiros-Militar-do-Estado-do-Rio-de-Janeiro-Foto-RJ.GOV_.jpg\",\"contentUrl\":\"https:\/\/noticiasemdestaque.com\/cd\/wp-content\/uploads\/2018\/06\/Concurso-publico-Corpo-de-Bombeiros-Militar-do-Estado-do-Rio-de-Janeiro-Foto-RJ.GOV_.jpg\",\"width\":600,\"height\":407},{\"@type\":\"BreadcrumbList\",\"@id\":\"https:\/\/noticiasemdestaque.com\/cd\/?p=43301#breadcrumb\",\"itemListElement\":[{\"@type\":\"ListItem\",\"position\":1,\"name\":\"In\u00edcio\",\"item\":\"https:\/\/noticiasemdestaque.com\/cd\/\"},{\"@type\":\"ListItem\",\"position\":2,\"name\":\"Publicado edital para o CFO 2023 do Corpo de Bombeiros da Para\u00edba; inscri\u00e7\u00f5es come\u00e7am nesta quinta-feira\"}]},{\"@type\":\"WebSite\",\"@id\":\"https:\/\/noticiasemdestaque.com\/cd\/#website\",\"url\":\"https:\/\/noticiasemdestaque.com\/cd\/\",\"name\":\"Not&iacute;cias em Destaque\",\"description\":\"\",\"publisher\":{\"@id\":\"https:\/\/noticiasemdestaque.com\/cd\/#organization\"},\"potentialAction\":[{\"@type\":\"SearchAction\",\"target\":{\"@type\":\"EntryPoint\",\"urlTemplate\":\"https:\/\/noticiasemdestaque.com\/cd\/?s={search_term_string}\"},\"query-input\":{\"@type\":\"PropertyValueSpecification\",\"valueRequired\":true,\"valueName\":\"search_term_string\"}}],\"inLanguage\":\"pt-BR\"},{\"@type\":\"Organization\",\"@id\":\"https:\/\/noticiasemdestaque.com\/cd\/#organization\",\"name\":\"Not\u00edcias em Destaque\",\"url\":\"https:\/\/noticiasemdestaque.com\/cd\/\",\"logo\":{\"@type\":\"ImageObject\",\"inLanguage\":\"pt-BR\",\"@id\":\"https:\/\/noticiasemdestaque.com\/cd\/#\/schema\/logo\/image\/\",\"url\":\"https:\/\/noticiasemdestaque.com\/cd\/wp-content\/uploads\/2022\/05\/imagem-base-noticiasemdestaque.png\",\"contentUrl\":\"https:\/\/noticiasemdestaque.com\/cd\/wp-content\/uploads\/2022\/05\/imagem-base-noticiasemdestaque.png\",\"width\":1200,\"height\":630,\"caption\":\"Not\u00edcias em Destaque\"},\"image\":{\"@id\":\"https:\/\/noticiasemdestaque.com\/cd\/#\/schema\/logo\/image\/\"}},{\"@type\":\"Person\",\"@id\":\"https:\/\/noticiasemdestaque.com\/cd\/#\/schema\/person\/45ca272b3e1246ef14ebb78a48dbb218\",\"name\":\"Not\u00edcias em Destaque\",\"url\":\"https:\/\/noticiasemdestaque.com\/cd\/?author=2\"}]}<\/script>\n<!-- \/ Yoast SEO plugin. -->","yoast_head_json":{"title":"Publicado edital para o CFO 2023 do Corpo de Bombeiros da Para\u00edba; inscri\u00e7\u00f5es come\u00e7am nesta quinta-feira - Not&iacute;cias em Destaque","robots":{"index":"index","follow":"follow","max-snippet":"max-snippet:-1","max-image-preview":"max-image-preview:large","max-video-preview":"max-video-preview:-1"},"canonical":"https:\/\/noticiasemdestaque.com\/cd\/?p=43301","og_locale":"pt_BR","og_type":"article","og_title":"Publicado edital para o CFO 2023 do Corpo de Bombeiros da Para\u00edba; inscri\u00e7\u00f5es come\u00e7am nesta quinta-feira - Not&iacute;cias em Destaque","og_description":"O edital do concurso para o Curso de Forma\u00e7\u00e3o de Oficiais (CFO) do Corpo de Bombeiros Militar da Para\u00edba foi divulgado, nesta quarta-feira (12), no Di\u00e1rio Oficial do Estado. Ser\u00e3o 12 vagas para candidatos com n\u00edvel superior, sendo duas reservadas \u00e0 popula\u00e7\u00e3o negra conforme Lei Estadual n\u00ba 12.169\/2021. Os sal\u00e1rios variam entre R$ 3.213,94, no primeiro ano como cadete, at\u00e9 R$ 8.442,63, para 2\u00ba tenente. Os interessados poder\u00e3o se inscrever a partir desta quinta-feira (13) e o prazo termina no dia 28 de outubro. As inscri\u00e7\u00f5es devem ser feitas\u00a0no site do Corpo de Bombeiros Militar da Para\u00edba\u00a0e a taxa \u00e9 de R$ 80. Confira o edital do CFO Bombeiros Para\u00edba a partir da p\u00e1gina 7 do Di\u00e1rio Oficial\u00a0 Podem participar candidatos de 18 a 32 anos completos at\u00e9 2023, com altura m\u00ednima de 1,65m para homens e 1,60 m para mulheres. Outra exig\u00eancia, j\u00e1 praticada em outras edi\u00e7\u00f5es, \u00e9 que o candidato deve estar inscrito no Enem (Exame Nacional do Ensino M\u00e9dio) 2022. O concurso para o CFO do Corpo de Bombeiros ter\u00e1 avalia\u00e7\u00e3o psicol\u00f3gica, de sa\u00fade, de aptid\u00e3o f\u00edsica e social. Ainda segundo o edital, conforme apurou o ClickPB, &#8220;o Curso de Forma\u00e7\u00e3o de Oficiais Bombeiro Militar (CFO BM) se d\u00e1 na Academia de Bombeiro Militar Aristarco Pessoa &#8211; ABMAP no Centro de Educa\u00e7\u00e3o da Pol\u00edcia Militar do Estado da Para\u00edba (CE PMPB) \u2013(Rua Dr. Francisco de Assis Veloso s\/n\u00ba, Mangabeira VII), tendo uma dura\u00e7\u00e3o de 03 (tr\u00eas) anos letivos, per\u00edodo integral e regime de dedica\u00e7\u00e3o exclusiva, conforme regulamenta\u00e7\u00e3o da Diretoria de Ensino, Instru\u00e7\u00e3o e Pesquisa.&#8221; Com Click PB","og_url":"https:\/\/noticiasemdestaque.com\/cd\/?p=43301","og_site_name":"Not&iacute;cias em Destaque","article_published_time":"2022-10-12T15:31:17+00:00","og_image":[{"width":600,"height":407,"url":"https:\/\/noticiasemdestaque.com\/cd\/wp-content\/uploads\/2018\/06\/Concurso-publico-Corpo-de-Bombeiros-Militar-do-Estado-do-Rio-de-Janeiro-Foto-RJ.GOV_.jpg","type":"image\/jpeg"}],"author":"Not\u00edcias em Destaque","twitter_card":"summary_large_image","twitter_misc":{"Escrito por":"Not\u00edcias em Destaque","Est. tempo de leitura":"2 minutos"},"schema":{"@context":"https:\/\/schema.org","@graph":[{"@type":"Article","@id":"https:\/\/noticiasemdestaque.com\/cd\/?p=43301#article","isPartOf":{"@id":"https:\/\/noticiasemdestaque.com\/cd\/?p=43301"},"author":{"name":"Not\u00edcias em Destaque","@id":"https:\/\/noticiasemdestaque.com\/cd\/#\/schema\/person\/45ca272b3e1246ef14ebb78a48dbb218"},"headline":"Publicado edital para o CFO 2023 do Corpo de Bombeiros da Para\u00edba; inscri\u00e7\u00f5es come\u00e7am nesta quinta-feira","datePublished":"2022-10-12T15:31:17+00:00","mainEntityOfPage":{"@id":"https:\/\/noticiasemdestaque.com\/cd\/?p=43301"},"wordCount":294,"publisher":{"@id":"https:\/\/noticiasemdestaque.com\/cd\/#organization"},"image":{"@id":"https:\/\/noticiasemdestaque.com\/cd\/?p=43301#primaryimage"},"thumbnailUrl":"https:\/\/noticiasemdestaque.com\/cd\/wp-content\/uploads\/2018\/06\/Concurso-publico-Corpo-de-Bombeiros-Militar-do-Estado-do-Rio-de-Janeiro-Foto-RJ.GOV_.jpg","articleSection":["Geral"],"inLanguage":"pt-BR"},{"@type":"WebPage","@id":"https:\/\/noticiasemdestaque.com\/cd\/?p=43301","url":"https:\/\/noticiasemdestaque.com\/cd\/?p=43301","name":"Publicado edital para o CFO 2023 do Corpo de Bombeiros da Para\u00edba; inscri\u00e7\u00f5es come\u00e7am nesta quinta-feira - Not&iacute;cias em Destaque","isPartOf":{"@id":"https:\/\/noticiasemdestaque.com\/cd\/#website"},"primaryImageOfPage":{"@id":"https:\/\/noticiasemdestaque.com\/cd\/?p=43301#primaryimage"},"image":{"@id":"https:\/\/noticiasemdestaque.com\/cd\/?p=43301#primaryimage"},"thumbnailUrl":"https:\/\/noticiasemdestaque.com\/cd\/wp-content\/uploads\/2018\/06\/Concurso-publico-Corpo-de-Bombeiros-Militar-do-Estado-do-Rio-de-Janeiro-Foto-RJ.GOV_.jpg","datePublished":"2022-10-12T15:31:17+00:00","breadcrumb":{"@id":"https:\/\/noticiasemdestaque.com\/cd\/?p=43301#breadcrumb"},"inLanguage":"pt-BR","potentialAction":[{"@type":"ReadAction","target":["https:\/\/noticiasemdestaque.com\/cd\/?p=43301"]}]},{"@type":"ImageObject","inLanguage":"pt-BR","@id":"https:\/\/noticiasemdestaque.com\/cd\/?p=43301#primaryimage","url":"https:\/\/noticiasemdestaque.com\/cd\/wp-content\/uploads\/2018\/06\/Concurso-publico-Corpo-de-Bombeiros-Militar-do-Estado-do-Rio-de-Janeiro-Foto-RJ.GOV_.jpg","contentUrl":"https:\/\/noticiasemdestaque.com\/cd\/wp-content\/uploads\/2018\/06\/Concurso-publico-Corpo-de-Bombeiros-Militar-do-Estado-do-Rio-de-Janeiro-Foto-RJ.GOV_.jpg","width":600,"height":407},{"@type":"BreadcrumbList","@id":"https:\/\/noticiasemdestaque.com\/cd\/?p=43301#breadcrumb","itemListElement":[{"@type":"ListItem","position":1,"name":"In\u00edcio","item":"https:\/\/noticiasemdestaque.com\/cd\/"},{"@type":"ListItem","position":2,"name":"Publicado edital para o CFO 2023 do Corpo de Bombeiros da Para\u00edba; inscri\u00e7\u00f5es come\u00e7am nesta quinta-feira"}]},{"@type":"WebSite","@id":"https:\/\/noticiasemdestaque.com\/cd\/#website","url":"https:\/\/noticiasemdestaque.com\/cd\/","name":"Not&iacute;cias em Destaque","description":"","publisher":{"@id":"https:\/\/noticiasemdestaque.com\/cd\/#organization"},"potentialAction":[{"@type":"SearchAction","target":{"@type":"EntryPoint","urlTemplate":"https:\/\/noticiasemdestaque.com\/cd\/?s={search_term_string}"},"query-input":{"@type":"PropertyValueSpecification","valueRequired":true,"valueName":"search_term_string"}}],"inLanguage":"pt-BR"},{"@type":"Organization","@id":"https:\/\/noticiasemdestaque.com\/cd\/#organization","name":"Not\u00edcias em Destaque","url":"https:\/\/noticiasemdestaque.com\/cd\/","logo":{"@type":"ImageObject","inLanguage":"pt-BR","@id":"https:\/\/noticiasemdestaque.com\/cd\/#\/schema\/logo\/image\/","url":"https:\/\/noticiasemdestaque.com\/cd\/wp-content\/uploads\/2022\/05\/imagem-base-noticiasemdestaque.png","contentUrl":"https:\/\/noticiasemdestaque.com\/cd\/wp-content\/uploads\/2022\/05\/imagem-base-noticiasemdestaque.png","width":1200,"height":630,"caption":"Not\u00edcias em Destaque"},"image":{"@id":"https:\/\/noticiasemdestaque.com\/cd\/#\/schema\/logo\/image\/"}},{"@type":"Person","@id":"https:\/\/noticiasemdestaque.com\/cd\/#\/schema\/person\/45ca272b3e1246ef14ebb78a48dbb218","name":"Not\u00edcias em Destaque","url":"https:\/\/noticiasemdestaque.com\/cd\/?author=2"}]}},"jetpack_featured_media_url":"https:\/\/noticiasemdestaque.com\/cd\/wp-content\/uploads\/2018\/06\/Concurso-publico-Corpo-de-Bombeiros-Militar-do-Estado-do-Rio-de-Janeiro-Foto-RJ.GOV_.jpg","jetpack_sharing_enabled":true,"_links":{"self":[{"href":"https:\/\/noticiasemdestaque.com\/cd\/index.php?rest_route=\/wp\/v2\/posts\/43301","targetHints":{"allow":["GET"]}}],"collection":[{"href":"https:\/\/noticiasemdestaque.com\/cd\/index.php?rest_route=\/wp\/v2\/posts"}],"about":[{"href":"https:\/\/noticiasemdestaque.com\/cd\/index.php?rest_route=\/wp\/v2\/types\/post"}],"author":[{"embeddable":true,"href":"https:\/\/noticiasemdestaque.com\/cd\/index.php?rest_route=\/wp\/v2\/users\/2"}],"replies":[{"embeddable":true,"href":"https:\/\/noticiasemdestaque.com\/cd\/index.php?rest_route=%2Fwp%2Fv2%2Fcomments&post=43301"}],"version-history":[{"count":1,"href":"https:\/\/noticiasemdestaque.com\/cd\/index.php?rest_route=\/wp\/v2\/posts\/43301\/revisions"}],"predecessor-version":[{"id":43302,"href":"https:\/\/noticiasemdestaque.com\/cd\/index.php?rest_route=\/wp\/v2\/posts\/43301\/revisions\/43302"}],"wp:featuredmedia":[{"embeddable":true,"href":"https:\/\/noticiasemdestaque.com\/cd\/index.php?rest_route=\/wp\/v2\/media\/10843"}],"wp:attachment":[{"href":"https:\/\/noticiasemdestaque.com\/cd\/index.php?rest_route=%2Fwp%2Fv2%2Fmedia&parent=43301"}],"wp:term":[{"taxonomy":"category","embeddable":true,"href":"https:\/\/noticiasemdestaque.com\/cd\/index.php?rest_route=%2Fwp%2Fv2%2Fcategories&post=43301"},{"taxonomy":"post_tag","embeddable":true,"href":"https:\/\/noticiasemdestaque.com\/cd\/index.php?rest_route=%2Fwp%2Fv2%2Ftags&post=43301"}],"curies":[{"name":"wp","href":"https:\/\/api.w.org\/{rel}","templated":true}]}}