{"id":4311,"date":"2017-09-13T21:50:30","date_gmt":"2017-09-14T00:50:30","guid":{"rendered":"http:\/\/caririemdestaque.com\/cd\/?p=4311"},"modified":"2017-09-13T21:50:30","modified_gmt":"2017-09-14T00:50:30","slug":"vereador-bonilson-timoteo-participa-de-audiencia-em-brasilia-com-senador-cassio-cunha-lima","status":"publish","type":"post","link":"https:\/\/noticiasemdestaque.com\/cd\/?p=4311","title":{"rendered":"Vereador Bon\u00edlson Tim\u00f3teo participa de audi\u00eancia em Bras\u00edlia com senador C\u00e1ssio Cunha Lima"},"content":{"rendered":"<p><a href=\"http:\/\/caririemdestaque.com\/cd\/wp-content\/uploads\/2017\/09\/WhatsApp-Image-2017-09-13-at-8.48.06-PM.jpeg\"><img fetchpriority=\"high\" decoding=\"async\" class=\"alignleft wp-image-4313 size-medium\" src=\"http:\/\/caririemdestaque.com\/cd\/wp-content\/uploads\/2017\/09\/WhatsApp-Image-2017-09-13-at-8.48.06-PM-300x211.jpeg\" alt=\"\" width=\"300\" height=\"211\" srcset=\"https:\/\/noticiasemdestaque.com\/cd\/wp-content\/uploads\/2017\/09\/WhatsApp-Image-2017-09-13-at-8.48.06-PM-300x211.jpeg 300w, https:\/\/noticiasemdestaque.com\/cd\/wp-content\/uploads\/2017\/09\/WhatsApp-Image-2017-09-13-at-8.48.06-PM-768x541.jpeg 768w, https:\/\/noticiasemdestaque.com\/cd\/wp-content\/uploads\/2017\/09\/WhatsApp-Image-2017-09-13-at-8.48.06-PM-1024x722.jpeg 1024w, https:\/\/noticiasemdestaque.com\/cd\/wp-content\/uploads\/2017\/09\/WhatsApp-Image-2017-09-13-at-8.48.06-PM.jpeg 1280w\" sizes=\"(max-width: 300px) 100vw, 300px\" \/><\/a>Objetivando captar mais recursos e projetos para o Munic\u00edpio de Sum\u00e9, o vereador Bon\u00edlson Tim\u00f3teo foi recebido em audi\u00eancia pelo senador C\u00e1ssio Cunha Lima (PSDB-PB), na tarde de ter\u00e7a-feira (12\/09).<\/p>\n<p>O vereador pleiteou ao senador a perfura\u00e7\u00e3o de po\u00e7os artesianos em comunidades rurais de Sum\u00e9, atrav\u00e9s de parceria do gabinete C\u00e1ssio com a Embaixada de Taiwan no Brasil. \u00a0C\u00e1ssio garantiu ao parlamentar sumeense que logo que houver a oferta de perfura\u00e7\u00e3o de po\u00e7os atrav\u00e9s desta parceria, as comunidades rurais de Sum\u00e9 ser\u00e3o beneficiadas.<\/p>\n<p>Na audi\u00eancia, Bon\u00edlson conversou tamb\u00e9m com o senador sobre os cortes previstos na Lei de Or\u00e7amento Anual de 2018. De acordo com Bon\u00edlson, caso seja aprovada como foi enviada para a C\u00e2mara Federal, a LOA 2018 ocasionar\u00e1 preju\u00edzos aos trabalhadores rurais de Sum\u00e9, uma vez que os cortes mais acentuados ser\u00e3o no setor agropecu\u00e1rio.<\/p>\n<p>O vereador pediu o empenho de C\u00e1ssio para que haja um aporte maior de recursos para o Munic\u00edpio de Sum\u00e9. Entre os programas, Bon\u00edlson citou o de Aquisi\u00e7\u00e3o de Alimentos (PAA) e o Programa do Leite, que est\u00e1 vinculado ao PAA e o Programa Nacional de Cr\u00e9dito Fundi\u00e1rio, que adquire terras de propriet\u00e1rios interessados em vender para distribuir para agricultores que n\u00e3o tem terra para trabalhar.<\/p>\n<p>Tamb\u00e9m foi lembrado ao senador o programa de obten\u00e7\u00e3o de terras pelo INCRA, o Programa de Inclus\u00e3o Produtiva do MDS, que implanta tecnologias sociais para conviv\u00eancia com a seca, a exemplo de cisternas cal\u00e7ad\u00f5es, cisternas de enxurrada, barreiros trincheira, barragens subterr\u00e2neas entre outras.<\/p>\n<p>Bon\u00edlson esteve acompanhado do tecn\u00f3logo em Agroecologia, Daniel Vilar, que fizeram uma ampla explana\u00e7\u00e3o ao senador sobre a import\u00e2ncia de investimentos nestes projetos para melhorar a vida do homem no campo, principalmente do povo do Cariri Paraibano.<\/p>\n<p><em><strong>Cariri em Destaque\u00a0<\/strong><\/em><\/p>\n<p><em>Ascom\/<\/em><em>Andr\u00e9a Duarte<\/em><\/p>\n","protected":false},"excerpt":{"rendered":"<p>Objetivando captar mais recursos e projetos para o Munic\u00edpio de Sum\u00e9, o vereador Bon\u00edlson Tim\u00f3teo foi recebido em audi\u00eancia pelo senador C\u00e1ssio Cunha Lima (PSDB-PB), na tarde de ter\u00e7a-feira (12\/09). O vereador pleiteou ao senador a perfura\u00e7\u00e3o de po\u00e7os artesianos em comunidades rurais de Sum\u00e9, atrav\u00e9s de parceria do gabinete C\u00e1ssio com a Embaixada de Taiwan no Brasil. \u00a0C\u00e1ssio garantiu ao parlamentar sumeense que logo que houver a oferta de perfura\u00e7\u00e3o de po\u00e7os atrav\u00e9s desta parceria, as comunidades rurais de Sum\u00e9 ser\u00e3o beneficiadas. Na audi\u00eancia, Bon\u00edlson conversou tamb\u00e9m com o senador sobre os cortes previstos na Lei de Or\u00e7amento Anual de 2018. De acordo com Bon\u00edlson, caso seja aprovada como foi enviada para a C\u00e2mara Federal, a LOA 2018 ocasionar\u00e1 preju\u00edzos aos trabalhadores rurais de Sum\u00e9, uma vez que os cortes mais acentuados ser\u00e3o no setor agropecu\u00e1rio. O vereador pediu o empenho de C\u00e1ssio para que haja um aporte maior de recursos para o Munic\u00edpio de Sum\u00e9. Entre os programas, Bon\u00edlson citou o de Aquisi\u00e7\u00e3o de Alimentos (PAA) e o Programa do Leite, que est\u00e1 vinculado ao PAA e o Programa Nacional de Cr\u00e9dito Fundi\u00e1rio, que adquire terras de propriet\u00e1rios interessados em vender para distribuir para agricultores que n\u00e3o tem terra para trabalhar. Tamb\u00e9m foi lembrado ao senador o programa de obten\u00e7\u00e3o de terras pelo INCRA, o Programa de Inclus\u00e3o Produtiva do MDS, que implanta tecnologias sociais para conviv\u00eancia com a seca, a exemplo de cisternas cal\u00e7ad\u00f5es, cisternas de enxurrada, barreiros trincheira, barragens subterr\u00e2neas entre outras. Bon\u00edlson esteve acompanhado do tecn\u00f3logo em Agroecologia, Daniel Vilar, que fizeram uma ampla explana\u00e7\u00e3o ao senador sobre a import\u00e2ncia de investimentos nestes projetos para melhorar a vida do homem no campo, principalmente do povo do Cariri Paraibano. Cariri em Destaque\u00a0 Ascom\/Andr\u00e9a Duarte<\/p>\n","protected":false},"author":2,"featured_media":4312,"comment_status":"closed","ping_status":"open","sticky":false,"template":"","format":"standard","meta":{"_eb_attr":"","_jetpack_memberships_contains_paid_content":false,"footnotes":""},"categories":[4],"tags":[],"class_list":["post-4311","post","type-post","status-publish","format-standard","has-post-thumbnail","hentry","category-politica"],"yoast_head":"<!-- This site is optimized with the Yoast SEO plugin v26.5 - https:\/\/yoast.com\/wordpress\/plugins\/seo\/ -->\n<title>Vereador Bon\u00edlson Tim\u00f3teo participa de audi\u00eancia em Bras\u00edlia com senador C\u00e1ssio Cunha Lima - Not&iacute;cias em Destaque<\/title>\n<meta name=\"robots\" content=\"index, follow, max-snippet:-1, max-image-preview:large, max-video-preview:-1\" \/>\n<link rel=\"canonical\" href=\"https:\/\/noticiasemdestaque.com\/cd\/?p=4311\" \/>\n<meta property=\"og:locale\" content=\"pt_BR\" \/>\n<meta property=\"og:type\" content=\"article\" \/>\n<meta property=\"og:title\" content=\"Vereador Bon\u00edlson Tim\u00f3teo participa de audi\u00eancia em Bras\u00edlia com senador C\u00e1ssio Cunha Lima - Not&iacute;cias em Destaque\" \/>\n<meta property=\"og:description\" content=\"Objetivando captar mais recursos e projetos para o Munic\u00edpio de Sum\u00e9, o vereador Bon\u00edlson Tim\u00f3teo foi recebido em audi\u00eancia pelo senador C\u00e1ssio Cunha Lima (PSDB-PB), na tarde de ter\u00e7a-feira (12\/09). O vereador pleiteou ao senador a perfura\u00e7\u00e3o de po\u00e7os artesianos em comunidades rurais de Sum\u00e9, atrav\u00e9s de parceria do gabinete C\u00e1ssio com a Embaixada de Taiwan no Brasil. \u00a0C\u00e1ssio garantiu ao parlamentar sumeense que logo que houver a oferta de perfura\u00e7\u00e3o de po\u00e7os atrav\u00e9s desta parceria, as comunidades rurais de Sum\u00e9 ser\u00e3o beneficiadas. Na audi\u00eancia, Bon\u00edlson conversou tamb\u00e9m com o senador sobre os cortes previstos na Lei de Or\u00e7amento Anual de 2018. De acordo com Bon\u00edlson, caso seja aprovada como foi enviada para a C\u00e2mara Federal, a LOA 2018 ocasionar\u00e1 preju\u00edzos aos trabalhadores rurais de Sum\u00e9, uma vez que os cortes mais acentuados ser\u00e3o no setor agropecu\u00e1rio. O vereador pediu o empenho de C\u00e1ssio para que haja um aporte maior de recursos para o Munic\u00edpio de Sum\u00e9. Entre os programas, Bon\u00edlson citou o de Aquisi\u00e7\u00e3o de Alimentos (PAA) e o Programa do Leite, que est\u00e1 vinculado ao PAA e o Programa Nacional de Cr\u00e9dito Fundi\u00e1rio, que adquire terras de propriet\u00e1rios interessados em vender para distribuir para agricultores que n\u00e3o tem terra para trabalhar. Tamb\u00e9m foi lembrado ao senador o programa de obten\u00e7\u00e3o de terras pelo INCRA, o Programa de Inclus\u00e3o Produtiva do MDS, que implanta tecnologias sociais para conviv\u00eancia com a seca, a exemplo de cisternas cal\u00e7ad\u00f5es, cisternas de enxurrada, barreiros trincheira, barragens subterr\u00e2neas entre outras. Bon\u00edlson esteve acompanhado do tecn\u00f3logo em Agroecologia, Daniel Vilar, que fizeram uma ampla explana\u00e7\u00e3o ao senador sobre a import\u00e2ncia de investimentos nestes projetos para melhorar a vida do homem no campo, principalmente do povo do Cariri Paraibano. Cariri em Destaque\u00a0 Ascom\/Andr\u00e9a Duarte\" \/>\n<meta property=\"og:url\" content=\"https:\/\/noticiasemdestaque.com\/cd\/?p=4311\" \/>\n<meta property=\"og:site_name\" content=\"Not&iacute;cias em Destaque\" \/>\n<meta property=\"article:published_time\" content=\"2017-09-14T00:50:30+00:00\" \/>\n<meta property=\"og:image\" content=\"https:\/\/noticiasemdestaque.com\/cd\/wp-content\/uploads\/2017\/09\/WhatsApp-Image-2017-09-13-at-8.48.05-PM.jpeg\" \/>\n\t<meta property=\"og:image:width\" content=\"1280\" \/>\n\t<meta property=\"og:image:height\" content=\"730\" \/>\n\t<meta property=\"og:image:type\" content=\"image\/jpeg\" \/>\n<meta name=\"author\" content=\"Not\u00edcias em Destaque\" \/>\n<meta name=\"twitter:card\" content=\"summary_large_image\" \/>\n<meta name=\"twitter:label1\" content=\"Escrito por\" \/>\n\t<meta name=\"twitter:data1\" content=\"Not\u00edcias em Destaque\" \/>\n\t<meta name=\"twitter:label2\" content=\"Est. tempo de leitura\" \/>\n\t<meta name=\"twitter:data2\" content=\"2 minutos\" \/>\n<script type=\"application\/ld+json\" class=\"yoast-schema-graph\">{\"@context\":\"https:\/\/schema.org\",\"@graph\":[{\"@type\":\"Article\",\"@id\":\"https:\/\/noticiasemdestaque.com\/cd\/?p=4311#article\",\"isPartOf\":{\"@id\":\"https:\/\/noticiasemdestaque.com\/cd\/?p=4311\"},\"author\":{\"name\":\"Not\u00edcias em Destaque\",\"@id\":\"https:\/\/noticiasemdestaque.com\/cd\/#\/schema\/person\/21320b03a7e8bb90128938dafc9b908a\"},\"headline\":\"Vereador Bon\u00edlson Tim\u00f3teo participa de audi\u00eancia em Bras\u00edlia com senador C\u00e1ssio Cunha Lima\",\"datePublished\":\"2017-09-14T00:50:30+00:00\",\"mainEntityOfPage\":{\"@id\":\"https:\/\/noticiasemdestaque.com\/cd\/?p=4311\"},\"wordCount\":348,\"publisher\":{\"@id\":\"https:\/\/noticiasemdestaque.com\/cd\/#organization\"},\"image\":{\"@id\":\"https:\/\/noticiasemdestaque.com\/cd\/?p=4311#primaryimage\"},\"thumbnailUrl\":\"https:\/\/noticiasemdestaque.com\/cd\/wp-content\/uploads\/2017\/09\/WhatsApp-Image-2017-09-13-at-8.48.05-PM.jpeg\",\"articleSection\":[\"Pol\u00edtica\"],\"inLanguage\":\"pt-BR\"},{\"@type\":\"WebPage\",\"@id\":\"https:\/\/noticiasemdestaque.com\/cd\/?p=4311\",\"url\":\"https:\/\/noticiasemdestaque.com\/cd\/?p=4311\",\"name\":\"Vereador Bon\u00edlson Tim\u00f3teo participa de audi\u00eancia em Bras\u00edlia com senador C\u00e1ssio Cunha Lima - Not&iacute;cias em Destaque\",\"isPartOf\":{\"@id\":\"https:\/\/noticiasemdestaque.com\/cd\/#website\"},\"primaryImageOfPage\":{\"@id\":\"https:\/\/noticiasemdestaque.com\/cd\/?p=4311#primaryimage\"},\"image\":{\"@id\":\"https:\/\/noticiasemdestaque.com\/cd\/?p=4311#primaryimage\"},\"thumbnailUrl\":\"https:\/\/noticiasemdestaque.com\/cd\/wp-content\/uploads\/2017\/09\/WhatsApp-Image-2017-09-13-at-8.48.05-PM.jpeg\",\"datePublished\":\"2017-09-14T00:50:30+00:00\",\"breadcrumb\":{\"@id\":\"https:\/\/noticiasemdestaque.com\/cd\/?p=4311#breadcrumb\"},\"inLanguage\":\"pt-BR\",\"potentialAction\":[{\"@type\":\"ReadAction\",\"target\":[\"https:\/\/noticiasemdestaque.com\/cd\/?p=4311\"]}]},{\"@type\":\"ImageObject\",\"inLanguage\":\"pt-BR\",\"@id\":\"https:\/\/noticiasemdestaque.com\/cd\/?p=4311#primaryimage\",\"url\":\"https:\/\/noticiasemdestaque.com\/cd\/wp-content\/uploads\/2017\/09\/WhatsApp-Image-2017-09-13-at-8.48.05-PM.jpeg\",\"contentUrl\":\"https:\/\/noticiasemdestaque.com\/cd\/wp-content\/uploads\/2017\/09\/WhatsApp-Image-2017-09-13-at-8.48.05-PM.jpeg\",\"width\":1280,\"height\":730},{\"@type\":\"BreadcrumbList\",\"@id\":\"https:\/\/noticiasemdestaque.com\/cd\/?p=4311#breadcrumb\",\"itemListElement\":[{\"@type\":\"ListItem\",\"position\":1,\"name\":\"In\u00edcio\",\"item\":\"https:\/\/noticiasemdestaque.com\/cd\/\"},{\"@type\":\"ListItem\",\"position\":2,\"name\":\"Vereador Bon\u00edlson Tim\u00f3teo participa de audi\u00eancia em Bras\u00edlia com senador C\u00e1ssio Cunha Lima\"}]},{\"@type\":\"WebSite\",\"@id\":\"https:\/\/noticiasemdestaque.com\/cd\/#website\",\"url\":\"https:\/\/noticiasemdestaque.com\/cd\/\",\"name\":\"Not&iacute;cias em Destaque\",\"description\":\"\",\"publisher\":{\"@id\":\"https:\/\/noticiasemdestaque.com\/cd\/#organization\"},\"potentialAction\":[{\"@type\":\"SearchAction\",\"target\":{\"@type\":\"EntryPoint\",\"urlTemplate\":\"https:\/\/noticiasemdestaque.com\/cd\/?s={search_term_string}\"},\"query-input\":{\"@type\":\"PropertyValueSpecification\",\"valueRequired\":true,\"valueName\":\"search_term_string\"}}],\"inLanguage\":\"pt-BR\"},{\"@type\":\"Organization\",\"@id\":\"https:\/\/noticiasemdestaque.com\/cd\/#organization\",\"name\":\"Not\u00edcias em Destaque\",\"url\":\"https:\/\/noticiasemdestaque.com\/cd\/\",\"logo\":{\"@type\":\"ImageObject\",\"inLanguage\":\"pt-BR\",\"@id\":\"https:\/\/noticiasemdestaque.com\/cd\/#\/schema\/logo\/image\/\",\"url\":\"https:\/\/noticiasemdestaque.com\/cd\/wp-content\/uploads\/2022\/05\/imagem-base-noticiasemdestaque.png\",\"contentUrl\":\"https:\/\/noticiasemdestaque.com\/cd\/wp-content\/uploads\/2022\/05\/imagem-base-noticiasemdestaque.png\",\"width\":1200,\"height\":630,\"caption\":\"Not\u00edcias em Destaque\"},\"image\":{\"@id\":\"https:\/\/noticiasemdestaque.com\/cd\/#\/schema\/logo\/image\/\"}},{\"@type\":\"Person\",\"@id\":\"https:\/\/noticiasemdestaque.com\/cd\/#\/schema\/person\/21320b03a7e8bb90128938dafc9b908a\",\"name\":\"Not\u00edcias em Destaque\",\"url\":\"https:\/\/noticiasemdestaque.com\/cd\/?author=2\"}]}<\/script>\n<!-- \/ Yoast SEO plugin. -->","yoast_head_json":{"title":"Vereador Bon\u00edlson Tim\u00f3teo participa de audi\u00eancia em Bras\u00edlia com senador C\u00e1ssio Cunha Lima - Not&iacute;cias em Destaque","robots":{"index":"index","follow":"follow","max-snippet":"max-snippet:-1","max-image-preview":"max-image-preview:large","max-video-preview":"max-video-preview:-1"},"canonical":"https:\/\/noticiasemdestaque.com\/cd\/?p=4311","og_locale":"pt_BR","og_type":"article","og_title":"Vereador Bon\u00edlson Tim\u00f3teo participa de audi\u00eancia em Bras\u00edlia com senador C\u00e1ssio Cunha Lima - Not&iacute;cias em Destaque","og_description":"Objetivando captar mais recursos e projetos para o Munic\u00edpio de Sum\u00e9, o vereador Bon\u00edlson Tim\u00f3teo foi recebido em audi\u00eancia pelo senador C\u00e1ssio Cunha Lima (PSDB-PB), na tarde de ter\u00e7a-feira (12\/09). O vereador pleiteou ao senador a perfura\u00e7\u00e3o de po\u00e7os artesianos em comunidades rurais de Sum\u00e9, atrav\u00e9s de parceria do gabinete C\u00e1ssio com a Embaixada de Taiwan no Brasil. \u00a0C\u00e1ssio garantiu ao parlamentar sumeense que logo que houver a oferta de perfura\u00e7\u00e3o de po\u00e7os atrav\u00e9s desta parceria, as comunidades rurais de Sum\u00e9 ser\u00e3o beneficiadas. Na audi\u00eancia, Bon\u00edlson conversou tamb\u00e9m com o senador sobre os cortes previstos na Lei de Or\u00e7amento Anual de 2018. De acordo com Bon\u00edlson, caso seja aprovada como foi enviada para a C\u00e2mara Federal, a LOA 2018 ocasionar\u00e1 preju\u00edzos aos trabalhadores rurais de Sum\u00e9, uma vez que os cortes mais acentuados ser\u00e3o no setor agropecu\u00e1rio. O vereador pediu o empenho de C\u00e1ssio para que haja um aporte maior de recursos para o Munic\u00edpio de Sum\u00e9. Entre os programas, Bon\u00edlson citou o de Aquisi\u00e7\u00e3o de Alimentos (PAA) e o Programa do Leite, que est\u00e1 vinculado ao PAA e o Programa Nacional de Cr\u00e9dito Fundi\u00e1rio, que adquire terras de propriet\u00e1rios interessados em vender para distribuir para agricultores que n\u00e3o tem terra para trabalhar. Tamb\u00e9m foi lembrado ao senador o programa de obten\u00e7\u00e3o de terras pelo INCRA, o Programa de Inclus\u00e3o Produtiva do MDS, que implanta tecnologias sociais para conviv\u00eancia com a seca, a exemplo de cisternas cal\u00e7ad\u00f5es, cisternas de enxurrada, barreiros trincheira, barragens subterr\u00e2neas entre outras. Bon\u00edlson esteve acompanhado do tecn\u00f3logo em Agroecologia, Daniel Vilar, que fizeram uma ampla explana\u00e7\u00e3o ao senador sobre a import\u00e2ncia de investimentos nestes projetos para melhorar a vida do homem no campo, principalmente do povo do Cariri Paraibano. Cariri em Destaque\u00a0 Ascom\/Andr\u00e9a Duarte","og_url":"https:\/\/noticiasemdestaque.com\/cd\/?p=4311","og_site_name":"Not&iacute;cias em Destaque","article_published_time":"2017-09-14T00:50:30+00:00","og_image":[{"width":1280,"height":730,"url":"https:\/\/noticiasemdestaque.com\/cd\/wp-content\/uploads\/2017\/09\/WhatsApp-Image-2017-09-13-at-8.48.05-PM.jpeg","type":"image\/jpeg"}],"author":"Not\u00edcias em Destaque","twitter_card":"summary_large_image","twitter_misc":{"Escrito por":"Not\u00edcias em Destaque","Est. tempo de leitura":"2 minutos"},"schema":{"@context":"https:\/\/schema.org","@graph":[{"@type":"Article","@id":"https:\/\/noticiasemdestaque.com\/cd\/?p=4311#article","isPartOf":{"@id":"https:\/\/noticiasemdestaque.com\/cd\/?p=4311"},"author":{"name":"Not\u00edcias em Destaque","@id":"https:\/\/noticiasemdestaque.com\/cd\/#\/schema\/person\/21320b03a7e8bb90128938dafc9b908a"},"headline":"Vereador Bon\u00edlson Tim\u00f3teo participa de audi\u00eancia em Bras\u00edlia com senador C\u00e1ssio Cunha Lima","datePublished":"2017-09-14T00:50:30+00:00","mainEntityOfPage":{"@id":"https:\/\/noticiasemdestaque.com\/cd\/?p=4311"},"wordCount":348,"publisher":{"@id":"https:\/\/noticiasemdestaque.com\/cd\/#organization"},"image":{"@id":"https:\/\/noticiasemdestaque.com\/cd\/?p=4311#primaryimage"},"thumbnailUrl":"https:\/\/noticiasemdestaque.com\/cd\/wp-content\/uploads\/2017\/09\/WhatsApp-Image-2017-09-13-at-8.48.05-PM.jpeg","articleSection":["Pol\u00edtica"],"inLanguage":"pt-BR"},{"@type":"WebPage","@id":"https:\/\/noticiasemdestaque.com\/cd\/?p=4311","url":"https:\/\/noticiasemdestaque.com\/cd\/?p=4311","name":"Vereador Bon\u00edlson Tim\u00f3teo participa de audi\u00eancia em Bras\u00edlia com senador C\u00e1ssio Cunha Lima - Not&iacute;cias em Destaque","isPartOf":{"@id":"https:\/\/noticiasemdestaque.com\/cd\/#website"},"primaryImageOfPage":{"@id":"https:\/\/noticiasemdestaque.com\/cd\/?p=4311#primaryimage"},"image":{"@id":"https:\/\/noticiasemdestaque.com\/cd\/?p=4311#primaryimage"},"thumbnailUrl":"https:\/\/noticiasemdestaque.com\/cd\/wp-content\/uploads\/2017\/09\/WhatsApp-Image-2017-09-13-at-8.48.05-PM.jpeg","datePublished":"2017-09-14T00:50:30+00:00","breadcrumb":{"@id":"https:\/\/noticiasemdestaque.com\/cd\/?p=4311#breadcrumb"},"inLanguage":"pt-BR","potentialAction":[{"@type":"ReadAction","target":["https:\/\/noticiasemdestaque.com\/cd\/?p=4311"]}]},{"@type":"ImageObject","inLanguage":"pt-BR","@id":"https:\/\/noticiasemdestaque.com\/cd\/?p=4311#primaryimage","url":"https:\/\/noticiasemdestaque.com\/cd\/wp-content\/uploads\/2017\/09\/WhatsApp-Image-2017-09-13-at-8.48.05-PM.jpeg","contentUrl":"https:\/\/noticiasemdestaque.com\/cd\/wp-content\/uploads\/2017\/09\/WhatsApp-Image-2017-09-13-at-8.48.05-PM.jpeg","width":1280,"height":730},{"@type":"BreadcrumbList","@id":"https:\/\/noticiasemdestaque.com\/cd\/?p=4311#breadcrumb","itemListElement":[{"@type":"ListItem","position":1,"name":"In\u00edcio","item":"https:\/\/noticiasemdestaque.com\/cd\/"},{"@type":"ListItem","position":2,"name":"Vereador Bon\u00edlson Tim\u00f3teo participa de audi\u00eancia em Bras\u00edlia com senador C\u00e1ssio Cunha Lima"}]},{"@type":"WebSite","@id":"https:\/\/noticiasemdestaque.com\/cd\/#website","url":"https:\/\/noticiasemdestaque.com\/cd\/","name":"Not&iacute;cias em Destaque","description":"","publisher":{"@id":"https:\/\/noticiasemdestaque.com\/cd\/#organization"},"potentialAction":[{"@type":"SearchAction","target":{"@type":"EntryPoint","urlTemplate":"https:\/\/noticiasemdestaque.com\/cd\/?s={search_term_string}"},"query-input":{"@type":"PropertyValueSpecification","valueRequired":true,"valueName":"search_term_string"}}],"inLanguage":"pt-BR"},{"@type":"Organization","@id":"https:\/\/noticiasemdestaque.com\/cd\/#organization","name":"Not\u00edcias em Destaque","url":"https:\/\/noticiasemdestaque.com\/cd\/","logo":{"@type":"ImageObject","inLanguage":"pt-BR","@id":"https:\/\/noticiasemdestaque.com\/cd\/#\/schema\/logo\/image\/","url":"https:\/\/noticiasemdestaque.com\/cd\/wp-content\/uploads\/2022\/05\/imagem-base-noticiasemdestaque.png","contentUrl":"https:\/\/noticiasemdestaque.com\/cd\/wp-content\/uploads\/2022\/05\/imagem-base-noticiasemdestaque.png","width":1200,"height":630,"caption":"Not\u00edcias em Destaque"},"image":{"@id":"https:\/\/noticiasemdestaque.com\/cd\/#\/schema\/logo\/image\/"}},{"@type":"Person","@id":"https:\/\/noticiasemdestaque.com\/cd\/#\/schema\/person\/21320b03a7e8bb90128938dafc9b908a","name":"Not\u00edcias em Destaque","url":"https:\/\/noticiasemdestaque.com\/cd\/?author=2"}]}},"jetpack_featured_media_url":"https:\/\/noticiasemdestaque.com\/cd\/wp-content\/uploads\/2017\/09\/WhatsApp-Image-2017-09-13-at-8.48.05-PM.jpeg","jetpack_sharing_enabled":true,"_links":{"self":[{"href":"https:\/\/noticiasemdestaque.com\/cd\/index.php?rest_route=\/wp\/v2\/posts\/4311","targetHints":{"allow":["GET"]}}],"collection":[{"href":"https:\/\/noticiasemdestaque.com\/cd\/index.php?rest_route=\/wp\/v2\/posts"}],"about":[{"href":"https:\/\/noticiasemdestaque.com\/cd\/index.php?rest_route=\/wp\/v2\/types\/post"}],"author":[{"embeddable":true,"href":"https:\/\/noticiasemdestaque.com\/cd\/index.php?rest_route=\/wp\/v2\/users\/2"}],"replies":[{"embeddable":true,"href":"https:\/\/noticiasemdestaque.com\/cd\/index.php?rest_route=%2Fwp%2Fv2%2Fcomments&post=4311"}],"version-history":[{"count":1,"href":"https:\/\/noticiasemdestaque.com\/cd\/index.php?rest_route=\/wp\/v2\/posts\/4311\/revisions"}],"predecessor-version":[{"id":4314,"href":"https:\/\/noticiasemdestaque.com\/cd\/index.php?rest_route=\/wp\/v2\/posts\/4311\/revisions\/4314"}],"wp:featuredmedia":[{"embeddable":true,"href":"https:\/\/noticiasemdestaque.com\/cd\/index.php?rest_route=\/wp\/v2\/media\/4312"}],"wp:attachment":[{"href":"https:\/\/noticiasemdestaque.com\/cd\/index.php?rest_route=%2Fwp%2Fv2%2Fmedia&parent=4311"}],"wp:term":[{"taxonomy":"category","embeddable":true,"href":"https:\/\/noticiasemdestaque.com\/cd\/index.php?rest_route=%2Fwp%2Fv2%2Fcategories&post=4311"},{"taxonomy":"post_tag","embeddable":true,"href":"https:\/\/noticiasemdestaque.com\/cd\/index.php?rest_route=%2Fwp%2Fv2%2Ftags&post=4311"}],"curies":[{"name":"wp","href":"https:\/\/api.w.org\/{rel}","templated":true}]}}