{"id":4304,"date":"2017-09-13T15:50:54","date_gmt":"2017-09-13T18:50:54","guid":{"rendered":"http:\/\/caririemdestaque.com\/cd\/?p=4304"},"modified":"2017-09-13T15:50:54","modified_gmt":"2017-09-13T18:50:54","slug":"pm-morre-apos-troca-de-tiros-em-tentativa-de-assalto-a-cooperativa-de-credito","status":"publish","type":"post","link":"https:\/\/noticiasemdestaque.com\/cd\/?p=4304","title":{"rendered":"PM morre ap\u00f3s troca de tiros em tentativa de assalto a cooperativa de cr\u00e9dito"},"content":{"rendered":"<p><a href=\"http:\/\/caririemdestaque.com\/cd\/wp-content\/uploads\/2017\/09\/sal.jpg\"><img decoding=\"async\" class=\"alignleft wp-image-4305 size-medium\" src=\"http:\/\/caririemdestaque.com\/cd\/wp-content\/uploads\/2017\/09\/sal-300x166.jpg\" alt=\"\" width=\"300\" height=\"166\" srcset=\"https:\/\/noticiasemdestaque.com\/cd\/wp-content\/uploads\/2017\/09\/sal-300x166.jpg 300w, https:\/\/noticiasemdestaque.com\/cd\/wp-content\/uploads\/2017\/09\/sal.jpg 660w\" sizes=\"(max-width: 300px) 100vw, 300px\" \/><\/a>Um policial militar morreu ap\u00f3s uma troca de tiros na manh\u00e3 desta quarta-feira (13) em Itapetim, Sert\u00e3o de Pernambuco. De acordo com a Pol\u00edcia Civil, o crime ocorreu durante uma tentativa de assalto a uma cooperativa de cr\u00e9dito do munic\u00edpio.<\/p>\n<p>Ainda segundo a pol\u00edcia, os assaltantes tentaram roubar malotes de dinheiro quando foram abordados por seguran\u00e7as do estabelecimento. Os criminosos trocaram tiros com a PM e um policial foi atingido.<\/p>\n<p>A v\u00edtima chegou a ser socorrida, mas n\u00e3o resistiu aos ferimentos. O policial trabalhava em Patos, na Para\u00edba. At\u00e9 a publica\u00e7\u00e3o desta mat\u00e9ria, ningu\u00e9m foi preso. O caso ser\u00e1 investigado pela Pol\u00edcia Civil.<\/p>\n<p><strong><em>Cariri em Destaque<\/em><\/strong><\/p>\n<p>Com G1<\/p>\n","protected":false},"excerpt":{"rendered":"<p>Um policial militar morreu ap\u00f3s uma troca de tiros na manh\u00e3 desta quarta-feira (13) em Itapetim, Sert\u00e3o de Pernambuco. De acordo com a Pol\u00edcia Civil, o crime ocorreu durante uma tentativa de assalto a uma cooperativa de cr\u00e9dito do munic\u00edpio. Ainda segundo a pol\u00edcia, os assaltantes tentaram roubar malotes de dinheiro quando foram abordados por seguran\u00e7as do estabelecimento. Os criminosos trocaram tiros com a PM e um policial foi atingido. A v\u00edtima chegou a ser socorrida, mas n\u00e3o resistiu aos ferimentos. O policial trabalhava em Patos, na Para\u00edba. At\u00e9 a publica\u00e7\u00e3o desta mat\u00e9ria, ningu\u00e9m foi preso. O caso ser\u00e1 investigado pela Pol\u00edcia Civil. Cariri em Destaque Com G1<\/p>\n","protected":false},"author":2,"featured_media":4305,"comment_status":"closed","ping_status":"open","sticky":false,"template":"","format":"standard","meta":{"_eb_attr":"","_jetpack_memberships_contains_paid_content":false,"footnotes":""},"categories":[3],"tags":[],"class_list":["post-4304","post","type-post","status-publish","format-standard","has-post-thumbnail","hentry","category-cidades"],"yoast_head":"<!-- This site is optimized with the Yoast SEO plugin v26.5 - https:\/\/yoast.com\/wordpress\/plugins\/seo\/ -->\n<title>PM morre ap\u00f3s troca de tiros em tentativa de assalto a cooperativa de cr\u00e9dito - Not&iacute;cias em Destaque<\/title>\n<meta name=\"robots\" content=\"index, follow, max-snippet:-1, max-image-preview:large, max-video-preview:-1\" \/>\n<link rel=\"canonical\" href=\"https:\/\/noticiasemdestaque.com\/cd\/?p=4304\" \/>\n<meta property=\"og:locale\" content=\"pt_BR\" \/>\n<meta property=\"og:type\" content=\"article\" \/>\n<meta property=\"og:title\" content=\"PM morre ap\u00f3s troca de tiros em tentativa de assalto a cooperativa de cr\u00e9dito - Not&iacute;cias em Destaque\" \/>\n<meta property=\"og:description\" content=\"Um policial militar morreu ap\u00f3s uma troca de tiros na manh\u00e3 desta quarta-feira (13) em Itapetim, Sert\u00e3o de Pernambuco. De acordo com a Pol\u00edcia Civil, o crime ocorreu durante uma tentativa de assalto a uma cooperativa de cr\u00e9dito do munic\u00edpio. Ainda segundo a pol\u00edcia, os assaltantes tentaram roubar malotes de dinheiro quando foram abordados por seguran\u00e7as do estabelecimento. Os criminosos trocaram tiros com a PM e um policial foi atingido. A v\u00edtima chegou a ser socorrida, mas n\u00e3o resistiu aos ferimentos. O policial trabalhava em Patos, na Para\u00edba. At\u00e9 a publica\u00e7\u00e3o desta mat\u00e9ria, ningu\u00e9m foi preso. O caso ser\u00e1 investigado pela Pol\u00edcia Civil. Cariri em Destaque Com G1\" \/>\n<meta property=\"og:url\" content=\"https:\/\/noticiasemdestaque.com\/cd\/?p=4304\" \/>\n<meta property=\"og:site_name\" content=\"Not&iacute;cias em Destaque\" \/>\n<meta property=\"article:published_time\" content=\"2017-09-13T18:50:54+00:00\" \/>\n<meta property=\"og:image\" content=\"https:\/\/noticiasemdestaque.com\/cd\/wp-content\/uploads\/2017\/09\/sal.jpg\" \/>\n\t<meta property=\"og:image:width\" content=\"660\" \/>\n\t<meta property=\"og:image:height\" content=\"365\" \/>\n\t<meta property=\"og:image:type\" content=\"image\/jpeg\" \/>\n<meta name=\"author\" content=\"Not\u00edcias em Destaque\" \/>\n<meta name=\"twitter:card\" content=\"summary_large_image\" \/>\n<meta name=\"twitter:label1\" content=\"Escrito por\" \/>\n\t<meta name=\"twitter:data1\" content=\"Not\u00edcias em Destaque\" \/>\n\t<meta name=\"twitter:label2\" content=\"Est. tempo de leitura\" \/>\n\t<meta name=\"twitter:data2\" content=\"1 minuto\" \/>\n<script type=\"application\/ld+json\" class=\"yoast-schema-graph\">{\"@context\":\"https:\/\/schema.org\",\"@graph\":[{\"@type\":\"Article\",\"@id\":\"https:\/\/noticiasemdestaque.com\/cd\/?p=4304#article\",\"isPartOf\":{\"@id\":\"https:\/\/noticiasemdestaque.com\/cd\/?p=4304\"},\"author\":{\"name\":\"Not\u00edcias em Destaque\",\"@id\":\"https:\/\/noticiasemdestaque.com\/cd\/#\/schema\/person\/21320b03a7e8bb90128938dafc9b908a\"},\"headline\":\"PM morre ap\u00f3s troca de tiros em tentativa de assalto a cooperativa de cr\u00e9dito\",\"datePublished\":\"2017-09-13T18:50:54+00:00\",\"mainEntityOfPage\":{\"@id\":\"https:\/\/noticiasemdestaque.com\/cd\/?p=4304\"},\"wordCount\":137,\"publisher\":{\"@id\":\"https:\/\/noticiasemdestaque.com\/cd\/#organization\"},\"image\":{\"@id\":\"https:\/\/noticiasemdestaque.com\/cd\/?p=4304#primaryimage\"},\"thumbnailUrl\":\"https:\/\/noticiasemdestaque.com\/cd\/wp-content\/uploads\/2017\/09\/sal.jpg\",\"articleSection\":[\"Cidades\"],\"inLanguage\":\"pt-BR\"},{\"@type\":\"WebPage\",\"@id\":\"https:\/\/noticiasemdestaque.com\/cd\/?p=4304\",\"url\":\"https:\/\/noticiasemdestaque.com\/cd\/?p=4304\",\"name\":\"PM morre ap\u00f3s troca de tiros em tentativa de assalto a cooperativa de cr\u00e9dito - Not&iacute;cias em Destaque\",\"isPartOf\":{\"@id\":\"https:\/\/noticiasemdestaque.com\/cd\/#website\"},\"primaryImageOfPage\":{\"@id\":\"https:\/\/noticiasemdestaque.com\/cd\/?p=4304#primaryimage\"},\"image\":{\"@id\":\"https:\/\/noticiasemdestaque.com\/cd\/?p=4304#primaryimage\"},\"thumbnailUrl\":\"https:\/\/noticiasemdestaque.com\/cd\/wp-content\/uploads\/2017\/09\/sal.jpg\",\"datePublished\":\"2017-09-13T18:50:54+00:00\",\"breadcrumb\":{\"@id\":\"https:\/\/noticiasemdestaque.com\/cd\/?p=4304#breadcrumb\"},\"inLanguage\":\"pt-BR\",\"potentialAction\":[{\"@type\":\"ReadAction\",\"target\":[\"https:\/\/noticiasemdestaque.com\/cd\/?p=4304\"]}]},{\"@type\":\"ImageObject\",\"inLanguage\":\"pt-BR\",\"@id\":\"https:\/\/noticiasemdestaque.com\/cd\/?p=4304#primaryimage\",\"url\":\"https:\/\/noticiasemdestaque.com\/cd\/wp-content\/uploads\/2017\/09\/sal.jpg\",\"contentUrl\":\"https:\/\/noticiasemdestaque.com\/cd\/wp-content\/uploads\/2017\/09\/sal.jpg\",\"width\":660,\"height\":365},{\"@type\":\"BreadcrumbList\",\"@id\":\"https:\/\/noticiasemdestaque.com\/cd\/?p=4304#breadcrumb\",\"itemListElement\":[{\"@type\":\"ListItem\",\"position\":1,\"name\":\"In\u00edcio\",\"item\":\"https:\/\/noticiasemdestaque.com\/cd\/\"},{\"@type\":\"ListItem\",\"position\":2,\"name\":\"PM morre ap\u00f3s troca de tiros em tentativa de assalto a cooperativa de cr\u00e9dito\"}]},{\"@type\":\"WebSite\",\"@id\":\"https:\/\/noticiasemdestaque.com\/cd\/#website\",\"url\":\"https:\/\/noticiasemdestaque.com\/cd\/\",\"name\":\"Not&iacute;cias em Destaque\",\"description\":\"\",\"publisher\":{\"@id\":\"https:\/\/noticiasemdestaque.com\/cd\/#organization\"},\"potentialAction\":[{\"@type\":\"SearchAction\",\"target\":{\"@type\":\"EntryPoint\",\"urlTemplate\":\"https:\/\/noticiasemdestaque.com\/cd\/?s={search_term_string}\"},\"query-input\":{\"@type\":\"PropertyValueSpecification\",\"valueRequired\":true,\"valueName\":\"search_term_string\"}}],\"inLanguage\":\"pt-BR\"},{\"@type\":\"Organization\",\"@id\":\"https:\/\/noticiasemdestaque.com\/cd\/#organization\",\"name\":\"Not\u00edcias em Destaque\",\"url\":\"https:\/\/noticiasemdestaque.com\/cd\/\",\"logo\":{\"@type\":\"ImageObject\",\"inLanguage\":\"pt-BR\",\"@id\":\"https:\/\/noticiasemdestaque.com\/cd\/#\/schema\/logo\/image\/\",\"url\":\"https:\/\/noticiasemdestaque.com\/cd\/wp-content\/uploads\/2022\/05\/imagem-base-noticiasemdestaque.png\",\"contentUrl\":\"https:\/\/noticiasemdestaque.com\/cd\/wp-content\/uploads\/2022\/05\/imagem-base-noticiasemdestaque.png\",\"width\":1200,\"height\":630,\"caption\":\"Not\u00edcias em Destaque\"},\"image\":{\"@id\":\"https:\/\/noticiasemdestaque.com\/cd\/#\/schema\/logo\/image\/\"}},{\"@type\":\"Person\",\"@id\":\"https:\/\/noticiasemdestaque.com\/cd\/#\/schema\/person\/21320b03a7e8bb90128938dafc9b908a\",\"name\":\"Not\u00edcias em Destaque\",\"url\":\"https:\/\/noticiasemdestaque.com\/cd\/?author=2\"}]}<\/script>\n<!-- \/ Yoast SEO plugin. -->","yoast_head_json":{"title":"PM morre ap\u00f3s troca de tiros em tentativa de assalto a cooperativa de cr\u00e9dito - Not&iacute;cias em Destaque","robots":{"index":"index","follow":"follow","max-snippet":"max-snippet:-1","max-image-preview":"max-image-preview:large","max-video-preview":"max-video-preview:-1"},"canonical":"https:\/\/noticiasemdestaque.com\/cd\/?p=4304","og_locale":"pt_BR","og_type":"article","og_title":"PM morre ap\u00f3s troca de tiros em tentativa de assalto a cooperativa de cr\u00e9dito - Not&iacute;cias em Destaque","og_description":"Um policial militar morreu ap\u00f3s uma troca de tiros na manh\u00e3 desta quarta-feira (13) em Itapetim, Sert\u00e3o de Pernambuco. De acordo com a Pol\u00edcia Civil, o crime ocorreu durante uma tentativa de assalto a uma cooperativa de cr\u00e9dito do munic\u00edpio. Ainda segundo a pol\u00edcia, os assaltantes tentaram roubar malotes de dinheiro quando foram abordados por seguran\u00e7as do estabelecimento. Os criminosos trocaram tiros com a PM e um policial foi atingido. A v\u00edtima chegou a ser socorrida, mas n\u00e3o resistiu aos ferimentos. O policial trabalhava em Patos, na Para\u00edba. At\u00e9 a publica\u00e7\u00e3o desta mat\u00e9ria, ningu\u00e9m foi preso. O caso ser\u00e1 investigado pela Pol\u00edcia Civil. Cariri em Destaque Com G1","og_url":"https:\/\/noticiasemdestaque.com\/cd\/?p=4304","og_site_name":"Not&iacute;cias em Destaque","article_published_time":"2017-09-13T18:50:54+00:00","og_image":[{"width":660,"height":365,"url":"https:\/\/noticiasemdestaque.com\/cd\/wp-content\/uploads\/2017\/09\/sal.jpg","type":"image\/jpeg"}],"author":"Not\u00edcias em Destaque","twitter_card":"summary_large_image","twitter_misc":{"Escrito por":"Not\u00edcias em Destaque","Est. tempo de leitura":"1 minuto"},"schema":{"@context":"https:\/\/schema.org","@graph":[{"@type":"Article","@id":"https:\/\/noticiasemdestaque.com\/cd\/?p=4304#article","isPartOf":{"@id":"https:\/\/noticiasemdestaque.com\/cd\/?p=4304"},"author":{"name":"Not\u00edcias em Destaque","@id":"https:\/\/noticiasemdestaque.com\/cd\/#\/schema\/person\/21320b03a7e8bb90128938dafc9b908a"},"headline":"PM morre ap\u00f3s troca de tiros em tentativa de assalto a cooperativa de cr\u00e9dito","datePublished":"2017-09-13T18:50:54+00:00","mainEntityOfPage":{"@id":"https:\/\/noticiasemdestaque.com\/cd\/?p=4304"},"wordCount":137,"publisher":{"@id":"https:\/\/noticiasemdestaque.com\/cd\/#organization"},"image":{"@id":"https:\/\/noticiasemdestaque.com\/cd\/?p=4304#primaryimage"},"thumbnailUrl":"https:\/\/noticiasemdestaque.com\/cd\/wp-content\/uploads\/2017\/09\/sal.jpg","articleSection":["Cidades"],"inLanguage":"pt-BR"},{"@type":"WebPage","@id":"https:\/\/noticiasemdestaque.com\/cd\/?p=4304","url":"https:\/\/noticiasemdestaque.com\/cd\/?p=4304","name":"PM morre ap\u00f3s troca de tiros em tentativa de assalto a cooperativa de cr\u00e9dito - Not&iacute;cias em Destaque","isPartOf":{"@id":"https:\/\/noticiasemdestaque.com\/cd\/#website"},"primaryImageOfPage":{"@id":"https:\/\/noticiasemdestaque.com\/cd\/?p=4304#primaryimage"},"image":{"@id":"https:\/\/noticiasemdestaque.com\/cd\/?p=4304#primaryimage"},"thumbnailUrl":"https:\/\/noticiasemdestaque.com\/cd\/wp-content\/uploads\/2017\/09\/sal.jpg","datePublished":"2017-09-13T18:50:54+00:00","breadcrumb":{"@id":"https:\/\/noticiasemdestaque.com\/cd\/?p=4304#breadcrumb"},"inLanguage":"pt-BR","potentialAction":[{"@type":"ReadAction","target":["https:\/\/noticiasemdestaque.com\/cd\/?p=4304"]}]},{"@type":"ImageObject","inLanguage":"pt-BR","@id":"https:\/\/noticiasemdestaque.com\/cd\/?p=4304#primaryimage","url":"https:\/\/noticiasemdestaque.com\/cd\/wp-content\/uploads\/2017\/09\/sal.jpg","contentUrl":"https:\/\/noticiasemdestaque.com\/cd\/wp-content\/uploads\/2017\/09\/sal.jpg","width":660,"height":365},{"@type":"BreadcrumbList","@id":"https:\/\/noticiasemdestaque.com\/cd\/?p=4304#breadcrumb","itemListElement":[{"@type":"ListItem","position":1,"name":"In\u00edcio","item":"https:\/\/noticiasemdestaque.com\/cd\/"},{"@type":"ListItem","position":2,"name":"PM morre ap\u00f3s troca de tiros em tentativa de assalto a cooperativa de cr\u00e9dito"}]},{"@type":"WebSite","@id":"https:\/\/noticiasemdestaque.com\/cd\/#website","url":"https:\/\/noticiasemdestaque.com\/cd\/","name":"Not&iacute;cias em Destaque","description":"","publisher":{"@id":"https:\/\/noticiasemdestaque.com\/cd\/#organization"},"potentialAction":[{"@type":"SearchAction","target":{"@type":"EntryPoint","urlTemplate":"https:\/\/noticiasemdestaque.com\/cd\/?s={search_term_string}"},"query-input":{"@type":"PropertyValueSpecification","valueRequired":true,"valueName":"search_term_string"}}],"inLanguage":"pt-BR"},{"@type":"Organization","@id":"https:\/\/noticiasemdestaque.com\/cd\/#organization","name":"Not\u00edcias em Destaque","url":"https:\/\/noticiasemdestaque.com\/cd\/","logo":{"@type":"ImageObject","inLanguage":"pt-BR","@id":"https:\/\/noticiasemdestaque.com\/cd\/#\/schema\/logo\/image\/","url":"https:\/\/noticiasemdestaque.com\/cd\/wp-content\/uploads\/2022\/05\/imagem-base-noticiasemdestaque.png","contentUrl":"https:\/\/noticiasemdestaque.com\/cd\/wp-content\/uploads\/2022\/05\/imagem-base-noticiasemdestaque.png","width":1200,"height":630,"caption":"Not\u00edcias em Destaque"},"image":{"@id":"https:\/\/noticiasemdestaque.com\/cd\/#\/schema\/logo\/image\/"}},{"@type":"Person","@id":"https:\/\/noticiasemdestaque.com\/cd\/#\/schema\/person\/21320b03a7e8bb90128938dafc9b908a","name":"Not\u00edcias em Destaque","url":"https:\/\/noticiasemdestaque.com\/cd\/?author=2"}]}},"jetpack_featured_media_url":"https:\/\/noticiasemdestaque.com\/cd\/wp-content\/uploads\/2017\/09\/sal.jpg","jetpack_sharing_enabled":true,"_links":{"self":[{"href":"https:\/\/noticiasemdestaque.com\/cd\/index.php?rest_route=\/wp\/v2\/posts\/4304","targetHints":{"allow":["GET"]}}],"collection":[{"href":"https:\/\/noticiasemdestaque.com\/cd\/index.php?rest_route=\/wp\/v2\/posts"}],"about":[{"href":"https:\/\/noticiasemdestaque.com\/cd\/index.php?rest_route=\/wp\/v2\/types\/post"}],"author":[{"embeddable":true,"href":"https:\/\/noticiasemdestaque.com\/cd\/index.php?rest_route=\/wp\/v2\/users\/2"}],"replies":[{"embeddable":true,"href":"https:\/\/noticiasemdestaque.com\/cd\/index.php?rest_route=%2Fwp%2Fv2%2Fcomments&post=4304"}],"version-history":[{"count":1,"href":"https:\/\/noticiasemdestaque.com\/cd\/index.php?rest_route=\/wp\/v2\/posts\/4304\/revisions"}],"predecessor-version":[{"id":4306,"href":"https:\/\/noticiasemdestaque.com\/cd\/index.php?rest_route=\/wp\/v2\/posts\/4304\/revisions\/4306"}],"wp:featuredmedia":[{"embeddable":true,"href":"https:\/\/noticiasemdestaque.com\/cd\/index.php?rest_route=\/wp\/v2\/media\/4305"}],"wp:attachment":[{"href":"https:\/\/noticiasemdestaque.com\/cd\/index.php?rest_route=%2Fwp%2Fv2%2Fmedia&parent=4304"}],"wp:term":[{"taxonomy":"category","embeddable":true,"href":"https:\/\/noticiasemdestaque.com\/cd\/index.php?rest_route=%2Fwp%2Fv2%2Fcategories&post=4304"},{"taxonomy":"post_tag","embeddable":true,"href":"https:\/\/noticiasemdestaque.com\/cd\/index.php?rest_route=%2Fwp%2Fv2%2Ftags&post=4304"}],"curies":[{"name":"wp","href":"https:\/\/api.w.org\/{rel}","templated":true}]}}