{"id":4301,"date":"2017-09-13T15:38:21","date_gmt":"2017-09-13T18:38:21","guid":{"rendered":"http:\/\/caririemdestaque.com\/cd\/?p=4301"},"modified":"2017-09-13T15:38:21","modified_gmt":"2017-09-13T18:38:21","slug":"sabado-e-o-dia-d-da-campanha-de-multivacinacao-de-criancas-e-adolescentes","status":"publish","type":"post","link":"https:\/\/noticiasemdestaque.com\/cd\/?p=4301","title":{"rendered":"S\u00e1bado \u00e9 o Dia D da campanha de multivacina\u00e7\u00e3o de crian\u00e7as e adolescentes"},"content":{"rendered":"<p><a href=\"http:\/\/caririemdestaque.com\/cd\/wp-content\/uploads\/2017\/09\/1076427-df_edita82t4984.jpg\"><img decoding=\"async\" class=\"size-thumbnail wp-image-4302 alignleft\" src=\"http:\/\/caririemdestaque.com\/cd\/wp-content\/uploads\/2017\/09\/1076427-df_edita82t4984-150x150.jpg\" alt=\"\" width=\"150\" height=\"150\" srcset=\"https:\/\/noticiasemdestaque.com\/cd\/wp-content\/uploads\/2017\/09\/1076427-df_edita82t4984-150x150.jpg 150w, https:\/\/noticiasemdestaque.com\/cd\/wp-content\/uploads\/2017\/09\/1076427-df_edita82t4984-266x266.jpg 266w\" sizes=\"(max-width: 150px) 100vw, 150px\" \/><\/a>No pr\u00f3ximo s\u00e1bado (16) ser\u00e1 realizado o Dia D da Campanha Nacional de Multivacina\u00e7\u00e3o, quando postos de sa\u00fade estar\u00e3o abertos em todo o pa\u00eds. Segundo o Minist\u00e9rio da Sa\u00fade, cerca de 47 milh\u00f5es de crian\u00e7as e adolescentes menores de 15 anos est\u00e3o convocados para comparecer aos postos e atualizar a caderneta de vacina\u00e7\u00e3o.<\/p>\n<p>Com o slogan \u201cTodo mundo unido fica mais protegido\u201d, a campanha come\u00e7ou no dia 11 de setembro e segue at\u00e9 o dia 22 de setembro em cerca de 36 mil postos fixos de vacina\u00e7\u00e3o. Ao todo, 350 mil profissionais participam da a\u00e7\u00e3o. De acordo com o minist\u00e9rio, de janeiro a agosto deste ano, foram enviadas a todas as unidades da Federa\u00e7\u00e3o 143,9 milh\u00f5es de doses de vacinas de rotina. Para a campanha, foram enviadas 14,8 milh\u00f5es de doses extras.<\/p>\n<p>A meta \u00e9 resgatar todas as crian\u00e7as e adolescentes n\u00e3o vacinados e, com isso, iniciar ou completar os esquemas de imuniza\u00e7\u00e3o. Segundo o minist\u00e9rio, 53% n\u00e3o est\u00e3o com a vacina\u00e7\u00e3o em dia.<\/p>\n<p><strong>Menor cobertura<\/strong><\/p>\n<p>Em 2016, o Brasil registrou a menor cobertura vacinal dos \u00faltimos 10 anos, segundo a coordenadora-geral do Programa Nacional de Imuniza\u00e7\u00f5es, Carla Domingues. \u201cN\u00e3o podemos dizer que temos uma tend\u00eancia, mas \u00e9 preocupante e por isso queremos reverter essa situa\u00e7\u00e3o. O objetivo da campanha \u00e9 resgatar os n\u00e3o vacinados para que esse dado de 2016 n\u00e3o se repita em 2017\u201d, disse.<\/p>\n<p>Ela explica que a Regi\u00e3o Norte \u00e9 a que tem menor cobertura por causa do dif\u00edcil acesso, mas que, em termos locais, h\u00e1 munic\u00edpios em todas regi\u00f5es com baixa cobertura.<\/p>\n<p>Segundo o Minist\u00e9rio da Sa\u00fade, por exemplo, 760 mil crian\u00e7as n\u00e3o receberam a vacina BCG, que protege contra formas graves de tuberculose. \u201cA BCG tem cobertura vacinal de 98%, apenas 2% n\u00e3o foram vacinadas. Quando se fala de cobertura \u00e9 bom, mas mesmo esses 2% \u00e9 um volume importante de crian\u00e7as\u201d, explicou Carla.<\/p>\n<p>O Minist\u00e9rio alerta que muitas doen\u00e7as que foram erradicadas no Brasil ou mesmo controladas ainda n\u00e3o est\u00e3o eliminadas e podem representar risco para n\u00e3o vacinados. \u201cA popula\u00e7\u00e3o come\u00e7a a achar que a vacina \u00e9 desnecess\u00e1ria e n\u00e3o \u00e9 verdade. Estamos vendo o surto de sarampo nos pa\u00edses desenvolvidos, por exemplo, e se n\u00e3o mantivermos elevada a cobertura vacinal, voltaremos a ter essas doen\u00e7as circulando no mundo\u201d, disse Carla, explicando que o fluxo de turismo e com\u00e9rcio no mundo globalizado facilita a circula\u00e7\u00e3o de doen\u00e7as entre os pa\u00edses.<\/p>\n<p>Segundo o Minist\u00e9rio da Sa\u00fade, em 2017, foram registradas mortes por sarampo em pa\u00edses como Alemanha, Portugal, It\u00e1lia, Fran\u00e7a, Bulg\u00e1ria e Rom\u00eania. Na Venezuela tamb\u00e9m houve casos de sarampo e mortes por difteria.<\/p>\n<p><strong>Dia D na escola<\/strong><\/p>\n<p>O ministro da Sa\u00fade, Ricardo Barros, contou que o minist\u00e9rio ainda vai eleger um Dia D de vacina\u00e7\u00e3o nas escolas durante a campanha. A data ainda vai ser definida com o Conselho Nacional de Secretarias Municipais de Sa\u00fade (Conasems). \u201cIsso ser\u00e1 um grande avan\u00e7o para o nosso compromisso de ampliar a cobertura vacinal, quando pretendemos atualizar o maior n\u00famero de cadernetas poss\u00edvel\u201d, disse Barros.<\/p>\n<p>Para o ministro, \u00e9 preciso esclarecer as fam\u00edlias de que a vacina\u00e7\u00e3o \u00e9 a melhor maneira de prevenir doen\u00e7as. \u201cExistem movimentos contra a vacina\u00e7\u00e3o, mas ela \u00e9 o melhor tipo de preven\u00e7\u00e3o. Continuamos com a vacina\u00e7\u00e3o permanente, todo dia \u00e9 dia de vacina, e fazemos as campanhas para alertar a popula\u00e7\u00e3o\u201d, disse.<\/p>\n<p>Segundo ele, a vacina\u00e7\u00e3o \u00e9 um direito individual da crian\u00e7a e ser\u00e1 ofertada pelo Estado, mas se a fam\u00edlia n\u00e3o desejar que seu filho seja vacinado, deve se manifestar por escrito. \u201cPor isso \u00e9 importante a parceria com a escola. Na unidade de sa\u00fade, a fam\u00edlia leva ou n\u00e3o a crian\u00e7a, e na escola, a vacina vai at\u00e9 a crian\u00e7a e a cobertura vai ser muito mais ampla\u201d, explicou.<\/p>\n<p><strong>Mudan\u00e7as<\/strong><\/p>\n<p>Em 2017, o Minist\u00e9rio da Sa\u00fade fez altera\u00e7\u00f5es no esquema vacinal e, por isso, orienta os pais a irem aos postos de sa\u00fade para checar a caderneta de vacina\u00e7\u00e3o. Houve altera\u00e7\u00e3o nas vacinas meningoc\u00f3cica C, pneumoc\u00f3cica 10 valente, Papiloma V\u00edrus Humano (HPV), febre amarela e dTpa.<\/p>\n<p>No caso da meningoc\u00f3cica C para crian\u00e7as, o refor\u00e7o, que era administrado aos 12 meses agora pode ser feito at\u00e9 os 4 anos. As primeiras duas doses continuam sendo realizadas aos 3 e 5 meses. Para os adolescentes, agora \u00e9 oferecido um refor\u00e7o que pode ser administrado de 12 a 13 anos de idade.<\/p>\n<p>A pneumoc\u00f3cica 10 valente para crian\u00e7as sofreu redu\u00e7\u00e3o de tr\u00eas doses e passou a ser administrada em duas (2 e 4 meses), com um refor\u00e7o preferencialmente aos 12 meses, mas que pode ser recebido at\u00e9 os 4 anos.<\/p>\n<p>A febre amarela tamb\u00e9m mudou de duas para apenas uma dose para todas as faixas et\u00e1rias.<\/p>\n<p>J\u00e1 a vacina\u00e7\u00e3o contra o HPV, para crian\u00e7as e adolescentes, passou de tr\u00eas para duas doses, com intervalo de seis meses entre elas, para meninas saud\u00e1veis de 9 a 14 anos. O minist\u00e9rio ressalta que a prote\u00e7\u00e3o s\u00f3 acontece com o esquema completo ap\u00f3s duas doses. Houve ainda a inclus\u00e3o de meninos de 11 a 14 anos no calend\u00e1rio de vacina\u00e7\u00e3o contra o HPV.<\/p>\n<p>Para as adolescentes gestantes tamb\u00e9m est\u00e1 dispon\u00edvel uma dose da vacina dTpa, a partir da vig\u00e9sima semana de gesta\u00e7\u00e3o.<\/p>\n<p>As informa\u00e7\u00f5es sobre a Campanha Nacional de Multivacina\u00e7\u00e3o 2017 est\u00e3o dispon\u00edveis na p\u00e1gina do Minist\u00e9rio da Sa\u00fade.<\/p>\n<p><em><strong>Cariri em Destaque<\/strong><\/em><\/p>\n<p>Com EBC<\/p>\n","protected":false},"excerpt":{"rendered":"<p>No pr\u00f3ximo s\u00e1bado (16) ser\u00e1 realizado o Dia D da Campanha Nacional de Multivacina\u00e7\u00e3o, quando postos de sa\u00fade estar\u00e3o abertos em todo o pa\u00eds. Segundo o Minist\u00e9rio da Sa\u00fade, cerca de 47 milh\u00f5es de crian\u00e7as e adolescentes menores de 15 anos est\u00e3o convocados para comparecer aos postos e atualizar a caderneta de vacina\u00e7\u00e3o. Com o slogan \u201cTodo mundo unido fica mais protegido\u201d, a campanha come\u00e7ou no dia 11 de setembro e segue at\u00e9 o dia 22 de setembro em cerca de 36 mil postos fixos de vacina\u00e7\u00e3o. Ao todo, 350 mil profissionais participam da a\u00e7\u00e3o. De acordo com o minist\u00e9rio, de janeiro a agosto deste ano, foram enviadas a todas as unidades da Federa\u00e7\u00e3o 143,9 milh\u00f5es de doses de vacinas de rotina. Para a campanha, foram enviadas 14,8 milh\u00f5es de doses extras. A meta \u00e9 resgatar todas as crian\u00e7as e adolescentes n\u00e3o vacinados e, com isso, iniciar ou completar os esquemas de imuniza\u00e7\u00e3o. Segundo o minist\u00e9rio, 53% n\u00e3o est\u00e3o com a vacina\u00e7\u00e3o em dia. Menor cobertura Em 2016, o Brasil registrou a menor cobertura vacinal dos \u00faltimos 10 anos, segundo a coordenadora-geral do Programa Nacional de Imuniza\u00e7\u00f5es, Carla Domingues. \u201cN\u00e3o podemos dizer que temos uma tend\u00eancia, mas \u00e9 preocupante e por isso queremos reverter essa situa\u00e7\u00e3o. O objetivo da campanha \u00e9 resgatar os n\u00e3o vacinados para que esse dado de 2016 n\u00e3o se repita em 2017\u201d, disse. Ela explica que a Regi\u00e3o Norte \u00e9 a que tem menor cobertura por causa do dif\u00edcil acesso, mas que, em termos locais, h\u00e1 munic\u00edpios em todas regi\u00f5es com baixa cobertura. Segundo o Minist\u00e9rio da Sa\u00fade, por exemplo, 760 mil crian\u00e7as n\u00e3o receberam a vacina BCG, que protege contra formas graves de tuberculose. \u201cA BCG tem cobertura vacinal de 98%, apenas 2% n\u00e3o foram vacinadas. Quando se fala de cobertura \u00e9 bom, mas mesmo esses 2% \u00e9 um volume importante de crian\u00e7as\u201d, explicou Carla. O Minist\u00e9rio alerta que muitas doen\u00e7as que foram erradicadas no Brasil ou mesmo controladas ainda n\u00e3o est\u00e3o eliminadas e podem representar risco para n\u00e3o vacinados. \u201cA popula\u00e7\u00e3o come\u00e7a a achar que a vacina \u00e9 desnecess\u00e1ria e n\u00e3o \u00e9 verdade. Estamos vendo o surto de sarampo nos pa\u00edses desenvolvidos, por exemplo, e se n\u00e3o mantivermos elevada a cobertura vacinal, voltaremos a ter essas doen\u00e7as circulando no mundo\u201d, disse Carla, explicando que o fluxo de turismo e com\u00e9rcio no mundo globalizado facilita a circula\u00e7\u00e3o de doen\u00e7as entre os pa\u00edses. Segundo o Minist\u00e9rio da Sa\u00fade, em 2017, foram registradas mortes por sarampo em pa\u00edses como Alemanha, Portugal, It\u00e1lia, Fran\u00e7a, Bulg\u00e1ria e Rom\u00eania. Na Venezuela tamb\u00e9m houve casos de sarampo e mortes por difteria. Dia D na escola O ministro da Sa\u00fade, Ricardo Barros, contou que o minist\u00e9rio ainda vai eleger um Dia D de vacina\u00e7\u00e3o nas escolas durante a campanha. A data ainda vai ser definida com o Conselho Nacional de Secretarias Municipais de Sa\u00fade (Conasems). \u201cIsso ser\u00e1 um grande avan\u00e7o para o nosso compromisso de ampliar a cobertura vacinal, quando pretendemos atualizar o maior n\u00famero de cadernetas poss\u00edvel\u201d, disse Barros. Para o ministro, \u00e9 preciso esclarecer as fam\u00edlias de que a vacina\u00e7\u00e3o \u00e9 a melhor maneira de prevenir doen\u00e7as. \u201cExistem movimentos contra a vacina\u00e7\u00e3o, mas ela \u00e9 o melhor tipo de preven\u00e7\u00e3o. Continuamos com a vacina\u00e7\u00e3o permanente, todo dia \u00e9 dia de vacina, e fazemos as campanhas para alertar a popula\u00e7\u00e3o\u201d, disse. Segundo ele, a vacina\u00e7\u00e3o \u00e9 um direito individual da crian\u00e7a e ser\u00e1 ofertada pelo Estado, mas se a fam\u00edlia n\u00e3o desejar que seu filho seja vacinado, deve se manifestar por escrito. \u201cPor isso \u00e9 importante a parceria com a escola. Na unidade de sa\u00fade, a fam\u00edlia leva ou n\u00e3o a crian\u00e7a, e na escola, a vacina vai at\u00e9 a crian\u00e7a e a cobertura vai ser muito mais ampla\u201d, explicou. Mudan\u00e7as Em 2017, o Minist\u00e9rio da Sa\u00fade fez altera\u00e7\u00f5es no esquema vacinal e, por isso, orienta os pais a irem aos postos de sa\u00fade para checar a caderneta de vacina\u00e7\u00e3o. Houve altera\u00e7\u00e3o nas vacinas meningoc\u00f3cica C, pneumoc\u00f3cica 10 valente, Papiloma V\u00edrus Humano (HPV), febre amarela e dTpa. No caso da meningoc\u00f3cica C para crian\u00e7as, o refor\u00e7o, que era administrado aos 12 meses agora pode ser feito at\u00e9 os 4 anos. As primeiras duas doses continuam sendo realizadas aos 3 e 5 meses. Para os adolescentes, agora \u00e9 oferecido um refor\u00e7o que pode ser administrado de 12 a 13 anos de idade. A pneumoc\u00f3cica 10 valente para crian\u00e7as sofreu redu\u00e7\u00e3o de tr\u00eas doses e passou a ser administrada em duas (2 e 4 meses), com um refor\u00e7o preferencialmente aos 12 meses, mas que pode ser recebido at\u00e9 os 4 anos. A febre amarela tamb\u00e9m mudou de duas para apenas uma dose para todas as faixas et\u00e1rias. J\u00e1 a vacina\u00e7\u00e3o contra o HPV, para crian\u00e7as e adolescentes, passou de tr\u00eas para duas doses, com intervalo de seis meses entre elas, para meninas saud\u00e1veis de 9 a 14 anos. O minist\u00e9rio ressalta que a prote\u00e7\u00e3o s\u00f3 acontece com o esquema completo ap\u00f3s duas doses. Houve ainda a inclus\u00e3o de meninos de 11 a 14 anos no calend\u00e1rio de vacina\u00e7\u00e3o contra o HPV. Para as adolescentes gestantes tamb\u00e9m est\u00e1 dispon\u00edvel uma dose da vacina dTpa, a partir da vig\u00e9sima semana de gesta\u00e7\u00e3o. As informa\u00e7\u00f5es sobre a Campanha Nacional de Multivacina\u00e7\u00e3o 2017 est\u00e3o dispon\u00edveis na p\u00e1gina do Minist\u00e9rio da Sa\u00fade. Cariri em Destaque Com EBC<\/p>\n","protected":false},"author":2,"featured_media":4302,"comment_status":"closed","ping_status":"open","sticky":false,"template":"","format":"standard","meta":{"_eb_attr":"","_jetpack_memberships_contains_paid_content":false,"footnotes":""},"categories":[8],"tags":[],"class_list":["post-4301","post","type-post","status-publish","format-standard","has-post-thumbnail","hentry","category-saude"],"yoast_head":"<!-- This site is optimized with the Yoast SEO plugin v26.5 - https:\/\/yoast.com\/wordpress\/plugins\/seo\/ -->\n<title>S\u00e1bado \u00e9 o Dia D da campanha de multivacina\u00e7\u00e3o de crian\u00e7as e adolescentes - Not&iacute;cias em Destaque<\/title>\n<meta name=\"robots\" content=\"index, follow, max-snippet:-1, max-image-preview:large, max-video-preview:-1\" \/>\n<link rel=\"canonical\" href=\"https:\/\/noticiasemdestaque.com\/cd\/?p=4301\" \/>\n<meta property=\"og:locale\" content=\"pt_BR\" \/>\n<meta property=\"og:type\" content=\"article\" \/>\n<meta property=\"og:title\" content=\"S\u00e1bado \u00e9 o Dia D da campanha de multivacina\u00e7\u00e3o de crian\u00e7as e adolescentes - Not&iacute;cias em Destaque\" \/>\n<meta property=\"og:description\" content=\"No pr\u00f3ximo s\u00e1bado (16) ser\u00e1 realizado o Dia D da Campanha Nacional de Multivacina\u00e7\u00e3o, quando postos de sa\u00fade estar\u00e3o abertos em todo o pa\u00eds. Segundo o Minist\u00e9rio da Sa\u00fade, cerca de 47 milh\u00f5es de crian\u00e7as e adolescentes menores de 15 anos est\u00e3o convocados para comparecer aos postos e atualizar a caderneta de vacina\u00e7\u00e3o. Com o slogan \u201cTodo mundo unido fica mais protegido\u201d, a campanha come\u00e7ou no dia 11 de setembro e segue at\u00e9 o dia 22 de setembro em cerca de 36 mil postos fixos de vacina\u00e7\u00e3o. Ao todo, 350 mil profissionais participam da a\u00e7\u00e3o. De acordo com o minist\u00e9rio, de janeiro a agosto deste ano, foram enviadas a todas as unidades da Federa\u00e7\u00e3o 143,9 milh\u00f5es de doses de vacinas de rotina. Para a campanha, foram enviadas 14,8 milh\u00f5es de doses extras. A meta \u00e9 resgatar todas as crian\u00e7as e adolescentes n\u00e3o vacinados e, com isso, iniciar ou completar os esquemas de imuniza\u00e7\u00e3o. Segundo o minist\u00e9rio, 53% n\u00e3o est\u00e3o com a vacina\u00e7\u00e3o em dia. Menor cobertura Em 2016, o Brasil registrou a menor cobertura vacinal dos \u00faltimos 10 anos, segundo a coordenadora-geral do Programa Nacional de Imuniza\u00e7\u00f5es, Carla Domingues. \u201cN\u00e3o podemos dizer que temos uma tend\u00eancia, mas \u00e9 preocupante e por isso queremos reverter essa situa\u00e7\u00e3o. O objetivo da campanha \u00e9 resgatar os n\u00e3o vacinados para que esse dado de 2016 n\u00e3o se repita em 2017\u201d, disse. Ela explica que a Regi\u00e3o Norte \u00e9 a que tem menor cobertura por causa do dif\u00edcil acesso, mas que, em termos locais, h\u00e1 munic\u00edpios em todas regi\u00f5es com baixa cobertura. Segundo o Minist\u00e9rio da Sa\u00fade, por exemplo, 760 mil crian\u00e7as n\u00e3o receberam a vacina BCG, que protege contra formas graves de tuberculose. \u201cA BCG tem cobertura vacinal de 98%, apenas 2% n\u00e3o foram vacinadas. Quando se fala de cobertura \u00e9 bom, mas mesmo esses 2% \u00e9 um volume importante de crian\u00e7as\u201d, explicou Carla. O Minist\u00e9rio alerta que muitas doen\u00e7as que foram erradicadas no Brasil ou mesmo controladas ainda n\u00e3o est\u00e3o eliminadas e podem representar risco para n\u00e3o vacinados. \u201cA popula\u00e7\u00e3o come\u00e7a a achar que a vacina \u00e9 desnecess\u00e1ria e n\u00e3o \u00e9 verdade. Estamos vendo o surto de sarampo nos pa\u00edses desenvolvidos, por exemplo, e se n\u00e3o mantivermos elevada a cobertura vacinal, voltaremos a ter essas doen\u00e7as circulando no mundo\u201d, disse Carla, explicando que o fluxo de turismo e com\u00e9rcio no mundo globalizado facilita a circula\u00e7\u00e3o de doen\u00e7as entre os pa\u00edses. Segundo o Minist\u00e9rio da Sa\u00fade, em 2017, foram registradas mortes por sarampo em pa\u00edses como Alemanha, Portugal, It\u00e1lia, Fran\u00e7a, Bulg\u00e1ria e Rom\u00eania. Na Venezuela tamb\u00e9m houve casos de sarampo e mortes por difteria. Dia D na escola O ministro da Sa\u00fade, Ricardo Barros, contou que o minist\u00e9rio ainda vai eleger um Dia D de vacina\u00e7\u00e3o nas escolas durante a campanha. A data ainda vai ser definida com o Conselho Nacional de Secretarias Municipais de Sa\u00fade (Conasems). \u201cIsso ser\u00e1 um grande avan\u00e7o para o nosso compromisso de ampliar a cobertura vacinal, quando pretendemos atualizar o maior n\u00famero de cadernetas poss\u00edvel\u201d, disse Barros. Para o ministro, \u00e9 preciso esclarecer as fam\u00edlias de que a vacina\u00e7\u00e3o \u00e9 a melhor maneira de prevenir doen\u00e7as. \u201cExistem movimentos contra a vacina\u00e7\u00e3o, mas ela \u00e9 o melhor tipo de preven\u00e7\u00e3o. Continuamos com a vacina\u00e7\u00e3o permanente, todo dia \u00e9 dia de vacina, e fazemos as campanhas para alertar a popula\u00e7\u00e3o\u201d, disse. Segundo ele, a vacina\u00e7\u00e3o \u00e9 um direito individual da crian\u00e7a e ser\u00e1 ofertada pelo Estado, mas se a fam\u00edlia n\u00e3o desejar que seu filho seja vacinado, deve se manifestar por escrito. \u201cPor isso \u00e9 importante a parceria com a escola. Na unidade de sa\u00fade, a fam\u00edlia leva ou n\u00e3o a crian\u00e7a, e na escola, a vacina vai at\u00e9 a crian\u00e7a e a cobertura vai ser muito mais ampla\u201d, explicou. Mudan\u00e7as Em 2017, o Minist\u00e9rio da Sa\u00fade fez altera\u00e7\u00f5es no esquema vacinal e, por isso, orienta os pais a irem aos postos de sa\u00fade para checar a caderneta de vacina\u00e7\u00e3o. Houve altera\u00e7\u00e3o nas vacinas meningoc\u00f3cica C, pneumoc\u00f3cica 10 valente, Papiloma V\u00edrus Humano (HPV), febre amarela e dTpa. No caso da meningoc\u00f3cica C para crian\u00e7as, o refor\u00e7o, que era administrado aos 12 meses agora pode ser feito at\u00e9 os 4 anos. As primeiras duas doses continuam sendo realizadas aos 3 e 5 meses. Para os adolescentes, agora \u00e9 oferecido um refor\u00e7o que pode ser administrado de 12 a 13 anos de idade. A pneumoc\u00f3cica 10 valente para crian\u00e7as sofreu redu\u00e7\u00e3o de tr\u00eas doses e passou a ser administrada em duas (2 e 4 meses), com um refor\u00e7o preferencialmente aos 12 meses, mas que pode ser recebido at\u00e9 os 4 anos. A febre amarela tamb\u00e9m mudou de duas para apenas uma dose para todas as faixas et\u00e1rias. J\u00e1 a vacina\u00e7\u00e3o contra o HPV, para crian\u00e7as e adolescentes, passou de tr\u00eas para duas doses, com intervalo de seis meses entre elas, para meninas saud\u00e1veis de 9 a 14 anos. O minist\u00e9rio ressalta que a prote\u00e7\u00e3o s\u00f3 acontece com o esquema completo ap\u00f3s duas doses. Houve ainda a inclus\u00e3o de meninos de 11 a 14 anos no calend\u00e1rio de vacina\u00e7\u00e3o contra o HPV. Para as adolescentes gestantes tamb\u00e9m est\u00e1 dispon\u00edvel uma dose da vacina dTpa, a partir da vig\u00e9sima semana de gesta\u00e7\u00e3o. As informa\u00e7\u00f5es sobre a Campanha Nacional de Multivacina\u00e7\u00e3o 2017 est\u00e3o dispon\u00edveis na p\u00e1gina do Minist\u00e9rio da Sa\u00fade. Cariri em Destaque Com EBC\" \/>\n<meta property=\"og:url\" content=\"https:\/\/noticiasemdestaque.com\/cd\/?p=4301\" \/>\n<meta property=\"og:site_name\" content=\"Not&iacute;cias em Destaque\" \/>\n<meta property=\"article:published_time\" content=\"2017-09-13T18:38:21+00:00\" \/>\n<meta property=\"og:image\" content=\"https:\/\/noticiasemdestaque.com\/cd\/wp-content\/uploads\/2017\/09\/1076427-df_edita82t4984.jpg\" \/>\n\t<meta property=\"og:image:width\" content=\"580\" \/>\n\t<meta property=\"og:image:height\" content=\"388\" \/>\n\t<meta property=\"og:image:type\" content=\"image\/jpeg\" \/>\n<meta name=\"author\" content=\"Not\u00edcias em Destaque\" \/>\n<meta name=\"twitter:card\" content=\"summary_large_image\" \/>\n<meta name=\"twitter:label1\" content=\"Escrito por\" \/>\n\t<meta name=\"twitter:data1\" content=\"Not\u00edcias em Destaque\" \/>\n\t<meta name=\"twitter:label2\" content=\"Est. tempo de leitura\" \/>\n\t<meta name=\"twitter:data2\" content=\"5 minutos\" \/>\n<script type=\"application\/ld+json\" class=\"yoast-schema-graph\">{\"@context\":\"https:\/\/schema.org\",\"@graph\":[{\"@type\":\"Article\",\"@id\":\"https:\/\/noticiasemdestaque.com\/cd\/?p=4301#article\",\"isPartOf\":{\"@id\":\"https:\/\/noticiasemdestaque.com\/cd\/?p=4301\"},\"author\":{\"name\":\"Not\u00edcias em Destaque\",\"@id\":\"https:\/\/noticiasemdestaque.com\/cd\/#\/schema\/person\/21320b03a7e8bb90128938dafc9b908a\"},\"headline\":\"S\u00e1bado \u00e9 o Dia D da campanha de multivacina\u00e7\u00e3o de crian\u00e7as e adolescentes\",\"datePublished\":\"2017-09-13T18:38:21+00:00\",\"mainEntityOfPage\":{\"@id\":\"https:\/\/noticiasemdestaque.com\/cd\/?p=4301\"},\"wordCount\":973,\"publisher\":{\"@id\":\"https:\/\/noticiasemdestaque.com\/cd\/#organization\"},\"image\":{\"@id\":\"https:\/\/noticiasemdestaque.com\/cd\/?p=4301#primaryimage\"},\"thumbnailUrl\":\"https:\/\/noticiasemdestaque.com\/cd\/wp-content\/uploads\/2017\/09\/1076427-df_edita82t4984.jpg\",\"articleSection\":[\"Sa\u00fade\"],\"inLanguage\":\"pt-BR\"},{\"@type\":\"WebPage\",\"@id\":\"https:\/\/noticiasemdestaque.com\/cd\/?p=4301\",\"url\":\"https:\/\/noticiasemdestaque.com\/cd\/?p=4301\",\"name\":\"S\u00e1bado \u00e9 o Dia D da campanha de multivacina\u00e7\u00e3o de crian\u00e7as e adolescentes - Not&iacute;cias em Destaque\",\"isPartOf\":{\"@id\":\"https:\/\/noticiasemdestaque.com\/cd\/#website\"},\"primaryImageOfPage\":{\"@id\":\"https:\/\/noticiasemdestaque.com\/cd\/?p=4301#primaryimage\"},\"image\":{\"@id\":\"https:\/\/noticiasemdestaque.com\/cd\/?p=4301#primaryimage\"},\"thumbnailUrl\":\"https:\/\/noticiasemdestaque.com\/cd\/wp-content\/uploads\/2017\/09\/1076427-df_edita82t4984.jpg\",\"datePublished\":\"2017-09-13T18:38:21+00:00\",\"breadcrumb\":{\"@id\":\"https:\/\/noticiasemdestaque.com\/cd\/?p=4301#breadcrumb\"},\"inLanguage\":\"pt-BR\",\"potentialAction\":[{\"@type\":\"ReadAction\",\"target\":[\"https:\/\/noticiasemdestaque.com\/cd\/?p=4301\"]}]},{\"@type\":\"ImageObject\",\"inLanguage\":\"pt-BR\",\"@id\":\"https:\/\/noticiasemdestaque.com\/cd\/?p=4301#primaryimage\",\"url\":\"https:\/\/noticiasemdestaque.com\/cd\/wp-content\/uploads\/2017\/09\/1076427-df_edita82t4984.jpg\",\"contentUrl\":\"https:\/\/noticiasemdestaque.com\/cd\/wp-content\/uploads\/2017\/09\/1076427-df_edita82t4984.jpg\",\"width\":580,\"height\":388},{\"@type\":\"BreadcrumbList\",\"@id\":\"https:\/\/noticiasemdestaque.com\/cd\/?p=4301#breadcrumb\",\"itemListElement\":[{\"@type\":\"ListItem\",\"position\":1,\"name\":\"In\u00edcio\",\"item\":\"https:\/\/noticiasemdestaque.com\/cd\/\"},{\"@type\":\"ListItem\",\"position\":2,\"name\":\"S\u00e1bado \u00e9 o Dia D da campanha de multivacina\u00e7\u00e3o de crian\u00e7as e adolescentes\"}]},{\"@type\":\"WebSite\",\"@id\":\"https:\/\/noticiasemdestaque.com\/cd\/#website\",\"url\":\"https:\/\/noticiasemdestaque.com\/cd\/\",\"name\":\"Not&iacute;cias em Destaque\",\"description\":\"\",\"publisher\":{\"@id\":\"https:\/\/noticiasemdestaque.com\/cd\/#organization\"},\"potentialAction\":[{\"@type\":\"SearchAction\",\"target\":{\"@type\":\"EntryPoint\",\"urlTemplate\":\"https:\/\/noticiasemdestaque.com\/cd\/?s={search_term_string}\"},\"query-input\":{\"@type\":\"PropertyValueSpecification\",\"valueRequired\":true,\"valueName\":\"search_term_string\"}}],\"inLanguage\":\"pt-BR\"},{\"@type\":\"Organization\",\"@id\":\"https:\/\/noticiasemdestaque.com\/cd\/#organization\",\"name\":\"Not\u00edcias em Destaque\",\"url\":\"https:\/\/noticiasemdestaque.com\/cd\/\",\"logo\":{\"@type\":\"ImageObject\",\"inLanguage\":\"pt-BR\",\"@id\":\"https:\/\/noticiasemdestaque.com\/cd\/#\/schema\/logo\/image\/\",\"url\":\"https:\/\/noticiasemdestaque.com\/cd\/wp-content\/uploads\/2022\/05\/imagem-base-noticiasemdestaque.png\",\"contentUrl\":\"https:\/\/noticiasemdestaque.com\/cd\/wp-content\/uploads\/2022\/05\/imagem-base-noticiasemdestaque.png\",\"width\":1200,\"height\":630,\"caption\":\"Not\u00edcias em Destaque\"},\"image\":{\"@id\":\"https:\/\/noticiasemdestaque.com\/cd\/#\/schema\/logo\/image\/\"}},{\"@type\":\"Person\",\"@id\":\"https:\/\/noticiasemdestaque.com\/cd\/#\/schema\/person\/21320b03a7e8bb90128938dafc9b908a\",\"name\":\"Not\u00edcias em Destaque\",\"url\":\"https:\/\/noticiasemdestaque.com\/cd\/?author=2\"}]}<\/script>\n<!-- \/ Yoast SEO plugin. -->","yoast_head_json":{"title":"S\u00e1bado \u00e9 o Dia D da campanha de multivacina\u00e7\u00e3o de crian\u00e7as e adolescentes - Not&iacute;cias em Destaque","robots":{"index":"index","follow":"follow","max-snippet":"max-snippet:-1","max-image-preview":"max-image-preview:large","max-video-preview":"max-video-preview:-1"},"canonical":"https:\/\/noticiasemdestaque.com\/cd\/?p=4301","og_locale":"pt_BR","og_type":"article","og_title":"S\u00e1bado \u00e9 o Dia D da campanha de multivacina\u00e7\u00e3o de crian\u00e7as e adolescentes - Not&iacute;cias em Destaque","og_description":"No pr\u00f3ximo s\u00e1bado (16) ser\u00e1 realizado o Dia D da Campanha Nacional de Multivacina\u00e7\u00e3o, quando postos de sa\u00fade estar\u00e3o abertos em todo o pa\u00eds. Segundo o Minist\u00e9rio da Sa\u00fade, cerca de 47 milh\u00f5es de crian\u00e7as e adolescentes menores de 15 anos est\u00e3o convocados para comparecer aos postos e atualizar a caderneta de vacina\u00e7\u00e3o. Com o slogan \u201cTodo mundo unido fica mais protegido\u201d, a campanha come\u00e7ou no dia 11 de setembro e segue at\u00e9 o dia 22 de setembro em cerca de 36 mil postos fixos de vacina\u00e7\u00e3o. Ao todo, 350 mil profissionais participam da a\u00e7\u00e3o. De acordo com o minist\u00e9rio, de janeiro a agosto deste ano, foram enviadas a todas as unidades da Federa\u00e7\u00e3o 143,9 milh\u00f5es de doses de vacinas de rotina. Para a campanha, foram enviadas 14,8 milh\u00f5es de doses extras. A meta \u00e9 resgatar todas as crian\u00e7as e adolescentes n\u00e3o vacinados e, com isso, iniciar ou completar os esquemas de imuniza\u00e7\u00e3o. Segundo o minist\u00e9rio, 53% n\u00e3o est\u00e3o com a vacina\u00e7\u00e3o em dia. Menor cobertura Em 2016, o Brasil registrou a menor cobertura vacinal dos \u00faltimos 10 anos, segundo a coordenadora-geral do Programa Nacional de Imuniza\u00e7\u00f5es, Carla Domingues. \u201cN\u00e3o podemos dizer que temos uma tend\u00eancia, mas \u00e9 preocupante e por isso queremos reverter essa situa\u00e7\u00e3o. O objetivo da campanha \u00e9 resgatar os n\u00e3o vacinados para que esse dado de 2016 n\u00e3o se repita em 2017\u201d, disse. Ela explica que a Regi\u00e3o Norte \u00e9 a que tem menor cobertura por causa do dif\u00edcil acesso, mas que, em termos locais, h\u00e1 munic\u00edpios em todas regi\u00f5es com baixa cobertura. Segundo o Minist\u00e9rio da Sa\u00fade, por exemplo, 760 mil crian\u00e7as n\u00e3o receberam a vacina BCG, que protege contra formas graves de tuberculose. \u201cA BCG tem cobertura vacinal de 98%, apenas 2% n\u00e3o foram vacinadas. Quando se fala de cobertura \u00e9 bom, mas mesmo esses 2% \u00e9 um volume importante de crian\u00e7as\u201d, explicou Carla. O Minist\u00e9rio alerta que muitas doen\u00e7as que foram erradicadas no Brasil ou mesmo controladas ainda n\u00e3o est\u00e3o eliminadas e podem representar risco para n\u00e3o vacinados. \u201cA popula\u00e7\u00e3o come\u00e7a a achar que a vacina \u00e9 desnecess\u00e1ria e n\u00e3o \u00e9 verdade. Estamos vendo o surto de sarampo nos pa\u00edses desenvolvidos, por exemplo, e se n\u00e3o mantivermos elevada a cobertura vacinal, voltaremos a ter essas doen\u00e7as circulando no mundo\u201d, disse Carla, explicando que o fluxo de turismo e com\u00e9rcio no mundo globalizado facilita a circula\u00e7\u00e3o de doen\u00e7as entre os pa\u00edses. Segundo o Minist\u00e9rio da Sa\u00fade, em 2017, foram registradas mortes por sarampo em pa\u00edses como Alemanha, Portugal, It\u00e1lia, Fran\u00e7a, Bulg\u00e1ria e Rom\u00eania. Na Venezuela tamb\u00e9m houve casos de sarampo e mortes por difteria. Dia D na escola O ministro da Sa\u00fade, Ricardo Barros, contou que o minist\u00e9rio ainda vai eleger um Dia D de vacina\u00e7\u00e3o nas escolas durante a campanha. A data ainda vai ser definida com o Conselho Nacional de Secretarias Municipais de Sa\u00fade (Conasems). \u201cIsso ser\u00e1 um grande avan\u00e7o para o nosso compromisso de ampliar a cobertura vacinal, quando pretendemos atualizar o maior n\u00famero de cadernetas poss\u00edvel\u201d, disse Barros. Para o ministro, \u00e9 preciso esclarecer as fam\u00edlias de que a vacina\u00e7\u00e3o \u00e9 a melhor maneira de prevenir doen\u00e7as. \u201cExistem movimentos contra a vacina\u00e7\u00e3o, mas ela \u00e9 o melhor tipo de preven\u00e7\u00e3o. Continuamos com a vacina\u00e7\u00e3o permanente, todo dia \u00e9 dia de vacina, e fazemos as campanhas para alertar a popula\u00e7\u00e3o\u201d, disse. Segundo ele, a vacina\u00e7\u00e3o \u00e9 um direito individual da crian\u00e7a e ser\u00e1 ofertada pelo Estado, mas se a fam\u00edlia n\u00e3o desejar que seu filho seja vacinado, deve se manifestar por escrito. \u201cPor isso \u00e9 importante a parceria com a escola. Na unidade de sa\u00fade, a fam\u00edlia leva ou n\u00e3o a crian\u00e7a, e na escola, a vacina vai at\u00e9 a crian\u00e7a e a cobertura vai ser muito mais ampla\u201d, explicou. Mudan\u00e7as Em 2017, o Minist\u00e9rio da Sa\u00fade fez altera\u00e7\u00f5es no esquema vacinal e, por isso, orienta os pais a irem aos postos de sa\u00fade para checar a caderneta de vacina\u00e7\u00e3o. Houve altera\u00e7\u00e3o nas vacinas meningoc\u00f3cica C, pneumoc\u00f3cica 10 valente, Papiloma V\u00edrus Humano (HPV), febre amarela e dTpa. No caso da meningoc\u00f3cica C para crian\u00e7as, o refor\u00e7o, que era administrado aos 12 meses agora pode ser feito at\u00e9 os 4 anos. As primeiras duas doses continuam sendo realizadas aos 3 e 5 meses. Para os adolescentes, agora \u00e9 oferecido um refor\u00e7o que pode ser administrado de 12 a 13 anos de idade. A pneumoc\u00f3cica 10 valente para crian\u00e7as sofreu redu\u00e7\u00e3o de tr\u00eas doses e passou a ser administrada em duas (2 e 4 meses), com um refor\u00e7o preferencialmente aos 12 meses, mas que pode ser recebido at\u00e9 os 4 anos. A febre amarela tamb\u00e9m mudou de duas para apenas uma dose para todas as faixas et\u00e1rias. J\u00e1 a vacina\u00e7\u00e3o contra o HPV, para crian\u00e7as e adolescentes, passou de tr\u00eas para duas doses, com intervalo de seis meses entre elas, para meninas saud\u00e1veis de 9 a 14 anos. O minist\u00e9rio ressalta que a prote\u00e7\u00e3o s\u00f3 acontece com o esquema completo ap\u00f3s duas doses. Houve ainda a inclus\u00e3o de meninos de 11 a 14 anos no calend\u00e1rio de vacina\u00e7\u00e3o contra o HPV. Para as adolescentes gestantes tamb\u00e9m est\u00e1 dispon\u00edvel uma dose da vacina dTpa, a partir da vig\u00e9sima semana de gesta\u00e7\u00e3o. As informa\u00e7\u00f5es sobre a Campanha Nacional de Multivacina\u00e7\u00e3o 2017 est\u00e3o dispon\u00edveis na p\u00e1gina do Minist\u00e9rio da Sa\u00fade. Cariri em Destaque Com EBC","og_url":"https:\/\/noticiasemdestaque.com\/cd\/?p=4301","og_site_name":"Not&iacute;cias em Destaque","article_published_time":"2017-09-13T18:38:21+00:00","og_image":[{"width":580,"height":388,"url":"https:\/\/noticiasemdestaque.com\/cd\/wp-content\/uploads\/2017\/09\/1076427-df_edita82t4984.jpg","type":"image\/jpeg"}],"author":"Not\u00edcias em Destaque","twitter_card":"summary_large_image","twitter_misc":{"Escrito por":"Not\u00edcias em Destaque","Est. tempo de leitura":"5 minutos"},"schema":{"@context":"https:\/\/schema.org","@graph":[{"@type":"Article","@id":"https:\/\/noticiasemdestaque.com\/cd\/?p=4301#article","isPartOf":{"@id":"https:\/\/noticiasemdestaque.com\/cd\/?p=4301"},"author":{"name":"Not\u00edcias em Destaque","@id":"https:\/\/noticiasemdestaque.com\/cd\/#\/schema\/person\/21320b03a7e8bb90128938dafc9b908a"},"headline":"S\u00e1bado \u00e9 o Dia D da campanha de multivacina\u00e7\u00e3o de crian\u00e7as e adolescentes","datePublished":"2017-09-13T18:38:21+00:00","mainEntityOfPage":{"@id":"https:\/\/noticiasemdestaque.com\/cd\/?p=4301"},"wordCount":973,"publisher":{"@id":"https:\/\/noticiasemdestaque.com\/cd\/#organization"},"image":{"@id":"https:\/\/noticiasemdestaque.com\/cd\/?p=4301#primaryimage"},"thumbnailUrl":"https:\/\/noticiasemdestaque.com\/cd\/wp-content\/uploads\/2017\/09\/1076427-df_edita82t4984.jpg","articleSection":["Sa\u00fade"],"inLanguage":"pt-BR"},{"@type":"WebPage","@id":"https:\/\/noticiasemdestaque.com\/cd\/?p=4301","url":"https:\/\/noticiasemdestaque.com\/cd\/?p=4301","name":"S\u00e1bado \u00e9 o Dia D da campanha de multivacina\u00e7\u00e3o de crian\u00e7as e adolescentes - Not&iacute;cias em Destaque","isPartOf":{"@id":"https:\/\/noticiasemdestaque.com\/cd\/#website"},"primaryImageOfPage":{"@id":"https:\/\/noticiasemdestaque.com\/cd\/?p=4301#primaryimage"},"image":{"@id":"https:\/\/noticiasemdestaque.com\/cd\/?p=4301#primaryimage"},"thumbnailUrl":"https:\/\/noticiasemdestaque.com\/cd\/wp-content\/uploads\/2017\/09\/1076427-df_edita82t4984.jpg","datePublished":"2017-09-13T18:38:21+00:00","breadcrumb":{"@id":"https:\/\/noticiasemdestaque.com\/cd\/?p=4301#breadcrumb"},"inLanguage":"pt-BR","potentialAction":[{"@type":"ReadAction","target":["https:\/\/noticiasemdestaque.com\/cd\/?p=4301"]}]},{"@type":"ImageObject","inLanguage":"pt-BR","@id":"https:\/\/noticiasemdestaque.com\/cd\/?p=4301#primaryimage","url":"https:\/\/noticiasemdestaque.com\/cd\/wp-content\/uploads\/2017\/09\/1076427-df_edita82t4984.jpg","contentUrl":"https:\/\/noticiasemdestaque.com\/cd\/wp-content\/uploads\/2017\/09\/1076427-df_edita82t4984.jpg","width":580,"height":388},{"@type":"BreadcrumbList","@id":"https:\/\/noticiasemdestaque.com\/cd\/?p=4301#breadcrumb","itemListElement":[{"@type":"ListItem","position":1,"name":"In\u00edcio","item":"https:\/\/noticiasemdestaque.com\/cd\/"},{"@type":"ListItem","position":2,"name":"S\u00e1bado \u00e9 o Dia D da campanha de multivacina\u00e7\u00e3o de crian\u00e7as e adolescentes"}]},{"@type":"WebSite","@id":"https:\/\/noticiasemdestaque.com\/cd\/#website","url":"https:\/\/noticiasemdestaque.com\/cd\/","name":"Not&iacute;cias em Destaque","description":"","publisher":{"@id":"https:\/\/noticiasemdestaque.com\/cd\/#organization"},"potentialAction":[{"@type":"SearchAction","target":{"@type":"EntryPoint","urlTemplate":"https:\/\/noticiasemdestaque.com\/cd\/?s={search_term_string}"},"query-input":{"@type":"PropertyValueSpecification","valueRequired":true,"valueName":"search_term_string"}}],"inLanguage":"pt-BR"},{"@type":"Organization","@id":"https:\/\/noticiasemdestaque.com\/cd\/#organization","name":"Not\u00edcias em Destaque","url":"https:\/\/noticiasemdestaque.com\/cd\/","logo":{"@type":"ImageObject","inLanguage":"pt-BR","@id":"https:\/\/noticiasemdestaque.com\/cd\/#\/schema\/logo\/image\/","url":"https:\/\/noticiasemdestaque.com\/cd\/wp-content\/uploads\/2022\/05\/imagem-base-noticiasemdestaque.png","contentUrl":"https:\/\/noticiasemdestaque.com\/cd\/wp-content\/uploads\/2022\/05\/imagem-base-noticiasemdestaque.png","width":1200,"height":630,"caption":"Not\u00edcias em Destaque"},"image":{"@id":"https:\/\/noticiasemdestaque.com\/cd\/#\/schema\/logo\/image\/"}},{"@type":"Person","@id":"https:\/\/noticiasemdestaque.com\/cd\/#\/schema\/person\/21320b03a7e8bb90128938dafc9b908a","name":"Not\u00edcias em Destaque","url":"https:\/\/noticiasemdestaque.com\/cd\/?author=2"}]}},"jetpack_featured_media_url":"https:\/\/noticiasemdestaque.com\/cd\/wp-content\/uploads\/2017\/09\/1076427-df_edita82t4984.jpg","jetpack_sharing_enabled":true,"_links":{"self":[{"href":"https:\/\/noticiasemdestaque.com\/cd\/index.php?rest_route=\/wp\/v2\/posts\/4301","targetHints":{"allow":["GET"]}}],"collection":[{"href":"https:\/\/noticiasemdestaque.com\/cd\/index.php?rest_route=\/wp\/v2\/posts"}],"about":[{"href":"https:\/\/noticiasemdestaque.com\/cd\/index.php?rest_route=\/wp\/v2\/types\/post"}],"author":[{"embeddable":true,"href":"https:\/\/noticiasemdestaque.com\/cd\/index.php?rest_route=\/wp\/v2\/users\/2"}],"replies":[{"embeddable":true,"href":"https:\/\/noticiasemdestaque.com\/cd\/index.php?rest_route=%2Fwp%2Fv2%2Fcomments&post=4301"}],"version-history":[{"count":1,"href":"https:\/\/noticiasemdestaque.com\/cd\/index.php?rest_route=\/wp\/v2\/posts\/4301\/revisions"}],"predecessor-version":[{"id":4303,"href":"https:\/\/noticiasemdestaque.com\/cd\/index.php?rest_route=\/wp\/v2\/posts\/4301\/revisions\/4303"}],"wp:featuredmedia":[{"embeddable":true,"href":"https:\/\/noticiasemdestaque.com\/cd\/index.php?rest_route=\/wp\/v2\/media\/4302"}],"wp:attachment":[{"href":"https:\/\/noticiasemdestaque.com\/cd\/index.php?rest_route=%2Fwp%2Fv2%2Fmedia&parent=4301"}],"wp:term":[{"taxonomy":"category","embeddable":true,"href":"https:\/\/noticiasemdestaque.com\/cd\/index.php?rest_route=%2Fwp%2Fv2%2Fcategories&post=4301"},{"taxonomy":"post_tag","embeddable":true,"href":"https:\/\/noticiasemdestaque.com\/cd\/index.php?rest_route=%2Fwp%2Fv2%2Ftags&post=4301"}],"curies":[{"name":"wp","href":"https:\/\/api.w.org\/{rel}","templated":true}]}}