{"id":4289,"date":"2017-09-13T15:15:48","date_gmt":"2017-09-13T18:15:48","guid":{"rendered":"http:\/\/caririemdestaque.com\/cd\/?p=4289"},"modified":"2017-09-13T15:15:48","modified_gmt":"2017-09-13T18:15:48","slug":"prefeita-de-monteiro-representa-prefeitas-paraibanas-em-encontro-nacional-das-mulheres-municipalistas","status":"publish","type":"post","link":"https:\/\/noticiasemdestaque.com\/cd\/?p=4289","title":{"rendered":"Prefeita de Monteiro representa prefeitas paraibanas em encontro nacional das Mulheres Municipalistas"},"content":{"rendered":"<p><a href=\"http:\/\/caririemdestaque.com\/cd\/wp-content\/uploads\/2017\/09\/lorena_cnm_bsb.jpeg\"><img decoding=\"async\" class=\"size-thumbnail wp-image-4290 alignleft\" src=\"http:\/\/caririemdestaque.com\/cd\/wp-content\/uploads\/2017\/09\/lorena_cnm_bsb-150x150.jpeg\" alt=\"\" width=\"150\" height=\"150\" srcset=\"https:\/\/noticiasemdestaque.com\/cd\/wp-content\/uploads\/2017\/09\/lorena_cnm_bsb-150x150.jpeg 150w, https:\/\/noticiasemdestaque.com\/cd\/wp-content\/uploads\/2017\/09\/lorena_cnm_bsb-266x266.jpeg 266w\" sizes=\"(max-width: 150px) 100vw, 150px\" \/><\/a>Cumprindo agenda na cidade de Bras\u00edlia (DF), a prefeita Anna Lorena participou na tarde desta ter\u00e7a-feira, 12, em Bras\u00edlia, da Primeira Reuni\u00e3o Ampliada do grupo de trabalho, lan\u00e7ado pela Confedera\u00e7\u00e3o Nacional de Munic\u00edpios (CNM), cujo objetivo \u00e9 fortalecer a atua\u00e7\u00e3o feminina na pol\u00edtica brasileira.<\/p>\n<p>O Movimento das Mulheres Municipalistas (MMM) tem como coordenadoras nacionais T\u00e2nia Ziulkoski e Dalva Christofoletti, que apresentaram o MMM e falaram dos principais objetivos da iniciativa para as prefeitas, representantes municipais e mulheres que tem forte atua\u00e7\u00e3o na luta da viol\u00eancia contra mulher.<\/p>\n<p>T\u00e2nia Ziulkoski abriu a apresenta\u00e7\u00e3o destacando n\u00fameros da representa\u00e7\u00e3o das mulheres na pol\u00edtica brasileira \u201choje, n\u00f3s temos 12% de prefeitura municipais geridas por mulheres e no legislativo somos menos de 10%\u201d.<\/p>\n<p>No contexto, Dalva Christofoletti acrescentou que \u201cesse movimento de mulheres \u00e9 um sonho como mulher. H\u00e1 muitos anos atuo na defesa de pol\u00edticas voltadas para as mulheres e hoje vejo a concretiza\u00e7\u00e3o de um sonho\u201d.<\/p>\n<p><strong>Mulheres \u00edcones<\/strong><\/p>\n<p>Representando as prefeitas paraibanas, a prefeita Anna Lorena participou de toda a programa\u00e7\u00e3o e ainda teve a oportunidade de assistir a palestra da secret\u00e1ria de Pol\u00edticas para Mulheres da Presid\u00eancia da Rep\u00fablica (SPM), F\u00e1tima Pelaes, que falou sobre a atua\u00e7\u00e3o do departamento. \u201cNosso trabalho \u00e9 fortalecer as pol\u00edticas para as mulheres, orientando os Munic\u00edpios sobre nossas a\u00e7\u00f5es a as a\u00e7\u00f5es que devem ser desenvolvidas pelo poder municipal\u201d.<\/p>\n<p>Ainda durante o encontro, a coordenadora de campanhas na Organiza\u00e7\u00e3o das Na\u00e7\u00f5es Unidas para Mulheres (ONU Mulheres), Amanda Lemos, falou sobre a atua\u00e7\u00e3o do organismo, em especial no combate \u00e0 viol\u00eancia contra a mulher, e de como essas a\u00e7\u00f5es podem ser replicadas nos Munic\u00edpios cumprindo a Agenda de Desenvolvimento. Ela citou as campanhas que devem ocorrer em novembro para o Dia Internacional de N\u00e3o Viol\u00eancia conta as Mulheres e os 16 Dias de Ativismo.<\/p>\n<p>A coordenadora Nacional da Liga das Mulheres Eleitoras do Brasil (Libra), Marta L\u00edvia Suplicy; e a campe\u00e3 mundial de jiu-jitsu e idealizadora e fundadora do projeto Eu Sei me Defender \u2013 que ensina t\u00e9cnicas de defesa pessoal para mulheres v\u00edtimas de viol\u00eancia -, \u00c9rica Paes tamb\u00e9m marcaram presen\u00e7a no evento. Al\u00e9m disso, t\u00e9cnicas e consultoras da CNM falaram de projetos da entidade que atendem \u00e0 demanda do empoderamento feminino.<\/p>\n<p>Para a prefeita Anna Lorena: \u201cestas palestras e debates apresentadas pelo Movimento das Mulheres Municipalistas \u00e9 muito oportuno para que estejamos sempre presentes nos embates das pol\u00edticas p\u00fablicas e buscando cada vez mais adquirir experi\u00eancias e assim colocarmos em pr\u00e1ticas nas atividades do dia-a-dia\u201d, disse a prefeita de Monteiro.<\/p>\n","protected":false},"excerpt":{"rendered":"<p>Cumprindo agenda na cidade de Bras\u00edlia (DF), a prefeita Anna Lorena participou na tarde desta ter\u00e7a-feira, 12, em Bras\u00edlia, da Primeira Reuni\u00e3o Ampliada do grupo de trabalho, lan\u00e7ado pela Confedera\u00e7\u00e3o Nacional de Munic\u00edpios (CNM), cujo objetivo \u00e9 fortalecer a atua\u00e7\u00e3o feminina na pol\u00edtica brasileira. O Movimento das Mulheres Municipalistas (MMM) tem como coordenadoras nacionais T\u00e2nia Ziulkoski e Dalva Christofoletti, que apresentaram o MMM e falaram dos principais objetivos da iniciativa para as prefeitas, representantes municipais e mulheres que tem forte atua\u00e7\u00e3o na luta da viol\u00eancia contra mulher. T\u00e2nia Ziulkoski abriu a apresenta\u00e7\u00e3o destacando n\u00fameros da representa\u00e7\u00e3o das mulheres na pol\u00edtica brasileira \u201choje, n\u00f3s temos 12% de prefeitura municipais geridas por mulheres e no legislativo somos menos de 10%\u201d. No contexto, Dalva Christofoletti acrescentou que \u201cesse movimento de mulheres \u00e9 um sonho como mulher. H\u00e1 muitos anos atuo na defesa de pol\u00edticas voltadas para as mulheres e hoje vejo a concretiza\u00e7\u00e3o de um sonho\u201d. Mulheres \u00edcones Representando as prefeitas paraibanas, a prefeita Anna Lorena participou de toda a programa\u00e7\u00e3o e ainda teve a oportunidade de assistir a palestra da secret\u00e1ria de Pol\u00edticas para Mulheres da Presid\u00eancia da Rep\u00fablica (SPM), F\u00e1tima Pelaes, que falou sobre a atua\u00e7\u00e3o do departamento. \u201cNosso trabalho \u00e9 fortalecer as pol\u00edticas para as mulheres, orientando os Munic\u00edpios sobre nossas a\u00e7\u00f5es a as a\u00e7\u00f5es que devem ser desenvolvidas pelo poder municipal\u201d. Ainda durante o encontro, a coordenadora de campanhas na Organiza\u00e7\u00e3o das Na\u00e7\u00f5es Unidas para Mulheres (ONU Mulheres), Amanda Lemos, falou sobre a atua\u00e7\u00e3o do organismo, em especial no combate \u00e0 viol\u00eancia contra a mulher, e de como essas a\u00e7\u00f5es podem ser replicadas nos Munic\u00edpios cumprindo a Agenda de Desenvolvimento. Ela citou as campanhas que devem ocorrer em novembro para o Dia Internacional de N\u00e3o Viol\u00eancia conta as Mulheres e os 16 Dias de Ativismo. A coordenadora Nacional da Liga das Mulheres Eleitoras do Brasil (Libra), Marta L\u00edvia Suplicy; e a campe\u00e3 mundial de jiu-jitsu e idealizadora e fundadora do projeto Eu Sei me Defender \u2013 que ensina t\u00e9cnicas de defesa pessoal para mulheres v\u00edtimas de viol\u00eancia -, \u00c9rica Paes tamb\u00e9m marcaram presen\u00e7a no evento. Al\u00e9m disso, t\u00e9cnicas e consultoras da CNM falaram de projetos da entidade que atendem \u00e0 demanda do empoderamento feminino. Para a prefeita Anna Lorena: \u201cestas palestras e debates apresentadas pelo Movimento das Mulheres Municipalistas \u00e9 muito oportuno para que estejamos sempre presentes nos embates das pol\u00edticas p\u00fablicas e buscando cada vez mais adquirir experi\u00eancias e assim colocarmos em pr\u00e1ticas nas atividades do dia-a-dia\u201d, disse a prefeita de Monteiro.<\/p>\n","protected":false},"author":2,"featured_media":4290,"comment_status":"closed","ping_status":"open","sticky":false,"template":"","format":"standard","meta":{"_eb_attr":"","_jetpack_memberships_contains_paid_content":false,"footnotes":""},"categories":[4],"tags":[],"class_list":["post-4289","post","type-post","status-publish","format-standard","has-post-thumbnail","hentry","category-politica"],"yoast_head":"<!-- This site is optimized with the Yoast SEO plugin v26.5 - https:\/\/yoast.com\/wordpress\/plugins\/seo\/ -->\n<title>Prefeita de Monteiro representa prefeitas paraibanas em encontro nacional das Mulheres Municipalistas - Not&iacute;cias em Destaque<\/title>\n<meta name=\"robots\" content=\"index, follow, max-snippet:-1, max-image-preview:large, max-video-preview:-1\" \/>\n<link rel=\"canonical\" href=\"https:\/\/noticiasemdestaque.com\/cd\/?p=4289\" \/>\n<meta property=\"og:locale\" content=\"pt_BR\" \/>\n<meta property=\"og:type\" content=\"article\" \/>\n<meta property=\"og:title\" content=\"Prefeita de Monteiro representa prefeitas paraibanas em encontro nacional das Mulheres Municipalistas - Not&iacute;cias em Destaque\" \/>\n<meta property=\"og:description\" content=\"Cumprindo agenda na cidade de Bras\u00edlia (DF), a prefeita Anna Lorena participou na tarde desta ter\u00e7a-feira, 12, em Bras\u00edlia, da Primeira Reuni\u00e3o Ampliada do grupo de trabalho, lan\u00e7ado pela Confedera\u00e7\u00e3o Nacional de Munic\u00edpios (CNM), cujo objetivo \u00e9 fortalecer a atua\u00e7\u00e3o feminina na pol\u00edtica brasileira. O Movimento das Mulheres Municipalistas (MMM) tem como coordenadoras nacionais T\u00e2nia Ziulkoski e Dalva Christofoletti, que apresentaram o MMM e falaram dos principais objetivos da iniciativa para as prefeitas, representantes municipais e mulheres que tem forte atua\u00e7\u00e3o na luta da viol\u00eancia contra mulher. T\u00e2nia Ziulkoski abriu a apresenta\u00e7\u00e3o destacando n\u00fameros da representa\u00e7\u00e3o das mulheres na pol\u00edtica brasileira \u201choje, n\u00f3s temos 12% de prefeitura municipais geridas por mulheres e no legislativo somos menos de 10%\u201d. No contexto, Dalva Christofoletti acrescentou que \u201cesse movimento de mulheres \u00e9 um sonho como mulher. H\u00e1 muitos anos atuo na defesa de pol\u00edticas voltadas para as mulheres e hoje vejo a concretiza\u00e7\u00e3o de um sonho\u201d. Mulheres \u00edcones Representando as prefeitas paraibanas, a prefeita Anna Lorena participou de toda a programa\u00e7\u00e3o e ainda teve a oportunidade de assistir a palestra da secret\u00e1ria de Pol\u00edticas para Mulheres da Presid\u00eancia da Rep\u00fablica (SPM), F\u00e1tima Pelaes, que falou sobre a atua\u00e7\u00e3o do departamento. \u201cNosso trabalho \u00e9 fortalecer as pol\u00edticas para as mulheres, orientando os Munic\u00edpios sobre nossas a\u00e7\u00f5es a as a\u00e7\u00f5es que devem ser desenvolvidas pelo poder municipal\u201d. Ainda durante o encontro, a coordenadora de campanhas na Organiza\u00e7\u00e3o das Na\u00e7\u00f5es Unidas para Mulheres (ONU Mulheres), Amanda Lemos, falou sobre a atua\u00e7\u00e3o do organismo, em especial no combate \u00e0 viol\u00eancia contra a mulher, e de como essas a\u00e7\u00f5es podem ser replicadas nos Munic\u00edpios cumprindo a Agenda de Desenvolvimento. Ela citou as campanhas que devem ocorrer em novembro para o Dia Internacional de N\u00e3o Viol\u00eancia conta as Mulheres e os 16 Dias de Ativismo. A coordenadora Nacional da Liga das Mulheres Eleitoras do Brasil (Libra), Marta L\u00edvia Suplicy; e a campe\u00e3 mundial de jiu-jitsu e idealizadora e fundadora do projeto Eu Sei me Defender \u2013 que ensina t\u00e9cnicas de defesa pessoal para mulheres v\u00edtimas de viol\u00eancia -, \u00c9rica Paes tamb\u00e9m marcaram presen\u00e7a no evento. Al\u00e9m disso, t\u00e9cnicas e consultoras da CNM falaram de projetos da entidade que atendem \u00e0 demanda do empoderamento feminino. Para a prefeita Anna Lorena: \u201cestas palestras e debates apresentadas pelo Movimento das Mulheres Municipalistas \u00e9 muito oportuno para que estejamos sempre presentes nos embates das pol\u00edticas p\u00fablicas e buscando cada vez mais adquirir experi\u00eancias e assim colocarmos em pr\u00e1ticas nas atividades do dia-a-dia\u201d, disse a prefeita de Monteiro.\" \/>\n<meta property=\"og:url\" content=\"https:\/\/noticiasemdestaque.com\/cd\/?p=4289\" \/>\n<meta property=\"og:site_name\" content=\"Not&iacute;cias em Destaque\" \/>\n<meta property=\"article:published_time\" content=\"2017-09-13T18:15:48+00:00\" \/>\n<meta property=\"og:image\" content=\"https:\/\/noticiasemdestaque.com\/cd\/wp-content\/uploads\/2017\/09\/lorena_cnm_bsb.jpeg\" \/>\n\t<meta property=\"og:image:width\" content=\"1196\" \/>\n\t<meta property=\"og:image:height\" content=\"1009\" \/>\n\t<meta property=\"og:image:type\" content=\"image\/jpeg\" \/>\n<meta name=\"author\" content=\"Not\u00edcias em Destaque\" \/>\n<meta name=\"twitter:card\" content=\"summary_large_image\" \/>\n<meta name=\"twitter:label1\" content=\"Escrito por\" \/>\n\t<meta name=\"twitter:data1\" content=\"Not\u00edcias em Destaque\" \/>\n\t<meta name=\"twitter:label2\" content=\"Est. tempo de leitura\" \/>\n\t<meta name=\"twitter:data2\" content=\"2 minutos\" \/>\n<script type=\"application\/ld+json\" class=\"yoast-schema-graph\">{\"@context\":\"https:\/\/schema.org\",\"@graph\":[{\"@type\":\"Article\",\"@id\":\"https:\/\/noticiasemdestaque.com\/cd\/?p=4289#article\",\"isPartOf\":{\"@id\":\"https:\/\/noticiasemdestaque.com\/cd\/?p=4289\"},\"author\":{\"name\":\"Not\u00edcias em Destaque\",\"@id\":\"https:\/\/noticiasemdestaque.com\/cd\/#\/schema\/person\/21320b03a7e8bb90128938dafc9b908a\"},\"headline\":\"Prefeita de Monteiro representa prefeitas paraibanas em encontro nacional das Mulheres Municipalistas\",\"datePublished\":\"2017-09-13T18:15:48+00:00\",\"mainEntityOfPage\":{\"@id\":\"https:\/\/noticiasemdestaque.com\/cd\/?p=4289\"},\"wordCount\":466,\"publisher\":{\"@id\":\"https:\/\/noticiasemdestaque.com\/cd\/#organization\"},\"image\":{\"@id\":\"https:\/\/noticiasemdestaque.com\/cd\/?p=4289#primaryimage\"},\"thumbnailUrl\":\"https:\/\/noticiasemdestaque.com\/cd\/wp-content\/uploads\/2017\/09\/lorena_cnm_bsb.jpeg\",\"articleSection\":[\"Pol\u00edtica\"],\"inLanguage\":\"pt-BR\"},{\"@type\":\"WebPage\",\"@id\":\"https:\/\/noticiasemdestaque.com\/cd\/?p=4289\",\"url\":\"https:\/\/noticiasemdestaque.com\/cd\/?p=4289\",\"name\":\"Prefeita de Monteiro representa prefeitas paraibanas em encontro nacional das Mulheres Municipalistas - Not&iacute;cias em Destaque\",\"isPartOf\":{\"@id\":\"https:\/\/noticiasemdestaque.com\/cd\/#website\"},\"primaryImageOfPage\":{\"@id\":\"https:\/\/noticiasemdestaque.com\/cd\/?p=4289#primaryimage\"},\"image\":{\"@id\":\"https:\/\/noticiasemdestaque.com\/cd\/?p=4289#primaryimage\"},\"thumbnailUrl\":\"https:\/\/noticiasemdestaque.com\/cd\/wp-content\/uploads\/2017\/09\/lorena_cnm_bsb.jpeg\",\"datePublished\":\"2017-09-13T18:15:48+00:00\",\"breadcrumb\":{\"@id\":\"https:\/\/noticiasemdestaque.com\/cd\/?p=4289#breadcrumb\"},\"inLanguage\":\"pt-BR\",\"potentialAction\":[{\"@type\":\"ReadAction\",\"target\":[\"https:\/\/noticiasemdestaque.com\/cd\/?p=4289\"]}]},{\"@type\":\"ImageObject\",\"inLanguage\":\"pt-BR\",\"@id\":\"https:\/\/noticiasemdestaque.com\/cd\/?p=4289#primaryimage\",\"url\":\"https:\/\/noticiasemdestaque.com\/cd\/wp-content\/uploads\/2017\/09\/lorena_cnm_bsb.jpeg\",\"contentUrl\":\"https:\/\/noticiasemdestaque.com\/cd\/wp-content\/uploads\/2017\/09\/lorena_cnm_bsb.jpeg\",\"width\":1196,\"height\":1009},{\"@type\":\"BreadcrumbList\",\"@id\":\"https:\/\/noticiasemdestaque.com\/cd\/?p=4289#breadcrumb\",\"itemListElement\":[{\"@type\":\"ListItem\",\"position\":1,\"name\":\"In\u00edcio\",\"item\":\"https:\/\/noticiasemdestaque.com\/cd\/\"},{\"@type\":\"ListItem\",\"position\":2,\"name\":\"Prefeita de Monteiro representa prefeitas paraibanas em encontro nacional das Mulheres Municipalistas\"}]},{\"@type\":\"WebSite\",\"@id\":\"https:\/\/noticiasemdestaque.com\/cd\/#website\",\"url\":\"https:\/\/noticiasemdestaque.com\/cd\/\",\"name\":\"Not&iacute;cias em Destaque\",\"description\":\"\",\"publisher\":{\"@id\":\"https:\/\/noticiasemdestaque.com\/cd\/#organization\"},\"potentialAction\":[{\"@type\":\"SearchAction\",\"target\":{\"@type\":\"EntryPoint\",\"urlTemplate\":\"https:\/\/noticiasemdestaque.com\/cd\/?s={search_term_string}\"},\"query-input\":{\"@type\":\"PropertyValueSpecification\",\"valueRequired\":true,\"valueName\":\"search_term_string\"}}],\"inLanguage\":\"pt-BR\"},{\"@type\":\"Organization\",\"@id\":\"https:\/\/noticiasemdestaque.com\/cd\/#organization\",\"name\":\"Not\u00edcias em Destaque\",\"url\":\"https:\/\/noticiasemdestaque.com\/cd\/\",\"logo\":{\"@type\":\"ImageObject\",\"inLanguage\":\"pt-BR\",\"@id\":\"https:\/\/noticiasemdestaque.com\/cd\/#\/schema\/logo\/image\/\",\"url\":\"https:\/\/noticiasemdestaque.com\/cd\/wp-content\/uploads\/2022\/05\/imagem-base-noticiasemdestaque.png\",\"contentUrl\":\"https:\/\/noticiasemdestaque.com\/cd\/wp-content\/uploads\/2022\/05\/imagem-base-noticiasemdestaque.png\",\"width\":1200,\"height\":630,\"caption\":\"Not\u00edcias em Destaque\"},\"image\":{\"@id\":\"https:\/\/noticiasemdestaque.com\/cd\/#\/schema\/logo\/image\/\"}},{\"@type\":\"Person\",\"@id\":\"https:\/\/noticiasemdestaque.com\/cd\/#\/schema\/person\/21320b03a7e8bb90128938dafc9b908a\",\"name\":\"Not\u00edcias em Destaque\",\"url\":\"https:\/\/noticiasemdestaque.com\/cd\/?author=2\"}]}<\/script>\n<!-- \/ Yoast SEO plugin. -->","yoast_head_json":{"title":"Prefeita de Monteiro representa prefeitas paraibanas em encontro nacional das Mulheres Municipalistas - Not&iacute;cias em Destaque","robots":{"index":"index","follow":"follow","max-snippet":"max-snippet:-1","max-image-preview":"max-image-preview:large","max-video-preview":"max-video-preview:-1"},"canonical":"https:\/\/noticiasemdestaque.com\/cd\/?p=4289","og_locale":"pt_BR","og_type":"article","og_title":"Prefeita de Monteiro representa prefeitas paraibanas em encontro nacional das Mulheres Municipalistas - Not&iacute;cias em Destaque","og_description":"Cumprindo agenda na cidade de Bras\u00edlia (DF), a prefeita Anna Lorena participou na tarde desta ter\u00e7a-feira, 12, em Bras\u00edlia, da Primeira Reuni\u00e3o Ampliada do grupo de trabalho, lan\u00e7ado pela Confedera\u00e7\u00e3o Nacional de Munic\u00edpios (CNM), cujo objetivo \u00e9 fortalecer a atua\u00e7\u00e3o feminina na pol\u00edtica brasileira. O Movimento das Mulheres Municipalistas (MMM) tem como coordenadoras nacionais T\u00e2nia Ziulkoski e Dalva Christofoletti, que apresentaram o MMM e falaram dos principais objetivos da iniciativa para as prefeitas, representantes municipais e mulheres que tem forte atua\u00e7\u00e3o na luta da viol\u00eancia contra mulher. T\u00e2nia Ziulkoski abriu a apresenta\u00e7\u00e3o destacando n\u00fameros da representa\u00e7\u00e3o das mulheres na pol\u00edtica brasileira \u201choje, n\u00f3s temos 12% de prefeitura municipais geridas por mulheres e no legislativo somos menos de 10%\u201d. No contexto, Dalva Christofoletti acrescentou que \u201cesse movimento de mulheres \u00e9 um sonho como mulher. H\u00e1 muitos anos atuo na defesa de pol\u00edticas voltadas para as mulheres e hoje vejo a concretiza\u00e7\u00e3o de um sonho\u201d. Mulheres \u00edcones Representando as prefeitas paraibanas, a prefeita Anna Lorena participou de toda a programa\u00e7\u00e3o e ainda teve a oportunidade de assistir a palestra da secret\u00e1ria de Pol\u00edticas para Mulheres da Presid\u00eancia da Rep\u00fablica (SPM), F\u00e1tima Pelaes, que falou sobre a atua\u00e7\u00e3o do departamento. \u201cNosso trabalho \u00e9 fortalecer as pol\u00edticas para as mulheres, orientando os Munic\u00edpios sobre nossas a\u00e7\u00f5es a as a\u00e7\u00f5es que devem ser desenvolvidas pelo poder municipal\u201d. Ainda durante o encontro, a coordenadora de campanhas na Organiza\u00e7\u00e3o das Na\u00e7\u00f5es Unidas para Mulheres (ONU Mulheres), Amanda Lemos, falou sobre a atua\u00e7\u00e3o do organismo, em especial no combate \u00e0 viol\u00eancia contra a mulher, e de como essas a\u00e7\u00f5es podem ser replicadas nos Munic\u00edpios cumprindo a Agenda de Desenvolvimento. Ela citou as campanhas que devem ocorrer em novembro para o Dia Internacional de N\u00e3o Viol\u00eancia conta as Mulheres e os 16 Dias de Ativismo. A coordenadora Nacional da Liga das Mulheres Eleitoras do Brasil (Libra), Marta L\u00edvia Suplicy; e a campe\u00e3 mundial de jiu-jitsu e idealizadora e fundadora do projeto Eu Sei me Defender \u2013 que ensina t\u00e9cnicas de defesa pessoal para mulheres v\u00edtimas de viol\u00eancia -, \u00c9rica Paes tamb\u00e9m marcaram presen\u00e7a no evento. Al\u00e9m disso, t\u00e9cnicas e consultoras da CNM falaram de projetos da entidade que atendem \u00e0 demanda do empoderamento feminino. Para a prefeita Anna Lorena: \u201cestas palestras e debates apresentadas pelo Movimento das Mulheres Municipalistas \u00e9 muito oportuno para que estejamos sempre presentes nos embates das pol\u00edticas p\u00fablicas e buscando cada vez mais adquirir experi\u00eancias e assim colocarmos em pr\u00e1ticas nas atividades do dia-a-dia\u201d, disse a prefeita de Monteiro.","og_url":"https:\/\/noticiasemdestaque.com\/cd\/?p=4289","og_site_name":"Not&iacute;cias em Destaque","article_published_time":"2017-09-13T18:15:48+00:00","og_image":[{"width":1196,"height":1009,"url":"https:\/\/noticiasemdestaque.com\/cd\/wp-content\/uploads\/2017\/09\/lorena_cnm_bsb.jpeg","type":"image\/jpeg"}],"author":"Not\u00edcias em Destaque","twitter_card":"summary_large_image","twitter_misc":{"Escrito por":"Not\u00edcias em Destaque","Est. tempo de leitura":"2 minutos"},"schema":{"@context":"https:\/\/schema.org","@graph":[{"@type":"Article","@id":"https:\/\/noticiasemdestaque.com\/cd\/?p=4289#article","isPartOf":{"@id":"https:\/\/noticiasemdestaque.com\/cd\/?p=4289"},"author":{"name":"Not\u00edcias em Destaque","@id":"https:\/\/noticiasemdestaque.com\/cd\/#\/schema\/person\/21320b03a7e8bb90128938dafc9b908a"},"headline":"Prefeita de Monteiro representa prefeitas paraibanas em encontro nacional das Mulheres Municipalistas","datePublished":"2017-09-13T18:15:48+00:00","mainEntityOfPage":{"@id":"https:\/\/noticiasemdestaque.com\/cd\/?p=4289"},"wordCount":466,"publisher":{"@id":"https:\/\/noticiasemdestaque.com\/cd\/#organization"},"image":{"@id":"https:\/\/noticiasemdestaque.com\/cd\/?p=4289#primaryimage"},"thumbnailUrl":"https:\/\/noticiasemdestaque.com\/cd\/wp-content\/uploads\/2017\/09\/lorena_cnm_bsb.jpeg","articleSection":["Pol\u00edtica"],"inLanguage":"pt-BR"},{"@type":"WebPage","@id":"https:\/\/noticiasemdestaque.com\/cd\/?p=4289","url":"https:\/\/noticiasemdestaque.com\/cd\/?p=4289","name":"Prefeita de Monteiro representa prefeitas paraibanas em encontro nacional das Mulheres Municipalistas - Not&iacute;cias em Destaque","isPartOf":{"@id":"https:\/\/noticiasemdestaque.com\/cd\/#website"},"primaryImageOfPage":{"@id":"https:\/\/noticiasemdestaque.com\/cd\/?p=4289#primaryimage"},"image":{"@id":"https:\/\/noticiasemdestaque.com\/cd\/?p=4289#primaryimage"},"thumbnailUrl":"https:\/\/noticiasemdestaque.com\/cd\/wp-content\/uploads\/2017\/09\/lorena_cnm_bsb.jpeg","datePublished":"2017-09-13T18:15:48+00:00","breadcrumb":{"@id":"https:\/\/noticiasemdestaque.com\/cd\/?p=4289#breadcrumb"},"inLanguage":"pt-BR","potentialAction":[{"@type":"ReadAction","target":["https:\/\/noticiasemdestaque.com\/cd\/?p=4289"]}]},{"@type":"ImageObject","inLanguage":"pt-BR","@id":"https:\/\/noticiasemdestaque.com\/cd\/?p=4289#primaryimage","url":"https:\/\/noticiasemdestaque.com\/cd\/wp-content\/uploads\/2017\/09\/lorena_cnm_bsb.jpeg","contentUrl":"https:\/\/noticiasemdestaque.com\/cd\/wp-content\/uploads\/2017\/09\/lorena_cnm_bsb.jpeg","width":1196,"height":1009},{"@type":"BreadcrumbList","@id":"https:\/\/noticiasemdestaque.com\/cd\/?p=4289#breadcrumb","itemListElement":[{"@type":"ListItem","position":1,"name":"In\u00edcio","item":"https:\/\/noticiasemdestaque.com\/cd\/"},{"@type":"ListItem","position":2,"name":"Prefeita de Monteiro representa prefeitas paraibanas em encontro nacional das Mulheres Municipalistas"}]},{"@type":"WebSite","@id":"https:\/\/noticiasemdestaque.com\/cd\/#website","url":"https:\/\/noticiasemdestaque.com\/cd\/","name":"Not&iacute;cias em Destaque","description":"","publisher":{"@id":"https:\/\/noticiasemdestaque.com\/cd\/#organization"},"potentialAction":[{"@type":"SearchAction","target":{"@type":"EntryPoint","urlTemplate":"https:\/\/noticiasemdestaque.com\/cd\/?s={search_term_string}"},"query-input":{"@type":"PropertyValueSpecification","valueRequired":true,"valueName":"search_term_string"}}],"inLanguage":"pt-BR"},{"@type":"Organization","@id":"https:\/\/noticiasemdestaque.com\/cd\/#organization","name":"Not\u00edcias em Destaque","url":"https:\/\/noticiasemdestaque.com\/cd\/","logo":{"@type":"ImageObject","inLanguage":"pt-BR","@id":"https:\/\/noticiasemdestaque.com\/cd\/#\/schema\/logo\/image\/","url":"https:\/\/noticiasemdestaque.com\/cd\/wp-content\/uploads\/2022\/05\/imagem-base-noticiasemdestaque.png","contentUrl":"https:\/\/noticiasemdestaque.com\/cd\/wp-content\/uploads\/2022\/05\/imagem-base-noticiasemdestaque.png","width":1200,"height":630,"caption":"Not\u00edcias em Destaque"},"image":{"@id":"https:\/\/noticiasemdestaque.com\/cd\/#\/schema\/logo\/image\/"}},{"@type":"Person","@id":"https:\/\/noticiasemdestaque.com\/cd\/#\/schema\/person\/21320b03a7e8bb90128938dafc9b908a","name":"Not\u00edcias em Destaque","url":"https:\/\/noticiasemdestaque.com\/cd\/?author=2"}]}},"jetpack_featured_media_url":"https:\/\/noticiasemdestaque.com\/cd\/wp-content\/uploads\/2017\/09\/lorena_cnm_bsb.jpeg","jetpack_sharing_enabled":true,"_links":{"self":[{"href":"https:\/\/noticiasemdestaque.com\/cd\/index.php?rest_route=\/wp\/v2\/posts\/4289","targetHints":{"allow":["GET"]}}],"collection":[{"href":"https:\/\/noticiasemdestaque.com\/cd\/index.php?rest_route=\/wp\/v2\/posts"}],"about":[{"href":"https:\/\/noticiasemdestaque.com\/cd\/index.php?rest_route=\/wp\/v2\/types\/post"}],"author":[{"embeddable":true,"href":"https:\/\/noticiasemdestaque.com\/cd\/index.php?rest_route=\/wp\/v2\/users\/2"}],"replies":[{"embeddable":true,"href":"https:\/\/noticiasemdestaque.com\/cd\/index.php?rest_route=%2Fwp%2Fv2%2Fcomments&post=4289"}],"version-history":[{"count":1,"href":"https:\/\/noticiasemdestaque.com\/cd\/index.php?rest_route=\/wp\/v2\/posts\/4289\/revisions"}],"predecessor-version":[{"id":4291,"href":"https:\/\/noticiasemdestaque.com\/cd\/index.php?rest_route=\/wp\/v2\/posts\/4289\/revisions\/4291"}],"wp:featuredmedia":[{"embeddable":true,"href":"https:\/\/noticiasemdestaque.com\/cd\/index.php?rest_route=\/wp\/v2\/media\/4290"}],"wp:attachment":[{"href":"https:\/\/noticiasemdestaque.com\/cd\/index.php?rest_route=%2Fwp%2Fv2%2Fmedia&parent=4289"}],"wp:term":[{"taxonomy":"category","embeddable":true,"href":"https:\/\/noticiasemdestaque.com\/cd\/index.php?rest_route=%2Fwp%2Fv2%2Fcategories&post=4289"},{"taxonomy":"post_tag","embeddable":true,"href":"https:\/\/noticiasemdestaque.com\/cd\/index.php?rest_route=%2Fwp%2Fv2%2Ftags&post=4289"}],"curies":[{"name":"wp","href":"https:\/\/api.w.org\/{rel}","templated":true}]}}