{"id":42841,"date":"2022-09-22T10:26:23","date_gmt":"2022-09-22T13:26:23","guid":{"rendered":"https:\/\/noticiasemdestaque.com\/cd\/?p=42841"},"modified":"2022-09-22T10:29:15","modified_gmt":"2022-09-22T13:29:15","slug":"bolsonaro-vem-a-paraiba-e-deve-realizar-atos-em-joao-pessoa-e-campina-grande","status":"publish","type":"post","link":"https:\/\/noticiasemdestaque.com\/cd\/?p=42841","title":{"rendered":"Bolsonaro vem \u00e0 Para\u00edba e deve realizar atos em Jo\u00e3o Pessoa e Campina Grande"},"content":{"rendered":"<p><img fetchpriority=\"high\" decoding=\"async\" class=\"alignleft\" src=\"https:\/\/www.politicajp.com.br\/images\/noticias\/9447\/48af3d2289b990bbe8ee4ae2ead6622d.jpg\" alt=\"Foto: reprodu\u00e7\u00e3o\" width=\"371\" height=\"279\" \/>O presidente e candidato \u00e0 reelei\u00e7\u00e3o Jair Bolsonaro (PL) deve visitar a Para\u00edba na pr\u00f3xima segunda-feira (26). A previs\u00e3o foi divulgada pelo candidato do partido ao Governo do Estado, Nilvan Ferreira.<\/p>\n<p>De acordo com Nilvan, o presidente deve participar de atos pol\u00edticos em Jo\u00e3o Pessoa e Campina Grande, al\u00e9m de realizar motociatas nas cidades, \u201cpara refor\u00e7ar essa reta final\u201d. A realiza\u00e7\u00e3o de com\u00edcios nos locais ainda est\u00e1 sendo avaliada.<\/p>\n<p>Bolsonaro veio \u00e0 Para\u00edba em junho deste ano para a entrega dos Residenciais Cana\u00e3 I e II, no Bairro das Ind\u00fastrias, do Programa Casa Verde e Amarela. Ao chegar na Capital, o presidente foi recebido por apoiadores na frente do Comando do 1\u00b0 Grupamento de Engenharia. Ele tamb\u00e9m cumpriu agenda em Campina Grande, onde realizou uma passeio de moto.<\/p>\n<p><strong>Noticias em Destaque<\/strong><\/p>\n<p style=\"text-align: right;\"><em>Fonte: Politica JP<\/em><\/p>\n","protected":false},"excerpt":{"rendered":"<p>O presidente e candidato \u00e0 reelei\u00e7\u00e3o Jair Bolsonaro (PL) deve visitar a Para\u00edba na pr\u00f3xima segunda-feira (26). A previs\u00e3o foi divulgada pelo candidato do partido ao Governo do Estado, Nilvan Ferreira. De acordo com Nilvan, o presidente deve participar de atos pol\u00edticos em Jo\u00e3o Pessoa e Campina Grande, al\u00e9m de realizar motociatas nas cidades, \u201cpara refor\u00e7ar essa reta final\u201d. A realiza\u00e7\u00e3o de com\u00edcios nos locais ainda est\u00e1 sendo avaliada. Bolsonaro veio \u00e0 Para\u00edba em junho deste ano para a entrega dos Residenciais Cana\u00e3 I e II, no Bairro das Ind\u00fastrias, do Programa Casa Verde e Amarela. Ao chegar na Capital, o presidente foi recebido por apoiadores na frente do Comando do 1\u00b0 Grupamento de Engenharia. Ele tamb\u00e9m cumpriu agenda em Campina Grande, onde realizou uma passeio de moto. Noticias em Destaque Fonte: Politica JP<\/p>\n","protected":false},"author":2,"featured_media":42842,"comment_status":"closed","ping_status":"open","sticky":false,"template":"","format":"standard","meta":{"_eb_attr":"","_jetpack_memberships_contains_paid_content":false,"footnotes":""},"categories":[3],"tags":[],"class_list":["post-42841","post","type-post","status-publish","format-standard","has-post-thumbnail","hentry","category-cidades"],"yoast_head":"<!-- This site is optimized with the Yoast SEO plugin v26.5 - https:\/\/yoast.com\/wordpress\/plugins\/seo\/ -->\n<title>Bolsonaro vem \u00e0 Para\u00edba e deve realizar atos em Jo\u00e3o Pessoa e Campina Grande - Not&iacute;cias em Destaque<\/title>\n<meta name=\"robots\" content=\"index, follow, max-snippet:-1, max-image-preview:large, max-video-preview:-1\" \/>\n<link rel=\"canonical\" href=\"https:\/\/noticiasemdestaque.com\/cd\/?p=42841\" \/>\n<meta property=\"og:locale\" content=\"pt_BR\" \/>\n<meta property=\"og:type\" content=\"article\" \/>\n<meta property=\"og:title\" content=\"Bolsonaro vem \u00e0 Para\u00edba e deve realizar atos em Jo\u00e3o Pessoa e Campina Grande - Not&iacute;cias em Destaque\" \/>\n<meta property=\"og:description\" content=\"O presidente e candidato \u00e0 reelei\u00e7\u00e3o Jair Bolsonaro (PL) deve visitar a Para\u00edba na pr\u00f3xima segunda-feira (26). A previs\u00e3o foi divulgada pelo candidato do partido ao Governo do Estado, Nilvan Ferreira. De acordo com Nilvan, o presidente deve participar de atos pol\u00edticos em Jo\u00e3o Pessoa e Campina Grande, al\u00e9m de realizar motociatas nas cidades, \u201cpara refor\u00e7ar essa reta final\u201d. A realiza\u00e7\u00e3o de com\u00edcios nos locais ainda est\u00e1 sendo avaliada. Bolsonaro veio \u00e0 Para\u00edba em junho deste ano para a entrega dos Residenciais Cana\u00e3 I e II, no Bairro das Ind\u00fastrias, do Programa Casa Verde e Amarela. Ao chegar na Capital, o presidente foi recebido por apoiadores na frente do Comando do 1\u00b0 Grupamento de Engenharia. Ele tamb\u00e9m cumpriu agenda em Campina Grande, onde realizou uma passeio de moto. Noticias em Destaque Fonte: Politica JP\" \/>\n<meta property=\"og:url\" content=\"https:\/\/noticiasemdestaque.com\/cd\/?p=42841\" \/>\n<meta property=\"og:site_name\" content=\"Not&iacute;cias em Destaque\" \/>\n<meta property=\"article:published_time\" content=\"2022-09-22T13:26:23+00:00\" \/>\n<meta property=\"article:modified_time\" content=\"2022-09-22T13:29:15+00:00\" \/>\n<meta property=\"og:image\" content=\"https:\/\/noticiasemdestaque.com\/cd\/wp-content\/uploads\/2022\/09\/bolsonaro.jpg\" \/>\n\t<meta property=\"og:image:width\" content=\"828\" \/>\n\t<meta property=\"og:image:height\" content=\"622\" \/>\n\t<meta property=\"og:image:type\" content=\"image\/jpeg\" \/>\n<meta name=\"author\" content=\"Not\u00edcias em Destaque\" \/>\n<meta name=\"twitter:card\" content=\"summary_large_image\" \/>\n<meta name=\"twitter:label1\" content=\"Escrito por\" \/>\n\t<meta name=\"twitter:data1\" content=\"Not\u00edcias em Destaque\" \/>\n\t<meta name=\"twitter:label2\" content=\"Est. tempo de leitura\" \/>\n\t<meta name=\"twitter:data2\" content=\"1 minuto\" \/>\n<script type=\"application\/ld+json\" class=\"yoast-schema-graph\">{\"@context\":\"https:\/\/schema.org\",\"@graph\":[{\"@type\":\"Article\",\"@id\":\"https:\/\/noticiasemdestaque.com\/cd\/?p=42841#article\",\"isPartOf\":{\"@id\":\"https:\/\/noticiasemdestaque.com\/cd\/?p=42841\"},\"author\":{\"name\":\"Not\u00edcias em Destaque\",\"@id\":\"https:\/\/noticiasemdestaque.com\/cd\/#\/schema\/person\/4a81fb71f77579d059c3045891fa1786\"},\"headline\":\"Bolsonaro vem \u00e0 Para\u00edba e deve realizar atos em Jo\u00e3o Pessoa e Campina Grande\",\"datePublished\":\"2022-09-22T13:26:23+00:00\",\"dateModified\":\"2022-09-22T13:29:15+00:00\",\"mainEntityOfPage\":{\"@id\":\"https:\/\/noticiasemdestaque.com\/cd\/?p=42841\"},\"wordCount\":158,\"publisher\":{\"@id\":\"https:\/\/noticiasemdestaque.com\/cd\/#organization\"},\"image\":{\"@id\":\"https:\/\/noticiasemdestaque.com\/cd\/?p=42841#primaryimage\"},\"thumbnailUrl\":\"https:\/\/noticiasemdestaque.com\/cd\/wp-content\/uploads\/2022\/09\/bolsonaro.jpg\",\"articleSection\":[\"Cidades\"],\"inLanguage\":\"pt-BR\"},{\"@type\":\"WebPage\",\"@id\":\"https:\/\/noticiasemdestaque.com\/cd\/?p=42841\",\"url\":\"https:\/\/noticiasemdestaque.com\/cd\/?p=42841\",\"name\":\"Bolsonaro vem \u00e0 Para\u00edba e deve realizar atos em Jo\u00e3o Pessoa e Campina Grande - Not&iacute;cias em Destaque\",\"isPartOf\":{\"@id\":\"https:\/\/noticiasemdestaque.com\/cd\/#website\"},\"primaryImageOfPage\":{\"@id\":\"https:\/\/noticiasemdestaque.com\/cd\/?p=42841#primaryimage\"},\"image\":{\"@id\":\"https:\/\/noticiasemdestaque.com\/cd\/?p=42841#primaryimage\"},\"thumbnailUrl\":\"https:\/\/noticiasemdestaque.com\/cd\/wp-content\/uploads\/2022\/09\/bolsonaro.jpg\",\"datePublished\":\"2022-09-22T13:26:23+00:00\",\"dateModified\":\"2022-09-22T13:29:15+00:00\",\"breadcrumb\":{\"@id\":\"https:\/\/noticiasemdestaque.com\/cd\/?p=42841#breadcrumb\"},\"inLanguage\":\"pt-BR\",\"potentialAction\":[{\"@type\":\"ReadAction\",\"target\":[\"https:\/\/noticiasemdestaque.com\/cd\/?p=42841\"]}]},{\"@type\":\"ImageObject\",\"inLanguage\":\"pt-BR\",\"@id\":\"https:\/\/noticiasemdestaque.com\/cd\/?p=42841#primaryimage\",\"url\":\"https:\/\/noticiasemdestaque.com\/cd\/wp-content\/uploads\/2022\/09\/bolsonaro.jpg\",\"contentUrl\":\"https:\/\/noticiasemdestaque.com\/cd\/wp-content\/uploads\/2022\/09\/bolsonaro.jpg\",\"width\":828,\"height\":622},{\"@type\":\"BreadcrumbList\",\"@id\":\"https:\/\/noticiasemdestaque.com\/cd\/?p=42841#breadcrumb\",\"itemListElement\":[{\"@type\":\"ListItem\",\"position\":1,\"name\":\"In\u00edcio\",\"item\":\"https:\/\/noticiasemdestaque.com\/cd\/\"},{\"@type\":\"ListItem\",\"position\":2,\"name\":\"Bolsonaro vem \u00e0 Para\u00edba e deve realizar atos em Jo\u00e3o Pessoa e Campina Grande\"}]},{\"@type\":\"WebSite\",\"@id\":\"https:\/\/noticiasemdestaque.com\/cd\/#website\",\"url\":\"https:\/\/noticiasemdestaque.com\/cd\/\",\"name\":\"Not&iacute;cias em Destaque\",\"description\":\"\",\"publisher\":{\"@id\":\"https:\/\/noticiasemdestaque.com\/cd\/#organization\"},\"potentialAction\":[{\"@type\":\"SearchAction\",\"target\":{\"@type\":\"EntryPoint\",\"urlTemplate\":\"https:\/\/noticiasemdestaque.com\/cd\/?s={search_term_string}\"},\"query-input\":{\"@type\":\"PropertyValueSpecification\",\"valueRequired\":true,\"valueName\":\"search_term_string\"}}],\"inLanguage\":\"pt-BR\"},{\"@type\":\"Organization\",\"@id\":\"https:\/\/noticiasemdestaque.com\/cd\/#organization\",\"name\":\"Not\u00edcias em Destaque\",\"url\":\"https:\/\/noticiasemdestaque.com\/cd\/\",\"logo\":{\"@type\":\"ImageObject\",\"inLanguage\":\"pt-BR\",\"@id\":\"https:\/\/noticiasemdestaque.com\/cd\/#\/schema\/logo\/image\/\",\"url\":\"https:\/\/noticiasemdestaque.com\/cd\/wp-content\/uploads\/2022\/05\/imagem-base-noticiasemdestaque.png\",\"contentUrl\":\"https:\/\/noticiasemdestaque.com\/cd\/wp-content\/uploads\/2022\/05\/imagem-base-noticiasemdestaque.png\",\"width\":1200,\"height\":630,\"caption\":\"Not\u00edcias em Destaque\"},\"image\":{\"@id\":\"https:\/\/noticiasemdestaque.com\/cd\/#\/schema\/logo\/image\/\"}},{\"@type\":\"Person\",\"@id\":\"https:\/\/noticiasemdestaque.com\/cd\/#\/schema\/person\/4a81fb71f77579d059c3045891fa1786\",\"name\":\"Not\u00edcias em Destaque\",\"url\":\"https:\/\/noticiasemdestaque.com\/cd\/?author=2\"}]}<\/script>\n<!-- \/ Yoast SEO plugin. -->","yoast_head_json":{"title":"Bolsonaro vem \u00e0 Para\u00edba e deve realizar atos em Jo\u00e3o Pessoa e Campina Grande - Not&iacute;cias em Destaque","robots":{"index":"index","follow":"follow","max-snippet":"max-snippet:-1","max-image-preview":"max-image-preview:large","max-video-preview":"max-video-preview:-1"},"canonical":"https:\/\/noticiasemdestaque.com\/cd\/?p=42841","og_locale":"pt_BR","og_type":"article","og_title":"Bolsonaro vem \u00e0 Para\u00edba e deve realizar atos em Jo\u00e3o Pessoa e Campina Grande - Not&iacute;cias em Destaque","og_description":"O presidente e candidato \u00e0 reelei\u00e7\u00e3o Jair Bolsonaro (PL) deve visitar a Para\u00edba na pr\u00f3xima segunda-feira (26). A previs\u00e3o foi divulgada pelo candidato do partido ao Governo do Estado, Nilvan Ferreira. De acordo com Nilvan, o presidente deve participar de atos pol\u00edticos em Jo\u00e3o Pessoa e Campina Grande, al\u00e9m de realizar motociatas nas cidades, \u201cpara refor\u00e7ar essa reta final\u201d. A realiza\u00e7\u00e3o de com\u00edcios nos locais ainda est\u00e1 sendo avaliada. Bolsonaro veio \u00e0 Para\u00edba em junho deste ano para a entrega dos Residenciais Cana\u00e3 I e II, no Bairro das Ind\u00fastrias, do Programa Casa Verde e Amarela. Ao chegar na Capital, o presidente foi recebido por apoiadores na frente do Comando do 1\u00b0 Grupamento de Engenharia. Ele tamb\u00e9m cumpriu agenda em Campina Grande, onde realizou uma passeio de moto. Noticias em Destaque Fonte: Politica JP","og_url":"https:\/\/noticiasemdestaque.com\/cd\/?p=42841","og_site_name":"Not&iacute;cias em Destaque","article_published_time":"2022-09-22T13:26:23+00:00","article_modified_time":"2022-09-22T13:29:15+00:00","og_image":[{"width":828,"height":622,"url":"https:\/\/noticiasemdestaque.com\/cd\/wp-content\/uploads\/2022\/09\/bolsonaro.jpg","type":"image\/jpeg"}],"author":"Not\u00edcias em Destaque","twitter_card":"summary_large_image","twitter_misc":{"Escrito por":"Not\u00edcias em Destaque","Est. tempo de leitura":"1 minuto"},"schema":{"@context":"https:\/\/schema.org","@graph":[{"@type":"Article","@id":"https:\/\/noticiasemdestaque.com\/cd\/?p=42841#article","isPartOf":{"@id":"https:\/\/noticiasemdestaque.com\/cd\/?p=42841"},"author":{"name":"Not\u00edcias em Destaque","@id":"https:\/\/noticiasemdestaque.com\/cd\/#\/schema\/person\/4a81fb71f77579d059c3045891fa1786"},"headline":"Bolsonaro vem \u00e0 Para\u00edba e deve realizar atos em Jo\u00e3o Pessoa e Campina Grande","datePublished":"2022-09-22T13:26:23+00:00","dateModified":"2022-09-22T13:29:15+00:00","mainEntityOfPage":{"@id":"https:\/\/noticiasemdestaque.com\/cd\/?p=42841"},"wordCount":158,"publisher":{"@id":"https:\/\/noticiasemdestaque.com\/cd\/#organization"},"image":{"@id":"https:\/\/noticiasemdestaque.com\/cd\/?p=42841#primaryimage"},"thumbnailUrl":"https:\/\/noticiasemdestaque.com\/cd\/wp-content\/uploads\/2022\/09\/bolsonaro.jpg","articleSection":["Cidades"],"inLanguage":"pt-BR"},{"@type":"WebPage","@id":"https:\/\/noticiasemdestaque.com\/cd\/?p=42841","url":"https:\/\/noticiasemdestaque.com\/cd\/?p=42841","name":"Bolsonaro vem \u00e0 Para\u00edba e deve realizar atos em Jo\u00e3o Pessoa e Campina Grande - Not&iacute;cias em Destaque","isPartOf":{"@id":"https:\/\/noticiasemdestaque.com\/cd\/#website"},"primaryImageOfPage":{"@id":"https:\/\/noticiasemdestaque.com\/cd\/?p=42841#primaryimage"},"image":{"@id":"https:\/\/noticiasemdestaque.com\/cd\/?p=42841#primaryimage"},"thumbnailUrl":"https:\/\/noticiasemdestaque.com\/cd\/wp-content\/uploads\/2022\/09\/bolsonaro.jpg","datePublished":"2022-09-22T13:26:23+00:00","dateModified":"2022-09-22T13:29:15+00:00","breadcrumb":{"@id":"https:\/\/noticiasemdestaque.com\/cd\/?p=42841#breadcrumb"},"inLanguage":"pt-BR","potentialAction":[{"@type":"ReadAction","target":["https:\/\/noticiasemdestaque.com\/cd\/?p=42841"]}]},{"@type":"ImageObject","inLanguage":"pt-BR","@id":"https:\/\/noticiasemdestaque.com\/cd\/?p=42841#primaryimage","url":"https:\/\/noticiasemdestaque.com\/cd\/wp-content\/uploads\/2022\/09\/bolsonaro.jpg","contentUrl":"https:\/\/noticiasemdestaque.com\/cd\/wp-content\/uploads\/2022\/09\/bolsonaro.jpg","width":828,"height":622},{"@type":"BreadcrumbList","@id":"https:\/\/noticiasemdestaque.com\/cd\/?p=42841#breadcrumb","itemListElement":[{"@type":"ListItem","position":1,"name":"In\u00edcio","item":"https:\/\/noticiasemdestaque.com\/cd\/"},{"@type":"ListItem","position":2,"name":"Bolsonaro vem \u00e0 Para\u00edba e deve realizar atos em Jo\u00e3o Pessoa e Campina Grande"}]},{"@type":"WebSite","@id":"https:\/\/noticiasemdestaque.com\/cd\/#website","url":"https:\/\/noticiasemdestaque.com\/cd\/","name":"Not&iacute;cias em Destaque","description":"","publisher":{"@id":"https:\/\/noticiasemdestaque.com\/cd\/#organization"},"potentialAction":[{"@type":"SearchAction","target":{"@type":"EntryPoint","urlTemplate":"https:\/\/noticiasemdestaque.com\/cd\/?s={search_term_string}"},"query-input":{"@type":"PropertyValueSpecification","valueRequired":true,"valueName":"search_term_string"}}],"inLanguage":"pt-BR"},{"@type":"Organization","@id":"https:\/\/noticiasemdestaque.com\/cd\/#organization","name":"Not\u00edcias em Destaque","url":"https:\/\/noticiasemdestaque.com\/cd\/","logo":{"@type":"ImageObject","inLanguage":"pt-BR","@id":"https:\/\/noticiasemdestaque.com\/cd\/#\/schema\/logo\/image\/","url":"https:\/\/noticiasemdestaque.com\/cd\/wp-content\/uploads\/2022\/05\/imagem-base-noticiasemdestaque.png","contentUrl":"https:\/\/noticiasemdestaque.com\/cd\/wp-content\/uploads\/2022\/05\/imagem-base-noticiasemdestaque.png","width":1200,"height":630,"caption":"Not\u00edcias em Destaque"},"image":{"@id":"https:\/\/noticiasemdestaque.com\/cd\/#\/schema\/logo\/image\/"}},{"@type":"Person","@id":"https:\/\/noticiasemdestaque.com\/cd\/#\/schema\/person\/4a81fb71f77579d059c3045891fa1786","name":"Not\u00edcias em Destaque","url":"https:\/\/noticiasemdestaque.com\/cd\/?author=2"}]}},"jetpack_featured_media_url":"https:\/\/noticiasemdestaque.com\/cd\/wp-content\/uploads\/2022\/09\/bolsonaro.jpg","jetpack_sharing_enabled":true,"_links":{"self":[{"href":"https:\/\/noticiasemdestaque.com\/cd\/index.php?rest_route=\/wp\/v2\/posts\/42841","targetHints":{"allow":["GET"]}}],"collection":[{"href":"https:\/\/noticiasemdestaque.com\/cd\/index.php?rest_route=\/wp\/v2\/posts"}],"about":[{"href":"https:\/\/noticiasemdestaque.com\/cd\/index.php?rest_route=\/wp\/v2\/types\/post"}],"author":[{"embeddable":true,"href":"https:\/\/noticiasemdestaque.com\/cd\/index.php?rest_route=\/wp\/v2\/users\/2"}],"replies":[{"embeddable":true,"href":"https:\/\/noticiasemdestaque.com\/cd\/index.php?rest_route=%2Fwp%2Fv2%2Fcomments&post=42841"}],"version-history":[{"count":1,"href":"https:\/\/noticiasemdestaque.com\/cd\/index.php?rest_route=\/wp\/v2\/posts\/42841\/revisions"}],"predecessor-version":[{"id":42843,"href":"https:\/\/noticiasemdestaque.com\/cd\/index.php?rest_route=\/wp\/v2\/posts\/42841\/revisions\/42843"}],"wp:featuredmedia":[{"embeddable":true,"href":"https:\/\/noticiasemdestaque.com\/cd\/index.php?rest_route=\/wp\/v2\/media\/42842"}],"wp:attachment":[{"href":"https:\/\/noticiasemdestaque.com\/cd\/index.php?rest_route=%2Fwp%2Fv2%2Fmedia&parent=42841"}],"wp:term":[{"taxonomy":"category","embeddable":true,"href":"https:\/\/noticiasemdestaque.com\/cd\/index.php?rest_route=%2Fwp%2Fv2%2Fcategories&post=42841"},{"taxonomy":"post_tag","embeddable":true,"href":"https:\/\/noticiasemdestaque.com\/cd\/index.php?rest_route=%2Fwp%2Fv2%2Ftags&post=42841"}],"curies":[{"name":"wp","href":"https:\/\/api.w.org\/{rel}","templated":true}]}}