{"id":42838,"date":"2022-09-22T08:56:53","date_gmt":"2022-09-22T11:56:53","guid":{"rendered":"https:\/\/noticiasemdestaque.com\/cd\/?p=42838"},"modified":"2022-09-22T08:56:53","modified_gmt":"2022-09-22T11:56:53","slug":"colisao-entre-motos-resulta-na-morte-de-agricultor-e-uma-crianca-de-3-anos-no-cariri","status":"publish","type":"post","link":"https:\/\/noticiasemdestaque.com\/cd\/?p=42838","title":{"rendered":"Colis\u00e3o entre motos resulta na morte de agricultor e uma crian\u00e7a de 3 anos no cariri"},"content":{"rendered":"<p><a href=\"https:\/\/noticiasemdestaque.com\/cd\/wp-content\/uploads\/2022\/09\/SAMU.jpg\"><img fetchpriority=\"high\" decoding=\"async\" class=\"alignnone  wp-image-42839\" src=\"https:\/\/noticiasemdestaque.com\/cd\/wp-content\/uploads\/2022\/09\/SAMU-300x224.jpg\" alt=\"\" width=\"860\" height=\"642\" srcset=\"https:\/\/noticiasemdestaque.com\/cd\/wp-content\/uploads\/2022\/09\/SAMU-300x224.jpg 300w, https:\/\/noticiasemdestaque.com\/cd\/wp-content\/uploads\/2022\/09\/SAMU-768x574.jpg 768w, https:\/\/noticiasemdestaque.com\/cd\/wp-content\/uploads\/2022\/09\/SAMU-16x12.jpg 16w, https:\/\/noticiasemdestaque.com\/cd\/wp-content\/uploads\/2022\/09\/SAMU.jpg 860w\" sizes=\"(max-width: 860px) 100vw, 860px\" \/><\/a><\/p>\n<p>Uma verdadeira trag\u00e9dia chocou o munic\u00edpio de Livramento no final da tarde desta quarta-feira(21), ap\u00f3s uma colis\u00e3o entre motocicletas resultar em duas pessoas mortas na estrada da PB-226, nas proximidades do trevo que d\u00e1 acesso \u00e0 Desterro e Tapero\u00e1.<\/p>\n<p>De acordo com informa\u00e7\u00f5es chegadas ao portal De Olho no Cariri, o acidente aconteceu nas proximidades do S\u00edtio Sussuarana, j\u00e1 na divisa do munic\u00edpio, quando no determinado trecho, duas motos colidiram frontalmente, deixando um agricultor identificado por Marcos Portela e uma crian\u00e7a de apenas tr\u00eas anos de idade identificada por Miguel, mortos no local do acidente.<\/p>\n<figure class=\"wp-block-image aligncenter size-large is-resized\"><img decoding=\"async\" class=\"wp-image-113879\" src=\"https:\/\/deolhonocariri.com.br\/wp-content\/uploads\/2022\/09\/320994604-855x1024.jpg\" sizes=\"(max-width: 541px) 100vw, 541px\" srcset=\"https:\/\/deolhonocariri.com.br\/wp-content\/uploads\/2022\/09\/320994604-855x1024.jpg 855w, https:\/\/deolhonocariri.com.br\/wp-content\/uploads\/2022\/09\/320994604-501x600.jpg 501w, https:\/\/deolhonocariri.com.br\/wp-content\/uploads\/2022\/09\/320994604-334x400.jpg 334w, https:\/\/deolhonocariri.com.br\/wp-content\/uploads\/2022\/09\/320994604-768x919.jpg 768w, https:\/\/deolhonocariri.com.br\/wp-content\/uploads\/2022\/09\/320994604.jpg 1080w\" alt=\"\" width=\"541\" height=\"648\" \/><\/figure>\n<p>Uma das motocicletas estava sendo conduzida pelo agricultor Marcos (foto) que retornava da cidade de Coremas, onde atualmente residia. J\u00e1 na outra motocicleta, uma m\u00e3e identificada inicialmente por C\u00e9u, conduzia \u00e0 moto e levava seus tr\u00eas filhos no veiculo. Um dos filhos, Miguel n\u00e3o resistiu aos ferimentos e faleceu.<\/p>\n<p>A m\u00e3e das crian\u00e7as, C\u00e9u, ficou bastante ferida e foi socorrida em estado grave para o Hospital Regional de Tapero\u00e1. J\u00e1 os outros dois filhos, tiveram apenas ferimentos leves.<\/p>\n<p>A cidade de Livramento esta em choque com a trag\u00e9dia e o clima de como\u00e7\u00e3o e tristeza toma conta da cidade, j\u00e1 que as v\u00edtimas e a fam\u00edlia s\u00e3o naturais do munic\u00edpio de Livramento.<\/p>\n<p><strong>Noticias em Destaque<\/strong><\/p>\n<p style=\"text-align: right;\"><em>Fonte: De Olho no Cariri<\/em><\/p>\n","protected":false},"excerpt":{"rendered":"<p>Uma verdadeira trag\u00e9dia chocou o munic\u00edpio de Livramento no final da tarde desta quarta-feira(21), ap\u00f3s uma colis\u00e3o entre motocicletas resultar em duas pessoas mortas na estrada da PB-226, nas proximidades do trevo que d\u00e1 acesso \u00e0 Desterro e Tapero\u00e1. De acordo com informa\u00e7\u00f5es chegadas ao portal De Olho no Cariri, o acidente aconteceu nas proximidades do S\u00edtio Sussuarana, j\u00e1 na divisa do munic\u00edpio, quando no determinado trecho, duas motos colidiram frontalmente, deixando um agricultor identificado por Marcos Portela e uma crian\u00e7a de apenas tr\u00eas anos de idade identificada por Miguel, mortos no local do acidente. Uma das motocicletas estava sendo conduzida pelo agricultor Marcos (foto) que retornava da cidade de Coremas, onde atualmente residia. J\u00e1 na outra motocicleta, uma m\u00e3e identificada inicialmente por C\u00e9u, conduzia \u00e0 moto e levava seus tr\u00eas filhos no veiculo. Um dos filhos, Miguel n\u00e3o resistiu aos ferimentos e faleceu. A m\u00e3e das crian\u00e7as, C\u00e9u, ficou bastante ferida e foi socorrida em estado grave para o Hospital Regional de Tapero\u00e1. J\u00e1 os outros dois filhos, tiveram apenas ferimentos leves. A cidade de Livramento esta em choque com a trag\u00e9dia e o clima de como\u00e7\u00e3o e tristeza toma conta da cidade, j\u00e1 que as v\u00edtimas e a fam\u00edlia s\u00e3o naturais do munic\u00edpio de Livramento. Noticias em Destaque Fonte: De Olho no Cariri<\/p>\n","protected":false},"author":2,"featured_media":42839,"comment_status":"closed","ping_status":"open","sticky":false,"template":"","format":"standard","meta":{"_eb_attr":"","_jetpack_memberships_contains_paid_content":false,"footnotes":""},"categories":[20],"tags":[],"class_list":["post-42838","post","type-post","status-publish","format-standard","has-post-thumbnail","hentry","category-policia"],"yoast_head":"<!-- This site is optimized with the Yoast SEO plugin v26.5 - https:\/\/yoast.com\/wordpress\/plugins\/seo\/ -->\n<title>Colis\u00e3o entre motos resulta na morte de agricultor e uma crian\u00e7a de 3 anos no cariri - Not&iacute;cias em Destaque<\/title>\n<meta name=\"robots\" content=\"index, follow, max-snippet:-1, max-image-preview:large, max-video-preview:-1\" \/>\n<link rel=\"canonical\" href=\"https:\/\/noticiasemdestaque.com\/cd\/?p=42838\" \/>\n<meta property=\"og:locale\" content=\"pt_BR\" \/>\n<meta property=\"og:type\" content=\"article\" \/>\n<meta property=\"og:title\" content=\"Colis\u00e3o entre motos resulta na morte de agricultor e uma crian\u00e7a de 3 anos no cariri - Not&iacute;cias em Destaque\" \/>\n<meta property=\"og:description\" content=\"Uma verdadeira trag\u00e9dia chocou o munic\u00edpio de Livramento no final da tarde desta quarta-feira(21), ap\u00f3s uma colis\u00e3o entre motocicletas resultar em duas pessoas mortas na estrada da PB-226, nas proximidades do trevo que d\u00e1 acesso \u00e0 Desterro e Tapero\u00e1. De acordo com informa\u00e7\u00f5es chegadas ao portal De Olho no Cariri, o acidente aconteceu nas proximidades do S\u00edtio Sussuarana, j\u00e1 na divisa do munic\u00edpio, quando no determinado trecho, duas motos colidiram frontalmente, deixando um agricultor identificado por Marcos Portela e uma crian\u00e7a de apenas tr\u00eas anos de idade identificada por Miguel, mortos no local do acidente. Uma das motocicletas estava sendo conduzida pelo agricultor Marcos (foto) que retornava da cidade de Coremas, onde atualmente residia. J\u00e1 na outra motocicleta, uma m\u00e3e identificada inicialmente por C\u00e9u, conduzia \u00e0 moto e levava seus tr\u00eas filhos no veiculo. Um dos filhos, Miguel n\u00e3o resistiu aos ferimentos e faleceu. A m\u00e3e das crian\u00e7as, C\u00e9u, ficou bastante ferida e foi socorrida em estado grave para o Hospital Regional de Tapero\u00e1. J\u00e1 os outros dois filhos, tiveram apenas ferimentos leves. A cidade de Livramento esta em choque com a trag\u00e9dia e o clima de como\u00e7\u00e3o e tristeza toma conta da cidade, j\u00e1 que as v\u00edtimas e a fam\u00edlia s\u00e3o naturais do munic\u00edpio de Livramento. Noticias em Destaque Fonte: De Olho no Cariri\" \/>\n<meta property=\"og:url\" content=\"https:\/\/noticiasemdestaque.com\/cd\/?p=42838\" \/>\n<meta property=\"og:site_name\" content=\"Not&iacute;cias em Destaque\" \/>\n<meta property=\"article:published_time\" content=\"2022-09-22T11:56:53+00:00\" \/>\n<meta property=\"og:image\" content=\"https:\/\/noticiasemdestaque.com\/cd\/wp-content\/uploads\/2022\/09\/SAMU.jpg\" \/>\n\t<meta property=\"og:image:width\" content=\"860\" \/>\n\t<meta property=\"og:image:height\" content=\"643\" \/>\n\t<meta property=\"og:image:type\" content=\"image\/jpeg\" \/>\n<meta name=\"author\" content=\"Not\u00edcias em Destaque\" \/>\n<meta name=\"twitter:card\" content=\"summary_large_image\" \/>\n<meta name=\"twitter:label1\" content=\"Escrito por\" \/>\n\t<meta name=\"twitter:data1\" content=\"Not\u00edcias em Destaque\" \/>\n\t<meta name=\"twitter:label2\" content=\"Est. tempo de leitura\" \/>\n\t<meta name=\"twitter:data2\" content=\"2 minutos\" \/>\n<script type=\"application\/ld+json\" class=\"yoast-schema-graph\">{\"@context\":\"https:\/\/schema.org\",\"@graph\":[{\"@type\":\"Article\",\"@id\":\"https:\/\/noticiasemdestaque.com\/cd\/?p=42838#article\",\"isPartOf\":{\"@id\":\"https:\/\/noticiasemdestaque.com\/cd\/?p=42838\"},\"author\":{\"name\":\"Not\u00edcias em Destaque\",\"@id\":\"https:\/\/noticiasemdestaque.com\/cd\/#\/schema\/person\/4a81fb71f77579d059c3045891fa1786\"},\"headline\":\"Colis\u00e3o entre motos resulta na morte de agricultor e uma crian\u00e7a de 3 anos no cariri\",\"datePublished\":\"2022-09-22T11:56:53+00:00\",\"mainEntityOfPage\":{\"@id\":\"https:\/\/noticiasemdestaque.com\/cd\/?p=42838\"},\"wordCount\":252,\"publisher\":{\"@id\":\"https:\/\/noticiasemdestaque.com\/cd\/#organization\"},\"image\":{\"@id\":\"https:\/\/noticiasemdestaque.com\/cd\/?p=42838#primaryimage\"},\"thumbnailUrl\":\"https:\/\/noticiasemdestaque.com\/cd\/wp-content\/uploads\/2022\/09\/SAMU.jpg\",\"articleSection\":[\"Pol\u00edcia\"],\"inLanguage\":\"pt-BR\"},{\"@type\":\"WebPage\",\"@id\":\"https:\/\/noticiasemdestaque.com\/cd\/?p=42838\",\"url\":\"https:\/\/noticiasemdestaque.com\/cd\/?p=42838\",\"name\":\"Colis\u00e3o entre motos resulta na morte de agricultor e uma crian\u00e7a de 3 anos no cariri - Not&iacute;cias em Destaque\",\"isPartOf\":{\"@id\":\"https:\/\/noticiasemdestaque.com\/cd\/#website\"},\"primaryImageOfPage\":{\"@id\":\"https:\/\/noticiasemdestaque.com\/cd\/?p=42838#primaryimage\"},\"image\":{\"@id\":\"https:\/\/noticiasemdestaque.com\/cd\/?p=42838#primaryimage\"},\"thumbnailUrl\":\"https:\/\/noticiasemdestaque.com\/cd\/wp-content\/uploads\/2022\/09\/SAMU.jpg\",\"datePublished\":\"2022-09-22T11:56:53+00:00\",\"breadcrumb\":{\"@id\":\"https:\/\/noticiasemdestaque.com\/cd\/?p=42838#breadcrumb\"},\"inLanguage\":\"pt-BR\",\"potentialAction\":[{\"@type\":\"ReadAction\",\"target\":[\"https:\/\/noticiasemdestaque.com\/cd\/?p=42838\"]}]},{\"@type\":\"ImageObject\",\"inLanguage\":\"pt-BR\",\"@id\":\"https:\/\/noticiasemdestaque.com\/cd\/?p=42838#primaryimage\",\"url\":\"https:\/\/noticiasemdestaque.com\/cd\/wp-content\/uploads\/2022\/09\/SAMU.jpg\",\"contentUrl\":\"https:\/\/noticiasemdestaque.com\/cd\/wp-content\/uploads\/2022\/09\/SAMU.jpg\",\"width\":860,\"height\":643},{\"@type\":\"BreadcrumbList\",\"@id\":\"https:\/\/noticiasemdestaque.com\/cd\/?p=42838#breadcrumb\",\"itemListElement\":[{\"@type\":\"ListItem\",\"position\":1,\"name\":\"In\u00edcio\",\"item\":\"https:\/\/noticiasemdestaque.com\/cd\/\"},{\"@type\":\"ListItem\",\"position\":2,\"name\":\"Colis\u00e3o entre motos resulta na morte de agricultor e uma crian\u00e7a de 3 anos no cariri\"}]},{\"@type\":\"WebSite\",\"@id\":\"https:\/\/noticiasemdestaque.com\/cd\/#website\",\"url\":\"https:\/\/noticiasemdestaque.com\/cd\/\",\"name\":\"Not&iacute;cias em Destaque\",\"description\":\"\",\"publisher\":{\"@id\":\"https:\/\/noticiasemdestaque.com\/cd\/#organization\"},\"potentialAction\":[{\"@type\":\"SearchAction\",\"target\":{\"@type\":\"EntryPoint\",\"urlTemplate\":\"https:\/\/noticiasemdestaque.com\/cd\/?s={search_term_string}\"},\"query-input\":{\"@type\":\"PropertyValueSpecification\",\"valueRequired\":true,\"valueName\":\"search_term_string\"}}],\"inLanguage\":\"pt-BR\"},{\"@type\":\"Organization\",\"@id\":\"https:\/\/noticiasemdestaque.com\/cd\/#organization\",\"name\":\"Not\u00edcias em Destaque\",\"url\":\"https:\/\/noticiasemdestaque.com\/cd\/\",\"logo\":{\"@type\":\"ImageObject\",\"inLanguage\":\"pt-BR\",\"@id\":\"https:\/\/noticiasemdestaque.com\/cd\/#\/schema\/logo\/image\/\",\"url\":\"https:\/\/noticiasemdestaque.com\/cd\/wp-content\/uploads\/2022\/05\/imagem-base-noticiasemdestaque.png\",\"contentUrl\":\"https:\/\/noticiasemdestaque.com\/cd\/wp-content\/uploads\/2022\/05\/imagem-base-noticiasemdestaque.png\",\"width\":1200,\"height\":630,\"caption\":\"Not\u00edcias em Destaque\"},\"image\":{\"@id\":\"https:\/\/noticiasemdestaque.com\/cd\/#\/schema\/logo\/image\/\"}},{\"@type\":\"Person\",\"@id\":\"https:\/\/noticiasemdestaque.com\/cd\/#\/schema\/person\/4a81fb71f77579d059c3045891fa1786\",\"name\":\"Not\u00edcias em Destaque\",\"url\":\"https:\/\/noticiasemdestaque.com\/cd\/?author=2\"}]}<\/script>\n<!-- \/ Yoast SEO plugin. -->","yoast_head_json":{"title":"Colis\u00e3o entre motos resulta na morte de agricultor e uma crian\u00e7a de 3 anos no cariri - Not&iacute;cias em Destaque","robots":{"index":"index","follow":"follow","max-snippet":"max-snippet:-1","max-image-preview":"max-image-preview:large","max-video-preview":"max-video-preview:-1"},"canonical":"https:\/\/noticiasemdestaque.com\/cd\/?p=42838","og_locale":"pt_BR","og_type":"article","og_title":"Colis\u00e3o entre motos resulta na morte de agricultor e uma crian\u00e7a de 3 anos no cariri - Not&iacute;cias em Destaque","og_description":"Uma verdadeira trag\u00e9dia chocou o munic\u00edpio de Livramento no final da tarde desta quarta-feira(21), ap\u00f3s uma colis\u00e3o entre motocicletas resultar em duas pessoas mortas na estrada da PB-226, nas proximidades do trevo que d\u00e1 acesso \u00e0 Desterro e Tapero\u00e1. De acordo com informa\u00e7\u00f5es chegadas ao portal De Olho no Cariri, o acidente aconteceu nas proximidades do S\u00edtio Sussuarana, j\u00e1 na divisa do munic\u00edpio, quando no determinado trecho, duas motos colidiram frontalmente, deixando um agricultor identificado por Marcos Portela e uma crian\u00e7a de apenas tr\u00eas anos de idade identificada por Miguel, mortos no local do acidente. Uma das motocicletas estava sendo conduzida pelo agricultor Marcos (foto) que retornava da cidade de Coremas, onde atualmente residia. J\u00e1 na outra motocicleta, uma m\u00e3e identificada inicialmente por C\u00e9u, conduzia \u00e0 moto e levava seus tr\u00eas filhos no veiculo. Um dos filhos, Miguel n\u00e3o resistiu aos ferimentos e faleceu. A m\u00e3e das crian\u00e7as, C\u00e9u, ficou bastante ferida e foi socorrida em estado grave para o Hospital Regional de Tapero\u00e1. J\u00e1 os outros dois filhos, tiveram apenas ferimentos leves. A cidade de Livramento esta em choque com a trag\u00e9dia e o clima de como\u00e7\u00e3o e tristeza toma conta da cidade, j\u00e1 que as v\u00edtimas e a fam\u00edlia s\u00e3o naturais do munic\u00edpio de Livramento. Noticias em Destaque Fonte: De Olho no Cariri","og_url":"https:\/\/noticiasemdestaque.com\/cd\/?p=42838","og_site_name":"Not&iacute;cias em Destaque","article_published_time":"2022-09-22T11:56:53+00:00","og_image":[{"width":860,"height":643,"url":"https:\/\/noticiasemdestaque.com\/cd\/wp-content\/uploads\/2022\/09\/SAMU.jpg","type":"image\/jpeg"}],"author":"Not\u00edcias em Destaque","twitter_card":"summary_large_image","twitter_misc":{"Escrito por":"Not\u00edcias em Destaque","Est. tempo de leitura":"2 minutos"},"schema":{"@context":"https:\/\/schema.org","@graph":[{"@type":"Article","@id":"https:\/\/noticiasemdestaque.com\/cd\/?p=42838#article","isPartOf":{"@id":"https:\/\/noticiasemdestaque.com\/cd\/?p=42838"},"author":{"name":"Not\u00edcias em Destaque","@id":"https:\/\/noticiasemdestaque.com\/cd\/#\/schema\/person\/4a81fb71f77579d059c3045891fa1786"},"headline":"Colis\u00e3o entre motos resulta na morte de agricultor e uma crian\u00e7a de 3 anos no cariri","datePublished":"2022-09-22T11:56:53+00:00","mainEntityOfPage":{"@id":"https:\/\/noticiasemdestaque.com\/cd\/?p=42838"},"wordCount":252,"publisher":{"@id":"https:\/\/noticiasemdestaque.com\/cd\/#organization"},"image":{"@id":"https:\/\/noticiasemdestaque.com\/cd\/?p=42838#primaryimage"},"thumbnailUrl":"https:\/\/noticiasemdestaque.com\/cd\/wp-content\/uploads\/2022\/09\/SAMU.jpg","articleSection":["Pol\u00edcia"],"inLanguage":"pt-BR"},{"@type":"WebPage","@id":"https:\/\/noticiasemdestaque.com\/cd\/?p=42838","url":"https:\/\/noticiasemdestaque.com\/cd\/?p=42838","name":"Colis\u00e3o entre motos resulta na morte de agricultor e uma crian\u00e7a de 3 anos no cariri - Not&iacute;cias em Destaque","isPartOf":{"@id":"https:\/\/noticiasemdestaque.com\/cd\/#website"},"primaryImageOfPage":{"@id":"https:\/\/noticiasemdestaque.com\/cd\/?p=42838#primaryimage"},"image":{"@id":"https:\/\/noticiasemdestaque.com\/cd\/?p=42838#primaryimage"},"thumbnailUrl":"https:\/\/noticiasemdestaque.com\/cd\/wp-content\/uploads\/2022\/09\/SAMU.jpg","datePublished":"2022-09-22T11:56:53+00:00","breadcrumb":{"@id":"https:\/\/noticiasemdestaque.com\/cd\/?p=42838#breadcrumb"},"inLanguage":"pt-BR","potentialAction":[{"@type":"ReadAction","target":["https:\/\/noticiasemdestaque.com\/cd\/?p=42838"]}]},{"@type":"ImageObject","inLanguage":"pt-BR","@id":"https:\/\/noticiasemdestaque.com\/cd\/?p=42838#primaryimage","url":"https:\/\/noticiasemdestaque.com\/cd\/wp-content\/uploads\/2022\/09\/SAMU.jpg","contentUrl":"https:\/\/noticiasemdestaque.com\/cd\/wp-content\/uploads\/2022\/09\/SAMU.jpg","width":860,"height":643},{"@type":"BreadcrumbList","@id":"https:\/\/noticiasemdestaque.com\/cd\/?p=42838#breadcrumb","itemListElement":[{"@type":"ListItem","position":1,"name":"In\u00edcio","item":"https:\/\/noticiasemdestaque.com\/cd\/"},{"@type":"ListItem","position":2,"name":"Colis\u00e3o entre motos resulta na morte de agricultor e uma crian\u00e7a de 3 anos no cariri"}]},{"@type":"WebSite","@id":"https:\/\/noticiasemdestaque.com\/cd\/#website","url":"https:\/\/noticiasemdestaque.com\/cd\/","name":"Not&iacute;cias em Destaque","description":"","publisher":{"@id":"https:\/\/noticiasemdestaque.com\/cd\/#organization"},"potentialAction":[{"@type":"SearchAction","target":{"@type":"EntryPoint","urlTemplate":"https:\/\/noticiasemdestaque.com\/cd\/?s={search_term_string}"},"query-input":{"@type":"PropertyValueSpecification","valueRequired":true,"valueName":"search_term_string"}}],"inLanguage":"pt-BR"},{"@type":"Organization","@id":"https:\/\/noticiasemdestaque.com\/cd\/#organization","name":"Not\u00edcias em Destaque","url":"https:\/\/noticiasemdestaque.com\/cd\/","logo":{"@type":"ImageObject","inLanguage":"pt-BR","@id":"https:\/\/noticiasemdestaque.com\/cd\/#\/schema\/logo\/image\/","url":"https:\/\/noticiasemdestaque.com\/cd\/wp-content\/uploads\/2022\/05\/imagem-base-noticiasemdestaque.png","contentUrl":"https:\/\/noticiasemdestaque.com\/cd\/wp-content\/uploads\/2022\/05\/imagem-base-noticiasemdestaque.png","width":1200,"height":630,"caption":"Not\u00edcias em Destaque"},"image":{"@id":"https:\/\/noticiasemdestaque.com\/cd\/#\/schema\/logo\/image\/"}},{"@type":"Person","@id":"https:\/\/noticiasemdestaque.com\/cd\/#\/schema\/person\/4a81fb71f77579d059c3045891fa1786","name":"Not\u00edcias em Destaque","url":"https:\/\/noticiasemdestaque.com\/cd\/?author=2"}]}},"jetpack_featured_media_url":"https:\/\/noticiasemdestaque.com\/cd\/wp-content\/uploads\/2022\/09\/SAMU.jpg","jetpack_sharing_enabled":true,"_links":{"self":[{"href":"https:\/\/noticiasemdestaque.com\/cd\/index.php?rest_route=\/wp\/v2\/posts\/42838","targetHints":{"allow":["GET"]}}],"collection":[{"href":"https:\/\/noticiasemdestaque.com\/cd\/index.php?rest_route=\/wp\/v2\/posts"}],"about":[{"href":"https:\/\/noticiasemdestaque.com\/cd\/index.php?rest_route=\/wp\/v2\/types\/post"}],"author":[{"embeddable":true,"href":"https:\/\/noticiasemdestaque.com\/cd\/index.php?rest_route=\/wp\/v2\/users\/2"}],"replies":[{"embeddable":true,"href":"https:\/\/noticiasemdestaque.com\/cd\/index.php?rest_route=%2Fwp%2Fv2%2Fcomments&post=42838"}],"version-history":[{"count":1,"href":"https:\/\/noticiasemdestaque.com\/cd\/index.php?rest_route=\/wp\/v2\/posts\/42838\/revisions"}],"predecessor-version":[{"id":42840,"href":"https:\/\/noticiasemdestaque.com\/cd\/index.php?rest_route=\/wp\/v2\/posts\/42838\/revisions\/42840"}],"wp:featuredmedia":[{"embeddable":true,"href":"https:\/\/noticiasemdestaque.com\/cd\/index.php?rest_route=\/wp\/v2\/media\/42839"}],"wp:attachment":[{"href":"https:\/\/noticiasemdestaque.com\/cd\/index.php?rest_route=%2Fwp%2Fv2%2Fmedia&parent=42838"}],"wp:term":[{"taxonomy":"category","embeddable":true,"href":"https:\/\/noticiasemdestaque.com\/cd\/index.php?rest_route=%2Fwp%2Fv2%2Fcategories&post=42838"},{"taxonomy":"post_tag","embeddable":true,"href":"https:\/\/noticiasemdestaque.com\/cd\/index.php?rest_route=%2Fwp%2Fv2%2Ftags&post=42838"}],"curies":[{"name":"wp","href":"https:\/\/api.w.org\/{rel}","templated":true}]}}