{"id":42835,"date":"2022-09-22T08:50:25","date_gmt":"2022-09-22T11:50:25","guid":{"rendered":"https:\/\/noticiasemdestaque.com\/cd\/?p=42835"},"modified":"2022-09-22T08:50:25","modified_gmt":"2022-09-22T11:50:25","slug":"helicoptero-que-transportava-deputado-federal-cai-apos-colidir-com-rede-eletrica","status":"publish","type":"post","link":"https:\/\/noticiasemdestaque.com\/cd\/?p=42835","title":{"rendered":"Helic\u00f3ptero que transportava deputado federal cai ap\u00f3s colidir com rede el\u00e9trica"},"content":{"rendered":"<p><a href=\"https:\/\/noticiasemdestaque.com\/cd\/wp-content\/uploads\/2022\/09\/helicoptero.webp\"><img fetchpriority=\"high\" decoding=\"async\" class=\"alignnone  wp-image-42836\" src=\"https:\/\/noticiasemdestaque.com\/cd\/wp-content\/uploads\/2022\/09\/helicoptero-300x195.webp\" alt=\"\" width=\"871\" height=\"566\" srcset=\"https:\/\/noticiasemdestaque.com\/cd\/wp-content\/uploads\/2022\/09\/helicoptero-300x195.webp 300w, https:\/\/noticiasemdestaque.com\/cd\/wp-content\/uploads\/2022\/09\/helicoptero-18x12.webp 18w, https:\/\/noticiasemdestaque.com\/cd\/wp-content\/uploads\/2022\/09\/helicoptero-230x150.webp 230w, https:\/\/noticiasemdestaque.com\/cd\/wp-content\/uploads\/2022\/09\/helicoptero.webp 635w\" sizes=\"(max-width: 871px) 100vw, 871px\" \/><\/a><\/p>\n<p>O helic\u00f3ptero que transportava o deputado federal e candidato \u00e0 reelei\u00e7\u00e3o, Herc\u00edlio Diniz, e o vice-prefeito de Governador Valadares, David Barroso, caiu no in\u00edcio da tarde desta quarta-feira (21), ap\u00f3s colidir com fios da rede el\u00e9trica, no Distrito do Tra\u00edra, em Engenheiro Caldas, munic\u00edpio de Minas Gerais. Al\u00e9m dos pol\u00edticos e do piloto Fafael Rufino, estava na aeronave o locutor Fabiano Viana.<\/p>\n<p>N\u00e3o h\u00e1 v\u00edtimas fatais, segundo informa\u00e7\u00f5es do Corpo de Bombeiros. Equipes da corpora\u00e7\u00e3o e do SAMU prestaram os primeiros atendimentos m\u00e9dicos no local.<\/p>\n<p>O Corpo de Bombeiros informou que o acidente aconteceu quando o helic\u00f3ptero pousava. A \u00e1rea de brejo existente no local amorteceu a queda.<\/p>\n<p>A Cemig (Companhia Energ\u00e9tica de Minas Gerais) foi chamada para cortar a energia.<\/p>\n<p><strong>Noticias em Destaque<\/strong><\/p>\n<p style=\"text-align: right;\"><em>Fonte: Mais PB<\/em><\/p>\n","protected":false},"excerpt":{"rendered":"<p>O helic\u00f3ptero que transportava o deputado federal e candidato \u00e0 reelei\u00e7\u00e3o, Herc\u00edlio Diniz, e o vice-prefeito de Governador Valadares, David Barroso, caiu no in\u00edcio da tarde desta quarta-feira (21), ap\u00f3s colidir com fios da rede el\u00e9trica, no Distrito do Tra\u00edra, em Engenheiro Caldas, munic\u00edpio de Minas Gerais. Al\u00e9m dos pol\u00edticos e do piloto Fafael Rufino, estava na aeronave o locutor Fabiano Viana. N\u00e3o h\u00e1 v\u00edtimas fatais, segundo informa\u00e7\u00f5es do Corpo de Bombeiros. Equipes da corpora\u00e7\u00e3o e do SAMU prestaram os primeiros atendimentos m\u00e9dicos no local. O Corpo de Bombeiros informou que o acidente aconteceu quando o helic\u00f3ptero pousava. A \u00e1rea de brejo existente no local amorteceu a queda. A Cemig (Companhia Energ\u00e9tica de Minas Gerais) foi chamada para cortar a energia. Noticias em Destaque Fonte: Mais PB<\/p>\n","protected":false},"author":2,"featured_media":42836,"comment_status":"closed","ping_status":"open","sticky":false,"template":"","format":"standard","meta":{"_eb_attr":"","_jetpack_memberships_contains_paid_content":false,"footnotes":""},"categories":[12],"tags":[],"class_list":["post-42835","post","type-post","status-publish","format-standard","has-post-thumbnail","hentry","category-geral"],"yoast_head":"<!-- This site is optimized with the Yoast SEO plugin v26.5 - https:\/\/yoast.com\/wordpress\/plugins\/seo\/ -->\n<title>Helic\u00f3ptero que transportava deputado federal cai ap\u00f3s colidir com rede el\u00e9trica - Not&iacute;cias em Destaque<\/title>\n<meta name=\"robots\" content=\"index, follow, max-snippet:-1, max-image-preview:large, max-video-preview:-1\" \/>\n<link rel=\"canonical\" href=\"https:\/\/noticiasemdestaque.com\/cd\/?p=42835\" \/>\n<meta property=\"og:locale\" content=\"pt_BR\" \/>\n<meta property=\"og:type\" content=\"article\" \/>\n<meta property=\"og:title\" content=\"Helic\u00f3ptero que transportava deputado federal cai ap\u00f3s colidir com rede el\u00e9trica - Not&iacute;cias em Destaque\" \/>\n<meta property=\"og:description\" content=\"O helic\u00f3ptero que transportava o deputado federal e candidato \u00e0 reelei\u00e7\u00e3o, Herc\u00edlio Diniz, e o vice-prefeito de Governador Valadares, David Barroso, caiu no in\u00edcio da tarde desta quarta-feira (21), ap\u00f3s colidir com fios da rede el\u00e9trica, no Distrito do Tra\u00edra, em Engenheiro Caldas, munic\u00edpio de Minas Gerais. Al\u00e9m dos pol\u00edticos e do piloto Fafael Rufino, estava na aeronave o locutor Fabiano Viana. N\u00e3o h\u00e1 v\u00edtimas fatais, segundo informa\u00e7\u00f5es do Corpo de Bombeiros. Equipes da corpora\u00e7\u00e3o e do SAMU prestaram os primeiros atendimentos m\u00e9dicos no local. O Corpo de Bombeiros informou que o acidente aconteceu quando o helic\u00f3ptero pousava. A \u00e1rea de brejo existente no local amorteceu a queda. A Cemig (Companhia Energ\u00e9tica de Minas Gerais) foi chamada para cortar a energia. Noticias em Destaque Fonte: Mais PB\" \/>\n<meta property=\"og:url\" content=\"https:\/\/noticiasemdestaque.com\/cd\/?p=42835\" \/>\n<meta property=\"og:site_name\" content=\"Not&iacute;cias em Destaque\" \/>\n<meta property=\"article:published_time\" content=\"2022-09-22T11:50:25+00:00\" \/>\n<meta property=\"og:image\" content=\"https:\/\/noticiasemdestaque.com\/cd\/wp-content\/uploads\/2022\/09\/helicoptero.webp\" \/>\n\t<meta property=\"og:image:width\" content=\"635\" \/>\n\t<meta property=\"og:image:height\" content=\"412\" \/>\n\t<meta property=\"og:image:type\" content=\"image\/webp\" \/>\n<meta name=\"author\" content=\"Not\u00edcias em Destaque\" \/>\n<meta name=\"twitter:card\" content=\"summary_large_image\" \/>\n<meta name=\"twitter:label1\" content=\"Escrito por\" \/>\n\t<meta name=\"twitter:data1\" content=\"Not\u00edcias em Destaque\" \/>\n\t<meta name=\"twitter:label2\" content=\"Est. tempo de leitura\" \/>\n\t<meta name=\"twitter:data2\" content=\"1 minuto\" \/>\n<script type=\"application\/ld+json\" class=\"yoast-schema-graph\">{\"@context\":\"https:\/\/schema.org\",\"@graph\":[{\"@type\":\"Article\",\"@id\":\"https:\/\/noticiasemdestaque.com\/cd\/?p=42835#article\",\"isPartOf\":{\"@id\":\"https:\/\/noticiasemdestaque.com\/cd\/?p=42835\"},\"author\":{\"name\":\"Not\u00edcias em Destaque\",\"@id\":\"https:\/\/noticiasemdestaque.com\/cd\/#\/schema\/person\/4a81fb71f77579d059c3045891fa1786\"},\"headline\":\"Helic\u00f3ptero que transportava deputado federal cai ap\u00f3s colidir com rede el\u00e9trica\",\"datePublished\":\"2022-09-22T11:50:25+00:00\",\"mainEntityOfPage\":{\"@id\":\"https:\/\/noticiasemdestaque.com\/cd\/?p=42835\"},\"wordCount\":156,\"publisher\":{\"@id\":\"https:\/\/noticiasemdestaque.com\/cd\/#organization\"},\"image\":{\"@id\":\"https:\/\/noticiasemdestaque.com\/cd\/?p=42835#primaryimage\"},\"thumbnailUrl\":\"https:\/\/noticiasemdestaque.com\/cd\/wp-content\/uploads\/2022\/09\/helicoptero.webp\",\"articleSection\":[\"Geral\"],\"inLanguage\":\"pt-BR\"},{\"@type\":\"WebPage\",\"@id\":\"https:\/\/noticiasemdestaque.com\/cd\/?p=42835\",\"url\":\"https:\/\/noticiasemdestaque.com\/cd\/?p=42835\",\"name\":\"Helic\u00f3ptero que transportava deputado federal cai ap\u00f3s colidir com rede el\u00e9trica - Not&iacute;cias em Destaque\",\"isPartOf\":{\"@id\":\"https:\/\/noticiasemdestaque.com\/cd\/#website\"},\"primaryImageOfPage\":{\"@id\":\"https:\/\/noticiasemdestaque.com\/cd\/?p=42835#primaryimage\"},\"image\":{\"@id\":\"https:\/\/noticiasemdestaque.com\/cd\/?p=42835#primaryimage\"},\"thumbnailUrl\":\"https:\/\/noticiasemdestaque.com\/cd\/wp-content\/uploads\/2022\/09\/helicoptero.webp\",\"datePublished\":\"2022-09-22T11:50:25+00:00\",\"breadcrumb\":{\"@id\":\"https:\/\/noticiasemdestaque.com\/cd\/?p=42835#breadcrumb\"},\"inLanguage\":\"pt-BR\",\"potentialAction\":[{\"@type\":\"ReadAction\",\"target\":[\"https:\/\/noticiasemdestaque.com\/cd\/?p=42835\"]}]},{\"@type\":\"ImageObject\",\"inLanguage\":\"pt-BR\",\"@id\":\"https:\/\/noticiasemdestaque.com\/cd\/?p=42835#primaryimage\",\"url\":\"https:\/\/noticiasemdestaque.com\/cd\/wp-content\/uploads\/2022\/09\/helicoptero.webp\",\"contentUrl\":\"https:\/\/noticiasemdestaque.com\/cd\/wp-content\/uploads\/2022\/09\/helicoptero.webp\",\"width\":635,\"height\":412},{\"@type\":\"BreadcrumbList\",\"@id\":\"https:\/\/noticiasemdestaque.com\/cd\/?p=42835#breadcrumb\",\"itemListElement\":[{\"@type\":\"ListItem\",\"position\":1,\"name\":\"In\u00edcio\",\"item\":\"https:\/\/noticiasemdestaque.com\/cd\/\"},{\"@type\":\"ListItem\",\"position\":2,\"name\":\"Helic\u00f3ptero que transportava deputado federal cai ap\u00f3s colidir com rede el\u00e9trica\"}]},{\"@type\":\"WebSite\",\"@id\":\"https:\/\/noticiasemdestaque.com\/cd\/#website\",\"url\":\"https:\/\/noticiasemdestaque.com\/cd\/\",\"name\":\"Not&iacute;cias em Destaque\",\"description\":\"\",\"publisher\":{\"@id\":\"https:\/\/noticiasemdestaque.com\/cd\/#organization\"},\"potentialAction\":[{\"@type\":\"SearchAction\",\"target\":{\"@type\":\"EntryPoint\",\"urlTemplate\":\"https:\/\/noticiasemdestaque.com\/cd\/?s={search_term_string}\"},\"query-input\":{\"@type\":\"PropertyValueSpecification\",\"valueRequired\":true,\"valueName\":\"search_term_string\"}}],\"inLanguage\":\"pt-BR\"},{\"@type\":\"Organization\",\"@id\":\"https:\/\/noticiasemdestaque.com\/cd\/#organization\",\"name\":\"Not\u00edcias em Destaque\",\"url\":\"https:\/\/noticiasemdestaque.com\/cd\/\",\"logo\":{\"@type\":\"ImageObject\",\"inLanguage\":\"pt-BR\",\"@id\":\"https:\/\/noticiasemdestaque.com\/cd\/#\/schema\/logo\/image\/\",\"url\":\"https:\/\/noticiasemdestaque.com\/cd\/wp-content\/uploads\/2022\/05\/imagem-base-noticiasemdestaque.png\",\"contentUrl\":\"https:\/\/noticiasemdestaque.com\/cd\/wp-content\/uploads\/2022\/05\/imagem-base-noticiasemdestaque.png\",\"width\":1200,\"height\":630,\"caption\":\"Not\u00edcias em Destaque\"},\"image\":{\"@id\":\"https:\/\/noticiasemdestaque.com\/cd\/#\/schema\/logo\/image\/\"}},{\"@type\":\"Person\",\"@id\":\"https:\/\/noticiasemdestaque.com\/cd\/#\/schema\/person\/4a81fb71f77579d059c3045891fa1786\",\"name\":\"Not\u00edcias em Destaque\",\"url\":\"https:\/\/noticiasemdestaque.com\/cd\/?author=2\"}]}<\/script>\n<!-- \/ Yoast SEO plugin. -->","yoast_head_json":{"title":"Helic\u00f3ptero que transportava deputado federal cai ap\u00f3s colidir com rede el\u00e9trica - Not&iacute;cias em Destaque","robots":{"index":"index","follow":"follow","max-snippet":"max-snippet:-1","max-image-preview":"max-image-preview:large","max-video-preview":"max-video-preview:-1"},"canonical":"https:\/\/noticiasemdestaque.com\/cd\/?p=42835","og_locale":"pt_BR","og_type":"article","og_title":"Helic\u00f3ptero que transportava deputado federal cai ap\u00f3s colidir com rede el\u00e9trica - Not&iacute;cias em Destaque","og_description":"O helic\u00f3ptero que transportava o deputado federal e candidato \u00e0 reelei\u00e7\u00e3o, Herc\u00edlio Diniz, e o vice-prefeito de Governador Valadares, David Barroso, caiu no in\u00edcio da tarde desta quarta-feira (21), ap\u00f3s colidir com fios da rede el\u00e9trica, no Distrito do Tra\u00edra, em Engenheiro Caldas, munic\u00edpio de Minas Gerais. Al\u00e9m dos pol\u00edticos e do piloto Fafael Rufino, estava na aeronave o locutor Fabiano Viana. N\u00e3o h\u00e1 v\u00edtimas fatais, segundo informa\u00e7\u00f5es do Corpo de Bombeiros. Equipes da corpora\u00e7\u00e3o e do SAMU prestaram os primeiros atendimentos m\u00e9dicos no local. O Corpo de Bombeiros informou que o acidente aconteceu quando o helic\u00f3ptero pousava. A \u00e1rea de brejo existente no local amorteceu a queda. A Cemig (Companhia Energ\u00e9tica de Minas Gerais) foi chamada para cortar a energia. Noticias em Destaque Fonte: Mais PB","og_url":"https:\/\/noticiasemdestaque.com\/cd\/?p=42835","og_site_name":"Not&iacute;cias em Destaque","article_published_time":"2022-09-22T11:50:25+00:00","og_image":[{"width":635,"height":412,"url":"https:\/\/noticiasemdestaque.com\/cd\/wp-content\/uploads\/2022\/09\/helicoptero.webp","type":"image\/webp"}],"author":"Not\u00edcias em Destaque","twitter_card":"summary_large_image","twitter_misc":{"Escrito por":"Not\u00edcias em Destaque","Est. tempo de leitura":"1 minuto"},"schema":{"@context":"https:\/\/schema.org","@graph":[{"@type":"Article","@id":"https:\/\/noticiasemdestaque.com\/cd\/?p=42835#article","isPartOf":{"@id":"https:\/\/noticiasemdestaque.com\/cd\/?p=42835"},"author":{"name":"Not\u00edcias em Destaque","@id":"https:\/\/noticiasemdestaque.com\/cd\/#\/schema\/person\/4a81fb71f77579d059c3045891fa1786"},"headline":"Helic\u00f3ptero que transportava deputado federal cai ap\u00f3s colidir com rede el\u00e9trica","datePublished":"2022-09-22T11:50:25+00:00","mainEntityOfPage":{"@id":"https:\/\/noticiasemdestaque.com\/cd\/?p=42835"},"wordCount":156,"publisher":{"@id":"https:\/\/noticiasemdestaque.com\/cd\/#organization"},"image":{"@id":"https:\/\/noticiasemdestaque.com\/cd\/?p=42835#primaryimage"},"thumbnailUrl":"https:\/\/noticiasemdestaque.com\/cd\/wp-content\/uploads\/2022\/09\/helicoptero.webp","articleSection":["Geral"],"inLanguage":"pt-BR"},{"@type":"WebPage","@id":"https:\/\/noticiasemdestaque.com\/cd\/?p=42835","url":"https:\/\/noticiasemdestaque.com\/cd\/?p=42835","name":"Helic\u00f3ptero que transportava deputado federal cai ap\u00f3s colidir com rede el\u00e9trica - Not&iacute;cias em Destaque","isPartOf":{"@id":"https:\/\/noticiasemdestaque.com\/cd\/#website"},"primaryImageOfPage":{"@id":"https:\/\/noticiasemdestaque.com\/cd\/?p=42835#primaryimage"},"image":{"@id":"https:\/\/noticiasemdestaque.com\/cd\/?p=42835#primaryimage"},"thumbnailUrl":"https:\/\/noticiasemdestaque.com\/cd\/wp-content\/uploads\/2022\/09\/helicoptero.webp","datePublished":"2022-09-22T11:50:25+00:00","breadcrumb":{"@id":"https:\/\/noticiasemdestaque.com\/cd\/?p=42835#breadcrumb"},"inLanguage":"pt-BR","potentialAction":[{"@type":"ReadAction","target":["https:\/\/noticiasemdestaque.com\/cd\/?p=42835"]}]},{"@type":"ImageObject","inLanguage":"pt-BR","@id":"https:\/\/noticiasemdestaque.com\/cd\/?p=42835#primaryimage","url":"https:\/\/noticiasemdestaque.com\/cd\/wp-content\/uploads\/2022\/09\/helicoptero.webp","contentUrl":"https:\/\/noticiasemdestaque.com\/cd\/wp-content\/uploads\/2022\/09\/helicoptero.webp","width":635,"height":412},{"@type":"BreadcrumbList","@id":"https:\/\/noticiasemdestaque.com\/cd\/?p=42835#breadcrumb","itemListElement":[{"@type":"ListItem","position":1,"name":"In\u00edcio","item":"https:\/\/noticiasemdestaque.com\/cd\/"},{"@type":"ListItem","position":2,"name":"Helic\u00f3ptero que transportava deputado federal cai ap\u00f3s colidir com rede el\u00e9trica"}]},{"@type":"WebSite","@id":"https:\/\/noticiasemdestaque.com\/cd\/#website","url":"https:\/\/noticiasemdestaque.com\/cd\/","name":"Not&iacute;cias em Destaque","description":"","publisher":{"@id":"https:\/\/noticiasemdestaque.com\/cd\/#organization"},"potentialAction":[{"@type":"SearchAction","target":{"@type":"EntryPoint","urlTemplate":"https:\/\/noticiasemdestaque.com\/cd\/?s={search_term_string}"},"query-input":{"@type":"PropertyValueSpecification","valueRequired":true,"valueName":"search_term_string"}}],"inLanguage":"pt-BR"},{"@type":"Organization","@id":"https:\/\/noticiasemdestaque.com\/cd\/#organization","name":"Not\u00edcias em Destaque","url":"https:\/\/noticiasemdestaque.com\/cd\/","logo":{"@type":"ImageObject","inLanguage":"pt-BR","@id":"https:\/\/noticiasemdestaque.com\/cd\/#\/schema\/logo\/image\/","url":"https:\/\/noticiasemdestaque.com\/cd\/wp-content\/uploads\/2022\/05\/imagem-base-noticiasemdestaque.png","contentUrl":"https:\/\/noticiasemdestaque.com\/cd\/wp-content\/uploads\/2022\/05\/imagem-base-noticiasemdestaque.png","width":1200,"height":630,"caption":"Not\u00edcias em Destaque"},"image":{"@id":"https:\/\/noticiasemdestaque.com\/cd\/#\/schema\/logo\/image\/"}},{"@type":"Person","@id":"https:\/\/noticiasemdestaque.com\/cd\/#\/schema\/person\/4a81fb71f77579d059c3045891fa1786","name":"Not\u00edcias em Destaque","url":"https:\/\/noticiasemdestaque.com\/cd\/?author=2"}]}},"jetpack_featured_media_url":"https:\/\/noticiasemdestaque.com\/cd\/wp-content\/uploads\/2022\/09\/helicoptero.webp","jetpack_sharing_enabled":true,"_links":{"self":[{"href":"https:\/\/noticiasemdestaque.com\/cd\/index.php?rest_route=\/wp\/v2\/posts\/42835","targetHints":{"allow":["GET"]}}],"collection":[{"href":"https:\/\/noticiasemdestaque.com\/cd\/index.php?rest_route=\/wp\/v2\/posts"}],"about":[{"href":"https:\/\/noticiasemdestaque.com\/cd\/index.php?rest_route=\/wp\/v2\/types\/post"}],"author":[{"embeddable":true,"href":"https:\/\/noticiasemdestaque.com\/cd\/index.php?rest_route=\/wp\/v2\/users\/2"}],"replies":[{"embeddable":true,"href":"https:\/\/noticiasemdestaque.com\/cd\/index.php?rest_route=%2Fwp%2Fv2%2Fcomments&post=42835"}],"version-history":[{"count":1,"href":"https:\/\/noticiasemdestaque.com\/cd\/index.php?rest_route=\/wp\/v2\/posts\/42835\/revisions"}],"predecessor-version":[{"id":42837,"href":"https:\/\/noticiasemdestaque.com\/cd\/index.php?rest_route=\/wp\/v2\/posts\/42835\/revisions\/42837"}],"wp:featuredmedia":[{"embeddable":true,"href":"https:\/\/noticiasemdestaque.com\/cd\/index.php?rest_route=\/wp\/v2\/media\/42836"}],"wp:attachment":[{"href":"https:\/\/noticiasemdestaque.com\/cd\/index.php?rest_route=%2Fwp%2Fv2%2Fmedia&parent=42835"}],"wp:term":[{"taxonomy":"category","embeddable":true,"href":"https:\/\/noticiasemdestaque.com\/cd\/index.php?rest_route=%2Fwp%2Fv2%2Fcategories&post=42835"},{"taxonomy":"post_tag","embeddable":true,"href":"https:\/\/noticiasemdestaque.com\/cd\/index.php?rest_route=%2Fwp%2Fv2%2Ftags&post=42835"}],"curies":[{"name":"wp","href":"https:\/\/api.w.org\/{rel}","templated":true}]}}