{"id":42832,"date":"2022-09-22T08:45:38","date_gmt":"2022-09-22T11:45:38","guid":{"rendered":"https:\/\/noticiasemdestaque.com\/cd\/?p=42832"},"modified":"2022-09-22T08:45:38","modified_gmt":"2022-09-22T11:45:38","slug":"policia-apreende-mais-de-200-kg-de-drogas-no-geisel-em-joao-pessoa","status":"publish","type":"post","link":"https:\/\/noticiasemdestaque.com\/cd\/?p=42832","title":{"rendered":"Pol\u00edcia apreende mais de 200 kg de drogas no Geisel, em Jo\u00e3o Pessoa"},"content":{"rendered":"<p>A Pol\u00edcia Militar apreendeu quase 250 kg de drogas na tarde desta quarta-feira (21), no Geisel, zona sul de Jo\u00e3o Pessoa. Os entorpecentes foram encontrados em uma resid\u00eancia durante o resgate de um animal em situa\u00e7\u00e3o de maus tratos.<\/p>\n<p>De acordo com informa\u00e7\u00f5es da Pol\u00edcia Militar, policiais receberam den\u00fancia de que existia um animal de estima\u00e7\u00e3o sofrendo maus tratos na resid\u00eancia. Ap\u00f3s averiguar, os policiais notaram que o animal estava sem \u00e1gua, sem refei\u00e7\u00e3o e amarrado junto a dejetos.<\/p>\n<p>Somente no local os policiais notaram os entorpecentes e, ap\u00f3s entrar na casa, encontraram as drogas.<\/p>\n<p>O material apreendido foi encaminhado para a Central de Pol\u00edcia de Jo\u00e3o Pessoa.<\/p>\n<figure><img decoding=\"async\" src=\"https:\/\/www.clickpb.com.br\/media\/filer_public\/74\/a8\/74a8ee55-0f0e-44ff-84f8-203bfb73103f\/whatsapp_image_2022-09-22_at_060701_1.jpeg\" data-image=\"199401\" \/><\/figure>\n<p><strong>Noticias em Destaque<\/strong><\/p>\n<p style=\"text-align: right;\"><em>Fonte: Click PB<\/em><\/p>\n","protected":false},"excerpt":{"rendered":"<p>A Pol\u00edcia Militar apreendeu quase 250 kg de drogas na tarde desta quarta-feira (21), no Geisel, zona sul de Jo\u00e3o Pessoa. Os entorpecentes foram encontrados em uma resid\u00eancia durante o resgate de um animal em situa\u00e7\u00e3o de maus tratos. De acordo com informa\u00e7\u00f5es da Pol\u00edcia Militar, policiais receberam den\u00fancia de que existia um animal de estima\u00e7\u00e3o sofrendo maus tratos na resid\u00eancia. Ap\u00f3s averiguar, os policiais notaram que o animal estava sem \u00e1gua, sem refei\u00e7\u00e3o e amarrado junto a dejetos. Somente no local os policiais notaram os entorpecentes e, ap\u00f3s entrar na casa, encontraram as drogas. O material apreendido foi encaminhado para a Central de Pol\u00edcia de Jo\u00e3o Pessoa. Noticias em Destaque Fonte: Click PB<\/p>\n","protected":false},"author":2,"featured_media":42833,"comment_status":"closed","ping_status":"open","sticky":false,"template":"","format":"standard","meta":{"_eb_attr":"","_jetpack_memberships_contains_paid_content":false,"footnotes":""},"categories":[20],"tags":[],"class_list":["post-42832","post","type-post","status-publish","format-standard","has-post-thumbnail","hentry","category-policia"],"yoast_head":"<!-- This site is optimized with the Yoast SEO plugin v26.5 - https:\/\/yoast.com\/wordpress\/plugins\/seo\/ -->\n<title>Pol\u00edcia apreende mais de 200 kg de drogas no Geisel, em Jo\u00e3o Pessoa - Not&iacute;cias em Destaque<\/title>\n<meta name=\"robots\" content=\"index, follow, max-snippet:-1, max-image-preview:large, max-video-preview:-1\" \/>\n<link rel=\"canonical\" href=\"https:\/\/noticiasemdestaque.com\/cd\/?p=42832\" \/>\n<meta property=\"og:locale\" content=\"pt_BR\" \/>\n<meta property=\"og:type\" content=\"article\" \/>\n<meta property=\"og:title\" content=\"Pol\u00edcia apreende mais de 200 kg de drogas no Geisel, em Jo\u00e3o Pessoa - Not&iacute;cias em Destaque\" \/>\n<meta property=\"og:description\" content=\"A Pol\u00edcia Militar apreendeu quase 250 kg de drogas na tarde desta quarta-feira (21), no Geisel, zona sul de Jo\u00e3o Pessoa. Os entorpecentes foram encontrados em uma resid\u00eancia durante o resgate de um animal em situa\u00e7\u00e3o de maus tratos. De acordo com informa\u00e7\u00f5es da Pol\u00edcia Militar, policiais receberam den\u00fancia de que existia um animal de estima\u00e7\u00e3o sofrendo maus tratos na resid\u00eancia. Ap\u00f3s averiguar, os policiais notaram que o animal estava sem \u00e1gua, sem refei\u00e7\u00e3o e amarrado junto a dejetos. Somente no local os policiais notaram os entorpecentes e, ap\u00f3s entrar na casa, encontraram as drogas. O material apreendido foi encaminhado para a Central de Pol\u00edcia de Jo\u00e3o Pessoa. Noticias em Destaque Fonte: Click PB\" \/>\n<meta property=\"og:url\" content=\"https:\/\/noticiasemdestaque.com\/cd\/?p=42832\" \/>\n<meta property=\"og:site_name\" content=\"Not&iacute;cias em Destaque\" \/>\n<meta property=\"article:published_time\" content=\"2022-09-22T11:45:38+00:00\" \/>\n<meta property=\"og:image\" content=\"https:\/\/noticiasemdestaque.com\/cd\/wp-content\/uploads\/2022\/09\/Policia-apreende-mais-de-200-kg-de-drogas-no-Geisel-em-Joao-Pessoa.jpeg\" \/>\n\t<meta property=\"og:image:width\" content=\"876\" \/>\n\t<meta property=\"og:image:height\" content=\"585\" \/>\n\t<meta property=\"og:image:type\" content=\"image\/jpeg\" \/>\n<meta name=\"author\" content=\"Not\u00edcias em Destaque\" \/>\n<meta name=\"twitter:card\" content=\"summary_large_image\" \/>\n<meta name=\"twitter:label1\" content=\"Escrito por\" \/>\n\t<meta name=\"twitter:data1\" content=\"Not\u00edcias em Destaque\" \/>\n\t<meta name=\"twitter:label2\" content=\"Est. tempo de leitura\" \/>\n\t<meta name=\"twitter:data2\" content=\"1 minuto\" \/>\n<script type=\"application\/ld+json\" class=\"yoast-schema-graph\">{\"@context\":\"https:\/\/schema.org\",\"@graph\":[{\"@type\":\"Article\",\"@id\":\"https:\/\/noticiasemdestaque.com\/cd\/?p=42832#article\",\"isPartOf\":{\"@id\":\"https:\/\/noticiasemdestaque.com\/cd\/?p=42832\"},\"author\":{\"name\":\"Not\u00edcias em Destaque\",\"@id\":\"https:\/\/noticiasemdestaque.com\/cd\/#\/schema\/person\/4a81fb71f77579d059c3045891fa1786\"},\"headline\":\"Pol\u00edcia apreende mais de 200 kg de drogas no Geisel, em Jo\u00e3o Pessoa\",\"datePublished\":\"2022-09-22T11:45:38+00:00\",\"mainEntityOfPage\":{\"@id\":\"https:\/\/noticiasemdestaque.com\/cd\/?p=42832\"},\"wordCount\":140,\"publisher\":{\"@id\":\"https:\/\/noticiasemdestaque.com\/cd\/#organization\"},\"image\":{\"@id\":\"https:\/\/noticiasemdestaque.com\/cd\/?p=42832#primaryimage\"},\"thumbnailUrl\":\"https:\/\/noticiasemdestaque.com\/cd\/wp-content\/uploads\/2022\/09\/Policia-apreende-mais-de-200-kg-de-drogas-no-Geisel-em-Joao-Pessoa.jpeg\",\"articleSection\":[\"Pol\u00edcia\"],\"inLanguage\":\"pt-BR\"},{\"@type\":\"WebPage\",\"@id\":\"https:\/\/noticiasemdestaque.com\/cd\/?p=42832\",\"url\":\"https:\/\/noticiasemdestaque.com\/cd\/?p=42832\",\"name\":\"Pol\u00edcia apreende mais de 200 kg de drogas no Geisel, em Jo\u00e3o Pessoa - Not&iacute;cias em Destaque\",\"isPartOf\":{\"@id\":\"https:\/\/noticiasemdestaque.com\/cd\/#website\"},\"primaryImageOfPage\":{\"@id\":\"https:\/\/noticiasemdestaque.com\/cd\/?p=42832#primaryimage\"},\"image\":{\"@id\":\"https:\/\/noticiasemdestaque.com\/cd\/?p=42832#primaryimage\"},\"thumbnailUrl\":\"https:\/\/noticiasemdestaque.com\/cd\/wp-content\/uploads\/2022\/09\/Policia-apreende-mais-de-200-kg-de-drogas-no-Geisel-em-Joao-Pessoa.jpeg\",\"datePublished\":\"2022-09-22T11:45:38+00:00\",\"breadcrumb\":{\"@id\":\"https:\/\/noticiasemdestaque.com\/cd\/?p=42832#breadcrumb\"},\"inLanguage\":\"pt-BR\",\"potentialAction\":[{\"@type\":\"ReadAction\",\"target\":[\"https:\/\/noticiasemdestaque.com\/cd\/?p=42832\"]}]},{\"@type\":\"ImageObject\",\"inLanguage\":\"pt-BR\",\"@id\":\"https:\/\/noticiasemdestaque.com\/cd\/?p=42832#primaryimage\",\"url\":\"https:\/\/noticiasemdestaque.com\/cd\/wp-content\/uploads\/2022\/09\/Policia-apreende-mais-de-200-kg-de-drogas-no-Geisel-em-Joao-Pessoa.jpeg\",\"contentUrl\":\"https:\/\/noticiasemdestaque.com\/cd\/wp-content\/uploads\/2022\/09\/Policia-apreende-mais-de-200-kg-de-drogas-no-Geisel-em-Joao-Pessoa.jpeg\",\"width\":876,\"height\":585},{\"@type\":\"BreadcrumbList\",\"@id\":\"https:\/\/noticiasemdestaque.com\/cd\/?p=42832#breadcrumb\",\"itemListElement\":[{\"@type\":\"ListItem\",\"position\":1,\"name\":\"In\u00edcio\",\"item\":\"https:\/\/noticiasemdestaque.com\/cd\/\"},{\"@type\":\"ListItem\",\"position\":2,\"name\":\"Pol\u00edcia apreende mais de 200 kg de drogas no Geisel, em Jo\u00e3o Pessoa\"}]},{\"@type\":\"WebSite\",\"@id\":\"https:\/\/noticiasemdestaque.com\/cd\/#website\",\"url\":\"https:\/\/noticiasemdestaque.com\/cd\/\",\"name\":\"Not&iacute;cias em Destaque\",\"description\":\"\",\"publisher\":{\"@id\":\"https:\/\/noticiasemdestaque.com\/cd\/#organization\"},\"potentialAction\":[{\"@type\":\"SearchAction\",\"target\":{\"@type\":\"EntryPoint\",\"urlTemplate\":\"https:\/\/noticiasemdestaque.com\/cd\/?s={search_term_string}\"},\"query-input\":{\"@type\":\"PropertyValueSpecification\",\"valueRequired\":true,\"valueName\":\"search_term_string\"}}],\"inLanguage\":\"pt-BR\"},{\"@type\":\"Organization\",\"@id\":\"https:\/\/noticiasemdestaque.com\/cd\/#organization\",\"name\":\"Not\u00edcias em Destaque\",\"url\":\"https:\/\/noticiasemdestaque.com\/cd\/\",\"logo\":{\"@type\":\"ImageObject\",\"inLanguage\":\"pt-BR\",\"@id\":\"https:\/\/noticiasemdestaque.com\/cd\/#\/schema\/logo\/image\/\",\"url\":\"https:\/\/noticiasemdestaque.com\/cd\/wp-content\/uploads\/2022\/05\/imagem-base-noticiasemdestaque.png\",\"contentUrl\":\"https:\/\/noticiasemdestaque.com\/cd\/wp-content\/uploads\/2022\/05\/imagem-base-noticiasemdestaque.png\",\"width\":1200,\"height\":630,\"caption\":\"Not\u00edcias em Destaque\"},\"image\":{\"@id\":\"https:\/\/noticiasemdestaque.com\/cd\/#\/schema\/logo\/image\/\"}},{\"@type\":\"Person\",\"@id\":\"https:\/\/noticiasemdestaque.com\/cd\/#\/schema\/person\/4a81fb71f77579d059c3045891fa1786\",\"name\":\"Not\u00edcias em Destaque\",\"url\":\"https:\/\/noticiasemdestaque.com\/cd\/?author=2\"}]}<\/script>\n<!-- \/ Yoast SEO plugin. -->","yoast_head_json":{"title":"Pol\u00edcia apreende mais de 200 kg de drogas no Geisel, em Jo\u00e3o Pessoa - Not&iacute;cias em Destaque","robots":{"index":"index","follow":"follow","max-snippet":"max-snippet:-1","max-image-preview":"max-image-preview:large","max-video-preview":"max-video-preview:-1"},"canonical":"https:\/\/noticiasemdestaque.com\/cd\/?p=42832","og_locale":"pt_BR","og_type":"article","og_title":"Pol\u00edcia apreende mais de 200 kg de drogas no Geisel, em Jo\u00e3o Pessoa - Not&iacute;cias em Destaque","og_description":"A Pol\u00edcia Militar apreendeu quase 250 kg de drogas na tarde desta quarta-feira (21), no Geisel, zona sul de Jo\u00e3o Pessoa. Os entorpecentes foram encontrados em uma resid\u00eancia durante o resgate de um animal em situa\u00e7\u00e3o de maus tratos. De acordo com informa\u00e7\u00f5es da Pol\u00edcia Militar, policiais receberam den\u00fancia de que existia um animal de estima\u00e7\u00e3o sofrendo maus tratos na resid\u00eancia. Ap\u00f3s averiguar, os policiais notaram que o animal estava sem \u00e1gua, sem refei\u00e7\u00e3o e amarrado junto a dejetos. Somente no local os policiais notaram os entorpecentes e, ap\u00f3s entrar na casa, encontraram as drogas. O material apreendido foi encaminhado para a Central de Pol\u00edcia de Jo\u00e3o Pessoa. Noticias em Destaque Fonte: Click PB","og_url":"https:\/\/noticiasemdestaque.com\/cd\/?p=42832","og_site_name":"Not&iacute;cias em Destaque","article_published_time":"2022-09-22T11:45:38+00:00","og_image":[{"width":876,"height":585,"url":"https:\/\/noticiasemdestaque.com\/cd\/wp-content\/uploads\/2022\/09\/Policia-apreende-mais-de-200-kg-de-drogas-no-Geisel-em-Joao-Pessoa.jpeg","type":"image\/jpeg"}],"author":"Not\u00edcias em Destaque","twitter_card":"summary_large_image","twitter_misc":{"Escrito por":"Not\u00edcias em Destaque","Est. tempo de leitura":"1 minuto"},"schema":{"@context":"https:\/\/schema.org","@graph":[{"@type":"Article","@id":"https:\/\/noticiasemdestaque.com\/cd\/?p=42832#article","isPartOf":{"@id":"https:\/\/noticiasemdestaque.com\/cd\/?p=42832"},"author":{"name":"Not\u00edcias em Destaque","@id":"https:\/\/noticiasemdestaque.com\/cd\/#\/schema\/person\/4a81fb71f77579d059c3045891fa1786"},"headline":"Pol\u00edcia apreende mais de 200 kg de drogas no Geisel, em Jo\u00e3o Pessoa","datePublished":"2022-09-22T11:45:38+00:00","mainEntityOfPage":{"@id":"https:\/\/noticiasemdestaque.com\/cd\/?p=42832"},"wordCount":140,"publisher":{"@id":"https:\/\/noticiasemdestaque.com\/cd\/#organization"},"image":{"@id":"https:\/\/noticiasemdestaque.com\/cd\/?p=42832#primaryimage"},"thumbnailUrl":"https:\/\/noticiasemdestaque.com\/cd\/wp-content\/uploads\/2022\/09\/Policia-apreende-mais-de-200-kg-de-drogas-no-Geisel-em-Joao-Pessoa.jpeg","articleSection":["Pol\u00edcia"],"inLanguage":"pt-BR"},{"@type":"WebPage","@id":"https:\/\/noticiasemdestaque.com\/cd\/?p=42832","url":"https:\/\/noticiasemdestaque.com\/cd\/?p=42832","name":"Pol\u00edcia apreende mais de 200 kg de drogas no Geisel, em Jo\u00e3o Pessoa - Not&iacute;cias em Destaque","isPartOf":{"@id":"https:\/\/noticiasemdestaque.com\/cd\/#website"},"primaryImageOfPage":{"@id":"https:\/\/noticiasemdestaque.com\/cd\/?p=42832#primaryimage"},"image":{"@id":"https:\/\/noticiasemdestaque.com\/cd\/?p=42832#primaryimage"},"thumbnailUrl":"https:\/\/noticiasemdestaque.com\/cd\/wp-content\/uploads\/2022\/09\/Policia-apreende-mais-de-200-kg-de-drogas-no-Geisel-em-Joao-Pessoa.jpeg","datePublished":"2022-09-22T11:45:38+00:00","breadcrumb":{"@id":"https:\/\/noticiasemdestaque.com\/cd\/?p=42832#breadcrumb"},"inLanguage":"pt-BR","potentialAction":[{"@type":"ReadAction","target":["https:\/\/noticiasemdestaque.com\/cd\/?p=42832"]}]},{"@type":"ImageObject","inLanguage":"pt-BR","@id":"https:\/\/noticiasemdestaque.com\/cd\/?p=42832#primaryimage","url":"https:\/\/noticiasemdestaque.com\/cd\/wp-content\/uploads\/2022\/09\/Policia-apreende-mais-de-200-kg-de-drogas-no-Geisel-em-Joao-Pessoa.jpeg","contentUrl":"https:\/\/noticiasemdestaque.com\/cd\/wp-content\/uploads\/2022\/09\/Policia-apreende-mais-de-200-kg-de-drogas-no-Geisel-em-Joao-Pessoa.jpeg","width":876,"height":585},{"@type":"BreadcrumbList","@id":"https:\/\/noticiasemdestaque.com\/cd\/?p=42832#breadcrumb","itemListElement":[{"@type":"ListItem","position":1,"name":"In\u00edcio","item":"https:\/\/noticiasemdestaque.com\/cd\/"},{"@type":"ListItem","position":2,"name":"Pol\u00edcia apreende mais de 200 kg de drogas no Geisel, em Jo\u00e3o Pessoa"}]},{"@type":"WebSite","@id":"https:\/\/noticiasemdestaque.com\/cd\/#website","url":"https:\/\/noticiasemdestaque.com\/cd\/","name":"Not&iacute;cias em Destaque","description":"","publisher":{"@id":"https:\/\/noticiasemdestaque.com\/cd\/#organization"},"potentialAction":[{"@type":"SearchAction","target":{"@type":"EntryPoint","urlTemplate":"https:\/\/noticiasemdestaque.com\/cd\/?s={search_term_string}"},"query-input":{"@type":"PropertyValueSpecification","valueRequired":true,"valueName":"search_term_string"}}],"inLanguage":"pt-BR"},{"@type":"Organization","@id":"https:\/\/noticiasemdestaque.com\/cd\/#organization","name":"Not\u00edcias em Destaque","url":"https:\/\/noticiasemdestaque.com\/cd\/","logo":{"@type":"ImageObject","inLanguage":"pt-BR","@id":"https:\/\/noticiasemdestaque.com\/cd\/#\/schema\/logo\/image\/","url":"https:\/\/noticiasemdestaque.com\/cd\/wp-content\/uploads\/2022\/05\/imagem-base-noticiasemdestaque.png","contentUrl":"https:\/\/noticiasemdestaque.com\/cd\/wp-content\/uploads\/2022\/05\/imagem-base-noticiasemdestaque.png","width":1200,"height":630,"caption":"Not\u00edcias em Destaque"},"image":{"@id":"https:\/\/noticiasemdestaque.com\/cd\/#\/schema\/logo\/image\/"}},{"@type":"Person","@id":"https:\/\/noticiasemdestaque.com\/cd\/#\/schema\/person\/4a81fb71f77579d059c3045891fa1786","name":"Not\u00edcias em Destaque","url":"https:\/\/noticiasemdestaque.com\/cd\/?author=2"}]}},"jetpack_featured_media_url":"https:\/\/noticiasemdestaque.com\/cd\/wp-content\/uploads\/2022\/09\/Policia-apreende-mais-de-200-kg-de-drogas-no-Geisel-em-Joao-Pessoa.jpeg","jetpack_sharing_enabled":true,"_links":{"self":[{"href":"https:\/\/noticiasemdestaque.com\/cd\/index.php?rest_route=\/wp\/v2\/posts\/42832","targetHints":{"allow":["GET"]}}],"collection":[{"href":"https:\/\/noticiasemdestaque.com\/cd\/index.php?rest_route=\/wp\/v2\/posts"}],"about":[{"href":"https:\/\/noticiasemdestaque.com\/cd\/index.php?rest_route=\/wp\/v2\/types\/post"}],"author":[{"embeddable":true,"href":"https:\/\/noticiasemdestaque.com\/cd\/index.php?rest_route=\/wp\/v2\/users\/2"}],"replies":[{"embeddable":true,"href":"https:\/\/noticiasemdestaque.com\/cd\/index.php?rest_route=%2Fwp%2Fv2%2Fcomments&post=42832"}],"version-history":[{"count":1,"href":"https:\/\/noticiasemdestaque.com\/cd\/index.php?rest_route=\/wp\/v2\/posts\/42832\/revisions"}],"predecessor-version":[{"id":42834,"href":"https:\/\/noticiasemdestaque.com\/cd\/index.php?rest_route=\/wp\/v2\/posts\/42832\/revisions\/42834"}],"wp:featuredmedia":[{"embeddable":true,"href":"https:\/\/noticiasemdestaque.com\/cd\/index.php?rest_route=\/wp\/v2\/media\/42833"}],"wp:attachment":[{"href":"https:\/\/noticiasemdestaque.com\/cd\/index.php?rest_route=%2Fwp%2Fv2%2Fmedia&parent=42832"}],"wp:term":[{"taxonomy":"category","embeddable":true,"href":"https:\/\/noticiasemdestaque.com\/cd\/index.php?rest_route=%2Fwp%2Fv2%2Fcategories&post=42832"},{"taxonomy":"post_tag","embeddable":true,"href":"https:\/\/noticiasemdestaque.com\/cd\/index.php?rest_route=%2Fwp%2Fv2%2Ftags&post=42832"}],"curies":[{"name":"wp","href":"https:\/\/api.w.org\/{rel}","templated":true}]}}