{"id":42822,"date":"2022-09-22T08:31:25","date_gmt":"2022-09-22T11:31:25","guid":{"rendered":"https:\/\/noticiasemdestaque.com\/cd\/?p=42822"},"modified":"2022-09-22T08:31:25","modified_gmt":"2022-09-22T11:31:25","slug":"termina-prazo-para-tirar-versao-impressa-do-titulo-eleitoral","status":"publish","type":"post","link":"https:\/\/noticiasemdestaque.com\/cd\/?p=42822","title":{"rendered":"Termina prazo para tirar vers\u00e3o impressa do t\u00edtulo eleitoral"},"content":{"rendered":"<p><a href=\"https:\/\/noticiasemdestaque.com\/cd\/wp-content\/uploads\/2022\/09\/titulo_de_eleitor.jpg\"><img fetchpriority=\"high\" decoding=\"async\" class=\"alignnone  wp-image-42823\" src=\"https:\/\/noticiasemdestaque.com\/cd\/wp-content\/uploads\/2022\/09\/titulo_de_eleitor-300x179.jpg\" alt=\"\" width=\"848\" height=\"506\" srcset=\"https:\/\/noticiasemdestaque.com\/cd\/wp-content\/uploads\/2022\/09\/titulo_de_eleitor-300x179.jpg 300w, https:\/\/noticiasemdestaque.com\/cd\/wp-content\/uploads\/2022\/09\/titulo_de_eleitor-768x459.jpg 768w, https:\/\/noticiasemdestaque.com\/cd\/wp-content\/uploads\/2022\/09\/titulo_de_eleitor-18x12.jpg 18w, https:\/\/noticiasemdestaque.com\/cd\/wp-content\/uploads\/2022\/09\/titulo_de_eleitor.jpg 1170w\" sizes=\"(max-width: 848px) 100vw, 848px\" \/><\/a><\/p>\n<p>Termina nesta\u00a0quinta-feira (22) o prazo para a solicita\u00e7\u00e3o da\u00a0segunda\u00a0via impressa\u00a0do t\u00edtulo de eleitor. Para obter o documento,\u00a0o eleitor\u00a0 precisa\u00a0estar\u00a0em situa\u00e7\u00e3o\u00a0regular com a\u00a0Justi\u00e7a Eleitoral\u00a0e comparecer ao cart\u00f3rio eleitoral com um documento oficial de identifica\u00e7\u00e3o, al\u00e9m do comprovante de resid\u00eancia dos tr\u00eas \u00faltimos meses.\u00a0O documento \u00e9 impresso na hora.\u00a0No caso de\u00a0pessoas do sexo masculino, tamb\u00e9m \u00e9 necess\u00e1rio comprovar a quita\u00e7\u00e3o com o Servi\u00e7o Militar Obrigat\u00f3rio.<img decoding=\"async\" src=\"https:\/\/agenciabrasil.ebc.com.br\/ebc.png?id=1483724&amp;o=node\" \/><img decoding=\"async\" src=\"https:\/\/agenciabrasil.ebc.com.br\/ebc.gif?id=1483724&amp;o=node\" \/><\/p>\n<p>Quem perder o prazo n\u00e3o precisa se preocupar, j\u00e1 que\u00a0tamb\u00e9m\u00a0pode acessar\u00a0a vers\u00e3o digital do t\u00edtulo pelo aplicativo e-t\u00edtulo. O app pode ser baixado para\u00a0smartphone\u00a0ou\u00a0tablet\u00a0, nas plataformas iOS ou Android. Ap\u00f3s baix\u00e1-lo, basta inserir os dados pessoais.\u00a0Para o eleitor que ainda n\u00e3o fez o cadastro biom\u00e9trico, \u00e9 necess\u00e1rio apresentar documento oficial com foto sempre que for utilizar o t\u00edtulo digital.<\/p>\n<p>Caso o eleitor n\u00e3o saiba o n\u00famero do t\u00edtulo, pode\u00a0consultar o\u00a0<a href=\"https:\/\/www.tse.jus.br\/\" target=\"_blank\" rel=\"noopener\"><em>site<\/em>\u00a0do\u00a0Tribunal Superior Eleitoral<\/a> (TSE), por meio do nome, CPF e data de nascimento. Entre as vantagens do e-t\u00edtulo, est\u00e1 o acesso \u00e0s informa\u00e7\u00f5es na Justi\u00e7a Eleitoral, como situa\u00e7\u00e3o eleitoral, local de vota\u00e7\u00e3o, consulta de d\u00e9bitos, emiss\u00e3o de guias para pagamentos e cadastro como mes\u00e1rio volunt\u00e1rio. Diferentemente da via tradicional, a vers\u00e3o eletr\u00f4nica tem a foto do eleitor, al\u00e9m de dados sobre o cadastramento biom\u00e9trico e um QR Code para valida\u00e7\u00e3o na zona eleitoral.<\/p>\n<p><strong>Noticias em Destaque<\/strong><\/p>\n<p style=\"text-align: right;\"><em>Fonte: Agencia Brasil<\/em><\/p>\n","protected":false},"excerpt":{"rendered":"<p>Termina nesta\u00a0quinta-feira (22) o prazo para a solicita\u00e7\u00e3o da\u00a0segunda\u00a0via impressa\u00a0do t\u00edtulo de eleitor. Para obter o documento,\u00a0o eleitor\u00a0 precisa\u00a0estar\u00a0em situa\u00e7\u00e3o\u00a0regular com a\u00a0Justi\u00e7a Eleitoral\u00a0e comparecer ao cart\u00f3rio eleitoral com um documento oficial de identifica\u00e7\u00e3o, al\u00e9m do comprovante de resid\u00eancia dos tr\u00eas \u00faltimos meses.\u00a0O documento \u00e9 impresso na hora.\u00a0No caso de\u00a0pessoas do sexo masculino, tamb\u00e9m \u00e9 necess\u00e1rio comprovar a quita\u00e7\u00e3o com o Servi\u00e7o Militar Obrigat\u00f3rio. Quem perder o prazo n\u00e3o precisa se preocupar, j\u00e1 que\u00a0tamb\u00e9m\u00a0pode acessar\u00a0a vers\u00e3o digital do t\u00edtulo pelo aplicativo e-t\u00edtulo. O app pode ser baixado para\u00a0smartphone\u00a0ou\u00a0tablet\u00a0, nas plataformas iOS ou Android. Ap\u00f3s baix\u00e1-lo, basta inserir os dados pessoais.\u00a0Para o eleitor que ainda n\u00e3o fez o cadastro biom\u00e9trico, \u00e9 necess\u00e1rio apresentar documento oficial com foto sempre que for utilizar o t\u00edtulo digital. Caso o eleitor n\u00e3o saiba o n\u00famero do t\u00edtulo, pode\u00a0consultar o\u00a0site\u00a0do\u00a0Tribunal Superior Eleitoral (TSE), por meio do nome, CPF e data de nascimento. Entre as vantagens do e-t\u00edtulo, est\u00e1 o acesso \u00e0s informa\u00e7\u00f5es na Justi\u00e7a Eleitoral, como situa\u00e7\u00e3o eleitoral, local de vota\u00e7\u00e3o, consulta de d\u00e9bitos, emiss\u00e3o de guias para pagamentos e cadastro como mes\u00e1rio volunt\u00e1rio. Diferentemente da via tradicional, a vers\u00e3o eletr\u00f4nica tem a foto do eleitor, al\u00e9m de dados sobre o cadastramento biom\u00e9trico e um QR Code para valida\u00e7\u00e3o na zona eleitoral. Noticias em Destaque Fonte: Agencia Brasil<\/p>\n","protected":false},"author":2,"featured_media":42823,"comment_status":"closed","ping_status":"open","sticky":false,"template":"","format":"standard","meta":{"_eb_attr":"","_jetpack_memberships_contains_paid_content":false,"footnotes":""},"categories":[4],"tags":[],"class_list":["post-42822","post","type-post","status-publish","format-standard","has-post-thumbnail","hentry","category-politica"],"yoast_head":"<!-- This site is optimized with the Yoast SEO plugin v26.5 - https:\/\/yoast.com\/wordpress\/plugins\/seo\/ -->\n<title>Termina prazo para tirar vers\u00e3o impressa do t\u00edtulo eleitoral - Not&iacute;cias em Destaque<\/title>\n<meta name=\"robots\" content=\"index, follow, max-snippet:-1, max-image-preview:large, max-video-preview:-1\" \/>\n<link rel=\"canonical\" href=\"https:\/\/noticiasemdestaque.com\/cd\/?p=42822\" \/>\n<meta property=\"og:locale\" content=\"pt_BR\" \/>\n<meta property=\"og:type\" content=\"article\" \/>\n<meta property=\"og:title\" content=\"Termina prazo para tirar vers\u00e3o impressa do t\u00edtulo eleitoral - Not&iacute;cias em Destaque\" \/>\n<meta property=\"og:description\" content=\"Termina nesta\u00a0quinta-feira (22) o prazo para a solicita\u00e7\u00e3o da\u00a0segunda\u00a0via impressa\u00a0do t\u00edtulo de eleitor. Para obter o documento,\u00a0o eleitor\u00a0 precisa\u00a0estar\u00a0em situa\u00e7\u00e3o\u00a0regular com a\u00a0Justi\u00e7a Eleitoral\u00a0e comparecer ao cart\u00f3rio eleitoral com um documento oficial de identifica\u00e7\u00e3o, al\u00e9m do comprovante de resid\u00eancia dos tr\u00eas \u00faltimos meses.\u00a0O documento \u00e9 impresso na hora.\u00a0No caso de\u00a0pessoas do sexo masculino, tamb\u00e9m \u00e9 necess\u00e1rio comprovar a quita\u00e7\u00e3o com o Servi\u00e7o Militar Obrigat\u00f3rio. Quem perder o prazo n\u00e3o precisa se preocupar, j\u00e1 que\u00a0tamb\u00e9m\u00a0pode acessar\u00a0a vers\u00e3o digital do t\u00edtulo pelo aplicativo e-t\u00edtulo. O app pode ser baixado para\u00a0smartphone\u00a0ou\u00a0tablet\u00a0, nas plataformas iOS ou Android. Ap\u00f3s baix\u00e1-lo, basta inserir os dados pessoais.\u00a0Para o eleitor que ainda n\u00e3o fez o cadastro biom\u00e9trico, \u00e9 necess\u00e1rio apresentar documento oficial com foto sempre que for utilizar o t\u00edtulo digital. Caso o eleitor n\u00e3o saiba o n\u00famero do t\u00edtulo, pode\u00a0consultar o\u00a0site\u00a0do\u00a0Tribunal Superior Eleitoral (TSE), por meio do nome, CPF e data de nascimento. Entre as vantagens do e-t\u00edtulo, est\u00e1 o acesso \u00e0s informa\u00e7\u00f5es na Justi\u00e7a Eleitoral, como situa\u00e7\u00e3o eleitoral, local de vota\u00e7\u00e3o, consulta de d\u00e9bitos, emiss\u00e3o de guias para pagamentos e cadastro como mes\u00e1rio volunt\u00e1rio. Diferentemente da via tradicional, a vers\u00e3o eletr\u00f4nica tem a foto do eleitor, al\u00e9m de dados sobre o cadastramento biom\u00e9trico e um QR Code para valida\u00e7\u00e3o na zona eleitoral. Noticias em Destaque Fonte: Agencia Brasil\" \/>\n<meta property=\"og:url\" content=\"https:\/\/noticiasemdestaque.com\/cd\/?p=42822\" \/>\n<meta property=\"og:site_name\" content=\"Not&iacute;cias em Destaque\" \/>\n<meta property=\"article:published_time\" content=\"2022-09-22T11:31:25+00:00\" \/>\n<meta property=\"og:image\" content=\"https:\/\/noticiasemdestaque.com\/cd\/wp-content\/uploads\/2022\/09\/titulo_de_eleitor.jpg\" \/>\n\t<meta property=\"og:image:width\" content=\"1170\" \/>\n\t<meta property=\"og:image:height\" content=\"700\" \/>\n\t<meta property=\"og:image:type\" content=\"image\/jpeg\" \/>\n<meta name=\"author\" content=\"Not\u00edcias em Destaque\" \/>\n<meta name=\"twitter:card\" content=\"summary_large_image\" \/>\n<meta name=\"twitter:label1\" content=\"Escrito por\" \/>\n\t<meta name=\"twitter:data1\" content=\"Not\u00edcias em Destaque\" \/>\n\t<meta name=\"twitter:label2\" content=\"Est. tempo de leitura\" \/>\n\t<meta name=\"twitter:data2\" content=\"2 minutos\" \/>\n<script type=\"application\/ld+json\" class=\"yoast-schema-graph\">{\"@context\":\"https:\/\/schema.org\",\"@graph\":[{\"@type\":\"Article\",\"@id\":\"https:\/\/noticiasemdestaque.com\/cd\/?p=42822#article\",\"isPartOf\":{\"@id\":\"https:\/\/noticiasemdestaque.com\/cd\/?p=42822\"},\"author\":{\"name\":\"Not\u00edcias em Destaque\",\"@id\":\"https:\/\/noticiasemdestaque.com\/cd\/#\/schema\/person\/4a81fb71f77579d059c3045891fa1786\"},\"headline\":\"Termina prazo para tirar vers\u00e3o impressa do t\u00edtulo eleitoral\",\"datePublished\":\"2022-09-22T11:31:25+00:00\",\"mainEntityOfPage\":{\"@id\":\"https:\/\/noticiasemdestaque.com\/cd\/?p=42822\"},\"wordCount\":284,\"publisher\":{\"@id\":\"https:\/\/noticiasemdestaque.com\/cd\/#organization\"},\"image\":{\"@id\":\"https:\/\/noticiasemdestaque.com\/cd\/?p=42822#primaryimage\"},\"thumbnailUrl\":\"https:\/\/noticiasemdestaque.com\/cd\/wp-content\/uploads\/2022\/09\/titulo_de_eleitor.jpg\",\"articleSection\":[\"Pol\u00edtica\"],\"inLanguage\":\"pt-BR\"},{\"@type\":\"WebPage\",\"@id\":\"https:\/\/noticiasemdestaque.com\/cd\/?p=42822\",\"url\":\"https:\/\/noticiasemdestaque.com\/cd\/?p=42822\",\"name\":\"Termina prazo para tirar vers\u00e3o impressa do t\u00edtulo eleitoral - Not&iacute;cias em Destaque\",\"isPartOf\":{\"@id\":\"https:\/\/noticiasemdestaque.com\/cd\/#website\"},\"primaryImageOfPage\":{\"@id\":\"https:\/\/noticiasemdestaque.com\/cd\/?p=42822#primaryimage\"},\"image\":{\"@id\":\"https:\/\/noticiasemdestaque.com\/cd\/?p=42822#primaryimage\"},\"thumbnailUrl\":\"https:\/\/noticiasemdestaque.com\/cd\/wp-content\/uploads\/2022\/09\/titulo_de_eleitor.jpg\",\"datePublished\":\"2022-09-22T11:31:25+00:00\",\"breadcrumb\":{\"@id\":\"https:\/\/noticiasemdestaque.com\/cd\/?p=42822#breadcrumb\"},\"inLanguage\":\"pt-BR\",\"potentialAction\":[{\"@type\":\"ReadAction\",\"target\":[\"https:\/\/noticiasemdestaque.com\/cd\/?p=42822\"]}]},{\"@type\":\"ImageObject\",\"inLanguage\":\"pt-BR\",\"@id\":\"https:\/\/noticiasemdestaque.com\/cd\/?p=42822#primaryimage\",\"url\":\"https:\/\/noticiasemdestaque.com\/cd\/wp-content\/uploads\/2022\/09\/titulo_de_eleitor.jpg\",\"contentUrl\":\"https:\/\/noticiasemdestaque.com\/cd\/wp-content\/uploads\/2022\/09\/titulo_de_eleitor.jpg\",\"width\":1170,\"height\":700},{\"@type\":\"BreadcrumbList\",\"@id\":\"https:\/\/noticiasemdestaque.com\/cd\/?p=42822#breadcrumb\",\"itemListElement\":[{\"@type\":\"ListItem\",\"position\":1,\"name\":\"In\u00edcio\",\"item\":\"https:\/\/noticiasemdestaque.com\/cd\/\"},{\"@type\":\"ListItem\",\"position\":2,\"name\":\"Termina prazo para tirar vers\u00e3o impressa do t\u00edtulo eleitoral\"}]},{\"@type\":\"WebSite\",\"@id\":\"https:\/\/noticiasemdestaque.com\/cd\/#website\",\"url\":\"https:\/\/noticiasemdestaque.com\/cd\/\",\"name\":\"Not&iacute;cias em Destaque\",\"description\":\"\",\"publisher\":{\"@id\":\"https:\/\/noticiasemdestaque.com\/cd\/#organization\"},\"potentialAction\":[{\"@type\":\"SearchAction\",\"target\":{\"@type\":\"EntryPoint\",\"urlTemplate\":\"https:\/\/noticiasemdestaque.com\/cd\/?s={search_term_string}\"},\"query-input\":{\"@type\":\"PropertyValueSpecification\",\"valueRequired\":true,\"valueName\":\"search_term_string\"}}],\"inLanguage\":\"pt-BR\"},{\"@type\":\"Organization\",\"@id\":\"https:\/\/noticiasemdestaque.com\/cd\/#organization\",\"name\":\"Not\u00edcias em Destaque\",\"url\":\"https:\/\/noticiasemdestaque.com\/cd\/\",\"logo\":{\"@type\":\"ImageObject\",\"inLanguage\":\"pt-BR\",\"@id\":\"https:\/\/noticiasemdestaque.com\/cd\/#\/schema\/logo\/image\/\",\"url\":\"https:\/\/noticiasemdestaque.com\/cd\/wp-content\/uploads\/2022\/05\/imagem-base-noticiasemdestaque.png\",\"contentUrl\":\"https:\/\/noticiasemdestaque.com\/cd\/wp-content\/uploads\/2022\/05\/imagem-base-noticiasemdestaque.png\",\"width\":1200,\"height\":630,\"caption\":\"Not\u00edcias em Destaque\"},\"image\":{\"@id\":\"https:\/\/noticiasemdestaque.com\/cd\/#\/schema\/logo\/image\/\"}},{\"@type\":\"Person\",\"@id\":\"https:\/\/noticiasemdestaque.com\/cd\/#\/schema\/person\/4a81fb71f77579d059c3045891fa1786\",\"name\":\"Not\u00edcias em Destaque\",\"url\":\"https:\/\/noticiasemdestaque.com\/cd\/?author=2\"}]}<\/script>\n<!-- \/ Yoast SEO plugin. -->","yoast_head_json":{"title":"Termina prazo para tirar vers\u00e3o impressa do t\u00edtulo eleitoral - Not&iacute;cias em Destaque","robots":{"index":"index","follow":"follow","max-snippet":"max-snippet:-1","max-image-preview":"max-image-preview:large","max-video-preview":"max-video-preview:-1"},"canonical":"https:\/\/noticiasemdestaque.com\/cd\/?p=42822","og_locale":"pt_BR","og_type":"article","og_title":"Termina prazo para tirar vers\u00e3o impressa do t\u00edtulo eleitoral - Not&iacute;cias em Destaque","og_description":"Termina nesta\u00a0quinta-feira (22) o prazo para a solicita\u00e7\u00e3o da\u00a0segunda\u00a0via impressa\u00a0do t\u00edtulo de eleitor. Para obter o documento,\u00a0o eleitor\u00a0 precisa\u00a0estar\u00a0em situa\u00e7\u00e3o\u00a0regular com a\u00a0Justi\u00e7a Eleitoral\u00a0e comparecer ao cart\u00f3rio eleitoral com um documento oficial de identifica\u00e7\u00e3o, al\u00e9m do comprovante de resid\u00eancia dos tr\u00eas \u00faltimos meses.\u00a0O documento \u00e9 impresso na hora.\u00a0No caso de\u00a0pessoas do sexo masculino, tamb\u00e9m \u00e9 necess\u00e1rio comprovar a quita\u00e7\u00e3o com o Servi\u00e7o Militar Obrigat\u00f3rio. Quem perder o prazo n\u00e3o precisa se preocupar, j\u00e1 que\u00a0tamb\u00e9m\u00a0pode acessar\u00a0a vers\u00e3o digital do t\u00edtulo pelo aplicativo e-t\u00edtulo. O app pode ser baixado para\u00a0smartphone\u00a0ou\u00a0tablet\u00a0, nas plataformas iOS ou Android. Ap\u00f3s baix\u00e1-lo, basta inserir os dados pessoais.\u00a0Para o eleitor que ainda n\u00e3o fez o cadastro biom\u00e9trico, \u00e9 necess\u00e1rio apresentar documento oficial com foto sempre que for utilizar o t\u00edtulo digital. Caso o eleitor n\u00e3o saiba o n\u00famero do t\u00edtulo, pode\u00a0consultar o\u00a0site\u00a0do\u00a0Tribunal Superior Eleitoral (TSE), por meio do nome, CPF e data de nascimento. Entre as vantagens do e-t\u00edtulo, est\u00e1 o acesso \u00e0s informa\u00e7\u00f5es na Justi\u00e7a Eleitoral, como situa\u00e7\u00e3o eleitoral, local de vota\u00e7\u00e3o, consulta de d\u00e9bitos, emiss\u00e3o de guias para pagamentos e cadastro como mes\u00e1rio volunt\u00e1rio. Diferentemente da via tradicional, a vers\u00e3o eletr\u00f4nica tem a foto do eleitor, al\u00e9m de dados sobre o cadastramento biom\u00e9trico e um QR Code para valida\u00e7\u00e3o na zona eleitoral. Noticias em Destaque Fonte: Agencia Brasil","og_url":"https:\/\/noticiasemdestaque.com\/cd\/?p=42822","og_site_name":"Not&iacute;cias em Destaque","article_published_time":"2022-09-22T11:31:25+00:00","og_image":[{"width":1170,"height":700,"url":"https:\/\/noticiasemdestaque.com\/cd\/wp-content\/uploads\/2022\/09\/titulo_de_eleitor.jpg","type":"image\/jpeg"}],"author":"Not\u00edcias em Destaque","twitter_card":"summary_large_image","twitter_misc":{"Escrito por":"Not\u00edcias em Destaque","Est. tempo de leitura":"2 minutos"},"schema":{"@context":"https:\/\/schema.org","@graph":[{"@type":"Article","@id":"https:\/\/noticiasemdestaque.com\/cd\/?p=42822#article","isPartOf":{"@id":"https:\/\/noticiasemdestaque.com\/cd\/?p=42822"},"author":{"name":"Not\u00edcias em Destaque","@id":"https:\/\/noticiasemdestaque.com\/cd\/#\/schema\/person\/4a81fb71f77579d059c3045891fa1786"},"headline":"Termina prazo para tirar vers\u00e3o impressa do t\u00edtulo eleitoral","datePublished":"2022-09-22T11:31:25+00:00","mainEntityOfPage":{"@id":"https:\/\/noticiasemdestaque.com\/cd\/?p=42822"},"wordCount":284,"publisher":{"@id":"https:\/\/noticiasemdestaque.com\/cd\/#organization"},"image":{"@id":"https:\/\/noticiasemdestaque.com\/cd\/?p=42822#primaryimage"},"thumbnailUrl":"https:\/\/noticiasemdestaque.com\/cd\/wp-content\/uploads\/2022\/09\/titulo_de_eleitor.jpg","articleSection":["Pol\u00edtica"],"inLanguage":"pt-BR"},{"@type":"WebPage","@id":"https:\/\/noticiasemdestaque.com\/cd\/?p=42822","url":"https:\/\/noticiasemdestaque.com\/cd\/?p=42822","name":"Termina prazo para tirar vers\u00e3o impressa do t\u00edtulo eleitoral - Not&iacute;cias em Destaque","isPartOf":{"@id":"https:\/\/noticiasemdestaque.com\/cd\/#website"},"primaryImageOfPage":{"@id":"https:\/\/noticiasemdestaque.com\/cd\/?p=42822#primaryimage"},"image":{"@id":"https:\/\/noticiasemdestaque.com\/cd\/?p=42822#primaryimage"},"thumbnailUrl":"https:\/\/noticiasemdestaque.com\/cd\/wp-content\/uploads\/2022\/09\/titulo_de_eleitor.jpg","datePublished":"2022-09-22T11:31:25+00:00","breadcrumb":{"@id":"https:\/\/noticiasemdestaque.com\/cd\/?p=42822#breadcrumb"},"inLanguage":"pt-BR","potentialAction":[{"@type":"ReadAction","target":["https:\/\/noticiasemdestaque.com\/cd\/?p=42822"]}]},{"@type":"ImageObject","inLanguage":"pt-BR","@id":"https:\/\/noticiasemdestaque.com\/cd\/?p=42822#primaryimage","url":"https:\/\/noticiasemdestaque.com\/cd\/wp-content\/uploads\/2022\/09\/titulo_de_eleitor.jpg","contentUrl":"https:\/\/noticiasemdestaque.com\/cd\/wp-content\/uploads\/2022\/09\/titulo_de_eleitor.jpg","width":1170,"height":700},{"@type":"BreadcrumbList","@id":"https:\/\/noticiasemdestaque.com\/cd\/?p=42822#breadcrumb","itemListElement":[{"@type":"ListItem","position":1,"name":"In\u00edcio","item":"https:\/\/noticiasemdestaque.com\/cd\/"},{"@type":"ListItem","position":2,"name":"Termina prazo para tirar vers\u00e3o impressa do t\u00edtulo eleitoral"}]},{"@type":"WebSite","@id":"https:\/\/noticiasemdestaque.com\/cd\/#website","url":"https:\/\/noticiasemdestaque.com\/cd\/","name":"Not&iacute;cias em Destaque","description":"","publisher":{"@id":"https:\/\/noticiasemdestaque.com\/cd\/#organization"},"potentialAction":[{"@type":"SearchAction","target":{"@type":"EntryPoint","urlTemplate":"https:\/\/noticiasemdestaque.com\/cd\/?s={search_term_string}"},"query-input":{"@type":"PropertyValueSpecification","valueRequired":true,"valueName":"search_term_string"}}],"inLanguage":"pt-BR"},{"@type":"Organization","@id":"https:\/\/noticiasemdestaque.com\/cd\/#organization","name":"Not\u00edcias em Destaque","url":"https:\/\/noticiasemdestaque.com\/cd\/","logo":{"@type":"ImageObject","inLanguage":"pt-BR","@id":"https:\/\/noticiasemdestaque.com\/cd\/#\/schema\/logo\/image\/","url":"https:\/\/noticiasemdestaque.com\/cd\/wp-content\/uploads\/2022\/05\/imagem-base-noticiasemdestaque.png","contentUrl":"https:\/\/noticiasemdestaque.com\/cd\/wp-content\/uploads\/2022\/05\/imagem-base-noticiasemdestaque.png","width":1200,"height":630,"caption":"Not\u00edcias em Destaque"},"image":{"@id":"https:\/\/noticiasemdestaque.com\/cd\/#\/schema\/logo\/image\/"}},{"@type":"Person","@id":"https:\/\/noticiasemdestaque.com\/cd\/#\/schema\/person\/4a81fb71f77579d059c3045891fa1786","name":"Not\u00edcias em Destaque","url":"https:\/\/noticiasemdestaque.com\/cd\/?author=2"}]}},"jetpack_featured_media_url":"https:\/\/noticiasemdestaque.com\/cd\/wp-content\/uploads\/2022\/09\/titulo_de_eleitor.jpg","jetpack_sharing_enabled":true,"_links":{"self":[{"href":"https:\/\/noticiasemdestaque.com\/cd\/index.php?rest_route=\/wp\/v2\/posts\/42822","targetHints":{"allow":["GET"]}}],"collection":[{"href":"https:\/\/noticiasemdestaque.com\/cd\/index.php?rest_route=\/wp\/v2\/posts"}],"about":[{"href":"https:\/\/noticiasemdestaque.com\/cd\/index.php?rest_route=\/wp\/v2\/types\/post"}],"author":[{"embeddable":true,"href":"https:\/\/noticiasemdestaque.com\/cd\/index.php?rest_route=\/wp\/v2\/users\/2"}],"replies":[{"embeddable":true,"href":"https:\/\/noticiasemdestaque.com\/cd\/index.php?rest_route=%2Fwp%2Fv2%2Fcomments&post=42822"}],"version-history":[{"count":1,"href":"https:\/\/noticiasemdestaque.com\/cd\/index.php?rest_route=\/wp\/v2\/posts\/42822\/revisions"}],"predecessor-version":[{"id":42824,"href":"https:\/\/noticiasemdestaque.com\/cd\/index.php?rest_route=\/wp\/v2\/posts\/42822\/revisions\/42824"}],"wp:featuredmedia":[{"embeddable":true,"href":"https:\/\/noticiasemdestaque.com\/cd\/index.php?rest_route=\/wp\/v2\/media\/42823"}],"wp:attachment":[{"href":"https:\/\/noticiasemdestaque.com\/cd\/index.php?rest_route=%2Fwp%2Fv2%2Fmedia&parent=42822"}],"wp:term":[{"taxonomy":"category","embeddable":true,"href":"https:\/\/noticiasemdestaque.com\/cd\/index.php?rest_route=%2Fwp%2Fv2%2Fcategories&post=42822"},{"taxonomy":"post_tag","embeddable":true,"href":"https:\/\/noticiasemdestaque.com\/cd\/index.php?rest_route=%2Fwp%2Fv2%2Ftags&post=42822"}],"curies":[{"name":"wp","href":"https:\/\/api.w.org\/{rel}","templated":true}]}}