{"id":4281,"date":"2017-09-13T15:08:26","date_gmt":"2017-09-13T18:08:26","guid":{"rendered":"http:\/\/caririemdestaque.com\/cd\/?p=4281"},"modified":"2017-09-13T15:11:28","modified_gmt":"2017-09-13T18:11:28","slug":"prefeito-eden-duarte-entrega-mais-tres-importantes-projetos-para-sume","status":"publish","type":"post","link":"https:\/\/noticiasemdestaque.com\/cd\/?p=4281","title":{"rendered":"Prefeito \u00c9den Duarte entrega mais tr\u00eas importantes projetos para Sum\u00e9"},"content":{"rendered":"<p><a href=\"http:\/\/caririemdestaque.com\/cd\/wp-content\/uploads\/2017\/09\/DSC_0335.jpg\"><img fetchpriority=\"high\" decoding=\"async\" class=\"alignleft wp-image-4282 size-medium\" src=\"http:\/\/caririemdestaque.com\/cd\/wp-content\/uploads\/2017\/09\/DSC_0335-300x200.jpg\" alt=\"\" width=\"300\" height=\"200\" srcset=\"https:\/\/noticiasemdestaque.com\/cd\/wp-content\/uploads\/2017\/09\/DSC_0335-300x200.jpg 300w, https:\/\/noticiasemdestaque.com\/cd\/wp-content\/uploads\/2017\/09\/DSC_0335-768x511.jpg 768w, https:\/\/noticiasemdestaque.com\/cd\/wp-content\/uploads\/2017\/09\/DSC_0335.jpg 1024w, https:\/\/noticiasemdestaque.com\/cd\/wp-content\/uploads\/2017\/09\/DSC_0335-480x320.jpg 480w\" sizes=\"(max-width: 300px) 100vw, 300px\" \/><\/a><\/p>\n<p>O prefeito fez a entrega oficial da obra de reforma do pr\u00e9dio do Programa Bolsa Fam\u00edlia e deu in\u00edcio ao Programa Crian\u00e7a Feliz e ao Projeto M\u00f4nica.<\/p>\n<p>As solenidades aconteceram nos locais dos programas com a participa\u00e7\u00e3o da comunidade, dos secret\u00e1rios municipais, vereadores e membros do governo.<\/p>\n<p>O pr\u00e9dio do Bolsa Fam\u00edlia passou por total reforma na estrutura f\u00edsica. Para a secret\u00e1ria da Assist\u00eancia Social, Tanniery L\u00eala, a obra foi pensada para dar mais condi\u00e7\u00f5es de trabalho aos servidores e tornar o ambiente adequado e agrad\u00e1vel aos usu\u00e1rios do programa.<\/p>\n<p>\u201cNeste pr\u00e9dio recebemos diariamente muitas pessoas e foi pensando nelas que idealizamos essas melhorias para que todas se sintam confort\u00e1veis no atendimento e nas atividades dos programas. Agrade\u00e7o ao incentivo do prefeito em colocar em pr\u00e1tica essas a\u00e7\u00f5es e \u00e0 equipe de funcion\u00e1rios da assist\u00eancia que se dedicam diuturnamente para que tudo caminhe de forma eficaz\u201d, disse a secret\u00e1ria.<\/p>\n<p>Na solenidade, \u00c9den tamb\u00e9m lan\u00e7ou oficialmente o Programa Crian\u00e7a Feliz, que atender\u00e1 ao lado do Bolsa Fam\u00edlia e funcionar\u00e1 em parceria com o Governo Federal atendendo 100 fam\u00edlias.<\/p>\n<p>O Crian\u00e7a Feliz visa incentivar as fam\u00edlias a cuidarem melhor das suas crian\u00e7as, atrav\u00e9s de visitas promovidas por equipe habilitada, que orientar\u00e1 para o desenvolvimento integral das crian\u00e7as, acompanhando na amamenta\u00e7\u00e3o, no fortalecimento dos v\u00ednculos familiares e comunit\u00e1rios e dando dicas de nutri\u00e7\u00e3o infantil. Esses visitadores tamb\u00e9m promovem o acompanhamento das vacinas, orientando para a import\u00e2ncia de manter essas prote\u00e7\u00f5es em dia.<\/p>\n<p><a href=\"http:\/\/caririemdestaque.com\/cd\/wp-content\/uploads\/2017\/09\/DSC_0306.jpg\"><img decoding=\"async\" class=\"alignleft wp-image-4285 size-medium\" src=\"http:\/\/caririemdestaque.com\/cd\/wp-content\/uploads\/2017\/09\/DSC_0306-300x200.jpg\" alt=\"\" width=\"300\" height=\"200\" srcset=\"https:\/\/noticiasemdestaque.com\/cd\/wp-content\/uploads\/2017\/09\/DSC_0306-300x200.jpg 300w, https:\/\/noticiasemdestaque.com\/cd\/wp-content\/uploads\/2017\/09\/DSC_0306-768x511.jpg 768w, https:\/\/noticiasemdestaque.com\/cd\/wp-content\/uploads\/2017\/09\/DSC_0306.jpg 1024w, https:\/\/noticiasemdestaque.com\/cd\/wp-content\/uploads\/2017\/09\/DSC_0306-480x320.jpg 480w\" sizes=\"(max-width: 300px) 100vw, 300px\" \/><\/a><\/p>\n<p>A vereadora Br\u00edgida Xavier falou do dia festivo vivido pela gest\u00e3o do prefeito \u00c9den. De acordo com ela, enquanto o pa\u00eds caminha na recess\u00e3o, o Munic\u00edpio de Sum\u00e9 d\u00e1 exemplo de organiza\u00e7\u00e3o e equil\u00edbrio financeiro entregando muitos projetos em uma \u00fanica semana, levando a\u00e7\u00f5es para todos os cantos da cidade, especialmente ao bairro do Alto Alegre, setor que ela tamb\u00e9m conhece bem, desde a \u00e9poca em que esteve \u00e0 frente da Secretaria da Assist\u00eancia Social do Munic\u00edpio.<\/p>\n<p>\u00c9den falou da preocupa\u00e7\u00e3o que sente com rela\u00e7\u00e3o \u00e0 recess\u00e3o no cen\u00e1rio<\/p>\n<p><a href=\"http:\/\/caririemdestaque.com\/cd\/wp-content\/uploads\/2017\/09\/DSC_0358.jpg\"><img decoding=\"async\" class=\"wp-image-4283 size-medium alignright\" src=\"http:\/\/caririemdestaque.com\/cd\/wp-content\/uploads\/2017\/09\/DSC_0358-300x200.jpg\" alt=\"\" width=\"300\" height=\"200\" srcset=\"https:\/\/noticiasemdestaque.com\/cd\/wp-content\/uploads\/2017\/09\/DSC_0358-300x200.jpg 300w, https:\/\/noticiasemdestaque.com\/cd\/wp-content\/uploads\/2017\/09\/DSC_0358-768x511.jpg 768w, https:\/\/noticiasemdestaque.com\/cd\/wp-content\/uploads\/2017\/09\/DSC_0358.jpg 1024w, https:\/\/noticiasemdestaque.com\/cd\/wp-content\/uploads\/2017\/09\/DSC_0358-480x320.jpg 480w\" sizes=\"(max-width: 300px) 100vw, 300px\" \/><\/a><\/p>\n<p>nacional e do corte de programas e verbas que vem acontecendo no pa\u00eds. Ele disse que o Bolsa Fam\u00edlia \u00e9 um importante programa, sendo uma das maiores fontes de renda nos munic\u00edpios, dinamizando a economia de muitas cidades. \u201c\u00c9 um programa que n\u00e3o pode retroceder, que precisa ser ampliado, dando condi\u00e7\u00f5es de emancipa\u00e7\u00e3o aos seus usu\u00e1rios com cursos de qualifica\u00e7\u00e3o, capacita\u00e7\u00f5es, ajudando a gerar renda para as fam\u00edlias, este \u00e9 o objetivo do programa e o objetivo do nosso governo. N\u00f3s estamos entregando hoje um local mais adequado para os usu\u00e1rios da assist\u00eancia social\u201d, disse \u00c9den.<\/p>\n<p>Ap\u00f3s a solenidade no Bolsa Fam\u00edlia, o prefeito e sua equipe se dirigiram ao Projeto Casa da M\u00f4nica para fazer a abertura oficial das atividades do local.<\/p>\n<p><em><strong>Cariri em Destaque<\/strong><\/em><\/p>\n<p>Ascom<\/p>\n<p>&nbsp;<\/p>\n<p>&nbsp;<\/p>\n<p>&nbsp;<\/p>\n<p>&nbsp;<\/p>\n","protected":false},"excerpt":{"rendered":"<p>O prefeito fez a entrega oficial da obra de reforma do pr\u00e9dio do Programa Bolsa Fam\u00edlia e deu in\u00edcio ao Programa Crian\u00e7a Feliz e ao Projeto M\u00f4nica. As solenidades aconteceram nos locais dos programas com a participa\u00e7\u00e3o da comunidade, dos secret\u00e1rios municipais, vereadores e membros do governo. O pr\u00e9dio do Bolsa Fam\u00edlia passou por total reforma na estrutura f\u00edsica. Para a secret\u00e1ria da Assist\u00eancia Social, Tanniery L\u00eala, a obra foi pensada para dar mais condi\u00e7\u00f5es de trabalho aos servidores e tornar o ambiente adequado e agrad\u00e1vel aos usu\u00e1rios do programa. \u201cNeste pr\u00e9dio recebemos diariamente muitas pessoas e foi pensando nelas que idealizamos essas melhorias para que todas se sintam confort\u00e1veis no atendimento e nas atividades dos programas. Agrade\u00e7o ao incentivo do prefeito em colocar em pr\u00e1tica essas a\u00e7\u00f5es e \u00e0 equipe de funcion\u00e1rios da assist\u00eancia que se dedicam diuturnamente para que tudo caminhe de forma eficaz\u201d, disse a secret\u00e1ria. Na solenidade, \u00c9den tamb\u00e9m lan\u00e7ou oficialmente o Programa Crian\u00e7a Feliz, que atender\u00e1 ao lado do Bolsa Fam\u00edlia e funcionar\u00e1 em parceria com o Governo Federal atendendo 100 fam\u00edlias. O Crian\u00e7a Feliz visa incentivar as fam\u00edlias a cuidarem melhor das suas crian\u00e7as, atrav\u00e9s de visitas promovidas por equipe habilitada, que orientar\u00e1 para o desenvolvimento integral das crian\u00e7as, acompanhando na amamenta\u00e7\u00e3o, no fortalecimento dos v\u00ednculos familiares e comunit\u00e1rios e dando dicas de nutri\u00e7\u00e3o infantil. Esses visitadores tamb\u00e9m promovem o acompanhamento das vacinas, orientando para a import\u00e2ncia de manter essas prote\u00e7\u00f5es em dia. A vereadora Br\u00edgida Xavier falou do dia festivo vivido pela gest\u00e3o do prefeito \u00c9den. De acordo com ela, enquanto o pa\u00eds caminha na recess\u00e3o, o Munic\u00edpio de Sum\u00e9 d\u00e1 exemplo de organiza\u00e7\u00e3o e equil\u00edbrio financeiro entregando muitos projetos em uma \u00fanica semana, levando a\u00e7\u00f5es para todos os cantos da cidade, especialmente ao bairro do Alto Alegre, setor que ela tamb\u00e9m conhece bem, desde a \u00e9poca em que esteve \u00e0 frente da Secretaria da Assist\u00eancia Social do Munic\u00edpio. \u00c9den falou da preocupa\u00e7\u00e3o que sente com rela\u00e7\u00e3o \u00e0 recess\u00e3o no cen\u00e1rio nacional e do corte de programas e verbas que vem acontecendo no pa\u00eds. Ele disse que o Bolsa Fam\u00edlia \u00e9 um importante programa, sendo uma das maiores fontes de renda nos munic\u00edpios, dinamizando a economia de muitas cidades. \u201c\u00c9 um programa que n\u00e3o pode retroceder, que precisa ser ampliado, dando condi\u00e7\u00f5es de emancipa\u00e7\u00e3o aos seus usu\u00e1rios com cursos de qualifica\u00e7\u00e3o, capacita\u00e7\u00f5es, ajudando a gerar renda para as fam\u00edlias, este \u00e9 o objetivo do programa e o objetivo do nosso governo. N\u00f3s estamos entregando hoje um local mais adequado para os usu\u00e1rios da assist\u00eancia social\u201d, disse \u00c9den. Ap\u00f3s a solenidade no Bolsa Fam\u00edlia, o prefeito e sua equipe se dirigiram ao Projeto Casa da M\u00f4nica para fazer a abertura oficial das atividades do local. Cariri em Destaque Ascom &nbsp; &nbsp; &nbsp; &nbsp;<\/p>\n","protected":false},"author":2,"featured_media":4284,"comment_status":"closed","ping_status":"open","sticky":false,"template":"","format":"standard","meta":{"_eb_attr":"","_jetpack_memberships_contains_paid_content":false,"footnotes":""},"categories":[4],"tags":[],"class_list":["post-4281","post","type-post","status-publish","format-standard","has-post-thumbnail","hentry","category-politica"],"yoast_head":"<!-- This site is optimized with the Yoast SEO plugin v26.5 - https:\/\/yoast.com\/wordpress\/plugins\/seo\/ -->\n<title>Prefeito \u00c9den Duarte entrega mais tr\u00eas importantes projetos para Sum\u00e9 - Not&iacute;cias em Destaque<\/title>\n<meta name=\"robots\" content=\"index, follow, max-snippet:-1, max-image-preview:large, max-video-preview:-1\" \/>\n<link rel=\"canonical\" href=\"https:\/\/noticiasemdestaque.com\/cd\/?p=4281\" \/>\n<meta property=\"og:locale\" content=\"pt_BR\" \/>\n<meta property=\"og:type\" content=\"article\" \/>\n<meta property=\"og:title\" content=\"Prefeito \u00c9den Duarte entrega mais tr\u00eas importantes projetos para Sum\u00e9 - Not&iacute;cias em Destaque\" \/>\n<meta property=\"og:description\" content=\"O prefeito fez a entrega oficial da obra de reforma do pr\u00e9dio do Programa Bolsa Fam\u00edlia e deu in\u00edcio ao Programa Crian\u00e7a Feliz e ao Projeto M\u00f4nica. As solenidades aconteceram nos locais dos programas com a participa\u00e7\u00e3o da comunidade, dos secret\u00e1rios municipais, vereadores e membros do governo. O pr\u00e9dio do Bolsa Fam\u00edlia passou por total reforma na estrutura f\u00edsica. Para a secret\u00e1ria da Assist\u00eancia Social, Tanniery L\u00eala, a obra foi pensada para dar mais condi\u00e7\u00f5es de trabalho aos servidores e tornar o ambiente adequado e agrad\u00e1vel aos usu\u00e1rios do programa. \u201cNeste pr\u00e9dio recebemos diariamente muitas pessoas e foi pensando nelas que idealizamos essas melhorias para que todas se sintam confort\u00e1veis no atendimento e nas atividades dos programas. Agrade\u00e7o ao incentivo do prefeito em colocar em pr\u00e1tica essas a\u00e7\u00f5es e \u00e0 equipe de funcion\u00e1rios da assist\u00eancia que se dedicam diuturnamente para que tudo caminhe de forma eficaz\u201d, disse a secret\u00e1ria. Na solenidade, \u00c9den tamb\u00e9m lan\u00e7ou oficialmente o Programa Crian\u00e7a Feliz, que atender\u00e1 ao lado do Bolsa Fam\u00edlia e funcionar\u00e1 em parceria com o Governo Federal atendendo 100 fam\u00edlias. O Crian\u00e7a Feliz visa incentivar as fam\u00edlias a cuidarem melhor das suas crian\u00e7as, atrav\u00e9s de visitas promovidas por equipe habilitada, que orientar\u00e1 para o desenvolvimento integral das crian\u00e7as, acompanhando na amamenta\u00e7\u00e3o, no fortalecimento dos v\u00ednculos familiares e comunit\u00e1rios e dando dicas de nutri\u00e7\u00e3o infantil. Esses visitadores tamb\u00e9m promovem o acompanhamento das vacinas, orientando para a import\u00e2ncia de manter essas prote\u00e7\u00f5es em dia. A vereadora Br\u00edgida Xavier falou do dia festivo vivido pela gest\u00e3o do prefeito \u00c9den. De acordo com ela, enquanto o pa\u00eds caminha na recess\u00e3o, o Munic\u00edpio de Sum\u00e9 d\u00e1 exemplo de organiza\u00e7\u00e3o e equil\u00edbrio financeiro entregando muitos projetos em uma \u00fanica semana, levando a\u00e7\u00f5es para todos os cantos da cidade, especialmente ao bairro do Alto Alegre, setor que ela tamb\u00e9m conhece bem, desde a \u00e9poca em que esteve \u00e0 frente da Secretaria da Assist\u00eancia Social do Munic\u00edpio. \u00c9den falou da preocupa\u00e7\u00e3o que sente com rela\u00e7\u00e3o \u00e0 recess\u00e3o no cen\u00e1rio nacional e do corte de programas e verbas que vem acontecendo no pa\u00eds. Ele disse que o Bolsa Fam\u00edlia \u00e9 um importante programa, sendo uma das maiores fontes de renda nos munic\u00edpios, dinamizando a economia de muitas cidades. \u201c\u00c9 um programa que n\u00e3o pode retroceder, que precisa ser ampliado, dando condi\u00e7\u00f5es de emancipa\u00e7\u00e3o aos seus usu\u00e1rios com cursos de qualifica\u00e7\u00e3o, capacita\u00e7\u00f5es, ajudando a gerar renda para as fam\u00edlias, este \u00e9 o objetivo do programa e o objetivo do nosso governo. N\u00f3s estamos entregando hoje um local mais adequado para os usu\u00e1rios da assist\u00eancia social\u201d, disse \u00c9den. Ap\u00f3s a solenidade no Bolsa Fam\u00edlia, o prefeito e sua equipe se dirigiram ao Projeto Casa da M\u00f4nica para fazer a abertura oficial das atividades do local. Cariri em Destaque Ascom &nbsp; &nbsp; &nbsp; &nbsp;\" \/>\n<meta property=\"og:url\" content=\"https:\/\/noticiasemdestaque.com\/cd\/?p=4281\" \/>\n<meta property=\"og:site_name\" content=\"Not&iacute;cias em Destaque\" \/>\n<meta property=\"article:published_time\" content=\"2017-09-13T18:08:26+00:00\" \/>\n<meta property=\"article:modified_time\" content=\"2017-09-13T18:11:28+00:00\" \/>\n<meta property=\"og:image\" content=\"https:\/\/noticiasemdestaque.com\/cd\/wp-content\/uploads\/2017\/09\/DSC_0360.jpg\" \/>\n\t<meta property=\"og:image:width\" content=\"1024\" \/>\n\t<meta property=\"og:image:height\" content=\"681\" \/>\n\t<meta property=\"og:image:type\" content=\"image\/jpeg\" \/>\n<meta name=\"author\" content=\"Not\u00edcias em Destaque\" \/>\n<meta name=\"twitter:card\" content=\"summary_large_image\" \/>\n<meta name=\"twitter:label1\" content=\"Escrito por\" \/>\n\t<meta name=\"twitter:data1\" content=\"Not\u00edcias em Destaque\" \/>\n\t<meta name=\"twitter:label2\" content=\"Est. tempo de leitura\" \/>\n\t<meta name=\"twitter:data2\" content=\"3 minutos\" \/>\n<script type=\"application\/ld+json\" class=\"yoast-schema-graph\">{\"@context\":\"https:\/\/schema.org\",\"@graph\":[{\"@type\":\"Article\",\"@id\":\"https:\/\/noticiasemdestaque.com\/cd\/?p=4281#article\",\"isPartOf\":{\"@id\":\"https:\/\/noticiasemdestaque.com\/cd\/?p=4281\"},\"author\":{\"name\":\"Not\u00edcias em Destaque\",\"@id\":\"https:\/\/noticiasemdestaque.com\/cd\/#\/schema\/person\/21320b03a7e8bb90128938dafc9b908a\"},\"headline\":\"Prefeito \u00c9den Duarte entrega mais tr\u00eas importantes projetos para Sum\u00e9\",\"datePublished\":\"2017-09-13T18:08:26+00:00\",\"dateModified\":\"2017-09-13T18:11:28+00:00\",\"mainEntityOfPage\":{\"@id\":\"https:\/\/noticiasemdestaque.com\/cd\/?p=4281\"},\"wordCount\":535,\"publisher\":{\"@id\":\"https:\/\/noticiasemdestaque.com\/cd\/#organization\"},\"image\":{\"@id\":\"https:\/\/noticiasemdestaque.com\/cd\/?p=4281#primaryimage\"},\"thumbnailUrl\":\"https:\/\/noticiasemdestaque.com\/cd\/wp-content\/uploads\/2017\/09\/DSC_0360.jpg\",\"articleSection\":[\"Pol\u00edtica\"],\"inLanguage\":\"pt-BR\"},{\"@type\":\"WebPage\",\"@id\":\"https:\/\/noticiasemdestaque.com\/cd\/?p=4281\",\"url\":\"https:\/\/noticiasemdestaque.com\/cd\/?p=4281\",\"name\":\"Prefeito \u00c9den Duarte entrega mais tr\u00eas importantes projetos para Sum\u00e9 - Not&iacute;cias em Destaque\",\"isPartOf\":{\"@id\":\"https:\/\/noticiasemdestaque.com\/cd\/#website\"},\"primaryImageOfPage\":{\"@id\":\"https:\/\/noticiasemdestaque.com\/cd\/?p=4281#primaryimage\"},\"image\":{\"@id\":\"https:\/\/noticiasemdestaque.com\/cd\/?p=4281#primaryimage\"},\"thumbnailUrl\":\"https:\/\/noticiasemdestaque.com\/cd\/wp-content\/uploads\/2017\/09\/DSC_0360.jpg\",\"datePublished\":\"2017-09-13T18:08:26+00:00\",\"dateModified\":\"2017-09-13T18:11:28+00:00\",\"breadcrumb\":{\"@id\":\"https:\/\/noticiasemdestaque.com\/cd\/?p=4281#breadcrumb\"},\"inLanguage\":\"pt-BR\",\"potentialAction\":[{\"@type\":\"ReadAction\",\"target\":[\"https:\/\/noticiasemdestaque.com\/cd\/?p=4281\"]}]},{\"@type\":\"ImageObject\",\"inLanguage\":\"pt-BR\",\"@id\":\"https:\/\/noticiasemdestaque.com\/cd\/?p=4281#primaryimage\",\"url\":\"https:\/\/noticiasemdestaque.com\/cd\/wp-content\/uploads\/2017\/09\/DSC_0360.jpg\",\"contentUrl\":\"https:\/\/noticiasemdestaque.com\/cd\/wp-content\/uploads\/2017\/09\/DSC_0360.jpg\",\"width\":1024,\"height\":681,\"caption\":\"????????????????????????????????????\"},{\"@type\":\"BreadcrumbList\",\"@id\":\"https:\/\/noticiasemdestaque.com\/cd\/?p=4281#breadcrumb\",\"itemListElement\":[{\"@type\":\"ListItem\",\"position\":1,\"name\":\"In\u00edcio\",\"item\":\"https:\/\/noticiasemdestaque.com\/cd\/\"},{\"@type\":\"ListItem\",\"position\":2,\"name\":\"Prefeito \u00c9den Duarte entrega mais tr\u00eas importantes projetos para Sum\u00e9\"}]},{\"@type\":\"WebSite\",\"@id\":\"https:\/\/noticiasemdestaque.com\/cd\/#website\",\"url\":\"https:\/\/noticiasemdestaque.com\/cd\/\",\"name\":\"Not&iacute;cias em Destaque\",\"description\":\"\",\"publisher\":{\"@id\":\"https:\/\/noticiasemdestaque.com\/cd\/#organization\"},\"potentialAction\":[{\"@type\":\"SearchAction\",\"target\":{\"@type\":\"EntryPoint\",\"urlTemplate\":\"https:\/\/noticiasemdestaque.com\/cd\/?s={search_term_string}\"},\"query-input\":{\"@type\":\"PropertyValueSpecification\",\"valueRequired\":true,\"valueName\":\"search_term_string\"}}],\"inLanguage\":\"pt-BR\"},{\"@type\":\"Organization\",\"@id\":\"https:\/\/noticiasemdestaque.com\/cd\/#organization\",\"name\":\"Not\u00edcias em Destaque\",\"url\":\"https:\/\/noticiasemdestaque.com\/cd\/\",\"logo\":{\"@type\":\"ImageObject\",\"inLanguage\":\"pt-BR\",\"@id\":\"https:\/\/noticiasemdestaque.com\/cd\/#\/schema\/logo\/image\/\",\"url\":\"https:\/\/noticiasemdestaque.com\/cd\/wp-content\/uploads\/2022\/05\/imagem-base-noticiasemdestaque.png\",\"contentUrl\":\"https:\/\/noticiasemdestaque.com\/cd\/wp-content\/uploads\/2022\/05\/imagem-base-noticiasemdestaque.png\",\"width\":1200,\"height\":630,\"caption\":\"Not\u00edcias em Destaque\"},\"image\":{\"@id\":\"https:\/\/noticiasemdestaque.com\/cd\/#\/schema\/logo\/image\/\"}},{\"@type\":\"Person\",\"@id\":\"https:\/\/noticiasemdestaque.com\/cd\/#\/schema\/person\/21320b03a7e8bb90128938dafc9b908a\",\"name\":\"Not\u00edcias em Destaque\",\"url\":\"https:\/\/noticiasemdestaque.com\/cd\/?author=2\"}]}<\/script>\n<!-- \/ Yoast SEO plugin. -->","yoast_head_json":{"title":"Prefeito \u00c9den Duarte entrega mais tr\u00eas importantes projetos para Sum\u00e9 - Not&iacute;cias em Destaque","robots":{"index":"index","follow":"follow","max-snippet":"max-snippet:-1","max-image-preview":"max-image-preview:large","max-video-preview":"max-video-preview:-1"},"canonical":"https:\/\/noticiasemdestaque.com\/cd\/?p=4281","og_locale":"pt_BR","og_type":"article","og_title":"Prefeito \u00c9den Duarte entrega mais tr\u00eas importantes projetos para Sum\u00e9 - Not&iacute;cias em Destaque","og_description":"O prefeito fez a entrega oficial da obra de reforma do pr\u00e9dio do Programa Bolsa Fam\u00edlia e deu in\u00edcio ao Programa Crian\u00e7a Feliz e ao Projeto M\u00f4nica. As solenidades aconteceram nos locais dos programas com a participa\u00e7\u00e3o da comunidade, dos secret\u00e1rios municipais, vereadores e membros do governo. O pr\u00e9dio do Bolsa Fam\u00edlia passou por total reforma na estrutura f\u00edsica. Para a secret\u00e1ria da Assist\u00eancia Social, Tanniery L\u00eala, a obra foi pensada para dar mais condi\u00e7\u00f5es de trabalho aos servidores e tornar o ambiente adequado e agrad\u00e1vel aos usu\u00e1rios do programa. \u201cNeste pr\u00e9dio recebemos diariamente muitas pessoas e foi pensando nelas que idealizamos essas melhorias para que todas se sintam confort\u00e1veis no atendimento e nas atividades dos programas. Agrade\u00e7o ao incentivo do prefeito em colocar em pr\u00e1tica essas a\u00e7\u00f5es e \u00e0 equipe de funcion\u00e1rios da assist\u00eancia que se dedicam diuturnamente para que tudo caminhe de forma eficaz\u201d, disse a secret\u00e1ria. Na solenidade, \u00c9den tamb\u00e9m lan\u00e7ou oficialmente o Programa Crian\u00e7a Feliz, que atender\u00e1 ao lado do Bolsa Fam\u00edlia e funcionar\u00e1 em parceria com o Governo Federal atendendo 100 fam\u00edlias. O Crian\u00e7a Feliz visa incentivar as fam\u00edlias a cuidarem melhor das suas crian\u00e7as, atrav\u00e9s de visitas promovidas por equipe habilitada, que orientar\u00e1 para o desenvolvimento integral das crian\u00e7as, acompanhando na amamenta\u00e7\u00e3o, no fortalecimento dos v\u00ednculos familiares e comunit\u00e1rios e dando dicas de nutri\u00e7\u00e3o infantil. Esses visitadores tamb\u00e9m promovem o acompanhamento das vacinas, orientando para a import\u00e2ncia de manter essas prote\u00e7\u00f5es em dia. A vereadora Br\u00edgida Xavier falou do dia festivo vivido pela gest\u00e3o do prefeito \u00c9den. De acordo com ela, enquanto o pa\u00eds caminha na recess\u00e3o, o Munic\u00edpio de Sum\u00e9 d\u00e1 exemplo de organiza\u00e7\u00e3o e equil\u00edbrio financeiro entregando muitos projetos em uma \u00fanica semana, levando a\u00e7\u00f5es para todos os cantos da cidade, especialmente ao bairro do Alto Alegre, setor que ela tamb\u00e9m conhece bem, desde a \u00e9poca em que esteve \u00e0 frente da Secretaria da Assist\u00eancia Social do Munic\u00edpio. \u00c9den falou da preocupa\u00e7\u00e3o que sente com rela\u00e7\u00e3o \u00e0 recess\u00e3o no cen\u00e1rio nacional e do corte de programas e verbas que vem acontecendo no pa\u00eds. Ele disse que o Bolsa Fam\u00edlia \u00e9 um importante programa, sendo uma das maiores fontes de renda nos munic\u00edpios, dinamizando a economia de muitas cidades. \u201c\u00c9 um programa que n\u00e3o pode retroceder, que precisa ser ampliado, dando condi\u00e7\u00f5es de emancipa\u00e7\u00e3o aos seus usu\u00e1rios com cursos de qualifica\u00e7\u00e3o, capacita\u00e7\u00f5es, ajudando a gerar renda para as fam\u00edlias, este \u00e9 o objetivo do programa e o objetivo do nosso governo. N\u00f3s estamos entregando hoje um local mais adequado para os usu\u00e1rios da assist\u00eancia social\u201d, disse \u00c9den. Ap\u00f3s a solenidade no Bolsa Fam\u00edlia, o prefeito e sua equipe se dirigiram ao Projeto Casa da M\u00f4nica para fazer a abertura oficial das atividades do local. Cariri em Destaque Ascom &nbsp; &nbsp; &nbsp; &nbsp;","og_url":"https:\/\/noticiasemdestaque.com\/cd\/?p=4281","og_site_name":"Not&iacute;cias em Destaque","article_published_time":"2017-09-13T18:08:26+00:00","article_modified_time":"2017-09-13T18:11:28+00:00","og_image":[{"width":1024,"height":681,"url":"https:\/\/noticiasemdestaque.com\/cd\/wp-content\/uploads\/2017\/09\/DSC_0360.jpg","type":"image\/jpeg"}],"author":"Not\u00edcias em Destaque","twitter_card":"summary_large_image","twitter_misc":{"Escrito por":"Not\u00edcias em Destaque","Est. tempo de leitura":"3 minutos"},"schema":{"@context":"https:\/\/schema.org","@graph":[{"@type":"Article","@id":"https:\/\/noticiasemdestaque.com\/cd\/?p=4281#article","isPartOf":{"@id":"https:\/\/noticiasemdestaque.com\/cd\/?p=4281"},"author":{"name":"Not\u00edcias em Destaque","@id":"https:\/\/noticiasemdestaque.com\/cd\/#\/schema\/person\/21320b03a7e8bb90128938dafc9b908a"},"headline":"Prefeito \u00c9den Duarte entrega mais tr\u00eas importantes projetos para Sum\u00e9","datePublished":"2017-09-13T18:08:26+00:00","dateModified":"2017-09-13T18:11:28+00:00","mainEntityOfPage":{"@id":"https:\/\/noticiasemdestaque.com\/cd\/?p=4281"},"wordCount":535,"publisher":{"@id":"https:\/\/noticiasemdestaque.com\/cd\/#organization"},"image":{"@id":"https:\/\/noticiasemdestaque.com\/cd\/?p=4281#primaryimage"},"thumbnailUrl":"https:\/\/noticiasemdestaque.com\/cd\/wp-content\/uploads\/2017\/09\/DSC_0360.jpg","articleSection":["Pol\u00edtica"],"inLanguage":"pt-BR"},{"@type":"WebPage","@id":"https:\/\/noticiasemdestaque.com\/cd\/?p=4281","url":"https:\/\/noticiasemdestaque.com\/cd\/?p=4281","name":"Prefeito \u00c9den Duarte entrega mais tr\u00eas importantes projetos para Sum\u00e9 - Not&iacute;cias em Destaque","isPartOf":{"@id":"https:\/\/noticiasemdestaque.com\/cd\/#website"},"primaryImageOfPage":{"@id":"https:\/\/noticiasemdestaque.com\/cd\/?p=4281#primaryimage"},"image":{"@id":"https:\/\/noticiasemdestaque.com\/cd\/?p=4281#primaryimage"},"thumbnailUrl":"https:\/\/noticiasemdestaque.com\/cd\/wp-content\/uploads\/2017\/09\/DSC_0360.jpg","datePublished":"2017-09-13T18:08:26+00:00","dateModified":"2017-09-13T18:11:28+00:00","breadcrumb":{"@id":"https:\/\/noticiasemdestaque.com\/cd\/?p=4281#breadcrumb"},"inLanguage":"pt-BR","potentialAction":[{"@type":"ReadAction","target":["https:\/\/noticiasemdestaque.com\/cd\/?p=4281"]}]},{"@type":"ImageObject","inLanguage":"pt-BR","@id":"https:\/\/noticiasemdestaque.com\/cd\/?p=4281#primaryimage","url":"https:\/\/noticiasemdestaque.com\/cd\/wp-content\/uploads\/2017\/09\/DSC_0360.jpg","contentUrl":"https:\/\/noticiasemdestaque.com\/cd\/wp-content\/uploads\/2017\/09\/DSC_0360.jpg","width":1024,"height":681,"caption":"????????????????????????????????????"},{"@type":"BreadcrumbList","@id":"https:\/\/noticiasemdestaque.com\/cd\/?p=4281#breadcrumb","itemListElement":[{"@type":"ListItem","position":1,"name":"In\u00edcio","item":"https:\/\/noticiasemdestaque.com\/cd\/"},{"@type":"ListItem","position":2,"name":"Prefeito \u00c9den Duarte entrega mais tr\u00eas importantes projetos para Sum\u00e9"}]},{"@type":"WebSite","@id":"https:\/\/noticiasemdestaque.com\/cd\/#website","url":"https:\/\/noticiasemdestaque.com\/cd\/","name":"Not&iacute;cias em Destaque","description":"","publisher":{"@id":"https:\/\/noticiasemdestaque.com\/cd\/#organization"},"potentialAction":[{"@type":"SearchAction","target":{"@type":"EntryPoint","urlTemplate":"https:\/\/noticiasemdestaque.com\/cd\/?s={search_term_string}"},"query-input":{"@type":"PropertyValueSpecification","valueRequired":true,"valueName":"search_term_string"}}],"inLanguage":"pt-BR"},{"@type":"Organization","@id":"https:\/\/noticiasemdestaque.com\/cd\/#organization","name":"Not\u00edcias em Destaque","url":"https:\/\/noticiasemdestaque.com\/cd\/","logo":{"@type":"ImageObject","inLanguage":"pt-BR","@id":"https:\/\/noticiasemdestaque.com\/cd\/#\/schema\/logo\/image\/","url":"https:\/\/noticiasemdestaque.com\/cd\/wp-content\/uploads\/2022\/05\/imagem-base-noticiasemdestaque.png","contentUrl":"https:\/\/noticiasemdestaque.com\/cd\/wp-content\/uploads\/2022\/05\/imagem-base-noticiasemdestaque.png","width":1200,"height":630,"caption":"Not\u00edcias em Destaque"},"image":{"@id":"https:\/\/noticiasemdestaque.com\/cd\/#\/schema\/logo\/image\/"}},{"@type":"Person","@id":"https:\/\/noticiasemdestaque.com\/cd\/#\/schema\/person\/21320b03a7e8bb90128938dafc9b908a","name":"Not\u00edcias em Destaque","url":"https:\/\/noticiasemdestaque.com\/cd\/?author=2"}]}},"jetpack_featured_media_url":"https:\/\/noticiasemdestaque.com\/cd\/wp-content\/uploads\/2017\/09\/DSC_0360.jpg","jetpack_sharing_enabled":true,"_links":{"self":[{"href":"https:\/\/noticiasemdestaque.com\/cd\/index.php?rest_route=\/wp\/v2\/posts\/4281","targetHints":{"allow":["GET"]}}],"collection":[{"href":"https:\/\/noticiasemdestaque.com\/cd\/index.php?rest_route=\/wp\/v2\/posts"}],"about":[{"href":"https:\/\/noticiasemdestaque.com\/cd\/index.php?rest_route=\/wp\/v2\/types\/post"}],"author":[{"embeddable":true,"href":"https:\/\/noticiasemdestaque.com\/cd\/index.php?rest_route=\/wp\/v2\/users\/2"}],"replies":[{"embeddable":true,"href":"https:\/\/noticiasemdestaque.com\/cd\/index.php?rest_route=%2Fwp%2Fv2%2Fcomments&post=4281"}],"version-history":[{"count":2,"href":"https:\/\/noticiasemdestaque.com\/cd\/index.php?rest_route=\/wp\/v2\/posts\/4281\/revisions"}],"predecessor-version":[{"id":4288,"href":"https:\/\/noticiasemdestaque.com\/cd\/index.php?rest_route=\/wp\/v2\/posts\/4281\/revisions\/4288"}],"wp:featuredmedia":[{"embeddable":true,"href":"https:\/\/noticiasemdestaque.com\/cd\/index.php?rest_route=\/wp\/v2\/media\/4284"}],"wp:attachment":[{"href":"https:\/\/noticiasemdestaque.com\/cd\/index.php?rest_route=%2Fwp%2Fv2%2Fmedia&parent=4281"}],"wp:term":[{"taxonomy":"category","embeddable":true,"href":"https:\/\/noticiasemdestaque.com\/cd\/index.php?rest_route=%2Fwp%2Fv2%2Fcategories&post=4281"},{"taxonomy":"post_tag","embeddable":true,"href":"https:\/\/noticiasemdestaque.com\/cd\/index.php?rest_route=%2Fwp%2Fv2%2Ftags&post=4281"}],"curies":[{"name":"wp","href":"https:\/\/api.w.org\/{rel}","templated":true}]}}