{"id":42802,"date":"2022-09-21T09:41:33","date_gmt":"2022-09-21T12:41:33","guid":{"rendered":"https:\/\/noticiasemdestaque.com\/cd\/?p=42802"},"modified":"2022-09-21T09:41:33","modified_gmt":"2022-09-21T12:41:33","slug":"putin-convoca-300-mil-reservistas-e-faz-ameaca-nuclear-nao-e-um-blefe","status":"publish","type":"post","link":"https:\/\/noticiasemdestaque.com\/cd\/?p=42802","title":{"rendered":"Putin convoca 300 mil reservistas e faz amea\u00e7a nuclear: &#8216;n\u00e3o \u00e9 um blefe&#8217;"},"content":{"rendered":"<div class=\"mc-column content-text active-extra-styles \" data-block-type=\"unstyled\" data-block-weight=\"43\" data-block-id=\"3\">\n<p data-track-category=\"Link no Texto\" data-track-links=\"\"><a href=\"https:\/\/noticiasemdestaque.com\/cd\/wp-content\/uploads\/2022\/09\/putin.webp\"><img fetchpriority=\"high\" decoding=\"async\" class=\"alignnone  wp-image-42803\" src=\"https:\/\/noticiasemdestaque.com\/cd\/wp-content\/uploads\/2022\/09\/putin-300x169.webp\" alt=\"\" width=\"849\" height=\"478\" srcset=\"https:\/\/noticiasemdestaque.com\/cd\/wp-content\/uploads\/2022\/09\/putin-300x169.webp 300w, https:\/\/noticiasemdestaque.com\/cd\/wp-content\/uploads\/2022\/09\/putin-768x432.webp 768w, https:\/\/noticiasemdestaque.com\/cd\/wp-content\/uploads\/2022\/09\/putin-18x10.webp 18w, https:\/\/noticiasemdestaque.com\/cd\/wp-content\/uploads\/2022\/09\/putin.webp 984w\" sizes=\"(max-width: 849px) 100vw, 849px\" \/><\/a><\/p>\n<p class=\"content-text__container \" data-track-category=\"Link no Texto\" data-track-links=\"\">Em um pronunciamento in\u00e9dito \u00e0 na\u00e7\u00e3o, o presidente da\u00a0<a href=\"https:\/\/g1.globo.com\/tudo-sobre\/russia\/\">R\u00fassia<\/a>,\u00a0<a href=\"https:\/\/g1.globo.com\/tudo-sobre\/vladimir-putin\/\">Vladimir Putin<\/a>, anunciou nesta quarta-feira (21) que convocar\u00e1 cerca de 300 mil cidad\u00e3os da reserva e em idade para se unir \u00e0s tropas russas na\u00a0<a href=\"https:\/\/g1.globo.com\/tudo-sobre\/ucrania\/\">Ucr\u00e2nia<\/a>\u00a0e<span class=\"highlight highlighted\">\u00a0fez amea\u00e7as nucleares ao Ocidente<\/span>.<\/p>\n<\/div>\n<div class=\"wall protected-content\">\n<div class=\"mc-column content-text active-extra-styles \" data-block-type=\"unstyled\" data-block-weight=\"47\" data-block-id=\"4\">\n<p class=\"content-text__container \" data-track-category=\"Link no Texto\" data-track-links=\"\">No discurso, sem precedentes desde o in\u00edcio da guerra da Ucr\u00e2nia, em fevereiro, Putin tamb\u00e9m disse ter prorrogado indefinidamente os contratos dos soldados que j\u00e1 est\u00e3o lutando no pa\u00eds vizinho e anunciou ainda o aumento de gastos com a produ\u00e7\u00e3o de armamentos e fez amea\u00e7as nucleares.<\/p>\n<\/div>\n<div class=\"mc-column content-text active-extra-styles\" data-block-type=\"raw\" data-block-weight=\"29\" data-block-id=\"5\">\n<blockquote class=\"content-blockquote theme-border-color-primary-before\"><p><strong>&#8220;N\u00e3o \u00e9 um blefe&#8221;, declarou o l\u00edder russo. &#8220;(&#8230;) Nosso pa\u00eds tem v\u00e1rios meios de destrui\u00e7\u00e3o, alguns dos quais s\u00e3o mais modernos do que os dos pa\u00edses da Otan&#8221;<\/strong>.<\/p><\/blockquote>\n<\/div>\n<div class=\"mc-column content-text active-extra-styles \" data-block-type=\"unstyled\" data-block-weight=\"42\" data-block-id=\"8\">\n<p class=\"content-text__container \" data-track-category=\"Link no Texto\" data-track-links=\"\">O discurso amea\u00e7ador de Putin preocupou o Ocidente\u00a0<strong>(veja mais abaixo)<\/strong>\u00a0e\u00a0<span class=\"highlight highlighted\">foi feito em um momento no qual o governo ucraniano faz uma forte e veloz opera\u00e7\u00e3o de contraofensiva, com o apoio log\u00edstico dos pa\u00edses europeus e dos Estados Unidos.<\/span><\/p>\n<\/div>\n<div class=\"mc-column content-text active-extra-styles \" data-block-type=\"unstyled\" data-block-weight=\"36\" data-block-id=\"9\">\n<p class=\"content-text__container \" data-track-category=\"Link no Texto\" data-track-links=\"\">No pronunciamento, transmitido pela TV, o presidente russo disse tamb\u00e9m que dar\u00e1 apoio aos\u00a0<a href=\"https:\/\/g1.globo.com\/mundo\/ucrania-russia\/noticia\/2022\/09\/20\/russia-anuncia-inicio-de-referendos-sobre-anexacao-de-regioes-separatistas-na-ucrania.ghtml\">referendos anunciados para este fim de semana em Luhansk, Donetsk, Kherson e Zaporizhzhia<\/a>, regi\u00f5es ucranianas invadidas pela R\u00fassia, para ades\u00e3o ao pa\u00eds.<\/p>\n<\/div>\n<div data-track-category=\"multicontent\" data-track-action=\"ultimo chunk conteudo\" data-track-noninteraction=\"false\" data-track-scroll=\"view\">\n<div class=\"mc-column content-text active-extra-styles \" data-block-type=\"unstyled\" data-block-weight=\"50\" data-block-id=\"10\">\n<p class=\"content-text__container \" data-track-category=\"Link no Texto\" data-track-links=\"\">Putin afirmou ainda que a R\u00fassia usar\u00e1 todos os recursos \u00e0 sua disposi\u00e7\u00e3o para defender o que chamou de &#8220;seu povo&#8221;, sem explicar, por\u00e9m, que amea\u00e7as s\u00e3o essas. Dentre as medidas anunciadas pelo russo est\u00e1, al\u00e9m do financiamento da produ\u00e7\u00e3o de armas, conferir status legal aos volunt\u00e1rios combatendo no Donbass.<\/p>\n<p data-track-category=\"Link no Texto\" data-track-links=\"\"><strong>Noticias em Destaque<\/strong><\/p>\n<p style=\"text-align: right;\" data-track-category=\"Link no Texto\" data-track-links=\"\"><em>Fonte: CNN Brasil<\/em><\/p>\n<\/div>\n<\/div>\n<\/div>\n","protected":false},"excerpt":{"rendered":"<p>Em um pronunciamento in\u00e9dito \u00e0 na\u00e7\u00e3o, o presidente da\u00a0R\u00fassia,\u00a0Vladimir Putin, anunciou nesta quarta-feira (21) que convocar\u00e1 cerca de 300 mil cidad\u00e3os da reserva e em idade para se unir \u00e0s tropas russas na\u00a0Ucr\u00e2nia\u00a0e\u00a0fez amea\u00e7as nucleares ao Ocidente. No discurso, sem precedentes desde o in\u00edcio da guerra da Ucr\u00e2nia, em fevereiro, Putin tamb\u00e9m disse ter prorrogado indefinidamente os contratos dos soldados que j\u00e1 est\u00e3o lutando no pa\u00eds vizinho e anunciou ainda o aumento de gastos com a produ\u00e7\u00e3o de armamentos e fez amea\u00e7as nucleares. &#8220;N\u00e3o \u00e9 um blefe&#8221;, declarou o l\u00edder russo. &#8220;(&#8230;) Nosso pa\u00eds tem v\u00e1rios meios de destrui\u00e7\u00e3o, alguns dos quais s\u00e3o mais modernos do que os dos pa\u00edses da Otan&#8221;. O discurso amea\u00e7ador de Putin preocupou o Ocidente\u00a0(veja mais abaixo)\u00a0e\u00a0foi feito em um momento no qual o governo ucraniano faz uma forte e veloz opera\u00e7\u00e3o de contraofensiva, com o apoio log\u00edstico dos pa\u00edses europeus e dos Estados Unidos. No pronunciamento, transmitido pela TV, o presidente russo disse tamb\u00e9m que dar\u00e1 apoio aos\u00a0referendos anunciados para este fim de semana em Luhansk, Donetsk, Kherson e Zaporizhzhia, regi\u00f5es ucranianas invadidas pela R\u00fassia, para ades\u00e3o ao pa\u00eds. Putin afirmou ainda que a R\u00fassia usar\u00e1 todos os recursos \u00e0 sua disposi\u00e7\u00e3o para defender o que chamou de &#8220;seu povo&#8221;, sem explicar, por\u00e9m, que amea\u00e7as s\u00e3o essas. Dentre as medidas anunciadas pelo russo est\u00e1, al\u00e9m do financiamento da produ\u00e7\u00e3o de armas, conferir status legal aos volunt\u00e1rios combatendo no Donbass. Noticias em Destaque Fonte: CNN Brasil<\/p>\n","protected":false},"author":2,"featured_media":42803,"comment_status":"closed","ping_status":"open","sticky":false,"template":"","format":"standard","meta":{"_eb_attr":"","_jetpack_memberships_contains_paid_content":false,"footnotes":""},"categories":[12],"tags":[],"class_list":["post-42802","post","type-post","status-publish","format-standard","has-post-thumbnail","hentry","category-geral"],"yoast_head":"<!-- This site is optimized with the Yoast SEO plugin v26.5 - https:\/\/yoast.com\/wordpress\/plugins\/seo\/ -->\n<title>Putin convoca 300 mil reservistas e faz amea\u00e7a nuclear: &#039;n\u00e3o \u00e9 um blefe&#039; - Not&iacute;cias em Destaque<\/title>\n<meta name=\"robots\" content=\"index, follow, max-snippet:-1, max-image-preview:large, max-video-preview:-1\" \/>\n<link rel=\"canonical\" href=\"https:\/\/noticiasemdestaque.com\/cd\/?p=42802\" \/>\n<meta property=\"og:locale\" content=\"pt_BR\" \/>\n<meta property=\"og:type\" content=\"article\" \/>\n<meta property=\"og:title\" content=\"Putin convoca 300 mil reservistas e faz amea\u00e7a nuclear: &#039;n\u00e3o \u00e9 um blefe&#039; - Not&iacute;cias em Destaque\" \/>\n<meta property=\"og:description\" content=\"Em um pronunciamento in\u00e9dito \u00e0 na\u00e7\u00e3o, o presidente da\u00a0R\u00fassia,\u00a0Vladimir Putin, anunciou nesta quarta-feira (21) que convocar\u00e1 cerca de 300 mil cidad\u00e3os da reserva e em idade para se unir \u00e0s tropas russas na\u00a0Ucr\u00e2nia\u00a0e\u00a0fez amea\u00e7as nucleares ao Ocidente. No discurso, sem precedentes desde o in\u00edcio da guerra da Ucr\u00e2nia, em fevereiro, Putin tamb\u00e9m disse ter prorrogado indefinidamente os contratos dos soldados que j\u00e1 est\u00e3o lutando no pa\u00eds vizinho e anunciou ainda o aumento de gastos com a produ\u00e7\u00e3o de armamentos e fez amea\u00e7as nucleares. &#8220;N\u00e3o \u00e9 um blefe&#8221;, declarou o l\u00edder russo. &#8220;(&#8230;) Nosso pa\u00eds tem v\u00e1rios meios de destrui\u00e7\u00e3o, alguns dos quais s\u00e3o mais modernos do que os dos pa\u00edses da Otan&#8221;. O discurso amea\u00e7ador de Putin preocupou o Ocidente\u00a0(veja mais abaixo)\u00a0e\u00a0foi feito em um momento no qual o governo ucraniano faz uma forte e veloz opera\u00e7\u00e3o de contraofensiva, com o apoio log\u00edstico dos pa\u00edses europeus e dos Estados Unidos. No pronunciamento, transmitido pela TV, o presidente russo disse tamb\u00e9m que dar\u00e1 apoio aos\u00a0referendos anunciados para este fim de semana em Luhansk, Donetsk, Kherson e Zaporizhzhia, regi\u00f5es ucranianas invadidas pela R\u00fassia, para ades\u00e3o ao pa\u00eds. Putin afirmou ainda que a R\u00fassia usar\u00e1 todos os recursos \u00e0 sua disposi\u00e7\u00e3o para defender o que chamou de &#8220;seu povo&#8221;, sem explicar, por\u00e9m, que amea\u00e7as s\u00e3o essas. Dentre as medidas anunciadas pelo russo est\u00e1, al\u00e9m do financiamento da produ\u00e7\u00e3o de armas, conferir status legal aos volunt\u00e1rios combatendo no Donbass. Noticias em Destaque Fonte: CNN Brasil\" \/>\n<meta property=\"og:url\" content=\"https:\/\/noticiasemdestaque.com\/cd\/?p=42802\" \/>\n<meta property=\"og:site_name\" content=\"Not&iacute;cias em Destaque\" \/>\n<meta property=\"article:published_time\" content=\"2022-09-21T12:41:33+00:00\" \/>\n<meta property=\"og:image\" content=\"https:\/\/noticiasemdestaque.com\/cd\/wp-content\/uploads\/2022\/09\/putin.webp\" \/>\n\t<meta property=\"og:image:width\" content=\"984\" \/>\n\t<meta property=\"og:image:height\" content=\"554\" \/>\n\t<meta property=\"og:image:type\" content=\"image\/webp\" \/>\n<meta name=\"author\" content=\"Not\u00edcias em Destaque\" \/>\n<meta name=\"twitter:card\" content=\"summary_large_image\" \/>\n<meta name=\"twitter:label1\" content=\"Escrito por\" \/>\n\t<meta name=\"twitter:data1\" content=\"Not\u00edcias em Destaque\" \/>\n\t<meta name=\"twitter:label2\" content=\"Est. tempo de leitura\" \/>\n\t<meta name=\"twitter:data2\" content=\"2 minutos\" \/>\n<script type=\"application\/ld+json\" class=\"yoast-schema-graph\">{\"@context\":\"https:\/\/schema.org\",\"@graph\":[{\"@type\":\"Article\",\"@id\":\"https:\/\/noticiasemdestaque.com\/cd\/?p=42802#article\",\"isPartOf\":{\"@id\":\"https:\/\/noticiasemdestaque.com\/cd\/?p=42802\"},\"author\":{\"name\":\"Not\u00edcias em Destaque\",\"@id\":\"https:\/\/noticiasemdestaque.com\/cd\/#\/schema\/person\/21320b03a7e8bb90128938dafc9b908a\"},\"headline\":\"Putin convoca 300 mil reservistas e faz amea\u00e7a nuclear: &#8216;n\u00e3o \u00e9 um blefe&#8217;\",\"datePublished\":\"2022-09-21T12:41:33+00:00\",\"mainEntityOfPage\":{\"@id\":\"https:\/\/noticiasemdestaque.com\/cd\/?p=42802\"},\"wordCount\":294,\"publisher\":{\"@id\":\"https:\/\/noticiasemdestaque.com\/cd\/#organization\"},\"image\":{\"@id\":\"https:\/\/noticiasemdestaque.com\/cd\/?p=42802#primaryimage\"},\"thumbnailUrl\":\"https:\/\/noticiasemdestaque.com\/cd\/wp-content\/uploads\/2022\/09\/putin.webp\",\"articleSection\":[\"Geral\"],\"inLanguage\":\"pt-BR\"},{\"@type\":\"WebPage\",\"@id\":\"https:\/\/noticiasemdestaque.com\/cd\/?p=42802\",\"url\":\"https:\/\/noticiasemdestaque.com\/cd\/?p=42802\",\"name\":\"Putin convoca 300 mil reservistas e faz amea\u00e7a nuclear: 'n\u00e3o \u00e9 um blefe' - Not&iacute;cias em Destaque\",\"isPartOf\":{\"@id\":\"https:\/\/noticiasemdestaque.com\/cd\/#website\"},\"primaryImageOfPage\":{\"@id\":\"https:\/\/noticiasemdestaque.com\/cd\/?p=42802#primaryimage\"},\"image\":{\"@id\":\"https:\/\/noticiasemdestaque.com\/cd\/?p=42802#primaryimage\"},\"thumbnailUrl\":\"https:\/\/noticiasemdestaque.com\/cd\/wp-content\/uploads\/2022\/09\/putin.webp\",\"datePublished\":\"2022-09-21T12:41:33+00:00\",\"breadcrumb\":{\"@id\":\"https:\/\/noticiasemdestaque.com\/cd\/?p=42802#breadcrumb\"},\"inLanguage\":\"pt-BR\",\"potentialAction\":[{\"@type\":\"ReadAction\",\"target\":[\"https:\/\/noticiasemdestaque.com\/cd\/?p=42802\"]}]},{\"@type\":\"ImageObject\",\"inLanguage\":\"pt-BR\",\"@id\":\"https:\/\/noticiasemdestaque.com\/cd\/?p=42802#primaryimage\",\"url\":\"https:\/\/noticiasemdestaque.com\/cd\/wp-content\/uploads\/2022\/09\/putin.webp\",\"contentUrl\":\"https:\/\/noticiasemdestaque.com\/cd\/wp-content\/uploads\/2022\/09\/putin.webp\",\"width\":984,\"height\":554},{\"@type\":\"BreadcrumbList\",\"@id\":\"https:\/\/noticiasemdestaque.com\/cd\/?p=42802#breadcrumb\",\"itemListElement\":[{\"@type\":\"ListItem\",\"position\":1,\"name\":\"In\u00edcio\",\"item\":\"https:\/\/noticiasemdestaque.com\/cd\/\"},{\"@type\":\"ListItem\",\"position\":2,\"name\":\"Putin convoca 300 mil reservistas e faz amea\u00e7a nuclear: &#8216;n\u00e3o \u00e9 um blefe&#8217;\"}]},{\"@type\":\"WebSite\",\"@id\":\"https:\/\/noticiasemdestaque.com\/cd\/#website\",\"url\":\"https:\/\/noticiasemdestaque.com\/cd\/\",\"name\":\"Not&iacute;cias em Destaque\",\"description\":\"\",\"publisher\":{\"@id\":\"https:\/\/noticiasemdestaque.com\/cd\/#organization\"},\"potentialAction\":[{\"@type\":\"SearchAction\",\"target\":{\"@type\":\"EntryPoint\",\"urlTemplate\":\"https:\/\/noticiasemdestaque.com\/cd\/?s={search_term_string}\"},\"query-input\":{\"@type\":\"PropertyValueSpecification\",\"valueRequired\":true,\"valueName\":\"search_term_string\"}}],\"inLanguage\":\"pt-BR\"},{\"@type\":\"Organization\",\"@id\":\"https:\/\/noticiasemdestaque.com\/cd\/#organization\",\"name\":\"Not\u00edcias em Destaque\",\"url\":\"https:\/\/noticiasemdestaque.com\/cd\/\",\"logo\":{\"@type\":\"ImageObject\",\"inLanguage\":\"pt-BR\",\"@id\":\"https:\/\/noticiasemdestaque.com\/cd\/#\/schema\/logo\/image\/\",\"url\":\"https:\/\/noticiasemdestaque.com\/cd\/wp-content\/uploads\/2022\/05\/imagem-base-noticiasemdestaque.png\",\"contentUrl\":\"https:\/\/noticiasemdestaque.com\/cd\/wp-content\/uploads\/2022\/05\/imagem-base-noticiasemdestaque.png\",\"width\":1200,\"height\":630,\"caption\":\"Not\u00edcias em Destaque\"},\"image\":{\"@id\":\"https:\/\/noticiasemdestaque.com\/cd\/#\/schema\/logo\/image\/\"}},{\"@type\":\"Person\",\"@id\":\"https:\/\/noticiasemdestaque.com\/cd\/#\/schema\/person\/21320b03a7e8bb90128938dafc9b908a\",\"name\":\"Not\u00edcias em Destaque\",\"url\":\"https:\/\/noticiasemdestaque.com\/cd\/?author=2\"}]}<\/script>\n<!-- \/ Yoast SEO plugin. -->","yoast_head_json":{"title":"Putin convoca 300 mil reservistas e faz amea\u00e7a nuclear: 'n\u00e3o \u00e9 um blefe' - Not&iacute;cias em Destaque","robots":{"index":"index","follow":"follow","max-snippet":"max-snippet:-1","max-image-preview":"max-image-preview:large","max-video-preview":"max-video-preview:-1"},"canonical":"https:\/\/noticiasemdestaque.com\/cd\/?p=42802","og_locale":"pt_BR","og_type":"article","og_title":"Putin convoca 300 mil reservistas e faz amea\u00e7a nuclear: 'n\u00e3o \u00e9 um blefe' - Not&iacute;cias em Destaque","og_description":"Em um pronunciamento in\u00e9dito \u00e0 na\u00e7\u00e3o, o presidente da\u00a0R\u00fassia,\u00a0Vladimir Putin, anunciou nesta quarta-feira (21) que convocar\u00e1 cerca de 300 mil cidad\u00e3os da reserva e em idade para se unir \u00e0s tropas russas na\u00a0Ucr\u00e2nia\u00a0e\u00a0fez amea\u00e7as nucleares ao Ocidente. No discurso, sem precedentes desde o in\u00edcio da guerra da Ucr\u00e2nia, em fevereiro, Putin tamb\u00e9m disse ter prorrogado indefinidamente os contratos dos soldados que j\u00e1 est\u00e3o lutando no pa\u00eds vizinho e anunciou ainda o aumento de gastos com a produ\u00e7\u00e3o de armamentos e fez amea\u00e7as nucleares. &#8220;N\u00e3o \u00e9 um blefe&#8221;, declarou o l\u00edder russo. &#8220;(&#8230;) Nosso pa\u00eds tem v\u00e1rios meios de destrui\u00e7\u00e3o, alguns dos quais s\u00e3o mais modernos do que os dos pa\u00edses da Otan&#8221;. O discurso amea\u00e7ador de Putin preocupou o Ocidente\u00a0(veja mais abaixo)\u00a0e\u00a0foi feito em um momento no qual o governo ucraniano faz uma forte e veloz opera\u00e7\u00e3o de contraofensiva, com o apoio log\u00edstico dos pa\u00edses europeus e dos Estados Unidos. No pronunciamento, transmitido pela TV, o presidente russo disse tamb\u00e9m que dar\u00e1 apoio aos\u00a0referendos anunciados para este fim de semana em Luhansk, Donetsk, Kherson e Zaporizhzhia, regi\u00f5es ucranianas invadidas pela R\u00fassia, para ades\u00e3o ao pa\u00eds. Putin afirmou ainda que a R\u00fassia usar\u00e1 todos os recursos \u00e0 sua disposi\u00e7\u00e3o para defender o que chamou de &#8220;seu povo&#8221;, sem explicar, por\u00e9m, que amea\u00e7as s\u00e3o essas. Dentre as medidas anunciadas pelo russo est\u00e1, al\u00e9m do financiamento da produ\u00e7\u00e3o de armas, conferir status legal aos volunt\u00e1rios combatendo no Donbass. Noticias em Destaque Fonte: CNN Brasil","og_url":"https:\/\/noticiasemdestaque.com\/cd\/?p=42802","og_site_name":"Not&iacute;cias em Destaque","article_published_time":"2022-09-21T12:41:33+00:00","og_image":[{"width":984,"height":554,"url":"https:\/\/noticiasemdestaque.com\/cd\/wp-content\/uploads\/2022\/09\/putin.webp","type":"image\/webp"}],"author":"Not\u00edcias em Destaque","twitter_card":"summary_large_image","twitter_misc":{"Escrito por":"Not\u00edcias em Destaque","Est. tempo de leitura":"2 minutos"},"schema":{"@context":"https:\/\/schema.org","@graph":[{"@type":"Article","@id":"https:\/\/noticiasemdestaque.com\/cd\/?p=42802#article","isPartOf":{"@id":"https:\/\/noticiasemdestaque.com\/cd\/?p=42802"},"author":{"name":"Not\u00edcias em Destaque","@id":"https:\/\/noticiasemdestaque.com\/cd\/#\/schema\/person\/21320b03a7e8bb90128938dafc9b908a"},"headline":"Putin convoca 300 mil reservistas e faz amea\u00e7a nuclear: &#8216;n\u00e3o \u00e9 um blefe&#8217;","datePublished":"2022-09-21T12:41:33+00:00","mainEntityOfPage":{"@id":"https:\/\/noticiasemdestaque.com\/cd\/?p=42802"},"wordCount":294,"publisher":{"@id":"https:\/\/noticiasemdestaque.com\/cd\/#organization"},"image":{"@id":"https:\/\/noticiasemdestaque.com\/cd\/?p=42802#primaryimage"},"thumbnailUrl":"https:\/\/noticiasemdestaque.com\/cd\/wp-content\/uploads\/2022\/09\/putin.webp","articleSection":["Geral"],"inLanguage":"pt-BR"},{"@type":"WebPage","@id":"https:\/\/noticiasemdestaque.com\/cd\/?p=42802","url":"https:\/\/noticiasemdestaque.com\/cd\/?p=42802","name":"Putin convoca 300 mil reservistas e faz amea\u00e7a nuclear: 'n\u00e3o \u00e9 um blefe' - Not&iacute;cias em Destaque","isPartOf":{"@id":"https:\/\/noticiasemdestaque.com\/cd\/#website"},"primaryImageOfPage":{"@id":"https:\/\/noticiasemdestaque.com\/cd\/?p=42802#primaryimage"},"image":{"@id":"https:\/\/noticiasemdestaque.com\/cd\/?p=42802#primaryimage"},"thumbnailUrl":"https:\/\/noticiasemdestaque.com\/cd\/wp-content\/uploads\/2022\/09\/putin.webp","datePublished":"2022-09-21T12:41:33+00:00","breadcrumb":{"@id":"https:\/\/noticiasemdestaque.com\/cd\/?p=42802#breadcrumb"},"inLanguage":"pt-BR","potentialAction":[{"@type":"ReadAction","target":["https:\/\/noticiasemdestaque.com\/cd\/?p=42802"]}]},{"@type":"ImageObject","inLanguage":"pt-BR","@id":"https:\/\/noticiasemdestaque.com\/cd\/?p=42802#primaryimage","url":"https:\/\/noticiasemdestaque.com\/cd\/wp-content\/uploads\/2022\/09\/putin.webp","contentUrl":"https:\/\/noticiasemdestaque.com\/cd\/wp-content\/uploads\/2022\/09\/putin.webp","width":984,"height":554},{"@type":"BreadcrumbList","@id":"https:\/\/noticiasemdestaque.com\/cd\/?p=42802#breadcrumb","itemListElement":[{"@type":"ListItem","position":1,"name":"In\u00edcio","item":"https:\/\/noticiasemdestaque.com\/cd\/"},{"@type":"ListItem","position":2,"name":"Putin convoca 300 mil reservistas e faz amea\u00e7a nuclear: &#8216;n\u00e3o \u00e9 um blefe&#8217;"}]},{"@type":"WebSite","@id":"https:\/\/noticiasemdestaque.com\/cd\/#website","url":"https:\/\/noticiasemdestaque.com\/cd\/","name":"Not&iacute;cias em Destaque","description":"","publisher":{"@id":"https:\/\/noticiasemdestaque.com\/cd\/#organization"},"potentialAction":[{"@type":"SearchAction","target":{"@type":"EntryPoint","urlTemplate":"https:\/\/noticiasemdestaque.com\/cd\/?s={search_term_string}"},"query-input":{"@type":"PropertyValueSpecification","valueRequired":true,"valueName":"search_term_string"}}],"inLanguage":"pt-BR"},{"@type":"Organization","@id":"https:\/\/noticiasemdestaque.com\/cd\/#organization","name":"Not\u00edcias em Destaque","url":"https:\/\/noticiasemdestaque.com\/cd\/","logo":{"@type":"ImageObject","inLanguage":"pt-BR","@id":"https:\/\/noticiasemdestaque.com\/cd\/#\/schema\/logo\/image\/","url":"https:\/\/noticiasemdestaque.com\/cd\/wp-content\/uploads\/2022\/05\/imagem-base-noticiasemdestaque.png","contentUrl":"https:\/\/noticiasemdestaque.com\/cd\/wp-content\/uploads\/2022\/05\/imagem-base-noticiasemdestaque.png","width":1200,"height":630,"caption":"Not\u00edcias em Destaque"},"image":{"@id":"https:\/\/noticiasemdestaque.com\/cd\/#\/schema\/logo\/image\/"}},{"@type":"Person","@id":"https:\/\/noticiasemdestaque.com\/cd\/#\/schema\/person\/21320b03a7e8bb90128938dafc9b908a","name":"Not\u00edcias em Destaque","url":"https:\/\/noticiasemdestaque.com\/cd\/?author=2"}]}},"jetpack_featured_media_url":"https:\/\/noticiasemdestaque.com\/cd\/wp-content\/uploads\/2022\/09\/putin.webp","jetpack_sharing_enabled":true,"_links":{"self":[{"href":"https:\/\/noticiasemdestaque.com\/cd\/index.php?rest_route=\/wp\/v2\/posts\/42802","targetHints":{"allow":["GET"]}}],"collection":[{"href":"https:\/\/noticiasemdestaque.com\/cd\/index.php?rest_route=\/wp\/v2\/posts"}],"about":[{"href":"https:\/\/noticiasemdestaque.com\/cd\/index.php?rest_route=\/wp\/v2\/types\/post"}],"author":[{"embeddable":true,"href":"https:\/\/noticiasemdestaque.com\/cd\/index.php?rest_route=\/wp\/v2\/users\/2"}],"replies":[{"embeddable":true,"href":"https:\/\/noticiasemdestaque.com\/cd\/index.php?rest_route=%2Fwp%2Fv2%2Fcomments&post=42802"}],"version-history":[{"count":1,"href":"https:\/\/noticiasemdestaque.com\/cd\/index.php?rest_route=\/wp\/v2\/posts\/42802\/revisions"}],"predecessor-version":[{"id":42804,"href":"https:\/\/noticiasemdestaque.com\/cd\/index.php?rest_route=\/wp\/v2\/posts\/42802\/revisions\/42804"}],"wp:featuredmedia":[{"embeddable":true,"href":"https:\/\/noticiasemdestaque.com\/cd\/index.php?rest_route=\/wp\/v2\/media\/42803"}],"wp:attachment":[{"href":"https:\/\/noticiasemdestaque.com\/cd\/index.php?rest_route=%2Fwp%2Fv2%2Fmedia&parent=42802"}],"wp:term":[{"taxonomy":"category","embeddable":true,"href":"https:\/\/noticiasemdestaque.com\/cd\/index.php?rest_route=%2Fwp%2Fv2%2Fcategories&post=42802"},{"taxonomy":"post_tag","embeddable":true,"href":"https:\/\/noticiasemdestaque.com\/cd\/index.php?rest_route=%2Fwp%2Fv2%2Ftags&post=42802"}],"curies":[{"name":"wp","href":"https:\/\/api.w.org\/{rel}","templated":true}]}}