{"id":42799,"date":"2022-09-21T09:32:11","date_gmt":"2022-09-21T12:32:11","guid":{"rendered":"https:\/\/noticiasemdestaque.com\/cd\/?p=42799"},"modified":"2022-09-21T09:32:11","modified_gmt":"2022-09-21T12:32:11","slug":"criminosos-invadem-escola-em-serra-branca-durante-a-madrugada-e-furtam-todos-os-televisores-da-unidade-escolar","status":"publish","type":"post","link":"https:\/\/noticiasemdestaque.com\/cd\/?p=42799","title":{"rendered":"Criminosos invadem escola em Serra Branca durante a madrugada e furtam todos os televisores da unidade escolar"},"content":{"rendered":"<p><a href=\"https:\/\/noticiasemdestaque.com\/cd\/wp-content\/uploads\/2022\/09\/Criminosos-invadem-escola-em-Serra-Branca-durante-a-madrugada-e-furtam-todos-os-televisores-da-unidade-escolar.jpg\"><img fetchpriority=\"high\" decoding=\"async\" class=\"alignnone  wp-image-42800\" src=\"https:\/\/noticiasemdestaque.com\/cd\/wp-content\/uploads\/2022\/09\/Criminosos-invadem-escola-em-Serra-Branca-durante-a-madrugada-e-furtam-todos-os-televisores-da-unidade-escolar-300x169.jpg\" alt=\"\" width=\"856\" height=\"482\" srcset=\"https:\/\/noticiasemdestaque.com\/cd\/wp-content\/uploads\/2022\/09\/Criminosos-invadem-escola-em-Serra-Branca-durante-a-madrugada-e-furtam-todos-os-televisores-da-unidade-escolar-300x169.jpg 300w, https:\/\/noticiasemdestaque.com\/cd\/wp-content\/uploads\/2022\/09\/Criminosos-invadem-escola-em-Serra-Branca-durante-a-madrugada-e-furtam-todos-os-televisores-da-unidade-escolar-1024x576.jpg 1024w, https:\/\/noticiasemdestaque.com\/cd\/wp-content\/uploads\/2022\/09\/Criminosos-invadem-escola-em-Serra-Branca-durante-a-madrugada-e-furtam-todos-os-televisores-da-unidade-escolar-768x432.jpg 768w, https:\/\/noticiasemdestaque.com\/cd\/wp-content\/uploads\/2022\/09\/Criminosos-invadem-escola-em-Serra-Branca-durante-a-madrugada-e-furtam-todos-os-televisores-da-unidade-escolar-18x10.jpg 18w, https:\/\/noticiasemdestaque.com\/cd\/wp-content\/uploads\/2022\/09\/Criminosos-invadem-escola-em-Serra-Branca-durante-a-madrugada-e-furtam-todos-os-televisores-da-unidade-escolar.jpg 1334w\" sizes=\"(max-width: 856px) 100vw, 856px\" \/><\/a><\/p>\n<p>Desta vez, a cidade de Serra Branca foi o local da a\u00e7\u00e3o dos bandidos, onde escolheram uma entidade escolar para agirem durante esta madrugada. A Escola Estadual \u201cSenador Jos\u00e9 Gaud\u00eancio\u201d, que fica localizada em pleno centro da cidade, foi o alvo dos criminosos.<\/p>\n<figure class=\"wp-block-image aligncenter size-large is-resized\"><img decoding=\"async\" class=\"wp-image-113837\" src=\"https:\/\/deolhonocariri.com.br\/wp-content\/uploads\/2022\/09\/zzzzzzzzzzz-484x1024.jpg\" sizes=\"(max-width: 345px) 100vw, 345px\" srcset=\"https:\/\/deolhonocariri.com.br\/wp-content\/uploads\/2022\/09\/zzzzzzzzzzz-484x1024.jpg 484w, https:\/\/deolhonocariri.com.br\/wp-content\/uploads\/2022\/09\/zzzzzzzzzzz-284x600.jpg 284w, https:\/\/deolhonocariri.com.br\/wp-content\/uploads\/2022\/09\/zzzzzzzzzzz-189x400.jpg 189w, https:\/\/deolhonocariri.com.br\/wp-content\/uploads\/2022\/09\/zzzzzzzzzzz.jpg 488w\" alt=\"\" width=\"345\" height=\"730\" \/><\/figure>\n<p>Segundo informa\u00e7\u00f5es chegadas ao portal De Olho no Cariri, os indiv\u00edduos invadiram o local pela quadra de esportes e arrombaram ao todo nove salas de aulas, quebrando os cadeados. Os meliantes conseguiram levar da entidade escolar, 09 televisores de LED da marca LG de 55 polegadas que recentemente foram adquiridos pela gest\u00e3o escolar.<\/p>\n<p>A Pol\u00edcia Civil est\u00e1 no local e j\u00e1 investiga o caso.<\/p>\n<p>O clima de medo e afli\u00e7\u00e3o j\u00e1 tomam contam de toda a popula\u00e7\u00e3o serrabranquense, que consequentemente vem sofrendo pela inseguran\u00e7a na cidade. Uma s\u00e9rie de assaltos j\u00e1 foram registrados durante algumas semanas aqui na \u201cRainha do Cariri\u201d.<\/p>\n<p><strong>Noticias em Destaque<\/strong><\/p>\n<p style=\"text-align: right;\"><em>Fonte: De Olho no Cariri<\/em><\/p>\n","protected":false},"excerpt":{"rendered":"<p>Desta vez, a cidade de Serra Branca foi o local da a\u00e7\u00e3o dos bandidos, onde escolheram uma entidade escolar para agirem durante esta madrugada. A Escola Estadual \u201cSenador Jos\u00e9 Gaud\u00eancio\u201d, que fica localizada em pleno centro da cidade, foi o alvo dos criminosos. Segundo informa\u00e7\u00f5es chegadas ao portal De Olho no Cariri, os indiv\u00edduos invadiram o local pela quadra de esportes e arrombaram ao todo nove salas de aulas, quebrando os cadeados. Os meliantes conseguiram levar da entidade escolar, 09 televisores de LED da marca LG de 55 polegadas que recentemente foram adquiridos pela gest\u00e3o escolar. A Pol\u00edcia Civil est\u00e1 no local e j\u00e1 investiga o caso. O clima de medo e afli\u00e7\u00e3o j\u00e1 tomam contam de toda a popula\u00e7\u00e3o serrabranquense, que consequentemente vem sofrendo pela inseguran\u00e7a na cidade. Uma s\u00e9rie de assaltos j\u00e1 foram registrados durante algumas semanas aqui na \u201cRainha do Cariri\u201d. Noticias em Destaque Fonte: De Olho no Cariri<\/p>\n","protected":false},"author":2,"featured_media":42800,"comment_status":"closed","ping_status":"open","sticky":false,"template":"","format":"standard","meta":{"_eb_attr":"","_jetpack_memberships_contains_paid_content":false,"footnotes":""},"categories":[20],"tags":[],"class_list":["post-42799","post","type-post","status-publish","format-standard","has-post-thumbnail","hentry","category-policia"],"yoast_head":"<!-- This site is optimized with the Yoast SEO plugin v26.5 - https:\/\/yoast.com\/wordpress\/plugins\/seo\/ -->\n<title>Criminosos invadem escola em Serra Branca durante a madrugada e furtam todos os televisores da unidade escolar - Not&iacute;cias em Destaque<\/title>\n<meta name=\"robots\" content=\"index, follow, max-snippet:-1, max-image-preview:large, max-video-preview:-1\" \/>\n<link rel=\"canonical\" href=\"https:\/\/noticiasemdestaque.com\/cd\/?p=42799\" \/>\n<meta property=\"og:locale\" content=\"pt_BR\" \/>\n<meta property=\"og:type\" content=\"article\" \/>\n<meta property=\"og:title\" content=\"Criminosos invadem escola em Serra Branca durante a madrugada e furtam todos os televisores da unidade escolar - Not&iacute;cias em Destaque\" \/>\n<meta property=\"og:description\" content=\"Desta vez, a cidade de Serra Branca foi o local da a\u00e7\u00e3o dos bandidos, onde escolheram uma entidade escolar para agirem durante esta madrugada. A Escola Estadual \u201cSenador Jos\u00e9 Gaud\u00eancio\u201d, que fica localizada em pleno centro da cidade, foi o alvo dos criminosos. Segundo informa\u00e7\u00f5es chegadas ao portal De Olho no Cariri, os indiv\u00edduos invadiram o local pela quadra de esportes e arrombaram ao todo nove salas de aulas, quebrando os cadeados. Os meliantes conseguiram levar da entidade escolar, 09 televisores de LED da marca LG de 55 polegadas que recentemente foram adquiridos pela gest\u00e3o escolar. A Pol\u00edcia Civil est\u00e1 no local e j\u00e1 investiga o caso. O clima de medo e afli\u00e7\u00e3o j\u00e1 tomam contam de toda a popula\u00e7\u00e3o serrabranquense, que consequentemente vem sofrendo pela inseguran\u00e7a na cidade. Uma s\u00e9rie de assaltos j\u00e1 foram registrados durante algumas semanas aqui na \u201cRainha do Cariri\u201d. Noticias em Destaque Fonte: De Olho no Cariri\" \/>\n<meta property=\"og:url\" content=\"https:\/\/noticiasemdestaque.com\/cd\/?p=42799\" \/>\n<meta property=\"og:site_name\" content=\"Not&iacute;cias em Destaque\" \/>\n<meta property=\"article:published_time\" content=\"2022-09-21T12:32:11+00:00\" \/>\n<meta property=\"og:image\" content=\"https:\/\/noticiasemdestaque.com\/cd\/wp-content\/uploads\/2022\/09\/Criminosos-invadem-escola-em-Serra-Branca-durante-a-madrugada-e-furtam-todos-os-televisores-da-unidade-escolar.jpg\" \/>\n\t<meta property=\"og:image:width\" content=\"1334\" \/>\n\t<meta property=\"og:image:height\" content=\"750\" \/>\n\t<meta property=\"og:image:type\" content=\"image\/jpeg\" \/>\n<meta name=\"author\" content=\"Not\u00edcias em Destaque\" \/>\n<meta name=\"twitter:card\" content=\"summary_large_image\" \/>\n<meta name=\"twitter:label1\" content=\"Escrito por\" \/>\n\t<meta name=\"twitter:data1\" content=\"Not\u00edcias em Destaque\" \/>\n\t<meta name=\"twitter:label2\" content=\"Est. tempo de leitura\" \/>\n\t<meta name=\"twitter:data2\" content=\"2 minutos\" \/>\n<script type=\"application\/ld+json\" class=\"yoast-schema-graph\">{\"@context\":\"https:\/\/schema.org\",\"@graph\":[{\"@type\":\"Article\",\"@id\":\"https:\/\/noticiasemdestaque.com\/cd\/?p=42799#article\",\"isPartOf\":{\"@id\":\"https:\/\/noticiasemdestaque.com\/cd\/?p=42799\"},\"author\":{\"name\":\"Not\u00edcias em Destaque\",\"@id\":\"https:\/\/noticiasemdestaque.com\/cd\/#\/schema\/person\/21320b03a7e8bb90128938dafc9b908a\"},\"headline\":\"Criminosos invadem escola em Serra Branca durante a madrugada e furtam todos os televisores da unidade escolar\",\"datePublished\":\"2022-09-21T12:32:11+00:00\",\"mainEntityOfPage\":{\"@id\":\"https:\/\/noticiasemdestaque.com\/cd\/?p=42799\"},\"wordCount\":177,\"publisher\":{\"@id\":\"https:\/\/noticiasemdestaque.com\/cd\/#organization\"},\"image\":{\"@id\":\"https:\/\/noticiasemdestaque.com\/cd\/?p=42799#primaryimage\"},\"thumbnailUrl\":\"https:\/\/noticiasemdestaque.com\/cd\/wp-content\/uploads\/2022\/09\/Criminosos-invadem-escola-em-Serra-Branca-durante-a-madrugada-e-furtam-todos-os-televisores-da-unidade-escolar.jpg\",\"articleSection\":[\"Pol\u00edcia\"],\"inLanguage\":\"pt-BR\"},{\"@type\":\"WebPage\",\"@id\":\"https:\/\/noticiasemdestaque.com\/cd\/?p=42799\",\"url\":\"https:\/\/noticiasemdestaque.com\/cd\/?p=42799\",\"name\":\"Criminosos invadem escola em Serra Branca durante a madrugada e furtam todos os televisores da unidade escolar - Not&iacute;cias em Destaque\",\"isPartOf\":{\"@id\":\"https:\/\/noticiasemdestaque.com\/cd\/#website\"},\"primaryImageOfPage\":{\"@id\":\"https:\/\/noticiasemdestaque.com\/cd\/?p=42799#primaryimage\"},\"image\":{\"@id\":\"https:\/\/noticiasemdestaque.com\/cd\/?p=42799#primaryimage\"},\"thumbnailUrl\":\"https:\/\/noticiasemdestaque.com\/cd\/wp-content\/uploads\/2022\/09\/Criminosos-invadem-escola-em-Serra-Branca-durante-a-madrugada-e-furtam-todos-os-televisores-da-unidade-escolar.jpg\",\"datePublished\":\"2022-09-21T12:32:11+00:00\",\"breadcrumb\":{\"@id\":\"https:\/\/noticiasemdestaque.com\/cd\/?p=42799#breadcrumb\"},\"inLanguage\":\"pt-BR\",\"potentialAction\":[{\"@type\":\"ReadAction\",\"target\":[\"https:\/\/noticiasemdestaque.com\/cd\/?p=42799\"]}]},{\"@type\":\"ImageObject\",\"inLanguage\":\"pt-BR\",\"@id\":\"https:\/\/noticiasemdestaque.com\/cd\/?p=42799#primaryimage\",\"url\":\"https:\/\/noticiasemdestaque.com\/cd\/wp-content\/uploads\/2022\/09\/Criminosos-invadem-escola-em-Serra-Branca-durante-a-madrugada-e-furtam-todos-os-televisores-da-unidade-escolar.jpg\",\"contentUrl\":\"https:\/\/noticiasemdestaque.com\/cd\/wp-content\/uploads\/2022\/09\/Criminosos-invadem-escola-em-Serra-Branca-durante-a-madrugada-e-furtam-todos-os-televisores-da-unidade-escolar.jpg\",\"width\":1334,\"height\":750},{\"@type\":\"BreadcrumbList\",\"@id\":\"https:\/\/noticiasemdestaque.com\/cd\/?p=42799#breadcrumb\",\"itemListElement\":[{\"@type\":\"ListItem\",\"position\":1,\"name\":\"In\u00edcio\",\"item\":\"https:\/\/noticiasemdestaque.com\/cd\/\"},{\"@type\":\"ListItem\",\"position\":2,\"name\":\"Criminosos invadem escola em Serra Branca durante a madrugada e furtam todos os televisores da unidade escolar\"}]},{\"@type\":\"WebSite\",\"@id\":\"https:\/\/noticiasemdestaque.com\/cd\/#website\",\"url\":\"https:\/\/noticiasemdestaque.com\/cd\/\",\"name\":\"Not&iacute;cias em Destaque\",\"description\":\"\",\"publisher\":{\"@id\":\"https:\/\/noticiasemdestaque.com\/cd\/#organization\"},\"potentialAction\":[{\"@type\":\"SearchAction\",\"target\":{\"@type\":\"EntryPoint\",\"urlTemplate\":\"https:\/\/noticiasemdestaque.com\/cd\/?s={search_term_string}\"},\"query-input\":{\"@type\":\"PropertyValueSpecification\",\"valueRequired\":true,\"valueName\":\"search_term_string\"}}],\"inLanguage\":\"pt-BR\"},{\"@type\":\"Organization\",\"@id\":\"https:\/\/noticiasemdestaque.com\/cd\/#organization\",\"name\":\"Not\u00edcias em Destaque\",\"url\":\"https:\/\/noticiasemdestaque.com\/cd\/\",\"logo\":{\"@type\":\"ImageObject\",\"inLanguage\":\"pt-BR\",\"@id\":\"https:\/\/noticiasemdestaque.com\/cd\/#\/schema\/logo\/image\/\",\"url\":\"https:\/\/noticiasemdestaque.com\/cd\/wp-content\/uploads\/2022\/05\/imagem-base-noticiasemdestaque.png\",\"contentUrl\":\"https:\/\/noticiasemdestaque.com\/cd\/wp-content\/uploads\/2022\/05\/imagem-base-noticiasemdestaque.png\",\"width\":1200,\"height\":630,\"caption\":\"Not\u00edcias em Destaque\"},\"image\":{\"@id\":\"https:\/\/noticiasemdestaque.com\/cd\/#\/schema\/logo\/image\/\"}},{\"@type\":\"Person\",\"@id\":\"https:\/\/noticiasemdestaque.com\/cd\/#\/schema\/person\/21320b03a7e8bb90128938dafc9b908a\",\"name\":\"Not\u00edcias em Destaque\",\"url\":\"https:\/\/noticiasemdestaque.com\/cd\/?author=2\"}]}<\/script>\n<!-- \/ Yoast SEO plugin. -->","yoast_head_json":{"title":"Criminosos invadem escola em Serra Branca durante a madrugada e furtam todos os televisores da unidade escolar - Not&iacute;cias em Destaque","robots":{"index":"index","follow":"follow","max-snippet":"max-snippet:-1","max-image-preview":"max-image-preview:large","max-video-preview":"max-video-preview:-1"},"canonical":"https:\/\/noticiasemdestaque.com\/cd\/?p=42799","og_locale":"pt_BR","og_type":"article","og_title":"Criminosos invadem escola em Serra Branca durante a madrugada e furtam todos os televisores da unidade escolar - Not&iacute;cias em Destaque","og_description":"Desta vez, a cidade de Serra Branca foi o local da a\u00e7\u00e3o dos bandidos, onde escolheram uma entidade escolar para agirem durante esta madrugada. A Escola Estadual \u201cSenador Jos\u00e9 Gaud\u00eancio\u201d, que fica localizada em pleno centro da cidade, foi o alvo dos criminosos. Segundo informa\u00e7\u00f5es chegadas ao portal De Olho no Cariri, os indiv\u00edduos invadiram o local pela quadra de esportes e arrombaram ao todo nove salas de aulas, quebrando os cadeados. Os meliantes conseguiram levar da entidade escolar, 09 televisores de LED da marca LG de 55 polegadas que recentemente foram adquiridos pela gest\u00e3o escolar. A Pol\u00edcia Civil est\u00e1 no local e j\u00e1 investiga o caso. O clima de medo e afli\u00e7\u00e3o j\u00e1 tomam contam de toda a popula\u00e7\u00e3o serrabranquense, que consequentemente vem sofrendo pela inseguran\u00e7a na cidade. Uma s\u00e9rie de assaltos j\u00e1 foram registrados durante algumas semanas aqui na \u201cRainha do Cariri\u201d. Noticias em Destaque Fonte: De Olho no Cariri","og_url":"https:\/\/noticiasemdestaque.com\/cd\/?p=42799","og_site_name":"Not&iacute;cias em Destaque","article_published_time":"2022-09-21T12:32:11+00:00","og_image":[{"width":1334,"height":750,"url":"https:\/\/noticiasemdestaque.com\/cd\/wp-content\/uploads\/2022\/09\/Criminosos-invadem-escola-em-Serra-Branca-durante-a-madrugada-e-furtam-todos-os-televisores-da-unidade-escolar.jpg","type":"image\/jpeg"}],"author":"Not\u00edcias em Destaque","twitter_card":"summary_large_image","twitter_misc":{"Escrito por":"Not\u00edcias em Destaque","Est. tempo de leitura":"2 minutos"},"schema":{"@context":"https:\/\/schema.org","@graph":[{"@type":"Article","@id":"https:\/\/noticiasemdestaque.com\/cd\/?p=42799#article","isPartOf":{"@id":"https:\/\/noticiasemdestaque.com\/cd\/?p=42799"},"author":{"name":"Not\u00edcias em Destaque","@id":"https:\/\/noticiasemdestaque.com\/cd\/#\/schema\/person\/21320b03a7e8bb90128938dafc9b908a"},"headline":"Criminosos invadem escola em Serra Branca durante a madrugada e furtam todos os televisores da unidade escolar","datePublished":"2022-09-21T12:32:11+00:00","mainEntityOfPage":{"@id":"https:\/\/noticiasemdestaque.com\/cd\/?p=42799"},"wordCount":177,"publisher":{"@id":"https:\/\/noticiasemdestaque.com\/cd\/#organization"},"image":{"@id":"https:\/\/noticiasemdestaque.com\/cd\/?p=42799#primaryimage"},"thumbnailUrl":"https:\/\/noticiasemdestaque.com\/cd\/wp-content\/uploads\/2022\/09\/Criminosos-invadem-escola-em-Serra-Branca-durante-a-madrugada-e-furtam-todos-os-televisores-da-unidade-escolar.jpg","articleSection":["Pol\u00edcia"],"inLanguage":"pt-BR"},{"@type":"WebPage","@id":"https:\/\/noticiasemdestaque.com\/cd\/?p=42799","url":"https:\/\/noticiasemdestaque.com\/cd\/?p=42799","name":"Criminosos invadem escola em Serra Branca durante a madrugada e furtam todos os televisores da unidade escolar - Not&iacute;cias em Destaque","isPartOf":{"@id":"https:\/\/noticiasemdestaque.com\/cd\/#website"},"primaryImageOfPage":{"@id":"https:\/\/noticiasemdestaque.com\/cd\/?p=42799#primaryimage"},"image":{"@id":"https:\/\/noticiasemdestaque.com\/cd\/?p=42799#primaryimage"},"thumbnailUrl":"https:\/\/noticiasemdestaque.com\/cd\/wp-content\/uploads\/2022\/09\/Criminosos-invadem-escola-em-Serra-Branca-durante-a-madrugada-e-furtam-todos-os-televisores-da-unidade-escolar.jpg","datePublished":"2022-09-21T12:32:11+00:00","breadcrumb":{"@id":"https:\/\/noticiasemdestaque.com\/cd\/?p=42799#breadcrumb"},"inLanguage":"pt-BR","potentialAction":[{"@type":"ReadAction","target":["https:\/\/noticiasemdestaque.com\/cd\/?p=42799"]}]},{"@type":"ImageObject","inLanguage":"pt-BR","@id":"https:\/\/noticiasemdestaque.com\/cd\/?p=42799#primaryimage","url":"https:\/\/noticiasemdestaque.com\/cd\/wp-content\/uploads\/2022\/09\/Criminosos-invadem-escola-em-Serra-Branca-durante-a-madrugada-e-furtam-todos-os-televisores-da-unidade-escolar.jpg","contentUrl":"https:\/\/noticiasemdestaque.com\/cd\/wp-content\/uploads\/2022\/09\/Criminosos-invadem-escola-em-Serra-Branca-durante-a-madrugada-e-furtam-todos-os-televisores-da-unidade-escolar.jpg","width":1334,"height":750},{"@type":"BreadcrumbList","@id":"https:\/\/noticiasemdestaque.com\/cd\/?p=42799#breadcrumb","itemListElement":[{"@type":"ListItem","position":1,"name":"In\u00edcio","item":"https:\/\/noticiasemdestaque.com\/cd\/"},{"@type":"ListItem","position":2,"name":"Criminosos invadem escola em Serra Branca durante a madrugada e furtam todos os televisores da unidade escolar"}]},{"@type":"WebSite","@id":"https:\/\/noticiasemdestaque.com\/cd\/#website","url":"https:\/\/noticiasemdestaque.com\/cd\/","name":"Not&iacute;cias em Destaque","description":"","publisher":{"@id":"https:\/\/noticiasemdestaque.com\/cd\/#organization"},"potentialAction":[{"@type":"SearchAction","target":{"@type":"EntryPoint","urlTemplate":"https:\/\/noticiasemdestaque.com\/cd\/?s={search_term_string}"},"query-input":{"@type":"PropertyValueSpecification","valueRequired":true,"valueName":"search_term_string"}}],"inLanguage":"pt-BR"},{"@type":"Organization","@id":"https:\/\/noticiasemdestaque.com\/cd\/#organization","name":"Not\u00edcias em Destaque","url":"https:\/\/noticiasemdestaque.com\/cd\/","logo":{"@type":"ImageObject","inLanguage":"pt-BR","@id":"https:\/\/noticiasemdestaque.com\/cd\/#\/schema\/logo\/image\/","url":"https:\/\/noticiasemdestaque.com\/cd\/wp-content\/uploads\/2022\/05\/imagem-base-noticiasemdestaque.png","contentUrl":"https:\/\/noticiasemdestaque.com\/cd\/wp-content\/uploads\/2022\/05\/imagem-base-noticiasemdestaque.png","width":1200,"height":630,"caption":"Not\u00edcias em Destaque"},"image":{"@id":"https:\/\/noticiasemdestaque.com\/cd\/#\/schema\/logo\/image\/"}},{"@type":"Person","@id":"https:\/\/noticiasemdestaque.com\/cd\/#\/schema\/person\/21320b03a7e8bb90128938dafc9b908a","name":"Not\u00edcias em Destaque","url":"https:\/\/noticiasemdestaque.com\/cd\/?author=2"}]}},"jetpack_featured_media_url":"https:\/\/noticiasemdestaque.com\/cd\/wp-content\/uploads\/2022\/09\/Criminosos-invadem-escola-em-Serra-Branca-durante-a-madrugada-e-furtam-todos-os-televisores-da-unidade-escolar.jpg","jetpack_sharing_enabled":true,"_links":{"self":[{"href":"https:\/\/noticiasemdestaque.com\/cd\/index.php?rest_route=\/wp\/v2\/posts\/42799","targetHints":{"allow":["GET"]}}],"collection":[{"href":"https:\/\/noticiasemdestaque.com\/cd\/index.php?rest_route=\/wp\/v2\/posts"}],"about":[{"href":"https:\/\/noticiasemdestaque.com\/cd\/index.php?rest_route=\/wp\/v2\/types\/post"}],"author":[{"embeddable":true,"href":"https:\/\/noticiasemdestaque.com\/cd\/index.php?rest_route=\/wp\/v2\/users\/2"}],"replies":[{"embeddable":true,"href":"https:\/\/noticiasemdestaque.com\/cd\/index.php?rest_route=%2Fwp%2Fv2%2Fcomments&post=42799"}],"version-history":[{"count":1,"href":"https:\/\/noticiasemdestaque.com\/cd\/index.php?rest_route=\/wp\/v2\/posts\/42799\/revisions"}],"predecessor-version":[{"id":42801,"href":"https:\/\/noticiasemdestaque.com\/cd\/index.php?rest_route=\/wp\/v2\/posts\/42799\/revisions\/42801"}],"wp:featuredmedia":[{"embeddable":true,"href":"https:\/\/noticiasemdestaque.com\/cd\/index.php?rest_route=\/wp\/v2\/media\/42800"}],"wp:attachment":[{"href":"https:\/\/noticiasemdestaque.com\/cd\/index.php?rest_route=%2Fwp%2Fv2%2Fmedia&parent=42799"}],"wp:term":[{"taxonomy":"category","embeddable":true,"href":"https:\/\/noticiasemdestaque.com\/cd\/index.php?rest_route=%2Fwp%2Fv2%2Fcategories&post=42799"},{"taxonomy":"post_tag","embeddable":true,"href":"https:\/\/noticiasemdestaque.com\/cd\/index.php?rest_route=%2Fwp%2Fv2%2Ftags&post=42799"}],"curies":[{"name":"wp","href":"https:\/\/api.w.org\/{rel}","templated":true}]}}