{"id":4265,"date":"2017-09-13T07:06:21","date_gmt":"2017-09-13T10:06:21","guid":{"rendered":"http:\/\/caririemdestaque.com\/cd\/?p=4265"},"modified":"2017-09-13T07:06:21","modified_gmt":"2017-09-13T10:06:21","slug":"prefeito-consegue-com-dnocs-garantia-de-20-pocos-sao-jose-dos-cordeiros","status":"publish","type":"post","link":"https:\/\/noticiasemdestaque.com\/cd\/?p=4265","title":{"rendered":"Prefeito consegue com Dnocs garantia de 20 po\u00e7os S\u00e3o Jos\u00e9 dos Cordeiros"},"content":{"rendered":"<p><a href=\"http:\/\/caririemdestaque.com\/cd\/wp-content\/uploads\/2017\/09\/timthumb-7.jpg\"><img fetchpriority=\"high\" decoding=\"async\" class=\"wp-image-4266 size-medium alignleft\" src=\"http:\/\/caririemdestaque.com\/cd\/wp-content\/uploads\/2017\/09\/timthumb-7-300x218.jpg\" alt=\"\" width=\"300\" height=\"218\" srcset=\"https:\/\/noticiasemdestaque.com\/cd\/wp-content\/uploads\/2017\/09\/timthumb-7-300x218.jpg 300w, https:\/\/noticiasemdestaque.com\/cd\/wp-content\/uploads\/2017\/09\/timthumb-7.jpg 547w\" sizes=\"(max-width: 300px) 100vw, 300px\" \/><\/a>O prefeito de S\u00e3o Jos\u00e9 dos Cordeiros, Jefferson Roberto, acompanhado do secret\u00e1rio de agricultura Dayvison Romeryto esteve reunido com o coordenador do Dnocs na Para\u00edba, Dr. Alberto Gomes Batista, nesta segunda-feira (11). Na reuni\u00e3o, o gestor apresentou of\u00edcio solicitando parceria para perfura\u00e7\u00e3o de 20 po\u00e7os artesianos em diversas comunidades rurais.<\/p>\n<p>O coordenador do Dnocs recebeu o pleito e se prontificou a inserir S\u00e3o Jos\u00e9 dos Cordeiros na nova etapa de Perfura\u00e7\u00e3o de po\u00e7os artesianos para o Estado. O conv\u00eanio entre Prefeitura e Dnocs foi assinado e seguir\u00e1 agora para ser publicado no Di\u00e1rio Oficial da Uni\u00e3o.<\/p>\n<p>O prefeito Jefferson Roberto solicitou a perfura\u00e7\u00e3o de po\u00e7os nas comunidades de: Algod\u00e3o, Algod\u00e3o de Baixo, Franco, Agreste, Lagoa de Ro\u00e7a, Pedra Lavrada, Sim\u00e3o Lopes, Jo\u00e3o Ferreira, Riacho dos Pocinhos, Perico, Lambar\u00e9, Brito, Sal\u00e3o, Cardoso, Barra do Mineiro, Mundo Novo, Pau Darco, Canela de Ema, Muqu\u00e9m e Boa Vista.<\/p>\n<p>Jefferson Roberto disse que neste conv\u00eanio, a Prefeitura de S\u00e3o Jos\u00e9 dos Cordeiros entrar\u00e1 com contrapartida na perfura\u00e7\u00e3o dos po\u00e7os. Para o gestor, a a\u00e7\u00e3o \u00e9 importante para ajudar os habitantes da zona rural no tocante ao abastecimento de \u00e1gua pot\u00e1vel tanto para os animais quando para o consumo humano.<\/p>\n<p>\u201cNossa gest\u00e3o tem um olhar especial para as pessoas. Queremos melhorar a qualidade de vida de nosso povo e nosso objetivo, portanto, \u00e9 trazer a\u00e7\u00f5es que tragam bem estar social\u201d, destacou o prefeito.<\/p>\n","protected":false},"excerpt":{"rendered":"<p>O prefeito de S\u00e3o Jos\u00e9 dos Cordeiros, Jefferson Roberto, acompanhado do secret\u00e1rio de agricultura Dayvison Romeryto esteve reunido com o coordenador do Dnocs na Para\u00edba, Dr. Alberto Gomes Batista, nesta segunda-feira (11). Na reuni\u00e3o, o gestor apresentou of\u00edcio solicitando parceria para perfura\u00e7\u00e3o de 20 po\u00e7os artesianos em diversas comunidades rurais. O coordenador do Dnocs recebeu o pleito e se prontificou a inserir S\u00e3o Jos\u00e9 dos Cordeiros na nova etapa de Perfura\u00e7\u00e3o de po\u00e7os artesianos para o Estado. O conv\u00eanio entre Prefeitura e Dnocs foi assinado e seguir\u00e1 agora para ser publicado no Di\u00e1rio Oficial da Uni\u00e3o. O prefeito Jefferson Roberto solicitou a perfura\u00e7\u00e3o de po\u00e7os nas comunidades de: Algod\u00e3o, Algod\u00e3o de Baixo, Franco, Agreste, Lagoa de Ro\u00e7a, Pedra Lavrada, Sim\u00e3o Lopes, Jo\u00e3o Ferreira, Riacho dos Pocinhos, Perico, Lambar\u00e9, Brito, Sal\u00e3o, Cardoso, Barra do Mineiro, Mundo Novo, Pau Darco, Canela de Ema, Muqu\u00e9m e Boa Vista. Jefferson Roberto disse que neste conv\u00eanio, a Prefeitura de S\u00e3o Jos\u00e9 dos Cordeiros entrar\u00e1 com contrapartida na perfura\u00e7\u00e3o dos po\u00e7os. Para o gestor, a a\u00e7\u00e3o \u00e9 importante para ajudar os habitantes da zona rural no tocante ao abastecimento de \u00e1gua pot\u00e1vel tanto para os animais quando para o consumo humano. \u201cNossa gest\u00e3o tem um olhar especial para as pessoas. Queremos melhorar a qualidade de vida de nosso povo e nosso objetivo, portanto, \u00e9 trazer a\u00e7\u00f5es que tragam bem estar social\u201d, destacou o prefeito.<\/p>\n","protected":false},"author":2,"featured_media":4266,"comment_status":"closed","ping_status":"open","sticky":false,"template":"","format":"standard","meta":{"_eb_attr":"","_jetpack_memberships_contains_paid_content":false,"footnotes":""},"categories":[3],"tags":[],"class_list":["post-4265","post","type-post","status-publish","format-standard","has-post-thumbnail","hentry","category-cidades"],"yoast_head":"<!-- This site is optimized with the Yoast SEO plugin v26.5 - https:\/\/yoast.com\/wordpress\/plugins\/seo\/ -->\n<title>Prefeito consegue com Dnocs garantia de 20 po\u00e7os S\u00e3o Jos\u00e9 dos Cordeiros - Not&iacute;cias em Destaque<\/title>\n<meta name=\"robots\" content=\"index, follow, max-snippet:-1, max-image-preview:large, max-video-preview:-1\" \/>\n<link rel=\"canonical\" href=\"https:\/\/noticiasemdestaque.com\/cd\/?p=4265\" \/>\n<meta property=\"og:locale\" content=\"pt_BR\" \/>\n<meta property=\"og:type\" content=\"article\" \/>\n<meta property=\"og:title\" content=\"Prefeito consegue com Dnocs garantia de 20 po\u00e7os S\u00e3o Jos\u00e9 dos Cordeiros - Not&iacute;cias em Destaque\" \/>\n<meta property=\"og:description\" content=\"O prefeito de S\u00e3o Jos\u00e9 dos Cordeiros, Jefferson Roberto, acompanhado do secret\u00e1rio de agricultura Dayvison Romeryto esteve reunido com o coordenador do Dnocs na Para\u00edba, Dr. Alberto Gomes Batista, nesta segunda-feira (11). Na reuni\u00e3o, o gestor apresentou of\u00edcio solicitando parceria para perfura\u00e7\u00e3o de 20 po\u00e7os artesianos em diversas comunidades rurais. O coordenador do Dnocs recebeu o pleito e se prontificou a inserir S\u00e3o Jos\u00e9 dos Cordeiros na nova etapa de Perfura\u00e7\u00e3o de po\u00e7os artesianos para o Estado. O conv\u00eanio entre Prefeitura e Dnocs foi assinado e seguir\u00e1 agora para ser publicado no Di\u00e1rio Oficial da Uni\u00e3o. O prefeito Jefferson Roberto solicitou a perfura\u00e7\u00e3o de po\u00e7os nas comunidades de: Algod\u00e3o, Algod\u00e3o de Baixo, Franco, Agreste, Lagoa de Ro\u00e7a, Pedra Lavrada, Sim\u00e3o Lopes, Jo\u00e3o Ferreira, Riacho dos Pocinhos, Perico, Lambar\u00e9, Brito, Sal\u00e3o, Cardoso, Barra do Mineiro, Mundo Novo, Pau Darco, Canela de Ema, Muqu\u00e9m e Boa Vista. Jefferson Roberto disse que neste conv\u00eanio, a Prefeitura de S\u00e3o Jos\u00e9 dos Cordeiros entrar\u00e1 com contrapartida na perfura\u00e7\u00e3o dos po\u00e7os. Para o gestor, a a\u00e7\u00e3o \u00e9 importante para ajudar os habitantes da zona rural no tocante ao abastecimento de \u00e1gua pot\u00e1vel tanto para os animais quando para o consumo humano. \u201cNossa gest\u00e3o tem um olhar especial para as pessoas. Queremos melhorar a qualidade de vida de nosso povo e nosso objetivo, portanto, \u00e9 trazer a\u00e7\u00f5es que tragam bem estar social\u201d, destacou o prefeito.\" \/>\n<meta property=\"og:url\" content=\"https:\/\/noticiasemdestaque.com\/cd\/?p=4265\" \/>\n<meta property=\"og:site_name\" content=\"Not&iacute;cias em Destaque\" \/>\n<meta property=\"article:published_time\" content=\"2017-09-13T10:06:21+00:00\" \/>\n<meta property=\"og:image\" content=\"https:\/\/noticiasemdestaque.com\/cd\/wp-content\/uploads\/2017\/09\/timthumb-7.jpg\" \/>\n\t<meta property=\"og:image:width\" content=\"547\" \/>\n\t<meta property=\"og:image:height\" content=\"398\" \/>\n\t<meta property=\"og:image:type\" content=\"image\/jpeg\" \/>\n<meta name=\"author\" content=\"Not\u00edcias em Destaque\" \/>\n<meta name=\"twitter:card\" content=\"summary_large_image\" \/>\n<meta name=\"twitter:label1\" content=\"Escrito por\" \/>\n\t<meta name=\"twitter:data1\" content=\"Not\u00edcias em Destaque\" \/>\n\t<meta name=\"twitter:label2\" content=\"Est. tempo de leitura\" \/>\n\t<meta name=\"twitter:data2\" content=\"1 minuto\" \/>\n<script type=\"application\/ld+json\" class=\"yoast-schema-graph\">{\"@context\":\"https:\/\/schema.org\",\"@graph\":[{\"@type\":\"Article\",\"@id\":\"https:\/\/noticiasemdestaque.com\/cd\/?p=4265#article\",\"isPartOf\":{\"@id\":\"https:\/\/noticiasemdestaque.com\/cd\/?p=4265\"},\"author\":{\"name\":\"Not\u00edcias em Destaque\",\"@id\":\"https:\/\/noticiasemdestaque.com\/cd\/#\/schema\/person\/21320b03a7e8bb90128938dafc9b908a\"},\"headline\":\"Prefeito consegue com Dnocs garantia de 20 po\u00e7os S\u00e3o Jos\u00e9 dos Cordeiros\",\"datePublished\":\"2017-09-13T10:06:21+00:00\",\"mainEntityOfPage\":{\"@id\":\"https:\/\/noticiasemdestaque.com\/cd\/?p=4265\"},\"wordCount\":267,\"publisher\":{\"@id\":\"https:\/\/noticiasemdestaque.com\/cd\/#organization\"},\"image\":{\"@id\":\"https:\/\/noticiasemdestaque.com\/cd\/?p=4265#primaryimage\"},\"thumbnailUrl\":\"https:\/\/noticiasemdestaque.com\/cd\/wp-content\/uploads\/2017\/09\/timthumb-7.jpg\",\"articleSection\":[\"Cidades\"],\"inLanguage\":\"pt-BR\"},{\"@type\":\"WebPage\",\"@id\":\"https:\/\/noticiasemdestaque.com\/cd\/?p=4265\",\"url\":\"https:\/\/noticiasemdestaque.com\/cd\/?p=4265\",\"name\":\"Prefeito consegue com Dnocs garantia de 20 po\u00e7os S\u00e3o Jos\u00e9 dos Cordeiros - Not&iacute;cias em Destaque\",\"isPartOf\":{\"@id\":\"https:\/\/noticiasemdestaque.com\/cd\/#website\"},\"primaryImageOfPage\":{\"@id\":\"https:\/\/noticiasemdestaque.com\/cd\/?p=4265#primaryimage\"},\"image\":{\"@id\":\"https:\/\/noticiasemdestaque.com\/cd\/?p=4265#primaryimage\"},\"thumbnailUrl\":\"https:\/\/noticiasemdestaque.com\/cd\/wp-content\/uploads\/2017\/09\/timthumb-7.jpg\",\"datePublished\":\"2017-09-13T10:06:21+00:00\",\"breadcrumb\":{\"@id\":\"https:\/\/noticiasemdestaque.com\/cd\/?p=4265#breadcrumb\"},\"inLanguage\":\"pt-BR\",\"potentialAction\":[{\"@type\":\"ReadAction\",\"target\":[\"https:\/\/noticiasemdestaque.com\/cd\/?p=4265\"]}]},{\"@type\":\"ImageObject\",\"inLanguage\":\"pt-BR\",\"@id\":\"https:\/\/noticiasemdestaque.com\/cd\/?p=4265#primaryimage\",\"url\":\"https:\/\/noticiasemdestaque.com\/cd\/wp-content\/uploads\/2017\/09\/timthumb-7.jpg\",\"contentUrl\":\"https:\/\/noticiasemdestaque.com\/cd\/wp-content\/uploads\/2017\/09\/timthumb-7.jpg\",\"width\":547,\"height\":398},{\"@type\":\"BreadcrumbList\",\"@id\":\"https:\/\/noticiasemdestaque.com\/cd\/?p=4265#breadcrumb\",\"itemListElement\":[{\"@type\":\"ListItem\",\"position\":1,\"name\":\"In\u00edcio\",\"item\":\"https:\/\/noticiasemdestaque.com\/cd\/\"},{\"@type\":\"ListItem\",\"position\":2,\"name\":\"Prefeito consegue com Dnocs garantia de 20 po\u00e7os S\u00e3o Jos\u00e9 dos Cordeiros\"}]},{\"@type\":\"WebSite\",\"@id\":\"https:\/\/noticiasemdestaque.com\/cd\/#website\",\"url\":\"https:\/\/noticiasemdestaque.com\/cd\/\",\"name\":\"Not&iacute;cias em Destaque\",\"description\":\"\",\"publisher\":{\"@id\":\"https:\/\/noticiasemdestaque.com\/cd\/#organization\"},\"potentialAction\":[{\"@type\":\"SearchAction\",\"target\":{\"@type\":\"EntryPoint\",\"urlTemplate\":\"https:\/\/noticiasemdestaque.com\/cd\/?s={search_term_string}\"},\"query-input\":{\"@type\":\"PropertyValueSpecification\",\"valueRequired\":true,\"valueName\":\"search_term_string\"}}],\"inLanguage\":\"pt-BR\"},{\"@type\":\"Organization\",\"@id\":\"https:\/\/noticiasemdestaque.com\/cd\/#organization\",\"name\":\"Not\u00edcias em Destaque\",\"url\":\"https:\/\/noticiasemdestaque.com\/cd\/\",\"logo\":{\"@type\":\"ImageObject\",\"inLanguage\":\"pt-BR\",\"@id\":\"https:\/\/noticiasemdestaque.com\/cd\/#\/schema\/logo\/image\/\",\"url\":\"https:\/\/noticiasemdestaque.com\/cd\/wp-content\/uploads\/2022\/05\/imagem-base-noticiasemdestaque.png\",\"contentUrl\":\"https:\/\/noticiasemdestaque.com\/cd\/wp-content\/uploads\/2022\/05\/imagem-base-noticiasemdestaque.png\",\"width\":1200,\"height\":630,\"caption\":\"Not\u00edcias em Destaque\"},\"image\":{\"@id\":\"https:\/\/noticiasemdestaque.com\/cd\/#\/schema\/logo\/image\/\"}},{\"@type\":\"Person\",\"@id\":\"https:\/\/noticiasemdestaque.com\/cd\/#\/schema\/person\/21320b03a7e8bb90128938dafc9b908a\",\"name\":\"Not\u00edcias em Destaque\",\"url\":\"https:\/\/noticiasemdestaque.com\/cd\/?author=2\"}]}<\/script>\n<!-- \/ Yoast SEO plugin. -->","yoast_head_json":{"title":"Prefeito consegue com Dnocs garantia de 20 po\u00e7os S\u00e3o Jos\u00e9 dos Cordeiros - Not&iacute;cias em Destaque","robots":{"index":"index","follow":"follow","max-snippet":"max-snippet:-1","max-image-preview":"max-image-preview:large","max-video-preview":"max-video-preview:-1"},"canonical":"https:\/\/noticiasemdestaque.com\/cd\/?p=4265","og_locale":"pt_BR","og_type":"article","og_title":"Prefeito consegue com Dnocs garantia de 20 po\u00e7os S\u00e3o Jos\u00e9 dos Cordeiros - Not&iacute;cias em Destaque","og_description":"O prefeito de S\u00e3o Jos\u00e9 dos Cordeiros, Jefferson Roberto, acompanhado do secret\u00e1rio de agricultura Dayvison Romeryto esteve reunido com o coordenador do Dnocs na Para\u00edba, Dr. Alberto Gomes Batista, nesta segunda-feira (11). Na reuni\u00e3o, o gestor apresentou of\u00edcio solicitando parceria para perfura\u00e7\u00e3o de 20 po\u00e7os artesianos em diversas comunidades rurais. O coordenador do Dnocs recebeu o pleito e se prontificou a inserir S\u00e3o Jos\u00e9 dos Cordeiros na nova etapa de Perfura\u00e7\u00e3o de po\u00e7os artesianos para o Estado. O conv\u00eanio entre Prefeitura e Dnocs foi assinado e seguir\u00e1 agora para ser publicado no Di\u00e1rio Oficial da Uni\u00e3o. O prefeito Jefferson Roberto solicitou a perfura\u00e7\u00e3o de po\u00e7os nas comunidades de: Algod\u00e3o, Algod\u00e3o de Baixo, Franco, Agreste, Lagoa de Ro\u00e7a, Pedra Lavrada, Sim\u00e3o Lopes, Jo\u00e3o Ferreira, Riacho dos Pocinhos, Perico, Lambar\u00e9, Brito, Sal\u00e3o, Cardoso, Barra do Mineiro, Mundo Novo, Pau Darco, Canela de Ema, Muqu\u00e9m e Boa Vista. Jefferson Roberto disse que neste conv\u00eanio, a Prefeitura de S\u00e3o Jos\u00e9 dos Cordeiros entrar\u00e1 com contrapartida na perfura\u00e7\u00e3o dos po\u00e7os. Para o gestor, a a\u00e7\u00e3o \u00e9 importante para ajudar os habitantes da zona rural no tocante ao abastecimento de \u00e1gua pot\u00e1vel tanto para os animais quando para o consumo humano. \u201cNossa gest\u00e3o tem um olhar especial para as pessoas. Queremos melhorar a qualidade de vida de nosso povo e nosso objetivo, portanto, \u00e9 trazer a\u00e7\u00f5es que tragam bem estar social\u201d, destacou o prefeito.","og_url":"https:\/\/noticiasemdestaque.com\/cd\/?p=4265","og_site_name":"Not&iacute;cias em Destaque","article_published_time":"2017-09-13T10:06:21+00:00","og_image":[{"width":547,"height":398,"url":"https:\/\/noticiasemdestaque.com\/cd\/wp-content\/uploads\/2017\/09\/timthumb-7.jpg","type":"image\/jpeg"}],"author":"Not\u00edcias em Destaque","twitter_card":"summary_large_image","twitter_misc":{"Escrito por":"Not\u00edcias em Destaque","Est. tempo de leitura":"1 minuto"},"schema":{"@context":"https:\/\/schema.org","@graph":[{"@type":"Article","@id":"https:\/\/noticiasemdestaque.com\/cd\/?p=4265#article","isPartOf":{"@id":"https:\/\/noticiasemdestaque.com\/cd\/?p=4265"},"author":{"name":"Not\u00edcias em Destaque","@id":"https:\/\/noticiasemdestaque.com\/cd\/#\/schema\/person\/21320b03a7e8bb90128938dafc9b908a"},"headline":"Prefeito consegue com Dnocs garantia de 20 po\u00e7os S\u00e3o Jos\u00e9 dos Cordeiros","datePublished":"2017-09-13T10:06:21+00:00","mainEntityOfPage":{"@id":"https:\/\/noticiasemdestaque.com\/cd\/?p=4265"},"wordCount":267,"publisher":{"@id":"https:\/\/noticiasemdestaque.com\/cd\/#organization"},"image":{"@id":"https:\/\/noticiasemdestaque.com\/cd\/?p=4265#primaryimage"},"thumbnailUrl":"https:\/\/noticiasemdestaque.com\/cd\/wp-content\/uploads\/2017\/09\/timthumb-7.jpg","articleSection":["Cidades"],"inLanguage":"pt-BR"},{"@type":"WebPage","@id":"https:\/\/noticiasemdestaque.com\/cd\/?p=4265","url":"https:\/\/noticiasemdestaque.com\/cd\/?p=4265","name":"Prefeito consegue com Dnocs garantia de 20 po\u00e7os S\u00e3o Jos\u00e9 dos Cordeiros - Not&iacute;cias em Destaque","isPartOf":{"@id":"https:\/\/noticiasemdestaque.com\/cd\/#website"},"primaryImageOfPage":{"@id":"https:\/\/noticiasemdestaque.com\/cd\/?p=4265#primaryimage"},"image":{"@id":"https:\/\/noticiasemdestaque.com\/cd\/?p=4265#primaryimage"},"thumbnailUrl":"https:\/\/noticiasemdestaque.com\/cd\/wp-content\/uploads\/2017\/09\/timthumb-7.jpg","datePublished":"2017-09-13T10:06:21+00:00","breadcrumb":{"@id":"https:\/\/noticiasemdestaque.com\/cd\/?p=4265#breadcrumb"},"inLanguage":"pt-BR","potentialAction":[{"@type":"ReadAction","target":["https:\/\/noticiasemdestaque.com\/cd\/?p=4265"]}]},{"@type":"ImageObject","inLanguage":"pt-BR","@id":"https:\/\/noticiasemdestaque.com\/cd\/?p=4265#primaryimage","url":"https:\/\/noticiasemdestaque.com\/cd\/wp-content\/uploads\/2017\/09\/timthumb-7.jpg","contentUrl":"https:\/\/noticiasemdestaque.com\/cd\/wp-content\/uploads\/2017\/09\/timthumb-7.jpg","width":547,"height":398},{"@type":"BreadcrumbList","@id":"https:\/\/noticiasemdestaque.com\/cd\/?p=4265#breadcrumb","itemListElement":[{"@type":"ListItem","position":1,"name":"In\u00edcio","item":"https:\/\/noticiasemdestaque.com\/cd\/"},{"@type":"ListItem","position":2,"name":"Prefeito consegue com Dnocs garantia de 20 po\u00e7os S\u00e3o Jos\u00e9 dos Cordeiros"}]},{"@type":"WebSite","@id":"https:\/\/noticiasemdestaque.com\/cd\/#website","url":"https:\/\/noticiasemdestaque.com\/cd\/","name":"Not&iacute;cias em Destaque","description":"","publisher":{"@id":"https:\/\/noticiasemdestaque.com\/cd\/#organization"},"potentialAction":[{"@type":"SearchAction","target":{"@type":"EntryPoint","urlTemplate":"https:\/\/noticiasemdestaque.com\/cd\/?s={search_term_string}"},"query-input":{"@type":"PropertyValueSpecification","valueRequired":true,"valueName":"search_term_string"}}],"inLanguage":"pt-BR"},{"@type":"Organization","@id":"https:\/\/noticiasemdestaque.com\/cd\/#organization","name":"Not\u00edcias em Destaque","url":"https:\/\/noticiasemdestaque.com\/cd\/","logo":{"@type":"ImageObject","inLanguage":"pt-BR","@id":"https:\/\/noticiasemdestaque.com\/cd\/#\/schema\/logo\/image\/","url":"https:\/\/noticiasemdestaque.com\/cd\/wp-content\/uploads\/2022\/05\/imagem-base-noticiasemdestaque.png","contentUrl":"https:\/\/noticiasemdestaque.com\/cd\/wp-content\/uploads\/2022\/05\/imagem-base-noticiasemdestaque.png","width":1200,"height":630,"caption":"Not\u00edcias em Destaque"},"image":{"@id":"https:\/\/noticiasemdestaque.com\/cd\/#\/schema\/logo\/image\/"}},{"@type":"Person","@id":"https:\/\/noticiasemdestaque.com\/cd\/#\/schema\/person\/21320b03a7e8bb90128938dafc9b908a","name":"Not\u00edcias em Destaque","url":"https:\/\/noticiasemdestaque.com\/cd\/?author=2"}]}},"jetpack_featured_media_url":"https:\/\/noticiasemdestaque.com\/cd\/wp-content\/uploads\/2017\/09\/timthumb-7.jpg","jetpack_sharing_enabled":true,"_links":{"self":[{"href":"https:\/\/noticiasemdestaque.com\/cd\/index.php?rest_route=\/wp\/v2\/posts\/4265","targetHints":{"allow":["GET"]}}],"collection":[{"href":"https:\/\/noticiasemdestaque.com\/cd\/index.php?rest_route=\/wp\/v2\/posts"}],"about":[{"href":"https:\/\/noticiasemdestaque.com\/cd\/index.php?rest_route=\/wp\/v2\/types\/post"}],"author":[{"embeddable":true,"href":"https:\/\/noticiasemdestaque.com\/cd\/index.php?rest_route=\/wp\/v2\/users\/2"}],"replies":[{"embeddable":true,"href":"https:\/\/noticiasemdestaque.com\/cd\/index.php?rest_route=%2Fwp%2Fv2%2Fcomments&post=4265"}],"version-history":[{"count":1,"href":"https:\/\/noticiasemdestaque.com\/cd\/index.php?rest_route=\/wp\/v2\/posts\/4265\/revisions"}],"predecessor-version":[{"id":4267,"href":"https:\/\/noticiasemdestaque.com\/cd\/index.php?rest_route=\/wp\/v2\/posts\/4265\/revisions\/4267"}],"wp:featuredmedia":[{"embeddable":true,"href":"https:\/\/noticiasemdestaque.com\/cd\/index.php?rest_route=\/wp\/v2\/media\/4266"}],"wp:attachment":[{"href":"https:\/\/noticiasemdestaque.com\/cd\/index.php?rest_route=%2Fwp%2Fv2%2Fmedia&parent=4265"}],"wp:term":[{"taxonomy":"category","embeddable":true,"href":"https:\/\/noticiasemdestaque.com\/cd\/index.php?rest_route=%2Fwp%2Fv2%2Fcategories&post=4265"},{"taxonomy":"post_tag","embeddable":true,"href":"https:\/\/noticiasemdestaque.com\/cd\/index.php?rest_route=%2Fwp%2Fv2%2Ftags&post=4265"}],"curies":[{"name":"wp","href":"https:\/\/api.w.org\/{rel}","templated":true}]}}