{"id":42507,"date":"2022-09-09T21:28:07","date_gmt":"2022-09-10T00:28:07","guid":{"rendered":"https:\/\/noticiasemdestaque.com\/cd\/?p=42507"},"modified":"2022-09-09T21:28:07","modified_gmt":"2022-09-10T00:28:07","slug":"por-unanimidade-pleno-do-tre-pb-nega-registro-de-candidatura-de-ricardo-coutinho-ao-senado-federal","status":"publish","type":"post","link":"https:\/\/noticiasemdestaque.com\/cd\/?p=42507","title":{"rendered":"Por unanimidade, Pleno do TRE-PB nega registro de candidatura de Ricardo Coutinho ao Senado Federal"},"content":{"rendered":"<p><a href=\"https:\/\/noticiasemdestaque.com\/cd\/wp-content\/uploads\/2022\/08\/Ricardo-Coutinho-PSB-960x540-1.webp\"><img fetchpriority=\"high\" decoding=\"async\" class=\"size-medium wp-image-41873 alignleft\" src=\"https:\/\/noticiasemdestaque.com\/cd\/wp-content\/uploads\/2022\/08\/Ricardo-Coutinho-PSB-960x540-1-300x169.webp\" alt=\"\" width=\"300\" height=\"169\" srcset=\"https:\/\/noticiasemdestaque.com\/cd\/wp-content\/uploads\/2022\/08\/Ricardo-Coutinho-PSB-960x540-1-300x169.webp 300w, https:\/\/noticiasemdestaque.com\/cd\/wp-content\/uploads\/2022\/08\/Ricardo-Coutinho-PSB-960x540-1-768x432.webp 768w, https:\/\/noticiasemdestaque.com\/cd\/wp-content\/uploads\/2022\/08\/Ricardo-Coutinho-PSB-960x540-1-18x10.webp 18w, https:\/\/noticiasemdestaque.com\/cd\/wp-content\/uploads\/2022\/08\/Ricardo-Coutinho-PSB-960x540-1.webp 960w\" sizes=\"(max-width: 300px) 100vw, 300px\" \/><\/a>O Pleno do Tribunal Regional Eleitoral da Para\u00edba (TRE-PB) negou, em julgamento nesta sexta-feira (9) o pedido de registro de candidatura do ex-governador Ricardo Coutinho (PT) para o Senado Federal. O juiz Jos\u00e9 Ferreira J\u00fanior, relator do processo, votou pelo indeferimento da postula\u00e7\u00e3o do petista e foi seguido pelos demais membros da Corte.<\/p>\n<p>Ele apontou que \u201cpara indeferimento de registro de candidatura n\u00e3o h\u00e1 necessidade de julgamento transitado em julgado, sendo suficiente a exist\u00eancia de decis\u00e3o colegiada proferida por \u00f3rg\u00e3o da Justi\u00e7a Eleitoral, tanto\u00a0 \u00e9 assim que as decis\u00f5es colegiadas proferidas pelo Tribunal Superior Eleitoral que fundamenta os pedidos de impugna\u00e7\u00e3o ao registro de candidatura de Ricardo Coutinho aplicaram expressamente a pena de inelegibilidade\u201d.<\/p>\n<p>A procuradora da Rep\u00fablica, Ac\u00e1cia Soares Peixoto Suassuna, relatou que \u201cem que pese um contexto jur\u00eddico amplo, o caso \u00e9 \u2018muito simples\u2019 porque se trata de uma condena\u00e7\u00e3o por \u00f3rg\u00e3o colegiado pelo Tribunal Superior Eleitoral. E a\u00ed o candidato ao Senado Ricardo Coutinho incide claramente na inelegibilidade prevista no artigo primeiro inciso 1, linha d\u201d.<\/p>\n<p>Parecer do Minist\u00e9rio P\u00fablico Eleitoral (MPE) foi contr\u00e1rio ao registro, e impugnou a candidatura do petista por inelegibilidade.<\/p>\n<p>Ricardo foi condenado pelo Tribunal Superior Eleitoral (TSE) \u00a0por abuso de poder econ\u00f4mico nas elei\u00e7\u00f5es de 2014. O ex-governador tenta recurso no Superior Tribunal Federal (STF) contra a condena\u00e7\u00e3o.<\/p>\n<p><em><strong>Not\u00edcias em Destaque<\/strong><\/em><\/p>\n<p>Com Wscom<\/p>\n","protected":false},"excerpt":{"rendered":"<p>O Pleno do Tribunal Regional Eleitoral da Para\u00edba (TRE-PB) negou, em julgamento nesta sexta-feira (9) o pedido de registro de candidatura do ex-governador Ricardo Coutinho (PT) para o Senado Federal. O juiz Jos\u00e9 Ferreira J\u00fanior, relator do processo, votou pelo indeferimento da postula\u00e7\u00e3o do petista e foi seguido pelos demais membros da Corte. Ele apontou que \u201cpara indeferimento de registro de candidatura n\u00e3o h\u00e1 necessidade de julgamento transitado em julgado, sendo suficiente a exist\u00eancia de decis\u00e3o colegiada proferida por \u00f3rg\u00e3o da Justi\u00e7a Eleitoral, tanto\u00a0 \u00e9 assim que as decis\u00f5es colegiadas proferidas pelo Tribunal Superior Eleitoral que fundamenta os pedidos de impugna\u00e7\u00e3o ao registro de candidatura de Ricardo Coutinho aplicaram expressamente a pena de inelegibilidade\u201d. A procuradora da Rep\u00fablica, Ac\u00e1cia Soares Peixoto Suassuna, relatou que \u201cem que pese um contexto jur\u00eddico amplo, o caso \u00e9 \u2018muito simples\u2019 porque se trata de uma condena\u00e7\u00e3o por \u00f3rg\u00e3o colegiado pelo Tribunal Superior Eleitoral. E a\u00ed o candidato ao Senado Ricardo Coutinho incide claramente na inelegibilidade prevista no artigo primeiro inciso 1, linha d\u201d. Parecer do Minist\u00e9rio P\u00fablico Eleitoral (MPE) foi contr\u00e1rio ao registro, e impugnou a candidatura do petista por inelegibilidade. Ricardo foi condenado pelo Tribunal Superior Eleitoral (TSE) \u00a0por abuso de poder econ\u00f4mico nas elei\u00e7\u00f5es de 2014. O ex-governador tenta recurso no Superior Tribunal Federal (STF) contra a condena\u00e7\u00e3o. Not\u00edcias em Destaque Com Wscom<\/p>\n","protected":false},"author":2,"featured_media":41873,"comment_status":"closed","ping_status":"open","sticky":false,"template":"","format":"standard","meta":{"_eb_attr":"","_jetpack_memberships_contains_paid_content":false,"footnotes":""},"categories":[4],"tags":[],"class_list":["post-42507","post","type-post","status-publish","format-standard","has-post-thumbnail","hentry","category-politica"],"yoast_head":"<!-- This site is optimized with the Yoast SEO plugin v26.5 - https:\/\/yoast.com\/wordpress\/plugins\/seo\/ -->\n<title>Por unanimidade, Pleno do TRE-PB nega registro de candidatura de Ricardo Coutinho ao Senado Federal - Not&iacute;cias em Destaque<\/title>\n<meta name=\"robots\" content=\"index, follow, max-snippet:-1, max-image-preview:large, max-video-preview:-1\" \/>\n<link rel=\"canonical\" href=\"https:\/\/noticiasemdestaque.com\/cd\/?p=42507\" \/>\n<meta property=\"og:locale\" content=\"pt_BR\" \/>\n<meta property=\"og:type\" content=\"article\" \/>\n<meta property=\"og:title\" content=\"Por unanimidade, Pleno do TRE-PB nega registro de candidatura de Ricardo Coutinho ao Senado Federal - Not&iacute;cias em Destaque\" \/>\n<meta property=\"og:description\" content=\"O Pleno do Tribunal Regional Eleitoral da Para\u00edba (TRE-PB) negou, em julgamento nesta sexta-feira (9) o pedido de registro de candidatura do ex-governador Ricardo Coutinho (PT) para o Senado Federal. O juiz Jos\u00e9 Ferreira J\u00fanior, relator do processo, votou pelo indeferimento da postula\u00e7\u00e3o do petista e foi seguido pelos demais membros da Corte. Ele apontou que \u201cpara indeferimento de registro de candidatura n\u00e3o h\u00e1 necessidade de julgamento transitado em julgado, sendo suficiente a exist\u00eancia de decis\u00e3o colegiada proferida por \u00f3rg\u00e3o da Justi\u00e7a Eleitoral, tanto\u00a0 \u00e9 assim que as decis\u00f5es colegiadas proferidas pelo Tribunal Superior Eleitoral que fundamenta os pedidos de impugna\u00e7\u00e3o ao registro de candidatura de Ricardo Coutinho aplicaram expressamente a pena de inelegibilidade\u201d. A procuradora da Rep\u00fablica, Ac\u00e1cia Soares Peixoto Suassuna, relatou que \u201cem que pese um contexto jur\u00eddico amplo, o caso \u00e9 \u2018muito simples\u2019 porque se trata de uma condena\u00e7\u00e3o por \u00f3rg\u00e3o colegiado pelo Tribunal Superior Eleitoral. E a\u00ed o candidato ao Senado Ricardo Coutinho incide claramente na inelegibilidade prevista no artigo primeiro inciso 1, linha d\u201d. Parecer do Minist\u00e9rio P\u00fablico Eleitoral (MPE) foi contr\u00e1rio ao registro, e impugnou a candidatura do petista por inelegibilidade. Ricardo foi condenado pelo Tribunal Superior Eleitoral (TSE) \u00a0por abuso de poder econ\u00f4mico nas elei\u00e7\u00f5es de 2014. O ex-governador tenta recurso no Superior Tribunal Federal (STF) contra a condena\u00e7\u00e3o. Not\u00edcias em Destaque Com Wscom\" \/>\n<meta property=\"og:url\" content=\"https:\/\/noticiasemdestaque.com\/cd\/?p=42507\" \/>\n<meta property=\"og:site_name\" content=\"Not&iacute;cias em Destaque\" \/>\n<meta property=\"article:published_time\" content=\"2022-09-10T00:28:07+00:00\" \/>\n<meta property=\"og:image\" content=\"https:\/\/noticiasemdestaque.com\/cd\/wp-content\/uploads\/2022\/08\/Ricardo-Coutinho-PSB-960x540-1.webp\" \/>\n\t<meta property=\"og:image:width\" content=\"960\" \/>\n\t<meta property=\"og:image:height\" content=\"540\" \/>\n\t<meta property=\"og:image:type\" content=\"image\/webp\" \/>\n<meta name=\"author\" content=\"Not\u00edcias em Destaque\" \/>\n<meta name=\"twitter:card\" content=\"summary_large_image\" \/>\n<meta name=\"twitter:label1\" content=\"Escrito por\" \/>\n\t<meta name=\"twitter:data1\" content=\"Not\u00edcias em Destaque\" \/>\n\t<meta name=\"twitter:label2\" content=\"Est. tempo de leitura\" \/>\n\t<meta name=\"twitter:data2\" content=\"2 minutos\" \/>\n<script type=\"application\/ld+json\" class=\"yoast-schema-graph\">{\"@context\":\"https:\/\/schema.org\",\"@graph\":[{\"@type\":\"Article\",\"@id\":\"https:\/\/noticiasemdestaque.com\/cd\/?p=42507#article\",\"isPartOf\":{\"@id\":\"https:\/\/noticiasemdestaque.com\/cd\/?p=42507\"},\"author\":{\"name\":\"Not\u00edcias em Destaque\",\"@id\":\"https:\/\/noticiasemdestaque.com\/cd\/#\/schema\/person\/4a81fb71f77579d059c3045891fa1786\"},\"headline\":\"Por unanimidade, Pleno do TRE-PB nega registro de candidatura de Ricardo Coutinho ao Senado Federal\",\"datePublished\":\"2022-09-10T00:28:07+00:00\",\"mainEntityOfPage\":{\"@id\":\"https:\/\/noticiasemdestaque.com\/cd\/?p=42507\"},\"wordCount\":253,\"publisher\":{\"@id\":\"https:\/\/noticiasemdestaque.com\/cd\/#organization\"},\"image\":{\"@id\":\"https:\/\/noticiasemdestaque.com\/cd\/?p=42507#primaryimage\"},\"thumbnailUrl\":\"https:\/\/noticiasemdestaque.com\/cd\/wp-content\/uploads\/2022\/08\/Ricardo-Coutinho-PSB-960x540-1.webp\",\"articleSection\":[\"Pol\u00edtica\"],\"inLanguage\":\"pt-BR\"},{\"@type\":\"WebPage\",\"@id\":\"https:\/\/noticiasemdestaque.com\/cd\/?p=42507\",\"url\":\"https:\/\/noticiasemdestaque.com\/cd\/?p=42507\",\"name\":\"Por unanimidade, Pleno do TRE-PB nega registro de candidatura de Ricardo Coutinho ao Senado Federal - Not&iacute;cias em Destaque\",\"isPartOf\":{\"@id\":\"https:\/\/noticiasemdestaque.com\/cd\/#website\"},\"primaryImageOfPage\":{\"@id\":\"https:\/\/noticiasemdestaque.com\/cd\/?p=42507#primaryimage\"},\"image\":{\"@id\":\"https:\/\/noticiasemdestaque.com\/cd\/?p=42507#primaryimage\"},\"thumbnailUrl\":\"https:\/\/noticiasemdestaque.com\/cd\/wp-content\/uploads\/2022\/08\/Ricardo-Coutinho-PSB-960x540-1.webp\",\"datePublished\":\"2022-09-10T00:28:07+00:00\",\"breadcrumb\":{\"@id\":\"https:\/\/noticiasemdestaque.com\/cd\/?p=42507#breadcrumb\"},\"inLanguage\":\"pt-BR\",\"potentialAction\":[{\"@type\":\"ReadAction\",\"target\":[\"https:\/\/noticiasemdestaque.com\/cd\/?p=42507\"]}]},{\"@type\":\"ImageObject\",\"inLanguage\":\"pt-BR\",\"@id\":\"https:\/\/noticiasemdestaque.com\/cd\/?p=42507#primaryimage\",\"url\":\"https:\/\/noticiasemdestaque.com\/cd\/wp-content\/uploads\/2022\/08\/Ricardo-Coutinho-PSB-960x540-1.webp\",\"contentUrl\":\"https:\/\/noticiasemdestaque.com\/cd\/wp-content\/uploads\/2022\/08\/Ricardo-Coutinho-PSB-960x540-1.webp\",\"width\":960,\"height\":540},{\"@type\":\"BreadcrumbList\",\"@id\":\"https:\/\/noticiasemdestaque.com\/cd\/?p=42507#breadcrumb\",\"itemListElement\":[{\"@type\":\"ListItem\",\"position\":1,\"name\":\"In\u00edcio\",\"item\":\"https:\/\/noticiasemdestaque.com\/cd\/\"},{\"@type\":\"ListItem\",\"position\":2,\"name\":\"Por unanimidade, Pleno do TRE-PB nega registro de candidatura de Ricardo Coutinho ao Senado Federal\"}]},{\"@type\":\"WebSite\",\"@id\":\"https:\/\/noticiasemdestaque.com\/cd\/#website\",\"url\":\"https:\/\/noticiasemdestaque.com\/cd\/\",\"name\":\"Not&iacute;cias em Destaque\",\"description\":\"\",\"publisher\":{\"@id\":\"https:\/\/noticiasemdestaque.com\/cd\/#organization\"},\"potentialAction\":[{\"@type\":\"SearchAction\",\"target\":{\"@type\":\"EntryPoint\",\"urlTemplate\":\"https:\/\/noticiasemdestaque.com\/cd\/?s={search_term_string}\"},\"query-input\":{\"@type\":\"PropertyValueSpecification\",\"valueRequired\":true,\"valueName\":\"search_term_string\"}}],\"inLanguage\":\"pt-BR\"},{\"@type\":\"Organization\",\"@id\":\"https:\/\/noticiasemdestaque.com\/cd\/#organization\",\"name\":\"Not\u00edcias em Destaque\",\"url\":\"https:\/\/noticiasemdestaque.com\/cd\/\",\"logo\":{\"@type\":\"ImageObject\",\"inLanguage\":\"pt-BR\",\"@id\":\"https:\/\/noticiasemdestaque.com\/cd\/#\/schema\/logo\/image\/\",\"url\":\"https:\/\/noticiasemdestaque.com\/cd\/wp-content\/uploads\/2022\/05\/imagem-base-noticiasemdestaque.png\",\"contentUrl\":\"https:\/\/noticiasemdestaque.com\/cd\/wp-content\/uploads\/2022\/05\/imagem-base-noticiasemdestaque.png\",\"width\":1200,\"height\":630,\"caption\":\"Not\u00edcias em Destaque\"},\"image\":{\"@id\":\"https:\/\/noticiasemdestaque.com\/cd\/#\/schema\/logo\/image\/\"}},{\"@type\":\"Person\",\"@id\":\"https:\/\/noticiasemdestaque.com\/cd\/#\/schema\/person\/4a81fb71f77579d059c3045891fa1786\",\"name\":\"Not\u00edcias em Destaque\",\"url\":\"https:\/\/noticiasemdestaque.com\/cd\/?author=2\"}]}<\/script>\n<!-- \/ Yoast SEO plugin. -->","yoast_head_json":{"title":"Por unanimidade, Pleno do TRE-PB nega registro de candidatura de Ricardo Coutinho ao Senado Federal - Not&iacute;cias em Destaque","robots":{"index":"index","follow":"follow","max-snippet":"max-snippet:-1","max-image-preview":"max-image-preview:large","max-video-preview":"max-video-preview:-1"},"canonical":"https:\/\/noticiasemdestaque.com\/cd\/?p=42507","og_locale":"pt_BR","og_type":"article","og_title":"Por unanimidade, Pleno do TRE-PB nega registro de candidatura de Ricardo Coutinho ao Senado Federal - Not&iacute;cias em Destaque","og_description":"O Pleno do Tribunal Regional Eleitoral da Para\u00edba (TRE-PB) negou, em julgamento nesta sexta-feira (9) o pedido de registro de candidatura do ex-governador Ricardo Coutinho (PT) para o Senado Federal. O juiz Jos\u00e9 Ferreira J\u00fanior, relator do processo, votou pelo indeferimento da postula\u00e7\u00e3o do petista e foi seguido pelos demais membros da Corte. Ele apontou que \u201cpara indeferimento de registro de candidatura n\u00e3o h\u00e1 necessidade de julgamento transitado em julgado, sendo suficiente a exist\u00eancia de decis\u00e3o colegiada proferida por \u00f3rg\u00e3o da Justi\u00e7a Eleitoral, tanto\u00a0 \u00e9 assim que as decis\u00f5es colegiadas proferidas pelo Tribunal Superior Eleitoral que fundamenta os pedidos de impugna\u00e7\u00e3o ao registro de candidatura de Ricardo Coutinho aplicaram expressamente a pena de inelegibilidade\u201d. A procuradora da Rep\u00fablica, Ac\u00e1cia Soares Peixoto Suassuna, relatou que \u201cem que pese um contexto jur\u00eddico amplo, o caso \u00e9 \u2018muito simples\u2019 porque se trata de uma condena\u00e7\u00e3o por \u00f3rg\u00e3o colegiado pelo Tribunal Superior Eleitoral. E a\u00ed o candidato ao Senado Ricardo Coutinho incide claramente na inelegibilidade prevista no artigo primeiro inciso 1, linha d\u201d. Parecer do Minist\u00e9rio P\u00fablico Eleitoral (MPE) foi contr\u00e1rio ao registro, e impugnou a candidatura do petista por inelegibilidade. Ricardo foi condenado pelo Tribunal Superior Eleitoral (TSE) \u00a0por abuso de poder econ\u00f4mico nas elei\u00e7\u00f5es de 2014. O ex-governador tenta recurso no Superior Tribunal Federal (STF) contra a condena\u00e7\u00e3o. Not\u00edcias em Destaque Com Wscom","og_url":"https:\/\/noticiasemdestaque.com\/cd\/?p=42507","og_site_name":"Not&iacute;cias em Destaque","article_published_time":"2022-09-10T00:28:07+00:00","og_image":[{"width":960,"height":540,"url":"https:\/\/noticiasemdestaque.com\/cd\/wp-content\/uploads\/2022\/08\/Ricardo-Coutinho-PSB-960x540-1.webp","type":"image\/webp"}],"author":"Not\u00edcias em Destaque","twitter_card":"summary_large_image","twitter_misc":{"Escrito por":"Not\u00edcias em Destaque","Est. tempo de leitura":"2 minutos"},"schema":{"@context":"https:\/\/schema.org","@graph":[{"@type":"Article","@id":"https:\/\/noticiasemdestaque.com\/cd\/?p=42507#article","isPartOf":{"@id":"https:\/\/noticiasemdestaque.com\/cd\/?p=42507"},"author":{"name":"Not\u00edcias em Destaque","@id":"https:\/\/noticiasemdestaque.com\/cd\/#\/schema\/person\/4a81fb71f77579d059c3045891fa1786"},"headline":"Por unanimidade, Pleno do TRE-PB nega registro de candidatura de Ricardo Coutinho ao Senado Federal","datePublished":"2022-09-10T00:28:07+00:00","mainEntityOfPage":{"@id":"https:\/\/noticiasemdestaque.com\/cd\/?p=42507"},"wordCount":253,"publisher":{"@id":"https:\/\/noticiasemdestaque.com\/cd\/#organization"},"image":{"@id":"https:\/\/noticiasemdestaque.com\/cd\/?p=42507#primaryimage"},"thumbnailUrl":"https:\/\/noticiasemdestaque.com\/cd\/wp-content\/uploads\/2022\/08\/Ricardo-Coutinho-PSB-960x540-1.webp","articleSection":["Pol\u00edtica"],"inLanguage":"pt-BR"},{"@type":"WebPage","@id":"https:\/\/noticiasemdestaque.com\/cd\/?p=42507","url":"https:\/\/noticiasemdestaque.com\/cd\/?p=42507","name":"Por unanimidade, Pleno do TRE-PB nega registro de candidatura de Ricardo Coutinho ao Senado Federal - Not&iacute;cias em Destaque","isPartOf":{"@id":"https:\/\/noticiasemdestaque.com\/cd\/#website"},"primaryImageOfPage":{"@id":"https:\/\/noticiasemdestaque.com\/cd\/?p=42507#primaryimage"},"image":{"@id":"https:\/\/noticiasemdestaque.com\/cd\/?p=42507#primaryimage"},"thumbnailUrl":"https:\/\/noticiasemdestaque.com\/cd\/wp-content\/uploads\/2022\/08\/Ricardo-Coutinho-PSB-960x540-1.webp","datePublished":"2022-09-10T00:28:07+00:00","breadcrumb":{"@id":"https:\/\/noticiasemdestaque.com\/cd\/?p=42507#breadcrumb"},"inLanguage":"pt-BR","potentialAction":[{"@type":"ReadAction","target":["https:\/\/noticiasemdestaque.com\/cd\/?p=42507"]}]},{"@type":"ImageObject","inLanguage":"pt-BR","@id":"https:\/\/noticiasemdestaque.com\/cd\/?p=42507#primaryimage","url":"https:\/\/noticiasemdestaque.com\/cd\/wp-content\/uploads\/2022\/08\/Ricardo-Coutinho-PSB-960x540-1.webp","contentUrl":"https:\/\/noticiasemdestaque.com\/cd\/wp-content\/uploads\/2022\/08\/Ricardo-Coutinho-PSB-960x540-1.webp","width":960,"height":540},{"@type":"BreadcrumbList","@id":"https:\/\/noticiasemdestaque.com\/cd\/?p=42507#breadcrumb","itemListElement":[{"@type":"ListItem","position":1,"name":"In\u00edcio","item":"https:\/\/noticiasemdestaque.com\/cd\/"},{"@type":"ListItem","position":2,"name":"Por unanimidade, Pleno do TRE-PB nega registro de candidatura de Ricardo Coutinho ao Senado Federal"}]},{"@type":"WebSite","@id":"https:\/\/noticiasemdestaque.com\/cd\/#website","url":"https:\/\/noticiasemdestaque.com\/cd\/","name":"Not&iacute;cias em Destaque","description":"","publisher":{"@id":"https:\/\/noticiasemdestaque.com\/cd\/#organization"},"potentialAction":[{"@type":"SearchAction","target":{"@type":"EntryPoint","urlTemplate":"https:\/\/noticiasemdestaque.com\/cd\/?s={search_term_string}"},"query-input":{"@type":"PropertyValueSpecification","valueRequired":true,"valueName":"search_term_string"}}],"inLanguage":"pt-BR"},{"@type":"Organization","@id":"https:\/\/noticiasemdestaque.com\/cd\/#organization","name":"Not\u00edcias em Destaque","url":"https:\/\/noticiasemdestaque.com\/cd\/","logo":{"@type":"ImageObject","inLanguage":"pt-BR","@id":"https:\/\/noticiasemdestaque.com\/cd\/#\/schema\/logo\/image\/","url":"https:\/\/noticiasemdestaque.com\/cd\/wp-content\/uploads\/2022\/05\/imagem-base-noticiasemdestaque.png","contentUrl":"https:\/\/noticiasemdestaque.com\/cd\/wp-content\/uploads\/2022\/05\/imagem-base-noticiasemdestaque.png","width":1200,"height":630,"caption":"Not\u00edcias em Destaque"},"image":{"@id":"https:\/\/noticiasemdestaque.com\/cd\/#\/schema\/logo\/image\/"}},{"@type":"Person","@id":"https:\/\/noticiasemdestaque.com\/cd\/#\/schema\/person\/4a81fb71f77579d059c3045891fa1786","name":"Not\u00edcias em Destaque","url":"https:\/\/noticiasemdestaque.com\/cd\/?author=2"}]}},"jetpack_featured_media_url":"https:\/\/noticiasemdestaque.com\/cd\/wp-content\/uploads\/2022\/08\/Ricardo-Coutinho-PSB-960x540-1.webp","jetpack_sharing_enabled":true,"_links":{"self":[{"href":"https:\/\/noticiasemdestaque.com\/cd\/index.php?rest_route=\/wp\/v2\/posts\/42507","targetHints":{"allow":["GET"]}}],"collection":[{"href":"https:\/\/noticiasemdestaque.com\/cd\/index.php?rest_route=\/wp\/v2\/posts"}],"about":[{"href":"https:\/\/noticiasemdestaque.com\/cd\/index.php?rest_route=\/wp\/v2\/types\/post"}],"author":[{"embeddable":true,"href":"https:\/\/noticiasemdestaque.com\/cd\/index.php?rest_route=\/wp\/v2\/users\/2"}],"replies":[{"embeddable":true,"href":"https:\/\/noticiasemdestaque.com\/cd\/index.php?rest_route=%2Fwp%2Fv2%2Fcomments&post=42507"}],"version-history":[{"count":1,"href":"https:\/\/noticiasemdestaque.com\/cd\/index.php?rest_route=\/wp\/v2\/posts\/42507\/revisions"}],"predecessor-version":[{"id":42508,"href":"https:\/\/noticiasemdestaque.com\/cd\/index.php?rest_route=\/wp\/v2\/posts\/42507\/revisions\/42508"}],"wp:featuredmedia":[{"embeddable":true,"href":"https:\/\/noticiasemdestaque.com\/cd\/index.php?rest_route=\/wp\/v2\/media\/41873"}],"wp:attachment":[{"href":"https:\/\/noticiasemdestaque.com\/cd\/index.php?rest_route=%2Fwp%2Fv2%2Fmedia&parent=42507"}],"wp:term":[{"taxonomy":"category","embeddable":true,"href":"https:\/\/noticiasemdestaque.com\/cd\/index.php?rest_route=%2Fwp%2Fv2%2Fcategories&post=42507"},{"taxonomy":"post_tag","embeddable":true,"href":"https:\/\/noticiasemdestaque.com\/cd\/index.php?rest_route=%2Fwp%2Fv2%2Ftags&post=42507"}],"curies":[{"name":"wp","href":"https:\/\/api.w.org\/{rel}","templated":true}]}}