{"id":42504,"date":"2022-09-09T10:46:53","date_gmt":"2022-09-09T13:46:53","guid":{"rendered":"https:\/\/noticiasemdestaque.com\/cd\/?p=42504"},"modified":"2022-09-09T10:46:53","modified_gmt":"2022-09-09T13:46:53","slug":"veja-quem-foi-comunicado-primeiro-sobre-a-morte-da-rainha","status":"publish","type":"post","link":"https:\/\/noticiasemdestaque.com\/cd\/?p=42504","title":{"rendered":"Veja quem foi comunicado primeiro sobre a morte da rainha"},"content":{"rendered":"<p><a href=\"https:\/\/noticiasemdestaque.com\/cd\/wp-content\/uploads\/2022\/09\/rainha.webp\"><img fetchpriority=\"high\" decoding=\"async\" class=\"alignnone  wp-image-42505\" src=\"https:\/\/noticiasemdestaque.com\/cd\/wp-content\/uploads\/2022\/09\/rainha-300x166.webp\" alt=\"\" width=\"855\" height=\"473\" srcset=\"https:\/\/noticiasemdestaque.com\/cd\/wp-content\/uploads\/2022\/09\/rainha-300x166.webp 300w, https:\/\/noticiasemdestaque.com\/cd\/wp-content\/uploads\/2022\/09\/rainha-768x424.webp 768w, https:\/\/noticiasemdestaque.com\/cd\/wp-content\/uploads\/2022\/09\/rainha-18x10.webp 18w, https:\/\/noticiasemdestaque.com\/cd\/wp-content\/uploads\/2022\/09\/rainha.webp 876w\" sizes=\"(max-width: 855px) 100vw, 855px\" \/><\/a><\/p>\n<p>Quando foi acionado, nesta quinta-feira (8), o plano de procedimentos para o caso da morte da rainha Elizabeth II, a monarca j\u00e1 havia morrido, mas o mundo ainda n\u00e3o sabia.<\/p>\n<p>Foram feitos boletins sobre o estado de sa\u00fade de Elizabeth II. O secret\u00e1rio privado da rainha serviu de intermedi\u00e1rio e a primeira-ministra Liz Truss recebeu a chamada para informar que \u201ca Ponte de Londres caiu\u201d.<\/p>\n<p>Essas comunica\u00e7\u00f5es foram feitas por meio de sistemas pr\u00f3prios para permitir que a not\u00edcia da morte chegasse primeiro aos l\u00edderes pol\u00edticos e diplomatas da Commonwealth, que colocaram uma faixa preta no bra\u00e7o. S\u00f3 depois \u00e9 que o resto do mundo foi informado.<\/p>\n<p><strong>Leia Mais<\/strong><\/p>\n<p><a href=\"https:\/\/noticiasemdestaque.com\/cd\/geral\/bolsonaro-decreta-luto-oficial-de-tres-dias-pela-morte-da-rainha-elizabeth-ii\/\">https:\/\/noticiasemdestaque.com\/cd\/geral\/bolsonaro-decreta-luto-oficial-de-tres-dias-pela-morte-da-rainha-elizabeth-ii\/<\/a><\/p>\n<p><a href=\"https:\/\/noticiasemdestaque.com\/cd\/geral\/cantor-vicente-nery-sofre-acidente-de-carro-em-fortaleza\/\">https:\/\/noticiasemdestaque.com\/cd\/geral\/cantor-vicente-nery-sofre-acidente-de-carro-em-fortaleza\/<\/a><\/p>\n<p>A not\u00edcia, ent\u00e3o, se tornou p\u00fablica por meio de um comunicado de imprensa. O site da fam\u00edlia real passou a ter um fundo preto com a mensagem: \u201ca rainha morreu\u201d.<\/p>\n<p>Nos est\u00fadios de r\u00e1dio piscaram luzes azuis a avisar os locutores para uma lista de m\u00fasicas preparada para situa\u00e7\u00f5es de luto. A estatal BBC ativou um sistema misterioso, preparado para aguentar um ataque \u00e0 infraestrutura nacional. Com um tom grave, o locutor da BBC, vestido com roupa preta, deu a not\u00edcia, come\u00e7ando com \u201cThis is BBC from London\u201d (aqui \u00e9 a BBC de Londres). Eram 18h31 de 8 de setembro, pelo hor\u00e1rio local \u201314h31 pelo hor\u00e1rio de Bras\u00edlia. O hino confirmava o que h\u00e1 muito se receava.<\/p>\n<p>No Reino Unido, as bandeiras foram colocadas a meio mastro e o Parlamento suspendeu as atividades. Uma multid\u00e3o se aglomerou nas pra\u00e7as e ruas.<\/p>\n<p>Os jogos de cricket, r\u00fagbi e h\u00f3quei foram cancelados, assim como as corridas de cavalos. Como a morte foi anunciada depois das 16h (hor\u00e1rio local), o National Theatre n\u00e3o interrompeu as sess\u00f5es da noite. Os especialistas em realeza brit\u00e2nica viram os seus contratos de exclusividade serem ativados para falarem sobre o tema.<\/p>\n<h2>O que acontece com o corpo da rainha<\/h2>\n<p>Elizabeth II morreu em Balmoral, na Esc\u00f3cia, onde passava tr\u00eas meses do ano. H\u00e1, por isso, um cerimonial escoc\u00eas a cumprir, com a chamada \u201cOpera\u00e7\u00e3o Unic\u00f3rnio\u201d.<\/p>\n<p>O corpo da rainha vai repousar no menor dos seus pal\u00e1cios, o Holyroodhouse, em Edimburgo. Em seguida, ser\u00e1 transportado ao longo da Royal Mile at\u00e9 \u00e0 Catedral de St. Giles para uma cerim\u00f3nia de recep\u00e7\u00e3o.<\/p>\n<p>A urna funer\u00e1ria ser\u00e1 colocada a bordo do comboio real para um percurso que deve ser acompanhado de milhares de brit\u00e2nicos ao longo de cada lado dos caminhos-de-ferro, com destino ao Pal\u00e1cio de Buckingham, em Londres, a sua principal morada em vida.<\/p>\n<p>Enquanto isso, por todo o Reino Unido \u2013e mais precisamente em Londres\u2013 come\u00e7am os ensaios para o funeral, marcado para o d\u00e9cimo dia ap\u00f3s a morte. O luto nacional ser\u00e1 demonstrado das mais variadas formas: as televis\u00f5es, por exemplo, v\u00e3o evitar programas sat\u00edricos. Isso porque h\u00e1 um plano que dita precisamente o que cada um deve fazer.<\/p>\n<p>Os primeiros planos para lidar com a morte da Elizabeth II, conhecidos como \u201cLondon Bridge\u201d, datam da d\u00e9cada de 1960. Foram reformulados no in\u00edcio deste s\u00e9culo e implicaram duas ou tr\u00eas reuni\u00f5es anuais para que todos os envolvidos estivessem a par de tudo.<\/p>\n<p>Esta quinta-feira, 8 de setembro, foi o Dia D, da morte. Os que se seguem s\u00e3o os dias +1, +2 e assim sucessivamente at\u00e9 ao +10, quando se realiza o funeral.<\/p>\n<h2>Dia +1: a proclama\u00e7\u00e3o de Charles<\/h2>\n<p>No dia seguinte \u00e0 morte da rainha, as bandeiras voltam a subir. Westminster Hall vai ter o ch\u00e3o limpo e coberto de carpetes. Charles, que agora passa a ser o rei Carlos III, ser\u00e1 proclamado monarca pelo Conselho de Ades\u00e3o. A coroa\u00e7\u00e3o, por\u00e9m, levar\u00e1 meses, podendo chegar a um ano.<\/p>\n<p>No fim da manh\u00e3, Charles III dever\u00e1 fazer um pronunciamento.\u00a0O hino nacional vai ser tocado em tambores cobertos de tecido preto. Os arautos, \u00e0 maneira antiga, espalham a not\u00edcia por Londres, entre disparos de artilharia. Nas divisas de Londres, ser\u00e1 instalado um cord\u00e3o vermelho como barreira.<\/p>\n<p>Na agenda do rei est\u00e1 previsto um encontro com a primeira-ministra brit\u00e2nica, Liz Truss. Nos dias seguintes, Charles ir\u00e1 percorrer diversos pontos do Reino Unido, passando por Edimburgo, Belfast e Cardiff, onde receber\u00e1 cumprimentos dos l\u00edderes dos governos descentralizados e assistir\u00e1 a cerim\u00f3nias de homenagem \u00e0 falecida rainha.<\/p>\n<figure id=\"attachment_1925943\" class=\"wp-caption alignnone\" aria-describedby=\"caption-attachment-1925943\"><img decoding=\"async\" class=\"aligncenter size-large wp-image-1925943\" src=\"https:\/\/www.cnnbrasil.com.br\/wp-content\/uploads\/sites\/12\/2022\/09\/GettyImages-969171828-e1662666065346.jpg?w=1024\" alt=\"Coroa\u00e7\u00e3o do agora denominado rei Charles III poder\u00e1 ocorrer em at\u00e9 um ano\" width=\"1024\" height=\"576\" \/><figcaption id=\"caption-attachment-1925943\" class=\"wp-caption-text\">Coroa\u00e7\u00e3o do agora denominado rei Charles III poder\u00e1 ocorrer em at\u00e9 um ano \/ Tim Rooke \u2013 WPA Pool\/Getty Images<\/figcaption><\/figure>\n<h2>Dia +2: corpo ser\u00e1 levado para o Pal\u00e1cio de Buckingham<\/h2>\n<p>O corpo de Elizabeth II ser\u00e1 levado \u00e0 sala do trono do Pal\u00e1cio de Buckingham, virado para o p\u00e1tio interior, e cercado por s\u00edmbolos reais e com honras de guarda, com as espingardas apontadas para o ch\u00e3o.<\/p>\n<h2>Dia +3: viagens do rei Charles III<\/h2>\n<p>Ap\u00f3s receber as condol\u00eancias em Westminster Hall, o novo rei inicia a viagem pelo Reino Unido, come\u00e7ando pela Esc\u00f3cia.<\/p>\n<h2>Dia +4: ensaios<\/h2>\n<p>Enquanto Charles estar\u00e1 em viagem \u00e0 Irlanda do Norte, ser\u00e1 feito um ensaio para o transporte do caix\u00e3o entre o Pal\u00e1cio de Buckingham e o Westminster Hall.<\/p>\n<p>J\u00e1 longe dos olhares do p\u00fablico, dez pessoas escolhidas para transportar o caix\u00e3o continuar\u00e3o com os ensaios. Isso porque os membros da fam\u00edlia real s\u00e3o sepultados em caix\u00f5es com revestimento de chumbo. O da princesa Diana, por exemplo, pesava 250 quilos.<\/p>\n<figure id=\"attachment_1926612\" class=\"wp-caption alignnone\" aria-describedby=\"caption-attachment-1926612\"><img decoding=\"async\" class=\"aligncenter size-large wp-image-1926612\" src=\"https:\/\/www.cnnbrasil.com.br\/wp-content\/uploads\/sites\/12\/2022\/09\/GettyImages-76214812.jpg?w=1024\" sizes=\"(max-width: 1024px) 100vw, 1024px\" srcset=\"https:\/\/www.cnnbrasil.com.br\/wp-content\/uploads\/sites\/12\/2022\/09\/GettyImages-76214812.jpg 2300w, https:\/\/www.cnnbrasil.com.br\/wp-content\/uploads\/sites\/12\/2022\/09\/GettyImages-76214812.jpg?resize=300,202 300w, https:\/\/www.cnnbrasil.com.br\/wp-content\/uploads\/sites\/12\/2022\/09\/GettyImages-76214812.jpg?resize=768,518 768w, https:\/\/www.cnnbrasil.com.br\/wp-content\/uploads\/sites\/12\/2022\/09\/GettyImages-76214812.jpg?resize=1024,690 1024w, https:\/\/www.cnnbrasil.com.br\/wp-content\/uploads\/sites\/12\/2022\/09\/GettyImages-76214812.jpg?resize=126,86 126w, https:\/\/www.cnnbrasil.com.br\/wp-content\/uploads\/sites\/12\/2022\/09\/GettyImages-76214812.jpg?resize=144,96 144w, https:\/\/www.cnnbrasil.com.br\/wp-content\/uploads\/sites\/12\/2022\/09\/GettyImages-76214812.jpg?resize=1536,1035 1536w, https:\/\/www.cnnbrasil.com.br\/wp-content\/uploads\/sites\/12\/2022\/09\/GettyImages-76214812.jpg?resize=2048,1380 2048w, https:\/\/www.cnnbrasil.com.br\/wp-content\/uploads\/sites\/12\/2022\/09\/GettyImages-76214812.jpg?resize=740,500 740w, https:\/\/www.cnnbrasil.com.br\/wp-content\/uploads\/sites\/12\/2022\/09\/GettyImages-76214812.jpg?resize=82,55 82w, https:\/\/www.cnnbrasil.com.br\/wp-content\/uploads\/sites\/12\/2022\/09\/GettyImages-76214812.jpg?resize=75,51 75w\" alt=\"Caix\u00e3o da princesa Diana, morta em 1997, tinha 250 quilos\" width=\"1024\" height=\"690\" \/><figcaption id=\"caption-attachment-1926612\" class=\"wp-caption-text\">Caix\u00e3o da princesa Diana, morta em 1997, tinha 250 quilos \/ Anwar Hussein\/WireImage\/Getty Images<\/figcaption><\/figure>\n<h2>Dia +5: traslado do corpo para Westminster Hall<\/h2>\n<p>O Big Ben ir\u00e1 tocar quando o caix\u00e3o chegar a Westminster Hall. Ser\u00e3o ouvidos salmos e ter\u00e1 in\u00edcio uma celebra\u00e7\u00e3o religiosa. O novo rei, estar\u00e1 de volta a Londres para liderar as homenagens. A esfera, o cetro e a coroa imperial s\u00e3o fixados nos respetivos lugares.<\/p>\n<p>S\u00f3 depois \u00e9 que as portas se abrem \u00e0s multid\u00f5es de pessoas que querem prestar a \u00faltima homenagem \u00e0 rainha. O corpo ficar\u00e1 em c\u00e2mara por tr\u00eas dias. A visita poder\u00e1 ser feita durante 23 horas por dia. Os convidados VIP t\u00eam direito a bilhetes com acesso r\u00e1pido. Cerca de meio milh\u00e3o de pessoas s\u00e3o esperadas.<\/p>\n<h2>Dia +6: as homenagens<\/h2>\n<p>Os ensaios v\u00e3o continuar, inclusive para o cortejo do funeral de Estado. O novo rei vai dirigir-se ao Pa\u00eds de Gales para terminar sua peregrina\u00e7\u00e3o pelo Reino Unido.<\/p>\n<p>As fam\u00edlias convidadas come\u00e7ar\u00e3o a chegar para o funeral, alojando-se no Pal\u00e1cio de Buckingham. As homenagens nas ruas tamb\u00e9m dever\u00e3o continuar, com as vias transformadas em locais de culto. Nos meios de comunica\u00e7\u00e3o, seguem com a cobertura planejada durante anos.<\/p>\n<figure id=\"attachment_1926615\" class=\"wp-caption alignnone\" aria-describedby=\"caption-attachment-1926615\"><img loading=\"lazy\" decoding=\"async\" class=\"aligncenter size-large wp-image-1926615\" src=\"https:\/\/www.cnnbrasil.com.br\/wp-content\/uploads\/sites\/12\/2022\/09\/GettyImages-505228942.jpg?w=1024\" sizes=\"(max-width: 1024px) 100vw, 1024px\" srcset=\"https:\/\/www.cnnbrasil.com.br\/wp-content\/uploads\/sites\/12\/2022\/09\/GettyImages-505228942.jpg 4992w, https:\/\/www.cnnbrasil.com.br\/wp-content\/uploads\/sites\/12\/2022\/09\/GettyImages-505228942.jpg?resize=300,200 300w, https:\/\/www.cnnbrasil.com.br\/wp-content\/uploads\/sites\/12\/2022\/09\/GettyImages-505228942.jpg?resize=768,512 768w, https:\/\/www.cnnbrasil.com.br\/wp-content\/uploads\/sites\/12\/2022\/09\/GettyImages-505228942.jpg?resize=1024,683 1024w, https:\/\/www.cnnbrasil.com.br\/wp-content\/uploads\/sites\/12\/2022\/09\/GettyImages-505228942.jpg?resize=320,214 320w, https:\/\/www.cnnbrasil.com.br\/wp-content\/uploads\/sites\/12\/2022\/09\/GettyImages-505228942.jpg?resize=144,96 144w, https:\/\/www.cnnbrasil.com.br\/wp-content\/uploads\/sites\/12\/2022\/09\/GettyImages-505228942.jpg?resize=1536,1024 1536w, https:\/\/www.cnnbrasil.com.br\/wp-content\/uploads\/sites\/12\/2022\/09\/GettyImages-505228942.jpg?resize=2048,1365 2048w, https:\/\/www.cnnbrasil.com.br\/wp-content\/uploads\/sites\/12\/2022\/09\/GettyImages-505228942.jpg?resize=83,55 83w, https:\/\/www.cnnbrasil.com.br\/wp-content\/uploads\/sites\/12\/2022\/09\/GettyImages-505228942.jpg?resize=75,50 75w\" alt=\"Rainha Elizabeth II ser\u00e1 velada na abadia de Westminster\" width=\"1024\" height=\"683\" \/><figcaption id=\"caption-attachment-1926615\" class=\"wp-caption-text\">Rainha Elizabeth II ser\u00e1 velada na abadia de Westminster \/ English Heritage\/Heritage Images\/Getty Images<\/figcaption><\/figure>\n<h2>Dia +10: o funeral<\/h2>\n<p>\u00c9 a \u00faltima etapa do processo de despedida da rainha.\u00a0Na v\u00e9spera, as joias reais devem ser retiradas do caix\u00e3o e limpas. Dia de luto nacional. As lojas devem fechar e as vitrines ficar\u00e3o repletas de imagens da rainha. Nas ruas, apesar de n\u00e3o haver dispensa do trabalho, multid\u00f5es dever\u00e3o participar da despedida. O Big Ben soar\u00e1 \u00e0s 9h da manh\u00e3, pelo hor\u00e1rio local.<\/p>\n<p>Duas horas depois, o caix\u00e3o dever\u00e1 chegar \u00e0 Abadia de Westminster, ap\u00f3s percorrer poucos metros. No interior, 2.000 convidados. A cerim\u00f4nia ser\u00e1 transmitida para todo o mundo. Ao meio-dia, o pa\u00eds todo ficar\u00e1 em sil\u00eancio.<\/p>\n<p>O caix\u00e3o ser\u00e1 levado num percurso de alguns quil\u00f3metros em Londres, em uma carruagem militar verde levada pela Marinha Real at\u00e9 ao Castelo de Windsor, onde repousam os restos mortais dos soberanos brit\u00e2nicos.<\/p>\n<p>Os port\u00f5es ser\u00e3o fechados. O que acontecer\u00e1 depois ser\u00e1 reservado para a fam\u00edlia. Depois do servi\u00e7o religioso na Capela de S\u00e3o Jorge, o corpo desce \u00e0 cripta. Elizabeth II ficar\u00e1 ao lado do marido, Philip. O novo rei, Charles III, vai soltar sobre a sepultura da m\u00e3e terra tirada de uma ta\u00e7a dourada.<\/p>\n<p><strong>Noticias em Destaque<\/strong><\/p>\n<p style=\"text-align: right;\"><em>Fonte: CNN Brasil<\/em><\/p>\n","protected":false},"excerpt":{"rendered":"<p>Quando foi acionado, nesta quinta-feira (8), o plano de procedimentos para o caso da morte da rainha Elizabeth II, a monarca j\u00e1 havia morrido, mas o mundo ainda n\u00e3o sabia. Foram feitos boletins sobre o estado de sa\u00fade de Elizabeth II. O secret\u00e1rio privado da rainha serviu de intermedi\u00e1rio e a primeira-ministra Liz Truss recebeu a chamada para informar que \u201ca Ponte de Londres caiu\u201d. Essas comunica\u00e7\u00f5es foram feitas por meio de sistemas pr\u00f3prios para permitir que a not\u00edcia da morte chegasse primeiro aos l\u00edderes pol\u00edticos e diplomatas da Commonwealth, que colocaram uma faixa preta no bra\u00e7o. S\u00f3 depois \u00e9 que o resto do mundo foi informado. Leia Mais A not\u00edcia, ent\u00e3o, se tornou p\u00fablica por meio de um comunicado de imprensa. O site da fam\u00edlia real passou a ter um fundo preto com a mensagem: \u201ca rainha morreu\u201d. Nos est\u00fadios de r\u00e1dio piscaram luzes azuis a avisar os locutores para uma lista de m\u00fasicas preparada para situa\u00e7\u00f5es de luto. A estatal BBC ativou um sistema misterioso, preparado para aguentar um ataque \u00e0 infraestrutura nacional. Com um tom grave, o locutor da BBC, vestido com roupa preta, deu a not\u00edcia, come\u00e7ando com \u201cThis is BBC from London\u201d (aqui \u00e9 a BBC de Londres). Eram 18h31 de 8 de setembro, pelo hor\u00e1rio local \u201314h31 pelo hor\u00e1rio de Bras\u00edlia. O hino confirmava o que h\u00e1 muito se receava. No Reino Unido, as bandeiras foram colocadas a meio mastro e o Parlamento suspendeu as atividades. Uma multid\u00e3o se aglomerou nas pra\u00e7as e ruas. Os jogos de cricket, r\u00fagbi e h\u00f3quei foram cancelados, assim como as corridas de cavalos. Como a morte foi anunciada depois das 16h (hor\u00e1rio local), o National Theatre n\u00e3o interrompeu as sess\u00f5es da noite. Os especialistas em realeza brit\u00e2nica viram os seus contratos de exclusividade serem ativados para falarem sobre o tema. O que acontece com o corpo da rainha Elizabeth II morreu em Balmoral, na Esc\u00f3cia, onde passava tr\u00eas meses do ano. H\u00e1, por isso, um cerimonial escoc\u00eas a cumprir, com a chamada \u201cOpera\u00e7\u00e3o Unic\u00f3rnio\u201d. O corpo da rainha vai repousar no menor dos seus pal\u00e1cios, o Holyroodhouse, em Edimburgo. Em seguida, ser\u00e1 transportado ao longo da Royal Mile at\u00e9 \u00e0 Catedral de St. Giles para uma cerim\u00f3nia de recep\u00e7\u00e3o. A urna funer\u00e1ria ser\u00e1 colocada a bordo do comboio real para um percurso que deve ser acompanhado de milhares de brit\u00e2nicos ao longo de cada lado dos caminhos-de-ferro, com destino ao Pal\u00e1cio de Buckingham, em Londres, a sua principal morada em vida. Enquanto isso, por todo o Reino Unido \u2013e mais precisamente em Londres\u2013 come\u00e7am os ensaios para o funeral, marcado para o d\u00e9cimo dia ap\u00f3s a morte. O luto nacional ser\u00e1 demonstrado das mais variadas formas: as televis\u00f5es, por exemplo, v\u00e3o evitar programas sat\u00edricos. Isso porque h\u00e1 um plano que dita precisamente o que cada um deve fazer. Os primeiros planos para lidar com a morte da Elizabeth II, conhecidos como \u201cLondon Bridge\u201d, datam da d\u00e9cada de 1960. Foram reformulados no in\u00edcio deste s\u00e9culo e implicaram duas ou tr\u00eas reuni\u00f5es anuais para que todos os envolvidos estivessem a par de tudo. Esta quinta-feira, 8 de setembro, foi o Dia D, da morte. Os que se seguem s\u00e3o os dias +1, +2 e assim sucessivamente at\u00e9 ao +10, quando se realiza o funeral. Dia +1: a proclama\u00e7\u00e3o de Charles No dia seguinte \u00e0 morte da rainha, as bandeiras voltam a subir. Westminster Hall vai ter o ch\u00e3o limpo e coberto de carpetes. Charles, que agora passa a ser o rei Carlos III, ser\u00e1 proclamado monarca pelo Conselho de Ades\u00e3o. A coroa\u00e7\u00e3o, por\u00e9m, levar\u00e1 meses, podendo chegar a um ano. No fim da manh\u00e3, Charles III dever\u00e1 fazer um pronunciamento.\u00a0O hino nacional vai ser tocado em tambores cobertos de tecido preto. Os arautos, \u00e0 maneira antiga, espalham a not\u00edcia por Londres, entre disparos de artilharia. Nas divisas de Londres, ser\u00e1 instalado um cord\u00e3o vermelho como barreira. Na agenda do rei est\u00e1 previsto um encontro com a primeira-ministra brit\u00e2nica, Liz Truss. Nos dias seguintes, Charles ir\u00e1 percorrer diversos pontos do Reino Unido, passando por Edimburgo, Belfast e Cardiff, onde receber\u00e1 cumprimentos dos l\u00edderes dos governos descentralizados e assistir\u00e1 a cerim\u00f3nias de homenagem \u00e0 falecida rainha. Coroa\u00e7\u00e3o do agora denominado rei Charles III poder\u00e1 ocorrer em at\u00e9 um ano \/ Tim Rooke \u2013 WPA Pool\/Getty Images Dia +2: corpo ser\u00e1 levado para o Pal\u00e1cio de Buckingham O corpo de Elizabeth II ser\u00e1 levado \u00e0 sala do trono do Pal\u00e1cio de Buckingham, virado para o p\u00e1tio interior, e cercado por s\u00edmbolos reais e com honras de guarda, com as espingardas apontadas para o ch\u00e3o. Dia +3: viagens do rei Charles III Ap\u00f3s receber as condol\u00eancias em Westminster Hall, o novo rei inicia a viagem pelo Reino Unido, come\u00e7ando pela Esc\u00f3cia. Dia +4: ensaios Enquanto Charles estar\u00e1 em viagem \u00e0 Irlanda do Norte, ser\u00e1 feito um ensaio para o transporte do caix\u00e3o entre o Pal\u00e1cio de Buckingham e o Westminster Hall. J\u00e1 longe dos olhares do p\u00fablico, dez pessoas escolhidas para transportar o caix\u00e3o continuar\u00e3o com os ensaios. Isso porque os membros da fam\u00edlia real s\u00e3o sepultados em caix\u00f5es com revestimento de chumbo. O da princesa Diana, por exemplo, pesava 250 quilos. Caix\u00e3o da princesa Diana, morta em 1997, tinha 250 quilos \/ Anwar Hussein\/WireImage\/Getty Images Dia +5: traslado do corpo para Westminster Hall O Big Ben ir\u00e1 tocar quando o caix\u00e3o chegar a Westminster Hall. Ser\u00e3o ouvidos salmos e ter\u00e1 in\u00edcio uma celebra\u00e7\u00e3o religiosa. O novo rei, estar\u00e1 de volta a Londres para liderar as homenagens. A esfera, o cetro e a coroa imperial s\u00e3o fixados nos respetivos lugares. S\u00f3 depois \u00e9 que as portas se abrem \u00e0s multid\u00f5es de pessoas que querem prestar a \u00faltima homenagem \u00e0 rainha. O corpo ficar\u00e1 em c\u00e2mara por tr\u00eas dias. A visita poder\u00e1 ser feita durante 23 horas por dia. Os convidados VIP t\u00eam direito a bilhetes com acesso r\u00e1pido. Cerca de meio milh\u00e3o de pessoas s\u00e3o esperadas. Dia +6: as homenagens Os ensaios v\u00e3o continuar, inclusive para o cortejo do funeral de Estado. O<\/p>\n","protected":false},"author":2,"featured_media":42505,"comment_status":"closed","ping_status":"open","sticky":false,"template":"","format":"standard","meta":{"_eb_attr":"","_jetpack_memberships_contains_paid_content":false,"footnotes":""},"categories":[12],"tags":[],"class_list":["post-42504","post","type-post","status-publish","format-standard","has-post-thumbnail","hentry","category-geral"],"yoast_head":"<!-- This site is optimized with the Yoast SEO plugin v26.5 - https:\/\/yoast.com\/wordpress\/plugins\/seo\/ -->\n<title>Veja quem foi comunicado primeiro sobre a morte da rainha - Not&iacute;cias em Destaque<\/title>\n<meta name=\"robots\" content=\"index, follow, max-snippet:-1, max-image-preview:large, max-video-preview:-1\" \/>\n<link rel=\"canonical\" href=\"https:\/\/noticiasemdestaque.com\/cd\/?p=42504\" \/>\n<meta property=\"og:locale\" content=\"pt_BR\" \/>\n<meta property=\"og:type\" content=\"article\" \/>\n<meta property=\"og:title\" content=\"Veja quem foi comunicado primeiro sobre a morte da rainha - Not&iacute;cias em Destaque\" \/>\n<meta property=\"og:description\" content=\"Quando foi acionado, nesta quinta-feira (8), o plano de procedimentos para o caso da morte da rainha Elizabeth II, a monarca j\u00e1 havia morrido, mas o mundo ainda n\u00e3o sabia. Foram feitos boletins sobre o estado de sa\u00fade de Elizabeth II. O secret\u00e1rio privado da rainha serviu de intermedi\u00e1rio e a primeira-ministra Liz Truss recebeu a chamada para informar que \u201ca Ponte de Londres caiu\u201d. Essas comunica\u00e7\u00f5es foram feitas por meio de sistemas pr\u00f3prios para permitir que a not\u00edcia da morte chegasse primeiro aos l\u00edderes pol\u00edticos e diplomatas da Commonwealth, que colocaram uma faixa preta no bra\u00e7o. S\u00f3 depois \u00e9 que o resto do mundo foi informado. Leia Mais A not\u00edcia, ent\u00e3o, se tornou p\u00fablica por meio de um comunicado de imprensa. O site da fam\u00edlia real passou a ter um fundo preto com a mensagem: \u201ca rainha morreu\u201d. Nos est\u00fadios de r\u00e1dio piscaram luzes azuis a avisar os locutores para uma lista de m\u00fasicas preparada para situa\u00e7\u00f5es de luto. A estatal BBC ativou um sistema misterioso, preparado para aguentar um ataque \u00e0 infraestrutura nacional. Com um tom grave, o locutor da BBC, vestido com roupa preta, deu a not\u00edcia, come\u00e7ando com \u201cThis is BBC from London\u201d (aqui \u00e9 a BBC de Londres). Eram 18h31 de 8 de setembro, pelo hor\u00e1rio local \u201314h31 pelo hor\u00e1rio de Bras\u00edlia. O hino confirmava o que h\u00e1 muito se receava. No Reino Unido, as bandeiras foram colocadas a meio mastro e o Parlamento suspendeu as atividades. Uma multid\u00e3o se aglomerou nas pra\u00e7as e ruas. Os jogos de cricket, r\u00fagbi e h\u00f3quei foram cancelados, assim como as corridas de cavalos. Como a morte foi anunciada depois das 16h (hor\u00e1rio local), o National Theatre n\u00e3o interrompeu as sess\u00f5es da noite. Os especialistas em realeza brit\u00e2nica viram os seus contratos de exclusividade serem ativados para falarem sobre o tema. O que acontece com o corpo da rainha Elizabeth II morreu em Balmoral, na Esc\u00f3cia, onde passava tr\u00eas meses do ano. H\u00e1, por isso, um cerimonial escoc\u00eas a cumprir, com a chamada \u201cOpera\u00e7\u00e3o Unic\u00f3rnio\u201d. O corpo da rainha vai repousar no menor dos seus pal\u00e1cios, o Holyroodhouse, em Edimburgo. Em seguida, ser\u00e1 transportado ao longo da Royal Mile at\u00e9 \u00e0 Catedral de St. Giles para uma cerim\u00f3nia de recep\u00e7\u00e3o. A urna funer\u00e1ria ser\u00e1 colocada a bordo do comboio real para um percurso que deve ser acompanhado de milhares de brit\u00e2nicos ao longo de cada lado dos caminhos-de-ferro, com destino ao Pal\u00e1cio de Buckingham, em Londres, a sua principal morada em vida. Enquanto isso, por todo o Reino Unido \u2013e mais precisamente em Londres\u2013 come\u00e7am os ensaios para o funeral, marcado para o d\u00e9cimo dia ap\u00f3s a morte. O luto nacional ser\u00e1 demonstrado das mais variadas formas: as televis\u00f5es, por exemplo, v\u00e3o evitar programas sat\u00edricos. Isso porque h\u00e1 um plano que dita precisamente o que cada um deve fazer. Os primeiros planos para lidar com a morte da Elizabeth II, conhecidos como \u201cLondon Bridge\u201d, datam da d\u00e9cada de 1960. Foram reformulados no in\u00edcio deste s\u00e9culo e implicaram duas ou tr\u00eas reuni\u00f5es anuais para que todos os envolvidos estivessem a par de tudo. Esta quinta-feira, 8 de setembro, foi o Dia D, da morte. Os que se seguem s\u00e3o os dias +1, +2 e assim sucessivamente at\u00e9 ao +10, quando se realiza o funeral. Dia +1: a proclama\u00e7\u00e3o de Charles No dia seguinte \u00e0 morte da rainha, as bandeiras voltam a subir. Westminster Hall vai ter o ch\u00e3o limpo e coberto de carpetes. Charles, que agora passa a ser o rei Carlos III, ser\u00e1 proclamado monarca pelo Conselho de Ades\u00e3o. A coroa\u00e7\u00e3o, por\u00e9m, levar\u00e1 meses, podendo chegar a um ano. No fim da manh\u00e3, Charles III dever\u00e1 fazer um pronunciamento.\u00a0O hino nacional vai ser tocado em tambores cobertos de tecido preto. Os arautos, \u00e0 maneira antiga, espalham a not\u00edcia por Londres, entre disparos de artilharia. Nas divisas de Londres, ser\u00e1 instalado um cord\u00e3o vermelho como barreira. Na agenda do rei est\u00e1 previsto um encontro com a primeira-ministra brit\u00e2nica, Liz Truss. Nos dias seguintes, Charles ir\u00e1 percorrer diversos pontos do Reino Unido, passando por Edimburgo, Belfast e Cardiff, onde receber\u00e1 cumprimentos dos l\u00edderes dos governos descentralizados e assistir\u00e1 a cerim\u00f3nias de homenagem \u00e0 falecida rainha. Coroa\u00e7\u00e3o do agora denominado rei Charles III poder\u00e1 ocorrer em at\u00e9 um ano \/ Tim Rooke \u2013 WPA Pool\/Getty Images Dia +2: corpo ser\u00e1 levado para o Pal\u00e1cio de Buckingham O corpo de Elizabeth II ser\u00e1 levado \u00e0 sala do trono do Pal\u00e1cio de Buckingham, virado para o p\u00e1tio interior, e cercado por s\u00edmbolos reais e com honras de guarda, com as espingardas apontadas para o ch\u00e3o. Dia +3: viagens do rei Charles III Ap\u00f3s receber as condol\u00eancias em Westminster Hall, o novo rei inicia a viagem pelo Reino Unido, come\u00e7ando pela Esc\u00f3cia. Dia +4: ensaios Enquanto Charles estar\u00e1 em viagem \u00e0 Irlanda do Norte, ser\u00e1 feito um ensaio para o transporte do caix\u00e3o entre o Pal\u00e1cio de Buckingham e o Westminster Hall. J\u00e1 longe dos olhares do p\u00fablico, dez pessoas escolhidas para transportar o caix\u00e3o continuar\u00e3o com os ensaios. Isso porque os membros da fam\u00edlia real s\u00e3o sepultados em caix\u00f5es com revestimento de chumbo. O da princesa Diana, por exemplo, pesava 250 quilos. Caix\u00e3o da princesa Diana, morta em 1997, tinha 250 quilos \/ Anwar Hussein\/WireImage\/Getty Images Dia +5: traslado do corpo para Westminster Hall O Big Ben ir\u00e1 tocar quando o caix\u00e3o chegar a Westminster Hall. Ser\u00e3o ouvidos salmos e ter\u00e1 in\u00edcio uma celebra\u00e7\u00e3o religiosa. O novo rei, estar\u00e1 de volta a Londres para liderar as homenagens. A esfera, o cetro e a coroa imperial s\u00e3o fixados nos respetivos lugares. S\u00f3 depois \u00e9 que as portas se abrem \u00e0s multid\u00f5es de pessoas que querem prestar a \u00faltima homenagem \u00e0 rainha. O corpo ficar\u00e1 em c\u00e2mara por tr\u00eas dias. A visita poder\u00e1 ser feita durante 23 horas por dia. Os convidados VIP t\u00eam direito a bilhetes com acesso r\u00e1pido. Cerca de meio milh\u00e3o de pessoas s\u00e3o esperadas. Dia +6: as homenagens Os ensaios v\u00e3o continuar, inclusive para o cortejo do funeral de Estado. O\" \/>\n<meta property=\"og:url\" content=\"https:\/\/noticiasemdestaque.com\/cd\/?p=42504\" \/>\n<meta property=\"og:site_name\" content=\"Not&iacute;cias em Destaque\" \/>\n<meta property=\"article:published_time\" content=\"2022-09-09T13:46:53+00:00\" \/>\n<meta property=\"og:image\" content=\"https:\/\/noticiasemdestaque.com\/cd\/wp-content\/uploads\/2022\/09\/rainha.webp\" \/>\n\t<meta property=\"og:image:width\" content=\"876\" \/>\n\t<meta property=\"og:image:height\" content=\"484\" \/>\n\t<meta property=\"og:image:type\" content=\"image\/webp\" \/>\n<meta name=\"author\" content=\"Not\u00edcias em Destaque\" \/>\n<meta name=\"twitter:card\" content=\"summary_large_image\" \/>\n<meta name=\"twitter:label1\" content=\"Escrito por\" \/>\n\t<meta name=\"twitter:data1\" content=\"Not\u00edcias em Destaque\" \/>\n\t<meta name=\"twitter:label2\" content=\"Est. tempo de leitura\" \/>\n\t<meta name=\"twitter:data2\" content=\"8 minutos\" \/>\n<script type=\"application\/ld+json\" class=\"yoast-schema-graph\">{\"@context\":\"https:\/\/schema.org\",\"@graph\":[{\"@type\":\"Article\",\"@id\":\"https:\/\/noticiasemdestaque.com\/cd\/?p=42504#article\",\"isPartOf\":{\"@id\":\"https:\/\/noticiasemdestaque.com\/cd\/?p=42504\"},\"author\":{\"name\":\"Not\u00edcias em Destaque\",\"@id\":\"https:\/\/noticiasemdestaque.com\/cd\/#\/schema\/person\/4a81fb71f77579d059c3045891fa1786\"},\"headline\":\"Veja quem foi comunicado primeiro sobre a morte da rainha\",\"datePublished\":\"2022-09-09T13:46:53+00:00\",\"mainEntityOfPage\":{\"@id\":\"https:\/\/noticiasemdestaque.com\/cd\/?p=42504\"},\"wordCount\":1385,\"publisher\":{\"@id\":\"https:\/\/noticiasemdestaque.com\/cd\/#organization\"},\"image\":{\"@id\":\"https:\/\/noticiasemdestaque.com\/cd\/?p=42504#primaryimage\"},\"thumbnailUrl\":\"https:\/\/noticiasemdestaque.com\/cd\/wp-content\/uploads\/2022\/09\/rainha.webp\",\"articleSection\":[\"Geral\"],\"inLanguage\":\"pt-BR\"},{\"@type\":\"WebPage\",\"@id\":\"https:\/\/noticiasemdestaque.com\/cd\/?p=42504\",\"url\":\"https:\/\/noticiasemdestaque.com\/cd\/?p=42504\",\"name\":\"Veja quem foi comunicado primeiro sobre a morte da rainha - Not&iacute;cias em Destaque\",\"isPartOf\":{\"@id\":\"https:\/\/noticiasemdestaque.com\/cd\/#website\"},\"primaryImageOfPage\":{\"@id\":\"https:\/\/noticiasemdestaque.com\/cd\/?p=42504#primaryimage\"},\"image\":{\"@id\":\"https:\/\/noticiasemdestaque.com\/cd\/?p=42504#primaryimage\"},\"thumbnailUrl\":\"https:\/\/noticiasemdestaque.com\/cd\/wp-content\/uploads\/2022\/09\/rainha.webp\",\"datePublished\":\"2022-09-09T13:46:53+00:00\",\"breadcrumb\":{\"@id\":\"https:\/\/noticiasemdestaque.com\/cd\/?p=42504#breadcrumb\"},\"inLanguage\":\"pt-BR\",\"potentialAction\":[{\"@type\":\"ReadAction\",\"target\":[\"https:\/\/noticiasemdestaque.com\/cd\/?p=42504\"]}]},{\"@type\":\"ImageObject\",\"inLanguage\":\"pt-BR\",\"@id\":\"https:\/\/noticiasemdestaque.com\/cd\/?p=42504#primaryimage\",\"url\":\"https:\/\/noticiasemdestaque.com\/cd\/wp-content\/uploads\/2022\/09\/rainha.webp\",\"contentUrl\":\"https:\/\/noticiasemdestaque.com\/cd\/wp-content\/uploads\/2022\/09\/rainha.webp\",\"width\":876,\"height\":484},{\"@type\":\"BreadcrumbList\",\"@id\":\"https:\/\/noticiasemdestaque.com\/cd\/?p=42504#breadcrumb\",\"itemListElement\":[{\"@type\":\"ListItem\",\"position\":1,\"name\":\"In\u00edcio\",\"item\":\"https:\/\/noticiasemdestaque.com\/cd\/\"},{\"@type\":\"ListItem\",\"position\":2,\"name\":\"Veja quem foi comunicado primeiro sobre a morte da rainha\"}]},{\"@type\":\"WebSite\",\"@id\":\"https:\/\/noticiasemdestaque.com\/cd\/#website\",\"url\":\"https:\/\/noticiasemdestaque.com\/cd\/\",\"name\":\"Not&iacute;cias em Destaque\",\"description\":\"\",\"publisher\":{\"@id\":\"https:\/\/noticiasemdestaque.com\/cd\/#organization\"},\"potentialAction\":[{\"@type\":\"SearchAction\",\"target\":{\"@type\":\"EntryPoint\",\"urlTemplate\":\"https:\/\/noticiasemdestaque.com\/cd\/?s={search_term_string}\"},\"query-input\":{\"@type\":\"PropertyValueSpecification\",\"valueRequired\":true,\"valueName\":\"search_term_string\"}}],\"inLanguage\":\"pt-BR\"},{\"@type\":\"Organization\",\"@id\":\"https:\/\/noticiasemdestaque.com\/cd\/#organization\",\"name\":\"Not\u00edcias em Destaque\",\"url\":\"https:\/\/noticiasemdestaque.com\/cd\/\",\"logo\":{\"@type\":\"ImageObject\",\"inLanguage\":\"pt-BR\",\"@id\":\"https:\/\/noticiasemdestaque.com\/cd\/#\/schema\/logo\/image\/\",\"url\":\"https:\/\/noticiasemdestaque.com\/cd\/wp-content\/uploads\/2022\/05\/imagem-base-noticiasemdestaque.png\",\"contentUrl\":\"https:\/\/noticiasemdestaque.com\/cd\/wp-content\/uploads\/2022\/05\/imagem-base-noticiasemdestaque.png\",\"width\":1200,\"height\":630,\"caption\":\"Not\u00edcias em Destaque\"},\"image\":{\"@id\":\"https:\/\/noticiasemdestaque.com\/cd\/#\/schema\/logo\/image\/\"}},{\"@type\":\"Person\",\"@id\":\"https:\/\/noticiasemdestaque.com\/cd\/#\/schema\/person\/4a81fb71f77579d059c3045891fa1786\",\"name\":\"Not\u00edcias em Destaque\",\"url\":\"https:\/\/noticiasemdestaque.com\/cd\/?author=2\"}]}<\/script>\n<!-- \/ Yoast SEO plugin. -->","yoast_head_json":{"title":"Veja quem foi comunicado primeiro sobre a morte da rainha - Not&iacute;cias em Destaque","robots":{"index":"index","follow":"follow","max-snippet":"max-snippet:-1","max-image-preview":"max-image-preview:large","max-video-preview":"max-video-preview:-1"},"canonical":"https:\/\/noticiasemdestaque.com\/cd\/?p=42504","og_locale":"pt_BR","og_type":"article","og_title":"Veja quem foi comunicado primeiro sobre a morte da rainha - Not&iacute;cias em Destaque","og_description":"Quando foi acionado, nesta quinta-feira (8), o plano de procedimentos para o caso da morte da rainha Elizabeth II, a monarca j\u00e1 havia morrido, mas o mundo ainda n\u00e3o sabia. Foram feitos boletins sobre o estado de sa\u00fade de Elizabeth II. O secret\u00e1rio privado da rainha serviu de intermedi\u00e1rio e a primeira-ministra Liz Truss recebeu a chamada para informar que \u201ca Ponte de Londres caiu\u201d. Essas comunica\u00e7\u00f5es foram feitas por meio de sistemas pr\u00f3prios para permitir que a not\u00edcia da morte chegasse primeiro aos l\u00edderes pol\u00edticos e diplomatas da Commonwealth, que colocaram uma faixa preta no bra\u00e7o. S\u00f3 depois \u00e9 que o resto do mundo foi informado. Leia Mais A not\u00edcia, ent\u00e3o, se tornou p\u00fablica por meio de um comunicado de imprensa. O site da fam\u00edlia real passou a ter um fundo preto com a mensagem: \u201ca rainha morreu\u201d. Nos est\u00fadios de r\u00e1dio piscaram luzes azuis a avisar os locutores para uma lista de m\u00fasicas preparada para situa\u00e7\u00f5es de luto. A estatal BBC ativou um sistema misterioso, preparado para aguentar um ataque \u00e0 infraestrutura nacional. Com um tom grave, o locutor da BBC, vestido com roupa preta, deu a not\u00edcia, come\u00e7ando com \u201cThis is BBC from London\u201d (aqui \u00e9 a BBC de Londres). Eram 18h31 de 8 de setembro, pelo hor\u00e1rio local \u201314h31 pelo hor\u00e1rio de Bras\u00edlia. O hino confirmava o que h\u00e1 muito se receava. No Reino Unido, as bandeiras foram colocadas a meio mastro e o Parlamento suspendeu as atividades. Uma multid\u00e3o se aglomerou nas pra\u00e7as e ruas. Os jogos de cricket, r\u00fagbi e h\u00f3quei foram cancelados, assim como as corridas de cavalos. Como a morte foi anunciada depois das 16h (hor\u00e1rio local), o National Theatre n\u00e3o interrompeu as sess\u00f5es da noite. Os especialistas em realeza brit\u00e2nica viram os seus contratos de exclusividade serem ativados para falarem sobre o tema. O que acontece com o corpo da rainha Elizabeth II morreu em Balmoral, na Esc\u00f3cia, onde passava tr\u00eas meses do ano. H\u00e1, por isso, um cerimonial escoc\u00eas a cumprir, com a chamada \u201cOpera\u00e7\u00e3o Unic\u00f3rnio\u201d. O corpo da rainha vai repousar no menor dos seus pal\u00e1cios, o Holyroodhouse, em Edimburgo. Em seguida, ser\u00e1 transportado ao longo da Royal Mile at\u00e9 \u00e0 Catedral de St. Giles para uma cerim\u00f3nia de recep\u00e7\u00e3o. A urna funer\u00e1ria ser\u00e1 colocada a bordo do comboio real para um percurso que deve ser acompanhado de milhares de brit\u00e2nicos ao longo de cada lado dos caminhos-de-ferro, com destino ao Pal\u00e1cio de Buckingham, em Londres, a sua principal morada em vida. Enquanto isso, por todo o Reino Unido \u2013e mais precisamente em Londres\u2013 come\u00e7am os ensaios para o funeral, marcado para o d\u00e9cimo dia ap\u00f3s a morte. O luto nacional ser\u00e1 demonstrado das mais variadas formas: as televis\u00f5es, por exemplo, v\u00e3o evitar programas sat\u00edricos. Isso porque h\u00e1 um plano que dita precisamente o que cada um deve fazer. Os primeiros planos para lidar com a morte da Elizabeth II, conhecidos como \u201cLondon Bridge\u201d, datam da d\u00e9cada de 1960. Foram reformulados no in\u00edcio deste s\u00e9culo e implicaram duas ou tr\u00eas reuni\u00f5es anuais para que todos os envolvidos estivessem a par de tudo. Esta quinta-feira, 8 de setembro, foi o Dia D, da morte. Os que se seguem s\u00e3o os dias +1, +2 e assim sucessivamente at\u00e9 ao +10, quando se realiza o funeral. Dia +1: a proclama\u00e7\u00e3o de Charles No dia seguinte \u00e0 morte da rainha, as bandeiras voltam a subir. Westminster Hall vai ter o ch\u00e3o limpo e coberto de carpetes. Charles, que agora passa a ser o rei Carlos III, ser\u00e1 proclamado monarca pelo Conselho de Ades\u00e3o. A coroa\u00e7\u00e3o, por\u00e9m, levar\u00e1 meses, podendo chegar a um ano. No fim da manh\u00e3, Charles III dever\u00e1 fazer um pronunciamento.\u00a0O hino nacional vai ser tocado em tambores cobertos de tecido preto. Os arautos, \u00e0 maneira antiga, espalham a not\u00edcia por Londres, entre disparos de artilharia. Nas divisas de Londres, ser\u00e1 instalado um cord\u00e3o vermelho como barreira. Na agenda do rei est\u00e1 previsto um encontro com a primeira-ministra brit\u00e2nica, Liz Truss. Nos dias seguintes, Charles ir\u00e1 percorrer diversos pontos do Reino Unido, passando por Edimburgo, Belfast e Cardiff, onde receber\u00e1 cumprimentos dos l\u00edderes dos governos descentralizados e assistir\u00e1 a cerim\u00f3nias de homenagem \u00e0 falecida rainha. Coroa\u00e7\u00e3o do agora denominado rei Charles III poder\u00e1 ocorrer em at\u00e9 um ano \/ Tim Rooke \u2013 WPA Pool\/Getty Images Dia +2: corpo ser\u00e1 levado para o Pal\u00e1cio de Buckingham O corpo de Elizabeth II ser\u00e1 levado \u00e0 sala do trono do Pal\u00e1cio de Buckingham, virado para o p\u00e1tio interior, e cercado por s\u00edmbolos reais e com honras de guarda, com as espingardas apontadas para o ch\u00e3o. Dia +3: viagens do rei Charles III Ap\u00f3s receber as condol\u00eancias em Westminster Hall, o novo rei inicia a viagem pelo Reino Unido, come\u00e7ando pela Esc\u00f3cia. Dia +4: ensaios Enquanto Charles estar\u00e1 em viagem \u00e0 Irlanda do Norte, ser\u00e1 feito um ensaio para o transporte do caix\u00e3o entre o Pal\u00e1cio de Buckingham e o Westminster Hall. J\u00e1 longe dos olhares do p\u00fablico, dez pessoas escolhidas para transportar o caix\u00e3o continuar\u00e3o com os ensaios. Isso porque os membros da fam\u00edlia real s\u00e3o sepultados em caix\u00f5es com revestimento de chumbo. O da princesa Diana, por exemplo, pesava 250 quilos. Caix\u00e3o da princesa Diana, morta em 1997, tinha 250 quilos \/ Anwar Hussein\/WireImage\/Getty Images Dia +5: traslado do corpo para Westminster Hall O Big Ben ir\u00e1 tocar quando o caix\u00e3o chegar a Westminster Hall. Ser\u00e3o ouvidos salmos e ter\u00e1 in\u00edcio uma celebra\u00e7\u00e3o religiosa. O novo rei, estar\u00e1 de volta a Londres para liderar as homenagens. A esfera, o cetro e a coroa imperial s\u00e3o fixados nos respetivos lugares. S\u00f3 depois \u00e9 que as portas se abrem \u00e0s multid\u00f5es de pessoas que querem prestar a \u00faltima homenagem \u00e0 rainha. O corpo ficar\u00e1 em c\u00e2mara por tr\u00eas dias. A visita poder\u00e1 ser feita durante 23 horas por dia. Os convidados VIP t\u00eam direito a bilhetes com acesso r\u00e1pido. Cerca de meio milh\u00e3o de pessoas s\u00e3o esperadas. Dia +6: as homenagens Os ensaios v\u00e3o continuar, inclusive para o cortejo do funeral de Estado. O","og_url":"https:\/\/noticiasemdestaque.com\/cd\/?p=42504","og_site_name":"Not&iacute;cias em Destaque","article_published_time":"2022-09-09T13:46:53+00:00","og_image":[{"width":876,"height":484,"url":"https:\/\/noticiasemdestaque.com\/cd\/wp-content\/uploads\/2022\/09\/rainha.webp","type":"image\/webp"}],"author":"Not\u00edcias em Destaque","twitter_card":"summary_large_image","twitter_misc":{"Escrito por":"Not\u00edcias em Destaque","Est. tempo de leitura":"8 minutos"},"schema":{"@context":"https:\/\/schema.org","@graph":[{"@type":"Article","@id":"https:\/\/noticiasemdestaque.com\/cd\/?p=42504#article","isPartOf":{"@id":"https:\/\/noticiasemdestaque.com\/cd\/?p=42504"},"author":{"name":"Not\u00edcias em Destaque","@id":"https:\/\/noticiasemdestaque.com\/cd\/#\/schema\/person\/4a81fb71f77579d059c3045891fa1786"},"headline":"Veja quem foi comunicado primeiro sobre a morte da rainha","datePublished":"2022-09-09T13:46:53+00:00","mainEntityOfPage":{"@id":"https:\/\/noticiasemdestaque.com\/cd\/?p=42504"},"wordCount":1385,"publisher":{"@id":"https:\/\/noticiasemdestaque.com\/cd\/#organization"},"image":{"@id":"https:\/\/noticiasemdestaque.com\/cd\/?p=42504#primaryimage"},"thumbnailUrl":"https:\/\/noticiasemdestaque.com\/cd\/wp-content\/uploads\/2022\/09\/rainha.webp","articleSection":["Geral"],"inLanguage":"pt-BR"},{"@type":"WebPage","@id":"https:\/\/noticiasemdestaque.com\/cd\/?p=42504","url":"https:\/\/noticiasemdestaque.com\/cd\/?p=42504","name":"Veja quem foi comunicado primeiro sobre a morte da rainha - Not&iacute;cias em Destaque","isPartOf":{"@id":"https:\/\/noticiasemdestaque.com\/cd\/#website"},"primaryImageOfPage":{"@id":"https:\/\/noticiasemdestaque.com\/cd\/?p=42504#primaryimage"},"image":{"@id":"https:\/\/noticiasemdestaque.com\/cd\/?p=42504#primaryimage"},"thumbnailUrl":"https:\/\/noticiasemdestaque.com\/cd\/wp-content\/uploads\/2022\/09\/rainha.webp","datePublished":"2022-09-09T13:46:53+00:00","breadcrumb":{"@id":"https:\/\/noticiasemdestaque.com\/cd\/?p=42504#breadcrumb"},"inLanguage":"pt-BR","potentialAction":[{"@type":"ReadAction","target":["https:\/\/noticiasemdestaque.com\/cd\/?p=42504"]}]},{"@type":"ImageObject","inLanguage":"pt-BR","@id":"https:\/\/noticiasemdestaque.com\/cd\/?p=42504#primaryimage","url":"https:\/\/noticiasemdestaque.com\/cd\/wp-content\/uploads\/2022\/09\/rainha.webp","contentUrl":"https:\/\/noticiasemdestaque.com\/cd\/wp-content\/uploads\/2022\/09\/rainha.webp","width":876,"height":484},{"@type":"BreadcrumbList","@id":"https:\/\/noticiasemdestaque.com\/cd\/?p=42504#breadcrumb","itemListElement":[{"@type":"ListItem","position":1,"name":"In\u00edcio","item":"https:\/\/noticiasemdestaque.com\/cd\/"},{"@type":"ListItem","position":2,"name":"Veja quem foi comunicado primeiro sobre a morte da rainha"}]},{"@type":"WebSite","@id":"https:\/\/noticiasemdestaque.com\/cd\/#website","url":"https:\/\/noticiasemdestaque.com\/cd\/","name":"Not&iacute;cias em Destaque","description":"","publisher":{"@id":"https:\/\/noticiasemdestaque.com\/cd\/#organization"},"potentialAction":[{"@type":"SearchAction","target":{"@type":"EntryPoint","urlTemplate":"https:\/\/noticiasemdestaque.com\/cd\/?s={search_term_string}"},"query-input":{"@type":"PropertyValueSpecification","valueRequired":true,"valueName":"search_term_string"}}],"inLanguage":"pt-BR"},{"@type":"Organization","@id":"https:\/\/noticiasemdestaque.com\/cd\/#organization","name":"Not\u00edcias em Destaque","url":"https:\/\/noticiasemdestaque.com\/cd\/","logo":{"@type":"ImageObject","inLanguage":"pt-BR","@id":"https:\/\/noticiasemdestaque.com\/cd\/#\/schema\/logo\/image\/","url":"https:\/\/noticiasemdestaque.com\/cd\/wp-content\/uploads\/2022\/05\/imagem-base-noticiasemdestaque.png","contentUrl":"https:\/\/noticiasemdestaque.com\/cd\/wp-content\/uploads\/2022\/05\/imagem-base-noticiasemdestaque.png","width":1200,"height":630,"caption":"Not\u00edcias em Destaque"},"image":{"@id":"https:\/\/noticiasemdestaque.com\/cd\/#\/schema\/logo\/image\/"}},{"@type":"Person","@id":"https:\/\/noticiasemdestaque.com\/cd\/#\/schema\/person\/4a81fb71f77579d059c3045891fa1786","name":"Not\u00edcias em Destaque","url":"https:\/\/noticiasemdestaque.com\/cd\/?author=2"}]}},"jetpack_featured_media_url":"https:\/\/noticiasemdestaque.com\/cd\/wp-content\/uploads\/2022\/09\/rainha.webp","jetpack_sharing_enabled":true,"_links":{"self":[{"href":"https:\/\/noticiasemdestaque.com\/cd\/index.php?rest_route=\/wp\/v2\/posts\/42504","targetHints":{"allow":["GET"]}}],"collection":[{"href":"https:\/\/noticiasemdestaque.com\/cd\/index.php?rest_route=\/wp\/v2\/posts"}],"about":[{"href":"https:\/\/noticiasemdestaque.com\/cd\/index.php?rest_route=\/wp\/v2\/types\/post"}],"author":[{"embeddable":true,"href":"https:\/\/noticiasemdestaque.com\/cd\/index.php?rest_route=\/wp\/v2\/users\/2"}],"replies":[{"embeddable":true,"href":"https:\/\/noticiasemdestaque.com\/cd\/index.php?rest_route=%2Fwp%2Fv2%2Fcomments&post=42504"}],"version-history":[{"count":1,"href":"https:\/\/noticiasemdestaque.com\/cd\/index.php?rest_route=\/wp\/v2\/posts\/42504\/revisions"}],"predecessor-version":[{"id":42506,"href":"https:\/\/noticiasemdestaque.com\/cd\/index.php?rest_route=\/wp\/v2\/posts\/42504\/revisions\/42506"}],"wp:featuredmedia":[{"embeddable":true,"href":"https:\/\/noticiasemdestaque.com\/cd\/index.php?rest_route=\/wp\/v2\/media\/42505"}],"wp:attachment":[{"href":"https:\/\/noticiasemdestaque.com\/cd\/index.php?rest_route=%2Fwp%2Fv2%2Fmedia&parent=42504"}],"wp:term":[{"taxonomy":"category","embeddable":true,"href":"https:\/\/noticiasemdestaque.com\/cd\/index.php?rest_route=%2Fwp%2Fv2%2Fcategories&post=42504"},{"taxonomy":"post_tag","embeddable":true,"href":"https:\/\/noticiasemdestaque.com\/cd\/index.php?rest_route=%2Fwp%2Fv2%2Ftags&post=42504"}],"curies":[{"name":"wp","href":"https:\/\/api.w.org\/{rel}","templated":true}]}}